{"id":24141,"date":"2025-01-06T16:42:08","date_gmt":"2025-01-06T13:42:08","guid":{"rendered":"https:\/\/denizcankizil.tr\/uncategorized-tr\/izmirde-atiklar-evlerde-ayristirilacak\/"},"modified":"2025-01-06T16:42:08","modified_gmt":"2025-01-06T13:42:08","slug":"izmirde-atiklar-evlerde-ayristirilacak","status":"publish","type":"post","link":"https:\/\/denizcankizil.tr\/ru\/haberler\/gundem\/izmirde-atiklar-evlerde-ayristirilacak\/","title":{"rendered":"\u0130zmir&#8217;de at\u0131klar evlerde ayr\u0131\u015ft\u0131r\u0131lacak"},"content":{"rendered":"<p>\u0130zmir B\u00fcy\u00fck\u015fehir Belediye Ba\u015fkan\u0131 Dr. Cemil Tugay, yeni haftaya G\u00fczelbah\u00e7e&#8217;de ba\u015flad\u0131. G\u00f6reve geldi\u011fi g\u00fcnden bu yana istek, proje ve sorunlar\u0131 yerinde dinleyen Ba\u015fkan Dr. Cemil Tugay, at\u0131klar\u0131n evlerde ayr\u0131\u015ft\u0131r\u0131lmas\u0131 ve geri d\u00f6n\u00fc\u015ft\u00fcr\u00fclmesi uygulamas\u0131na ba\u015flayacaklar\u0131n\u0131 belirterek, \u201cBu konuyu belki 1 ay i\u00e7inde \u0130zmir&#8217;de uygulan\u0131r hale getirece\u011fiz. Hi\u00e7 geri d\u00f6n\u00fc\u015ft\u00fcr\u00fclmeyen \u00e7\u00f6p kalmas\u0131n diye hayal ediyoruz\u201d dedi.\u0130ZM\u0130R (\u0130GFA) &#8211; \u0130zmir B\u00fcy\u00fck\u015fehir Belediye Ba\u015fkan\u0131 Dr. Cemil Tugay, koordinasyon toplant\u0131lar\u0131na G\u00fczelbah\u00e7e&#8217;de devam etti. G\u00fczelbah\u00e7e Belediye Ba\u015fkan\u0131 Mustafa G\u00fcnay ev sahipli\u011finde ger\u00e7ekle\u015fen toplant\u0131ya CHP \u0130zmir Milletvekili Ednan Arslan, \u0130zmir B\u00fcy\u00fck\u015fehir Belediyesi ve G\u00fczelbah\u00e7e Belediyesi b\u00fcrokratlar\u0131 kat\u0131ld\u0131. Ba\u015fkan Dr. Cemil Tugay, il\u00e7enin sorunlar\u0131n\u0131, ihtiya\u00e7lar\u0131n\u0131 dinledi ve gerekli \u00e7al\u0131\u015fmalar\u0131n h\u0131zla yap\u0131laca\u011f\u0131n\u0131 s\u00f6yledi. Ba\u015fkan Tugay, 2025 y\u0131l\u0131n\u0131n projeler y\u0131l\u0131 olaca\u011f\u0131n\u0131 kaydetti.<br \/>\n\u0130l\u00e7eler ile koordinasyon toplant\u0131lar\u0131n\u0131 y\u0131lda iki kez yapacaklar\u0131n\u0131 belirten \u0130zmir B\u00fcy\u00fck\u015fehir Belediye Ba\u015fkan\u0131 Dr. Cemil Tugay, 2024\u2019te planlamalar\u0131 tamamlad\u0131klar\u0131n\u0131, 2025 y\u0131l\u0131nda ise daha da h\u0131zlanacaklar\u0131 ve daha fazla sorunu \u00e7\u00f6zeceklerini s\u00f6yledi.<br \/>\n\u0130zmir&#8217;in 2030 y\u0131l\u0131na kadar karbon n\u00f6tr bir kent olmas\u0131 i\u00e7in \u00e7al\u0131\u015ft\u0131klar\u0131n\u0131 s\u00f6yleyen Ba\u015fkan Dr. Cemil Tugay,\u00a0 enerji t\u00fcketiminin makul seviyelere \u00e7ekilmesi gerekti\u011fini de belirterek \u201cBinalar\u0131n d\u0131\u015f cephelerinin ayd\u0131nlatmalar\u0131 ile ilgili baz\u0131 kurallar koyaca\u011f\u0131z ve baz\u0131 yasaklar getireceklerini s\u00f6yledi.\u00a0<\/p>\n<p>Enerji t\u00fcketiminde biraz daha dikkatli olmay\u0131 ama\u00e7lad\u0131\u011f\u0131m\u0131z bir \u00e7al\u0131\u015fma olaca\u011f\u0131n\u0131 kaydeden Ba\u015fkan Dr. Tugay, &#8220;Bir de at\u0131klar\u0131n geri d\u00f6n\u00fc\u015f\u00fcm\u00fc ile ilgili bir \u00e7al\u0131\u015fmay\u0131 yak\u0131nda ba\u015flataca\u011f\u0131z. D\u00fcnyaya bakt\u0131\u011f\u0131m\u0131zda insanlar\u0131n evlerinde \u00e7\u00f6pleri ayr\u0131\u015ft\u0131rd\u0131\u011f\u0131n\u0131 ve ayr\u0131 ayr\u0131 topland\u0131\u011f\u0131n\u0131 g\u00f6r\u00fcyoruz. Bu konuyu yak\u0131nda, belki 1 ay i\u00e7inde \u0130zmir&#8217;de uygulan\u0131r hale getirece\u011fiz. Farkl\u0131 renk po\u015fetler da\u011f\u0131taca\u011f\u0131z, \u00fczerinde barkodlar olacak. Bunlar\u0131 evlerden ayr\u0131 sistemle toplayaca\u011f\u0131z. Hi\u00e7 geri d\u00f6n\u00fc\u015ft\u00fcr\u00fclmeyen \u00e7\u00f6p kalmas\u0131n diye hayal ediyoruz. Bu \u015fekilde \u0130zmir&#8217;de yap\u0131labilecek en g\u00fczel i\u015flerden birini yapm\u0131\u015f ve T\u00fcrkiye&#8217;ye \u00f6rnek olmu\u015f olaca\u011f\u0131z\u201d diye konu\u015ftu.<\/p>\n<p>\u200b\u0130zmir B\u00fcy\u00fck\u015fehir Belediye Ba\u015fkan\u0131 Dr. Cemil Tugay, yeni haftaya G\u00fczelbah\u00e7e&#8217;de ba\u015flad\u0131. G\u00f6reve geldi\u011fi g\u00fcnden bu yana istek, proje ve sorunlar\u0131 yerinde dinleyen Ba\u015fkan Dr. Cemil Tugay, at\u0131klar\u0131n evlerde ayr\u0131\u015ft\u0131r\u0131lmas\u0131 ve geri d\u00f6n\u00fc\u015ft\u00fcr\u00fclmesi uygulamas\u0131na ba\u015flayacaklar\u0131n\u0131 belirterek, \u201cBu konuyu belki 1 ay i\u00e7inde \u0130zmir&#8217;de uygulan\u0131r hale getirece\u011fiz. Hi\u00e7 geri d\u00f6n\u00fc\u015ft\u00fcr\u00fclmeyen \u00e7\u00f6p kalmas\u0131n diye hayal ediyoruz\u201d dedi.\u0130ZM\u0130R (\u0130GFA) &#8211; \u0130zmir B\u00fcy\u00fck\u015fehir Belediye Ba\u015fkan\u0131 Dr. Cemil Tugay, koordinasyon toplant\u0131lar\u0131na G\u00fczelbah\u00e7e&#8217;de devam etti. G\u00fczelbah\u00e7e Belediye Ba\u015fkan\u0131 Mustafa G\u00fcnay ev sahipli\u011finde ger\u00e7ekle\u015fen toplant\u0131ya CHP \u0130zmir Milletvekili Ednan Arslan, \u0130zmir B\u00fcy\u00fck\u015fehir Belediyesi ve G\u00fczelbah\u00e7e Belediyesi b\u00fcrokratlar\u0131 kat\u0131ld\u0131. Ba\u015fkan Dr. Cemil Tugay, il\u00e7enin sorunlar\u0131n\u0131, ihtiya\u00e7lar\u0131n\u0131 dinledi ve gerekli \u00e7al\u0131\u015fmalar\u0131n h\u0131zla yap\u0131laca\u011f\u0131n\u0131 s\u00f6yledi. Ba\u015fkan Tugay, 2025 y\u0131l\u0131n\u0131n projeler y\u0131l\u0131 olaca\u011f\u0131n\u0131 kaydetti.<br \/>\n\u0130l\u00e7eler ile koordinasyon toplant\u0131lar\u0131n\u0131 y\u0131lda iki kez yapacaklar\u0131n\u0131 belirten \u0130zmir B\u00fcy\u00fck\u015fehir Belediye Ba\u015fkan\u0131 Dr. Cemil Tugay, 2024\u2019te planlamalar\u0131 tamamlad\u0131klar\u0131n\u0131, 2025 y\u0131l\u0131nda ise daha da h\u0131zlanacaklar\u0131 ve daha fazla sorunu \u00e7\u00f6zeceklerini s\u00f6yledi.<br \/>\n\u0130zmir&#8217;in 2030 y\u0131l\u0131na kadar karbon n\u00f6tr bir kent olmas\u0131 i\u00e7in \u00e7al\u0131\u015ft\u0131klar\u0131n\u0131 s\u00f6yleyen Ba\u015fkan Dr. Cemil Tugay,\u00a0 enerji t\u00fcketiminin makul seviyelere \u00e7ekilmesi gerekti\u011fini de belirterek \u201cBinalar\u0131n d\u0131\u015f cephelerinin ayd\u0131nlatmalar\u0131 ile ilgili baz\u0131 kurallar koyaca\u011f\u0131z ve baz\u0131 yasaklar getireceklerini s\u00f6yledi.\u00a0<\/p>\n<p>Enerji t\u00fcketiminde biraz daha dikkatli olmay\u0131 ama\u00e7lad\u0131\u011f\u0131m\u0131z bir \u00e7al\u0131\u015fma olaca\u011f\u0131n\u0131 kaydeden Ba\u015fkan Dr. Tugay, &#8220;Bir de at\u0131klar\u0131n geri d\u00f6n\u00fc\u015f\u00fcm\u00fc ile ilgili bir \u00e7al\u0131\u015fmay\u0131 yak\u0131nda ba\u015flataca\u011f\u0131z. D\u00fcnyaya bakt\u0131\u011f\u0131m\u0131zda insanlar\u0131n evlerinde \u00e7\u00f6pleri ayr\u0131\u015ft\u0131rd\u0131\u011f\u0131n\u0131 ve ayr\u0131 ayr\u0131 topland\u0131\u011f\u0131n\u0131 g\u00f6r\u00fcyoruz. Bu konuyu yak\u0131nda, belki 1 ay i\u00e7inde \u0130zmir&#8217;de uygulan\u0131r hale getirece\u011fiz. Farkl\u0131 renk po\u015fetler da\u011f\u0131taca\u011f\u0131z, \u00fczerinde barkodlar olacak. Bunlar\u0131 evlerden ayr\u0131 sistemle toplayaca\u011f\u0131z. Hi\u00e7 geri d\u00f6n\u00fc\u015ft\u00fcr\u00fclmeyen \u00e7\u00f6p kalmas\u0131n diye hayal ediyoruz. Bu \u015fekilde \u0130zmir&#8217;de yap\u0131labilecek en g\u00fczel i\u015flerden birini yapm\u0131\u015f ve T\u00fcrkiye&#8217;ye \u00f6rnek olmu\u015f olaca\u011f\u0131z\u201d diye konu\u015ftu.\u00a0<\/p>\n<p>\u200bHaberin Al\u0131nt\u0131land\u0131\u011f\u0131 Kaynak: www.iskenderun.org<\/p>","protected":false},"excerpt":{"rendered":"<p>\u0130zmir B\u00fcy\u00fck\u015fehir Belediye Ba\u015fkan\u0131 Dr. Cemil Tugay, yeni haftaya G\u00fczelbah\u00e7e&#8217;de ba\u015flad\u0131. G\u00f6reve geldi\u011fi g\u00fcnden bu yana istek, proje ve sorunlar\u0131 yerinde dinleyen Ba\u015fkan Dr. Cemil Tugay, at\u0131klar\u0131n evlerde ayr\u0131\u015ft\u0131r\u0131lmas\u0131 ve geri d\u00f6n\u00fc\u015ft\u00fcr\u00fclmesi uygulamas\u0131na ba\u015flayacaklar\u0131n\u0131 belirterek, \u201cBu konuyu belki 1 ay i\u00e7inde \u0130zmir&#8217;de uygulan\u0131r hale getirece\u011fiz. Hi\u00e7 geri d\u00f6n\u00fc\u015ft\u00fcr\u00fclmeyen \u00e7\u00f6p kalmas\u0131n diye hayal ediyoruz\u201d dedi.\u0130ZM\u0130R (\u0130GFA) &#8211; \u0130zmir B\u00fcy\u00fck\u015fehir Belediye Ba\u015fkan\u0131 Dr. Cemil Tugay, koordinasyon toplant\u0131lar\u0131na G\u00fczelbah\u00e7e&#8217;de devam etti. G\u00fczelbah\u00e7e Belediye Ba\u015fkan\u0131 Mustafa G\u00fcnay ev sahipli\u011finde ger\u00e7ekle\u015fen toplant\u0131ya CHP \u0130zmir Milletvekili Ednan Arslan, \u0130zmir B\u00fcy\u00fck\u015fehir Belediyesi ve G\u00fczelbah\u00e7e Belediyesi b\u00fcrokratlar\u0131 kat\u0131ld\u0131. Ba\u015fkan Dr. Cemil Tugay, il\u00e7enin sorunlar\u0131n\u0131, ihtiya\u00e7lar\u0131n\u0131 dinledi ve gerekli \u00e7al\u0131\u015fmalar\u0131n h\u0131zla yap\u0131laca\u011f\u0131n\u0131 s\u00f6yledi. Ba\u015fkan Tugay, 2025 y\u0131l\u0131n\u0131n projeler y\u0131l\u0131 olaca\u011f\u0131n\u0131 kaydetti. \u0130l\u00e7eler ile koordinasyon toplant\u0131lar\u0131n\u0131 y\u0131lda iki kez yapacaklar\u0131n\u0131 belirten \u0130zmir B\u00fcy\u00fck\u015fehir Belediye Ba\u015fkan\u0131 Dr. Cemil Tugay, 2024\u2019te planlamalar\u0131 tamamlad\u0131klar\u0131n\u0131, 2025 y\u0131l\u0131nda ise daha da h\u0131zlanacaklar\u0131 ve daha fazla sorunu \u00e7\u00f6zeceklerini s\u00f6yledi. \u0130zmir&#8217;in 2030 y\u0131l\u0131na kadar karbon n\u00f6tr bir kent olmas\u0131 i\u00e7in \u00e7al\u0131\u015ft\u0131klar\u0131n\u0131 s\u00f6yleyen Ba\u015fkan Dr. Cemil Tugay,\u00a0 enerji t\u00fcketiminin makul seviyelere \u00e7ekilmesi gerekti\u011fini de belirterek \u201cBinalar\u0131n d\u0131\u015f cephelerinin ayd\u0131nlatmalar\u0131 ile ilgili baz\u0131 kurallar koyaca\u011f\u0131z ve baz\u0131 yasaklar getireceklerini s\u00f6yledi.\u00a0 Enerji t\u00fcketiminde biraz daha dikkatli olmay\u0131 ama\u00e7lad\u0131\u011f\u0131m\u0131z bir \u00e7al\u0131\u015fma olaca\u011f\u0131n\u0131 kaydeden Ba\u015fkan Dr. Tugay, &#8220;Bir de at\u0131klar\u0131n geri d\u00f6n\u00fc\u015f\u00fcm\u00fc &hellip;<\/p>","protected":false},"author":0,"featured_media":0,"comment_status":"open","ping_status":"open","sticky":false,"template":"","format":"standard","meta":{"_acf_changed":false,"footnotes":""},"categories":[24,535],"tags":[],"class_list":["post-24141","post","type-post","status-publish","format-standard","has-post-thumbnail","hentry","category-gundem","category-uncategorized-tr"],"acf":[],"yoast_head":"<!-- This site is optimized with the Yoast SEO Premium plugin v26.6 (Yoast SEO v27.1.1) - https:\/\/yoast.com\/product\/yoast-seo-premium-wordpress\/ -->\n<title>\u0130zmir&#039;de at\u0131klar evlerde ayr\u0131\u015ft\u0131r\u0131lacak - Av. Deniz Can K\u0131z\u0131l<\/title>\n<meta name=\"robots\" content=\"index, follow, max-snippet:-1, max-image-preview:large, max-video-preview:-1\" \/>\n<link rel=\"canonical\" href=\"https:\/\/denizcankizil.tr\/ru\/haberler\/gundem\/izmirde-atiklar-evlerde-ayristirilacak\/\" \/>\n<meta property=\"og:locale\" content=\"ru_RU\" \/>\n<meta property=\"og:type\" content=\"article\" \/>\n<meta property=\"og:title\" content=\"\u0130zmir&#039;de at\u0131klar evlerde ayr\u0131\u015ft\u0131r\u0131lacak\" \/>\n<meta property=\"og:description\" content=\"\u0130zmir B\u00fcy\u00fck\u015fehir Belediye Ba\u015fkan\u0131 Dr. Cemil Tugay, yeni haftaya G\u00fczelbah\u00e7e&#8217;de ba\u015flad\u0131. G\u00f6reve geldi\u011fi g\u00fcnden bu yana istek, proje ve sorunlar\u0131 yerinde dinleyen Ba\u015fkan Dr. Cemil Tugay, at\u0131klar\u0131n evlerde ayr\u0131\u015ft\u0131r\u0131lmas\u0131 ve geri d\u00f6n\u00fc\u015ft\u00fcr\u00fclmesi uygulamas\u0131na ba\u015flayacaklar\u0131n\u0131 belirterek, \u201cBu konuyu belki 1 ay i\u00e7inde \u0130zmir&#8217;de uygulan\u0131r hale getirece\u011fiz. Hi\u00e7 geri d\u00f6n\u00fc\u015ft\u00fcr\u00fclmeyen \u00e7\u00f6p kalmas\u0131n diye hayal ediyoruz\u201d dedi.\u0130ZM\u0130R (\u0130GFA) &#8211; \u0130zmir B\u00fcy\u00fck\u015fehir Belediye Ba\u015fkan\u0131 Dr. Cemil Tugay, koordinasyon toplant\u0131lar\u0131na G\u00fczelbah\u00e7e&#8217;de devam etti. G\u00fczelbah\u00e7e Belediye Ba\u015fkan\u0131 Mustafa G\u00fcnay ev sahipli\u011finde ger\u00e7ekle\u015fen toplant\u0131ya CHP \u0130zmir Milletvekili Ednan Arslan, \u0130zmir B\u00fcy\u00fck\u015fehir Belediyesi ve G\u00fczelbah\u00e7e Belediyesi b\u00fcrokratlar\u0131 kat\u0131ld\u0131. Ba\u015fkan Dr. Cemil Tugay, il\u00e7enin sorunlar\u0131n\u0131, ihtiya\u00e7lar\u0131n\u0131 dinledi ve gerekli \u00e7al\u0131\u015fmalar\u0131n h\u0131zla yap\u0131laca\u011f\u0131n\u0131 s\u00f6yledi. Ba\u015fkan Tugay, 2025 y\u0131l\u0131n\u0131n projeler y\u0131l\u0131 olaca\u011f\u0131n\u0131 kaydetti. \u0130l\u00e7eler ile koordinasyon toplant\u0131lar\u0131n\u0131 y\u0131lda iki kez yapacaklar\u0131n\u0131 belirten \u0130zmir B\u00fcy\u00fck\u015fehir Belediye Ba\u015fkan\u0131 Dr. Cemil Tugay, 2024\u2019te planlamalar\u0131 tamamlad\u0131klar\u0131n\u0131, 2025 y\u0131l\u0131nda ise daha da h\u0131zlanacaklar\u0131 ve daha fazla sorunu \u00e7\u00f6zeceklerini s\u00f6yledi. \u0130zmir&#8217;in 2030 y\u0131l\u0131na kadar karbon n\u00f6tr bir kent olmas\u0131 i\u00e7in \u00e7al\u0131\u015ft\u0131klar\u0131n\u0131 s\u00f6yleyen Ba\u015fkan Dr. Cemil Tugay,\u00a0 enerji t\u00fcketiminin makul seviyelere \u00e7ekilmesi gerekti\u011fini de belirterek \u201cBinalar\u0131n d\u0131\u015f cephelerinin ayd\u0131nlatmalar\u0131 ile ilgili baz\u0131 kurallar koyaca\u011f\u0131z ve baz\u0131 yasaklar getireceklerini s\u00f6yledi.\u00a0 Enerji t\u00fcketiminde biraz daha dikkatli olmay\u0131 ama\u00e7lad\u0131\u011f\u0131m\u0131z bir \u00e7al\u0131\u015fma olaca\u011f\u0131n\u0131 kaydeden Ba\u015fkan Dr. Tugay, &#8220;Bir de at\u0131klar\u0131n geri d\u00f6n\u00fc\u015f\u00fcm\u00fc &hellip;\" \/>\n<meta property=\"og:url\" content=\"https:\/\/denizcankizil.tr\/ru\/haberler\/gundem\/izmirde-atiklar-evlerde-ayristirilacak\/\" \/>\n<meta property=\"og:site_name\" content=\"Av. Deniz Can K\u0131z\u0131l\" \/>\n<meta property=\"article:published_time\" content=\"2025-01-06T13:42:08+00:00\" \/>\n<meta name=\"twitter:card\" content=\"summary_large_image\" \/>\n<meta name=\"twitter:label1\" content=\"\u041f\u0440\u0438\u043c\u0435\u0440\u043d\u043e\u0435 \u0432\u0440\u0435\u043c\u044f \u0434\u043b\u044f \u0447\u0442\u0435\u043d\u0438\u044f\" \/>\n\t<meta name=\"twitter:data1\" content=\"4 \u043c\u0438\u043d\u0443\u0442\u044b\" \/>\n<script type=\"application\/ld+json\" class=\"yoast-schema-graph\">{\"@context\":\"https:\/\/schema.org\",\"@graph\":[{\"@type\":\"Article\",\"@id\":\"https:\/\/denizcankizil.tr\/uk\/haberler\/gundem\/izmirde-atiklar-evlerde-ayristirilacak\/#article\",\"isPartOf\":{\"@id\":\"https:\/\/denizcankizil.tr\/uk\/haberler\/gundem\/izmirde-atiklar-evlerde-ayristirilacak\/\"},\"author\":{\"name\":\"\",\"@id\":\"\"},\"headline\":\"\u0130zmir&#8217;de at\u0131klar evlerde ayr\u0131\u015ft\u0131r\u0131lacak\",\"datePublished\":\"2025-01-06T13:42:08+00:00\",\"mainEntityOfPage\":{\"@id\":\"https:\/\/denizcankizil.tr\/uk\/haberler\/gundem\/izmirde-atiklar-evlerde-ayristirilacak\/\"},\"wordCount\":843,\"commentCount\":0,\"publisher\":{\"@id\":\"https:\/\/denizcankizil.tr\/#organization\"},\"articleSection\":[\"G\u00fcndem\",\"Uncategorized\"],\"inLanguage\":\"ru-RU\",\"potentialAction\":[{\"@type\":\"CommentAction\",\"name\":\"Comment\",\"target\":[\"https:\/\/denizcankizil.tr\/uk\/haberler\/gundem\/izmirde-atiklar-evlerde-ayristirilacak\/#respond\"]}]},{\"@type\":\"WebPage\",\"@id\":\"https:\/\/denizcankizil.tr\/uk\/haberler\/gundem\/izmirde-atiklar-evlerde-ayristirilacak\/\",\"url\":\"https:\/\/denizcankizil.tr\/uk\/haberler\/gundem\/izmirde-atiklar-evlerde-ayristirilacak\/\",\"name\":\"\u0130zmir'de at\u0131klar evlerde ayr\u0131\u015ft\u0131r\u0131lacak - Av. Deniz Can K\u0131z\u0131l\",\"isPartOf\":{\"@id\":\"https:\/\/denizcankizil.tr\/#website\"},\"datePublished\":\"2025-01-06T13:42:08+00:00\",\"breadcrumb\":{\"@id\":\"https:\/\/denizcankizil.tr\/uk\/haberler\/gundem\/izmirde-atiklar-evlerde-ayristirilacak\/#breadcrumb\"},\"inLanguage\":\"ru-RU\",\"potentialAction\":[{\"@type\":\"ReadAction\",\"target\":[\"https:\/\/denizcankizil.tr\/uk\/haberler\/gundem\/izmirde-atiklar-evlerde-ayristirilacak\/\"]}]},{\"@type\":\"BreadcrumbList\",\"@id\":\"https:\/\/denizcankizil.tr\/uk\/haberler\/gundem\/izmirde-atiklar-evlerde-ayristirilacak\/#breadcrumb\",\"itemListElement\":[{\"@type\":\"ListItem\",\"position\":1,\"name\":\"Home\",\"item\":\"https:\/\/denizcankizil.tr\/uk\/\"},{\"@type\":\"ListItem\",\"position\":2,\"name\":\"\u0130zmir&#8217;de at\u0131klar evlerde ayr\u0131\u015ft\u0131r\u0131lacak\"}]},{\"@type\":\"WebSite\",\"@id\":\"https:\/\/denizcankizil.tr\/#website\",\"url\":\"https:\/\/denizcankizil.tr\/\",\"name\":\"Av. Deniz Can K\u0131z\u0131l\",\"description\":\"Avukat Deniz Can K\u0131z\u0131l Antalya Barosu\",\"publisher\":{\"@id\":\"https:\/\/denizcankizil.tr\/#organization\"},\"potentialAction\":[{\"@type\":\"SearchAction\",\"target\":{\"@type\":\"EntryPoint\",\"urlTemplate\":\"https:\/\/denizcankizil.tr\/?s={search_term_string}\"},\"query-input\":{\"@type\":\"PropertyValueSpecification\",\"valueRequired\":true,\"valueName\":\"search_term_string\"}}],\"inLanguage\":\"ru-RU\"},{\"@type\":\"Organization\",\"@id\":\"https:\/\/denizcankizil.tr\/#organization\",\"name\":\"Av. Deniz Can K\u0131z\u0131l\",\"url\":\"https:\/\/denizcankizil.tr\/\",\"logo\":{\"@type\":\"ImageObject\",\"inLanguage\":\"ru-RU\",\"@id\":\"https:\/\/denizcankizil.tr\/#\/schema\/logo\/image\/\",\"url\":\"https:\/\/denizcankizil.tr\/wp-content\/uploads\/2024\/10\/siyah-logo-svg.svg\",\"contentUrl\":\"https:\/\/denizcankizil.tr\/wp-content\/uploads\/2024\/10\/siyah-logo-svg.svg\",\"width\":1080,\"height\":1080,\"caption\":\"Av. Deniz Can K\u0131z\u0131l\"},\"image\":{\"@id\":\"https:\/\/denizcankizil.tr\/#\/schema\/logo\/image\/\"}}]}<\/script>\n<!-- \/ Yoast SEO Premium plugin. -->","yoast_head_json":{"title":"\u0130zmir'de at\u0131klar evlerde ayr\u0131\u015ft\u0131r\u0131lacak - Av. Deniz Can K\u0131z\u0131l","robots":{"index":"index","follow":"follow","max-snippet":"max-snippet:-1","max-image-preview":"max-image-preview:large","max-video-preview":"max-video-preview:-1"},"canonical":"https:\/\/denizcankizil.tr\/ru\/haberler\/gundem\/izmirde-atiklar-evlerde-ayristirilacak\/","og_locale":"ru_RU","og_type":"article","og_title":"\u0130zmir'de at\u0131klar evlerde ayr\u0131\u015ft\u0131r\u0131lacak","og_description":"\u0130zmir B\u00fcy\u00fck\u015fehir Belediye Ba\u015fkan\u0131 Dr. Cemil Tugay, yeni haftaya G\u00fczelbah\u00e7e&#8217;de ba\u015flad\u0131. G\u00f6reve geldi\u011fi g\u00fcnden bu yana istek, proje ve sorunlar\u0131 yerinde dinleyen Ba\u015fkan Dr. Cemil Tugay, at\u0131klar\u0131n evlerde ayr\u0131\u015ft\u0131r\u0131lmas\u0131 ve geri d\u00f6n\u00fc\u015ft\u00fcr\u00fclmesi uygulamas\u0131na ba\u015flayacaklar\u0131n\u0131 belirterek, \u201cBu konuyu belki 1 ay i\u00e7inde \u0130zmir&#8217;de uygulan\u0131r hale getirece\u011fiz. Hi\u00e7 geri d\u00f6n\u00fc\u015ft\u00fcr\u00fclmeyen \u00e7\u00f6p kalmas\u0131n diye hayal ediyoruz\u201d dedi.\u0130ZM\u0130R (\u0130GFA) &#8211; \u0130zmir B\u00fcy\u00fck\u015fehir Belediye Ba\u015fkan\u0131 Dr. Cemil Tugay, koordinasyon toplant\u0131lar\u0131na G\u00fczelbah\u00e7e&#8217;de devam etti. G\u00fczelbah\u00e7e Belediye Ba\u015fkan\u0131 Mustafa G\u00fcnay ev sahipli\u011finde ger\u00e7ekle\u015fen toplant\u0131ya CHP \u0130zmir Milletvekili Ednan Arslan, \u0130zmir B\u00fcy\u00fck\u015fehir Belediyesi ve G\u00fczelbah\u00e7e Belediyesi b\u00fcrokratlar\u0131 kat\u0131ld\u0131. Ba\u015fkan Dr. Cemil Tugay, il\u00e7enin sorunlar\u0131n\u0131, ihtiya\u00e7lar\u0131n\u0131 dinledi ve gerekli \u00e7al\u0131\u015fmalar\u0131n h\u0131zla yap\u0131laca\u011f\u0131n\u0131 s\u00f6yledi. Ba\u015fkan Tugay, 2025 y\u0131l\u0131n\u0131n projeler y\u0131l\u0131 olaca\u011f\u0131n\u0131 kaydetti. \u0130l\u00e7eler ile koordinasyon toplant\u0131lar\u0131n\u0131 y\u0131lda iki kez yapacaklar\u0131n\u0131 belirten \u0130zmir B\u00fcy\u00fck\u015fehir Belediye Ba\u015fkan\u0131 Dr. Cemil Tugay, 2024\u2019te planlamalar\u0131 tamamlad\u0131klar\u0131n\u0131, 2025 y\u0131l\u0131nda ise daha da h\u0131zlanacaklar\u0131 ve daha fazla sorunu \u00e7\u00f6zeceklerini s\u00f6yledi. \u0130zmir&#8217;in 2030 y\u0131l\u0131na kadar karbon n\u00f6tr bir kent olmas\u0131 i\u00e7in \u00e7al\u0131\u015ft\u0131klar\u0131n\u0131 s\u00f6yleyen Ba\u015fkan Dr. Cemil Tugay,\u00a0 enerji t\u00fcketiminin makul seviyelere \u00e7ekilmesi gerekti\u011fini de belirterek \u201cBinalar\u0131n d\u0131\u015f cephelerinin ayd\u0131nlatmalar\u0131 ile ilgili baz\u0131 kurallar koyaca\u011f\u0131z ve baz\u0131 yasaklar getireceklerini s\u00f6yledi.\u00a0 Enerji t\u00fcketiminde biraz daha dikkatli olmay\u0131 ama\u00e7lad\u0131\u011f\u0131m\u0131z bir \u00e7al\u0131\u015fma olaca\u011f\u0131n\u0131 kaydeden Ba\u015fkan Dr. Tugay, &#8220;Bir de at\u0131klar\u0131n geri d\u00f6n\u00fc\u015f\u00fcm\u00fc &hellip;","og_url":"https:\/\/denizcankizil.tr\/ru\/haberler\/gundem\/izmirde-atiklar-evlerde-ayristirilacak\/","og_site_name":"Av. Deniz Can K\u0131z\u0131l","article_published_time":"2025-01-06T13:42:08+00:00","twitter_card":"summary_large_image","twitter_misc":{"\u041f\u0440\u0438\u043c\u0435\u0440\u043d\u043e\u0435 \u0432\u0440\u0435\u043c\u044f \u0434\u043b\u044f \u0447\u0442\u0435\u043d\u0438\u044f":"4 \u043c\u0438\u043d\u0443\u0442\u044b"},"schema":{"@context":"https:\/\/schema.org","@graph":[{"@type":"Article","@id":"https:\/\/denizcankizil.tr\/uk\/haberler\/gundem\/izmirde-atiklar-evlerde-ayristirilacak\/#article","isPartOf":{"@id":"https:\/\/denizcankizil.tr\/uk\/haberler\/gundem\/izmirde-atiklar-evlerde-ayristirilacak\/"},"author":{"name":"","@id":""},"headline":"\u0130zmir&#8217;de at\u0131klar evlerde ayr\u0131\u015ft\u0131r\u0131lacak","datePublished":"2025-01-06T13:42:08+00:00","mainEntityOfPage":{"@id":"https:\/\/denizcankizil.tr\/uk\/haberler\/gundem\/izmirde-atiklar-evlerde-ayristirilacak\/"},"wordCount":843,"commentCount":0,"publisher":{"@id":"https:\/\/denizcankizil.tr\/#organization"},"articleSection":["G\u00fcndem","Uncategorized"],"inLanguage":"ru-RU","potentialAction":[{"@type":"CommentAction","name":"Comment","target":["https:\/\/denizcankizil.tr\/uk\/haberler\/gundem\/izmirde-atiklar-evlerde-ayristirilacak\/#respond"]}]},{"@type":"WebPage","@id":"https:\/\/denizcankizil.tr\/uk\/haberler\/gundem\/izmirde-atiklar-evlerde-ayristirilacak\/","url":"https:\/\/denizcankizil.tr\/uk\/haberler\/gundem\/izmirde-atiklar-evlerde-ayristirilacak\/","name":"\u0130zmir'de at\u0131klar evlerde ayr\u0131\u015ft\u0131r\u0131lacak - Av. Deniz Can K\u0131z\u0131l","isPartOf":{"@id":"https:\/\/denizcankizil.tr\/#website"},"datePublished":"2025-01-06T13:42:08+00:00","breadcrumb":{"@id":"https:\/\/denizcankizil.tr\/uk\/haberler\/gundem\/izmirde-atiklar-evlerde-ayristirilacak\/#breadcrumb"},"inLanguage":"ru-RU","potentialAction":[{"@type":"ReadAction","target":["https:\/\/denizcankizil.tr\/uk\/haberler\/gundem\/izmirde-atiklar-evlerde-ayristirilacak\/"]}]},{"@type":"BreadcrumbList","@id":"https:\/\/denizcankizil.tr\/uk\/haberler\/gundem\/izmirde-atiklar-evlerde-ayristirilacak\/#breadcrumb","itemListElement":[{"@type":"ListItem","position":1,"name":"Home","item":"https:\/\/denizcankizil.tr\/uk\/"},{"@type":"ListItem","position":2,"name":"\u0130zmir&#8217;de at\u0131klar evlerde ayr\u0131\u015ft\u0131r\u0131lacak"}]},{"@type":"WebSite","@id":"https:\/\/denizcankizil.tr\/#website","url":"https:\/\/denizcankizil.tr\/","name":"Av. Deniz Can K\u0131z\u0131l","description":"Avukat Deniz Can K\u0131z\u0131l Antalya Barosu","publisher":{"@id":"https:\/\/denizcankizil.tr\/#organization"},"potentialAction":[{"@type":"SearchAction","target":{"@type":"EntryPoint","urlTemplate":"https:\/\/denizcankizil.tr\/?s={search_term_string}"},"query-input":{"@type":"PropertyValueSpecification","valueRequired":true,"valueName":"search_term_string"}}],"inLanguage":"ru-RU"},{"@type":"Organization","@id":"https:\/\/denizcankizil.tr\/#organization","name":"Av. Deniz Can K\u0131z\u0131l","url":"https:\/\/denizcankizil.tr\/","logo":{"@type":"ImageObject","inLanguage":"ru-RU","@id":"https:\/\/denizcankizil.tr\/#\/schema\/logo\/image\/","url":"https:\/\/denizcankizil.tr\/wp-content\/uploads\/2024\/10\/siyah-logo-svg.svg","contentUrl":"https:\/\/denizcankizil.tr\/wp-content\/uploads\/2024\/10\/siyah-logo-svg.svg","width":1080,"height":1080,"caption":"Av. Deniz Can K\u0131z\u0131l"},"image":{"@id":"https:\/\/denizcankizil.tr\/#\/schema\/logo\/image\/"}}]}},"_links":{"self":[{"href":"https:\/\/denizcankizil.tr\/ru\/wp-json\/wp\/v2\/posts\/24141","targetHints":{"allow":["GET"]}}],"collection":[{"href":"https:\/\/denizcankizil.tr\/ru\/wp-json\/wp\/v2\/posts"}],"about":[{"href":"https:\/\/denizcankizil.tr\/ru\/wp-json\/wp\/v2\/types\/post"}],"replies":[{"embeddable":true,"href":"https:\/\/denizcankizil.tr\/ru\/wp-json\/wp\/v2\/comments?post=24141"}],"version-history":[{"count":0,"href":"https:\/\/denizcankizil.tr\/ru\/wp-json\/wp\/v2\/posts\/24141\/revisions"}],"wp:attachment":[{"href":"https:\/\/denizcankizil.tr\/ru\/wp-json\/wp\/v2\/media?parent=24141"}],"wp:term":[{"taxonomy":"category","embeddable":true,"href":"https:\/\/denizcankizil.tr\/ru\/wp-json\/wp\/v2\/categories?post=24141"},{"taxonomy":"post_tag","embeddable":true,"href":"https:\/\/denizcankizil.tr\/ru\/wp-json\/wp\/v2\/tags?post=24141"}],"curies":[{"name":"wp","href":"https:\/\/api.w.org\/{rel}","templated":true}]}}