{"id":24139,"date":"2025-01-06T16:42:07","date_gmt":"2025-01-06T13:42:07","guid":{"rendered":"https:\/\/denizcankizil.tr\/uncategorized-tr\/urdun-disisleri-bakani-ankarada\/"},"modified":"2025-01-06T16:42:07","modified_gmt":"2025-01-06T13:42:07","slug":"urdun-disisleri-bakani-ankarada","status":"publish","type":"post","link":"https:\/\/denizcankizil.tr\/ru\/haberler\/gundem\/urdun-disisleri-bakani-ankarada\/","title":{"rendered":"\u00dcrd\u00fcn D\u0131\u015fi\u015fleri Bakan\u0131 Ankara&#8217;da"},"content":{"rendered":"<p>Cumhurba\u015fkan\u0131 Recep Tayyip Erdo\u011fan, \u00dcrd\u00fcn D\u0131\u015fi\u015fleri Bakan\u0131 Eymen es-Safedi\u2019yi Cumhurba\u015fkanl\u0131\u011f\u0131 K\u00fclliyesi&#8217;nde kabul etti.ANKARA (\u0130GFA) &#8211; Cumhurba\u015fkan\u0131 Erdo\u011fan, \u00dcrd\u00fcn D\u0131\u015fi\u015fleri Bakan\u0131 Safedi&#8217;yi kabul etti.<br \/>\n\u0130leti\u015fim Ba\u015fkanl\u0131\u011f\u0131&#8217;ndan aktar\u0131lan habere g\u00f6re kabulde; D\u0131\u015fi\u015fleri Bakan\u0131 Hakan Fidan, Milli Savunma Bakan\u0131 Ya\u015far G\u00fcler, M\u0130T Ba\u015fkan\u0131 \u0130brahim Kal\u0131n, \u00dcrd\u00fcn Genel Kurmay Ba\u015fkan\u0131 T\u00fcmgeneral Yusuf el-Huneyti ve \u00dcrd\u00fcn \u0130stihbarat Te\u015fkilat\u0131 Ba\u015fkan\u0131 T\u00fcmgeneral Ahmed H\u00fcsni de yer ald\u0131\u011f\u0131 kaydedildi.<\/p>\n<p>\u200bCumhurba\u015fkan\u0131 Recep Tayyip Erdo\u011fan, \u00dcrd\u00fcn D\u0131\u015fi\u015fleri Bakan\u0131 Eymen es-Safedi\u2019yi Cumhurba\u015fkanl\u0131\u011f\u0131 K\u00fclliyesi&#8217;nde kabul etti.ANKARA (\u0130GFA) &#8211; Cumhurba\u015fkan\u0131 Erdo\u011fan, \u00dcrd\u00fcn D\u0131\u015fi\u015fleri Bakan\u0131 Safedi&#8217;yi kabul etti.<br \/>\n\u0130leti\u015fim Ba\u015fkanl\u0131\u011f\u0131&#8217;ndan aktar\u0131lan habere g\u00f6re kabulde; D\u0131\u015fi\u015fleri Bakan\u0131 Hakan Fidan, Milli Savunma Bakan\u0131 Ya\u015far G\u00fcler, M\u0130T Ba\u015fkan\u0131 \u0130brahim Kal\u0131n, \u00dcrd\u00fcn Genel Kurmay Ba\u015fkan\u0131 T\u00fcmgeneral Yusuf el-Huneyti ve \u00dcrd\u00fcn \u0130stihbarat Te\u015fkilat\u0131 Ba\u015fkan\u0131 T\u00fcmgeneral Ahmed H\u00fcsni de yer ald\u0131\u011f\u0131 kaydedildi.\u00a0<\/p>\n<p>\u200bHaberin Al\u0131nt\u0131land\u0131\u011f\u0131 Kaynak: www.iskenderun.org<\/p>","protected":false},"excerpt":{"rendered":"<p>Cumhurba\u015fkan\u0131 Recep Tayyip Erdo\u011fan, \u00dcrd\u00fcn D\u0131\u015fi\u015fleri Bakan\u0131 Eymen es-Safedi\u2019yi Cumhurba\u015fkanl\u0131\u011f\u0131 K\u00fclliyesi&#8217;nde kabul etti.ANKARA (\u0130GFA) &#8211; Cumhurba\u015fkan\u0131 Erdo\u011fan, \u00dcrd\u00fcn D\u0131\u015fi\u015fleri Bakan\u0131 Safedi&#8217;yi kabul etti. \u0130leti\u015fim Ba\u015fkanl\u0131\u011f\u0131&#8217;ndan aktar\u0131lan habere g\u00f6re kabulde; D\u0131\u015fi\u015fleri Bakan\u0131 Hakan Fidan, Milli Savunma Bakan\u0131 Ya\u015far G\u00fcler, M\u0130T Ba\u015fkan\u0131 \u0130brahim Kal\u0131n, \u00dcrd\u00fcn Genel Kurmay Ba\u015fkan\u0131 T\u00fcmgeneral Yusuf el-Huneyti ve \u00dcrd\u00fcn \u0130stihbarat Te\u015fkilat\u0131 Ba\u015fkan\u0131 T\u00fcmgeneral Ahmed H\u00fcsni de yer ald\u0131\u011f\u0131 kaydedildi. \u200bCumhurba\u015fkan\u0131 Recep Tayyip Erdo\u011fan, \u00dcrd\u00fcn D\u0131\u015fi\u015fleri Bakan\u0131 Eymen es-Safedi\u2019yi Cumhurba\u015fkanl\u0131\u011f\u0131 K\u00fclliyesi&#8217;nde kabul etti.ANKARA (\u0130GFA) &#8211; Cumhurba\u015fkan\u0131 Erdo\u011fan, \u00dcrd\u00fcn D\u0131\u015fi\u015fleri Bakan\u0131 Safedi&#8217;yi kabul etti. \u0130leti\u015fim Ba\u015fkanl\u0131\u011f\u0131&#8217;ndan aktar\u0131lan habere g\u00f6re kabulde; D\u0131\u015fi\u015fleri Bakan\u0131 Hakan Fidan, Milli Savunma Bakan\u0131 Ya\u015far G\u00fcler, M\u0130T Ba\u015fkan\u0131 \u0130brahim Kal\u0131n, \u00dcrd\u00fcn Genel Kurmay Ba\u015fkan\u0131 T\u00fcmgeneral Yusuf el-Huneyti ve \u00dcrd\u00fcn \u0130stihbarat Te\u015fkilat\u0131 Ba\u015fkan\u0131 T\u00fcmgeneral Ahmed H\u00fcsni de yer ald\u0131\u011f\u0131 kaydedildi.\u00a0 \u200bHaberin Al\u0131nt\u0131land\u0131\u011f\u0131 Kaynak: www.iskenderun.org<\/p>","protected":false},"author":0,"featured_media":0,"comment_status":"open","ping_status":"open","sticky":false,"template":"","format":"standard","meta":{"_acf_changed":false,"footnotes":""},"categories":[24,535],"tags":[],"class_list":["post-24139","post","type-post","status-publish","format-standard","has-post-thumbnail","hentry","category-gundem","category-uncategorized-tr"],"acf":[],"yoast_head":"<!-- This site is optimized with the Yoast SEO Premium plugin v26.6 (Yoast SEO v27.1.1) - https:\/\/yoast.com\/product\/yoast-seo-premium-wordpress\/ -->\n<title>\u00dcrd\u00fcn D\u0131\u015fi\u015fleri Bakan\u0131 Ankara&#039;da - Av. Deniz Can K\u0131z\u0131l<\/title>\n<meta name=\"robots\" content=\"index, follow, max-snippet:-1, max-image-preview:large, max-video-preview:-1\" \/>\n<link rel=\"canonical\" href=\"https:\/\/denizcankizil.tr\/ru\/haberler\/gundem\/urdun-disisleri-bakani-ankarada\/\" \/>\n<meta property=\"og:locale\" content=\"ru_RU\" \/>\n<meta property=\"og:type\" content=\"article\" \/>\n<meta property=\"og:title\" content=\"\u00dcrd\u00fcn D\u0131\u015fi\u015fleri Bakan\u0131 Ankara&#039;da\" \/>\n<meta property=\"og:description\" content=\"Cumhurba\u015fkan\u0131 Recep Tayyip Erdo\u011fan, \u00dcrd\u00fcn D\u0131\u015fi\u015fleri Bakan\u0131 Eymen es-Safedi\u2019yi Cumhurba\u015fkanl\u0131\u011f\u0131 K\u00fclliyesi&#8217;nde kabul etti.ANKARA (\u0130GFA) &#8211; Cumhurba\u015fkan\u0131 Erdo\u011fan, \u00dcrd\u00fcn D\u0131\u015fi\u015fleri Bakan\u0131 Safedi&#8217;yi kabul etti. \u0130leti\u015fim Ba\u015fkanl\u0131\u011f\u0131&#8217;ndan aktar\u0131lan habere g\u00f6re kabulde; D\u0131\u015fi\u015fleri Bakan\u0131 Hakan Fidan, Milli Savunma Bakan\u0131 Ya\u015far G\u00fcler, M\u0130T Ba\u015fkan\u0131 \u0130brahim Kal\u0131n, \u00dcrd\u00fcn Genel Kurmay Ba\u015fkan\u0131 T\u00fcmgeneral Yusuf el-Huneyti ve \u00dcrd\u00fcn \u0130stihbarat Te\u015fkilat\u0131 Ba\u015fkan\u0131 T\u00fcmgeneral Ahmed H\u00fcsni de yer ald\u0131\u011f\u0131 kaydedildi. \u200bCumhurba\u015fkan\u0131 Recep Tayyip Erdo\u011fan, \u00dcrd\u00fcn D\u0131\u015fi\u015fleri Bakan\u0131 Eymen es-Safedi\u2019yi Cumhurba\u015fkanl\u0131\u011f\u0131 K\u00fclliyesi&#8217;nde kabul etti.ANKARA (\u0130GFA) &#8211; Cumhurba\u015fkan\u0131 Erdo\u011fan, \u00dcrd\u00fcn D\u0131\u015fi\u015fleri Bakan\u0131 Safedi&#8217;yi kabul etti. \u0130leti\u015fim Ba\u015fkanl\u0131\u011f\u0131&#8217;ndan aktar\u0131lan habere g\u00f6re kabulde; D\u0131\u015fi\u015fleri Bakan\u0131 Hakan Fidan, Milli Savunma Bakan\u0131 Ya\u015far G\u00fcler, M\u0130T Ba\u015fkan\u0131 \u0130brahim Kal\u0131n, \u00dcrd\u00fcn Genel Kurmay Ba\u015fkan\u0131 T\u00fcmgeneral Yusuf el-Huneyti ve \u00dcrd\u00fcn \u0130stihbarat Te\u015fkilat\u0131 Ba\u015fkan\u0131 T\u00fcmgeneral Ahmed H\u00fcsni de yer ald\u0131\u011f\u0131 kaydedildi.\u00a0 \u200bHaberin Al\u0131nt\u0131land\u0131\u011f\u0131 Kaynak: www.iskenderun.org\" \/>\n<meta property=\"og:url\" content=\"https:\/\/denizcankizil.tr\/ru\/haberler\/gundem\/urdun-disisleri-bakani-ankarada\/\" \/>\n<meta property=\"og:site_name\" content=\"Av. Deniz Can K\u0131z\u0131l\" \/>\n<meta property=\"article:published_time\" content=\"2025-01-06T13:42:07+00:00\" \/>\n<meta name=\"twitter:card\" content=\"summary_large_image\" \/>\n<meta name=\"twitter:label1\" content=\"\u041f\u0440\u0438\u043c\u0435\u0440\u043d\u043e\u0435 \u0432\u0440\u0435\u043c\u044f \u0434\u043b\u044f \u0447\u0442\u0435\u043d\u0438\u044f\" \/>\n\t<meta name=\"twitter:data1\" content=\"1 \u043c\u0438\u043d\u0443\u0442\u0430\" \/>\n<script type=\"application\/ld+json\" class=\"yoast-schema-graph\">{\"@context\":\"https:\/\/schema.org\",\"@graph\":[{\"@type\":\"Article\",\"@id\":\"https:\/\/denizcankizil.tr\/ru\/haberler\/gundem\/urdun-disisleri-bakani-ankarada\/#article\",\"isPartOf\":{\"@id\":\"https:\/\/denizcankizil.tr\/ru\/haberler\/gundem\/urdun-disisleri-bakani-ankarada\/\"},\"author\":{\"name\":\"\",\"@id\":\"\"},\"headline\":\"\u00dcrd\u00fcn D\u0131\u015fi\u015fleri Bakan\u0131 Ankara&#8217;da\",\"datePublished\":\"2025-01-06T13:42:07+00:00\",\"mainEntityOfPage\":{\"@id\":\"https:\/\/denizcankizil.tr\/ru\/haberler\/gundem\/urdun-disisleri-bakani-ankarada\/\"},\"wordCount\":210,\"commentCount\":0,\"publisher\":{\"@id\":\"https:\/\/denizcankizil.tr\/#organization\"},\"articleSection\":[\"G\u00fcndem\",\"Uncategorized\"],\"inLanguage\":\"ru-RU\",\"potentialAction\":[{\"@type\":\"CommentAction\",\"name\":\"Comment\",\"target\":[\"https:\/\/denizcankizil.tr\/ru\/haberler\/gundem\/urdun-disisleri-bakani-ankarada\/#respond\"]}]},{\"@type\":\"WebPage\",\"@id\":\"https:\/\/denizcankizil.tr\/ru\/haberler\/gundem\/urdun-disisleri-bakani-ankarada\/\",\"url\":\"https:\/\/denizcankizil.tr\/ru\/haberler\/gundem\/urdun-disisleri-bakani-ankarada\/\",\"name\":\"\u00dcrd\u00fcn D\u0131\u015fi\u015fleri Bakan\u0131 Ankara'da - Av. Deniz Can K\u0131z\u0131l\",\"isPartOf\":{\"@id\":\"https:\/\/denizcankizil.tr\/#website\"},\"datePublished\":\"2025-01-06T13:42:07+00:00\",\"breadcrumb\":{\"@id\":\"https:\/\/denizcankizil.tr\/ru\/haberler\/gundem\/urdun-disisleri-bakani-ankarada\/#breadcrumb\"},\"inLanguage\":\"ru-RU\",\"potentialAction\":[{\"@type\":\"ReadAction\",\"target\":[\"https:\/\/denizcankizil.tr\/ru\/haberler\/gundem\/urdun-disisleri-bakani-ankarada\/\"]}]},{\"@type\":\"BreadcrumbList\",\"@id\":\"https:\/\/denizcankizil.tr\/ru\/haberler\/gundem\/urdun-disisleri-bakani-ankarada\/#breadcrumb\",\"itemListElement\":[{\"@type\":\"ListItem\",\"position\":1,\"name\":\"Home\",\"item\":\"https:\/\/denizcankizil.tr\/de\/\"},{\"@type\":\"ListItem\",\"position\":2,\"name\":\"\u00dcrd\u00fcn D\u0131\u015fi\u015fleri Bakan\u0131 Ankara&#8217;da\"}]},{\"@type\":\"WebSite\",\"@id\":\"https:\/\/denizcankizil.tr\/#website\",\"url\":\"https:\/\/denizcankizil.tr\/\",\"name\":\"Av. Deniz Can K\u0131z\u0131l\",\"description\":\"Avukat Deniz Can K\u0131z\u0131l Antalya Barosu\",\"publisher\":{\"@id\":\"https:\/\/denizcankizil.tr\/#organization\"},\"potentialAction\":[{\"@type\":\"SearchAction\",\"target\":{\"@type\":\"EntryPoint\",\"urlTemplate\":\"https:\/\/denizcankizil.tr\/?s={search_term_string}\"},\"query-input\":{\"@type\":\"PropertyValueSpecification\",\"valueRequired\":true,\"valueName\":\"search_term_string\"}}],\"inLanguage\":\"ru-RU\"},{\"@type\":\"Organization\",\"@id\":\"https:\/\/denizcankizil.tr\/#organization\",\"name\":\"Av. Deniz Can K\u0131z\u0131l\",\"url\":\"https:\/\/denizcankizil.tr\/\",\"logo\":{\"@type\":\"ImageObject\",\"inLanguage\":\"ru-RU\",\"@id\":\"https:\/\/denizcankizil.tr\/#\/schema\/logo\/image\/\",\"url\":\"https:\/\/denizcankizil.tr\/wp-content\/uploads\/2024\/10\/siyah-logo-svg.svg\",\"contentUrl\":\"https:\/\/denizcankizil.tr\/wp-content\/uploads\/2024\/10\/siyah-logo-svg.svg\",\"width\":1080,\"height\":1080,\"caption\":\"Av. Deniz Can K\u0131z\u0131l\"},\"image\":{\"@id\":\"https:\/\/denizcankizil.tr\/#\/schema\/logo\/image\/\"}}]}<\/script>\n<!-- \/ Yoast SEO Premium plugin. -->","yoast_head_json":{"title":"\u00dcrd\u00fcn D\u0131\u015fi\u015fleri Bakan\u0131 Ankara'da - Av. Deniz Can K\u0131z\u0131l","robots":{"index":"index","follow":"follow","max-snippet":"max-snippet:-1","max-image-preview":"max-image-preview:large","max-video-preview":"max-video-preview:-1"},"canonical":"https:\/\/denizcankizil.tr\/ru\/haberler\/gundem\/urdun-disisleri-bakani-ankarada\/","og_locale":"ru_RU","og_type":"article","og_title":"\u00dcrd\u00fcn D\u0131\u015fi\u015fleri Bakan\u0131 Ankara'da","og_description":"Cumhurba\u015fkan\u0131 Recep Tayyip Erdo\u011fan, \u00dcrd\u00fcn D\u0131\u015fi\u015fleri Bakan\u0131 Eymen es-Safedi\u2019yi Cumhurba\u015fkanl\u0131\u011f\u0131 K\u00fclliyesi&#8217;nde kabul etti.ANKARA (\u0130GFA) &#8211; Cumhurba\u015fkan\u0131 Erdo\u011fan, \u00dcrd\u00fcn D\u0131\u015fi\u015fleri Bakan\u0131 Safedi&#8217;yi kabul etti. \u0130leti\u015fim Ba\u015fkanl\u0131\u011f\u0131&#8217;ndan aktar\u0131lan habere g\u00f6re kabulde; D\u0131\u015fi\u015fleri Bakan\u0131 Hakan Fidan, Milli Savunma Bakan\u0131 Ya\u015far G\u00fcler, M\u0130T Ba\u015fkan\u0131 \u0130brahim Kal\u0131n, \u00dcrd\u00fcn Genel Kurmay Ba\u015fkan\u0131 T\u00fcmgeneral Yusuf el-Huneyti ve \u00dcrd\u00fcn \u0130stihbarat Te\u015fkilat\u0131 Ba\u015fkan\u0131 T\u00fcmgeneral Ahmed H\u00fcsni de yer ald\u0131\u011f\u0131 kaydedildi. \u200bCumhurba\u015fkan\u0131 Recep Tayyip Erdo\u011fan, \u00dcrd\u00fcn D\u0131\u015fi\u015fleri Bakan\u0131 Eymen es-Safedi\u2019yi Cumhurba\u015fkanl\u0131\u011f\u0131 K\u00fclliyesi&#8217;nde kabul etti.ANKARA (\u0130GFA) &#8211; Cumhurba\u015fkan\u0131 Erdo\u011fan, \u00dcrd\u00fcn D\u0131\u015fi\u015fleri Bakan\u0131 Safedi&#8217;yi kabul etti. \u0130leti\u015fim Ba\u015fkanl\u0131\u011f\u0131&#8217;ndan aktar\u0131lan habere g\u00f6re kabulde; D\u0131\u015fi\u015fleri Bakan\u0131 Hakan Fidan, Milli Savunma Bakan\u0131 Ya\u015far G\u00fcler, M\u0130T Ba\u015fkan\u0131 \u0130brahim Kal\u0131n, \u00dcrd\u00fcn Genel Kurmay Ba\u015fkan\u0131 T\u00fcmgeneral Yusuf el-Huneyti ve \u00dcrd\u00fcn \u0130stihbarat Te\u015fkilat\u0131 Ba\u015fkan\u0131 T\u00fcmgeneral Ahmed H\u00fcsni de yer ald\u0131\u011f\u0131 kaydedildi.\u00a0 \u200bHaberin Al\u0131nt\u0131land\u0131\u011f\u0131 Kaynak: www.iskenderun.org","og_url":"https:\/\/denizcankizil.tr\/ru\/haberler\/gundem\/urdun-disisleri-bakani-ankarada\/","og_site_name":"Av. Deniz Can K\u0131z\u0131l","article_published_time":"2025-01-06T13:42:07+00:00","twitter_card":"summary_large_image","twitter_misc":{"\u041f\u0440\u0438\u043c\u0435\u0440\u043d\u043e\u0435 \u0432\u0440\u0435\u043c\u044f \u0434\u043b\u044f \u0447\u0442\u0435\u043d\u0438\u044f":"1 \u043c\u0438\u043d\u0443\u0442\u0430"},"schema":{"@context":"https:\/\/schema.org","@graph":[{"@type":"Article","@id":"https:\/\/denizcankizil.tr\/ru\/haberler\/gundem\/urdun-disisleri-bakani-ankarada\/#article","isPartOf":{"@id":"https:\/\/denizcankizil.tr\/ru\/haberler\/gundem\/urdun-disisleri-bakani-ankarada\/"},"author":{"name":"","@id":""},"headline":"\u00dcrd\u00fcn D\u0131\u015fi\u015fleri Bakan\u0131 Ankara&#8217;da","datePublished":"2025-01-06T13:42:07+00:00","mainEntityOfPage":{"@id":"https:\/\/denizcankizil.tr\/ru\/haberler\/gundem\/urdun-disisleri-bakani-ankarada\/"},"wordCount":210,"commentCount":0,"publisher":{"@id":"https:\/\/denizcankizil.tr\/#organization"},"articleSection":["G\u00fcndem","Uncategorized"],"inLanguage":"ru-RU","potentialAction":[{"@type":"CommentAction","name":"Comment","target":["https:\/\/denizcankizil.tr\/ru\/haberler\/gundem\/urdun-disisleri-bakani-ankarada\/#respond"]}]},{"@type":"WebPage","@id":"https:\/\/denizcankizil.tr\/ru\/haberler\/gundem\/urdun-disisleri-bakani-ankarada\/","url":"https:\/\/denizcankizil.tr\/ru\/haberler\/gundem\/urdun-disisleri-bakani-ankarada\/","name":"\u00dcrd\u00fcn D\u0131\u015fi\u015fleri Bakan\u0131 Ankara'da - Av. Deniz Can K\u0131z\u0131l","isPartOf":{"@id":"https:\/\/denizcankizil.tr\/#website"},"datePublished":"2025-01-06T13:42:07+00:00","breadcrumb":{"@id":"https:\/\/denizcankizil.tr\/ru\/haberler\/gundem\/urdun-disisleri-bakani-ankarada\/#breadcrumb"},"inLanguage":"ru-RU","potentialAction":[{"@type":"ReadAction","target":["https:\/\/denizcankizil.tr\/ru\/haberler\/gundem\/urdun-disisleri-bakani-ankarada\/"]}]},{"@type":"BreadcrumbList","@id":"https:\/\/denizcankizil.tr\/ru\/haberler\/gundem\/urdun-disisleri-bakani-ankarada\/#breadcrumb","itemListElement":[{"@type":"ListItem","position":1,"name":"Home","item":"https:\/\/denizcankizil.tr\/de\/"},{"@type":"ListItem","position":2,"name":"\u00dcrd\u00fcn D\u0131\u015fi\u015fleri Bakan\u0131 Ankara&#8217;da"}]},{"@type":"WebSite","@id":"https:\/\/denizcankizil.tr\/#website","url":"https:\/\/denizcankizil.tr\/","name":"Av. Deniz Can K\u0131z\u0131l","description":"Avukat Deniz Can K\u0131z\u0131l Antalya Barosu","publisher":{"@id":"https:\/\/denizcankizil.tr\/#organization"},"potentialAction":[{"@type":"SearchAction","target":{"@type":"EntryPoint","urlTemplate":"https:\/\/denizcankizil.tr\/?s={search_term_string}"},"query-input":{"@type":"PropertyValueSpecification","valueRequired":true,"valueName":"search_term_string"}}],"inLanguage":"ru-RU"},{"@type":"Organization","@id":"https:\/\/denizcankizil.tr\/#organization","name":"Av. Deniz Can K\u0131z\u0131l","url":"https:\/\/denizcankizil.tr\/","logo":{"@type":"ImageObject","inLanguage":"ru-RU","@id":"https:\/\/denizcankizil.tr\/#\/schema\/logo\/image\/","url":"https:\/\/denizcankizil.tr\/wp-content\/uploads\/2024\/10\/siyah-logo-svg.svg","contentUrl":"https:\/\/denizcankizil.tr\/wp-content\/uploads\/2024\/10\/siyah-logo-svg.svg","width":1080,"height":1080,"caption":"Av. Deniz Can K\u0131z\u0131l"},"image":{"@id":"https:\/\/denizcankizil.tr\/#\/schema\/logo\/image\/"}}]}},"_links":{"self":[{"href":"https:\/\/denizcankizil.tr\/ru\/wp-json\/wp\/v2\/posts\/24139","targetHints":{"allow":["GET"]}}],"collection":[{"href":"https:\/\/denizcankizil.tr\/ru\/wp-json\/wp\/v2\/posts"}],"about":[{"href":"https:\/\/denizcankizil.tr\/ru\/wp-json\/wp\/v2\/types\/post"}],"replies":[{"embeddable":true,"href":"https:\/\/denizcankizil.tr\/ru\/wp-json\/wp\/v2\/comments?post=24139"}],"version-history":[{"count":0,"href":"https:\/\/denizcankizil.tr\/ru\/wp-json\/wp\/v2\/posts\/24139\/revisions"}],"wp:attachment":[{"href":"https:\/\/denizcankizil.tr\/ru\/wp-json\/wp\/v2\/media?parent=24139"}],"wp:term":[{"taxonomy":"category","embeddable":true,"href":"https:\/\/denizcankizil.tr\/ru\/wp-json\/wp\/v2\/categories?post=24139"},{"taxonomy":"post_tag","embeddable":true,"href":"https:\/\/denizcankizil.tr\/ru\/wp-json\/wp\/v2\/tags?post=24139"}],"curies":[{"name":"wp","href":"https:\/\/api.w.org\/{rel}","templated":true}]}}