{"id":24112,"date":"2025-01-06T13:42:26","date_gmt":"2025-01-06T10:42:26","guid":{"rendered":"https:\/\/denizcankizil.tr\/uncategorized-tr\/vodafone-businesstan-kuveyt-turke-yeni-nesil-baglanti-cozumu\/"},"modified":"2025-01-06T13:42:26","modified_gmt":"2025-01-06T10:42:26","slug":"vodafone-businesstan-kuveyt-turke-yeni-nesil-baglanti-cozumu","status":"publish","type":"post","link":"https:\/\/denizcankizil.tr\/ru\/haberler\/gundem\/vodafone-businesstan-kuveyt-turke-yeni-nesil-baglanti-cozumu\/","title":{"rendered":"Vodafone Business\u2019tan Kuveyt T\u00fcrk\u2019e Yeni Nesil Ba\u011flant\u0131 \u00c7\u00f6z\u00fcm\u00fc"},"content":{"rendered":"<p>\u0130\u015fletmelerin teknoloji i\u015f orta\u011f\u0131 Vodafone Business, sundu\u011fu Radyolink \u00e7\u00f6z\u00fcm\u00fcyle T\u00fcrkiye\u2019nin \u00f6nc\u00fc kat\u0131l\u0131m finans kurulu\u015fu Kuveyt T\u00fcrk\u2019\u00fcn dijital d\u00f6n\u00fc\u015f\u00fcm yolculu\u011funda \u00e7\u00f6z\u00fcm orta\u011f\u0131 oldu.<\/p>\n<p>\u200b\u0130\u015fletmelerin teknoloji i\u015f orta\u011f\u0131 Vodafone Business, sundu\u011fu Radyolink \u00e7\u00f6z\u00fcm\u00fcyle T\u00fcrkiye\u2019nin \u00f6nc\u00fc kat\u0131l\u0131m finans kurulu\u015fu Kuveyt T\u00fcrk\u2019\u00fcn dijital d\u00f6n\u00fc\u015f\u00fcm yolculu\u011funda \u00e7\u00f6z\u00fcm orta\u011f\u0131 oldu.\u00a0<\/p>\n<p>\u200bHaberin Al\u0131nt\u0131land\u0131\u011f\u0131 Kaynak: www.iskenderun.org<\/p>","protected":false},"excerpt":{"rendered":"<p>\u0130\u015fletmelerin teknoloji i\u015f orta\u011f\u0131 Vodafone Business, sundu\u011fu Radyolink \u00e7\u00f6z\u00fcm\u00fcyle T\u00fcrkiye\u2019nin \u00f6nc\u00fc kat\u0131l\u0131m finans kurulu\u015fu Kuveyt T\u00fcrk\u2019\u00fcn dijital d\u00f6n\u00fc\u015f\u00fcm yolculu\u011funda \u00e7\u00f6z\u00fcm orta\u011f\u0131 oldu. \u200b\u0130\u015fletmelerin teknoloji i\u015f orta\u011f\u0131 Vodafone Business, sundu\u011fu Radyolink \u00e7\u00f6z\u00fcm\u00fcyle T\u00fcrkiye\u2019nin \u00f6nc\u00fc kat\u0131l\u0131m finans kurulu\u015fu Kuveyt T\u00fcrk\u2019\u00fcn dijital d\u00f6n\u00fc\u015f\u00fcm yolculu\u011funda \u00e7\u00f6z\u00fcm orta\u011f\u0131 oldu.\u00a0 \u200bHaberin Al\u0131nt\u0131land\u0131\u011f\u0131 Kaynak: www.iskenderun.org<\/p>","protected":false},"author":0,"featured_media":0,"comment_status":"open","ping_status":"open","sticky":false,"template":"","format":"standard","meta":{"_acf_changed":false,"footnotes":""},"categories":[24,535],"tags":[],"class_list":["post-24112","post","type-post","status-publish","format-standard","has-post-thumbnail","hentry","category-gundem","category-uncategorized-tr"],"acf":[],"yoast_head":"<!-- This site is optimized with the Yoast SEO Premium plugin v26.6 (Yoast SEO v27.1.1) - https:\/\/yoast.com\/product\/yoast-seo-premium-wordpress\/ -->\n<title>Vodafone Business\u2019tan Kuveyt T\u00fcrk\u2019e Yeni Nesil Ba\u011flant\u0131 \u00c7\u00f6z\u00fcm\u00fc - Av. Deniz Can K\u0131z\u0131l<\/title>\n<meta name=\"robots\" content=\"index, follow, max-snippet:-1, max-image-preview:large, max-video-preview:-1\" \/>\n<link rel=\"canonical\" href=\"https:\/\/denizcankizil.tr\/ru\/haberler\/gundem\/vodafone-businesstan-kuveyt-turke-yeni-nesil-baglanti-cozumu\/\" \/>\n<meta property=\"og:locale\" content=\"ru_RU\" \/>\n<meta property=\"og:type\" content=\"article\" \/>\n<meta property=\"og:title\" content=\"Vodafone Business\u2019tan Kuveyt T\u00fcrk\u2019e Yeni Nesil Ba\u011flant\u0131 \u00c7\u00f6z\u00fcm\u00fc\" \/>\n<meta property=\"og:description\" content=\"\u0130\u015fletmelerin teknoloji i\u015f orta\u011f\u0131 Vodafone Business, sundu\u011fu Radyolink \u00e7\u00f6z\u00fcm\u00fcyle T\u00fcrkiye\u2019nin \u00f6nc\u00fc kat\u0131l\u0131m finans kurulu\u015fu Kuveyt T\u00fcrk\u2019\u00fcn dijital d\u00f6n\u00fc\u015f\u00fcm yolculu\u011funda \u00e7\u00f6z\u00fcm orta\u011f\u0131 oldu. \u200b\u0130\u015fletmelerin teknoloji i\u015f orta\u011f\u0131 Vodafone Business, sundu\u011fu Radyolink \u00e7\u00f6z\u00fcm\u00fcyle T\u00fcrkiye\u2019nin \u00f6nc\u00fc kat\u0131l\u0131m finans kurulu\u015fu Kuveyt T\u00fcrk\u2019\u00fcn dijital d\u00f6n\u00fc\u015f\u00fcm yolculu\u011funda \u00e7\u00f6z\u00fcm orta\u011f\u0131 oldu.\u00a0 \u200bHaberin Al\u0131nt\u0131land\u0131\u011f\u0131 Kaynak: www.iskenderun.org\" \/>\n<meta property=\"og:url\" content=\"https:\/\/denizcankizil.tr\/ru\/haberler\/gundem\/vodafone-businesstan-kuveyt-turke-yeni-nesil-baglanti-cozumu\/\" \/>\n<meta property=\"og:site_name\" content=\"Av. Deniz Can K\u0131z\u0131l\" \/>\n<meta property=\"article:published_time\" content=\"2025-01-06T10:42:26+00:00\" \/>\n<meta name=\"twitter:card\" content=\"summary_large_image\" \/>\n<script type=\"application\/ld+json\" class=\"yoast-schema-graph\">{\"@context\":\"https:\/\/schema.org\",\"@graph\":[{\"@type\":\"Article\",\"@id\":\"https:\/\/denizcankizil.tr\/en\/haberler\/gundem\/vodafone-businesstan-kuveyt-turke-yeni-nesil-baglanti-cozumu\/#article\",\"isPartOf\":{\"@id\":\"https:\/\/denizcankizil.tr\/en\/haberler\/gundem\/vodafone-businesstan-kuveyt-turke-yeni-nesil-baglanti-cozumu\/\"},\"author\":{\"name\":\"\",\"@id\":\"\"},\"headline\":\"Vodafone Business\u2019tan Kuveyt T\u00fcrk\u2019e Yeni Nesil Ba\u011flant\u0131 \u00c7\u00f6z\u00fcm\u00fc\",\"datePublished\":\"2025-01-06T10:42:26+00:00\",\"mainEntityOfPage\":{\"@id\":\"https:\/\/denizcankizil.tr\/en\/haberler\/gundem\/vodafone-businesstan-kuveyt-turke-yeni-nesil-baglanti-cozumu\/\"},\"wordCount\":93,\"commentCount\":0,\"publisher\":{\"@id\":\"https:\/\/denizcankizil.tr\/de\/#organization\"},\"articleSection\":[\"G\u00fcndem\",\"Uncategorized\"],\"inLanguage\":\"ru-RU\",\"potentialAction\":[{\"@type\":\"CommentAction\",\"name\":\"Comment\",\"target\":[\"https:\/\/denizcankizil.tr\/en\/haberler\/gundem\/vodafone-businesstan-kuveyt-turke-yeni-nesil-baglanti-cozumu\/#respond\"]}]},{\"@type\":\"WebPage\",\"@id\":\"https:\/\/denizcankizil.tr\/en\/haberler\/gundem\/vodafone-businesstan-kuveyt-turke-yeni-nesil-baglanti-cozumu\/\",\"url\":\"https:\/\/denizcankizil.tr\/en\/haberler\/gundem\/vodafone-businesstan-kuveyt-turke-yeni-nesil-baglanti-cozumu\/\",\"name\":\"Vodafone Business\u2019tan Kuveyt T\u00fcrk\u2019e Yeni Nesil Ba\u011flant\u0131 \u00c7\u00f6z\u00fcm\u00fc - Av. Deniz Can K\u0131z\u0131l\",\"isPartOf\":{\"@id\":\"https:\/\/denizcankizil.tr\/de\/#website\"},\"datePublished\":\"2025-01-06T10:42:26+00:00\",\"breadcrumb\":{\"@id\":\"https:\/\/denizcankizil.tr\/en\/haberler\/gundem\/vodafone-businesstan-kuveyt-turke-yeni-nesil-baglanti-cozumu\/#breadcrumb\"},\"inLanguage\":\"ru-RU\",\"potentialAction\":[{\"@type\":\"ReadAction\",\"target\":[\"https:\/\/denizcankizil.tr\/en\/haberler\/gundem\/vodafone-businesstan-kuveyt-turke-yeni-nesil-baglanti-cozumu\/\"]}]},{\"@type\":\"BreadcrumbList\",\"@id\":\"https:\/\/denizcankizil.tr\/en\/haberler\/gundem\/vodafone-businesstan-kuveyt-turke-yeni-nesil-baglanti-cozumu\/#breadcrumb\",\"itemListElement\":[{\"@type\":\"ListItem\",\"position\":1,\"name\":\"Home\",\"item\":\"https:\/\/denizcankizil.tr\/de\/\"},{\"@type\":\"ListItem\",\"position\":2,\"name\":\"Vodafone Business\u2019tan Kuveyt T\u00fcrk\u2019e Yeni Nesil Ba\u011flant\u0131 \u00c7\u00f6z\u00fcm\u00fc\"}]},{\"@type\":\"WebSite\",\"@id\":\"https:\/\/denizcankizil.tr\/de\/#website\",\"url\":\"https:\/\/denizcankizil.tr\/de\/\",\"name\":\"Av. Deniz Can K\u0131z\u0131l\",\"description\":\"Avukat Deniz Can K\u0131z\u0131l Antalya Barosu\",\"publisher\":{\"@id\":\"https:\/\/denizcankizil.tr\/de\/#organization\"},\"potentialAction\":[{\"@type\":\"SearchAction\",\"target\":{\"@type\":\"EntryPoint\",\"urlTemplate\":\"https:\/\/denizcankizil.tr\/de\/?s={search_term_string}\"},\"query-input\":{\"@type\":\"PropertyValueSpecification\",\"valueRequired\":true,\"valueName\":\"search_term_string\"}}],\"inLanguage\":\"ru-RU\"},{\"@type\":\"Organization\",\"@id\":\"https:\/\/denizcankizil.tr\/de\/#organization\",\"name\":\"Av. Deniz Can K\u0131z\u0131l\",\"url\":\"https:\/\/denizcankizil.tr\/de\/\",\"logo\":{\"@type\":\"ImageObject\",\"inLanguage\":\"ru-RU\",\"@id\":\"https:\/\/denizcankizil.tr\/de\/#\/schema\/logo\/image\/\",\"url\":\"https:\/\/denizcankizil.tr\/wp-content\/uploads\/2024\/10\/siyah-logo-svg.svg\",\"contentUrl\":\"https:\/\/denizcankizil.tr\/wp-content\/uploads\/2024\/10\/siyah-logo-svg.svg\",\"width\":1080,\"height\":1080,\"caption\":\"Av. Deniz Can K\u0131z\u0131l\"},\"image\":{\"@id\":\"https:\/\/denizcankizil.tr\/de\/#\/schema\/logo\/image\/\"}}]}<\/script>\n<!-- \/ Yoast SEO Premium plugin. -->","yoast_head_json":{"title":"Vodafone Business\u2019tan Kuveyt T\u00fcrk\u2019e Yeni Nesil Ba\u011flant\u0131 \u00c7\u00f6z\u00fcm\u00fc - Av. Deniz Can K\u0131z\u0131l","robots":{"index":"index","follow":"follow","max-snippet":"max-snippet:-1","max-image-preview":"max-image-preview:large","max-video-preview":"max-video-preview:-1"},"canonical":"https:\/\/denizcankizil.tr\/ru\/haberler\/gundem\/vodafone-businesstan-kuveyt-turke-yeni-nesil-baglanti-cozumu\/","og_locale":"ru_RU","og_type":"article","og_title":"Vodafone Business\u2019tan Kuveyt T\u00fcrk\u2019e Yeni Nesil Ba\u011flant\u0131 \u00c7\u00f6z\u00fcm\u00fc","og_description":"\u0130\u015fletmelerin teknoloji i\u015f orta\u011f\u0131 Vodafone Business, sundu\u011fu Radyolink \u00e7\u00f6z\u00fcm\u00fcyle T\u00fcrkiye\u2019nin \u00f6nc\u00fc kat\u0131l\u0131m finans kurulu\u015fu Kuveyt T\u00fcrk\u2019\u00fcn dijital d\u00f6n\u00fc\u015f\u00fcm yolculu\u011funda \u00e7\u00f6z\u00fcm orta\u011f\u0131 oldu. \u200b\u0130\u015fletmelerin teknoloji i\u015f orta\u011f\u0131 Vodafone Business, sundu\u011fu Radyolink \u00e7\u00f6z\u00fcm\u00fcyle T\u00fcrkiye\u2019nin \u00f6nc\u00fc kat\u0131l\u0131m finans kurulu\u015fu Kuveyt T\u00fcrk\u2019\u00fcn dijital d\u00f6n\u00fc\u015f\u00fcm yolculu\u011funda \u00e7\u00f6z\u00fcm orta\u011f\u0131 oldu.\u00a0 \u200bHaberin Al\u0131nt\u0131land\u0131\u011f\u0131 Kaynak: www.iskenderun.org","og_url":"https:\/\/denizcankizil.tr\/ru\/haberler\/gundem\/vodafone-businesstan-kuveyt-turke-yeni-nesil-baglanti-cozumu\/","og_site_name":"Av. Deniz Can K\u0131z\u0131l","article_published_time":"2025-01-06T10:42:26+00:00","twitter_card":"summary_large_image","schema":{"@context":"https:\/\/schema.org","@graph":[{"@type":"Article","@id":"https:\/\/denizcankizil.tr\/en\/haberler\/gundem\/vodafone-businesstan-kuveyt-turke-yeni-nesil-baglanti-cozumu\/#article","isPartOf":{"@id":"https:\/\/denizcankizil.tr\/en\/haberler\/gundem\/vodafone-businesstan-kuveyt-turke-yeni-nesil-baglanti-cozumu\/"},"author":{"name":"","@id":""},"headline":"Vodafone Business\u2019tan Kuveyt T\u00fcrk\u2019e Yeni Nesil Ba\u011flant\u0131 \u00c7\u00f6z\u00fcm\u00fc","datePublished":"2025-01-06T10:42:26+00:00","mainEntityOfPage":{"@id":"https:\/\/denizcankizil.tr\/en\/haberler\/gundem\/vodafone-businesstan-kuveyt-turke-yeni-nesil-baglanti-cozumu\/"},"wordCount":93,"commentCount":0,"publisher":{"@id":"https:\/\/denizcankizil.tr\/de\/#organization"},"articleSection":["G\u00fcndem","Uncategorized"],"inLanguage":"ru-RU","potentialAction":[{"@type":"CommentAction","name":"Comment","target":["https:\/\/denizcankizil.tr\/en\/haberler\/gundem\/vodafone-businesstan-kuveyt-turke-yeni-nesil-baglanti-cozumu\/#respond"]}]},{"@type":"WebPage","@id":"https:\/\/denizcankizil.tr\/en\/haberler\/gundem\/vodafone-businesstan-kuveyt-turke-yeni-nesil-baglanti-cozumu\/","url":"https:\/\/denizcankizil.tr\/en\/haberler\/gundem\/vodafone-businesstan-kuveyt-turke-yeni-nesil-baglanti-cozumu\/","name":"Vodafone Business\u2019tan Kuveyt T\u00fcrk\u2019e Yeni Nesil Ba\u011flant\u0131 \u00c7\u00f6z\u00fcm\u00fc - Av. Deniz Can K\u0131z\u0131l","isPartOf":{"@id":"https:\/\/denizcankizil.tr\/de\/#website"},"datePublished":"2025-01-06T10:42:26+00:00","breadcrumb":{"@id":"https:\/\/denizcankizil.tr\/en\/haberler\/gundem\/vodafone-businesstan-kuveyt-turke-yeni-nesil-baglanti-cozumu\/#breadcrumb"},"inLanguage":"ru-RU","potentialAction":[{"@type":"ReadAction","target":["https:\/\/denizcankizil.tr\/en\/haberler\/gundem\/vodafone-businesstan-kuveyt-turke-yeni-nesil-baglanti-cozumu\/"]}]},{"@type":"BreadcrumbList","@id":"https:\/\/denizcankizil.tr\/en\/haberler\/gundem\/vodafone-businesstan-kuveyt-turke-yeni-nesil-baglanti-cozumu\/#breadcrumb","itemListElement":[{"@type":"ListItem","position":1,"name":"Home","item":"https:\/\/denizcankizil.tr\/de\/"},{"@type":"ListItem","position":2,"name":"Vodafone Business\u2019tan Kuveyt T\u00fcrk\u2019e Yeni Nesil Ba\u011flant\u0131 \u00c7\u00f6z\u00fcm\u00fc"}]},{"@type":"WebSite","@id":"https:\/\/denizcankizil.tr\/de\/#website","url":"https:\/\/denizcankizil.tr\/de\/","name":"Av. Deniz Can K\u0131z\u0131l","description":"Avukat Deniz Can K\u0131z\u0131l Antalya Barosu","publisher":{"@id":"https:\/\/denizcankizil.tr\/de\/#organization"},"potentialAction":[{"@type":"SearchAction","target":{"@type":"EntryPoint","urlTemplate":"https:\/\/denizcankizil.tr\/de\/?s={search_term_string}"},"query-input":{"@type":"PropertyValueSpecification","valueRequired":true,"valueName":"search_term_string"}}],"inLanguage":"ru-RU"},{"@type":"Organization","@id":"https:\/\/denizcankizil.tr\/de\/#organization","name":"Av. Deniz Can K\u0131z\u0131l","url":"https:\/\/denizcankizil.tr\/de\/","logo":{"@type":"ImageObject","inLanguage":"ru-RU","@id":"https:\/\/denizcankizil.tr\/de\/#\/schema\/logo\/image\/","url":"https:\/\/denizcankizil.tr\/wp-content\/uploads\/2024\/10\/siyah-logo-svg.svg","contentUrl":"https:\/\/denizcankizil.tr\/wp-content\/uploads\/2024\/10\/siyah-logo-svg.svg","width":1080,"height":1080,"caption":"Av. Deniz Can K\u0131z\u0131l"},"image":{"@id":"https:\/\/denizcankizil.tr\/de\/#\/schema\/logo\/image\/"}}]}},"_links":{"self":[{"href":"https:\/\/denizcankizil.tr\/ru\/wp-json\/wp\/v2\/posts\/24112","targetHints":{"allow":["GET"]}}],"collection":[{"href":"https:\/\/denizcankizil.tr\/ru\/wp-json\/wp\/v2\/posts"}],"about":[{"href":"https:\/\/denizcankizil.tr\/ru\/wp-json\/wp\/v2\/types\/post"}],"replies":[{"embeddable":true,"href":"https:\/\/denizcankizil.tr\/ru\/wp-json\/wp\/v2\/comments?post=24112"}],"version-history":[{"count":0,"href":"https:\/\/denizcankizil.tr\/ru\/wp-json\/wp\/v2\/posts\/24112\/revisions"}],"wp:attachment":[{"href":"https:\/\/denizcankizil.tr\/ru\/wp-json\/wp\/v2\/media?parent=24112"}],"wp:term":[{"taxonomy":"category","embeddable":true,"href":"https:\/\/denizcankizil.tr\/ru\/wp-json\/wp\/v2\/categories?post=24112"},{"taxonomy":"post_tag","embeddable":true,"href":"https:\/\/denizcankizil.tr\/ru\/wp-json\/wp\/v2\/tags?post=24112"}],"curies":[{"name":"wp","href":"https:\/\/api.w.org\/{rel}","templated":true}]}}