{"id":24069,"date":"2025-01-06T12:42:37","date_gmt":"2025-01-06T09:42:37","guid":{"rendered":"https:\/\/denizcankizil.tr\/uncategorized-tr\/akip-2024-yili-kent-ihlalleri-raporunu-acikladi\/"},"modified":"2025-01-06T12:42:37","modified_gmt":"2025-01-06T09:42:37","slug":"akip-2024-yili-kent-ihlalleri-raporunu-acikladi","status":"publish","type":"post","link":"https:\/\/denizcankizil.tr\/ru\/haberler\/gundem\/akip-2024-yili-kent-ihlalleri-raporunu-acikladi\/","title":{"rendered":"AK\u0130P 2024 y\u0131l\u0131 kent ihlalleri raporunu a\u00e7\u0131klad\u0131"},"content":{"rendered":"<p>Antalya Kent \u0130zleme Ptatformu (AK\u0130P) her y\u0131l oldu\u011fu gibi bu y\u0131lda bir \u00f6nceki sene ya\u015fanan kent ihlallerini raporla\u015ft\u0131rarak kamuoyuna sundu. AK\u0130P S\u00f6zc\u00fcs\u00fc Mustafa \u015eahin taraf\u0131ndan yap\u0131lan a\u00e7\u0131klamada, \u201cAntalya\u2019da 2024 y\u0131l\u0131na ait tespit etti\u011fimiz \u201ckent hakk\u0131 ihlalleri\u201d ile 10 y\u0131ll\u0131k d\u00f6nemin envanterini tamamlam\u0131\u015f oluyoruz.\u00a010 y\u0131ldan geriye kalan ilk izlenim, merkezi y\u00f6netimin izd\u00fc\u015f\u00fcm\u00fc olan T\u00fcrel Y\u00f6netimi ve sonras\u0131nda kentin piyasala\u015ft\u0131r\u0131lmas\u0131 yolunu takip eden B\u00f6cek Y\u00f6netimi pratiklerinin ya\u015fanm\u0131\u015f olmas\u0131d\u0131r\u201d denildi.<\/p>\n<p>YEREL SE\u00c7\u0130M HATIRLATMASI<\/p>\n<p>AK\u0130P S\u00f6zc\u00fcs\u00fc Mustafa \u015eahin, raporla ilgili \u015fu a\u00e7\u0131klamay\u0131 yapt\u0131: \u201c2024 y\u0131l\u0131 ise hem \u00fclkemiz i\u00e7in hem de kentimiz i\u00e7in \u00f6nemli bir se\u00e7im y\u0131l\u0131yd\u0131. Merkezde Tek Adam Y\u00f6netimi anlay\u0131\u015f\u0131 de\u011fi\u015fmedi. Ancak hemen b\u00fct\u00fcn yerel y\u00f6netimlerde Merkezi Y\u00f6netime muhalif \u00e7evrelerin oylar\u0131nda b\u00fcy\u00fck art\u0131\u015flar oldu. Antalya\u2019da bu durum rekor d\u00fczeye ula\u015ft\u0131.\u00a02024 y\u0131l\u0131 ayn\u0131 zamanda Merkezi Y\u00f6netimin kendisine muhalif yerel y\u00f6netimlere a\u00e7\u0131k\u00e7a sava\u015f a\u00e7t\u0131\u011f\u0131 y\u0131l oldu. Yayg\u0131nla\u015ft\u0131rd\u0131\u011f\u0131 kayyum atamalar\u0131, silkeleme operasyonlar\u0131, hacizler, m\u00fcfetti\u015fler, vetolar yan\u0131nda, merkezden imar planlar\u0131na m\u00fcdahaleler, \u00f6zel in\u015faat izinleri, tahsisler ve do\u011frudan yat\u0131r\u0131mlar yoluyla yerel y\u00f6netimlerin hareket alan\u0131n\u0131 daraltmak, g\u00f6zden d\u00fc\u015f\u00fcrmek ve etkisizle\u015ftirmek isteyen Merkezi Y\u00f6netim, \u00fclkenin adeta sava\u015f\/ d\u00fc\u015fman hukuku ile y\u00f6netme halini kan\u0131ksan\u0131r hale getirdi.\u201d<\/p>\n<p>B\u00d6CEK \u0130LE BAKANIN YAN YANA FOTO\u011eRAFI<\/p>\n<p>\u201cAntalya, \u00fclkenin g\u00f6zde ve bolca paraya tahvil edilebilir alanlar\u0131na sahip bir kent olma \u00f6zelli\u011fi ile Merkezi Y\u00f6netimin ve sermaye \/\u00e7\u0131kar \u00a0\u00e7evrelerinin yak\u0131n takibi alt\u0131nda ve \u0131srarl\u0131 beklentileri olan bir kent.\u00a0Ve ne yaz\u0131k ki Yerel Y\u00f6netimlerimizin\u00a0\u00a0kentin ortak ihtiya\u00e7lar\u0131ndan ve kamusal \u00e7\u0131karlar\u0131m\u0131zdan daha \u00e7ok bu beklentilere kar\u015f\u0131l\u0131k vermek \u00fczere konumland\u0131klar\u0131 bir s\u0131r de\u011fil.\u00a02024 y\u0131l\u0131na damgas\u0131n\u0131 vuran geli\u015fme ABB Belediye Ba\u015fkan\u0131n\u0131n \u00c7evre \u015eehircilik ve \u0130klim De\u011fi\u015fikli\u011fi Bakan\u0131yla omuz omuza payla\u015ft\u0131\u011f\u0131 foto\u011fraf karesi ve verdi\u011fi mesaj\u0131 do\u011frultusunda, kapal\u0131 kap\u0131lar ard\u0131nda s\u00fcrd\u00fcr\u00fclen yat\u0131r\u0131m projeleri oldu. Merkezi y\u00f6netimce yukar\u0131dan m\u00fcdahale edilen imarl\u0131, imars\u0131z alanlardaki al g\u00fcl\u00fcm ver g\u00fcl\u00fcm pazarl\u0131klar\u0131 u\u011fruna yerel y\u00f6netimlerimizin sessiz kal\u0131\u015flar\u0131 ve \u00f6n\u00fcne ge\u00e7ilemeyen nemalanma hevesleri ile kentsel de\u011ferlerimizin piyasa ko\u015fullar\u0131na tercih edilmesi bir di\u011fer \u00e7\u0131kmaz yolumuz olarak varl\u0131\u011f\u0131n\u0131 s\u00fcrd\u00fcr\u00fcyor.\u201d<\/p>\n<p>4. ETAP RAYLI S\u0130STEM PROJES\u0130<\/p>\n<p>\u201cBu y\u0131l ihale edildi\u011fi ilan edilen 4.Etap Rayl\u0131 Sistem Projesi, kamusal bir hizmetin nas\u0131l bu kadar et\u00fcts\u00fcz, i\u015flevsiz ve tahripkar olabilece\u011finin, bir o kadar da ucu a\u00e7\u0131k bir \u015fekilde kamu maliyesinin ve\u00a0 kent sakinlerinin s\u0131rt\u0131na fatura edilirken, yat\u0131r\u0131mc\u0131 Makyol \u0130n\u015faat &#8211; \u00d6zkar \u0130n\u015faat ortak giri\u015fimini hadsizce zenginle\u015ftirilebilece\u011finin en belirgin \u00f6rne\u011fi oldu. Kentin ortak alanlar\u0131 olan Lara Sahilleri ihalesinin ayan beyan, Konyaalt\u0131 Sahillerine bakan ka\u00e7ak 5 M Migros binas\u0131n\u0131n bulundu\u011fu fuar alan\u0131n\u0131n intifa hakk\u0131 s\u00fcresi sona ermesine kar\u015f\u0131n gizli kapakl\u0131 yollarla nas\u0131l sermaye d\u00fcnyas\u0131na pe\u015fke\u015f \u00e7ekildi\u011fine, ortak alanlar\u0131m\u0131z\u0131 yaln\u0131zca paras\u0131 olanlarca kullan\u0131labilir hale getirildi\u011fine tan\u0131k olmak ise bu u\u011furdaki hukuksuzlu\u011fun, keyfili\u011fin kente ve kentliye yabanc\u0131la\u015fman\u0131n bir ba\u015fka \u00f6rne\u011fi oldu.\u201d<\/p>\n<p>K\u0130PA AVM ALANIYLA \u0130LG\u0130L\u0130 SORUN<\/p>\n<p>\u201cFabrikalar Mahallesindeki KIPA AVM arsas\u0131ndan, Varyanttan ba\u015flay\u0131p Lara K\u0131y\u0131 band\u0131 boyunca kentin simgesel de\u011ferleri olan Falezlere kadar, darac\u0131k ada\/parsellerden, su kaynaklar\u0131na, tar\u0131msal alanlara, ye\u015fil alanlara, Ka\u015ftan Gazipa\u015fa\u2019ya, Korkuteli\u2019nden G\u00fcndo\u011fmu\u015f\u2019a kadar b\u00fct\u00fcn kamusal, \u00e7evresel ve tarihsel de\u011ferlerimizin \u00fczerine g\u00f6m\u00fclen ve g\u00f6klere y\u00fckseltilen beton bloklarla bo\u011fulmakta olan bu kentin, yeterlili\u011fini, alt yap\u0131s\u0131n\u0131 ve hepsinden \u00f6nemlisi i\u00e7inde ya\u015fayan insan\u0131n\u0131n\u00a0\u00a0ve do\u011fas\u0131n\u0131n\u00a0\u00a0gelece\u011finin d\u00fc\u015f\u00fcn\u00fclmedi\u011fi \u00e7ok a\u00e7\u0131k.\u00a0K\u0131z\u0131lar\u0131k Mahallelileri gibi yanda\u015f olmay\u0131nca kadim mekanlar\u0131ndan kap\u0131 \u00f6n\u00fcne b\u0131rak\u0131lmalar\u0131na yol veren, haks\u0131z zenginle\u015fmelere arac\u0131 olmaktan \u00e7ekinmeyen bu kentte s\u00f6z sahibi olan Merkezi veya Yerel Y\u00f6neticiler ve\u00a0\u00a0sivil kent dinamikleri dolayl\u0131 \/ dolays\u0131z, isteyerek \/ istemeyerek el birli\u011fi ile 2024 y\u0131l\u0131n\u0131 kentin gelecek y\u0131llar\u0131n\u0131n en k\u00f6t\u00fc habercisi olan bir y\u0131l haline getirmi\u015f oldular.\u201d\u00a0<\/p>\n<p>KAMU YARARI VURGUSU<\/p>\n<p>\u201cO nedenle her y\u0131l oldu\u011fu gibi yine yineliyoruz ki, Merkezi ve Yerel Y\u00f6netim yetkililerinin, ya\u015fam alanlar\u0131m\u0131za y\u00f6nelik d\u00fczenlenme ve uygulamalar\u0131nda ortaya \u00e7\u0131kan temel sorunlara, her ge\u00e7en y\u0131l daha da derinle\u015fen yoksunluklar\u0131m\u0131za, hukuksuzluklara ve yok say\u0131lmalar\u0131m\u0131za kar\u015f\u0131, esas olan\u0131n kent sakinlerinin, kent dinamiklerinin kent ya\u015fam\u0131na m\u00fcdahil olmalar\u0131d\u0131r; \u00a0uygulama ve kararlar\u0131 takip etmeleri talepte bulunmalar\u0131; itiraz etmeleri ve bu ama\u00e7la \u00f6rg\u00fctlenmeleridir.\u00a0\u201cKamusal \u00c7\u0131karlar\u0131 Esas Alan\u201d, \u201cKamusal Yetkilerini K\u00f6t\u00fcye Kullanmayan\u201d, \u201cKamusal Kaynaklar\u0131 Menfaat \u00c7evrelerinin Zenginle\u015fme Arac\u0131 Olarak G\u00f6rmeyen\u201d; A\u00e7\u0131k, Kat\u0131l\u0131mc\u0131, Demokratik ve E\u015fitlik\u00e7i ve Toplumsal Olandan Yana bir kent ya\u015fam\u0131 i\u00e7in k\u00f6ken ve inan\u00e7 fark\u0131 g\u00f6zetmeksizin bir araya gelemedi\u011fimiz s\u00fcrece ya\u015fam alanlar\u0131m\u0131z, haklar\u0131m\u0131z ve \u00f6zg\u00fcrl\u00fcklerimiz gasp edilmeye devam edecektir.\u201d<\/p>\n<p>AK\u0130P 2024 YILI KENT \u0130HLALLER\u0130 RAPORU \u0130\u00c7\u0130N TIKLAYIN<\/p>\n<p>\u200bAntalya Kent \u0130zleme Platformu (AK\u0130P), 2024 y\u0131l\u0131nda kentte yap\u0131lan ihlallere ili\u015fkin raporu a\u00e7\u0131klad\u0131. Son 10 y\u0131la vurgu yap\u0131lan raporda, Menderes T\u00fcrel ve Muhitin B\u00f6cek y\u00f6netimlerine at\u0131fta bulunuldu\u00a0<\/p>\n<p>\u200bHaberin Al\u0131nt\u0131land\u0131\u011f\u0131 Kaynak: www.antalyakorfez.com<\/p>","protected":false},"excerpt":{"rendered":"<p>Antalya Kent \u0130zleme Ptatformu (AK\u0130P) her y\u0131l oldu\u011fu gibi bu y\u0131lda bir \u00f6nceki sene ya\u015fanan kent ihlallerini raporla\u015ft\u0131rarak kamuoyuna sundu. AK\u0130P S\u00f6zc\u00fcs\u00fc Mustafa \u015eahin taraf\u0131ndan yap\u0131lan a\u00e7\u0131klamada, \u201cAntalya\u2019da 2024 y\u0131l\u0131na ait tespit etti\u011fimiz \u201ckent hakk\u0131 ihlalleri\u201d ile 10 y\u0131ll\u0131k d\u00f6nemin envanterini tamamlam\u0131\u015f oluyoruz.\u00a010 y\u0131ldan geriye kalan ilk izlenim, merkezi y\u00f6netimin izd\u00fc\u015f\u00fcm\u00fc olan T\u00fcrel Y\u00f6netimi ve sonras\u0131nda kentin piyasala\u015ft\u0131r\u0131lmas\u0131 yolunu takip eden B\u00f6cek Y\u00f6netimi pratiklerinin ya\u015fanm\u0131\u015f olmas\u0131d\u0131r\u201d denildi. YEREL SE\u00c7\u0130M HATIRLATMASI AK\u0130P S\u00f6zc\u00fcs\u00fc Mustafa \u015eahin, raporla ilgili \u015fu a\u00e7\u0131klamay\u0131 yapt\u0131: \u201c2024 y\u0131l\u0131 ise hem \u00fclkemiz i\u00e7in hem de kentimiz i\u00e7in \u00f6nemli bir se\u00e7im y\u0131l\u0131yd\u0131. Merkezde Tek Adam Y\u00f6netimi anlay\u0131\u015f\u0131 de\u011fi\u015fmedi. Ancak hemen b\u00fct\u00fcn yerel y\u00f6netimlerde Merkezi Y\u00f6netime muhalif \u00e7evrelerin oylar\u0131nda b\u00fcy\u00fck art\u0131\u015flar oldu. Antalya\u2019da bu durum rekor d\u00fczeye ula\u015ft\u0131.\u00a02024 y\u0131l\u0131 ayn\u0131 zamanda Merkezi Y\u00f6netimin kendisine muhalif yerel y\u00f6netimlere a\u00e7\u0131k\u00e7a sava\u015f a\u00e7t\u0131\u011f\u0131 y\u0131l oldu. Yayg\u0131nla\u015ft\u0131rd\u0131\u011f\u0131 kayyum atamalar\u0131, silkeleme operasyonlar\u0131, hacizler, m\u00fcfetti\u015fler, vetolar yan\u0131nda, merkezden imar planlar\u0131na m\u00fcdahaleler, \u00f6zel in\u015faat izinleri, tahsisler ve do\u011frudan yat\u0131r\u0131mlar yoluyla yerel y\u00f6netimlerin hareket alan\u0131n\u0131 daraltmak, g\u00f6zden d\u00fc\u015f\u00fcrmek ve etkisizle\u015ftirmek isteyen Merkezi Y\u00f6netim, \u00fclkenin adeta sava\u015f\/ d\u00fc\u015fman hukuku ile y\u00f6netme halini kan\u0131ksan\u0131r hale getirdi.\u201d B\u00d6CEK \u0130LE BAKANIN YAN YANA FOTO\u011eRAFI \u201cAntalya, \u00fclkenin g\u00f6zde ve bolca paraya tahvil edilebilir alanlar\u0131na sahip bir kent olma \u00f6zelli\u011fi ile Merkezi Y\u00f6netimin ve &hellip;<\/p>","protected":false},"author":0,"featured_media":0,"comment_status":"open","ping_status":"open","sticky":false,"template":"","format":"standard","meta":{"_acf_changed":false,"footnotes":""},"categories":[24,535],"tags":[],"class_list":["post-24069","post","type-post","status-publish","format-standard","has-post-thumbnail","hentry","category-gundem","category-uncategorized-tr"],"acf":[],"yoast_head":"<!-- This site is optimized with the Yoast SEO Premium plugin v26.6 (Yoast SEO v27.1.1) - https:\/\/yoast.com\/product\/yoast-seo-premium-wordpress\/ -->\n<title>AK\u0130P 2024 y\u0131l\u0131 kent ihlalleri raporunu a\u00e7\u0131klad\u0131 - Av. Deniz Can K\u0131z\u0131l<\/title>\n<meta name=\"robots\" content=\"index, follow, max-snippet:-1, max-image-preview:large, max-video-preview:-1\" \/>\n<link rel=\"canonical\" href=\"https:\/\/denizcankizil.tr\/ru\/haberler\/gundem\/akip-2024-yili-kent-ihlalleri-raporunu-acikladi\/\" \/>\n<meta property=\"og:locale\" content=\"ru_RU\" \/>\n<meta property=\"og:type\" content=\"article\" \/>\n<meta property=\"og:title\" content=\"AK\u0130P 2024 y\u0131l\u0131 kent ihlalleri raporunu a\u00e7\u0131klad\u0131\" \/>\n<meta property=\"og:description\" content=\"Antalya Kent \u0130zleme Ptatformu (AK\u0130P) her y\u0131l oldu\u011fu gibi bu y\u0131lda bir \u00f6nceki sene ya\u015fanan kent ihlallerini raporla\u015ft\u0131rarak kamuoyuna sundu. AK\u0130P S\u00f6zc\u00fcs\u00fc Mustafa \u015eahin taraf\u0131ndan yap\u0131lan a\u00e7\u0131klamada, \u201cAntalya\u2019da 2024 y\u0131l\u0131na ait tespit etti\u011fimiz \u201ckent hakk\u0131 ihlalleri\u201d ile 10 y\u0131ll\u0131k d\u00f6nemin envanterini tamamlam\u0131\u015f oluyoruz.\u00a010 y\u0131ldan geriye kalan ilk izlenim, merkezi y\u00f6netimin izd\u00fc\u015f\u00fcm\u00fc olan T\u00fcrel Y\u00f6netimi ve sonras\u0131nda kentin piyasala\u015ft\u0131r\u0131lmas\u0131 yolunu takip eden B\u00f6cek Y\u00f6netimi pratiklerinin ya\u015fanm\u0131\u015f olmas\u0131d\u0131r\u201d denildi. YEREL SE\u00c7\u0130M HATIRLATMASI AK\u0130P S\u00f6zc\u00fcs\u00fc Mustafa \u015eahin, raporla ilgili \u015fu a\u00e7\u0131klamay\u0131 yapt\u0131: \u201c2024 y\u0131l\u0131 ise hem \u00fclkemiz i\u00e7in hem de kentimiz i\u00e7in \u00f6nemli bir se\u00e7im y\u0131l\u0131yd\u0131. Merkezde Tek Adam Y\u00f6netimi anlay\u0131\u015f\u0131 de\u011fi\u015fmedi. Ancak hemen b\u00fct\u00fcn yerel y\u00f6netimlerde Merkezi Y\u00f6netime muhalif \u00e7evrelerin oylar\u0131nda b\u00fcy\u00fck art\u0131\u015flar oldu. Antalya\u2019da bu durum rekor d\u00fczeye ula\u015ft\u0131.\u00a02024 y\u0131l\u0131 ayn\u0131 zamanda Merkezi Y\u00f6netimin kendisine muhalif yerel y\u00f6netimlere a\u00e7\u0131k\u00e7a sava\u015f a\u00e7t\u0131\u011f\u0131 y\u0131l oldu. Yayg\u0131nla\u015ft\u0131rd\u0131\u011f\u0131 kayyum atamalar\u0131, silkeleme operasyonlar\u0131, hacizler, m\u00fcfetti\u015fler, vetolar yan\u0131nda, merkezden imar planlar\u0131na m\u00fcdahaleler, \u00f6zel in\u015faat izinleri, tahsisler ve do\u011frudan yat\u0131r\u0131mlar yoluyla yerel y\u00f6netimlerin hareket alan\u0131n\u0131 daraltmak, g\u00f6zden d\u00fc\u015f\u00fcrmek ve etkisizle\u015ftirmek isteyen Merkezi Y\u00f6netim, \u00fclkenin adeta sava\u015f\/ d\u00fc\u015fman hukuku ile y\u00f6netme halini kan\u0131ksan\u0131r hale getirdi.\u201d B\u00d6CEK \u0130LE BAKANIN YAN YANA FOTO\u011eRAFI \u201cAntalya, \u00fclkenin g\u00f6zde ve bolca paraya tahvil edilebilir alanlar\u0131na sahip bir kent olma \u00f6zelli\u011fi ile Merkezi Y\u00f6netimin ve &hellip;\" \/>\n<meta property=\"og:url\" content=\"https:\/\/denizcankizil.tr\/ru\/haberler\/gundem\/akip-2024-yili-kent-ihlalleri-raporunu-acikladi\/\" \/>\n<meta property=\"og:site_name\" content=\"Av. Deniz Can K\u0131z\u0131l\" \/>\n<meta property=\"article:published_time\" content=\"2025-01-06T09:42:37+00:00\" \/>\n<meta name=\"twitter:card\" content=\"summary_large_image\" \/>\n<meta name=\"twitter:label1\" content=\"\u041f\u0440\u0438\u043c\u0435\u0440\u043d\u043e\u0435 \u0432\u0440\u0435\u043c\u044f \u0434\u043b\u044f \u0447\u0442\u0435\u043d\u0438\u044f\" \/>\n\t<meta name=\"twitter:data1\" content=\"5 \u043c\u0438\u043d\u0443\u0442\" \/>\n<script type=\"application\/ld+json\" class=\"yoast-schema-graph\">{\"@context\":\"https:\/\/schema.org\",\"@graph\":[{\"@type\":\"Article\",\"@id\":\"https:\/\/denizcankizil.tr\/ru\/haberler\/gundem\/akip-2024-yili-kent-ihlalleri-raporunu-acikladi\/#article\",\"isPartOf\":{\"@id\":\"https:\/\/denizcankizil.tr\/ru\/haberler\/gundem\/akip-2024-yili-kent-ihlalleri-raporunu-acikladi\/\"},\"author\":{\"name\":\"\",\"@id\":\"\"},\"headline\":\"AK\u0130P 2024 y\u0131l\u0131 kent ihlalleri raporunu a\u00e7\u0131klad\u0131\",\"datePublished\":\"2025-01-06T09:42:37+00:00\",\"mainEntityOfPage\":{\"@id\":\"https:\/\/denizcankizil.tr\/ru\/haberler\/gundem\/akip-2024-yili-kent-ihlalleri-raporunu-acikladi\/\"},\"wordCount\":1005,\"commentCount\":0,\"publisher\":{\"@id\":\"https:\/\/denizcankizil.tr\/#organization\"},\"articleSection\":[\"G\u00fcndem\",\"Uncategorized\"],\"inLanguage\":\"ru-RU\",\"potentialAction\":[{\"@type\":\"CommentAction\",\"name\":\"Comment\",\"target\":[\"https:\/\/denizcankizil.tr\/ru\/haberler\/gundem\/akip-2024-yili-kent-ihlalleri-raporunu-acikladi\/#respond\"]}]},{\"@type\":\"WebPage\",\"@id\":\"https:\/\/denizcankizil.tr\/ru\/haberler\/gundem\/akip-2024-yili-kent-ihlalleri-raporunu-acikladi\/\",\"url\":\"https:\/\/denizcankizil.tr\/ru\/haberler\/gundem\/akip-2024-yili-kent-ihlalleri-raporunu-acikladi\/\",\"name\":\"AK\u0130P 2024 y\u0131l\u0131 kent ihlalleri raporunu a\u00e7\u0131klad\u0131 - Av. Deniz Can K\u0131z\u0131l\",\"isPartOf\":{\"@id\":\"https:\/\/denizcankizil.tr\/#website\"},\"datePublished\":\"2025-01-06T09:42:37+00:00\",\"breadcrumb\":{\"@id\":\"https:\/\/denizcankizil.tr\/ru\/haberler\/gundem\/akip-2024-yili-kent-ihlalleri-raporunu-acikladi\/#breadcrumb\"},\"inLanguage\":\"ru-RU\",\"potentialAction\":[{\"@type\":\"ReadAction\",\"target\":[\"https:\/\/denizcankizil.tr\/ru\/haberler\/gundem\/akip-2024-yili-kent-ihlalleri-raporunu-acikladi\/\"]}]},{\"@type\":\"BreadcrumbList\",\"@id\":\"https:\/\/denizcankizil.tr\/ru\/haberler\/gundem\/akip-2024-yili-kent-ihlalleri-raporunu-acikladi\/#breadcrumb\",\"itemListElement\":[{\"@type\":\"ListItem\",\"position\":1,\"name\":\"Home\",\"item\":\"https:\/\/denizcankizil.tr\/de\/\"},{\"@type\":\"ListItem\",\"position\":2,\"name\":\"AK\u0130P 2024 y\u0131l\u0131 kent ihlalleri raporunu a\u00e7\u0131klad\u0131\"}]},{\"@type\":\"WebSite\",\"@id\":\"https:\/\/denizcankizil.tr\/#website\",\"url\":\"https:\/\/denizcankizil.tr\/\",\"name\":\"Av. Deniz Can K\u0131z\u0131l\",\"description\":\"Avukat Deniz Can K\u0131z\u0131l Antalya Barosu\",\"publisher\":{\"@id\":\"https:\/\/denizcankizil.tr\/#organization\"},\"potentialAction\":[{\"@type\":\"SearchAction\",\"target\":{\"@type\":\"EntryPoint\",\"urlTemplate\":\"https:\/\/denizcankizil.tr\/?s={search_term_string}\"},\"query-input\":{\"@type\":\"PropertyValueSpecification\",\"valueRequired\":true,\"valueName\":\"search_term_string\"}}],\"inLanguage\":\"ru-RU\"},{\"@type\":\"Organization\",\"@id\":\"https:\/\/denizcankizil.tr\/#organization\",\"name\":\"Av. Deniz Can K\u0131z\u0131l\",\"url\":\"https:\/\/denizcankizil.tr\/\",\"logo\":{\"@type\":\"ImageObject\",\"inLanguage\":\"ru-RU\",\"@id\":\"https:\/\/denizcankizil.tr\/#\/schema\/logo\/image\/\",\"url\":\"https:\/\/denizcankizil.tr\/wp-content\/uploads\/2024\/10\/siyah-logo-svg.svg\",\"contentUrl\":\"https:\/\/denizcankizil.tr\/wp-content\/uploads\/2024\/10\/siyah-logo-svg.svg\",\"width\":1080,\"height\":1080,\"caption\":\"Av. Deniz Can K\u0131z\u0131l\"},\"image\":{\"@id\":\"https:\/\/denizcankizil.tr\/#\/schema\/logo\/image\/\"}}]}<\/script>\n<!-- \/ Yoast SEO Premium plugin. -->","yoast_head_json":{"title":"AK\u0130P 2024 y\u0131l\u0131 kent ihlalleri raporunu a\u00e7\u0131klad\u0131 - Av. Deniz Can K\u0131z\u0131l","robots":{"index":"index","follow":"follow","max-snippet":"max-snippet:-1","max-image-preview":"max-image-preview:large","max-video-preview":"max-video-preview:-1"},"canonical":"https:\/\/denizcankizil.tr\/ru\/haberler\/gundem\/akip-2024-yili-kent-ihlalleri-raporunu-acikladi\/","og_locale":"ru_RU","og_type":"article","og_title":"AK\u0130P 2024 y\u0131l\u0131 kent ihlalleri raporunu a\u00e7\u0131klad\u0131","og_description":"Antalya Kent \u0130zleme Ptatformu (AK\u0130P) her y\u0131l oldu\u011fu gibi bu y\u0131lda bir \u00f6nceki sene ya\u015fanan kent ihlallerini raporla\u015ft\u0131rarak kamuoyuna sundu. AK\u0130P S\u00f6zc\u00fcs\u00fc Mustafa \u015eahin taraf\u0131ndan yap\u0131lan a\u00e7\u0131klamada, \u201cAntalya\u2019da 2024 y\u0131l\u0131na ait tespit etti\u011fimiz \u201ckent hakk\u0131 ihlalleri\u201d ile 10 y\u0131ll\u0131k d\u00f6nemin envanterini tamamlam\u0131\u015f oluyoruz.\u00a010 y\u0131ldan geriye kalan ilk izlenim, merkezi y\u00f6netimin izd\u00fc\u015f\u00fcm\u00fc olan T\u00fcrel Y\u00f6netimi ve sonras\u0131nda kentin piyasala\u015ft\u0131r\u0131lmas\u0131 yolunu takip eden B\u00f6cek Y\u00f6netimi pratiklerinin ya\u015fanm\u0131\u015f olmas\u0131d\u0131r\u201d denildi. YEREL SE\u00c7\u0130M HATIRLATMASI AK\u0130P S\u00f6zc\u00fcs\u00fc Mustafa \u015eahin, raporla ilgili \u015fu a\u00e7\u0131klamay\u0131 yapt\u0131: \u201c2024 y\u0131l\u0131 ise hem \u00fclkemiz i\u00e7in hem de kentimiz i\u00e7in \u00f6nemli bir se\u00e7im y\u0131l\u0131yd\u0131. Merkezde Tek Adam Y\u00f6netimi anlay\u0131\u015f\u0131 de\u011fi\u015fmedi. Ancak hemen b\u00fct\u00fcn yerel y\u00f6netimlerde Merkezi Y\u00f6netime muhalif \u00e7evrelerin oylar\u0131nda b\u00fcy\u00fck art\u0131\u015flar oldu. Antalya\u2019da bu durum rekor d\u00fczeye ula\u015ft\u0131.\u00a02024 y\u0131l\u0131 ayn\u0131 zamanda Merkezi Y\u00f6netimin kendisine muhalif yerel y\u00f6netimlere a\u00e7\u0131k\u00e7a sava\u015f a\u00e7t\u0131\u011f\u0131 y\u0131l oldu. Yayg\u0131nla\u015ft\u0131rd\u0131\u011f\u0131 kayyum atamalar\u0131, silkeleme operasyonlar\u0131, hacizler, m\u00fcfetti\u015fler, vetolar yan\u0131nda, merkezden imar planlar\u0131na m\u00fcdahaleler, \u00f6zel in\u015faat izinleri, tahsisler ve do\u011frudan yat\u0131r\u0131mlar yoluyla yerel y\u00f6netimlerin hareket alan\u0131n\u0131 daraltmak, g\u00f6zden d\u00fc\u015f\u00fcrmek ve etkisizle\u015ftirmek isteyen Merkezi Y\u00f6netim, \u00fclkenin adeta sava\u015f\/ d\u00fc\u015fman hukuku ile y\u00f6netme halini kan\u0131ksan\u0131r hale getirdi.\u201d B\u00d6CEK \u0130LE BAKANIN YAN YANA FOTO\u011eRAFI \u201cAntalya, \u00fclkenin g\u00f6zde ve bolca paraya tahvil edilebilir alanlar\u0131na sahip bir kent olma \u00f6zelli\u011fi ile Merkezi Y\u00f6netimin ve &hellip;","og_url":"https:\/\/denizcankizil.tr\/ru\/haberler\/gundem\/akip-2024-yili-kent-ihlalleri-raporunu-acikladi\/","og_site_name":"Av. Deniz Can K\u0131z\u0131l","article_published_time":"2025-01-06T09:42:37+00:00","twitter_card":"summary_large_image","twitter_misc":{"\u041f\u0440\u0438\u043c\u0435\u0440\u043d\u043e\u0435 \u0432\u0440\u0435\u043c\u044f \u0434\u043b\u044f \u0447\u0442\u0435\u043d\u0438\u044f":"5 \u043c\u0438\u043d\u0443\u0442"},"schema":{"@context":"https:\/\/schema.org","@graph":[{"@type":"Article","@id":"https:\/\/denizcankizil.tr\/ru\/haberler\/gundem\/akip-2024-yili-kent-ihlalleri-raporunu-acikladi\/#article","isPartOf":{"@id":"https:\/\/denizcankizil.tr\/ru\/haberler\/gundem\/akip-2024-yili-kent-ihlalleri-raporunu-acikladi\/"},"author":{"name":"","@id":""},"headline":"AK\u0130P 2024 y\u0131l\u0131 kent ihlalleri raporunu a\u00e7\u0131klad\u0131","datePublished":"2025-01-06T09:42:37+00:00","mainEntityOfPage":{"@id":"https:\/\/denizcankizil.tr\/ru\/haberler\/gundem\/akip-2024-yili-kent-ihlalleri-raporunu-acikladi\/"},"wordCount":1005,"commentCount":0,"publisher":{"@id":"https:\/\/denizcankizil.tr\/#organization"},"articleSection":["G\u00fcndem","Uncategorized"],"inLanguage":"ru-RU","potentialAction":[{"@type":"CommentAction","name":"Comment","target":["https:\/\/denizcankizil.tr\/ru\/haberler\/gundem\/akip-2024-yili-kent-ihlalleri-raporunu-acikladi\/#respond"]}]},{"@type":"WebPage","@id":"https:\/\/denizcankizil.tr\/ru\/haberler\/gundem\/akip-2024-yili-kent-ihlalleri-raporunu-acikladi\/","url":"https:\/\/denizcankizil.tr\/ru\/haberler\/gundem\/akip-2024-yili-kent-ihlalleri-raporunu-acikladi\/","name":"AK\u0130P 2024 y\u0131l\u0131 kent ihlalleri raporunu a\u00e7\u0131klad\u0131 - Av. Deniz Can K\u0131z\u0131l","isPartOf":{"@id":"https:\/\/denizcankizil.tr\/#website"},"datePublished":"2025-01-06T09:42:37+00:00","breadcrumb":{"@id":"https:\/\/denizcankizil.tr\/ru\/haberler\/gundem\/akip-2024-yili-kent-ihlalleri-raporunu-acikladi\/#breadcrumb"},"inLanguage":"ru-RU","potentialAction":[{"@type":"ReadAction","target":["https:\/\/denizcankizil.tr\/ru\/haberler\/gundem\/akip-2024-yili-kent-ihlalleri-raporunu-acikladi\/"]}]},{"@type":"BreadcrumbList","@id":"https:\/\/denizcankizil.tr\/ru\/haberler\/gundem\/akip-2024-yili-kent-ihlalleri-raporunu-acikladi\/#breadcrumb","itemListElement":[{"@type":"ListItem","position":1,"name":"Home","item":"https:\/\/denizcankizil.tr\/de\/"},{"@type":"ListItem","position":2,"name":"AK\u0130P 2024 y\u0131l\u0131 kent ihlalleri raporunu a\u00e7\u0131klad\u0131"}]},{"@type":"WebSite","@id":"https:\/\/denizcankizil.tr\/#website","url":"https:\/\/denizcankizil.tr\/","name":"Av. Deniz Can K\u0131z\u0131l","description":"Avukat Deniz Can K\u0131z\u0131l Antalya Barosu","publisher":{"@id":"https:\/\/denizcankizil.tr\/#organization"},"potentialAction":[{"@type":"SearchAction","target":{"@type":"EntryPoint","urlTemplate":"https:\/\/denizcankizil.tr\/?s={search_term_string}"},"query-input":{"@type":"PropertyValueSpecification","valueRequired":true,"valueName":"search_term_string"}}],"inLanguage":"ru-RU"},{"@type":"Organization","@id":"https:\/\/denizcankizil.tr\/#organization","name":"Av. Deniz Can K\u0131z\u0131l","url":"https:\/\/denizcankizil.tr\/","logo":{"@type":"ImageObject","inLanguage":"ru-RU","@id":"https:\/\/denizcankizil.tr\/#\/schema\/logo\/image\/","url":"https:\/\/denizcankizil.tr\/wp-content\/uploads\/2024\/10\/siyah-logo-svg.svg","contentUrl":"https:\/\/denizcankizil.tr\/wp-content\/uploads\/2024\/10\/siyah-logo-svg.svg","width":1080,"height":1080,"caption":"Av. Deniz Can K\u0131z\u0131l"},"image":{"@id":"https:\/\/denizcankizil.tr\/#\/schema\/logo\/image\/"}}]}},"_links":{"self":[{"href":"https:\/\/denizcankizil.tr\/ru\/wp-json\/wp\/v2\/posts\/24069","targetHints":{"allow":["GET"]}}],"collection":[{"href":"https:\/\/denizcankizil.tr\/ru\/wp-json\/wp\/v2\/posts"}],"about":[{"href":"https:\/\/denizcankizil.tr\/ru\/wp-json\/wp\/v2\/types\/post"}],"replies":[{"embeddable":true,"href":"https:\/\/denizcankizil.tr\/ru\/wp-json\/wp\/v2\/comments?post=24069"}],"version-history":[{"count":0,"href":"https:\/\/denizcankizil.tr\/ru\/wp-json\/wp\/v2\/posts\/24069\/revisions"}],"wp:attachment":[{"href":"https:\/\/denizcankizil.tr\/ru\/wp-json\/wp\/v2\/media?parent=24069"}],"wp:term":[{"taxonomy":"category","embeddable":true,"href":"https:\/\/denizcankizil.tr\/ru\/wp-json\/wp\/v2\/categories?post=24069"},{"taxonomy":"post_tag","embeddable":true,"href":"https:\/\/denizcankizil.tr\/ru\/wp-json\/wp\/v2\/tags?post=24069"}],"curies":[{"name":"wp","href":"https:\/\/api.w.org\/{rel}","templated":true}]}}