{"id":23954,"date":"2025-01-05T17:41:14","date_gmt":"2025-01-05T14:41:14","guid":{"rendered":"https:\/\/denizcankizil.tr\/uncategorized-tr\/antalyanin-kaldirimlarinda-yurumek-hayal-oldu\/"},"modified":"2025-01-05T17:41:14","modified_gmt":"2025-01-05T14:41:14","slug":"antalyanin-kaldirimlarinda-yurumek-hayal-oldu","status":"publish","type":"post","link":"https:\/\/denizcankizil.tr\/ru\/haberler\/gundem\/antalyanin-kaldirimlarinda-yurumek-hayal-oldu\/","title":{"rendered":"Antalya\u2019n\u0131n kald\u0131r\u0131mlar\u0131nda y\u00fcr\u00fcmek hayal oldu"},"content":{"rendered":"<p>Antalya\u2019da \u201ckald\u0131r\u0131m al\u0131\u015fveri\u015f merkezi\u201d olarak bilinen Sigorta Hastanesi ile \u00c7ar\u015famba Pazar\u0131 aras\u0131nda kalan b\u00f6lgede 50 TL\u2019ye ti\u015f\u00f6rt, 100 TL\u2019ye pantolon sat\u0131l\u0131yor. B\u00f6lgede ayakkab\u0131 \u00fcr\u00fcnleri de b\u00fcy\u00fck ilgi g\u00f6r\u00fcyor. \u00c7ar\u015famba ve Pazar g\u00fcnleri kurulan semt pazar\u0131na giden Antalyal\u0131lar, kald\u0131r\u0131m\u0131 zapt eden i\u015fportac\u0131lar y\u00fcz\u00fcnden y\u00fcr\u00fcmekte dahi zorlan\u0131yor. \u0130\u015fportac\u0131lar nedeniyle b\u00f6lgede trafik ak\u0131\u015f\u0131nda da aksamalar ya\u015fan\u0131yor.\u00a0<\/p>\n<p>SEMT PAZARCILARI ODASINDAN TEPK\u0130<\/p>\n<p>Antalya\u2019n\u0131n Muratpa\u015fa il\u00e7esine ba\u011fl\u0131 Cumhuriyet Mahallesinde kurulan pazar yerinin yo\u011funlu\u011fu, seyyar sat\u0131\u015f\u0131 ve i\u015fportac\u0131lar\u0131n sat\u0131\u015f\u0131n\u0131 cazip hale getiriyor. Seyyar sat\u0131c\u0131lar, semt pazar\u0131n\u0131n \u00e7evresindeki kald\u0131r\u0131mlar\u0131 i\u015fgal ediyor ve bu b\u00f6lgeleri kendi aralar\u0131nda payla\u015f\u0131yorlar. Bir sat\u0131c\u0131n\u0131n kald\u0131r\u0131ma tezgah a\u00e7t\u0131\u011f\u0131n\u0131 g\u00f6ren ba\u015fka bir sat\u0131c\u0131, ayn\u0131 b\u00f6lgeyi kullanmak istedi\u011finde, kald\u0131r\u0131m\u0131 devralarak kullanabiliyor. Antalya Semt Pazarc\u0131lar Odas\u0131 Ba\u015fkan\u0131 Metin Bucak, pazarc\u0131 esnaf\u0131n\u0131n \u015fikayetlerinin hala \u00e7\u00f6z\u00fcme kavu\u015fmad\u0131\u011f\u0131n\u0131 ifade etti.<\/p>\n<p>KALDIRIM \u0130\u015eGALLER\u0130N\u0130N \u00d6N\u00dcNE GE\u00c7\u0130LMEL\u0130<\/p>\n<p>Seyyar sat\u0131c\u0131lar aras\u0131nda zaman zaman \u00e7at\u0131\u015fmalar ya\u015fand\u0131\u011f\u0131n\u0131 ve istenmeyen olaylar\u0131n ya\u015fanma riskinin oldu\u011funu belirten Metin Bucak, pazarc\u0131 esnaf\u0131n\u0131n bu sorun kar\u015f\u0131s\u0131nda \u00e7\u00f6z\u00fcm bekledi\u011fini vurgulad\u0131. Antalya&#8217;da toplamda 110 semt pazar\u0131 bulunuyor ve bu pazarlarda g\u00fcnde 5 merkez il\u00e7ede i\u015flem yap\u0131ld\u0131\u011f\u0131n\u0131 belirten Bucak, \u201cAntalya merkez il\u00e7elerinde toplamda 4 bin 500 esnaf\u0131m\u0131z var. Ayr\u0131ca kay\u0131t d\u0131\u015f\u0131 sat\u0131\u015f yapan bir\u00e7ok seyyar sat\u0131c\u0131 da bulunuyor. Bu, vergi kayb\u0131na yol a\u00e7\u0131yor. Odan\u0131n hemen kar\u015f\u0131s\u0131ndaki kald\u0131r\u0131m\u0131, bir seyyar sat\u0131c\u0131n\u0131n 17 bin 500 liraya devretti\u011fini duyunca \u015fa\u015f\u0131rd\u0131m. Sanki tapulu m\u00fclk sat\u0131l\u0131yormu\u015f gibi. Kald\u0131r\u0131m\u0131 birbirlerine sat\u0131yorlar ve aralar\u0131nda tahsis ediyorlar\u201d dedi.<\/p>\n<p>\u00a0<\/p>\n<p>\u200bAntalya\u2019da Muratpa\u015fa il\u00e7esinde bulunan Atat\u00fcrk Devlet Hastanesi&#8217;nin kald\u0131r\u0131m\u0131nda i\u015fgallerini s\u00fcrd\u00fcren i\u015fportac\u0131lar, sadece yayalar\u0131n y\u00fcr\u00fcy\u00fc\u015f yolunu de\u011fil, trafi\u011fin de aksamas\u0131na neden olmaya ba\u015flad\u0131\u00a0<\/p>\n<p>\u200bHaberin Al\u0131nt\u0131land\u0131\u011f\u0131 Kaynak: www.antalyakorfez.com<\/p>","protected":false},"excerpt":{"rendered":"<p>Antalya\u2019da \u201ckald\u0131r\u0131m al\u0131\u015fveri\u015f merkezi\u201d olarak bilinen Sigorta Hastanesi ile \u00c7ar\u015famba Pazar\u0131 aras\u0131nda kalan b\u00f6lgede 50 TL\u2019ye ti\u015f\u00f6rt, 100 TL\u2019ye pantolon sat\u0131l\u0131yor. B\u00f6lgede ayakkab\u0131 \u00fcr\u00fcnleri de b\u00fcy\u00fck ilgi g\u00f6r\u00fcyor. \u00c7ar\u015famba ve Pazar g\u00fcnleri kurulan semt pazar\u0131na giden Antalyal\u0131lar, kald\u0131r\u0131m\u0131 zapt eden i\u015fportac\u0131lar y\u00fcz\u00fcnden y\u00fcr\u00fcmekte dahi zorlan\u0131yor. \u0130\u015fportac\u0131lar nedeniyle b\u00f6lgede trafik ak\u0131\u015f\u0131nda da aksamalar ya\u015fan\u0131yor.\u00a0 SEMT PAZARCILARI ODASINDAN TEPK\u0130 Antalya\u2019n\u0131n Muratpa\u015fa il\u00e7esine ba\u011fl\u0131 Cumhuriyet Mahallesinde kurulan pazar yerinin yo\u011funlu\u011fu, seyyar sat\u0131\u015f\u0131 ve i\u015fportac\u0131lar\u0131n sat\u0131\u015f\u0131n\u0131 cazip hale getiriyor. Seyyar sat\u0131c\u0131lar, semt pazar\u0131n\u0131n \u00e7evresindeki kald\u0131r\u0131mlar\u0131 i\u015fgal ediyor ve bu b\u00f6lgeleri kendi aralar\u0131nda payla\u015f\u0131yorlar. Bir sat\u0131c\u0131n\u0131n kald\u0131r\u0131ma tezgah a\u00e7t\u0131\u011f\u0131n\u0131 g\u00f6ren ba\u015fka bir sat\u0131c\u0131, ayn\u0131 b\u00f6lgeyi kullanmak istedi\u011finde, kald\u0131r\u0131m\u0131 devralarak kullanabiliyor. Antalya Semt Pazarc\u0131lar Odas\u0131 Ba\u015fkan\u0131 Metin Bucak, pazarc\u0131 esnaf\u0131n\u0131n \u015fikayetlerinin hala \u00e7\u00f6z\u00fcme kavu\u015fmad\u0131\u011f\u0131n\u0131 ifade etti. KALDIRIM \u0130\u015eGALLER\u0130N\u0130N \u00d6N\u00dcNE GE\u00c7\u0130LMEL\u0130 Seyyar sat\u0131c\u0131lar aras\u0131nda zaman zaman \u00e7at\u0131\u015fmalar ya\u015fand\u0131\u011f\u0131n\u0131 ve istenmeyen olaylar\u0131n ya\u015fanma riskinin oldu\u011funu belirten Metin Bucak, pazarc\u0131 esnaf\u0131n\u0131n bu sorun kar\u015f\u0131s\u0131nda \u00e7\u00f6z\u00fcm bekledi\u011fini vurgulad\u0131. Antalya&#8217;da toplamda 110 semt pazar\u0131 bulunuyor ve bu pazarlarda g\u00fcnde 5 merkez il\u00e7ede i\u015flem yap\u0131ld\u0131\u011f\u0131n\u0131 belirten Bucak, \u201cAntalya merkez il\u00e7elerinde toplamda 4 bin 500 esnaf\u0131m\u0131z var. Ayr\u0131ca kay\u0131t d\u0131\u015f\u0131 sat\u0131\u015f yapan bir\u00e7ok seyyar sat\u0131c\u0131 da bulunuyor. Bu, vergi kayb\u0131na yol a\u00e7\u0131yor. Odan\u0131n hemen kar\u015f\u0131s\u0131ndaki kald\u0131r\u0131m\u0131, bir seyyar sat\u0131c\u0131n\u0131n 17 bin 500 liraya &hellip;<\/p>","protected":false},"author":0,"featured_media":0,"comment_status":"open","ping_status":"open","sticky":false,"template":"","format":"standard","meta":{"_acf_changed":false,"footnotes":""},"categories":[24,535],"tags":[],"class_list":["post-23954","post","type-post","status-publish","format-standard","has-post-thumbnail","hentry","category-gundem","category-uncategorized-tr"],"acf":[],"yoast_head":"<!-- This site is optimized with the Yoast SEO Premium plugin v26.6 (Yoast SEO v27.1.1) - https:\/\/yoast.com\/product\/yoast-seo-premium-wordpress\/ -->\n<title>Antalya\u2019n\u0131n kald\u0131r\u0131mlar\u0131nda y\u00fcr\u00fcmek hayal oldu - Av. Deniz Can K\u0131z\u0131l<\/title>\n<meta name=\"robots\" content=\"index, follow, max-snippet:-1, max-image-preview:large, max-video-preview:-1\" \/>\n<link rel=\"canonical\" href=\"https:\/\/denizcankizil.tr\/ru\/haberler\/gundem\/antalyanin-kaldirimlarinda-yurumek-hayal-oldu\/\" \/>\n<meta property=\"og:locale\" content=\"ru_RU\" \/>\n<meta property=\"og:type\" content=\"article\" \/>\n<meta property=\"og:title\" content=\"Antalya\u2019n\u0131n kald\u0131r\u0131mlar\u0131nda y\u00fcr\u00fcmek hayal oldu\" \/>\n<meta property=\"og:description\" content=\"Antalya\u2019da \u201ckald\u0131r\u0131m al\u0131\u015fveri\u015f merkezi\u201d olarak bilinen Sigorta Hastanesi ile \u00c7ar\u015famba Pazar\u0131 aras\u0131nda kalan b\u00f6lgede 50 TL\u2019ye ti\u015f\u00f6rt, 100 TL\u2019ye pantolon sat\u0131l\u0131yor. B\u00f6lgede ayakkab\u0131 \u00fcr\u00fcnleri de b\u00fcy\u00fck ilgi g\u00f6r\u00fcyor. \u00c7ar\u015famba ve Pazar g\u00fcnleri kurulan semt pazar\u0131na giden Antalyal\u0131lar, kald\u0131r\u0131m\u0131 zapt eden i\u015fportac\u0131lar y\u00fcz\u00fcnden y\u00fcr\u00fcmekte dahi zorlan\u0131yor. \u0130\u015fportac\u0131lar nedeniyle b\u00f6lgede trafik ak\u0131\u015f\u0131nda da aksamalar ya\u015fan\u0131yor.\u00a0 SEMT PAZARCILARI ODASINDAN TEPK\u0130 Antalya\u2019n\u0131n Muratpa\u015fa il\u00e7esine ba\u011fl\u0131 Cumhuriyet Mahallesinde kurulan pazar yerinin yo\u011funlu\u011fu, seyyar sat\u0131\u015f\u0131 ve i\u015fportac\u0131lar\u0131n sat\u0131\u015f\u0131n\u0131 cazip hale getiriyor. Seyyar sat\u0131c\u0131lar, semt pazar\u0131n\u0131n \u00e7evresindeki kald\u0131r\u0131mlar\u0131 i\u015fgal ediyor ve bu b\u00f6lgeleri kendi aralar\u0131nda payla\u015f\u0131yorlar. Bir sat\u0131c\u0131n\u0131n kald\u0131r\u0131ma tezgah a\u00e7t\u0131\u011f\u0131n\u0131 g\u00f6ren ba\u015fka bir sat\u0131c\u0131, ayn\u0131 b\u00f6lgeyi kullanmak istedi\u011finde, kald\u0131r\u0131m\u0131 devralarak kullanabiliyor. Antalya Semt Pazarc\u0131lar Odas\u0131 Ba\u015fkan\u0131 Metin Bucak, pazarc\u0131 esnaf\u0131n\u0131n \u015fikayetlerinin hala \u00e7\u00f6z\u00fcme kavu\u015fmad\u0131\u011f\u0131n\u0131 ifade etti. KALDIRIM \u0130\u015eGALLER\u0130N\u0130N \u00d6N\u00dcNE GE\u00c7\u0130LMEL\u0130 Seyyar sat\u0131c\u0131lar aras\u0131nda zaman zaman \u00e7at\u0131\u015fmalar ya\u015fand\u0131\u011f\u0131n\u0131 ve istenmeyen olaylar\u0131n ya\u015fanma riskinin oldu\u011funu belirten Metin Bucak, pazarc\u0131 esnaf\u0131n\u0131n bu sorun kar\u015f\u0131s\u0131nda \u00e7\u00f6z\u00fcm bekledi\u011fini vurgulad\u0131. Antalya&#8217;da toplamda 110 semt pazar\u0131 bulunuyor ve bu pazarlarda g\u00fcnde 5 merkez il\u00e7ede i\u015flem yap\u0131ld\u0131\u011f\u0131n\u0131 belirten Bucak, \u201cAntalya merkez il\u00e7elerinde toplamda 4 bin 500 esnaf\u0131m\u0131z var. Ayr\u0131ca kay\u0131t d\u0131\u015f\u0131 sat\u0131\u015f yapan bir\u00e7ok seyyar sat\u0131c\u0131 da bulunuyor. Bu, vergi kayb\u0131na yol a\u00e7\u0131yor. Odan\u0131n hemen kar\u015f\u0131s\u0131ndaki kald\u0131r\u0131m\u0131, bir seyyar sat\u0131c\u0131n\u0131n 17 bin 500 liraya &hellip;\" \/>\n<meta property=\"og:url\" content=\"https:\/\/denizcankizil.tr\/ru\/haberler\/gundem\/antalyanin-kaldirimlarinda-yurumek-hayal-oldu\/\" \/>\n<meta property=\"og:site_name\" content=\"Av. Deniz Can K\u0131z\u0131l\" \/>\n<meta property=\"article:published_time\" content=\"2025-01-05T14:41:14+00:00\" \/>\n<meta name=\"twitter:card\" content=\"summary_large_image\" \/>\n<meta name=\"twitter:label1\" content=\"\u041f\u0440\u0438\u043c\u0435\u0440\u043d\u043e\u0435 \u0432\u0440\u0435\u043c\u044f \u0434\u043b\u044f \u0447\u0442\u0435\u043d\u0438\u044f\" \/>\n\t<meta name=\"twitter:data1\" content=\"2 \u043c\u0438\u043d\u0443\u0442\u044b\" \/>\n<script type=\"application\/ld+json\" class=\"yoast-schema-graph\">{\"@context\":\"https:\/\/schema.org\",\"@graph\":[{\"@type\":\"Article\",\"@id\":\"https:\/\/denizcankizil.tr\/ru\/haberler\/gundem\/antalyanin-kaldirimlarinda-yurumek-hayal-oldu\/#article\",\"isPartOf\":{\"@id\":\"https:\/\/denizcankizil.tr\/ru\/haberler\/gundem\/antalyanin-kaldirimlarinda-yurumek-hayal-oldu\/\"},\"author\":{\"name\":\"\",\"@id\":\"\"},\"headline\":\"Antalya\u2019n\u0131n kald\u0131r\u0131mlar\u0131nda y\u00fcr\u00fcmek hayal oldu\",\"datePublished\":\"2025-01-05T14:41:14+00:00\",\"mainEntityOfPage\":{\"@id\":\"https:\/\/denizcankizil.tr\/ru\/haberler\/gundem\/antalyanin-kaldirimlarinda-yurumek-hayal-oldu\/\"},\"wordCount\":400,\"commentCount\":0,\"publisher\":{\"@id\":\"https:\/\/denizcankizil.tr\/de\/#organization\"},\"articleSection\":[\"G\u00fcndem\",\"Uncategorized\"],\"inLanguage\":\"ru-RU\",\"potentialAction\":[{\"@type\":\"CommentAction\",\"name\":\"Comment\",\"target\":[\"https:\/\/denizcankizil.tr\/ru\/haberler\/gundem\/antalyanin-kaldirimlarinda-yurumek-hayal-oldu\/#respond\"]}]},{\"@type\":\"WebPage\",\"@id\":\"https:\/\/denizcankizil.tr\/ru\/haberler\/gundem\/antalyanin-kaldirimlarinda-yurumek-hayal-oldu\/\",\"url\":\"https:\/\/denizcankizil.tr\/ru\/haberler\/gundem\/antalyanin-kaldirimlarinda-yurumek-hayal-oldu\/\",\"name\":\"Antalya\u2019n\u0131n kald\u0131r\u0131mlar\u0131nda y\u00fcr\u00fcmek hayal oldu - Av. Deniz Can K\u0131z\u0131l\",\"isPartOf\":{\"@id\":\"https:\/\/denizcankizil.tr\/de\/#website\"},\"datePublished\":\"2025-01-05T14:41:14+00:00\",\"breadcrumb\":{\"@id\":\"https:\/\/denizcankizil.tr\/ru\/haberler\/gundem\/antalyanin-kaldirimlarinda-yurumek-hayal-oldu\/#breadcrumb\"},\"inLanguage\":\"ru-RU\",\"potentialAction\":[{\"@type\":\"ReadAction\",\"target\":[\"https:\/\/denizcankizil.tr\/ru\/haberler\/gundem\/antalyanin-kaldirimlarinda-yurumek-hayal-oldu\/\"]}]},{\"@type\":\"BreadcrumbList\",\"@id\":\"https:\/\/denizcankizil.tr\/ru\/haberler\/gundem\/antalyanin-kaldirimlarinda-yurumek-hayal-oldu\/#breadcrumb\",\"itemListElement\":[{\"@type\":\"ListItem\",\"position\":1,\"name\":\"Home\",\"item\":\"https:\/\/denizcankizil.tr\/de\/\"},{\"@type\":\"ListItem\",\"position\":2,\"name\":\"Antalya\u2019n\u0131n kald\u0131r\u0131mlar\u0131nda y\u00fcr\u00fcmek hayal oldu\"}]},{\"@type\":\"WebSite\",\"@id\":\"https:\/\/denizcankizil.tr\/de\/#website\",\"url\":\"https:\/\/denizcankizil.tr\/de\/\",\"name\":\"Av. Deniz Can K\u0131z\u0131l\",\"description\":\"Avukat Deniz Can K\u0131z\u0131l Antalya Barosu\",\"publisher\":{\"@id\":\"https:\/\/denizcankizil.tr\/de\/#organization\"},\"potentialAction\":[{\"@type\":\"SearchAction\",\"target\":{\"@type\":\"EntryPoint\",\"urlTemplate\":\"https:\/\/denizcankizil.tr\/de\/?s={search_term_string}\"},\"query-input\":{\"@type\":\"PropertyValueSpecification\",\"valueRequired\":true,\"valueName\":\"search_term_string\"}}],\"inLanguage\":\"ru-RU\"},{\"@type\":\"Organization\",\"@id\":\"https:\/\/denizcankizil.tr\/de\/#organization\",\"name\":\"Av. Deniz Can K\u0131z\u0131l\",\"url\":\"https:\/\/denizcankizil.tr\/de\/\",\"logo\":{\"@type\":\"ImageObject\",\"inLanguage\":\"ru-RU\",\"@id\":\"https:\/\/denizcankizil.tr\/de\/#\/schema\/logo\/image\/\",\"url\":\"https:\/\/denizcankizil.tr\/wp-content\/uploads\/2024\/10\/siyah-logo-svg.svg\",\"contentUrl\":\"https:\/\/denizcankizil.tr\/wp-content\/uploads\/2024\/10\/siyah-logo-svg.svg\",\"width\":1080,\"height\":1080,\"caption\":\"Av. Deniz Can K\u0131z\u0131l\"},\"image\":{\"@id\":\"https:\/\/denizcankizil.tr\/de\/#\/schema\/logo\/image\/\"}}]}<\/script>\n<!-- \/ Yoast SEO Premium plugin. -->","yoast_head_json":{"title":"Antalya\u2019n\u0131n kald\u0131r\u0131mlar\u0131nda y\u00fcr\u00fcmek hayal oldu - Av. Deniz Can K\u0131z\u0131l","robots":{"index":"index","follow":"follow","max-snippet":"max-snippet:-1","max-image-preview":"max-image-preview:large","max-video-preview":"max-video-preview:-1"},"canonical":"https:\/\/denizcankizil.tr\/ru\/haberler\/gundem\/antalyanin-kaldirimlarinda-yurumek-hayal-oldu\/","og_locale":"ru_RU","og_type":"article","og_title":"Antalya\u2019n\u0131n kald\u0131r\u0131mlar\u0131nda y\u00fcr\u00fcmek hayal oldu","og_description":"Antalya\u2019da \u201ckald\u0131r\u0131m al\u0131\u015fveri\u015f merkezi\u201d olarak bilinen Sigorta Hastanesi ile \u00c7ar\u015famba Pazar\u0131 aras\u0131nda kalan b\u00f6lgede 50 TL\u2019ye ti\u015f\u00f6rt, 100 TL\u2019ye pantolon sat\u0131l\u0131yor. B\u00f6lgede ayakkab\u0131 \u00fcr\u00fcnleri de b\u00fcy\u00fck ilgi g\u00f6r\u00fcyor. \u00c7ar\u015famba ve Pazar g\u00fcnleri kurulan semt pazar\u0131na giden Antalyal\u0131lar, kald\u0131r\u0131m\u0131 zapt eden i\u015fportac\u0131lar y\u00fcz\u00fcnden y\u00fcr\u00fcmekte dahi zorlan\u0131yor. \u0130\u015fportac\u0131lar nedeniyle b\u00f6lgede trafik ak\u0131\u015f\u0131nda da aksamalar ya\u015fan\u0131yor.\u00a0 SEMT PAZARCILARI ODASINDAN TEPK\u0130 Antalya\u2019n\u0131n Muratpa\u015fa il\u00e7esine ba\u011fl\u0131 Cumhuriyet Mahallesinde kurulan pazar yerinin yo\u011funlu\u011fu, seyyar sat\u0131\u015f\u0131 ve i\u015fportac\u0131lar\u0131n sat\u0131\u015f\u0131n\u0131 cazip hale getiriyor. Seyyar sat\u0131c\u0131lar, semt pazar\u0131n\u0131n \u00e7evresindeki kald\u0131r\u0131mlar\u0131 i\u015fgal ediyor ve bu b\u00f6lgeleri kendi aralar\u0131nda payla\u015f\u0131yorlar. Bir sat\u0131c\u0131n\u0131n kald\u0131r\u0131ma tezgah a\u00e7t\u0131\u011f\u0131n\u0131 g\u00f6ren ba\u015fka bir sat\u0131c\u0131, ayn\u0131 b\u00f6lgeyi kullanmak istedi\u011finde, kald\u0131r\u0131m\u0131 devralarak kullanabiliyor. Antalya Semt Pazarc\u0131lar Odas\u0131 Ba\u015fkan\u0131 Metin Bucak, pazarc\u0131 esnaf\u0131n\u0131n \u015fikayetlerinin hala \u00e7\u00f6z\u00fcme kavu\u015fmad\u0131\u011f\u0131n\u0131 ifade etti. KALDIRIM \u0130\u015eGALLER\u0130N\u0130N \u00d6N\u00dcNE GE\u00c7\u0130LMEL\u0130 Seyyar sat\u0131c\u0131lar aras\u0131nda zaman zaman \u00e7at\u0131\u015fmalar ya\u015fand\u0131\u011f\u0131n\u0131 ve istenmeyen olaylar\u0131n ya\u015fanma riskinin oldu\u011funu belirten Metin Bucak, pazarc\u0131 esnaf\u0131n\u0131n bu sorun kar\u015f\u0131s\u0131nda \u00e7\u00f6z\u00fcm bekledi\u011fini vurgulad\u0131. Antalya&#8217;da toplamda 110 semt pazar\u0131 bulunuyor ve bu pazarlarda g\u00fcnde 5 merkez il\u00e7ede i\u015flem yap\u0131ld\u0131\u011f\u0131n\u0131 belirten Bucak, \u201cAntalya merkez il\u00e7elerinde toplamda 4 bin 500 esnaf\u0131m\u0131z var. Ayr\u0131ca kay\u0131t d\u0131\u015f\u0131 sat\u0131\u015f yapan bir\u00e7ok seyyar sat\u0131c\u0131 da bulunuyor. Bu, vergi kayb\u0131na yol a\u00e7\u0131yor. Odan\u0131n hemen kar\u015f\u0131s\u0131ndaki kald\u0131r\u0131m\u0131, bir seyyar sat\u0131c\u0131n\u0131n 17 bin 500 liraya &hellip;","og_url":"https:\/\/denizcankizil.tr\/ru\/haberler\/gundem\/antalyanin-kaldirimlarinda-yurumek-hayal-oldu\/","og_site_name":"Av. Deniz Can K\u0131z\u0131l","article_published_time":"2025-01-05T14:41:14+00:00","twitter_card":"summary_large_image","twitter_misc":{"\u041f\u0440\u0438\u043c\u0435\u0440\u043d\u043e\u0435 \u0432\u0440\u0435\u043c\u044f \u0434\u043b\u044f \u0447\u0442\u0435\u043d\u0438\u044f":"2 \u043c\u0438\u043d\u0443\u0442\u044b"},"schema":{"@context":"https:\/\/schema.org","@graph":[{"@type":"Article","@id":"https:\/\/denizcankizil.tr\/ru\/haberler\/gundem\/antalyanin-kaldirimlarinda-yurumek-hayal-oldu\/#article","isPartOf":{"@id":"https:\/\/denizcankizil.tr\/ru\/haberler\/gundem\/antalyanin-kaldirimlarinda-yurumek-hayal-oldu\/"},"author":{"name":"","@id":""},"headline":"Antalya\u2019n\u0131n kald\u0131r\u0131mlar\u0131nda y\u00fcr\u00fcmek hayal oldu","datePublished":"2025-01-05T14:41:14+00:00","mainEntityOfPage":{"@id":"https:\/\/denizcankizil.tr\/ru\/haberler\/gundem\/antalyanin-kaldirimlarinda-yurumek-hayal-oldu\/"},"wordCount":400,"commentCount":0,"publisher":{"@id":"https:\/\/denizcankizil.tr\/de\/#organization"},"articleSection":["G\u00fcndem","Uncategorized"],"inLanguage":"ru-RU","potentialAction":[{"@type":"CommentAction","name":"Comment","target":["https:\/\/denizcankizil.tr\/ru\/haberler\/gundem\/antalyanin-kaldirimlarinda-yurumek-hayal-oldu\/#respond"]}]},{"@type":"WebPage","@id":"https:\/\/denizcankizil.tr\/ru\/haberler\/gundem\/antalyanin-kaldirimlarinda-yurumek-hayal-oldu\/","url":"https:\/\/denizcankizil.tr\/ru\/haberler\/gundem\/antalyanin-kaldirimlarinda-yurumek-hayal-oldu\/","name":"Antalya\u2019n\u0131n kald\u0131r\u0131mlar\u0131nda y\u00fcr\u00fcmek hayal oldu - Av. Deniz Can K\u0131z\u0131l","isPartOf":{"@id":"https:\/\/denizcankizil.tr\/de\/#website"},"datePublished":"2025-01-05T14:41:14+00:00","breadcrumb":{"@id":"https:\/\/denizcankizil.tr\/ru\/haberler\/gundem\/antalyanin-kaldirimlarinda-yurumek-hayal-oldu\/#breadcrumb"},"inLanguage":"ru-RU","potentialAction":[{"@type":"ReadAction","target":["https:\/\/denizcankizil.tr\/ru\/haberler\/gundem\/antalyanin-kaldirimlarinda-yurumek-hayal-oldu\/"]}]},{"@type":"BreadcrumbList","@id":"https:\/\/denizcankizil.tr\/ru\/haberler\/gundem\/antalyanin-kaldirimlarinda-yurumek-hayal-oldu\/#breadcrumb","itemListElement":[{"@type":"ListItem","position":1,"name":"Home","item":"https:\/\/denizcankizil.tr\/de\/"},{"@type":"ListItem","position":2,"name":"Antalya\u2019n\u0131n kald\u0131r\u0131mlar\u0131nda y\u00fcr\u00fcmek hayal oldu"}]},{"@type":"WebSite","@id":"https:\/\/denizcankizil.tr\/de\/#website","url":"https:\/\/denizcankizil.tr\/de\/","name":"Av. Deniz Can K\u0131z\u0131l","description":"Avukat Deniz Can K\u0131z\u0131l Antalya Barosu","publisher":{"@id":"https:\/\/denizcankizil.tr\/de\/#organization"},"potentialAction":[{"@type":"SearchAction","target":{"@type":"EntryPoint","urlTemplate":"https:\/\/denizcankizil.tr\/de\/?s={search_term_string}"},"query-input":{"@type":"PropertyValueSpecification","valueRequired":true,"valueName":"search_term_string"}}],"inLanguage":"ru-RU"},{"@type":"Organization","@id":"https:\/\/denizcankizil.tr\/de\/#organization","name":"Av. Deniz Can K\u0131z\u0131l","url":"https:\/\/denizcankizil.tr\/de\/","logo":{"@type":"ImageObject","inLanguage":"ru-RU","@id":"https:\/\/denizcankizil.tr\/de\/#\/schema\/logo\/image\/","url":"https:\/\/denizcankizil.tr\/wp-content\/uploads\/2024\/10\/siyah-logo-svg.svg","contentUrl":"https:\/\/denizcankizil.tr\/wp-content\/uploads\/2024\/10\/siyah-logo-svg.svg","width":1080,"height":1080,"caption":"Av. Deniz Can K\u0131z\u0131l"},"image":{"@id":"https:\/\/denizcankizil.tr\/de\/#\/schema\/logo\/image\/"}}]}},"_links":{"self":[{"href":"https:\/\/denizcankizil.tr\/ru\/wp-json\/wp\/v2\/posts\/23954","targetHints":{"allow":["GET"]}}],"collection":[{"href":"https:\/\/denizcankizil.tr\/ru\/wp-json\/wp\/v2\/posts"}],"about":[{"href":"https:\/\/denizcankizil.tr\/ru\/wp-json\/wp\/v2\/types\/post"}],"replies":[{"embeddable":true,"href":"https:\/\/denizcankizil.tr\/ru\/wp-json\/wp\/v2\/comments?post=23954"}],"version-history":[{"count":0,"href":"https:\/\/denizcankizil.tr\/ru\/wp-json\/wp\/v2\/posts\/23954\/revisions"}],"wp:attachment":[{"href":"https:\/\/denizcankizil.tr\/ru\/wp-json\/wp\/v2\/media?parent=23954"}],"wp:term":[{"taxonomy":"category","embeddable":true,"href":"https:\/\/denizcankizil.tr\/ru\/wp-json\/wp\/v2\/categories?post=23954"},{"taxonomy":"post_tag","embeddable":true,"href":"https:\/\/denizcankizil.tr\/ru\/wp-json\/wp\/v2\/tags?post=23954"}],"curies":[{"name":"wp","href":"https:\/\/api.w.org\/{rel}","templated":true}]}}