{"id":23846,"date":"2025-01-04T19:41:35","date_gmt":"2025-01-04T16:41:35","guid":{"rendered":"https:\/\/denizcankizil.tr\/uncategorized-tr\/hbbden-erzin-sehir-merkezinde-yama-asfalt\/"},"modified":"2025-01-04T19:41:35","modified_gmt":"2025-01-04T16:41:35","slug":"hbbden-erzin-sehir-merkezinde-yama-asfalt","status":"publish","type":"post","link":"https:\/\/denizcankizil.tr\/ru\/haberler\/gundem\/hbbden-erzin-sehir-merkezinde-yama-asfalt\/","title":{"rendered":"HBB\u2019den Erzin \u015fehir merkezinde yama asfalt"},"content":{"rendered":"<p>Adil Co\u015fkuner\/Erzin<\/p>\n<p>Yap\u0131lan \u00e7al\u0131\u015fmalar kapsam\u0131nda, Numune Evler Camii, Bah\u00e7elievler Mahallesi, Eski Adana Yolu, Merkez Atat\u00fcrk Caddesi, ana arterler ve okullar b\u00f6lgesindeki yollar onar\u0131ld\u0131. Ayr\u0131ca, Mahmutlu Mahallesi\u2019nde A101 marketinin eski \u00f6n\u00fc gibi noktalarda da tadilat \u00e7al\u0131\u015fmalar\u0131 ger\u00e7ekle\u015ftirildi.<\/p>\n<p>HBB yetkilileri, \u00e7al\u0131\u015fmalar\u0131n vatanda\u015flar\u0131n ihtiya\u00e7lar\u0131 ve talepleri do\u011frultusunda devam edece\u011fini belirtti. Yollar\u0131n daha g\u00fcvenli ve konforlu hale getirilmesi, b\u00f6lge sakinlerinden takdir toplad\u0131.<\/p>\n<p>\u200bHatay B\u00fcy\u00fck\u015fehir Belediyesi (HBB), Erzin il\u00e7esinde vatanda\u015flar\u0131n talebi \u00fczerine \u015fehir merkezinde yama asfalt \u00e7al\u0131\u015fmalar\u0131na ba\u015flad\u0131. Ekipler, kullan\u0131lamaz hale gelen yollar\u0131 onararak vatanda\u015flar\u0131n ula\u015f\u0131m\u0131n\u0131 kolayla\u015ft\u0131rd\u0131.\u00a0<\/p>\n<p>\u200bHaberin Al\u0131nt\u0131land\u0131\u011f\u0131 Kaynak: www.iskenderun.org<\/p>","protected":false},"excerpt":{"rendered":"<p>Adil Co\u015fkuner\/Erzin Yap\u0131lan \u00e7al\u0131\u015fmalar kapsam\u0131nda, Numune Evler Camii, Bah\u00e7elievler Mahallesi, Eski Adana Yolu, Merkez Atat\u00fcrk Caddesi, ana arterler ve okullar b\u00f6lgesindeki yollar onar\u0131ld\u0131. Ayr\u0131ca, Mahmutlu Mahallesi\u2019nde A101 marketinin eski \u00f6n\u00fc gibi noktalarda da tadilat \u00e7al\u0131\u015fmalar\u0131 ger\u00e7ekle\u015ftirildi. HBB yetkilileri, \u00e7al\u0131\u015fmalar\u0131n vatanda\u015flar\u0131n ihtiya\u00e7lar\u0131 ve talepleri do\u011frultusunda devam edece\u011fini belirtti. Yollar\u0131n daha g\u00fcvenli ve konforlu hale getirilmesi, b\u00f6lge sakinlerinden takdir toplad\u0131. \u200bHatay B\u00fcy\u00fck\u015fehir Belediyesi (HBB), Erzin il\u00e7esinde vatanda\u015flar\u0131n talebi \u00fczerine \u015fehir merkezinde yama asfalt \u00e7al\u0131\u015fmalar\u0131na ba\u015flad\u0131. Ekipler, kullan\u0131lamaz hale gelen yollar\u0131 onararak vatanda\u015flar\u0131n ula\u015f\u0131m\u0131n\u0131 kolayla\u015ft\u0131rd\u0131.\u00a0 \u200bHaberin Al\u0131nt\u0131land\u0131\u011f\u0131 Kaynak: www.iskenderun.org<\/p>","protected":false},"author":0,"featured_media":0,"comment_status":"open","ping_status":"open","sticky":false,"template":"","format":"standard","meta":{"_acf_changed":false,"footnotes":""},"categories":[24,535],"tags":[],"class_list":["post-23846","post","type-post","status-publish","format-standard","has-post-thumbnail","hentry","category-gundem","category-uncategorized-tr"],"acf":[],"yoast_head":"<!-- This site is optimized with the Yoast SEO Premium plugin v26.6 (Yoast SEO v27.1.1) - https:\/\/yoast.com\/product\/yoast-seo-premium-wordpress\/ -->\n<title>HBB\u2019den Erzin \u015fehir merkezinde yama asfalt - Av. Deniz Can K\u0131z\u0131l<\/title>\n<meta name=\"robots\" content=\"index, follow, max-snippet:-1, max-image-preview:large, max-video-preview:-1\" \/>\n<link rel=\"canonical\" href=\"http:\/\/denizcankizil.tr\/ru\/haberler\/gundem\/hbbden-erzin-sehir-merkezinde-yama-asfalt\/\" \/>\n<meta property=\"og:locale\" content=\"ru_RU\" \/>\n<meta property=\"og:type\" content=\"article\" \/>\n<meta property=\"og:title\" content=\"HBB\u2019den Erzin \u015fehir merkezinde yama asfalt\" \/>\n<meta property=\"og:description\" content=\"Adil Co\u015fkuner\/Erzin Yap\u0131lan \u00e7al\u0131\u015fmalar kapsam\u0131nda, Numune Evler Camii, Bah\u00e7elievler Mahallesi, Eski Adana Yolu, Merkez Atat\u00fcrk Caddesi, ana arterler ve okullar b\u00f6lgesindeki yollar onar\u0131ld\u0131. Ayr\u0131ca, Mahmutlu Mahallesi\u2019nde A101 marketinin eski \u00f6n\u00fc gibi noktalarda da tadilat \u00e7al\u0131\u015fmalar\u0131 ger\u00e7ekle\u015ftirildi. HBB yetkilileri, \u00e7al\u0131\u015fmalar\u0131n vatanda\u015flar\u0131n ihtiya\u00e7lar\u0131 ve talepleri do\u011frultusunda devam edece\u011fini belirtti. Yollar\u0131n daha g\u00fcvenli ve konforlu hale getirilmesi, b\u00f6lge sakinlerinden takdir toplad\u0131. \u200bHatay B\u00fcy\u00fck\u015fehir Belediyesi (HBB), Erzin il\u00e7esinde vatanda\u015flar\u0131n talebi \u00fczerine \u015fehir merkezinde yama asfalt \u00e7al\u0131\u015fmalar\u0131na ba\u015flad\u0131. Ekipler, kullan\u0131lamaz hale gelen yollar\u0131 onararak vatanda\u015flar\u0131n ula\u015f\u0131m\u0131n\u0131 kolayla\u015ft\u0131rd\u0131.\u00a0 \u200bHaberin Al\u0131nt\u0131land\u0131\u011f\u0131 Kaynak: www.iskenderun.org\" \/>\n<meta property=\"og:url\" content=\"http:\/\/denizcankizil.tr\/ru\/haberler\/gundem\/hbbden-erzin-sehir-merkezinde-yama-asfalt\/\" \/>\n<meta property=\"og:site_name\" content=\"Av. Deniz Can K\u0131z\u0131l\" \/>\n<meta property=\"article:published_time\" content=\"2025-01-04T16:41:35+00:00\" \/>\n<meta name=\"twitter:card\" content=\"summary_large_image\" \/>\n<meta name=\"twitter:label1\" content=\"\u041f\u0440\u0438\u043c\u0435\u0440\u043d\u043e\u0435 \u0432\u0440\u0435\u043c\u044f \u0434\u043b\u044f \u0447\u0442\u0435\u043d\u0438\u044f\" \/>\n\t<meta name=\"twitter:data1\" content=\"1 \u043c\u0438\u043d\u0443\u0442\u0430\" \/>\n<script type=\"application\/ld+json\" class=\"yoast-schema-graph\">{\"@context\":\"https:\/\/schema.org\",\"@graph\":[{\"@type\":\"Article\",\"@id\":\"http:\/\/denizcankizil.tr\/en\/haberler\/gundem\/hbbden-erzin-sehir-merkezinde-yama-asfalt\/#article\",\"isPartOf\":{\"@id\":\"http:\/\/denizcankizil.tr\/en\/haberler\/gundem\/hbbden-erzin-sehir-merkezinde-yama-asfalt\/\"},\"author\":{\"name\":\"\",\"@id\":\"\"},\"headline\":\"HBB\u2019den Erzin \u015fehir merkezinde yama asfalt\",\"datePublished\":\"2025-01-04T16:41:35+00:00\",\"mainEntityOfPage\":{\"@id\":\"http:\/\/denizcankizil.tr\/en\/haberler\/gundem\/hbbden-erzin-sehir-merkezinde-yama-asfalt\/\"},\"wordCount\":137,\"commentCount\":0,\"publisher\":{\"@id\":\"https:\/\/denizcankizil.tr\/#organization\"},\"articleSection\":[\"G\u00fcndem\",\"Uncategorized\"],\"inLanguage\":\"ru-RU\",\"potentialAction\":[{\"@type\":\"CommentAction\",\"name\":\"Comment\",\"target\":[\"http:\/\/denizcankizil.tr\/en\/haberler\/gundem\/hbbden-erzin-sehir-merkezinde-yama-asfalt\/#respond\"]}]},{\"@type\":\"WebPage\",\"@id\":\"http:\/\/denizcankizil.tr\/en\/haberler\/gundem\/hbbden-erzin-sehir-merkezinde-yama-asfalt\/\",\"url\":\"http:\/\/denizcankizil.tr\/en\/haberler\/gundem\/hbbden-erzin-sehir-merkezinde-yama-asfalt\/\",\"name\":\"HBB\u2019den Erzin \u015fehir merkezinde yama asfalt - Av. Deniz Can K\u0131z\u0131l\",\"isPartOf\":{\"@id\":\"https:\/\/denizcankizil.tr\/#website\"},\"datePublished\":\"2025-01-04T16:41:35+00:00\",\"breadcrumb\":{\"@id\":\"http:\/\/denizcankizil.tr\/en\/haberler\/gundem\/hbbden-erzin-sehir-merkezinde-yama-asfalt\/#breadcrumb\"},\"inLanguage\":\"ru-RU\",\"potentialAction\":[{\"@type\":\"ReadAction\",\"target\":[\"http:\/\/denizcankizil.tr\/en\/haberler\/gundem\/hbbden-erzin-sehir-merkezinde-yama-asfalt\/\"]}]},{\"@type\":\"BreadcrumbList\",\"@id\":\"http:\/\/denizcankizil.tr\/en\/haberler\/gundem\/hbbden-erzin-sehir-merkezinde-yama-asfalt\/#breadcrumb\",\"itemListElement\":[{\"@type\":\"ListItem\",\"position\":1,\"name\":\"Home\",\"item\":\"https:\/\/denizcankizil.tr\/de\/\"},{\"@type\":\"ListItem\",\"position\":2,\"name\":\"HBB\u2019den Erzin \u015fehir merkezinde yama asfalt\"}]},{\"@type\":\"WebSite\",\"@id\":\"https:\/\/denizcankizil.tr\/#website\",\"url\":\"https:\/\/denizcankizil.tr\/\",\"name\":\"Av. Deniz Can K\u0131z\u0131l\",\"description\":\"Avukat Deniz Can K\u0131z\u0131l Antalya Barosu\",\"publisher\":{\"@id\":\"https:\/\/denizcankizil.tr\/#organization\"},\"potentialAction\":[{\"@type\":\"SearchAction\",\"target\":{\"@type\":\"EntryPoint\",\"urlTemplate\":\"https:\/\/denizcankizil.tr\/?s={search_term_string}\"},\"query-input\":{\"@type\":\"PropertyValueSpecification\",\"valueRequired\":true,\"valueName\":\"search_term_string\"}}],\"inLanguage\":\"ru-RU\"},{\"@type\":\"Organization\",\"@id\":\"https:\/\/denizcankizil.tr\/#organization\",\"name\":\"Av. Deniz Can K\u0131z\u0131l\",\"url\":\"https:\/\/denizcankizil.tr\/\",\"logo\":{\"@type\":\"ImageObject\",\"inLanguage\":\"ru-RU\",\"@id\":\"https:\/\/denizcankizil.tr\/#\/schema\/logo\/image\/\",\"url\":\"https:\/\/denizcankizil.tr\/wp-content\/uploads\/2024\/10\/siyah-logo-svg.svg\",\"contentUrl\":\"https:\/\/denizcankizil.tr\/wp-content\/uploads\/2024\/10\/siyah-logo-svg.svg\",\"width\":1080,\"height\":1080,\"caption\":\"Av. Deniz Can K\u0131z\u0131l\"},\"image\":{\"@id\":\"https:\/\/denizcankizil.tr\/#\/schema\/logo\/image\/\"}}]}<\/script>\n<!-- \/ Yoast SEO Premium plugin. -->","yoast_head_json":{"title":"HBB\u2019den Erzin \u015fehir merkezinde yama asfalt - Av. Deniz Can K\u0131z\u0131l","robots":{"index":"index","follow":"follow","max-snippet":"max-snippet:-1","max-image-preview":"max-image-preview:large","max-video-preview":"max-video-preview:-1"},"canonical":"http:\/\/denizcankizil.tr\/ru\/haberler\/gundem\/hbbden-erzin-sehir-merkezinde-yama-asfalt\/","og_locale":"ru_RU","og_type":"article","og_title":"HBB\u2019den Erzin \u015fehir merkezinde yama asfalt","og_description":"Adil Co\u015fkuner\/Erzin Yap\u0131lan \u00e7al\u0131\u015fmalar kapsam\u0131nda, Numune Evler Camii, Bah\u00e7elievler Mahallesi, Eski Adana Yolu, Merkez Atat\u00fcrk Caddesi, ana arterler ve okullar b\u00f6lgesindeki yollar onar\u0131ld\u0131. Ayr\u0131ca, Mahmutlu Mahallesi\u2019nde A101 marketinin eski \u00f6n\u00fc gibi noktalarda da tadilat \u00e7al\u0131\u015fmalar\u0131 ger\u00e7ekle\u015ftirildi. HBB yetkilileri, \u00e7al\u0131\u015fmalar\u0131n vatanda\u015flar\u0131n ihtiya\u00e7lar\u0131 ve talepleri do\u011frultusunda devam edece\u011fini belirtti. Yollar\u0131n daha g\u00fcvenli ve konforlu hale getirilmesi, b\u00f6lge sakinlerinden takdir toplad\u0131. \u200bHatay B\u00fcy\u00fck\u015fehir Belediyesi (HBB), Erzin il\u00e7esinde vatanda\u015flar\u0131n talebi \u00fczerine \u015fehir merkezinde yama asfalt \u00e7al\u0131\u015fmalar\u0131na ba\u015flad\u0131. Ekipler, kullan\u0131lamaz hale gelen yollar\u0131 onararak vatanda\u015flar\u0131n ula\u015f\u0131m\u0131n\u0131 kolayla\u015ft\u0131rd\u0131.\u00a0 \u200bHaberin Al\u0131nt\u0131land\u0131\u011f\u0131 Kaynak: www.iskenderun.org","og_url":"http:\/\/denizcankizil.tr\/ru\/haberler\/gundem\/hbbden-erzin-sehir-merkezinde-yama-asfalt\/","og_site_name":"Av. Deniz Can K\u0131z\u0131l","article_published_time":"2025-01-04T16:41:35+00:00","twitter_card":"summary_large_image","twitter_misc":{"\u041f\u0440\u0438\u043c\u0435\u0440\u043d\u043e\u0435 \u0432\u0440\u0435\u043c\u044f \u0434\u043b\u044f \u0447\u0442\u0435\u043d\u0438\u044f":"1 \u043c\u0438\u043d\u0443\u0442\u0430"},"schema":{"@context":"https:\/\/schema.org","@graph":[{"@type":"Article","@id":"http:\/\/denizcankizil.tr\/en\/haberler\/gundem\/hbbden-erzin-sehir-merkezinde-yama-asfalt\/#article","isPartOf":{"@id":"http:\/\/denizcankizil.tr\/en\/haberler\/gundem\/hbbden-erzin-sehir-merkezinde-yama-asfalt\/"},"author":{"name":"","@id":""},"headline":"HBB\u2019den Erzin \u015fehir merkezinde yama asfalt","datePublished":"2025-01-04T16:41:35+00:00","mainEntityOfPage":{"@id":"http:\/\/denizcankizil.tr\/en\/haberler\/gundem\/hbbden-erzin-sehir-merkezinde-yama-asfalt\/"},"wordCount":137,"commentCount":0,"publisher":{"@id":"https:\/\/denizcankizil.tr\/#organization"},"articleSection":["G\u00fcndem","Uncategorized"],"inLanguage":"ru-RU","potentialAction":[{"@type":"CommentAction","name":"Comment","target":["http:\/\/denizcankizil.tr\/en\/haberler\/gundem\/hbbden-erzin-sehir-merkezinde-yama-asfalt\/#respond"]}]},{"@type":"WebPage","@id":"http:\/\/denizcankizil.tr\/en\/haberler\/gundem\/hbbden-erzin-sehir-merkezinde-yama-asfalt\/","url":"http:\/\/denizcankizil.tr\/en\/haberler\/gundem\/hbbden-erzin-sehir-merkezinde-yama-asfalt\/","name":"HBB\u2019den Erzin \u015fehir merkezinde yama asfalt - Av. Deniz Can K\u0131z\u0131l","isPartOf":{"@id":"https:\/\/denizcankizil.tr\/#website"},"datePublished":"2025-01-04T16:41:35+00:00","breadcrumb":{"@id":"http:\/\/denizcankizil.tr\/en\/haberler\/gundem\/hbbden-erzin-sehir-merkezinde-yama-asfalt\/#breadcrumb"},"inLanguage":"ru-RU","potentialAction":[{"@type":"ReadAction","target":["http:\/\/denizcankizil.tr\/en\/haberler\/gundem\/hbbden-erzin-sehir-merkezinde-yama-asfalt\/"]}]},{"@type":"BreadcrumbList","@id":"http:\/\/denizcankizil.tr\/en\/haberler\/gundem\/hbbden-erzin-sehir-merkezinde-yama-asfalt\/#breadcrumb","itemListElement":[{"@type":"ListItem","position":1,"name":"Home","item":"https:\/\/denizcankizil.tr\/de\/"},{"@type":"ListItem","position":2,"name":"HBB\u2019den Erzin \u015fehir merkezinde yama asfalt"}]},{"@type":"WebSite","@id":"https:\/\/denizcankizil.tr\/#website","url":"https:\/\/denizcankizil.tr\/","name":"Av. Deniz Can K\u0131z\u0131l","description":"Avukat Deniz Can K\u0131z\u0131l Antalya Barosu","publisher":{"@id":"https:\/\/denizcankizil.tr\/#organization"},"potentialAction":[{"@type":"SearchAction","target":{"@type":"EntryPoint","urlTemplate":"https:\/\/denizcankizil.tr\/?s={search_term_string}"},"query-input":{"@type":"PropertyValueSpecification","valueRequired":true,"valueName":"search_term_string"}}],"inLanguage":"ru-RU"},{"@type":"Organization","@id":"https:\/\/denizcankizil.tr\/#organization","name":"Av. Deniz Can K\u0131z\u0131l","url":"https:\/\/denizcankizil.tr\/","logo":{"@type":"ImageObject","inLanguage":"ru-RU","@id":"https:\/\/denizcankizil.tr\/#\/schema\/logo\/image\/","url":"https:\/\/denizcankizil.tr\/wp-content\/uploads\/2024\/10\/siyah-logo-svg.svg","contentUrl":"https:\/\/denizcankizil.tr\/wp-content\/uploads\/2024\/10\/siyah-logo-svg.svg","width":1080,"height":1080,"caption":"Av. Deniz Can K\u0131z\u0131l"},"image":{"@id":"https:\/\/denizcankizil.tr\/#\/schema\/logo\/image\/"}}]}},"_links":{"self":[{"href":"https:\/\/denizcankizil.tr\/ru\/wp-json\/wp\/v2\/posts\/23846","targetHints":{"allow":["GET"]}}],"collection":[{"href":"https:\/\/denizcankizil.tr\/ru\/wp-json\/wp\/v2\/posts"}],"about":[{"href":"https:\/\/denizcankizil.tr\/ru\/wp-json\/wp\/v2\/types\/post"}],"replies":[{"embeddable":true,"href":"https:\/\/denizcankizil.tr\/ru\/wp-json\/wp\/v2\/comments?post=23846"}],"version-history":[{"count":0,"href":"https:\/\/denizcankizil.tr\/ru\/wp-json\/wp\/v2\/posts\/23846\/revisions"}],"wp:attachment":[{"href":"https:\/\/denizcankizil.tr\/ru\/wp-json\/wp\/v2\/media?parent=23846"}],"wp:term":[{"taxonomy":"category","embeddable":true,"href":"https:\/\/denizcankizil.tr\/ru\/wp-json\/wp\/v2\/categories?post=23846"},{"taxonomy":"post_tag","embeddable":true,"href":"https:\/\/denizcankizil.tr\/ru\/wp-json\/wp\/v2\/tags?post=23846"}],"curies":[{"name":"wp","href":"https:\/\/api.w.org\/{rel}","templated":true}]}}