{"id":23755,"date":"2025-01-04T07:41:23","date_gmt":"2025-01-04T04:41:23","guid":{"rendered":"https:\/\/denizcankizil.tr\/uncategorized-tr\/izmir-adliyesi-sehitleri-fetih-sekin-ve-musa-can-anildi\/"},"modified":"2025-01-04T07:41:23","modified_gmt":"2025-01-04T04:41:23","slug":"izmir-adliyesi-sehitleri-fetih-sekin-ve-musa-can-anildi","status":"publish","type":"post","link":"https:\/\/denizcankizil.tr\/ru\/haberler\/gundem\/izmir-adliyesi-sehitleri-fetih-sekin-ve-musa-can-anildi\/","title":{"rendered":"\u0130zmir Adliyesi \u015fehitleri Fetih Sekin ve Musa Can an\u0131ld\u0131"},"content":{"rendered":"<p>Adalet Bakan\u0131 Y\u0131lmaz Tun\u00e7, \u0130zmir&#8217;de 8 y\u0131l \u00f6nce ger\u00e7ekle\u015ftirilen ter\u00f6r sald\u0131r\u0131s\u0131nda \u015fehit olan polis memuru Fethi Sekin ile m\u00fcba\u015fir Musa Can i\u00e7in \u0130zmir Adalet Saray\u0131&#8217;nda d\u00fczenlenen anma t\u00f6renine kat\u0131ld\u0131.\u0130ZM\u0130R (\u0130GFA) &#8211; Adalet Bakan\u0131 Y\u0131lmaz Tun\u00e7, &#8220;Allah&#8217;\u0131n izniyle ter\u00f6rs\u00fcz T\u00fcrkiye&#8217;nin \u015fafa\u011f\u0131nday\u0131z. Say\u0131n Cumhurba\u015fkan\u0131&#8217;m\u0131z\u0131n liderli\u011finde \u00fclkemizi ter\u00f6r\u00fcn her t\u00fcrl\u00fcs\u00fcnden ar\u0131nd\u0131rarak daha huzurlu bir gelece\u011fe kavu\u015fturman\u0131n gayreti i\u00e7erisinde durmadan \u00e7al\u0131\u015faca\u011f\u0131z.&#8221; dedi.<br \/>\nBakan Tun\u00e7, burada yapt\u0131\u011f\u0131 konu\u015fmada, Fethi Sekin ile Musa Can&#8217;\u0131n ailelerine, sevenlerine, emniyet ve yarg\u0131 te\u015fkilat\u0131na ba\u015fsa\u011fl\u0131\u011f\u0131 dileyip, onlar\u0131n adlar\u0131n\u0131 ve aziz hat\u0131ralar\u0131n\u0131 hi\u00e7bir zaman unutmayacaklar\u0131n\u0131 s\u00f6yledi.<br \/>\nBundan 8 y\u0131l \u00f6nce hain ter\u00f6ristlerin bomba y\u00fckl\u00fc ara\u00e7la \u0130zmir Adliyesi&#8217;nin C Blok giri\u015fine gelerek al\u00e7ak\u00e7a bir sald\u0131r\u0131 giri\u015fiminde bulunduklar\u0131n\u0131 an\u0131msatan Bakan Tun\u00e7, &#8220;Adliyemizi, te\u015fkilat\u0131m\u0131z\u0131n mensuplar\u0131n\u0131 ve o esnada adliyede bulunan vatanda\u015flar\u0131m\u0131z\u0131 hedef alarak b\u00fcy\u00fck bir katliam ger\u00e7ekle\u015ftirmek niyetindeydiler. Bu al\u00e7ak niyeti ger\u00e7ekle\u015ftirmek \u00fczere harekete ge\u00e7tiklerinde kar\u015f\u0131lar\u0131nda kahraman polisimiz Fethi Sekin&#8217;i buldular. Fethi Sekin, Trafik Denetleme \u015eubesi&#8217;ne ba\u011fl\u0131 bir polisti ve adliye \u00f6n\u00fcnde g\u00f6revliydi. Asli sorumlulu\u011fu ter\u00f6rle m\u00fccadele olmamas\u0131na ra\u011fmen ter\u00f6ristlerin niyetini anlar anlamaz hemen silah\u0131na sar\u0131ld\u0131, kur\u015funu bitene kadar hainlerle kahramanca \u00e7at\u0131\u015ft\u0131 ve ter\u00f6r\u00fcn adliyemizi teslim almas\u0131na can\u0131 pahas\u0131na ge\u00e7it vermedi.&#8221; diye konu\u015ftu.<br \/>\nAdliyede g\u00f6revi ba\u015f\u0131ndayken hainlerin kur\u015funuyla \u015fehit olan Musa Can&#8217;\u0131 da asla unutmayacaklar\u0131n\u0131 vurgulayan Bakan Tun\u00e7, Mehmet Selim Kirazlara, \u00d6mer Halisdemirlere ve Fethi Sekinlere minnet ve \u015f\u00fckran bor\u00e7lu olduklar\u0131n\u0131 bildirdi.<br \/>\n\u015eehitleri her zaman ter\u00f6rs\u00fcz T\u00fcrkiye&#8217;nin kahramanlar\u0131 olarak anacaklar\u0131n\u0131 ifade eden Tun\u00e7, d\u00fcnyan\u0131n her yerinde ter\u00f6r\u00fcn bir insanl\u0131k su\u00e7u oldu\u011funu s\u00f6yledi.<\/p>\n<p>Adliye i\u00e7erisindeki t\u00f6renin ard\u0131ndan Bakan Tun\u00e7, Fethi Sekin An\u0131t\u0131&#8217;na ve Sekin&#8217;in \u015fehit oldu\u011fu alana karanfil b\u0131rakt\u0131.<br \/>\n\u00d6te yandan burada gazetecilere a\u00e7\u0131klamalarda bulunan Adalet Bakan\u0131 Y\u0131lmaz Tun\u00e7, Sekin&#8217;in trafi\u011fi denetlemekle g\u00f6revli oldu\u011fu halde o tehlikeyi sezdi\u011fini ve can\u0131 pahas\u0131na bertaraf etti\u011fini vurgulayarak, &#8220;Ter\u00f6ristleri etkisiz hale getirdi. Tabi m\u00fcba\u015firimiz Musa Can da o sald\u0131r\u0131da \u015fehit d\u00fc\u015ft\u00fc. \u015eehitlerimizi bir kez daha rahmetle an\u0131yoruz. Her y\u0131l burada anmaya devam edece\u011fiz, onlar\u0131n emanetine sonuna kadar sahip \u00e7\u0131kaca\u011f\u0131z. Ter\u00f6rle m\u00fccadeledeki kararl\u0131l\u0131\u011f\u0131m\u0131zdan hi\u00e7bir zaman taviz vermeyece\u011fiz. \u00dclkemizi, T\u00fcrkiye Y\u00fczy\u0131l\u0131&#8217;nda ter\u00f6rs\u00fcz bir T\u00fcrkiye&#8217;yi in\u015fallah in\u015fa edece\u011fiz.&#8221; diye konu\u015ftu.<\/p>\n<p>\u200bAdalet Bakan\u0131 Y\u0131lmaz Tun\u00e7, \u0130zmir&#8217;de 8 y\u0131l \u00f6nce ger\u00e7ekle\u015ftirilen ter\u00f6r sald\u0131r\u0131s\u0131nda \u015fehit olan polis memuru Fethi Sekin ile m\u00fcba\u015fir Musa Can i\u00e7in \u0130zmir Adalet Saray\u0131&#8217;nda d\u00fczenlenen anma t\u00f6renine kat\u0131ld\u0131.\u0130ZM\u0130R (\u0130GFA) &#8211; Adalet Bakan\u0131 Y\u0131lmaz Tun\u00e7, &#8220;Allah&#8217;\u0131n izniyle ter\u00f6rs\u00fcz T\u00fcrkiye&#8217;nin \u015fafa\u011f\u0131nday\u0131z. Say\u0131n Cumhurba\u015fkan\u0131&#8217;m\u0131z\u0131n liderli\u011finde \u00fclkemizi ter\u00f6r\u00fcn her t\u00fcrl\u00fcs\u00fcnden ar\u0131nd\u0131rarak daha huzurlu bir gelece\u011fe kavu\u015fturman\u0131n gayreti i\u00e7erisinde durmadan \u00e7al\u0131\u015faca\u011f\u0131z.&#8221; dedi.<br \/>\nBakan Tun\u00e7, burada yapt\u0131\u011f\u0131 konu\u015fmada, Fethi Sekin ile Musa Can&#8217;\u0131n ailelerine, sevenlerine, emniyet ve yarg\u0131 te\u015fkilat\u0131na ba\u015fsa\u011fl\u0131\u011f\u0131 dileyip, onlar\u0131n adlar\u0131n\u0131 ve aziz hat\u0131ralar\u0131n\u0131 hi\u00e7bir zaman unutmayacaklar\u0131n\u0131 s\u00f6yledi.<br \/>\nBundan 8 y\u0131l \u00f6nce hain ter\u00f6ristlerin bomba y\u00fckl\u00fc ara\u00e7la \u0130zmir Adliyesi&#8217;nin C Blok giri\u015fine gelerek al\u00e7ak\u00e7a bir sald\u0131r\u0131 giri\u015fiminde bulunduklar\u0131n\u0131 an\u0131msatan Bakan Tun\u00e7, &#8220;Adliyemizi, te\u015fkilat\u0131m\u0131z\u0131n mensuplar\u0131n\u0131 ve o esnada adliyede bulunan vatanda\u015flar\u0131m\u0131z\u0131 hedef alarak b\u00fcy\u00fck bir katliam ger\u00e7ekle\u015ftirmek niyetindeydiler. Bu al\u00e7ak niyeti ger\u00e7ekle\u015ftirmek \u00fczere harekete ge\u00e7tiklerinde kar\u015f\u0131lar\u0131nda kahraman polisimiz Fethi Sekin&#8217;i buldular. Fethi Sekin, Trafik Denetleme \u015eubesi&#8217;ne ba\u011fl\u0131 bir polisti ve adliye \u00f6n\u00fcnde g\u00f6revliydi. Asli sorumlulu\u011fu ter\u00f6rle m\u00fccadele olmamas\u0131na ra\u011fmen ter\u00f6ristlerin niyetini anlar anlamaz hemen silah\u0131na sar\u0131ld\u0131, kur\u015funu bitene kadar hainlerle kahramanca \u00e7at\u0131\u015ft\u0131 ve ter\u00f6r\u00fcn adliyemizi teslim almas\u0131na can\u0131 pahas\u0131na ge\u00e7it vermedi.&#8221; diye konu\u015ftu.<br \/>\nAdliyede g\u00f6revi ba\u015f\u0131ndayken hainlerin kur\u015funuyla \u015fehit olan Musa Can&#8217;\u0131 da asla unutmayacaklar\u0131n\u0131 vurgulayan Bakan Tun\u00e7, Mehmet Selim Kirazlara, \u00d6mer Halisdemirlere ve Fethi Sekinlere minnet ve \u015f\u00fckran bor\u00e7lu olduklar\u0131n\u0131 bildirdi.<br \/>\n\u015eehitleri her zaman ter\u00f6rs\u00fcz T\u00fcrkiye&#8217;nin kahramanlar\u0131 olarak anacaklar\u0131n\u0131 ifade eden Tun\u00e7, d\u00fcnyan\u0131n her yerinde ter\u00f6r\u00fcn bir insanl\u0131k su\u00e7u oldu\u011funu s\u00f6yledi.<\/p>\n<p>Adliye i\u00e7erisindeki t\u00f6renin ard\u0131ndan Bakan Tun\u00e7, Fethi Sekin An\u0131t\u0131&#8217;na ve Sekin&#8217;in \u015fehit oldu\u011fu alana karanfil b\u0131rakt\u0131.<br \/>\n\u00d6te yandan burada gazetecilere a\u00e7\u0131klamalarda bulunan Adalet Bakan\u0131 Y\u0131lmaz Tun\u00e7, Sekin&#8217;in trafi\u011fi denetlemekle g\u00f6revli oldu\u011fu halde o tehlikeyi sezdi\u011fini ve can\u0131 pahas\u0131na bertaraf etti\u011fini vurgulayarak, &#8220;Ter\u00f6ristleri etkisiz hale getirdi. Tabi m\u00fcba\u015firimiz Musa Can da o sald\u0131r\u0131da \u015fehit d\u00fc\u015ft\u00fc. \u015eehitlerimizi bir kez daha rahmetle an\u0131yoruz. Her y\u0131l burada anmaya devam edece\u011fiz, onlar\u0131n emanetine sonuna kadar sahip \u00e7\u0131kaca\u011f\u0131z. Ter\u00f6rle m\u00fccadeledeki kararl\u0131l\u0131\u011f\u0131m\u0131zdan hi\u00e7bir zaman taviz vermeyece\u011fiz. \u00dclkemizi, T\u00fcrkiye Y\u00fczy\u0131l\u0131&#8217;nda ter\u00f6rs\u00fcz bir T\u00fcrkiye&#8217;yi in\u015fallah in\u015fa edece\u011fiz.&#8221; diye konu\u015ftu.\u00a0<\/p>\n<p>\u200bHaberin Al\u0131nt\u0131land\u0131\u011f\u0131 Kaynak: www.iskenderun.org<\/p>","protected":false},"excerpt":{"rendered":"<p>Adalet Bakan\u0131 Y\u0131lmaz Tun\u00e7, \u0130zmir&#8217;de 8 y\u0131l \u00f6nce ger\u00e7ekle\u015ftirilen ter\u00f6r sald\u0131r\u0131s\u0131nda \u015fehit olan polis memuru Fethi Sekin ile m\u00fcba\u015fir Musa Can i\u00e7in \u0130zmir Adalet Saray\u0131&#8217;nda d\u00fczenlenen anma t\u00f6renine kat\u0131ld\u0131.\u0130ZM\u0130R (\u0130GFA) &#8211; Adalet Bakan\u0131 Y\u0131lmaz Tun\u00e7, &#8220;Allah&#8217;\u0131n izniyle ter\u00f6rs\u00fcz T\u00fcrkiye&#8217;nin \u015fafa\u011f\u0131nday\u0131z. Say\u0131n Cumhurba\u015fkan\u0131&#8217;m\u0131z\u0131n liderli\u011finde \u00fclkemizi ter\u00f6r\u00fcn her t\u00fcrl\u00fcs\u00fcnden ar\u0131nd\u0131rarak daha huzurlu bir gelece\u011fe kavu\u015fturman\u0131n gayreti i\u00e7erisinde durmadan \u00e7al\u0131\u015faca\u011f\u0131z.&#8221; dedi. Bakan Tun\u00e7, burada yapt\u0131\u011f\u0131 konu\u015fmada, Fethi Sekin ile Musa Can&#8217;\u0131n ailelerine, sevenlerine, emniyet ve yarg\u0131 te\u015fkilat\u0131na ba\u015fsa\u011fl\u0131\u011f\u0131 dileyip, onlar\u0131n adlar\u0131n\u0131 ve aziz hat\u0131ralar\u0131n\u0131 hi\u00e7bir zaman unutmayacaklar\u0131n\u0131 s\u00f6yledi. Bundan 8 y\u0131l \u00f6nce hain ter\u00f6ristlerin bomba y\u00fckl\u00fc ara\u00e7la \u0130zmir Adliyesi&#8217;nin C Blok giri\u015fine gelerek al\u00e7ak\u00e7a bir sald\u0131r\u0131 giri\u015fiminde bulunduklar\u0131n\u0131 an\u0131msatan Bakan Tun\u00e7, &#8220;Adliyemizi, te\u015fkilat\u0131m\u0131z\u0131n mensuplar\u0131n\u0131 ve o esnada adliyede bulunan vatanda\u015flar\u0131m\u0131z\u0131 hedef alarak b\u00fcy\u00fck bir katliam ger\u00e7ekle\u015ftirmek niyetindeydiler. Bu al\u00e7ak niyeti ger\u00e7ekle\u015ftirmek \u00fczere harekete ge\u00e7tiklerinde kar\u015f\u0131lar\u0131nda kahraman polisimiz Fethi Sekin&#8217;i buldular. Fethi Sekin, Trafik Denetleme \u015eubesi&#8217;ne ba\u011fl\u0131 bir polisti ve adliye \u00f6n\u00fcnde g\u00f6revliydi. Asli sorumlulu\u011fu ter\u00f6rle m\u00fccadele olmamas\u0131na ra\u011fmen ter\u00f6ristlerin niyetini anlar anlamaz hemen silah\u0131na sar\u0131ld\u0131, kur\u015funu bitene kadar hainlerle kahramanca \u00e7at\u0131\u015ft\u0131 ve ter\u00f6r\u00fcn adliyemizi teslim almas\u0131na can\u0131 pahas\u0131na ge\u00e7it vermedi.&#8221; diye konu\u015ftu. Adliyede g\u00f6revi ba\u015f\u0131ndayken hainlerin kur\u015funuyla \u015fehit olan Musa Can&#8217;\u0131 da asla unutmayacaklar\u0131n\u0131 vurgulayan Bakan Tun\u00e7, Mehmet Selim Kirazlara, \u00d6mer Halisdemirlere ve &hellip;<\/p>","protected":false},"author":0,"featured_media":0,"comment_status":"open","ping_status":"open","sticky":false,"template":"","format":"standard","meta":{"_acf_changed":false,"footnotes":""},"categories":[24,535],"tags":[],"class_list":["post-23755","post","type-post","status-publish","format-standard","has-post-thumbnail","hentry","category-gundem","category-uncategorized-tr"],"acf":[],"yoast_head":"<!-- This site is optimized with the Yoast SEO Premium plugin v26.6 (Yoast SEO v27.1.1) - https:\/\/yoast.com\/product\/yoast-seo-premium-wordpress\/ -->\n<title>\u0130zmir Adliyesi \u015fehitleri Fetih Sekin ve Musa Can an\u0131ld\u0131 - Av. Deniz Can K\u0131z\u0131l<\/title>\n<meta name=\"robots\" content=\"index, follow, max-snippet:-1, max-image-preview:large, max-video-preview:-1\" \/>\n<link rel=\"canonical\" href=\"https:\/\/denizcankizil.tr\/ru\/haberler\/gundem\/izmir-adliyesi-sehitleri-fetih-sekin-ve-musa-can-anildi\/\" \/>\n<meta property=\"og:locale\" content=\"ru_RU\" \/>\n<meta property=\"og:type\" content=\"article\" \/>\n<meta property=\"og:title\" content=\"\u0130zmir Adliyesi \u015fehitleri Fetih Sekin ve Musa Can an\u0131ld\u0131\" \/>\n<meta property=\"og:description\" content=\"Adalet Bakan\u0131 Y\u0131lmaz Tun\u00e7, \u0130zmir&#8217;de 8 y\u0131l \u00f6nce ger\u00e7ekle\u015ftirilen ter\u00f6r sald\u0131r\u0131s\u0131nda \u015fehit olan polis memuru Fethi Sekin ile m\u00fcba\u015fir Musa Can i\u00e7in \u0130zmir Adalet Saray\u0131&#8217;nda d\u00fczenlenen anma t\u00f6renine kat\u0131ld\u0131.\u0130ZM\u0130R (\u0130GFA) &#8211; Adalet Bakan\u0131 Y\u0131lmaz Tun\u00e7, &#8220;Allah&#8217;\u0131n izniyle ter\u00f6rs\u00fcz T\u00fcrkiye&#8217;nin \u015fafa\u011f\u0131nday\u0131z. Say\u0131n Cumhurba\u015fkan\u0131&#8217;m\u0131z\u0131n liderli\u011finde \u00fclkemizi ter\u00f6r\u00fcn her t\u00fcrl\u00fcs\u00fcnden ar\u0131nd\u0131rarak daha huzurlu bir gelece\u011fe kavu\u015fturman\u0131n gayreti i\u00e7erisinde durmadan \u00e7al\u0131\u015faca\u011f\u0131z.&#8221; dedi. Bakan Tun\u00e7, burada yapt\u0131\u011f\u0131 konu\u015fmada, Fethi Sekin ile Musa Can&#8217;\u0131n ailelerine, sevenlerine, emniyet ve yarg\u0131 te\u015fkilat\u0131na ba\u015fsa\u011fl\u0131\u011f\u0131 dileyip, onlar\u0131n adlar\u0131n\u0131 ve aziz hat\u0131ralar\u0131n\u0131 hi\u00e7bir zaman unutmayacaklar\u0131n\u0131 s\u00f6yledi. Bundan 8 y\u0131l \u00f6nce hain ter\u00f6ristlerin bomba y\u00fckl\u00fc ara\u00e7la \u0130zmir Adliyesi&#8217;nin C Blok giri\u015fine gelerek al\u00e7ak\u00e7a bir sald\u0131r\u0131 giri\u015fiminde bulunduklar\u0131n\u0131 an\u0131msatan Bakan Tun\u00e7, &#8220;Adliyemizi, te\u015fkilat\u0131m\u0131z\u0131n mensuplar\u0131n\u0131 ve o esnada adliyede bulunan vatanda\u015flar\u0131m\u0131z\u0131 hedef alarak b\u00fcy\u00fck bir katliam ger\u00e7ekle\u015ftirmek niyetindeydiler. Bu al\u00e7ak niyeti ger\u00e7ekle\u015ftirmek \u00fczere harekete ge\u00e7tiklerinde kar\u015f\u0131lar\u0131nda kahraman polisimiz Fethi Sekin&#8217;i buldular. Fethi Sekin, Trafik Denetleme \u015eubesi&#8217;ne ba\u011fl\u0131 bir polisti ve adliye \u00f6n\u00fcnde g\u00f6revliydi. Asli sorumlulu\u011fu ter\u00f6rle m\u00fccadele olmamas\u0131na ra\u011fmen ter\u00f6ristlerin niyetini anlar anlamaz hemen silah\u0131na sar\u0131ld\u0131, kur\u015funu bitene kadar hainlerle kahramanca \u00e7at\u0131\u015ft\u0131 ve ter\u00f6r\u00fcn adliyemizi teslim almas\u0131na can\u0131 pahas\u0131na ge\u00e7it vermedi.&#8221; diye konu\u015ftu. Adliyede g\u00f6revi ba\u015f\u0131ndayken hainlerin kur\u015funuyla \u015fehit olan Musa Can&#8217;\u0131 da asla unutmayacaklar\u0131n\u0131 vurgulayan Bakan Tun\u00e7, Mehmet Selim Kirazlara, \u00d6mer Halisdemirlere ve &hellip;\" \/>\n<meta property=\"og:url\" content=\"https:\/\/denizcankizil.tr\/ru\/haberler\/gundem\/izmir-adliyesi-sehitleri-fetih-sekin-ve-musa-can-anildi\/\" \/>\n<meta property=\"og:site_name\" content=\"Av. Deniz Can K\u0131z\u0131l\" \/>\n<meta property=\"article:published_time\" content=\"2025-01-04T04:41:23+00:00\" \/>\n<meta name=\"twitter:card\" content=\"summary_large_image\" \/>\n<meta name=\"twitter:label1\" content=\"\u041f\u0440\u0438\u043c\u0435\u0440\u043d\u043e\u0435 \u0432\u0440\u0435\u043c\u044f \u0434\u043b\u044f \u0447\u0442\u0435\u043d\u0438\u044f\" \/>\n\t<meta name=\"twitter:data1\" content=\"5 \u043c\u0438\u043d\u0443\u0442\" \/>\n<script type=\"application\/ld+json\" class=\"yoast-schema-graph\">{\"@context\":\"https:\/\/schema.org\",\"@graph\":[{\"@type\":\"Article\",\"@id\":\"https:\/\/denizcankizil.tr\/ru\/haberler\/gundem\/izmir-adliyesi-sehitleri-fetih-sekin-ve-musa-can-anildi\/#article\",\"isPartOf\":{\"@id\":\"https:\/\/denizcankizil.tr\/ru\/haberler\/gundem\/izmir-adliyesi-sehitleri-fetih-sekin-ve-musa-can-anildi\/\"},\"author\":{\"name\":\"\",\"@id\":\"\"},\"headline\":\"\u0130zmir Adliyesi \u015fehitleri Fetih Sekin ve Musa Can an\u0131ld\u0131\",\"datePublished\":\"2025-01-04T04:41:23+00:00\",\"mainEntityOfPage\":{\"@id\":\"https:\/\/denizcankizil.tr\/ru\/haberler\/gundem\/izmir-adliyesi-sehitleri-fetih-sekin-ve-musa-can-anildi\/\"},\"wordCount\":1000,\"commentCount\":0,\"publisher\":{\"@id\":\"https:\/\/denizcankizil.tr\/de\/#organization\"},\"articleSection\":[\"G\u00fcndem\",\"Uncategorized\"],\"inLanguage\":\"ru-RU\",\"potentialAction\":[{\"@type\":\"CommentAction\",\"name\":\"Comment\",\"target\":[\"https:\/\/denizcankizil.tr\/ru\/haberler\/gundem\/izmir-adliyesi-sehitleri-fetih-sekin-ve-musa-can-anildi\/#respond\"]}]},{\"@type\":\"WebPage\",\"@id\":\"https:\/\/denizcankizil.tr\/ru\/haberler\/gundem\/izmir-adliyesi-sehitleri-fetih-sekin-ve-musa-can-anildi\/\",\"url\":\"https:\/\/denizcankizil.tr\/ru\/haberler\/gundem\/izmir-adliyesi-sehitleri-fetih-sekin-ve-musa-can-anildi\/\",\"name\":\"\u0130zmir Adliyesi \u015fehitleri Fetih Sekin ve Musa Can an\u0131ld\u0131 - Av. Deniz Can K\u0131z\u0131l\",\"isPartOf\":{\"@id\":\"https:\/\/denizcankizil.tr\/de\/#website\"},\"datePublished\":\"2025-01-04T04:41:23+00:00\",\"breadcrumb\":{\"@id\":\"https:\/\/denizcankizil.tr\/ru\/haberler\/gundem\/izmir-adliyesi-sehitleri-fetih-sekin-ve-musa-can-anildi\/#breadcrumb\"},\"inLanguage\":\"ru-RU\",\"potentialAction\":[{\"@type\":\"ReadAction\",\"target\":[\"https:\/\/denizcankizil.tr\/ru\/haberler\/gundem\/izmir-adliyesi-sehitleri-fetih-sekin-ve-musa-can-anildi\/\"]}]},{\"@type\":\"BreadcrumbList\",\"@id\":\"https:\/\/denizcankizil.tr\/ru\/haberler\/gundem\/izmir-adliyesi-sehitleri-fetih-sekin-ve-musa-can-anildi\/#breadcrumb\",\"itemListElement\":[{\"@type\":\"ListItem\",\"position\":1,\"name\":\"Home\",\"item\":\"https:\/\/denizcankizil.tr\/de\/\"},{\"@type\":\"ListItem\",\"position\":2,\"name\":\"\u0130zmir Adliyesi \u015fehitleri Fetih Sekin ve Musa Can an\u0131ld\u0131\"}]},{\"@type\":\"WebSite\",\"@id\":\"https:\/\/denizcankizil.tr\/de\/#website\",\"url\":\"https:\/\/denizcankizil.tr\/de\/\",\"name\":\"Av. Deniz Can K\u0131z\u0131l\",\"description\":\"Avukat Deniz Can K\u0131z\u0131l Antalya Barosu\",\"publisher\":{\"@id\":\"https:\/\/denizcankizil.tr\/de\/#organization\"},\"potentialAction\":[{\"@type\":\"SearchAction\",\"target\":{\"@type\":\"EntryPoint\",\"urlTemplate\":\"https:\/\/denizcankizil.tr\/de\/?s={search_term_string}\"},\"query-input\":{\"@type\":\"PropertyValueSpecification\",\"valueRequired\":true,\"valueName\":\"search_term_string\"}}],\"inLanguage\":\"ru-RU\"},{\"@type\":\"Organization\",\"@id\":\"https:\/\/denizcankizil.tr\/de\/#organization\",\"name\":\"Av. Deniz Can K\u0131z\u0131l\",\"url\":\"https:\/\/denizcankizil.tr\/de\/\",\"logo\":{\"@type\":\"ImageObject\",\"inLanguage\":\"ru-RU\",\"@id\":\"https:\/\/denizcankizil.tr\/de\/#\/schema\/logo\/image\/\",\"url\":\"https:\/\/denizcankizil.tr\/wp-content\/uploads\/2024\/10\/siyah-logo-svg.svg\",\"contentUrl\":\"https:\/\/denizcankizil.tr\/wp-content\/uploads\/2024\/10\/siyah-logo-svg.svg\",\"width\":1080,\"height\":1080,\"caption\":\"Av. Deniz Can K\u0131z\u0131l\"},\"image\":{\"@id\":\"https:\/\/denizcankizil.tr\/de\/#\/schema\/logo\/image\/\"}}]}<\/script>\n<!-- \/ Yoast SEO Premium plugin. -->","yoast_head_json":{"title":"\u0130zmir Adliyesi \u015fehitleri Fetih Sekin ve Musa Can an\u0131ld\u0131 - Av. Deniz Can K\u0131z\u0131l","robots":{"index":"index","follow":"follow","max-snippet":"max-snippet:-1","max-image-preview":"max-image-preview:large","max-video-preview":"max-video-preview:-1"},"canonical":"https:\/\/denizcankizil.tr\/ru\/haberler\/gundem\/izmir-adliyesi-sehitleri-fetih-sekin-ve-musa-can-anildi\/","og_locale":"ru_RU","og_type":"article","og_title":"\u0130zmir Adliyesi \u015fehitleri Fetih Sekin ve Musa Can an\u0131ld\u0131","og_description":"Adalet Bakan\u0131 Y\u0131lmaz Tun\u00e7, \u0130zmir&#8217;de 8 y\u0131l \u00f6nce ger\u00e7ekle\u015ftirilen ter\u00f6r sald\u0131r\u0131s\u0131nda \u015fehit olan polis memuru Fethi Sekin ile m\u00fcba\u015fir Musa Can i\u00e7in \u0130zmir Adalet Saray\u0131&#8217;nda d\u00fczenlenen anma t\u00f6renine kat\u0131ld\u0131.\u0130ZM\u0130R (\u0130GFA) &#8211; Adalet Bakan\u0131 Y\u0131lmaz Tun\u00e7, &#8220;Allah&#8217;\u0131n izniyle ter\u00f6rs\u00fcz T\u00fcrkiye&#8217;nin \u015fafa\u011f\u0131nday\u0131z. Say\u0131n Cumhurba\u015fkan\u0131&#8217;m\u0131z\u0131n liderli\u011finde \u00fclkemizi ter\u00f6r\u00fcn her t\u00fcrl\u00fcs\u00fcnden ar\u0131nd\u0131rarak daha huzurlu bir gelece\u011fe kavu\u015fturman\u0131n gayreti i\u00e7erisinde durmadan \u00e7al\u0131\u015faca\u011f\u0131z.&#8221; dedi. Bakan Tun\u00e7, burada yapt\u0131\u011f\u0131 konu\u015fmada, Fethi Sekin ile Musa Can&#8217;\u0131n ailelerine, sevenlerine, emniyet ve yarg\u0131 te\u015fkilat\u0131na ba\u015fsa\u011fl\u0131\u011f\u0131 dileyip, onlar\u0131n adlar\u0131n\u0131 ve aziz hat\u0131ralar\u0131n\u0131 hi\u00e7bir zaman unutmayacaklar\u0131n\u0131 s\u00f6yledi. Bundan 8 y\u0131l \u00f6nce hain ter\u00f6ristlerin bomba y\u00fckl\u00fc ara\u00e7la \u0130zmir Adliyesi&#8217;nin C Blok giri\u015fine gelerek al\u00e7ak\u00e7a bir sald\u0131r\u0131 giri\u015fiminde bulunduklar\u0131n\u0131 an\u0131msatan Bakan Tun\u00e7, &#8220;Adliyemizi, te\u015fkilat\u0131m\u0131z\u0131n mensuplar\u0131n\u0131 ve o esnada adliyede bulunan vatanda\u015flar\u0131m\u0131z\u0131 hedef alarak b\u00fcy\u00fck bir katliam ger\u00e7ekle\u015ftirmek niyetindeydiler. Bu al\u00e7ak niyeti ger\u00e7ekle\u015ftirmek \u00fczere harekete ge\u00e7tiklerinde kar\u015f\u0131lar\u0131nda kahraman polisimiz Fethi Sekin&#8217;i buldular. Fethi Sekin, Trafik Denetleme \u015eubesi&#8217;ne ba\u011fl\u0131 bir polisti ve adliye \u00f6n\u00fcnde g\u00f6revliydi. Asli sorumlulu\u011fu ter\u00f6rle m\u00fccadele olmamas\u0131na ra\u011fmen ter\u00f6ristlerin niyetini anlar anlamaz hemen silah\u0131na sar\u0131ld\u0131, kur\u015funu bitene kadar hainlerle kahramanca \u00e7at\u0131\u015ft\u0131 ve ter\u00f6r\u00fcn adliyemizi teslim almas\u0131na can\u0131 pahas\u0131na ge\u00e7it vermedi.&#8221; diye konu\u015ftu. Adliyede g\u00f6revi ba\u015f\u0131ndayken hainlerin kur\u015funuyla \u015fehit olan Musa Can&#8217;\u0131 da asla unutmayacaklar\u0131n\u0131 vurgulayan Bakan Tun\u00e7, Mehmet Selim Kirazlara, \u00d6mer Halisdemirlere ve &hellip;","og_url":"https:\/\/denizcankizil.tr\/ru\/haberler\/gundem\/izmir-adliyesi-sehitleri-fetih-sekin-ve-musa-can-anildi\/","og_site_name":"Av. Deniz Can K\u0131z\u0131l","article_published_time":"2025-01-04T04:41:23+00:00","twitter_card":"summary_large_image","twitter_misc":{"\u041f\u0440\u0438\u043c\u0435\u0440\u043d\u043e\u0435 \u0432\u0440\u0435\u043c\u044f \u0434\u043b\u044f \u0447\u0442\u0435\u043d\u0438\u044f":"5 \u043c\u0438\u043d\u0443\u0442"},"schema":{"@context":"https:\/\/schema.org","@graph":[{"@type":"Article","@id":"https:\/\/denizcankizil.tr\/ru\/haberler\/gundem\/izmir-adliyesi-sehitleri-fetih-sekin-ve-musa-can-anildi\/#article","isPartOf":{"@id":"https:\/\/denizcankizil.tr\/ru\/haberler\/gundem\/izmir-adliyesi-sehitleri-fetih-sekin-ve-musa-can-anildi\/"},"author":{"name":"","@id":""},"headline":"\u0130zmir Adliyesi \u015fehitleri Fetih Sekin ve Musa Can an\u0131ld\u0131","datePublished":"2025-01-04T04:41:23+00:00","mainEntityOfPage":{"@id":"https:\/\/denizcankizil.tr\/ru\/haberler\/gundem\/izmir-adliyesi-sehitleri-fetih-sekin-ve-musa-can-anildi\/"},"wordCount":1000,"commentCount":0,"publisher":{"@id":"https:\/\/denizcankizil.tr\/de\/#organization"},"articleSection":["G\u00fcndem","Uncategorized"],"inLanguage":"ru-RU","potentialAction":[{"@type":"CommentAction","name":"Comment","target":["https:\/\/denizcankizil.tr\/ru\/haberler\/gundem\/izmir-adliyesi-sehitleri-fetih-sekin-ve-musa-can-anildi\/#respond"]}]},{"@type":"WebPage","@id":"https:\/\/denizcankizil.tr\/ru\/haberler\/gundem\/izmir-adliyesi-sehitleri-fetih-sekin-ve-musa-can-anildi\/","url":"https:\/\/denizcankizil.tr\/ru\/haberler\/gundem\/izmir-adliyesi-sehitleri-fetih-sekin-ve-musa-can-anildi\/","name":"\u0130zmir Adliyesi \u015fehitleri Fetih Sekin ve Musa Can an\u0131ld\u0131 - Av. Deniz Can K\u0131z\u0131l","isPartOf":{"@id":"https:\/\/denizcankizil.tr\/de\/#website"},"datePublished":"2025-01-04T04:41:23+00:00","breadcrumb":{"@id":"https:\/\/denizcankizil.tr\/ru\/haberler\/gundem\/izmir-adliyesi-sehitleri-fetih-sekin-ve-musa-can-anildi\/#breadcrumb"},"inLanguage":"ru-RU","potentialAction":[{"@type":"ReadAction","target":["https:\/\/denizcankizil.tr\/ru\/haberler\/gundem\/izmir-adliyesi-sehitleri-fetih-sekin-ve-musa-can-anildi\/"]}]},{"@type":"BreadcrumbList","@id":"https:\/\/denizcankizil.tr\/ru\/haberler\/gundem\/izmir-adliyesi-sehitleri-fetih-sekin-ve-musa-can-anildi\/#breadcrumb","itemListElement":[{"@type":"ListItem","position":1,"name":"Home","item":"https:\/\/denizcankizil.tr\/de\/"},{"@type":"ListItem","position":2,"name":"\u0130zmir Adliyesi \u015fehitleri Fetih Sekin ve Musa Can an\u0131ld\u0131"}]},{"@type":"WebSite","@id":"https:\/\/denizcankizil.tr\/de\/#website","url":"https:\/\/denizcankizil.tr\/de\/","name":"Av. Deniz Can K\u0131z\u0131l","description":"Avukat Deniz Can K\u0131z\u0131l Antalya Barosu","publisher":{"@id":"https:\/\/denizcankizil.tr\/de\/#organization"},"potentialAction":[{"@type":"SearchAction","target":{"@type":"EntryPoint","urlTemplate":"https:\/\/denizcankizil.tr\/de\/?s={search_term_string}"},"query-input":{"@type":"PropertyValueSpecification","valueRequired":true,"valueName":"search_term_string"}}],"inLanguage":"ru-RU"},{"@type":"Organization","@id":"https:\/\/denizcankizil.tr\/de\/#organization","name":"Av. Deniz Can K\u0131z\u0131l","url":"https:\/\/denizcankizil.tr\/de\/","logo":{"@type":"ImageObject","inLanguage":"ru-RU","@id":"https:\/\/denizcankizil.tr\/de\/#\/schema\/logo\/image\/","url":"https:\/\/denizcankizil.tr\/wp-content\/uploads\/2024\/10\/siyah-logo-svg.svg","contentUrl":"https:\/\/denizcankizil.tr\/wp-content\/uploads\/2024\/10\/siyah-logo-svg.svg","width":1080,"height":1080,"caption":"Av. Deniz Can K\u0131z\u0131l"},"image":{"@id":"https:\/\/denizcankizil.tr\/de\/#\/schema\/logo\/image\/"}}]}},"_links":{"self":[{"href":"https:\/\/denizcankizil.tr\/ru\/wp-json\/wp\/v2\/posts\/23755","targetHints":{"allow":["GET"]}}],"collection":[{"href":"https:\/\/denizcankizil.tr\/ru\/wp-json\/wp\/v2\/posts"}],"about":[{"href":"https:\/\/denizcankizil.tr\/ru\/wp-json\/wp\/v2\/types\/post"}],"replies":[{"embeddable":true,"href":"https:\/\/denizcankizil.tr\/ru\/wp-json\/wp\/v2\/comments?post=23755"}],"version-history":[{"count":0,"href":"https:\/\/denizcankizil.tr\/ru\/wp-json\/wp\/v2\/posts\/23755\/revisions"}],"wp:attachment":[{"href":"https:\/\/denizcankizil.tr\/ru\/wp-json\/wp\/v2\/media?parent=23755"}],"wp:term":[{"taxonomy":"category","embeddable":true,"href":"https:\/\/denizcankizil.tr\/ru\/wp-json\/wp\/v2\/categories?post=23755"},{"taxonomy":"post_tag","embeddable":true,"href":"https:\/\/denizcankizil.tr\/ru\/wp-json\/wp\/v2\/tags?post=23755"}],"curies":[{"name":"wp","href":"https:\/\/api.w.org\/{rel}","templated":true}]}}