{"id":23626,"date":"2025-01-03T13:42:21","date_gmt":"2025-01-03T10:42:21","guid":{"rendered":"https:\/\/denizcankizil.tr\/uncategorized-tr\/genclerin-enerjisiyle-guclenen-bir-gelecek-icin-ileridenin-3-donemi-basliyor\/"},"modified":"2025-01-03T13:42:21","modified_gmt":"2025-01-03T10:42:21","slug":"genclerin-enerjisiyle-guclenen-bir-gelecek-icin-ileridenin-3-donemi-basliyor","status":"publish","type":"post","link":"https:\/\/denizcankizil.tr\/ru\/haberler\/gundem\/genclerin-enerjisiyle-guclenen-bir-gelecek-icin-ileridenin-3-donemi-basliyor\/","title":{"rendered":"Gen\u00e7lerin Enerjisiyle G\u00fc\u00e7lenen Bir Gelecek i\u00e7in \u0130LER\u0130DE\u2019nin 3. D\u00f6nemi Ba\u015fl\u0131yor"},"content":{"rendered":"<p>Shell Gen\u00e7lik Sosyal Yat\u0131r\u0131m Program\u0131 \u0130LER\u0130DE, 3. d\u00f6nemiyle yolculu\u011funa devam ediyor.<\/p>\n<p>\u200bShell Gen\u00e7lik Sosyal Yat\u0131r\u0131m Program\u0131 \u0130LER\u0130DE, 3. d\u00f6nemiyle yolculu\u011funa devam ediyor.\u00a0<\/p>\n<p>\u200bHaberin Al\u0131nt\u0131land\u0131\u011f\u0131 Kaynak: www.iskenderun.org<\/p>","protected":false},"excerpt":{"rendered":"<p>Shell Gen\u00e7lik Sosyal Yat\u0131r\u0131m Program\u0131 \u0130LER\u0130DE, 3. d\u00f6nemiyle yolculu\u011funa devam ediyor. \u200bShell Gen\u00e7lik Sosyal Yat\u0131r\u0131m Program\u0131 \u0130LER\u0130DE, 3. d\u00f6nemiyle yolculu\u011funa devam ediyor.\u00a0 \u200bHaberin Al\u0131nt\u0131land\u0131\u011f\u0131 Kaynak: www.iskenderun.org<\/p>","protected":false},"author":0,"featured_media":0,"comment_status":"open","ping_status":"open","sticky":false,"template":"","format":"standard","meta":{"_acf_changed":false,"footnotes":""},"categories":[24,535],"tags":[],"class_list":["post-23626","post","type-post","status-publish","format-standard","has-post-thumbnail","hentry","category-gundem","category-uncategorized-tr"],"acf":[],"yoast_head":"<!-- This site is optimized with the Yoast SEO Premium plugin v26.6 (Yoast SEO v27.1.1) - https:\/\/yoast.com\/product\/yoast-seo-premium-wordpress\/ -->\n<title>Gen\u00e7lerin Enerjisiyle G\u00fc\u00e7lenen Bir Gelecek i\u00e7in \u0130LER\u0130DE\u2019nin 3. D\u00f6nemi Ba\u015fl\u0131yor - Av. Deniz Can K\u0131z\u0131l<\/title>\n<meta name=\"robots\" content=\"index, follow, max-snippet:-1, max-image-preview:large, max-video-preview:-1\" \/>\n<link rel=\"canonical\" href=\"https:\/\/denizcankizil.tr\/ru\/haberler\/gundem\/genclerin-enerjisiyle-guclenen-bir-gelecek-icin-ileridenin-3-donemi-basliyor\/\" \/>\n<meta property=\"og:locale\" content=\"ru_RU\" \/>\n<meta property=\"og:type\" content=\"article\" \/>\n<meta property=\"og:title\" content=\"Gen\u00e7lerin Enerjisiyle G\u00fc\u00e7lenen Bir Gelecek i\u00e7in \u0130LER\u0130DE\u2019nin 3. D\u00f6nemi Ba\u015fl\u0131yor\" \/>\n<meta property=\"og:description\" content=\"Shell Gen\u00e7lik Sosyal Yat\u0131r\u0131m Program\u0131 \u0130LER\u0130DE, 3. d\u00f6nemiyle yolculu\u011funa devam ediyor. \u200bShell Gen\u00e7lik Sosyal Yat\u0131r\u0131m Program\u0131 \u0130LER\u0130DE, 3. d\u00f6nemiyle yolculu\u011funa devam ediyor.\u00a0 \u200bHaberin Al\u0131nt\u0131land\u0131\u011f\u0131 Kaynak: www.iskenderun.org\" \/>\n<meta property=\"og:url\" content=\"https:\/\/denizcankizil.tr\/ru\/haberler\/gundem\/genclerin-enerjisiyle-guclenen-bir-gelecek-icin-ileridenin-3-donemi-basliyor\/\" \/>\n<meta property=\"og:site_name\" content=\"Av. Deniz Can K\u0131z\u0131l\" \/>\n<meta property=\"article:published_time\" content=\"2025-01-03T10:42:21+00:00\" \/>\n<meta name=\"twitter:card\" content=\"summary_large_image\" \/>\n<script type=\"application\/ld+json\" class=\"yoast-schema-graph\">{\"@context\":\"https:\/\/schema.org\",\"@graph\":[{\"@type\":\"Article\",\"@id\":\"https:\/\/denizcankizil.tr\/ru\/haberler\/gundem\/genclerin-enerjisiyle-guclenen-bir-gelecek-icin-ileridenin-3-donemi-basliyor\/#article\",\"isPartOf\":{\"@id\":\"https:\/\/denizcankizil.tr\/ru\/haberler\/gundem\/genclerin-enerjisiyle-guclenen-bir-gelecek-icin-ileridenin-3-donemi-basliyor\/\"},\"author\":{\"name\":\"\",\"@id\":\"\"},\"headline\":\"Gen\u00e7lerin Enerjisiyle G\u00fc\u00e7lenen Bir Gelecek i\u00e7in \u0130LER\u0130DE\u2019nin 3. D\u00f6nemi Ba\u015fl\u0131yor\",\"datePublished\":\"2025-01-03T10:42:21+00:00\",\"mainEntityOfPage\":{\"@id\":\"https:\/\/denizcankizil.tr\/ru\/haberler\/gundem\/genclerin-enerjisiyle-guclenen-bir-gelecek-icin-ileridenin-3-donemi-basliyor\/\"},\"wordCount\":57,\"commentCount\":0,\"publisher\":{\"@id\":\"https:\/\/denizcankizil.tr\/de\/#organization\"},\"articleSection\":[\"G\u00fcndem\",\"Uncategorized\"],\"inLanguage\":\"ru-RU\",\"potentialAction\":[{\"@type\":\"CommentAction\",\"name\":\"Comment\",\"target\":[\"https:\/\/denizcankizil.tr\/ru\/haberler\/gundem\/genclerin-enerjisiyle-guclenen-bir-gelecek-icin-ileridenin-3-donemi-basliyor\/#respond\"]}]},{\"@type\":\"WebPage\",\"@id\":\"https:\/\/denizcankizil.tr\/ru\/haberler\/gundem\/genclerin-enerjisiyle-guclenen-bir-gelecek-icin-ileridenin-3-donemi-basliyor\/\",\"url\":\"https:\/\/denizcankizil.tr\/ru\/haberler\/gundem\/genclerin-enerjisiyle-guclenen-bir-gelecek-icin-ileridenin-3-donemi-basliyor\/\",\"name\":\"Gen\u00e7lerin Enerjisiyle G\u00fc\u00e7lenen Bir Gelecek i\u00e7in \u0130LER\u0130DE\u2019nin 3. D\u00f6nemi Ba\u015fl\u0131yor - Av. Deniz Can K\u0131z\u0131l\",\"isPartOf\":{\"@id\":\"https:\/\/denizcankizil.tr\/de\/#website\"},\"datePublished\":\"2025-01-03T10:42:21+00:00\",\"breadcrumb\":{\"@id\":\"https:\/\/denizcankizil.tr\/ru\/haberler\/gundem\/genclerin-enerjisiyle-guclenen-bir-gelecek-icin-ileridenin-3-donemi-basliyor\/#breadcrumb\"},\"inLanguage\":\"ru-RU\",\"potentialAction\":[{\"@type\":\"ReadAction\",\"target\":[\"https:\/\/denizcankizil.tr\/ru\/haberler\/gundem\/genclerin-enerjisiyle-guclenen-bir-gelecek-icin-ileridenin-3-donemi-basliyor\/\"]}]},{\"@type\":\"BreadcrumbList\",\"@id\":\"https:\/\/denizcankizil.tr\/ru\/haberler\/gundem\/genclerin-enerjisiyle-guclenen-bir-gelecek-icin-ileridenin-3-donemi-basliyor\/#breadcrumb\",\"itemListElement\":[{\"@type\":\"ListItem\",\"position\":1,\"name\":\"Home\",\"item\":\"https:\/\/denizcankizil.tr\/de\/\"},{\"@type\":\"ListItem\",\"position\":2,\"name\":\"Gen\u00e7lerin Enerjisiyle G\u00fc\u00e7lenen Bir Gelecek i\u00e7in \u0130LER\u0130DE\u2019nin 3. D\u00f6nemi Ba\u015fl\u0131yor\"}]},{\"@type\":\"WebSite\",\"@id\":\"https:\/\/denizcankizil.tr\/de\/#website\",\"url\":\"https:\/\/denizcankizil.tr\/de\/\",\"name\":\"Av. Deniz Can K\u0131z\u0131l\",\"description\":\"Avukat Deniz Can K\u0131z\u0131l Antalya Barosu\",\"publisher\":{\"@id\":\"https:\/\/denizcankizil.tr\/de\/#organization\"},\"potentialAction\":[{\"@type\":\"SearchAction\",\"target\":{\"@type\":\"EntryPoint\",\"urlTemplate\":\"https:\/\/denizcankizil.tr\/de\/?s={search_term_string}\"},\"query-input\":{\"@type\":\"PropertyValueSpecification\",\"valueRequired\":true,\"valueName\":\"search_term_string\"}}],\"inLanguage\":\"ru-RU\"},{\"@type\":\"Organization\",\"@id\":\"https:\/\/denizcankizil.tr\/de\/#organization\",\"name\":\"Av. Deniz Can K\u0131z\u0131l\",\"url\":\"https:\/\/denizcankizil.tr\/de\/\",\"logo\":{\"@type\":\"ImageObject\",\"inLanguage\":\"ru-RU\",\"@id\":\"https:\/\/denizcankizil.tr\/de\/#\/schema\/logo\/image\/\",\"url\":\"https:\/\/denizcankizil.tr\/wp-content\/uploads\/2024\/10\/siyah-logo-svg.svg\",\"contentUrl\":\"https:\/\/denizcankizil.tr\/wp-content\/uploads\/2024\/10\/siyah-logo-svg.svg\",\"width\":1080,\"height\":1080,\"caption\":\"Av. Deniz Can K\u0131z\u0131l\"},\"image\":{\"@id\":\"https:\/\/denizcankizil.tr\/de\/#\/schema\/logo\/image\/\"}}]}<\/script>\n<!-- \/ Yoast SEO Premium plugin. -->","yoast_head_json":{"title":"Gen\u00e7lerin Enerjisiyle G\u00fc\u00e7lenen Bir Gelecek i\u00e7in \u0130LER\u0130DE\u2019nin 3. D\u00f6nemi Ba\u015fl\u0131yor - Av. Deniz Can K\u0131z\u0131l","robots":{"index":"index","follow":"follow","max-snippet":"max-snippet:-1","max-image-preview":"max-image-preview:large","max-video-preview":"max-video-preview:-1"},"canonical":"https:\/\/denizcankizil.tr\/ru\/haberler\/gundem\/genclerin-enerjisiyle-guclenen-bir-gelecek-icin-ileridenin-3-donemi-basliyor\/","og_locale":"ru_RU","og_type":"article","og_title":"Gen\u00e7lerin Enerjisiyle G\u00fc\u00e7lenen Bir Gelecek i\u00e7in \u0130LER\u0130DE\u2019nin 3. D\u00f6nemi Ba\u015fl\u0131yor","og_description":"Shell Gen\u00e7lik Sosyal Yat\u0131r\u0131m Program\u0131 \u0130LER\u0130DE, 3. d\u00f6nemiyle yolculu\u011funa devam ediyor. \u200bShell Gen\u00e7lik Sosyal Yat\u0131r\u0131m Program\u0131 \u0130LER\u0130DE, 3. d\u00f6nemiyle yolculu\u011funa devam ediyor.\u00a0 \u200bHaberin Al\u0131nt\u0131land\u0131\u011f\u0131 Kaynak: www.iskenderun.org","og_url":"https:\/\/denizcankizil.tr\/ru\/haberler\/gundem\/genclerin-enerjisiyle-guclenen-bir-gelecek-icin-ileridenin-3-donemi-basliyor\/","og_site_name":"Av. Deniz Can K\u0131z\u0131l","article_published_time":"2025-01-03T10:42:21+00:00","twitter_card":"summary_large_image","schema":{"@context":"https:\/\/schema.org","@graph":[{"@type":"Article","@id":"https:\/\/denizcankizil.tr\/ru\/haberler\/gundem\/genclerin-enerjisiyle-guclenen-bir-gelecek-icin-ileridenin-3-donemi-basliyor\/#article","isPartOf":{"@id":"https:\/\/denizcankizil.tr\/ru\/haberler\/gundem\/genclerin-enerjisiyle-guclenen-bir-gelecek-icin-ileridenin-3-donemi-basliyor\/"},"author":{"name":"","@id":""},"headline":"Gen\u00e7lerin Enerjisiyle G\u00fc\u00e7lenen Bir Gelecek i\u00e7in \u0130LER\u0130DE\u2019nin 3. D\u00f6nemi Ba\u015fl\u0131yor","datePublished":"2025-01-03T10:42:21+00:00","mainEntityOfPage":{"@id":"https:\/\/denizcankizil.tr\/ru\/haberler\/gundem\/genclerin-enerjisiyle-guclenen-bir-gelecek-icin-ileridenin-3-donemi-basliyor\/"},"wordCount":57,"commentCount":0,"publisher":{"@id":"https:\/\/denizcankizil.tr\/de\/#organization"},"articleSection":["G\u00fcndem","Uncategorized"],"inLanguage":"ru-RU","potentialAction":[{"@type":"CommentAction","name":"Comment","target":["https:\/\/denizcankizil.tr\/ru\/haberler\/gundem\/genclerin-enerjisiyle-guclenen-bir-gelecek-icin-ileridenin-3-donemi-basliyor\/#respond"]}]},{"@type":"WebPage","@id":"https:\/\/denizcankizil.tr\/ru\/haberler\/gundem\/genclerin-enerjisiyle-guclenen-bir-gelecek-icin-ileridenin-3-donemi-basliyor\/","url":"https:\/\/denizcankizil.tr\/ru\/haberler\/gundem\/genclerin-enerjisiyle-guclenen-bir-gelecek-icin-ileridenin-3-donemi-basliyor\/","name":"Gen\u00e7lerin Enerjisiyle G\u00fc\u00e7lenen Bir Gelecek i\u00e7in \u0130LER\u0130DE\u2019nin 3. D\u00f6nemi Ba\u015fl\u0131yor - Av. Deniz Can K\u0131z\u0131l","isPartOf":{"@id":"https:\/\/denizcankizil.tr\/de\/#website"},"datePublished":"2025-01-03T10:42:21+00:00","breadcrumb":{"@id":"https:\/\/denizcankizil.tr\/ru\/haberler\/gundem\/genclerin-enerjisiyle-guclenen-bir-gelecek-icin-ileridenin-3-donemi-basliyor\/#breadcrumb"},"inLanguage":"ru-RU","potentialAction":[{"@type":"ReadAction","target":["https:\/\/denizcankizil.tr\/ru\/haberler\/gundem\/genclerin-enerjisiyle-guclenen-bir-gelecek-icin-ileridenin-3-donemi-basliyor\/"]}]},{"@type":"BreadcrumbList","@id":"https:\/\/denizcankizil.tr\/ru\/haberler\/gundem\/genclerin-enerjisiyle-guclenen-bir-gelecek-icin-ileridenin-3-donemi-basliyor\/#breadcrumb","itemListElement":[{"@type":"ListItem","position":1,"name":"Home","item":"https:\/\/denizcankizil.tr\/de\/"},{"@type":"ListItem","position":2,"name":"Gen\u00e7lerin Enerjisiyle G\u00fc\u00e7lenen Bir Gelecek i\u00e7in \u0130LER\u0130DE\u2019nin 3. D\u00f6nemi Ba\u015fl\u0131yor"}]},{"@type":"WebSite","@id":"https:\/\/denizcankizil.tr\/de\/#website","url":"https:\/\/denizcankizil.tr\/de\/","name":"Av. Deniz Can K\u0131z\u0131l","description":"Avukat Deniz Can K\u0131z\u0131l Antalya Barosu","publisher":{"@id":"https:\/\/denizcankizil.tr\/de\/#organization"},"potentialAction":[{"@type":"SearchAction","target":{"@type":"EntryPoint","urlTemplate":"https:\/\/denizcankizil.tr\/de\/?s={search_term_string}"},"query-input":{"@type":"PropertyValueSpecification","valueRequired":true,"valueName":"search_term_string"}}],"inLanguage":"ru-RU"},{"@type":"Organization","@id":"https:\/\/denizcankizil.tr\/de\/#organization","name":"Av. Deniz Can K\u0131z\u0131l","url":"https:\/\/denizcankizil.tr\/de\/","logo":{"@type":"ImageObject","inLanguage":"ru-RU","@id":"https:\/\/denizcankizil.tr\/de\/#\/schema\/logo\/image\/","url":"https:\/\/denizcankizil.tr\/wp-content\/uploads\/2024\/10\/siyah-logo-svg.svg","contentUrl":"https:\/\/denizcankizil.tr\/wp-content\/uploads\/2024\/10\/siyah-logo-svg.svg","width":1080,"height":1080,"caption":"Av. Deniz Can K\u0131z\u0131l"},"image":{"@id":"https:\/\/denizcankizil.tr\/de\/#\/schema\/logo\/image\/"}}]}},"_links":{"self":[{"href":"https:\/\/denizcankizil.tr\/ru\/wp-json\/wp\/v2\/posts\/23626","targetHints":{"allow":["GET"]}}],"collection":[{"href":"https:\/\/denizcankizil.tr\/ru\/wp-json\/wp\/v2\/posts"}],"about":[{"href":"https:\/\/denizcankizil.tr\/ru\/wp-json\/wp\/v2\/types\/post"}],"replies":[{"embeddable":true,"href":"https:\/\/denizcankizil.tr\/ru\/wp-json\/wp\/v2\/comments?post=23626"}],"version-history":[{"count":0,"href":"https:\/\/denizcankizil.tr\/ru\/wp-json\/wp\/v2\/posts\/23626\/revisions"}],"wp:attachment":[{"href":"https:\/\/denizcankizil.tr\/ru\/wp-json\/wp\/v2\/media?parent=23626"}],"wp:term":[{"taxonomy":"category","embeddable":true,"href":"https:\/\/denizcankizil.tr\/ru\/wp-json\/wp\/v2\/categories?post=23626"},{"taxonomy":"post_tag","embeddable":true,"href":"https:\/\/denizcankizil.tr\/ru\/wp-json\/wp\/v2\/tags?post=23626"}],"curies":[{"name":"wp","href":"https:\/\/api.w.org\/{rel}","templated":true}]}}