{"id":23611,"date":"2025-01-03T13:41:34","date_gmt":"2025-01-03T10:41:34","guid":{"rendered":"https:\/\/denizcankizil.tr\/uncategorized-tr\/14uncu-asfim-dosemealtina-acildi\/"},"modified":"2025-01-03T13:41:34","modified_gmt":"2025-01-03T10:41:34","slug":"14uncu-asfim-dosemealtina-acildi","status":"publish","type":"post","link":"https:\/\/denizcankizil.tr\/ru\/haberler\/antalya\/14uncu-asfim-dosemealtina-acildi\/","title":{"rendered":"14&#8217;\u00fcnc\u00fc ASF\u0130M D\u00f6\u015femealt\u0131&#8217;na a\u00e7\u0131ld\u0131"},"content":{"rendered":"<p>14&#8217;\u00fcnc\u00fc ASF\u0130M<br \/>\nD\u00f6\u015femealt\u0131 ASF\u0130M ile birlikte, Antalya 14. ASF\u0130M&#8217;e kavu\u015ftu. Spor yapmak isteyen vatanda\u015flar, \u015fehrin d\u00f6rt bir yan\u0131nda bulunan ASF\u0130M&#8217;lere rahat \u015fekilde ula\u015fma imkan\u0131na sahip. Kad\u0131n ve \u00e7ocuklara y\u00f6nelik bir\u00e7ok farkl\u0131 bran\u015fta hizmet vermeye ba\u015flayan D\u00f6\u015femealt\u0131 ASF\u0130M, vatanda\u015flara \u00fccretsiz olarak hizmet veriyor. Hizmete girdi\u011fi ilk g\u00fcnden bu yana vatanda\u015flardan b\u00fcy\u00fck ilgi g\u00f6ren, 5 y\u0131ld\u0131zl\u0131 hizmetin sunuldu\u011fu D\u00f6\u015femealt\u0131 ASF\u0130M&#8217;de pilates, step, aerobik, zumba, \u00e7ocuk jimnasti\u011fi ve savunma sanat\u0131 dersleri mevcut. D\u00f6\u015femealt\u0131 ASF\u0130M&#8217;de 6 Ocak&#8217;ta ba\u015flayacak yeni sezon i\u00e7in de kay\u0131tlar ba\u015flad\u0131. Kay\u0131tlar, \u201cgenclikspor.antalya.bel.tr\u201d adresinden online olarak yap\u0131l\u0131yor.<\/p>\n<p>Sa\u011fl\u0131kl\u0131 ya\u015fam<br \/>\nAntalya B\u00fcy\u00fck\u015fehir Belediyesi D\u00f6\u015femealt\u0131 ASF\u0130M Sorumlusu Selin Semiz, D\u00f6\u015femealt\u0131&#8217;nda ya\u015fayan vatanda\u015flar\u0131n yo\u011fun iste\u011fi \u00fczerine il\u00e7eye yeni bir tesis kazand\u0131r\u0131ld\u0131\u011f\u0131n\u0131 s\u00f6yledi. Semiz, \u201cAntalya B\u00fcy\u00fck\u015fehir Belediyesi olarak, D\u00f6\u015femealt\u0131&#8217;ndaki vatanda\u015flar\u0131m\u0131z\u0131, sa\u011fl\u0131kl\u0131 bir ya\u015fam s\u00fcrmek ad\u0131na sporla bulu\u015fturuyoruz. ASF\u0130M olarak slogan\u0131m\u0131z \u201cSa\u011fl\u0131kl\u0131 ya\u015fam i\u00e7in siz de harekete ge\u00e7in \u201c dedi.<br \/>\nPilates derslerine kat\u0131l\u0131m sa\u011flayan Ay\u015fe Kartal ise, \u201cUzun zamand\u0131r bekliyorduk. Haftan\u0131n 2 g\u00fcn\u00fc buraya geliyorum, pilates dersi al\u0131yorum. Burada beden sa\u011fl\u0131\u011f\u0131 \u00f6ncelikli dersler yap\u0131yoruz. Sa\u011fl\u0131kl\u0131 ve zinde oluyoruz. Sosyalle\u015fme imkan\u0131 buluyoruz. Bize bu imkan\u0131 sa\u011flad\u0131\u011f\u0131 i\u00e7in Antalya B\u00fcy\u00fck\u015fehir Belediye Ba\u015fkan\u0131 Muhittin B\u00f6cek&#8217;e te\u015fekk\u00fcr ediyorum\u201d diye konu\u015ftu.<\/p>\n<p>Kaynak: www.kanalv.com.tr Haber Sitesinden Al\u0131nm\u0131\u015ft\u0131r.<\/p>","protected":false},"excerpt":{"rendered":"<p>14&#8217;\u00fcnc\u00fc ASF\u0130M D\u00f6\u015femealt\u0131 ASF\u0130M ile birlikte, Antalya 14. ASF\u0130M&#8217;e kavu\u015ftu. Spor yapmak isteyen vatanda\u015flar, \u015fehrin d\u00f6rt bir yan\u0131nda bulunan ASF\u0130M&#8217;lere rahat \u015fekilde ula\u015fma imkan\u0131na sahip. Kad\u0131n ve \u00e7ocuklara y\u00f6nelik bir\u00e7ok farkl\u0131 bran\u015fta hizmet vermeye ba\u015flayan D\u00f6\u015femealt\u0131 ASF\u0130M, vatanda\u015flara \u00fccretsiz olarak hizmet veriyor. Hizmete girdi\u011fi ilk g\u00fcnden bu yana vatanda\u015flardan b\u00fcy\u00fck ilgi g\u00f6ren, 5 y\u0131ld\u0131zl\u0131 hizmetin sunuldu\u011fu D\u00f6\u015femealt\u0131 ASF\u0130M&#8217;de pilates, step, aerobik, zumba, \u00e7ocuk jimnasti\u011fi ve savunma sanat\u0131 dersleri mevcut. D\u00f6\u015femealt\u0131 ASF\u0130M&#8217;de 6 Ocak&#8217;ta ba\u015flayacak yeni sezon i\u00e7in de kay\u0131tlar ba\u015flad\u0131. Kay\u0131tlar, \u201cgenclikspor.antalya.bel.tr\u201d adresinden online olarak yap\u0131l\u0131yor. Sa\u011fl\u0131kl\u0131 ya\u015fam Antalya B\u00fcy\u00fck\u015fehir Belediyesi D\u00f6\u015femealt\u0131 ASF\u0130M Sorumlusu Selin Semiz, D\u00f6\u015femealt\u0131&#8217;nda ya\u015fayan vatanda\u015flar\u0131n yo\u011fun iste\u011fi \u00fczerine il\u00e7eye yeni bir tesis kazand\u0131r\u0131ld\u0131\u011f\u0131n\u0131 s\u00f6yledi. Semiz, \u201cAntalya B\u00fcy\u00fck\u015fehir Belediyesi olarak, D\u00f6\u015femealt\u0131&#8217;ndaki vatanda\u015flar\u0131m\u0131z\u0131, sa\u011fl\u0131kl\u0131 bir ya\u015fam s\u00fcrmek ad\u0131na sporla bulu\u015fturuyoruz. ASF\u0130M olarak slogan\u0131m\u0131z \u201cSa\u011fl\u0131kl\u0131 ya\u015fam i\u00e7in siz de harekete ge\u00e7in \u201c dedi. Pilates derslerine kat\u0131l\u0131m sa\u011flayan Ay\u015fe Kartal ise, \u201cUzun zamand\u0131r bekliyorduk. Haftan\u0131n 2 g\u00fcn\u00fc buraya geliyorum, pilates dersi al\u0131yorum. Burada beden sa\u011fl\u0131\u011f\u0131 \u00f6ncelikli dersler yap\u0131yoruz. Sa\u011fl\u0131kl\u0131 ve zinde oluyoruz. Sosyalle\u015fme imkan\u0131 buluyoruz. Bize bu imkan\u0131 sa\u011flad\u0131\u011f\u0131 i\u00e7in Antalya B\u00fcy\u00fck\u015fehir Belediye Ba\u015fkan\u0131 Muhittin B\u00f6cek&#8217;e te\u015fekk\u00fcr ediyorum\u201d diye konu\u015ftu. Kaynak: www.kanalv.com.tr Haber Sitesinden Al\u0131nm\u0131\u015ft\u0131r.<\/p>","protected":false},"author":0,"featured_media":23612,"comment_status":"open","ping_status":"open","sticky":false,"template":"","format":"standard","meta":{"_acf_changed":false,"footnotes":""},"categories":[26,535],"tags":[],"class_list":["post-23611","post","type-post","status-publish","format-standard","has-post-thumbnail","hentry","category-antalya","category-uncategorized-tr"],"acf":[],"yoast_head":"<!-- This site is optimized with the Yoast SEO Premium plugin v26.6 (Yoast SEO v27.1.1) - https:\/\/yoast.com\/product\/yoast-seo-premium-wordpress\/ -->\n<title>14&#039;\u00fcnc\u00fc ASF\u0130M D\u00f6\u015femealt\u0131&#039;na a\u00e7\u0131ld\u0131 - Av. Deniz Can K\u0131z\u0131l<\/title>\n<meta name=\"robots\" content=\"index, follow, max-snippet:-1, max-image-preview:large, max-video-preview:-1\" \/>\n<link rel=\"canonical\" href=\"https:\/\/denizcankizil.tr\/ru\/haberler\/antalya\/14uncu-asfim-dosemealtina-acildi\/\" \/>\n<meta property=\"og:locale\" content=\"ru_RU\" \/>\n<meta property=\"og:type\" content=\"article\" \/>\n<meta property=\"og:title\" content=\"14&#039;\u00fcnc\u00fc ASF\u0130M D\u00f6\u015femealt\u0131&#039;na a\u00e7\u0131ld\u0131\" \/>\n<meta property=\"og:description\" content=\"14&#8217;\u00fcnc\u00fc ASF\u0130M D\u00f6\u015femealt\u0131 ASF\u0130M ile birlikte, Antalya 14. ASF\u0130M&#8217;e kavu\u015ftu. Spor yapmak isteyen vatanda\u015flar, \u015fehrin d\u00f6rt bir yan\u0131nda bulunan ASF\u0130M&#8217;lere rahat \u015fekilde ula\u015fma imkan\u0131na sahip. Kad\u0131n ve \u00e7ocuklara y\u00f6nelik bir\u00e7ok farkl\u0131 bran\u015fta hizmet vermeye ba\u015flayan D\u00f6\u015femealt\u0131 ASF\u0130M, vatanda\u015flara \u00fccretsiz olarak hizmet veriyor. Hizmete girdi\u011fi ilk g\u00fcnden bu yana vatanda\u015flardan b\u00fcy\u00fck ilgi g\u00f6ren, 5 y\u0131ld\u0131zl\u0131 hizmetin sunuldu\u011fu D\u00f6\u015femealt\u0131 ASF\u0130M&#8217;de pilates, step, aerobik, zumba, \u00e7ocuk jimnasti\u011fi ve savunma sanat\u0131 dersleri mevcut. D\u00f6\u015femealt\u0131 ASF\u0130M&#8217;de 6 Ocak&#8217;ta ba\u015flayacak yeni sezon i\u00e7in de kay\u0131tlar ba\u015flad\u0131. Kay\u0131tlar, \u201cgenclikspor.antalya.bel.tr\u201d adresinden online olarak yap\u0131l\u0131yor. Sa\u011fl\u0131kl\u0131 ya\u015fam Antalya B\u00fcy\u00fck\u015fehir Belediyesi D\u00f6\u015femealt\u0131 ASF\u0130M Sorumlusu Selin Semiz, D\u00f6\u015femealt\u0131&#8217;nda ya\u015fayan vatanda\u015flar\u0131n yo\u011fun iste\u011fi \u00fczerine il\u00e7eye yeni bir tesis kazand\u0131r\u0131ld\u0131\u011f\u0131n\u0131 s\u00f6yledi. Semiz, \u201cAntalya B\u00fcy\u00fck\u015fehir Belediyesi olarak, D\u00f6\u015femealt\u0131&#8217;ndaki vatanda\u015flar\u0131m\u0131z\u0131, sa\u011fl\u0131kl\u0131 bir ya\u015fam s\u00fcrmek ad\u0131na sporla bulu\u015fturuyoruz. ASF\u0130M olarak slogan\u0131m\u0131z \u201cSa\u011fl\u0131kl\u0131 ya\u015fam i\u00e7in siz de harekete ge\u00e7in \u201c dedi. Pilates derslerine kat\u0131l\u0131m sa\u011flayan Ay\u015fe Kartal ise, \u201cUzun zamand\u0131r bekliyorduk. Haftan\u0131n 2 g\u00fcn\u00fc buraya geliyorum, pilates dersi al\u0131yorum. Burada beden sa\u011fl\u0131\u011f\u0131 \u00f6ncelikli dersler yap\u0131yoruz. Sa\u011fl\u0131kl\u0131 ve zinde oluyoruz. Sosyalle\u015fme imkan\u0131 buluyoruz. Bize bu imkan\u0131 sa\u011flad\u0131\u011f\u0131 i\u00e7in Antalya B\u00fcy\u00fck\u015fehir Belediye Ba\u015fkan\u0131 Muhittin B\u00f6cek&#8217;e te\u015fekk\u00fcr ediyorum\u201d diye konu\u015ftu. Kaynak: www.kanalv.com.tr Haber Sitesinden Al\u0131nm\u0131\u015ft\u0131r.\" \/>\n<meta property=\"og:url\" content=\"https:\/\/denizcankizil.tr\/ru\/haberler\/antalya\/14uncu-asfim-dosemealtina-acildi\/\" \/>\n<meta property=\"og:site_name\" content=\"Av. Deniz Can K\u0131z\u0131l\" \/>\n<meta property=\"article:published_time\" content=\"2025-01-03T10:41:34+00:00\" \/>\n<meta property=\"og:image\" content=\"https:\/\/denizcankizil.tr\/wp-content\/uploads\/2025\/01\/3886-01-qzl6ZU.jpeg\" \/>\n\t<meta property=\"og:image:width\" content=\"1280\" \/>\n\t<meta property=\"og:image:height\" content=\"720\" \/>\n\t<meta property=\"og:image:type\" content=\"image\/jpeg\" \/>\n<meta name=\"twitter:card\" content=\"summary_large_image\" \/>\n<meta name=\"twitter:label1\" content=\"\u041f\u0440\u0438\u043c\u0435\u0440\u043d\u043e\u0435 \u0432\u0440\u0435\u043c\u044f \u0434\u043b\u044f \u0447\u0442\u0435\u043d\u0438\u044f\" \/>\n\t<meta name=\"twitter:data1\" content=\"1 \u043c\u0438\u043d\u0443\u0442\u0430\" \/>\n<script type=\"application\/ld+json\" class=\"yoast-schema-graph\">{\"@context\":\"https:\/\/schema.org\",\"@graph\":[{\"@type\":\"Article\",\"@id\":\"https:\/\/denizcankizil.tr\/ru\/haberler\/antalya\/14uncu-asfim-dosemealtina-acildi\/#article\",\"isPartOf\":{\"@id\":\"https:\/\/denizcankizil.tr\/ru\/haberler\/antalya\/14uncu-asfim-dosemealtina-acildi\/\"},\"author\":{\"name\":\"\",\"@id\":\"\"},\"headline\":\"14&#8217;\u00fcnc\u00fc ASF\u0130M D\u00f6\u015femealt\u0131&#8217;na a\u00e7\u0131ld\u0131\",\"datePublished\":\"2025-01-03T10:41:34+00:00\",\"mainEntityOfPage\":{\"@id\":\"https:\/\/denizcankizil.tr\/ru\/haberler\/antalya\/14uncu-asfim-dosemealtina-acildi\/\"},\"wordCount\":308,\"commentCount\":0,\"publisher\":{\"@id\":\"https:\/\/denizcankizil.tr\/#organization\"},\"image\":{\"@id\":\"https:\/\/denizcankizil.tr\/ru\/haberler\/antalya\/14uncu-asfim-dosemealtina-acildi\/#primaryimage\"},\"thumbnailUrl\":\"https:\/\/denizcankizil.tr\/wp-content\/uploads\/2025\/01\/3886-01-qzl6ZU.jpeg\",\"articleSection\":[\"Antalya\",\"Uncategorized\"],\"inLanguage\":\"ru-RU\",\"potentialAction\":[{\"@type\":\"CommentAction\",\"name\":\"Comment\",\"target\":[\"https:\/\/denizcankizil.tr\/ru\/haberler\/antalya\/14uncu-asfim-dosemealtina-acildi\/#respond\"]}]},{\"@type\":\"WebPage\",\"@id\":\"https:\/\/denizcankizil.tr\/ru\/haberler\/antalya\/14uncu-asfim-dosemealtina-acildi\/\",\"url\":\"https:\/\/denizcankizil.tr\/ru\/haberler\/antalya\/14uncu-asfim-dosemealtina-acildi\/\",\"name\":\"14'\u00fcnc\u00fc ASF\u0130M D\u00f6\u015femealt\u0131'na a\u00e7\u0131ld\u0131 - Av. Deniz Can K\u0131z\u0131l\",\"isPartOf\":{\"@id\":\"https:\/\/denizcankizil.tr\/#website\"},\"primaryImageOfPage\":{\"@id\":\"https:\/\/denizcankizil.tr\/ru\/haberler\/antalya\/14uncu-asfim-dosemealtina-acildi\/#primaryimage\"},\"image\":{\"@id\":\"https:\/\/denizcankizil.tr\/ru\/haberler\/antalya\/14uncu-asfim-dosemealtina-acildi\/#primaryimage\"},\"thumbnailUrl\":\"https:\/\/denizcankizil.tr\/wp-content\/uploads\/2025\/01\/3886-01-qzl6ZU.jpeg\",\"datePublished\":\"2025-01-03T10:41:34+00:00\",\"breadcrumb\":{\"@id\":\"https:\/\/denizcankizil.tr\/ru\/haberler\/antalya\/14uncu-asfim-dosemealtina-acildi\/#breadcrumb\"},\"inLanguage\":\"ru-RU\",\"potentialAction\":[{\"@type\":\"ReadAction\",\"target\":[\"https:\/\/denizcankizil.tr\/ru\/haberler\/antalya\/14uncu-asfim-dosemealtina-acildi\/\"]}]},{\"@type\":\"ImageObject\",\"inLanguage\":\"ru-RU\",\"@id\":\"https:\/\/denizcankizil.tr\/ru\/haberler\/antalya\/14uncu-asfim-dosemealtina-acildi\/#primaryimage\",\"url\":\"https:\/\/denizcankizil.tr\/wp-content\/uploads\/2025\/01\/3886-01-qzl6ZU.jpeg\",\"contentUrl\":\"https:\/\/denizcankizil.tr\/wp-content\/uploads\/2025\/01\/3886-01-qzl6ZU.jpeg\",\"width\":1280,\"height\":720},{\"@type\":\"BreadcrumbList\",\"@id\":\"https:\/\/denizcankizil.tr\/ru\/haberler\/antalya\/14uncu-asfim-dosemealtina-acildi\/#breadcrumb\",\"itemListElement\":[{\"@type\":\"ListItem\",\"position\":1,\"name\":\"Home\",\"item\":\"https:\/\/denizcankizil.tr\/de\/\"},{\"@type\":\"ListItem\",\"position\":2,\"name\":\"14&#8217;\u00fcnc\u00fc ASF\u0130M D\u00f6\u015femealt\u0131&#8217;na a\u00e7\u0131ld\u0131\"}]},{\"@type\":\"WebSite\",\"@id\":\"https:\/\/denizcankizil.tr\/#website\",\"url\":\"https:\/\/denizcankizil.tr\/\",\"name\":\"Av. Deniz Can K\u0131z\u0131l\",\"description\":\"Avukat Deniz Can K\u0131z\u0131l Antalya Barosu\",\"publisher\":{\"@id\":\"https:\/\/denizcankizil.tr\/#organization\"},\"potentialAction\":[{\"@type\":\"SearchAction\",\"target\":{\"@type\":\"EntryPoint\",\"urlTemplate\":\"https:\/\/denizcankizil.tr\/?s={search_term_string}\"},\"query-input\":{\"@type\":\"PropertyValueSpecification\",\"valueRequired\":true,\"valueName\":\"search_term_string\"}}],\"inLanguage\":\"ru-RU\"},{\"@type\":\"Organization\",\"@id\":\"https:\/\/denizcankizil.tr\/#organization\",\"name\":\"Av. Deniz Can K\u0131z\u0131l\",\"url\":\"https:\/\/denizcankizil.tr\/\",\"logo\":{\"@type\":\"ImageObject\",\"inLanguage\":\"ru-RU\",\"@id\":\"https:\/\/denizcankizil.tr\/#\/schema\/logo\/image\/\",\"url\":\"https:\/\/denizcankizil.tr\/wp-content\/uploads\/2024\/10\/siyah-logo-svg.svg\",\"contentUrl\":\"https:\/\/denizcankizil.tr\/wp-content\/uploads\/2024\/10\/siyah-logo-svg.svg\",\"width\":1080,\"height\":1080,\"caption\":\"Av. Deniz Can K\u0131z\u0131l\"},\"image\":{\"@id\":\"https:\/\/denizcankizil.tr\/#\/schema\/logo\/image\/\"}}]}<\/script>\n<!-- \/ Yoast SEO Premium plugin. -->","yoast_head_json":{"title":"14'\u00fcnc\u00fc ASF\u0130M D\u00f6\u015femealt\u0131'na a\u00e7\u0131ld\u0131 - Av. Deniz Can K\u0131z\u0131l","robots":{"index":"index","follow":"follow","max-snippet":"max-snippet:-1","max-image-preview":"max-image-preview:large","max-video-preview":"max-video-preview:-1"},"canonical":"https:\/\/denizcankizil.tr\/ru\/haberler\/antalya\/14uncu-asfim-dosemealtina-acildi\/","og_locale":"ru_RU","og_type":"article","og_title":"14'\u00fcnc\u00fc ASF\u0130M D\u00f6\u015femealt\u0131'na a\u00e7\u0131ld\u0131","og_description":"14&#8217;\u00fcnc\u00fc ASF\u0130M D\u00f6\u015femealt\u0131 ASF\u0130M ile birlikte, Antalya 14. ASF\u0130M&#8217;e kavu\u015ftu. Spor yapmak isteyen vatanda\u015flar, \u015fehrin d\u00f6rt bir yan\u0131nda bulunan ASF\u0130M&#8217;lere rahat \u015fekilde ula\u015fma imkan\u0131na sahip. Kad\u0131n ve \u00e7ocuklara y\u00f6nelik bir\u00e7ok farkl\u0131 bran\u015fta hizmet vermeye ba\u015flayan D\u00f6\u015femealt\u0131 ASF\u0130M, vatanda\u015flara \u00fccretsiz olarak hizmet veriyor. Hizmete girdi\u011fi ilk g\u00fcnden bu yana vatanda\u015flardan b\u00fcy\u00fck ilgi g\u00f6ren, 5 y\u0131ld\u0131zl\u0131 hizmetin sunuldu\u011fu D\u00f6\u015femealt\u0131 ASF\u0130M&#8217;de pilates, step, aerobik, zumba, \u00e7ocuk jimnasti\u011fi ve savunma sanat\u0131 dersleri mevcut. D\u00f6\u015femealt\u0131 ASF\u0130M&#8217;de 6 Ocak&#8217;ta ba\u015flayacak yeni sezon i\u00e7in de kay\u0131tlar ba\u015flad\u0131. Kay\u0131tlar, \u201cgenclikspor.antalya.bel.tr\u201d adresinden online olarak yap\u0131l\u0131yor. Sa\u011fl\u0131kl\u0131 ya\u015fam Antalya B\u00fcy\u00fck\u015fehir Belediyesi D\u00f6\u015femealt\u0131 ASF\u0130M Sorumlusu Selin Semiz, D\u00f6\u015femealt\u0131&#8217;nda ya\u015fayan vatanda\u015flar\u0131n yo\u011fun iste\u011fi \u00fczerine il\u00e7eye yeni bir tesis kazand\u0131r\u0131ld\u0131\u011f\u0131n\u0131 s\u00f6yledi. Semiz, \u201cAntalya B\u00fcy\u00fck\u015fehir Belediyesi olarak, D\u00f6\u015femealt\u0131&#8217;ndaki vatanda\u015flar\u0131m\u0131z\u0131, sa\u011fl\u0131kl\u0131 bir ya\u015fam s\u00fcrmek ad\u0131na sporla bulu\u015fturuyoruz. ASF\u0130M olarak slogan\u0131m\u0131z \u201cSa\u011fl\u0131kl\u0131 ya\u015fam i\u00e7in siz de harekete ge\u00e7in \u201c dedi. Pilates derslerine kat\u0131l\u0131m sa\u011flayan Ay\u015fe Kartal ise, \u201cUzun zamand\u0131r bekliyorduk. Haftan\u0131n 2 g\u00fcn\u00fc buraya geliyorum, pilates dersi al\u0131yorum. Burada beden sa\u011fl\u0131\u011f\u0131 \u00f6ncelikli dersler yap\u0131yoruz. Sa\u011fl\u0131kl\u0131 ve zinde oluyoruz. Sosyalle\u015fme imkan\u0131 buluyoruz. Bize bu imkan\u0131 sa\u011flad\u0131\u011f\u0131 i\u00e7in Antalya B\u00fcy\u00fck\u015fehir Belediye Ba\u015fkan\u0131 Muhittin B\u00f6cek&#8217;e te\u015fekk\u00fcr ediyorum\u201d diye konu\u015ftu. Kaynak: www.kanalv.com.tr Haber Sitesinden Al\u0131nm\u0131\u015ft\u0131r.","og_url":"https:\/\/denizcankizil.tr\/ru\/haberler\/antalya\/14uncu-asfim-dosemealtina-acildi\/","og_site_name":"Av. Deniz Can K\u0131z\u0131l","article_published_time":"2025-01-03T10:41:34+00:00","og_image":[{"width":1280,"height":720,"url":"https:\/\/denizcankizil.tr\/wp-content\/uploads\/2025\/01\/3886-01-qzl6ZU.jpeg","type":"image\/jpeg"}],"twitter_card":"summary_large_image","twitter_misc":{"\u041f\u0440\u0438\u043c\u0435\u0440\u043d\u043e\u0435 \u0432\u0440\u0435\u043c\u044f \u0434\u043b\u044f \u0447\u0442\u0435\u043d\u0438\u044f":"1 \u043c\u0438\u043d\u0443\u0442\u0430"},"schema":{"@context":"https:\/\/schema.org","@graph":[{"@type":"Article","@id":"https:\/\/denizcankizil.tr\/ru\/haberler\/antalya\/14uncu-asfim-dosemealtina-acildi\/#article","isPartOf":{"@id":"https:\/\/denizcankizil.tr\/ru\/haberler\/antalya\/14uncu-asfim-dosemealtina-acildi\/"},"author":{"name":"","@id":""},"headline":"14&#8217;\u00fcnc\u00fc ASF\u0130M D\u00f6\u015femealt\u0131&#8217;na a\u00e7\u0131ld\u0131","datePublished":"2025-01-03T10:41:34+00:00","mainEntityOfPage":{"@id":"https:\/\/denizcankizil.tr\/ru\/haberler\/antalya\/14uncu-asfim-dosemealtina-acildi\/"},"wordCount":308,"commentCount":0,"publisher":{"@id":"https:\/\/denizcankizil.tr\/#organization"},"image":{"@id":"https:\/\/denizcankizil.tr\/ru\/haberler\/antalya\/14uncu-asfim-dosemealtina-acildi\/#primaryimage"},"thumbnailUrl":"https:\/\/denizcankizil.tr\/wp-content\/uploads\/2025\/01\/3886-01-qzl6ZU.jpeg","articleSection":["Antalya","Uncategorized"],"inLanguage":"ru-RU","potentialAction":[{"@type":"CommentAction","name":"Comment","target":["https:\/\/denizcankizil.tr\/ru\/haberler\/antalya\/14uncu-asfim-dosemealtina-acildi\/#respond"]}]},{"@type":"WebPage","@id":"https:\/\/denizcankizil.tr\/ru\/haberler\/antalya\/14uncu-asfim-dosemealtina-acildi\/","url":"https:\/\/denizcankizil.tr\/ru\/haberler\/antalya\/14uncu-asfim-dosemealtina-acildi\/","name":"14'\u00fcnc\u00fc ASF\u0130M D\u00f6\u015femealt\u0131'na a\u00e7\u0131ld\u0131 - Av. Deniz Can K\u0131z\u0131l","isPartOf":{"@id":"https:\/\/denizcankizil.tr\/#website"},"primaryImageOfPage":{"@id":"https:\/\/denizcankizil.tr\/ru\/haberler\/antalya\/14uncu-asfim-dosemealtina-acildi\/#primaryimage"},"image":{"@id":"https:\/\/denizcankizil.tr\/ru\/haberler\/antalya\/14uncu-asfim-dosemealtina-acildi\/#primaryimage"},"thumbnailUrl":"https:\/\/denizcankizil.tr\/wp-content\/uploads\/2025\/01\/3886-01-qzl6ZU.jpeg","datePublished":"2025-01-03T10:41:34+00:00","breadcrumb":{"@id":"https:\/\/denizcankizil.tr\/ru\/haberler\/antalya\/14uncu-asfim-dosemealtina-acildi\/#breadcrumb"},"inLanguage":"ru-RU","potentialAction":[{"@type":"ReadAction","target":["https:\/\/denizcankizil.tr\/ru\/haberler\/antalya\/14uncu-asfim-dosemealtina-acildi\/"]}]},{"@type":"ImageObject","inLanguage":"ru-RU","@id":"https:\/\/denizcankizil.tr\/ru\/haberler\/antalya\/14uncu-asfim-dosemealtina-acildi\/#primaryimage","url":"https:\/\/denizcankizil.tr\/wp-content\/uploads\/2025\/01\/3886-01-qzl6ZU.jpeg","contentUrl":"https:\/\/denizcankizil.tr\/wp-content\/uploads\/2025\/01\/3886-01-qzl6ZU.jpeg","width":1280,"height":720},{"@type":"BreadcrumbList","@id":"https:\/\/denizcankizil.tr\/ru\/haberler\/antalya\/14uncu-asfim-dosemealtina-acildi\/#breadcrumb","itemListElement":[{"@type":"ListItem","position":1,"name":"Home","item":"https:\/\/denizcankizil.tr\/de\/"},{"@type":"ListItem","position":2,"name":"14&#8217;\u00fcnc\u00fc ASF\u0130M D\u00f6\u015femealt\u0131&#8217;na a\u00e7\u0131ld\u0131"}]},{"@type":"WebSite","@id":"https:\/\/denizcankizil.tr\/#website","url":"https:\/\/denizcankizil.tr\/","name":"Av. Deniz Can K\u0131z\u0131l","description":"Avukat Deniz Can K\u0131z\u0131l Antalya Barosu","publisher":{"@id":"https:\/\/denizcankizil.tr\/#organization"},"potentialAction":[{"@type":"SearchAction","target":{"@type":"EntryPoint","urlTemplate":"https:\/\/denizcankizil.tr\/?s={search_term_string}"},"query-input":{"@type":"PropertyValueSpecification","valueRequired":true,"valueName":"search_term_string"}}],"inLanguage":"ru-RU"},{"@type":"Organization","@id":"https:\/\/denizcankizil.tr\/#organization","name":"Av. Deniz Can K\u0131z\u0131l","url":"https:\/\/denizcankizil.tr\/","logo":{"@type":"ImageObject","inLanguage":"ru-RU","@id":"https:\/\/denizcankizil.tr\/#\/schema\/logo\/image\/","url":"https:\/\/denizcankizil.tr\/wp-content\/uploads\/2024\/10\/siyah-logo-svg.svg","contentUrl":"https:\/\/denizcankizil.tr\/wp-content\/uploads\/2024\/10\/siyah-logo-svg.svg","width":1080,"height":1080,"caption":"Av. Deniz Can K\u0131z\u0131l"},"image":{"@id":"https:\/\/denizcankizil.tr\/#\/schema\/logo\/image\/"}}]}},"_links":{"self":[{"href":"https:\/\/denizcankizil.tr\/ru\/wp-json\/wp\/v2\/posts\/23611","targetHints":{"allow":["GET"]}}],"collection":[{"href":"https:\/\/denizcankizil.tr\/ru\/wp-json\/wp\/v2\/posts"}],"about":[{"href":"https:\/\/denizcankizil.tr\/ru\/wp-json\/wp\/v2\/types\/post"}],"replies":[{"embeddable":true,"href":"https:\/\/denizcankizil.tr\/ru\/wp-json\/wp\/v2\/comments?post=23611"}],"version-history":[{"count":0,"href":"https:\/\/denizcankizil.tr\/ru\/wp-json\/wp\/v2\/posts\/23611\/revisions"}],"wp:featuredmedia":[{"embeddable":true,"href":"https:\/\/denizcankizil.tr\/ru\/wp-json\/wp\/v2\/media\/23612"}],"wp:attachment":[{"href":"https:\/\/denizcankizil.tr\/ru\/wp-json\/wp\/v2\/media?parent=23611"}],"wp:term":[{"taxonomy":"category","embeddable":true,"href":"https:\/\/denizcankizil.tr\/ru\/wp-json\/wp\/v2\/categories?post=23611"},{"taxonomy":"post_tag","embeddable":true,"href":"https:\/\/denizcankizil.tr\/ru\/wp-json\/wp\/v2\/tags?post=23611"}],"curies":[{"name":"wp","href":"https:\/\/api.w.org\/{rel}","templated":true}]}}