{"id":23195,"date":"2024-12-31T17:41:43","date_gmt":"2024-12-31T14:41:43","guid":{"rendered":"https:\/\/denizcankizil.tr\/uncategorized-tr\/antalyada-son-bir-haftada-208-sahis-tutuklandi\/"},"modified":"2024-12-31T17:41:43","modified_gmt":"2024-12-31T14:41:43","slug":"antalyada-son-bir-haftada-208-sahis-tutuklandi","status":"publish","type":"post","link":"https:\/\/denizcankizil.tr\/ru\/haberler\/antalya\/antalyada-son-bir-haftada-208-sahis-tutuklandi\/","title":{"rendered":"Antalya&#8217;da son bir haftada 208 \u015fah\u0131s tutukland\u0131"},"content":{"rendered":"<p>Antalya genelinde Emniyet M\u00fcd\u00fcrl\u00fc\u011f\u00fc birimlerince, son 1 haftada \u201ckasten yaralama, ya\u011fma, h\u0131rs\u0131zl\u0131k, cinsel su\u00e7lar, fuh\u015fa te\u015fvik, arac\u0131l\u0131k etme veya zorlama\u201d su\u00e7lar\u0131 ba\u015fta olmak \u00fczere meydana gelen asayi\u015f olaylar\u0131na y\u00f6nelik, uygulamalar ve denetimler ger\u00e7ekle\u015ftirildi. Bu kapsamda 142 bin 202 \u015fah\u0131s sorgulan\u0131rken, 463\u2019\u00fc aranan \u015fah\u0131s olmak \u00fczere 1372 \u015fah\u0131s yakalan\u0131rken, adli makamlara sevk edilen 208 \u015fah\u0131s tutukland\u0131.<br \/>\nYine denetimlerde 25 bin 881 otomobil ve motosiklet incelendi, \u00e7al\u0131nt\u0131, hacizli ve yakalamal\u0131 21 otomobil ile motosiklet yakaland\u0131. 256 ge\u00e7ici konaklama yeri ile 45 kiral\u0131k ara\u00e7 firmas\u0131n\u0131n kontrol edildi\u011fi denetimlerde 3 i\u015fletmeye idari yapt\u0131r\u0131m karar\u0131 uyguland\u0131.<br \/>\nYap\u0131lan \u00e7al\u0131\u015fmalar neticesinde ise 33 ate\u015fli silah, 229 fi\u015fek ve t\u00fcfek kartu\u015fu, 3 adet kesici alet de ele ge\u00e7irildi.<\/p>\n<p>Kaynak: www.kanalv.com.tr Haber Sitesinden Al\u0131nm\u0131\u015ft\u0131r.<\/p>","protected":false},"excerpt":{"rendered":"<p>Antalya genelinde Emniyet M\u00fcd\u00fcrl\u00fc\u011f\u00fc birimlerince, son 1 haftada \u201ckasten yaralama, ya\u011fma, h\u0131rs\u0131zl\u0131k, cinsel su\u00e7lar, fuh\u015fa te\u015fvik, arac\u0131l\u0131k etme veya zorlama\u201d su\u00e7lar\u0131 ba\u015fta olmak \u00fczere meydana gelen asayi\u015f olaylar\u0131na y\u00f6nelik, uygulamalar ve denetimler ger\u00e7ekle\u015ftirildi. Bu kapsamda 142 bin 202 \u015fah\u0131s sorgulan\u0131rken, 463\u2019\u00fc aranan \u015fah\u0131s olmak \u00fczere 1372 \u015fah\u0131s yakalan\u0131rken, adli makamlara sevk edilen 208 \u015fah\u0131s tutukland\u0131. Yine denetimlerde 25 bin 881 otomobil ve motosiklet incelendi, \u00e7al\u0131nt\u0131, hacizli ve yakalamal\u0131 21 otomobil ile motosiklet yakaland\u0131. 256 ge\u00e7ici konaklama yeri ile 45 kiral\u0131k ara\u00e7 firmas\u0131n\u0131n kontrol edildi\u011fi denetimlerde 3 i\u015fletmeye idari yapt\u0131r\u0131m karar\u0131 uyguland\u0131. Yap\u0131lan \u00e7al\u0131\u015fmalar neticesinde ise 33 ate\u015fli silah, 229 fi\u015fek ve t\u00fcfek kartu\u015fu, 3 adet kesici alet de ele ge\u00e7irildi. Kaynak: www.kanalv.com.tr Haber Sitesinden Al\u0131nm\u0131\u015ft\u0131r.<\/p>","protected":false},"author":0,"featured_media":23196,"comment_status":"open","ping_status":"open","sticky":false,"template":"","format":"standard","meta":{"_acf_changed":false,"footnotes":""},"categories":[26,535],"tags":[],"class_list":["post-23195","post","type-post","status-publish","format-standard","has-post-thumbnail","hentry","category-antalya","category-uncategorized-tr"],"acf":[],"yoast_head":"<!-- This site is optimized with the Yoast SEO Premium plugin v26.6 (Yoast SEO v27.1.1) - https:\/\/yoast.com\/product\/yoast-seo-premium-wordpress\/ -->\n<title>Antalya&#039;da son bir haftada 208 \u015fah\u0131s tutukland\u0131 - Av. Deniz Can K\u0131z\u0131l<\/title>\n<meta name=\"robots\" content=\"index, follow, max-snippet:-1, max-image-preview:large, max-video-preview:-1\" \/>\n<link rel=\"canonical\" href=\"https:\/\/denizcankizil.tr\/ru\/haberler\/antalya\/antalyada-son-bir-haftada-208-sahis-tutuklandi\/\" \/>\n<meta property=\"og:locale\" content=\"ru_RU\" \/>\n<meta property=\"og:type\" content=\"article\" \/>\n<meta property=\"og:title\" content=\"Antalya&#039;da son bir haftada 208 \u015fah\u0131s tutukland\u0131\" \/>\n<meta property=\"og:description\" content=\"Antalya genelinde Emniyet M\u00fcd\u00fcrl\u00fc\u011f\u00fc birimlerince, son 1 haftada \u201ckasten yaralama, ya\u011fma, h\u0131rs\u0131zl\u0131k, cinsel su\u00e7lar, fuh\u015fa te\u015fvik, arac\u0131l\u0131k etme veya zorlama\u201d su\u00e7lar\u0131 ba\u015fta olmak \u00fczere meydana gelen asayi\u015f olaylar\u0131na y\u00f6nelik, uygulamalar ve denetimler ger\u00e7ekle\u015ftirildi. Bu kapsamda 142 bin 202 \u015fah\u0131s sorgulan\u0131rken, 463\u2019\u00fc aranan \u015fah\u0131s olmak \u00fczere 1372 \u015fah\u0131s yakalan\u0131rken, adli makamlara sevk edilen 208 \u015fah\u0131s tutukland\u0131. Yine denetimlerde 25 bin 881 otomobil ve motosiklet incelendi, \u00e7al\u0131nt\u0131, hacizli ve yakalamal\u0131 21 otomobil ile motosiklet yakaland\u0131. 256 ge\u00e7ici konaklama yeri ile 45 kiral\u0131k ara\u00e7 firmas\u0131n\u0131n kontrol edildi\u011fi denetimlerde 3 i\u015fletmeye idari yapt\u0131r\u0131m karar\u0131 uyguland\u0131. Yap\u0131lan \u00e7al\u0131\u015fmalar neticesinde ise 33 ate\u015fli silah, 229 fi\u015fek ve t\u00fcfek kartu\u015fu, 3 adet kesici alet de ele ge\u00e7irildi. Kaynak: www.kanalv.com.tr Haber Sitesinden Al\u0131nm\u0131\u015ft\u0131r.\" \/>\n<meta property=\"og:url\" content=\"https:\/\/denizcankizil.tr\/ru\/haberler\/antalya\/antalyada-son-bir-haftada-208-sahis-tutuklandi\/\" \/>\n<meta property=\"og:site_name\" content=\"Av. Deniz Can K\u0131z\u0131l\" \/>\n<meta property=\"article:published_time\" content=\"2024-12-31T14:41:43+00:00\" \/>\n<meta property=\"og:image\" content=\"https:\/\/denizcankizil.tr\/wp-content\/uploads\/2024\/12\/3848-01-rZKjV8.jpeg\" \/>\n\t<meta property=\"og:image:width\" content=\"1280\" \/>\n\t<meta property=\"og:image:height\" content=\"720\" \/>\n\t<meta property=\"og:image:type\" content=\"image\/jpeg\" \/>\n<meta name=\"twitter:card\" content=\"summary_large_image\" \/>\n<meta name=\"twitter:label1\" content=\"\u041f\u0440\u0438\u043c\u0435\u0440\u043d\u043e\u0435 \u0432\u0440\u0435\u043c\u044f \u0434\u043b\u044f \u0447\u0442\u0435\u043d\u0438\u044f\" \/>\n\t<meta name=\"twitter:data1\" content=\"1 \u043c\u0438\u043d\u0443\u0442\u0430\" \/>\n<script type=\"application\/ld+json\" class=\"yoast-schema-graph\">{\"@context\":\"https:\/\/schema.org\",\"@graph\":[{\"@type\":\"Article\",\"@id\":\"https:\/\/denizcankizil.tr\/ru\/haberler\/antalya\/antalyada-son-bir-haftada-208-sahis-tutuklandi\/#article\",\"isPartOf\":{\"@id\":\"https:\/\/denizcankizil.tr\/ru\/haberler\/antalya\/antalyada-son-bir-haftada-208-sahis-tutuklandi\/\"},\"author\":{\"name\":\"\",\"@id\":\"\"},\"headline\":\"Antalya&#8217;da son bir haftada 208 \u015fah\u0131s tutukland\u0131\",\"datePublished\":\"2024-12-31T14:41:43+00:00\",\"mainEntityOfPage\":{\"@id\":\"https:\/\/denizcankizil.tr\/ru\/haberler\/antalya\/antalyada-son-bir-haftada-208-sahis-tutuklandi\/\"},\"wordCount\":153,\"commentCount\":0,\"publisher\":{\"@id\":\"https:\/\/denizcankizil.tr\/de\/#organization\"},\"image\":{\"@id\":\"https:\/\/denizcankizil.tr\/ru\/haberler\/antalya\/antalyada-son-bir-haftada-208-sahis-tutuklandi\/#primaryimage\"},\"thumbnailUrl\":\"https:\/\/denizcankizil.tr\/wp-content\/uploads\/2024\/12\/3848-01-rZKjV8.jpeg\",\"articleSection\":[\"Antalya\",\"Uncategorized\"],\"inLanguage\":\"ru-RU\",\"potentialAction\":[{\"@type\":\"CommentAction\",\"name\":\"Comment\",\"target\":[\"https:\/\/denizcankizil.tr\/ru\/haberler\/antalya\/antalyada-son-bir-haftada-208-sahis-tutuklandi\/#respond\"]}]},{\"@type\":\"WebPage\",\"@id\":\"https:\/\/denizcankizil.tr\/ru\/haberler\/antalya\/antalyada-son-bir-haftada-208-sahis-tutuklandi\/\",\"url\":\"https:\/\/denizcankizil.tr\/ru\/haberler\/antalya\/antalyada-son-bir-haftada-208-sahis-tutuklandi\/\",\"name\":\"Antalya'da son bir haftada 208 \u015fah\u0131s tutukland\u0131 - Av. Deniz Can K\u0131z\u0131l\",\"isPartOf\":{\"@id\":\"https:\/\/denizcankizil.tr\/de\/#website\"},\"primaryImageOfPage\":{\"@id\":\"https:\/\/denizcankizil.tr\/ru\/haberler\/antalya\/antalyada-son-bir-haftada-208-sahis-tutuklandi\/#primaryimage\"},\"image\":{\"@id\":\"https:\/\/denizcankizil.tr\/ru\/haberler\/antalya\/antalyada-son-bir-haftada-208-sahis-tutuklandi\/#primaryimage\"},\"thumbnailUrl\":\"https:\/\/denizcankizil.tr\/wp-content\/uploads\/2024\/12\/3848-01-rZKjV8.jpeg\",\"datePublished\":\"2024-12-31T14:41:43+00:00\",\"breadcrumb\":{\"@id\":\"https:\/\/denizcankizil.tr\/ru\/haberler\/antalya\/antalyada-son-bir-haftada-208-sahis-tutuklandi\/#breadcrumb\"},\"inLanguage\":\"ru-RU\",\"potentialAction\":[{\"@type\":\"ReadAction\",\"target\":[\"https:\/\/denizcankizil.tr\/ru\/haberler\/antalya\/antalyada-son-bir-haftada-208-sahis-tutuklandi\/\"]}]},{\"@type\":\"ImageObject\",\"inLanguage\":\"ru-RU\",\"@id\":\"https:\/\/denizcankizil.tr\/ru\/haberler\/antalya\/antalyada-son-bir-haftada-208-sahis-tutuklandi\/#primaryimage\",\"url\":\"https:\/\/denizcankizil.tr\/wp-content\/uploads\/2024\/12\/3848-01-rZKjV8.jpeg\",\"contentUrl\":\"https:\/\/denizcankizil.tr\/wp-content\/uploads\/2024\/12\/3848-01-rZKjV8.jpeg\",\"width\":1280,\"height\":720},{\"@type\":\"BreadcrumbList\",\"@id\":\"https:\/\/denizcankizil.tr\/ru\/haberler\/antalya\/antalyada-son-bir-haftada-208-sahis-tutuklandi\/#breadcrumb\",\"itemListElement\":[{\"@type\":\"ListItem\",\"position\":1,\"name\":\"Home\",\"item\":\"https:\/\/denizcankizil.tr\/de\/\"},{\"@type\":\"ListItem\",\"position\":2,\"name\":\"Antalya&#8217;da son bir haftada 208 \u015fah\u0131s tutukland\u0131\"}]},{\"@type\":\"WebSite\",\"@id\":\"https:\/\/denizcankizil.tr\/de\/#website\",\"url\":\"https:\/\/denizcankizil.tr\/de\/\",\"name\":\"Av. Deniz Can K\u0131z\u0131l\",\"description\":\"Avukat Deniz Can K\u0131z\u0131l Antalya Barosu\",\"publisher\":{\"@id\":\"https:\/\/denizcankizil.tr\/de\/#organization\"},\"potentialAction\":[{\"@type\":\"SearchAction\",\"target\":{\"@type\":\"EntryPoint\",\"urlTemplate\":\"https:\/\/denizcankizil.tr\/de\/?s={search_term_string}\"},\"query-input\":{\"@type\":\"PropertyValueSpecification\",\"valueRequired\":true,\"valueName\":\"search_term_string\"}}],\"inLanguage\":\"ru-RU\"},{\"@type\":\"Organization\",\"@id\":\"https:\/\/denizcankizil.tr\/de\/#organization\",\"name\":\"Av. Deniz Can K\u0131z\u0131l\",\"url\":\"https:\/\/denizcankizil.tr\/de\/\",\"logo\":{\"@type\":\"ImageObject\",\"inLanguage\":\"ru-RU\",\"@id\":\"https:\/\/denizcankizil.tr\/de\/#\/schema\/logo\/image\/\",\"url\":\"https:\/\/denizcankizil.tr\/wp-content\/uploads\/2024\/10\/siyah-logo-svg.svg\",\"contentUrl\":\"https:\/\/denizcankizil.tr\/wp-content\/uploads\/2024\/10\/siyah-logo-svg.svg\",\"width\":1080,\"height\":1080,\"caption\":\"Av. Deniz Can K\u0131z\u0131l\"},\"image\":{\"@id\":\"https:\/\/denizcankizil.tr\/de\/#\/schema\/logo\/image\/\"}}]}<\/script>\n<!-- \/ Yoast SEO Premium plugin. -->","yoast_head_json":{"title":"Antalya'da son bir haftada 208 \u015fah\u0131s tutukland\u0131 - Av. Deniz Can K\u0131z\u0131l","robots":{"index":"index","follow":"follow","max-snippet":"max-snippet:-1","max-image-preview":"max-image-preview:large","max-video-preview":"max-video-preview:-1"},"canonical":"https:\/\/denizcankizil.tr\/ru\/haberler\/antalya\/antalyada-son-bir-haftada-208-sahis-tutuklandi\/","og_locale":"ru_RU","og_type":"article","og_title":"Antalya'da son bir haftada 208 \u015fah\u0131s tutukland\u0131","og_description":"Antalya genelinde Emniyet M\u00fcd\u00fcrl\u00fc\u011f\u00fc birimlerince, son 1 haftada \u201ckasten yaralama, ya\u011fma, h\u0131rs\u0131zl\u0131k, cinsel su\u00e7lar, fuh\u015fa te\u015fvik, arac\u0131l\u0131k etme veya zorlama\u201d su\u00e7lar\u0131 ba\u015fta olmak \u00fczere meydana gelen asayi\u015f olaylar\u0131na y\u00f6nelik, uygulamalar ve denetimler ger\u00e7ekle\u015ftirildi. Bu kapsamda 142 bin 202 \u015fah\u0131s sorgulan\u0131rken, 463\u2019\u00fc aranan \u015fah\u0131s olmak \u00fczere 1372 \u015fah\u0131s yakalan\u0131rken, adli makamlara sevk edilen 208 \u015fah\u0131s tutukland\u0131. Yine denetimlerde 25 bin 881 otomobil ve motosiklet incelendi, \u00e7al\u0131nt\u0131, hacizli ve yakalamal\u0131 21 otomobil ile motosiklet yakaland\u0131. 256 ge\u00e7ici konaklama yeri ile 45 kiral\u0131k ara\u00e7 firmas\u0131n\u0131n kontrol edildi\u011fi denetimlerde 3 i\u015fletmeye idari yapt\u0131r\u0131m karar\u0131 uyguland\u0131. Yap\u0131lan \u00e7al\u0131\u015fmalar neticesinde ise 33 ate\u015fli silah, 229 fi\u015fek ve t\u00fcfek kartu\u015fu, 3 adet kesici alet de ele ge\u00e7irildi. Kaynak: www.kanalv.com.tr Haber Sitesinden Al\u0131nm\u0131\u015ft\u0131r.","og_url":"https:\/\/denizcankizil.tr\/ru\/haberler\/antalya\/antalyada-son-bir-haftada-208-sahis-tutuklandi\/","og_site_name":"Av. Deniz Can K\u0131z\u0131l","article_published_time":"2024-12-31T14:41:43+00:00","og_image":[{"width":1280,"height":720,"url":"https:\/\/denizcankizil.tr\/wp-content\/uploads\/2024\/12\/3848-01-rZKjV8.jpeg","type":"image\/jpeg"}],"twitter_card":"summary_large_image","twitter_misc":{"\u041f\u0440\u0438\u043c\u0435\u0440\u043d\u043e\u0435 \u0432\u0440\u0435\u043c\u044f \u0434\u043b\u044f \u0447\u0442\u0435\u043d\u0438\u044f":"1 \u043c\u0438\u043d\u0443\u0442\u0430"},"schema":{"@context":"https:\/\/schema.org","@graph":[{"@type":"Article","@id":"https:\/\/denizcankizil.tr\/ru\/haberler\/antalya\/antalyada-son-bir-haftada-208-sahis-tutuklandi\/#article","isPartOf":{"@id":"https:\/\/denizcankizil.tr\/ru\/haberler\/antalya\/antalyada-son-bir-haftada-208-sahis-tutuklandi\/"},"author":{"name":"","@id":""},"headline":"Antalya&#8217;da son bir haftada 208 \u015fah\u0131s tutukland\u0131","datePublished":"2024-12-31T14:41:43+00:00","mainEntityOfPage":{"@id":"https:\/\/denizcankizil.tr\/ru\/haberler\/antalya\/antalyada-son-bir-haftada-208-sahis-tutuklandi\/"},"wordCount":153,"commentCount":0,"publisher":{"@id":"https:\/\/denizcankizil.tr\/de\/#organization"},"image":{"@id":"https:\/\/denizcankizil.tr\/ru\/haberler\/antalya\/antalyada-son-bir-haftada-208-sahis-tutuklandi\/#primaryimage"},"thumbnailUrl":"https:\/\/denizcankizil.tr\/wp-content\/uploads\/2024\/12\/3848-01-rZKjV8.jpeg","articleSection":["Antalya","Uncategorized"],"inLanguage":"ru-RU","potentialAction":[{"@type":"CommentAction","name":"Comment","target":["https:\/\/denizcankizil.tr\/ru\/haberler\/antalya\/antalyada-son-bir-haftada-208-sahis-tutuklandi\/#respond"]}]},{"@type":"WebPage","@id":"https:\/\/denizcankizil.tr\/ru\/haberler\/antalya\/antalyada-son-bir-haftada-208-sahis-tutuklandi\/","url":"https:\/\/denizcankizil.tr\/ru\/haberler\/antalya\/antalyada-son-bir-haftada-208-sahis-tutuklandi\/","name":"Antalya'da son bir haftada 208 \u015fah\u0131s tutukland\u0131 - Av. Deniz Can K\u0131z\u0131l","isPartOf":{"@id":"https:\/\/denizcankizil.tr\/de\/#website"},"primaryImageOfPage":{"@id":"https:\/\/denizcankizil.tr\/ru\/haberler\/antalya\/antalyada-son-bir-haftada-208-sahis-tutuklandi\/#primaryimage"},"image":{"@id":"https:\/\/denizcankizil.tr\/ru\/haberler\/antalya\/antalyada-son-bir-haftada-208-sahis-tutuklandi\/#primaryimage"},"thumbnailUrl":"https:\/\/denizcankizil.tr\/wp-content\/uploads\/2024\/12\/3848-01-rZKjV8.jpeg","datePublished":"2024-12-31T14:41:43+00:00","breadcrumb":{"@id":"https:\/\/denizcankizil.tr\/ru\/haberler\/antalya\/antalyada-son-bir-haftada-208-sahis-tutuklandi\/#breadcrumb"},"inLanguage":"ru-RU","potentialAction":[{"@type":"ReadAction","target":["https:\/\/denizcankizil.tr\/ru\/haberler\/antalya\/antalyada-son-bir-haftada-208-sahis-tutuklandi\/"]}]},{"@type":"ImageObject","inLanguage":"ru-RU","@id":"https:\/\/denizcankizil.tr\/ru\/haberler\/antalya\/antalyada-son-bir-haftada-208-sahis-tutuklandi\/#primaryimage","url":"https:\/\/denizcankizil.tr\/wp-content\/uploads\/2024\/12\/3848-01-rZKjV8.jpeg","contentUrl":"https:\/\/denizcankizil.tr\/wp-content\/uploads\/2024\/12\/3848-01-rZKjV8.jpeg","width":1280,"height":720},{"@type":"BreadcrumbList","@id":"https:\/\/denizcankizil.tr\/ru\/haberler\/antalya\/antalyada-son-bir-haftada-208-sahis-tutuklandi\/#breadcrumb","itemListElement":[{"@type":"ListItem","position":1,"name":"Home","item":"https:\/\/denizcankizil.tr\/de\/"},{"@type":"ListItem","position":2,"name":"Antalya&#8217;da son bir haftada 208 \u015fah\u0131s tutukland\u0131"}]},{"@type":"WebSite","@id":"https:\/\/denizcankizil.tr\/de\/#website","url":"https:\/\/denizcankizil.tr\/de\/","name":"Av. Deniz Can K\u0131z\u0131l","description":"Avukat Deniz Can K\u0131z\u0131l Antalya Barosu","publisher":{"@id":"https:\/\/denizcankizil.tr\/de\/#organization"},"potentialAction":[{"@type":"SearchAction","target":{"@type":"EntryPoint","urlTemplate":"https:\/\/denizcankizil.tr\/de\/?s={search_term_string}"},"query-input":{"@type":"PropertyValueSpecification","valueRequired":true,"valueName":"search_term_string"}}],"inLanguage":"ru-RU"},{"@type":"Organization","@id":"https:\/\/denizcankizil.tr\/de\/#organization","name":"Av. Deniz Can K\u0131z\u0131l","url":"https:\/\/denizcankizil.tr\/de\/","logo":{"@type":"ImageObject","inLanguage":"ru-RU","@id":"https:\/\/denizcankizil.tr\/de\/#\/schema\/logo\/image\/","url":"https:\/\/denizcankizil.tr\/wp-content\/uploads\/2024\/10\/siyah-logo-svg.svg","contentUrl":"https:\/\/denizcankizil.tr\/wp-content\/uploads\/2024\/10\/siyah-logo-svg.svg","width":1080,"height":1080,"caption":"Av. Deniz Can K\u0131z\u0131l"},"image":{"@id":"https:\/\/denizcankizil.tr\/de\/#\/schema\/logo\/image\/"}}]}},"_links":{"self":[{"href":"https:\/\/denizcankizil.tr\/ru\/wp-json\/wp\/v2\/posts\/23195","targetHints":{"allow":["GET"]}}],"collection":[{"href":"https:\/\/denizcankizil.tr\/ru\/wp-json\/wp\/v2\/posts"}],"about":[{"href":"https:\/\/denizcankizil.tr\/ru\/wp-json\/wp\/v2\/types\/post"}],"replies":[{"embeddable":true,"href":"https:\/\/denizcankizil.tr\/ru\/wp-json\/wp\/v2\/comments?post=23195"}],"version-history":[{"count":0,"href":"https:\/\/denizcankizil.tr\/ru\/wp-json\/wp\/v2\/posts\/23195\/revisions"}],"wp:featuredmedia":[{"embeddable":true,"href":"https:\/\/denizcankizil.tr\/ru\/wp-json\/wp\/v2\/media\/23196"}],"wp:attachment":[{"href":"https:\/\/denizcankizil.tr\/ru\/wp-json\/wp\/v2\/media?parent=23195"}],"wp:term":[{"taxonomy":"category","embeddable":true,"href":"https:\/\/denizcankizil.tr\/ru\/wp-json\/wp\/v2\/categories?post=23195"},{"taxonomy":"post_tag","embeddable":true,"href":"https:\/\/denizcankizil.tr\/ru\/wp-json\/wp\/v2\/tags?post=23195"}],"curies":[{"name":"wp","href":"https:\/\/api.w.org\/{rel}","templated":true}]}}