{"id":22936,"date":"2024-12-30T09:41:47","date_gmt":"2024-12-30T06:41:47","guid":{"rendered":"https:\/\/denizcankizil.tr\/uncategorized-tr\/baskan-aydin-2024-yilini-degerlendirdi\/"},"modified":"2024-12-30T09:41:47","modified_gmt":"2024-12-30T06:41:47","slug":"baskan-aydin-2024-yilini-degerlendirdi","status":"publish","type":"post","link":"https:\/\/denizcankizil.tr\/ru\/haberler\/gundem\/baskan-aydin-2024-yilini-degerlendirdi\/","title":{"rendered":"Ba\u015fkan Ayd\u0131n 2024 y\u0131l\u0131n\u0131 de\u011ferlendirdi"},"content":{"rendered":"<p>Osmangazi Belediye Ba\u015fkan\u0131 Erkan Ayd\u0131n, 2024 y\u0131l\u0131nda yapt\u0131klar\u0131 \u00e7al\u0131\u015fmalar\u0131 ve projeleri de\u011ferlendirerek, 2025 y\u0131l\u0131 i\u00e7in belirledikleri yeni hedefleri a\u00e7\u0131klad\u0131.<\/p>\n<p>\u200bOsmangazi Belediye Ba\u015fkan\u0131 Erkan Ayd\u0131n, 2024 y\u0131l\u0131nda yapt\u0131klar\u0131 \u00e7al\u0131\u015fmalar\u0131 ve projeleri de\u011ferlendirerek, 2025 y\u0131l\u0131 i\u00e7in belirledikleri yeni hedefleri a\u00e7\u0131klad\u0131.\u00a0<\/p>\n<p>\u200bHaberin Al\u0131nt\u0131land\u0131\u011f\u0131 Kaynak: www.iskenderun.org<\/p>","protected":false},"excerpt":{"rendered":"<p>Osmangazi Belediye Ba\u015fkan\u0131 Erkan Ayd\u0131n, 2024 y\u0131l\u0131nda yapt\u0131klar\u0131 \u00e7al\u0131\u015fmalar\u0131 ve projeleri de\u011ferlendirerek, 2025 y\u0131l\u0131 i\u00e7in belirledikleri yeni hedefleri a\u00e7\u0131klad\u0131. \u200bOsmangazi Belediye Ba\u015fkan\u0131 Erkan Ayd\u0131n, 2024 y\u0131l\u0131nda yapt\u0131klar\u0131 \u00e7al\u0131\u015fmalar\u0131 ve projeleri de\u011ferlendirerek, 2025 y\u0131l\u0131 i\u00e7in belirledikleri yeni hedefleri a\u00e7\u0131klad\u0131.\u00a0 \u200bHaberin Al\u0131nt\u0131land\u0131\u011f\u0131 Kaynak: www.iskenderun.org<\/p>","protected":false},"author":0,"featured_media":0,"comment_status":"open","ping_status":"open","sticky":false,"template":"","format":"standard","meta":{"_acf_changed":false,"footnotes":""},"categories":[24,535],"tags":[],"class_list":["post-22936","post","type-post","status-publish","format-standard","has-post-thumbnail","hentry","category-gundem","category-uncategorized-tr"],"acf":[],"yoast_head":"<!-- This site is optimized with the Yoast SEO Premium plugin v26.6 (Yoast SEO v27.1.1) - https:\/\/yoast.com\/product\/yoast-seo-premium-wordpress\/ -->\n<title>Ba\u015fkan Ayd\u0131n 2024 y\u0131l\u0131n\u0131 de\u011ferlendirdi - Av. Deniz Can K\u0131z\u0131l<\/title>\n<meta name=\"robots\" content=\"index, follow, max-snippet:-1, max-image-preview:large, max-video-preview:-1\" \/>\n<link rel=\"canonical\" href=\"https:\/\/denizcankizil.tr\/ru\/haberler\/gundem\/baskan-aydin-2024-yilini-degerlendirdi\/\" \/>\n<meta property=\"og:locale\" content=\"ru_RU\" \/>\n<meta property=\"og:type\" content=\"article\" \/>\n<meta property=\"og:title\" content=\"Ba\u015fkan Ayd\u0131n 2024 y\u0131l\u0131n\u0131 de\u011ferlendirdi\" \/>\n<meta property=\"og:description\" content=\"Osmangazi Belediye Ba\u015fkan\u0131 Erkan Ayd\u0131n, 2024 y\u0131l\u0131nda yapt\u0131klar\u0131 \u00e7al\u0131\u015fmalar\u0131 ve projeleri de\u011ferlendirerek, 2025 y\u0131l\u0131 i\u00e7in belirledikleri yeni hedefleri a\u00e7\u0131klad\u0131. \u200bOsmangazi Belediye Ba\u015fkan\u0131 Erkan Ayd\u0131n, 2024 y\u0131l\u0131nda yapt\u0131klar\u0131 \u00e7al\u0131\u015fmalar\u0131 ve projeleri de\u011ferlendirerek, 2025 y\u0131l\u0131 i\u00e7in belirledikleri yeni hedefleri a\u00e7\u0131klad\u0131.\u00a0 \u200bHaberin Al\u0131nt\u0131land\u0131\u011f\u0131 Kaynak: www.iskenderun.org\" \/>\n<meta property=\"og:url\" content=\"https:\/\/denizcankizil.tr\/ru\/haberler\/gundem\/baskan-aydin-2024-yilini-degerlendirdi\/\" \/>\n<meta property=\"og:site_name\" content=\"Av. Deniz Can K\u0131z\u0131l\" \/>\n<meta property=\"article:published_time\" content=\"2024-12-30T06:41:47+00:00\" \/>\n<meta name=\"twitter:card\" content=\"summary_large_image\" \/>\n<script type=\"application\/ld+json\" class=\"yoast-schema-graph\">{\"@context\":\"https:\/\/schema.org\",\"@graph\":[{\"@type\":\"Article\",\"@id\":\"https:\/\/denizcankizil.tr\/ru\/haberler\/gundem\/baskan-aydin-2024-yilini-degerlendirdi\/#article\",\"isPartOf\":{\"@id\":\"https:\/\/denizcankizil.tr\/ru\/haberler\/gundem\/baskan-aydin-2024-yilini-degerlendirdi\/\"},\"author\":{\"name\":\"\",\"@id\":\"\"},\"headline\":\"Ba\u015fkan Ayd\u0131n 2024 y\u0131l\u0131n\u0131 de\u011ferlendirdi\",\"datePublished\":\"2024-12-30T06:41:47+00:00\",\"mainEntityOfPage\":{\"@id\":\"https:\/\/denizcankizil.tr\/ru\/haberler\/gundem\/baskan-aydin-2024-yilini-degerlendirdi\/\"},\"wordCount\":71,\"commentCount\":0,\"publisher\":{\"@id\":\"https:\/\/denizcankizil.tr\/#organization\"},\"articleSection\":[\"G\u00fcndem\",\"Uncategorized\"],\"inLanguage\":\"ru-RU\",\"potentialAction\":[{\"@type\":\"CommentAction\",\"name\":\"Comment\",\"target\":[\"https:\/\/denizcankizil.tr\/ru\/haberler\/gundem\/baskan-aydin-2024-yilini-degerlendirdi\/#respond\"]}]},{\"@type\":\"WebPage\",\"@id\":\"https:\/\/denizcankizil.tr\/ru\/haberler\/gundem\/baskan-aydin-2024-yilini-degerlendirdi\/\",\"url\":\"https:\/\/denizcankizil.tr\/ru\/haberler\/gundem\/baskan-aydin-2024-yilini-degerlendirdi\/\",\"name\":\"Ba\u015fkan Ayd\u0131n 2024 y\u0131l\u0131n\u0131 de\u011ferlendirdi - Av. Deniz Can K\u0131z\u0131l\",\"isPartOf\":{\"@id\":\"https:\/\/denizcankizil.tr\/#website\"},\"datePublished\":\"2024-12-30T06:41:47+00:00\",\"breadcrumb\":{\"@id\":\"https:\/\/denizcankizil.tr\/ru\/haberler\/gundem\/baskan-aydin-2024-yilini-degerlendirdi\/#breadcrumb\"},\"inLanguage\":\"ru-RU\",\"potentialAction\":[{\"@type\":\"ReadAction\",\"target\":[\"https:\/\/denizcankizil.tr\/ru\/haberler\/gundem\/baskan-aydin-2024-yilini-degerlendirdi\/\"]}]},{\"@type\":\"BreadcrumbList\",\"@id\":\"https:\/\/denizcankizil.tr\/ru\/haberler\/gundem\/baskan-aydin-2024-yilini-degerlendirdi\/#breadcrumb\",\"itemListElement\":[{\"@type\":\"ListItem\",\"position\":1,\"name\":\"Home\",\"item\":\"https:\/\/denizcankizil.tr\/uk\/\"},{\"@type\":\"ListItem\",\"position\":2,\"name\":\"Ba\u015fkan Ayd\u0131n 2024 y\u0131l\u0131n\u0131 de\u011ferlendirdi\"}]},{\"@type\":\"WebSite\",\"@id\":\"https:\/\/denizcankizil.tr\/#website\",\"url\":\"https:\/\/denizcankizil.tr\/\",\"name\":\"Av. Deniz Can K\u0131z\u0131l\",\"description\":\"Avukat Deniz Can K\u0131z\u0131l Antalya Barosu\",\"publisher\":{\"@id\":\"https:\/\/denizcankizil.tr\/#organization\"},\"potentialAction\":[{\"@type\":\"SearchAction\",\"target\":{\"@type\":\"EntryPoint\",\"urlTemplate\":\"https:\/\/denizcankizil.tr\/?s={search_term_string}\"},\"query-input\":{\"@type\":\"PropertyValueSpecification\",\"valueRequired\":true,\"valueName\":\"search_term_string\"}}],\"inLanguage\":\"ru-RU\"},{\"@type\":\"Organization\",\"@id\":\"https:\/\/denizcankizil.tr\/#organization\",\"name\":\"Av. Deniz Can K\u0131z\u0131l\",\"url\":\"https:\/\/denizcankizil.tr\/\",\"logo\":{\"@type\":\"ImageObject\",\"inLanguage\":\"ru-RU\",\"@id\":\"https:\/\/denizcankizil.tr\/#\/schema\/logo\/image\/\",\"url\":\"https:\/\/denizcankizil.tr\/wp-content\/uploads\/2024\/10\/siyah-logo-svg.svg\",\"contentUrl\":\"https:\/\/denizcankizil.tr\/wp-content\/uploads\/2024\/10\/siyah-logo-svg.svg\",\"width\":1080,\"height\":1080,\"caption\":\"Av. Deniz Can K\u0131z\u0131l\"},\"image\":{\"@id\":\"https:\/\/denizcankizil.tr\/#\/schema\/logo\/image\/\"}}]}<\/script>\n<!-- \/ Yoast SEO Premium plugin. -->","yoast_head_json":{"title":"Ba\u015fkan Ayd\u0131n 2024 y\u0131l\u0131n\u0131 de\u011ferlendirdi - Av. Deniz Can K\u0131z\u0131l","robots":{"index":"index","follow":"follow","max-snippet":"max-snippet:-1","max-image-preview":"max-image-preview:large","max-video-preview":"max-video-preview:-1"},"canonical":"https:\/\/denizcankizil.tr\/ru\/haberler\/gundem\/baskan-aydin-2024-yilini-degerlendirdi\/","og_locale":"ru_RU","og_type":"article","og_title":"Ba\u015fkan Ayd\u0131n 2024 y\u0131l\u0131n\u0131 de\u011ferlendirdi","og_description":"Osmangazi Belediye Ba\u015fkan\u0131 Erkan Ayd\u0131n, 2024 y\u0131l\u0131nda yapt\u0131klar\u0131 \u00e7al\u0131\u015fmalar\u0131 ve projeleri de\u011ferlendirerek, 2025 y\u0131l\u0131 i\u00e7in belirledikleri yeni hedefleri a\u00e7\u0131klad\u0131. \u200bOsmangazi Belediye Ba\u015fkan\u0131 Erkan Ayd\u0131n, 2024 y\u0131l\u0131nda yapt\u0131klar\u0131 \u00e7al\u0131\u015fmalar\u0131 ve projeleri de\u011ferlendirerek, 2025 y\u0131l\u0131 i\u00e7in belirledikleri yeni hedefleri a\u00e7\u0131klad\u0131.\u00a0 \u200bHaberin Al\u0131nt\u0131land\u0131\u011f\u0131 Kaynak: www.iskenderun.org","og_url":"https:\/\/denizcankizil.tr\/ru\/haberler\/gundem\/baskan-aydin-2024-yilini-degerlendirdi\/","og_site_name":"Av. Deniz Can K\u0131z\u0131l","article_published_time":"2024-12-30T06:41:47+00:00","twitter_card":"summary_large_image","schema":{"@context":"https:\/\/schema.org","@graph":[{"@type":"Article","@id":"https:\/\/denizcankizil.tr\/ru\/haberler\/gundem\/baskan-aydin-2024-yilini-degerlendirdi\/#article","isPartOf":{"@id":"https:\/\/denizcankizil.tr\/ru\/haberler\/gundem\/baskan-aydin-2024-yilini-degerlendirdi\/"},"author":{"name":"","@id":""},"headline":"Ba\u015fkan Ayd\u0131n 2024 y\u0131l\u0131n\u0131 de\u011ferlendirdi","datePublished":"2024-12-30T06:41:47+00:00","mainEntityOfPage":{"@id":"https:\/\/denizcankizil.tr\/ru\/haberler\/gundem\/baskan-aydin-2024-yilini-degerlendirdi\/"},"wordCount":71,"commentCount":0,"publisher":{"@id":"https:\/\/denizcankizil.tr\/#organization"},"articleSection":["G\u00fcndem","Uncategorized"],"inLanguage":"ru-RU","potentialAction":[{"@type":"CommentAction","name":"Comment","target":["https:\/\/denizcankizil.tr\/ru\/haberler\/gundem\/baskan-aydin-2024-yilini-degerlendirdi\/#respond"]}]},{"@type":"WebPage","@id":"https:\/\/denizcankizil.tr\/ru\/haberler\/gundem\/baskan-aydin-2024-yilini-degerlendirdi\/","url":"https:\/\/denizcankizil.tr\/ru\/haberler\/gundem\/baskan-aydin-2024-yilini-degerlendirdi\/","name":"Ba\u015fkan Ayd\u0131n 2024 y\u0131l\u0131n\u0131 de\u011ferlendirdi - Av. Deniz Can K\u0131z\u0131l","isPartOf":{"@id":"https:\/\/denizcankizil.tr\/#website"},"datePublished":"2024-12-30T06:41:47+00:00","breadcrumb":{"@id":"https:\/\/denizcankizil.tr\/ru\/haberler\/gundem\/baskan-aydin-2024-yilini-degerlendirdi\/#breadcrumb"},"inLanguage":"ru-RU","potentialAction":[{"@type":"ReadAction","target":["https:\/\/denizcankizil.tr\/ru\/haberler\/gundem\/baskan-aydin-2024-yilini-degerlendirdi\/"]}]},{"@type":"BreadcrumbList","@id":"https:\/\/denizcankizil.tr\/ru\/haberler\/gundem\/baskan-aydin-2024-yilini-degerlendirdi\/#breadcrumb","itemListElement":[{"@type":"ListItem","position":1,"name":"Home","item":"https:\/\/denizcankizil.tr\/uk\/"},{"@type":"ListItem","position":2,"name":"Ba\u015fkan Ayd\u0131n 2024 y\u0131l\u0131n\u0131 de\u011ferlendirdi"}]},{"@type":"WebSite","@id":"https:\/\/denizcankizil.tr\/#website","url":"https:\/\/denizcankizil.tr\/","name":"Av. Deniz Can K\u0131z\u0131l","description":"Avukat Deniz Can K\u0131z\u0131l Antalya Barosu","publisher":{"@id":"https:\/\/denizcankizil.tr\/#organization"},"potentialAction":[{"@type":"SearchAction","target":{"@type":"EntryPoint","urlTemplate":"https:\/\/denizcankizil.tr\/?s={search_term_string}"},"query-input":{"@type":"PropertyValueSpecification","valueRequired":true,"valueName":"search_term_string"}}],"inLanguage":"ru-RU"},{"@type":"Organization","@id":"https:\/\/denizcankizil.tr\/#organization","name":"Av. Deniz Can K\u0131z\u0131l","url":"https:\/\/denizcankizil.tr\/","logo":{"@type":"ImageObject","inLanguage":"ru-RU","@id":"https:\/\/denizcankizil.tr\/#\/schema\/logo\/image\/","url":"https:\/\/denizcankizil.tr\/wp-content\/uploads\/2024\/10\/siyah-logo-svg.svg","contentUrl":"https:\/\/denizcankizil.tr\/wp-content\/uploads\/2024\/10\/siyah-logo-svg.svg","width":1080,"height":1080,"caption":"Av. Deniz Can K\u0131z\u0131l"},"image":{"@id":"https:\/\/denizcankizil.tr\/#\/schema\/logo\/image\/"}}]}},"_links":{"self":[{"href":"https:\/\/denizcankizil.tr\/ru\/wp-json\/wp\/v2\/posts\/22936","targetHints":{"allow":["GET"]}}],"collection":[{"href":"https:\/\/denizcankizil.tr\/ru\/wp-json\/wp\/v2\/posts"}],"about":[{"href":"https:\/\/denizcankizil.tr\/ru\/wp-json\/wp\/v2\/types\/post"}],"replies":[{"embeddable":true,"href":"https:\/\/denizcankizil.tr\/ru\/wp-json\/wp\/v2\/comments?post=22936"}],"version-history":[{"count":0,"href":"https:\/\/denizcankizil.tr\/ru\/wp-json\/wp\/v2\/posts\/22936\/revisions"}],"wp:attachment":[{"href":"https:\/\/denizcankizil.tr\/ru\/wp-json\/wp\/v2\/media?parent=22936"}],"wp:term":[{"taxonomy":"category","embeddable":true,"href":"https:\/\/denizcankizil.tr\/ru\/wp-json\/wp\/v2\/categories?post=22936"},{"taxonomy":"post_tag","embeddable":true,"href":"https:\/\/denizcankizil.tr\/ru\/wp-json\/wp\/v2\/tags?post=22936"}],"curies":[{"name":"wp","href":"https:\/\/api.w.org\/{rel}","templated":true}]}}