{"id":22872,"date":"2024-12-29T21:41:39","date_gmt":"2024-12-29T18:41:39","guid":{"rendered":"https:\/\/denizcankizil.tr\/uncategorized-tr\/hava-yolu-yolcularinin-dikkatine-1-ocak-2025ten-itibaren-basilmayacak\/"},"modified":"2024-12-29T21:41:39","modified_gmt":"2024-12-29T18:41:39","slug":"hava-yolu-yolcularinin-dikkatine-1-ocak-2025ten-itibaren-basilmayacak","status":"publish","type":"post","link":"https:\/\/denizcankizil.tr\/ru\/haberler\/gundem\/hava-yolu-yolcularinin-dikkatine-1-ocak-2025ten-itibaren-basilmayacak\/","title":{"rendered":"Hava yolu yolcular\u0131n\u0131n dikkatine! 1 Ocak 2025&#8217;ten itibaren bas\u0131lmayacak"},"content":{"rendered":"<p>T\u00fcrk vatanda\u015flar\u0131n\u0131n yurtd\u0131\u015f\u0131na \u00e7\u0131karken \u00f6dedi\u011fi yurtd\u0131\u015f\u0131 \u00e7\u0131k\u0131\u015f har\u00e7 pulu, 1 Ocak 2025 itibar\u0131yla art\u0131k bas\u0131l\u0131 olmayacak. Uygulamaya ili\u015fkin hava yolu \u015firketleri sosyal medya hesaplar\u0131ndan yolcular\u0131na uyar\u0131da bulundu.\u00a0<\/p>\n<p>HAVA YOLU \u015e\u0130RKETLER\u0130 UYARDI\u00a0<\/p>\n<p>T\u00fcrk Hava Yollar\u0131 (THY), Pegasus, Ajet ve SunExpress yolcular\u0131na yurtd\u0131\u015f\u0131 \u00e7\u0131k\u0131\u015f harc\u0131 \u00f6demelerini Dijital Vergi Dairesi, G\u0130B Mobil Uygulama, anla\u015fmal\u0131 bankalar, PTT \u015fubeleri ve vergi daireleri arac\u0131l\u0131\u011f\u0131 ile yap\u0131laca\u011f\u0131n\u0131 duyurdu.<\/p>\n<p>1 OCAK \u0130T\u0130BAR\u0130YLE SONA ER\u0130YOR<\/p>\n<p>Uygulamaya ili\u015fkin sosyal medya hesab\u0131ndan duyuru yapan Pegasus, yolcular\u0131na \u015fu uyar\u0131da bulundu: \u201cYurt d\u0131\u015f\u0131na \u00e7\u0131k\u0131\u015f plan\u0131 yapan misafirlerimizin dikkatine! 1 Ocak 2025\u2019ten itibaren, bas\u0131l\u0131 yurt d\u0131\u015f\u0131 \u00e7\u0131k\u0131\u015f har\u00e7 pulu uygulamas\u0131 sona erecektir. Yurt d\u0131\u015f\u0131 \u00e7\u0131k\u0131\u015f har\u00e7 pulu \u00f6demelerinizi Dijital Vergi Dairesi, GIB mobil uygulamas\u0131, anla\u015fmal\u0131 bankalar, PTT ve vergi dairelerinden yapabilirsiniz. Har\u00e7 pulu uygulamas\u0131 yaln\u0131zca T\u00fcrkiye Cumhuriyeti pasaportu ile seyahat eden yolcular i\u00e7in ge\u00e7erli oldu\u011funu hat\u0131rlat\u0131r\u0131z\u201d denildi.<\/p>\n<p>YURTDI\u015eI \u00c7IKI\u015e HAR\u00c7 PULU \u00dcCRET\u0130 DE ARTTI\u00a0<\/p>\n<p>Yurtd\u0131\u015f\u0131 \u00e7\u0131k\u0131\u015f har\u00e7 pulunun bas\u0131l\u0131 olmas\u0131 uygulamas\u0131na son verilmesinin yan\u0131nda \u00fccretleri de g\u00fcncellendi. Ge\u00e7ti\u011fimiz g\u00fcnlerde Resmi Gazete&#8217;de yay\u0131nlan karara g\u00f6re; hava yolu ile yurt d\u0131\u015f\u0131na \u00e7\u0131kacak T\u00fcrk vatanda\u015flar\u0131 i\u00e7in\u00a0 500 TL olan yurt d\u0131\u015f\u0131 \u00e7\u0131k\u0131\u015f har\u00e7 pulu \u00fccreti, 1 Ocak 2025 itibar\u0131yla 710 TL olacak.\u00a0<br \/>\n\u00a0<\/p>\n<p>\u200bHava yolu \u015firketleri,  1 Ocak 2025&#8217;ten itibaren yurt d\u0131\u015f\u0131 \u00e7\u0131k\u0131\u015f har\u00e7 pulunun art\u0131k bas\u0131l\u0131 olmayaca\u011f\u0131n\u0131 duyurdu. Yeni uygulama ile yolcular yurt d\u0131\u015f\u0131 \u00e7\u0131k\u0131\u015f har\u00e7 pulu \u00f6demesini dijital kanallardan yapacak. \u00d6te yandan yeni y\u0131lda har\u00e7 pulu \u00f6demeleri de g\u00fcncellendi\u00a0<\/p>\n<p>\u200bHaberin Al\u0131nt\u0131land\u0131\u011f\u0131 Kaynak: www.antalyakorfez.com<\/p>","protected":false},"excerpt":{"rendered":"<p>T\u00fcrk vatanda\u015flar\u0131n\u0131n yurtd\u0131\u015f\u0131na \u00e7\u0131karken \u00f6dedi\u011fi yurtd\u0131\u015f\u0131 \u00e7\u0131k\u0131\u015f har\u00e7 pulu, 1 Ocak 2025 itibar\u0131yla art\u0131k bas\u0131l\u0131 olmayacak. Uygulamaya ili\u015fkin hava yolu \u015firketleri sosyal medya hesaplar\u0131ndan yolcular\u0131na uyar\u0131da bulundu.\u00a0 HAVA YOLU \u015e\u0130RKETLER\u0130 UYARDI\u00a0 T\u00fcrk Hava Yollar\u0131 (THY), Pegasus, Ajet ve SunExpress yolcular\u0131na yurtd\u0131\u015f\u0131 \u00e7\u0131k\u0131\u015f harc\u0131 \u00f6demelerini Dijital Vergi Dairesi, G\u0130B Mobil Uygulama, anla\u015fmal\u0131 bankalar, PTT \u015fubeleri ve vergi daireleri arac\u0131l\u0131\u011f\u0131 ile yap\u0131laca\u011f\u0131n\u0131 duyurdu. 1 OCAK \u0130T\u0130BAR\u0130YLE SONA ER\u0130YOR Uygulamaya ili\u015fkin sosyal medya hesab\u0131ndan duyuru yapan Pegasus, yolcular\u0131na \u015fu uyar\u0131da bulundu: \u201cYurt d\u0131\u015f\u0131na \u00e7\u0131k\u0131\u015f plan\u0131 yapan misafirlerimizin dikkatine! 1 Ocak 2025\u2019ten itibaren, bas\u0131l\u0131 yurt d\u0131\u015f\u0131 \u00e7\u0131k\u0131\u015f har\u00e7 pulu uygulamas\u0131 sona erecektir. Yurt d\u0131\u015f\u0131 \u00e7\u0131k\u0131\u015f har\u00e7 pulu \u00f6demelerinizi Dijital Vergi Dairesi, GIB mobil uygulamas\u0131, anla\u015fmal\u0131 bankalar, PTT ve vergi dairelerinden yapabilirsiniz. Har\u00e7 pulu uygulamas\u0131 yaln\u0131zca T\u00fcrkiye Cumhuriyeti pasaportu ile seyahat eden yolcular i\u00e7in ge\u00e7erli oldu\u011funu hat\u0131rlat\u0131r\u0131z\u201d denildi. YURTDI\u015eI \u00c7IKI\u015e HAR\u00c7 PULU \u00dcCRET\u0130 DE ARTTI\u00a0 Yurtd\u0131\u015f\u0131 \u00e7\u0131k\u0131\u015f har\u00e7 pulunun bas\u0131l\u0131 olmas\u0131 uygulamas\u0131na son verilmesinin yan\u0131nda \u00fccretleri de g\u00fcncellendi. Ge\u00e7ti\u011fimiz g\u00fcnlerde Resmi Gazete&#8217;de yay\u0131nlan karara g\u00f6re; hava yolu ile yurt d\u0131\u015f\u0131na \u00e7\u0131kacak T\u00fcrk vatanda\u015flar\u0131 i\u00e7in\u00a0 500 TL olan yurt d\u0131\u015f\u0131 \u00e7\u0131k\u0131\u015f har\u00e7 pulu \u00fccreti, 1 Ocak 2025 itibar\u0131yla 710 TL olacak.\u00a0 \u00a0 \u200bHava yolu \u015firketleri, 1 Ocak 2025&#8217;ten itibaren yurt d\u0131\u015f\u0131 \u00e7\u0131k\u0131\u015f har\u00e7 pulunun art\u0131k bas\u0131l\u0131 &hellip;<\/p>","protected":false},"author":0,"featured_media":0,"comment_status":"open","ping_status":"open","sticky":false,"template":"","format":"standard","meta":{"_acf_changed":false,"footnotes":""},"categories":[24,535],"tags":[],"class_list":["post-22872","post","type-post","status-publish","format-standard","has-post-thumbnail","hentry","category-gundem","category-uncategorized-tr"],"acf":[],"yoast_head":"<!-- This site is optimized with the Yoast SEO Premium plugin v26.6 (Yoast SEO v27.1.1) - https:\/\/yoast.com\/product\/yoast-seo-premium-wordpress\/ -->\n<title>Hava yolu yolcular\u0131n\u0131n dikkatine! 1 Ocak 2025&#039;ten itibaren bas\u0131lmayacak - Av. Deniz Can K\u0131z\u0131l<\/title>\n<meta name=\"robots\" content=\"index, follow, max-snippet:-1, max-image-preview:large, max-video-preview:-1\" \/>\n<link rel=\"canonical\" href=\"https:\/\/denizcankizil.tr\/ru\/haberler\/gundem\/hava-yolu-yolcularinin-dikkatine-1-ocak-2025ten-itibaren-basilmayacak\/\" \/>\n<meta property=\"og:locale\" content=\"ru_RU\" \/>\n<meta property=\"og:type\" content=\"article\" \/>\n<meta property=\"og:title\" content=\"Hava yolu yolcular\u0131n\u0131n dikkatine! 1 Ocak 2025&#039;ten itibaren bas\u0131lmayacak\" \/>\n<meta property=\"og:description\" content=\"T\u00fcrk vatanda\u015flar\u0131n\u0131n yurtd\u0131\u015f\u0131na \u00e7\u0131karken \u00f6dedi\u011fi yurtd\u0131\u015f\u0131 \u00e7\u0131k\u0131\u015f har\u00e7 pulu, 1 Ocak 2025 itibar\u0131yla art\u0131k bas\u0131l\u0131 olmayacak. Uygulamaya ili\u015fkin hava yolu \u015firketleri sosyal medya hesaplar\u0131ndan yolcular\u0131na uyar\u0131da bulundu.\u00a0 HAVA YOLU \u015e\u0130RKETLER\u0130 UYARDI\u00a0 T\u00fcrk Hava Yollar\u0131 (THY), Pegasus, Ajet ve SunExpress yolcular\u0131na yurtd\u0131\u015f\u0131 \u00e7\u0131k\u0131\u015f harc\u0131 \u00f6demelerini Dijital Vergi Dairesi, G\u0130B Mobil Uygulama, anla\u015fmal\u0131 bankalar, PTT \u015fubeleri ve vergi daireleri arac\u0131l\u0131\u011f\u0131 ile yap\u0131laca\u011f\u0131n\u0131 duyurdu. 1 OCAK \u0130T\u0130BAR\u0130YLE SONA ER\u0130YOR Uygulamaya ili\u015fkin sosyal medya hesab\u0131ndan duyuru yapan Pegasus, yolcular\u0131na \u015fu uyar\u0131da bulundu: \u201cYurt d\u0131\u015f\u0131na \u00e7\u0131k\u0131\u015f plan\u0131 yapan misafirlerimizin dikkatine! 1 Ocak 2025\u2019ten itibaren, bas\u0131l\u0131 yurt d\u0131\u015f\u0131 \u00e7\u0131k\u0131\u015f har\u00e7 pulu uygulamas\u0131 sona erecektir. Yurt d\u0131\u015f\u0131 \u00e7\u0131k\u0131\u015f har\u00e7 pulu \u00f6demelerinizi Dijital Vergi Dairesi, GIB mobil uygulamas\u0131, anla\u015fmal\u0131 bankalar, PTT ve vergi dairelerinden yapabilirsiniz. Har\u00e7 pulu uygulamas\u0131 yaln\u0131zca T\u00fcrkiye Cumhuriyeti pasaportu ile seyahat eden yolcular i\u00e7in ge\u00e7erli oldu\u011funu hat\u0131rlat\u0131r\u0131z\u201d denildi. YURTDI\u015eI \u00c7IKI\u015e HAR\u00c7 PULU \u00dcCRET\u0130 DE ARTTI\u00a0 Yurtd\u0131\u015f\u0131 \u00e7\u0131k\u0131\u015f har\u00e7 pulunun bas\u0131l\u0131 olmas\u0131 uygulamas\u0131na son verilmesinin yan\u0131nda \u00fccretleri de g\u00fcncellendi. Ge\u00e7ti\u011fimiz g\u00fcnlerde Resmi Gazete&#8217;de yay\u0131nlan karara g\u00f6re; hava yolu ile yurt d\u0131\u015f\u0131na \u00e7\u0131kacak T\u00fcrk vatanda\u015flar\u0131 i\u00e7in\u00a0 500 TL olan yurt d\u0131\u015f\u0131 \u00e7\u0131k\u0131\u015f har\u00e7 pulu \u00fccreti, 1 Ocak 2025 itibar\u0131yla 710 TL olacak.\u00a0 \u00a0 \u200bHava yolu \u015firketleri, 1 Ocak 2025&#8217;ten itibaren yurt d\u0131\u015f\u0131 \u00e7\u0131k\u0131\u015f har\u00e7 pulunun art\u0131k bas\u0131l\u0131 &hellip;\" \/>\n<meta property=\"og:url\" content=\"https:\/\/denizcankizil.tr\/ru\/haberler\/gundem\/hava-yolu-yolcularinin-dikkatine-1-ocak-2025ten-itibaren-basilmayacak\/\" \/>\n<meta property=\"og:site_name\" content=\"Av. Deniz Can K\u0131z\u0131l\" \/>\n<meta property=\"article:published_time\" content=\"2024-12-29T18:41:39+00:00\" \/>\n<meta name=\"twitter:card\" content=\"summary_large_image\" \/>\n<meta name=\"twitter:label1\" content=\"\u041f\u0440\u0438\u043c\u0435\u0440\u043d\u043e\u0435 \u0432\u0440\u0435\u043c\u044f \u0434\u043b\u044f \u0447\u0442\u0435\u043d\u0438\u044f\" \/>\n\t<meta name=\"twitter:data1\" content=\"1 \u043c\u0438\u043d\u0443\u0442\u0430\" \/>\n<script type=\"application\/ld+json\" class=\"yoast-schema-graph\">{\"@context\":\"https:\/\/schema.org\",\"@graph\":[{\"@type\":\"Article\",\"@id\":\"https:\/\/denizcankizil.tr\/de\/haberler\/gundem\/hava-yolu-yolcularinin-dikkatine-1-ocak-2025ten-itibaren-basilmayacak\/#article\",\"isPartOf\":{\"@id\":\"https:\/\/denizcankizil.tr\/de\/haberler\/gundem\/hava-yolu-yolcularinin-dikkatine-1-ocak-2025ten-itibaren-basilmayacak\/\"},\"author\":{\"name\":\"\",\"@id\":\"\"},\"headline\":\"Hava yolu yolcular\u0131n\u0131n dikkatine! 1 Ocak 2025&#8217;ten itibaren bas\u0131lmayacak\",\"datePublished\":\"2024-12-29T18:41:39+00:00\",\"mainEntityOfPage\":{\"@id\":\"https:\/\/denizcankizil.tr\/de\/haberler\/gundem\/hava-yolu-yolcularinin-dikkatine-1-ocak-2025ten-itibaren-basilmayacak\/\"},\"wordCount\":292,\"commentCount\":0,\"publisher\":{\"@id\":\"https:\/\/denizcankizil.tr\/de\/#organization\"},\"articleSection\":[\"G\u00fcndem\",\"Uncategorized\"],\"inLanguage\":\"ru-RU\",\"potentialAction\":[{\"@type\":\"CommentAction\",\"name\":\"Comment\",\"target\":[\"https:\/\/denizcankizil.tr\/de\/haberler\/gundem\/hava-yolu-yolcularinin-dikkatine-1-ocak-2025ten-itibaren-basilmayacak\/#respond\"]}]},{\"@type\":\"WebPage\",\"@id\":\"https:\/\/denizcankizil.tr\/de\/haberler\/gundem\/hava-yolu-yolcularinin-dikkatine-1-ocak-2025ten-itibaren-basilmayacak\/\",\"url\":\"https:\/\/denizcankizil.tr\/de\/haberler\/gundem\/hava-yolu-yolcularinin-dikkatine-1-ocak-2025ten-itibaren-basilmayacak\/\",\"name\":\"Hava yolu yolcular\u0131n\u0131n dikkatine! 1 Ocak 2025'ten itibaren bas\u0131lmayacak - Av. Deniz Can K\u0131z\u0131l\",\"isPartOf\":{\"@id\":\"https:\/\/denizcankizil.tr\/de\/#website\"},\"datePublished\":\"2024-12-29T18:41:39+00:00\",\"breadcrumb\":{\"@id\":\"https:\/\/denizcankizil.tr\/de\/haberler\/gundem\/hava-yolu-yolcularinin-dikkatine-1-ocak-2025ten-itibaren-basilmayacak\/#breadcrumb\"},\"inLanguage\":\"ru-RU\",\"potentialAction\":[{\"@type\":\"ReadAction\",\"target\":[\"https:\/\/denizcankizil.tr\/de\/haberler\/gundem\/hava-yolu-yolcularinin-dikkatine-1-ocak-2025ten-itibaren-basilmayacak\/\"]}]},{\"@type\":\"BreadcrumbList\",\"@id\":\"https:\/\/denizcankizil.tr\/de\/haberler\/gundem\/hava-yolu-yolcularinin-dikkatine-1-ocak-2025ten-itibaren-basilmayacak\/#breadcrumb\",\"itemListElement\":[{\"@type\":\"ListItem\",\"position\":1,\"name\":\"Home\",\"item\":\"https:\/\/denizcankizil.tr\/de\/\"},{\"@type\":\"ListItem\",\"position\":2,\"name\":\"Hava yolu yolcular\u0131n\u0131n dikkatine! 1 Ocak 2025&#8217;ten itibaren bas\u0131lmayacak\"}]},{\"@type\":\"WebSite\",\"@id\":\"https:\/\/denizcankizil.tr\/de\/#website\",\"url\":\"https:\/\/denizcankizil.tr\/de\/\",\"name\":\"Av. Deniz Can K\u0131z\u0131l\",\"description\":\"Avukat Deniz Can K\u0131z\u0131l Antalya Barosu\",\"publisher\":{\"@id\":\"https:\/\/denizcankizil.tr\/de\/#organization\"},\"potentialAction\":[{\"@type\":\"SearchAction\",\"target\":{\"@type\":\"EntryPoint\",\"urlTemplate\":\"https:\/\/denizcankizil.tr\/de\/?s={search_term_string}\"},\"query-input\":{\"@type\":\"PropertyValueSpecification\",\"valueRequired\":true,\"valueName\":\"search_term_string\"}}],\"inLanguage\":\"ru-RU\"},{\"@type\":\"Organization\",\"@id\":\"https:\/\/denizcankizil.tr\/de\/#organization\",\"name\":\"Av. Deniz Can K\u0131z\u0131l\",\"url\":\"https:\/\/denizcankizil.tr\/de\/\",\"logo\":{\"@type\":\"ImageObject\",\"inLanguage\":\"ru-RU\",\"@id\":\"https:\/\/denizcankizil.tr\/de\/#\/schema\/logo\/image\/\",\"url\":\"https:\/\/denizcankizil.tr\/wp-content\/uploads\/2024\/10\/siyah-logo-svg.svg\",\"contentUrl\":\"https:\/\/denizcankizil.tr\/wp-content\/uploads\/2024\/10\/siyah-logo-svg.svg\",\"width\":1080,\"height\":1080,\"caption\":\"Av. Deniz Can K\u0131z\u0131l\"},\"image\":{\"@id\":\"https:\/\/denizcankizil.tr\/de\/#\/schema\/logo\/image\/\"}}]}<\/script>\n<!-- \/ Yoast SEO Premium plugin. -->","yoast_head_json":{"title":"Hava yolu yolcular\u0131n\u0131n dikkatine! 1 Ocak 2025'ten itibaren bas\u0131lmayacak - Av. Deniz Can K\u0131z\u0131l","robots":{"index":"index","follow":"follow","max-snippet":"max-snippet:-1","max-image-preview":"max-image-preview:large","max-video-preview":"max-video-preview:-1"},"canonical":"https:\/\/denizcankizil.tr\/ru\/haberler\/gundem\/hava-yolu-yolcularinin-dikkatine-1-ocak-2025ten-itibaren-basilmayacak\/","og_locale":"ru_RU","og_type":"article","og_title":"Hava yolu yolcular\u0131n\u0131n dikkatine! 1 Ocak 2025'ten itibaren bas\u0131lmayacak","og_description":"T\u00fcrk vatanda\u015flar\u0131n\u0131n yurtd\u0131\u015f\u0131na \u00e7\u0131karken \u00f6dedi\u011fi yurtd\u0131\u015f\u0131 \u00e7\u0131k\u0131\u015f har\u00e7 pulu, 1 Ocak 2025 itibar\u0131yla art\u0131k bas\u0131l\u0131 olmayacak. Uygulamaya ili\u015fkin hava yolu \u015firketleri sosyal medya hesaplar\u0131ndan yolcular\u0131na uyar\u0131da bulundu.\u00a0 HAVA YOLU \u015e\u0130RKETLER\u0130 UYARDI\u00a0 T\u00fcrk Hava Yollar\u0131 (THY), Pegasus, Ajet ve SunExpress yolcular\u0131na yurtd\u0131\u015f\u0131 \u00e7\u0131k\u0131\u015f harc\u0131 \u00f6demelerini Dijital Vergi Dairesi, G\u0130B Mobil Uygulama, anla\u015fmal\u0131 bankalar, PTT \u015fubeleri ve vergi daireleri arac\u0131l\u0131\u011f\u0131 ile yap\u0131laca\u011f\u0131n\u0131 duyurdu. 1 OCAK \u0130T\u0130BAR\u0130YLE SONA ER\u0130YOR Uygulamaya ili\u015fkin sosyal medya hesab\u0131ndan duyuru yapan Pegasus, yolcular\u0131na \u015fu uyar\u0131da bulundu: \u201cYurt d\u0131\u015f\u0131na \u00e7\u0131k\u0131\u015f plan\u0131 yapan misafirlerimizin dikkatine! 1 Ocak 2025\u2019ten itibaren, bas\u0131l\u0131 yurt d\u0131\u015f\u0131 \u00e7\u0131k\u0131\u015f har\u00e7 pulu uygulamas\u0131 sona erecektir. Yurt d\u0131\u015f\u0131 \u00e7\u0131k\u0131\u015f har\u00e7 pulu \u00f6demelerinizi Dijital Vergi Dairesi, GIB mobil uygulamas\u0131, anla\u015fmal\u0131 bankalar, PTT ve vergi dairelerinden yapabilirsiniz. Har\u00e7 pulu uygulamas\u0131 yaln\u0131zca T\u00fcrkiye Cumhuriyeti pasaportu ile seyahat eden yolcular i\u00e7in ge\u00e7erli oldu\u011funu hat\u0131rlat\u0131r\u0131z\u201d denildi. YURTDI\u015eI \u00c7IKI\u015e HAR\u00c7 PULU \u00dcCRET\u0130 DE ARTTI\u00a0 Yurtd\u0131\u015f\u0131 \u00e7\u0131k\u0131\u015f har\u00e7 pulunun bas\u0131l\u0131 olmas\u0131 uygulamas\u0131na son verilmesinin yan\u0131nda \u00fccretleri de g\u00fcncellendi. Ge\u00e7ti\u011fimiz g\u00fcnlerde Resmi Gazete&#8217;de yay\u0131nlan karara g\u00f6re; hava yolu ile yurt d\u0131\u015f\u0131na \u00e7\u0131kacak T\u00fcrk vatanda\u015flar\u0131 i\u00e7in\u00a0 500 TL olan yurt d\u0131\u015f\u0131 \u00e7\u0131k\u0131\u015f har\u00e7 pulu \u00fccreti, 1 Ocak 2025 itibar\u0131yla 710 TL olacak.\u00a0 \u00a0 \u200bHava yolu \u015firketleri, 1 Ocak 2025&#8217;ten itibaren yurt d\u0131\u015f\u0131 \u00e7\u0131k\u0131\u015f har\u00e7 pulunun art\u0131k bas\u0131l\u0131 &hellip;","og_url":"https:\/\/denizcankizil.tr\/ru\/haberler\/gundem\/hava-yolu-yolcularinin-dikkatine-1-ocak-2025ten-itibaren-basilmayacak\/","og_site_name":"Av. Deniz Can K\u0131z\u0131l","article_published_time":"2024-12-29T18:41:39+00:00","twitter_card":"summary_large_image","twitter_misc":{"\u041f\u0440\u0438\u043c\u0435\u0440\u043d\u043e\u0435 \u0432\u0440\u0435\u043c\u044f \u0434\u043b\u044f \u0447\u0442\u0435\u043d\u0438\u044f":"1 \u043c\u0438\u043d\u0443\u0442\u0430"},"schema":{"@context":"https:\/\/schema.org","@graph":[{"@type":"Article","@id":"https:\/\/denizcankizil.tr\/de\/haberler\/gundem\/hava-yolu-yolcularinin-dikkatine-1-ocak-2025ten-itibaren-basilmayacak\/#article","isPartOf":{"@id":"https:\/\/denizcankizil.tr\/de\/haberler\/gundem\/hava-yolu-yolcularinin-dikkatine-1-ocak-2025ten-itibaren-basilmayacak\/"},"author":{"name":"","@id":""},"headline":"Hava yolu yolcular\u0131n\u0131n dikkatine! 1 Ocak 2025&#8217;ten itibaren bas\u0131lmayacak","datePublished":"2024-12-29T18:41:39+00:00","mainEntityOfPage":{"@id":"https:\/\/denizcankizil.tr\/de\/haberler\/gundem\/hava-yolu-yolcularinin-dikkatine-1-ocak-2025ten-itibaren-basilmayacak\/"},"wordCount":292,"commentCount":0,"publisher":{"@id":"https:\/\/denizcankizil.tr\/de\/#organization"},"articleSection":["G\u00fcndem","Uncategorized"],"inLanguage":"ru-RU","potentialAction":[{"@type":"CommentAction","name":"Comment","target":["https:\/\/denizcankizil.tr\/de\/haberler\/gundem\/hava-yolu-yolcularinin-dikkatine-1-ocak-2025ten-itibaren-basilmayacak\/#respond"]}]},{"@type":"WebPage","@id":"https:\/\/denizcankizil.tr\/de\/haberler\/gundem\/hava-yolu-yolcularinin-dikkatine-1-ocak-2025ten-itibaren-basilmayacak\/","url":"https:\/\/denizcankizil.tr\/de\/haberler\/gundem\/hava-yolu-yolcularinin-dikkatine-1-ocak-2025ten-itibaren-basilmayacak\/","name":"Hava yolu yolcular\u0131n\u0131n dikkatine! 1 Ocak 2025'ten itibaren bas\u0131lmayacak - Av. Deniz Can K\u0131z\u0131l","isPartOf":{"@id":"https:\/\/denizcankizil.tr\/de\/#website"},"datePublished":"2024-12-29T18:41:39+00:00","breadcrumb":{"@id":"https:\/\/denizcankizil.tr\/de\/haberler\/gundem\/hava-yolu-yolcularinin-dikkatine-1-ocak-2025ten-itibaren-basilmayacak\/#breadcrumb"},"inLanguage":"ru-RU","potentialAction":[{"@type":"ReadAction","target":["https:\/\/denizcankizil.tr\/de\/haberler\/gundem\/hava-yolu-yolcularinin-dikkatine-1-ocak-2025ten-itibaren-basilmayacak\/"]}]},{"@type":"BreadcrumbList","@id":"https:\/\/denizcankizil.tr\/de\/haberler\/gundem\/hava-yolu-yolcularinin-dikkatine-1-ocak-2025ten-itibaren-basilmayacak\/#breadcrumb","itemListElement":[{"@type":"ListItem","position":1,"name":"Home","item":"https:\/\/denizcankizil.tr\/de\/"},{"@type":"ListItem","position":2,"name":"Hava yolu yolcular\u0131n\u0131n dikkatine! 1 Ocak 2025&#8217;ten itibaren bas\u0131lmayacak"}]},{"@type":"WebSite","@id":"https:\/\/denizcankizil.tr\/de\/#website","url":"https:\/\/denizcankizil.tr\/de\/","name":"Av. Deniz Can K\u0131z\u0131l","description":"Avukat Deniz Can K\u0131z\u0131l Antalya Barosu","publisher":{"@id":"https:\/\/denizcankizil.tr\/de\/#organization"},"potentialAction":[{"@type":"SearchAction","target":{"@type":"EntryPoint","urlTemplate":"https:\/\/denizcankizil.tr\/de\/?s={search_term_string}"},"query-input":{"@type":"PropertyValueSpecification","valueRequired":true,"valueName":"search_term_string"}}],"inLanguage":"ru-RU"},{"@type":"Organization","@id":"https:\/\/denizcankizil.tr\/de\/#organization","name":"Av. Deniz Can K\u0131z\u0131l","url":"https:\/\/denizcankizil.tr\/de\/","logo":{"@type":"ImageObject","inLanguage":"ru-RU","@id":"https:\/\/denizcankizil.tr\/de\/#\/schema\/logo\/image\/","url":"https:\/\/denizcankizil.tr\/wp-content\/uploads\/2024\/10\/siyah-logo-svg.svg","contentUrl":"https:\/\/denizcankizil.tr\/wp-content\/uploads\/2024\/10\/siyah-logo-svg.svg","width":1080,"height":1080,"caption":"Av. Deniz Can K\u0131z\u0131l"},"image":{"@id":"https:\/\/denizcankizil.tr\/de\/#\/schema\/logo\/image\/"}}]}},"_links":{"self":[{"href":"https:\/\/denizcankizil.tr\/ru\/wp-json\/wp\/v2\/posts\/22872","targetHints":{"allow":["GET"]}}],"collection":[{"href":"https:\/\/denizcankizil.tr\/ru\/wp-json\/wp\/v2\/posts"}],"about":[{"href":"https:\/\/denizcankizil.tr\/ru\/wp-json\/wp\/v2\/types\/post"}],"replies":[{"embeddable":true,"href":"https:\/\/denizcankizil.tr\/ru\/wp-json\/wp\/v2\/comments?post=22872"}],"version-history":[{"count":0,"href":"https:\/\/denizcankizil.tr\/ru\/wp-json\/wp\/v2\/posts\/22872\/revisions"}],"wp:attachment":[{"href":"https:\/\/denizcankizil.tr\/ru\/wp-json\/wp\/v2\/media?parent=22872"}],"wp:term":[{"taxonomy":"category","embeddable":true,"href":"https:\/\/denizcankizil.tr\/ru\/wp-json\/wp\/v2\/categories?post=22872"},{"taxonomy":"post_tag","embeddable":true,"href":"https:\/\/denizcankizil.tr\/ru\/wp-json\/wp\/v2\/tags?post=22872"}],"curies":[{"name":"wp","href":"https:\/\/api.w.org\/{rel}","templated":true}]}}