{"id":22717,"date":"2024-12-28T16:41:43","date_gmt":"2024-12-28T13:41:43","guid":{"rendered":"https:\/\/denizcankizil.tr\/uncategorized-tr\/baskan-kinaydan-genc-sanatcilara-destek\/"},"modified":"2024-12-28T16:41:43","modified_gmt":"2024-12-28T13:41:43","slug":"baskan-kinaydan-genc-sanatcilara-destek","status":"publish","type":"post","link":"https:\/\/denizcankizil.tr\/ru\/haberler\/gundem\/baskan-kinaydan-genc-sanatcilara-destek\/","title":{"rendered":"Ba\u015fkan K\u0131nay\u2019dan gen\u00e7 sanat\u00e7\u0131lara destek"},"content":{"rendered":"<p>100. Y\u0131l U\u011fur Mumcu Park\u0131\u2019nda d\u00fczenlenen ve 29 Aral\u0131k Pazar g\u00fcn\u00fcne kadar devam edecek olan Y\u0131lba\u015f\u0131 Panay\u0131r\u0131, vatanda\u015flardan yo\u011fun ilgi g\u00f6r\u00fcyor.<\/p>\n<p>\u200b100. Y\u0131l U\u011fur Mumcu Park\u0131\u2019nda d\u00fczenlenen ve 29 Aral\u0131k Pazar g\u00fcn\u00fcne kadar devam edecek olan Y\u0131lba\u015f\u0131 Panay\u0131r\u0131, vatanda\u015flardan yo\u011fun ilgi g\u00f6r\u00fcyor.\u00a0<\/p>\n<p>\u200bHaberin Al\u0131nt\u0131land\u0131\u011f\u0131 Kaynak: www.iskenderun.org<\/p>","protected":false},"excerpt":{"rendered":"<p>100. Y\u0131l U\u011fur Mumcu Park\u0131\u2019nda d\u00fczenlenen ve 29 Aral\u0131k Pazar g\u00fcn\u00fcne kadar devam edecek olan Y\u0131lba\u015f\u0131 Panay\u0131r\u0131, vatanda\u015flardan yo\u011fun ilgi g\u00f6r\u00fcyor. \u200b100. Y\u0131l U\u011fur Mumcu Park\u0131\u2019nda d\u00fczenlenen ve 29 Aral\u0131k Pazar g\u00fcn\u00fcne kadar devam edecek olan Y\u0131lba\u015f\u0131 Panay\u0131r\u0131, vatanda\u015flardan yo\u011fun ilgi g\u00f6r\u00fcyor.\u00a0 \u200bHaberin Al\u0131nt\u0131land\u0131\u011f\u0131 Kaynak: www.iskenderun.org<\/p>","protected":false},"author":0,"featured_media":0,"comment_status":"open","ping_status":"open","sticky":false,"template":"","format":"standard","meta":{"_acf_changed":false,"footnotes":""},"categories":[24,535],"tags":[],"class_list":["post-22717","post","type-post","status-publish","format-standard","has-post-thumbnail","hentry","category-gundem","category-uncategorized-tr"],"acf":[],"yoast_head":"<!-- This site is optimized with the Yoast SEO Premium plugin v26.6 (Yoast SEO v27.1.1) - https:\/\/yoast.com\/product\/yoast-seo-premium-wordpress\/ -->\n<title>Ba\u015fkan K\u0131nay\u2019dan gen\u00e7 sanat\u00e7\u0131lara destek - Av. Deniz Can K\u0131z\u0131l<\/title>\n<meta name=\"robots\" content=\"index, follow, max-snippet:-1, max-image-preview:large, max-video-preview:-1\" \/>\n<link rel=\"canonical\" href=\"https:\/\/denizcankizil.tr\/ru\/haberler\/gundem\/baskan-kinaydan-genc-sanatcilara-destek\/\" \/>\n<meta property=\"og:locale\" content=\"ru_RU\" \/>\n<meta property=\"og:type\" content=\"article\" \/>\n<meta property=\"og:title\" content=\"Ba\u015fkan K\u0131nay\u2019dan gen\u00e7 sanat\u00e7\u0131lara destek\" \/>\n<meta property=\"og:description\" content=\"100. Y\u0131l U\u011fur Mumcu Park\u0131\u2019nda d\u00fczenlenen ve 29 Aral\u0131k Pazar g\u00fcn\u00fcne kadar devam edecek olan Y\u0131lba\u015f\u0131 Panay\u0131r\u0131, vatanda\u015flardan yo\u011fun ilgi g\u00f6r\u00fcyor. \u200b100. Y\u0131l U\u011fur Mumcu Park\u0131\u2019nda d\u00fczenlenen ve 29 Aral\u0131k Pazar g\u00fcn\u00fcne kadar devam edecek olan Y\u0131lba\u015f\u0131 Panay\u0131r\u0131, vatanda\u015flardan yo\u011fun ilgi g\u00f6r\u00fcyor.\u00a0 \u200bHaberin Al\u0131nt\u0131land\u0131\u011f\u0131 Kaynak: www.iskenderun.org\" \/>\n<meta property=\"og:url\" content=\"https:\/\/denizcankizil.tr\/ru\/haberler\/gundem\/baskan-kinaydan-genc-sanatcilara-destek\/\" \/>\n<meta property=\"og:site_name\" content=\"Av. Deniz Can K\u0131z\u0131l\" \/>\n<meta property=\"article:published_time\" content=\"2024-12-28T13:41:43+00:00\" \/>\n<meta name=\"twitter:card\" content=\"summary_large_image\" \/>\n<script type=\"application\/ld+json\" class=\"yoast-schema-graph\">{\"@context\":\"https:\/\/schema.org\",\"@graph\":[{\"@type\":\"Article\",\"@id\":\"https:\/\/denizcankizil.tr\/ru\/haberler\/gundem\/baskan-kinaydan-genc-sanatcilara-destek\/#article\",\"isPartOf\":{\"@id\":\"https:\/\/denizcankizil.tr\/ru\/haberler\/gundem\/baskan-kinaydan-genc-sanatcilara-destek\/\"},\"author\":{\"name\":\"\",\"@id\":\"\"},\"headline\":\"Ba\u015fkan K\u0131nay\u2019dan gen\u00e7 sanat\u00e7\u0131lara destek\",\"datePublished\":\"2024-12-28T13:41:43+00:00\",\"mainEntityOfPage\":{\"@id\":\"https:\/\/denizcankizil.tr\/ru\/haberler\/gundem\/baskan-kinaydan-genc-sanatcilara-destek\/\"},\"wordCount\":81,\"commentCount\":0,\"publisher\":{\"@id\":\"https:\/\/denizcankizil.tr\/de\/#organization\"},\"articleSection\":[\"G\u00fcndem\",\"Uncategorized\"],\"inLanguage\":\"ru-RU\",\"potentialAction\":[{\"@type\":\"CommentAction\",\"name\":\"Comment\",\"target\":[\"https:\/\/denizcankizil.tr\/ru\/haberler\/gundem\/baskan-kinaydan-genc-sanatcilara-destek\/#respond\"]}]},{\"@type\":\"WebPage\",\"@id\":\"https:\/\/denizcankizil.tr\/ru\/haberler\/gundem\/baskan-kinaydan-genc-sanatcilara-destek\/\",\"url\":\"https:\/\/denizcankizil.tr\/ru\/haberler\/gundem\/baskan-kinaydan-genc-sanatcilara-destek\/\",\"name\":\"Ba\u015fkan K\u0131nay\u2019dan gen\u00e7 sanat\u00e7\u0131lara destek - Av. Deniz Can K\u0131z\u0131l\",\"isPartOf\":{\"@id\":\"https:\/\/denizcankizil.tr\/de\/#website\"},\"datePublished\":\"2024-12-28T13:41:43+00:00\",\"breadcrumb\":{\"@id\":\"https:\/\/denizcankizil.tr\/ru\/haberler\/gundem\/baskan-kinaydan-genc-sanatcilara-destek\/#breadcrumb\"},\"inLanguage\":\"ru-RU\",\"potentialAction\":[{\"@type\":\"ReadAction\",\"target\":[\"https:\/\/denizcankizil.tr\/ru\/haberler\/gundem\/baskan-kinaydan-genc-sanatcilara-destek\/\"]}]},{\"@type\":\"BreadcrumbList\",\"@id\":\"https:\/\/denizcankizil.tr\/ru\/haberler\/gundem\/baskan-kinaydan-genc-sanatcilara-destek\/#breadcrumb\",\"itemListElement\":[{\"@type\":\"ListItem\",\"position\":1,\"name\":\"Home\",\"item\":\"https:\/\/denizcankizil.tr\/de\/\"},{\"@type\":\"ListItem\",\"position\":2,\"name\":\"Ba\u015fkan K\u0131nay\u2019dan gen\u00e7 sanat\u00e7\u0131lara destek\"}]},{\"@type\":\"WebSite\",\"@id\":\"https:\/\/denizcankizil.tr\/de\/#website\",\"url\":\"https:\/\/denizcankizil.tr\/de\/\",\"name\":\"Av. Deniz Can K\u0131z\u0131l\",\"description\":\"Avukat Deniz Can K\u0131z\u0131l Antalya Barosu\",\"publisher\":{\"@id\":\"https:\/\/denizcankizil.tr\/de\/#organization\"},\"potentialAction\":[{\"@type\":\"SearchAction\",\"target\":{\"@type\":\"EntryPoint\",\"urlTemplate\":\"https:\/\/denizcankizil.tr\/de\/?s={search_term_string}\"},\"query-input\":{\"@type\":\"PropertyValueSpecification\",\"valueRequired\":true,\"valueName\":\"search_term_string\"}}],\"inLanguage\":\"ru-RU\"},{\"@type\":\"Organization\",\"@id\":\"https:\/\/denizcankizil.tr\/de\/#organization\",\"name\":\"Av. Deniz Can K\u0131z\u0131l\",\"url\":\"https:\/\/denizcankizil.tr\/de\/\",\"logo\":{\"@type\":\"ImageObject\",\"inLanguage\":\"ru-RU\",\"@id\":\"https:\/\/denizcankizil.tr\/de\/#\/schema\/logo\/image\/\",\"url\":\"https:\/\/denizcankizil.tr\/wp-content\/uploads\/2024\/10\/siyah-logo-svg.svg\",\"contentUrl\":\"https:\/\/denizcankizil.tr\/wp-content\/uploads\/2024\/10\/siyah-logo-svg.svg\",\"width\":1080,\"height\":1080,\"caption\":\"Av. Deniz Can K\u0131z\u0131l\"},\"image\":{\"@id\":\"https:\/\/denizcankizil.tr\/de\/#\/schema\/logo\/image\/\"}}]}<\/script>\n<!-- \/ Yoast SEO Premium plugin. -->","yoast_head_json":{"title":"Ba\u015fkan K\u0131nay\u2019dan gen\u00e7 sanat\u00e7\u0131lara destek - Av. Deniz Can K\u0131z\u0131l","robots":{"index":"index","follow":"follow","max-snippet":"max-snippet:-1","max-image-preview":"max-image-preview:large","max-video-preview":"max-video-preview:-1"},"canonical":"https:\/\/denizcankizil.tr\/ru\/haberler\/gundem\/baskan-kinaydan-genc-sanatcilara-destek\/","og_locale":"ru_RU","og_type":"article","og_title":"Ba\u015fkan K\u0131nay\u2019dan gen\u00e7 sanat\u00e7\u0131lara destek","og_description":"100. Y\u0131l U\u011fur Mumcu Park\u0131\u2019nda d\u00fczenlenen ve 29 Aral\u0131k Pazar g\u00fcn\u00fcne kadar devam edecek olan Y\u0131lba\u015f\u0131 Panay\u0131r\u0131, vatanda\u015flardan yo\u011fun ilgi g\u00f6r\u00fcyor. \u200b100. Y\u0131l U\u011fur Mumcu Park\u0131\u2019nda d\u00fczenlenen ve 29 Aral\u0131k Pazar g\u00fcn\u00fcne kadar devam edecek olan Y\u0131lba\u015f\u0131 Panay\u0131r\u0131, vatanda\u015flardan yo\u011fun ilgi g\u00f6r\u00fcyor.\u00a0 \u200bHaberin Al\u0131nt\u0131land\u0131\u011f\u0131 Kaynak: www.iskenderun.org","og_url":"https:\/\/denizcankizil.tr\/ru\/haberler\/gundem\/baskan-kinaydan-genc-sanatcilara-destek\/","og_site_name":"Av. Deniz Can K\u0131z\u0131l","article_published_time":"2024-12-28T13:41:43+00:00","twitter_card":"summary_large_image","schema":{"@context":"https:\/\/schema.org","@graph":[{"@type":"Article","@id":"https:\/\/denizcankizil.tr\/ru\/haberler\/gundem\/baskan-kinaydan-genc-sanatcilara-destek\/#article","isPartOf":{"@id":"https:\/\/denizcankizil.tr\/ru\/haberler\/gundem\/baskan-kinaydan-genc-sanatcilara-destek\/"},"author":{"name":"","@id":""},"headline":"Ba\u015fkan K\u0131nay\u2019dan gen\u00e7 sanat\u00e7\u0131lara destek","datePublished":"2024-12-28T13:41:43+00:00","mainEntityOfPage":{"@id":"https:\/\/denizcankizil.tr\/ru\/haberler\/gundem\/baskan-kinaydan-genc-sanatcilara-destek\/"},"wordCount":81,"commentCount":0,"publisher":{"@id":"https:\/\/denizcankizil.tr\/de\/#organization"},"articleSection":["G\u00fcndem","Uncategorized"],"inLanguage":"ru-RU","potentialAction":[{"@type":"CommentAction","name":"Comment","target":["https:\/\/denizcankizil.tr\/ru\/haberler\/gundem\/baskan-kinaydan-genc-sanatcilara-destek\/#respond"]}]},{"@type":"WebPage","@id":"https:\/\/denizcankizil.tr\/ru\/haberler\/gundem\/baskan-kinaydan-genc-sanatcilara-destek\/","url":"https:\/\/denizcankizil.tr\/ru\/haberler\/gundem\/baskan-kinaydan-genc-sanatcilara-destek\/","name":"Ba\u015fkan K\u0131nay\u2019dan gen\u00e7 sanat\u00e7\u0131lara destek - Av. Deniz Can K\u0131z\u0131l","isPartOf":{"@id":"https:\/\/denizcankizil.tr\/de\/#website"},"datePublished":"2024-12-28T13:41:43+00:00","breadcrumb":{"@id":"https:\/\/denizcankizil.tr\/ru\/haberler\/gundem\/baskan-kinaydan-genc-sanatcilara-destek\/#breadcrumb"},"inLanguage":"ru-RU","potentialAction":[{"@type":"ReadAction","target":["https:\/\/denizcankizil.tr\/ru\/haberler\/gundem\/baskan-kinaydan-genc-sanatcilara-destek\/"]}]},{"@type":"BreadcrumbList","@id":"https:\/\/denizcankizil.tr\/ru\/haberler\/gundem\/baskan-kinaydan-genc-sanatcilara-destek\/#breadcrumb","itemListElement":[{"@type":"ListItem","position":1,"name":"Home","item":"https:\/\/denizcankizil.tr\/de\/"},{"@type":"ListItem","position":2,"name":"Ba\u015fkan K\u0131nay\u2019dan gen\u00e7 sanat\u00e7\u0131lara destek"}]},{"@type":"WebSite","@id":"https:\/\/denizcankizil.tr\/de\/#website","url":"https:\/\/denizcankizil.tr\/de\/","name":"Av. Deniz Can K\u0131z\u0131l","description":"Avukat Deniz Can K\u0131z\u0131l Antalya Barosu","publisher":{"@id":"https:\/\/denizcankizil.tr\/de\/#organization"},"potentialAction":[{"@type":"SearchAction","target":{"@type":"EntryPoint","urlTemplate":"https:\/\/denizcankizil.tr\/de\/?s={search_term_string}"},"query-input":{"@type":"PropertyValueSpecification","valueRequired":true,"valueName":"search_term_string"}}],"inLanguage":"ru-RU"},{"@type":"Organization","@id":"https:\/\/denizcankizil.tr\/de\/#organization","name":"Av. Deniz Can K\u0131z\u0131l","url":"https:\/\/denizcankizil.tr\/de\/","logo":{"@type":"ImageObject","inLanguage":"ru-RU","@id":"https:\/\/denizcankizil.tr\/de\/#\/schema\/logo\/image\/","url":"https:\/\/denizcankizil.tr\/wp-content\/uploads\/2024\/10\/siyah-logo-svg.svg","contentUrl":"https:\/\/denizcankizil.tr\/wp-content\/uploads\/2024\/10\/siyah-logo-svg.svg","width":1080,"height":1080,"caption":"Av. Deniz Can K\u0131z\u0131l"},"image":{"@id":"https:\/\/denizcankizil.tr\/de\/#\/schema\/logo\/image\/"}}]}},"_links":{"self":[{"href":"https:\/\/denizcankizil.tr\/ru\/wp-json\/wp\/v2\/posts\/22717","targetHints":{"allow":["GET"]}}],"collection":[{"href":"https:\/\/denizcankizil.tr\/ru\/wp-json\/wp\/v2\/posts"}],"about":[{"href":"https:\/\/denizcankizil.tr\/ru\/wp-json\/wp\/v2\/types\/post"}],"replies":[{"embeddable":true,"href":"https:\/\/denizcankizil.tr\/ru\/wp-json\/wp\/v2\/comments?post=22717"}],"version-history":[{"count":0,"href":"https:\/\/denizcankizil.tr\/ru\/wp-json\/wp\/v2\/posts\/22717\/revisions"}],"wp:attachment":[{"href":"https:\/\/denizcankizil.tr\/ru\/wp-json\/wp\/v2\/media?parent=22717"}],"wp:term":[{"taxonomy":"category","embeddable":true,"href":"https:\/\/denizcankizil.tr\/ru\/wp-json\/wp\/v2\/categories?post=22717"},{"taxonomy":"post_tag","embeddable":true,"href":"https:\/\/denizcankizil.tr\/ru\/wp-json\/wp\/v2\/tags?post=22717"}],"curies":[{"name":"wp","href":"https:\/\/api.w.org\/{rel}","templated":true}]}}