{"id":22677,"date":"2024-12-28T12:41:33","date_gmt":"2024-12-28T09:41:33","guid":{"rendered":"https:\/\/denizcankizil.tr\/uncategorized-tr\/altinbesik-magarasina-girisler-yasaklandi\/"},"modified":"2024-12-28T12:41:33","modified_gmt":"2024-12-28T09:41:33","slug":"altinbesik-magarasina-girisler-yasaklandi","status":"publish","type":"post","link":"https:\/\/denizcankizil.tr\/ru\/haberler\/antalya\/altinbesik-magarasina-girisler-yasaklandi\/","title":{"rendered":"Alt\u0131nbe\u015fik Ma\u011faras\u0131&#8217;na giri\u015fler yasakland\u0131"},"content":{"rendered":"<p>\u0130brad\u0131 il\u00e7esinde yakla\u015f\u0131k 1 haftad\u0131r aral\u0131klarla etkili olan ya\u011f\u0131\u015f sonras\u0131 yer alt\u0131 sular\u0131n\u0131n y\u00fckselmesi ile birlikte denizden 400 metre y\u00fckseklikte bulunan Alt\u0131nbe\u015fik Ma\u011faras\u0131&#8217;nda su d\u00fczeyinde ciddi art\u0131\u015f meydana geldi. Ma\u011farada su seviyesi yakla\u015f\u0131k 5-7 metre aras\u0131nda y\u00fckselirken, i\u00e7erisine giri\u015f ise yasakland\u0131. Suyun y\u00fckselmesi ile birlikte ma\u011faran\u0131n a\u011fz\u0131ndan akan sular b\u00fcy\u00fck \u015felaleler olu\u015fturdu. Bu sular, ula\u015ft\u0131klar\u0131 Manavgat \u00c7ay\u0131&#8217;n\u0131n da su seviyesinde y\u00fckselmeye neden oldu.<\/p>\n<p>\u201cMa\u011faradan ta\u015fan Oymap\u0131nar Baraj\u0131&#8217;na ula\u015f\u0131yor\u201d<br \/>\n\u0130\u015fletmesi \u0130brad\u0131 Belediyesine ait olan Alt\u0131nbe\u015fik Ma\u011faras\u0131 sorumlusu Ula\u015f \u00dcnl\u00fcsoy, d\u00fcnyan\u0131n \u00fc\u00e7\u00fcnc\u00fc, T\u00fcrkiye&#8217;nin ise en b\u00fcy\u00fck yer alt\u0131 g\u00f6l\u00fcn\u00fcn ya\u011f\u0131\u015flar sebebiyle su seviyesinde 4-5 metre civar\u0131nda art\u0131\u015f ya\u015fand\u0131\u011f\u0131n\u0131 kaydetti. Ma\u011faran\u0131n a\u011fz\u0131ndan suyun silme ge\u00e7ti\u011fini s\u00f6yleyen \u00dcnl\u00fcsoy, \u201cYa\u011f\u0131\u015flar\u0131n etkisi ile birlikte gelen su \u00e7amur renginde akmaktad\u0131r. \u0130\u00e7eriye giri\u015f olduk\u00e7a tehlikeli. Ma\u011faradan akan su Manavgat Oymap\u0131nar Baraj\u0131&#8217;na gitmektedir. Buradan \u015felaleler olu\u015fturarak \u00dcz\u00fcmdere Irma\u011f\u0131&#8217;n\u0131n devam\u0131nda bulunan Melas Kanyonu&#8217;na inerek Oymap\u0131nar Baraj\u0131&#8217;na ula\u015f\u0131yor\u201d dedi.<\/p>\n<p>\u201cSu seviyesinin normale d\u00f6nmesini bekleyece\u011fiz\u201d<br \/>\nGe\u00e7ti\u011fimiz Sal\u0131 g\u00fcn\u00fcnden itibaren etkili olan ya\u011f\u0131\u015f ile birlikte ma\u011faran\u0131n su seviyesi y\u00fcksek oldu\u011fu i\u00e7in ziyarete kapatt\u0131klar\u0131n\u0131 anlatan \u00dcnl\u00fcsoy, \u201cSu seviyesinin normale d\u00f6nmesi ile birlikte ma\u011faram\u0131z\u0131 tekrar ziyarete a\u00e7aca\u011f\u0131z. \u015eu anda bu seviyede iken i\u00e7eriyi gezdirmemizin imkan\u0131 yok. Su seviyesi d\u00fc\u015ferse gerekli g\u00fcvenlik \u00f6nlemlerini ald\u0131ktan sonra gezdirme imkan\u0131 olacak. \u015eu durumda i\u00e7eriye girme imkan\u0131 yok. Ziyarete a\u00e7\u0131l\u0131nca gelen ziyaret\u00e7ilerimiz ma\u011faran\u0131n i\u00e7erisinde olu\u015fan m\u00fcthi\u015f \u015felaleleri g\u00f6rme imkan\u0131 bulacak&#8221; diye konu\u015ftu.<\/p>\n<p>Kaynak: www.kanalv.com.tr Haber Sitesinden Al\u0131nm\u0131\u015ft\u0131r.<\/p>","protected":false},"excerpt":{"rendered":"<p>\u0130brad\u0131 il\u00e7esinde yakla\u015f\u0131k 1 haftad\u0131r aral\u0131klarla etkili olan ya\u011f\u0131\u015f sonras\u0131 yer alt\u0131 sular\u0131n\u0131n y\u00fckselmesi ile birlikte denizden 400 metre y\u00fckseklikte bulunan Alt\u0131nbe\u015fik Ma\u011faras\u0131&#8217;nda su d\u00fczeyinde ciddi art\u0131\u015f meydana geldi. Ma\u011farada su seviyesi yakla\u015f\u0131k 5-7 metre aras\u0131nda y\u00fckselirken, i\u00e7erisine giri\u015f ise yasakland\u0131. Suyun y\u00fckselmesi ile birlikte ma\u011faran\u0131n a\u011fz\u0131ndan akan sular b\u00fcy\u00fck \u015felaleler olu\u015fturdu. Bu sular, ula\u015ft\u0131klar\u0131 Manavgat \u00c7ay\u0131&#8217;n\u0131n da su seviyesinde y\u00fckselmeye neden oldu. \u201cMa\u011faradan ta\u015fan Oymap\u0131nar Baraj\u0131&#8217;na ula\u015f\u0131yor\u201d \u0130\u015fletmesi \u0130brad\u0131 Belediyesine ait olan Alt\u0131nbe\u015fik Ma\u011faras\u0131 sorumlusu Ula\u015f \u00dcnl\u00fcsoy, d\u00fcnyan\u0131n \u00fc\u00e7\u00fcnc\u00fc, T\u00fcrkiye&#8217;nin ise en b\u00fcy\u00fck yer alt\u0131 g\u00f6l\u00fcn\u00fcn ya\u011f\u0131\u015flar sebebiyle su seviyesinde 4-5 metre civar\u0131nda art\u0131\u015f ya\u015fand\u0131\u011f\u0131n\u0131 kaydetti. Ma\u011faran\u0131n a\u011fz\u0131ndan suyun silme ge\u00e7ti\u011fini s\u00f6yleyen \u00dcnl\u00fcsoy, \u201cYa\u011f\u0131\u015flar\u0131n etkisi ile birlikte gelen su \u00e7amur renginde akmaktad\u0131r. \u0130\u00e7eriye giri\u015f olduk\u00e7a tehlikeli. Ma\u011faradan akan su Manavgat Oymap\u0131nar Baraj\u0131&#8217;na gitmektedir. Buradan \u015felaleler olu\u015fturarak \u00dcz\u00fcmdere Irma\u011f\u0131&#8217;n\u0131n devam\u0131nda bulunan Melas Kanyonu&#8217;na inerek Oymap\u0131nar Baraj\u0131&#8217;na ula\u015f\u0131yor\u201d dedi. \u201cSu seviyesinin normale d\u00f6nmesini bekleyece\u011fiz\u201d Ge\u00e7ti\u011fimiz Sal\u0131 g\u00fcn\u00fcnden itibaren etkili olan ya\u011f\u0131\u015f ile birlikte ma\u011faran\u0131n su seviyesi y\u00fcksek oldu\u011fu i\u00e7in ziyarete kapatt\u0131klar\u0131n\u0131 anlatan \u00dcnl\u00fcsoy, \u201cSu seviyesinin normale d\u00f6nmesi ile birlikte ma\u011faram\u0131z\u0131 tekrar ziyarete a\u00e7aca\u011f\u0131z. \u015eu anda bu seviyede iken i\u00e7eriyi gezdirmemizin imkan\u0131 yok. Su seviyesi d\u00fc\u015ferse gerekli g\u00fcvenlik \u00f6nlemlerini ald\u0131ktan sonra gezdirme imkan\u0131 olacak. \u015eu durumda i\u00e7eriye girme imkan\u0131 yok. Ziyarete a\u00e7\u0131l\u0131nca &hellip;<\/p>","protected":false},"author":0,"featured_media":22678,"comment_status":"open","ping_status":"open","sticky":false,"template":"","format":"standard","meta":{"_acf_changed":false,"footnotes":""},"categories":[26,535],"tags":[],"class_list":["post-22677","post","type-post","status-publish","format-standard","has-post-thumbnail","hentry","category-antalya","category-uncategorized-tr"],"acf":[],"yoast_head":"<!-- This site is optimized with the Yoast SEO Premium plugin v26.6 (Yoast SEO v27.1.1) - https:\/\/yoast.com\/product\/yoast-seo-premium-wordpress\/ -->\n<title>Alt\u0131nbe\u015fik Ma\u011faras\u0131&#039;na giri\u015fler yasakland\u0131 - Av. Deniz Can K\u0131z\u0131l<\/title>\n<meta name=\"robots\" content=\"index, follow, max-snippet:-1, max-image-preview:large, max-video-preview:-1\" \/>\n<link rel=\"canonical\" href=\"http:\/\/denizcankizil.tr\/ru\/haberler\/antalya\/altinbesik-magarasina-girisler-yasaklandi\/\" \/>\n<meta property=\"og:locale\" content=\"ru_RU\" \/>\n<meta property=\"og:type\" content=\"article\" \/>\n<meta property=\"og:title\" content=\"Alt\u0131nbe\u015fik Ma\u011faras\u0131&#039;na giri\u015fler yasakland\u0131\" \/>\n<meta property=\"og:description\" content=\"\u0130brad\u0131 il\u00e7esinde yakla\u015f\u0131k 1 haftad\u0131r aral\u0131klarla etkili olan ya\u011f\u0131\u015f sonras\u0131 yer alt\u0131 sular\u0131n\u0131n y\u00fckselmesi ile birlikte denizden 400 metre y\u00fckseklikte bulunan Alt\u0131nbe\u015fik Ma\u011faras\u0131&#8217;nda su d\u00fczeyinde ciddi art\u0131\u015f meydana geldi. Ma\u011farada su seviyesi yakla\u015f\u0131k 5-7 metre aras\u0131nda y\u00fckselirken, i\u00e7erisine giri\u015f ise yasakland\u0131. Suyun y\u00fckselmesi ile birlikte ma\u011faran\u0131n a\u011fz\u0131ndan akan sular b\u00fcy\u00fck \u015felaleler olu\u015fturdu. Bu sular, ula\u015ft\u0131klar\u0131 Manavgat \u00c7ay\u0131&#8217;n\u0131n da su seviyesinde y\u00fckselmeye neden oldu. \u201cMa\u011faradan ta\u015fan Oymap\u0131nar Baraj\u0131&#8217;na ula\u015f\u0131yor\u201d \u0130\u015fletmesi \u0130brad\u0131 Belediyesine ait olan Alt\u0131nbe\u015fik Ma\u011faras\u0131 sorumlusu Ula\u015f \u00dcnl\u00fcsoy, d\u00fcnyan\u0131n \u00fc\u00e7\u00fcnc\u00fc, T\u00fcrkiye&#8217;nin ise en b\u00fcy\u00fck yer alt\u0131 g\u00f6l\u00fcn\u00fcn ya\u011f\u0131\u015flar sebebiyle su seviyesinde 4-5 metre civar\u0131nda art\u0131\u015f ya\u015fand\u0131\u011f\u0131n\u0131 kaydetti. Ma\u011faran\u0131n a\u011fz\u0131ndan suyun silme ge\u00e7ti\u011fini s\u00f6yleyen \u00dcnl\u00fcsoy, \u201cYa\u011f\u0131\u015flar\u0131n etkisi ile birlikte gelen su \u00e7amur renginde akmaktad\u0131r. \u0130\u00e7eriye giri\u015f olduk\u00e7a tehlikeli. Ma\u011faradan akan su Manavgat Oymap\u0131nar Baraj\u0131&#8217;na gitmektedir. Buradan \u015felaleler olu\u015fturarak \u00dcz\u00fcmdere Irma\u011f\u0131&#8217;n\u0131n devam\u0131nda bulunan Melas Kanyonu&#8217;na inerek Oymap\u0131nar Baraj\u0131&#8217;na ula\u015f\u0131yor\u201d dedi. \u201cSu seviyesinin normale d\u00f6nmesini bekleyece\u011fiz\u201d Ge\u00e7ti\u011fimiz Sal\u0131 g\u00fcn\u00fcnden itibaren etkili olan ya\u011f\u0131\u015f ile birlikte ma\u011faran\u0131n su seviyesi y\u00fcksek oldu\u011fu i\u00e7in ziyarete kapatt\u0131klar\u0131n\u0131 anlatan \u00dcnl\u00fcsoy, \u201cSu seviyesinin normale d\u00f6nmesi ile birlikte ma\u011faram\u0131z\u0131 tekrar ziyarete a\u00e7aca\u011f\u0131z. \u015eu anda bu seviyede iken i\u00e7eriyi gezdirmemizin imkan\u0131 yok. Su seviyesi d\u00fc\u015ferse gerekli g\u00fcvenlik \u00f6nlemlerini ald\u0131ktan sonra gezdirme imkan\u0131 olacak. \u015eu durumda i\u00e7eriye girme imkan\u0131 yok. Ziyarete a\u00e7\u0131l\u0131nca &hellip;\" \/>\n<meta property=\"og:url\" content=\"http:\/\/denizcankizil.tr\/ru\/haberler\/antalya\/altinbesik-magarasina-girisler-yasaklandi\/\" \/>\n<meta property=\"og:site_name\" content=\"Av. Deniz Can K\u0131z\u0131l\" \/>\n<meta property=\"article:published_time\" content=\"2024-12-28T09:41:33+00:00\" \/>\n<meta property=\"og:image\" content=\"http:\/\/denizcankizil.tr\/wp-content\/uploads\/2024\/12\/3806-01-JSJSAj.jpeg\" \/>\n\t<meta property=\"og:image:width\" content=\"1280\" \/>\n\t<meta property=\"og:image:height\" content=\"720\" \/>\n\t<meta property=\"og:image:type\" content=\"image\/jpeg\" \/>\n<meta name=\"twitter:card\" content=\"summary_large_image\" \/>\n<meta name=\"twitter:label1\" content=\"\u041f\u0440\u0438\u043c\u0435\u0440\u043d\u043e\u0435 \u0432\u0440\u0435\u043c\u044f \u0434\u043b\u044f \u0447\u0442\u0435\u043d\u0438\u044f\" \/>\n\t<meta name=\"twitter:data1\" content=\"2 \u043c\u0438\u043d\u0443\u0442\u044b\" \/>\n<script type=\"application\/ld+json\" class=\"yoast-schema-graph\">{\"@context\":\"https:\/\/schema.org\",\"@graph\":[{\"@type\":\"Article\",\"@id\":\"http:\/\/denizcankizil.tr\/uk\/haberler\/antalya\/altinbesik-magarasina-girisler-yasaklandi\/#article\",\"isPartOf\":{\"@id\":\"http:\/\/denizcankizil.tr\/uk\/haberler\/antalya\/altinbesik-magarasina-girisler-yasaklandi\/\"},\"author\":{\"name\":\"\",\"@id\":\"\"},\"headline\":\"Alt\u0131nbe\u015fik Ma\u011faras\u0131&#8217;na giri\u015fler yasakland\u0131\",\"datePublished\":\"2024-12-28T09:41:33+00:00\",\"mainEntityOfPage\":{\"@id\":\"http:\/\/denizcankizil.tr\/uk\/haberler\/antalya\/altinbesik-magarasina-girisler-yasaklandi\/\"},\"wordCount\":341,\"commentCount\":0,\"publisher\":{\"@id\":\"https:\/\/denizcankizil.tr\/de\/#organization\"},\"image\":{\"@id\":\"http:\/\/denizcankizil.tr\/uk\/haberler\/antalya\/altinbesik-magarasina-girisler-yasaklandi\/#primaryimage\"},\"thumbnailUrl\":\"https:\/\/denizcankizil.tr\/wp-content\/uploads\/2024\/12\/3806-01-JSJSAj.jpeg\",\"articleSection\":[\"Antalya\",\"Uncategorized\"],\"inLanguage\":\"ru-RU\",\"potentialAction\":[{\"@type\":\"CommentAction\",\"name\":\"Comment\",\"target\":[\"http:\/\/denizcankizil.tr\/uk\/haberler\/antalya\/altinbesik-magarasina-girisler-yasaklandi\/#respond\"]}]},{\"@type\":\"WebPage\",\"@id\":\"http:\/\/denizcankizil.tr\/uk\/haberler\/antalya\/altinbesik-magarasina-girisler-yasaklandi\/\",\"url\":\"http:\/\/denizcankizil.tr\/uk\/haberler\/antalya\/altinbesik-magarasina-girisler-yasaklandi\/\",\"name\":\"Alt\u0131nbe\u015fik Ma\u011faras\u0131'na giri\u015fler yasakland\u0131 - Av. Deniz Can K\u0131z\u0131l\",\"isPartOf\":{\"@id\":\"https:\/\/denizcankizil.tr\/de\/#website\"},\"primaryImageOfPage\":{\"@id\":\"http:\/\/denizcankizil.tr\/uk\/haberler\/antalya\/altinbesik-magarasina-girisler-yasaklandi\/#primaryimage\"},\"image\":{\"@id\":\"http:\/\/denizcankizil.tr\/uk\/haberler\/antalya\/altinbesik-magarasina-girisler-yasaklandi\/#primaryimage\"},\"thumbnailUrl\":\"https:\/\/denizcankizil.tr\/wp-content\/uploads\/2024\/12\/3806-01-JSJSAj.jpeg\",\"datePublished\":\"2024-12-28T09:41:33+00:00\",\"breadcrumb\":{\"@id\":\"http:\/\/denizcankizil.tr\/uk\/haberler\/antalya\/altinbesik-magarasina-girisler-yasaklandi\/#breadcrumb\"},\"inLanguage\":\"ru-RU\",\"potentialAction\":[{\"@type\":\"ReadAction\",\"target\":[\"http:\/\/denizcankizil.tr\/uk\/haberler\/antalya\/altinbesik-magarasina-girisler-yasaklandi\/\"]}]},{\"@type\":\"ImageObject\",\"inLanguage\":\"ru-RU\",\"@id\":\"http:\/\/denizcankizil.tr\/uk\/haberler\/antalya\/altinbesik-magarasina-girisler-yasaklandi\/#primaryimage\",\"url\":\"https:\/\/denizcankizil.tr\/wp-content\/uploads\/2024\/12\/3806-01-JSJSAj.jpeg\",\"contentUrl\":\"https:\/\/denizcankizil.tr\/wp-content\/uploads\/2024\/12\/3806-01-JSJSAj.jpeg\",\"width\":1280,\"height\":720},{\"@type\":\"BreadcrumbList\",\"@id\":\"http:\/\/denizcankizil.tr\/uk\/haberler\/antalya\/altinbesik-magarasina-girisler-yasaklandi\/#breadcrumb\",\"itemListElement\":[{\"@type\":\"ListItem\",\"position\":1,\"name\":\"Home\",\"item\":\"https:\/\/denizcankizil.tr\/de\/\"},{\"@type\":\"ListItem\",\"position\":2,\"name\":\"Alt\u0131nbe\u015fik Ma\u011faras\u0131&#8217;na giri\u015fler yasakland\u0131\"}]},{\"@type\":\"WebSite\",\"@id\":\"https:\/\/denizcankizil.tr\/de\/#website\",\"url\":\"https:\/\/denizcankizil.tr\/de\/\",\"name\":\"Av. Deniz Can K\u0131z\u0131l\",\"description\":\"Avukat Deniz Can K\u0131z\u0131l Antalya Barosu\",\"publisher\":{\"@id\":\"https:\/\/denizcankizil.tr\/de\/#organization\"},\"potentialAction\":[{\"@type\":\"SearchAction\",\"target\":{\"@type\":\"EntryPoint\",\"urlTemplate\":\"https:\/\/denizcankizil.tr\/de\/?s={search_term_string}\"},\"query-input\":{\"@type\":\"PropertyValueSpecification\",\"valueRequired\":true,\"valueName\":\"search_term_string\"}}],\"inLanguage\":\"ru-RU\"},{\"@type\":\"Organization\",\"@id\":\"https:\/\/denizcankizil.tr\/de\/#organization\",\"name\":\"Av. Deniz Can K\u0131z\u0131l\",\"url\":\"https:\/\/denizcankizil.tr\/de\/\",\"logo\":{\"@type\":\"ImageObject\",\"inLanguage\":\"ru-RU\",\"@id\":\"https:\/\/denizcankizil.tr\/de\/#\/schema\/logo\/image\/\",\"url\":\"https:\/\/denizcankizil.tr\/wp-content\/uploads\/2024\/10\/siyah-logo-svg.svg\",\"contentUrl\":\"https:\/\/denizcankizil.tr\/wp-content\/uploads\/2024\/10\/siyah-logo-svg.svg\",\"width\":1080,\"height\":1080,\"caption\":\"Av. Deniz Can K\u0131z\u0131l\"},\"image\":{\"@id\":\"https:\/\/denizcankizil.tr\/de\/#\/schema\/logo\/image\/\"}}]}<\/script>\n<!-- \/ Yoast SEO Premium plugin. -->","yoast_head_json":{"title":"Alt\u0131nbe\u015fik Ma\u011faras\u0131'na giri\u015fler yasakland\u0131 - Av. Deniz Can K\u0131z\u0131l","robots":{"index":"index","follow":"follow","max-snippet":"max-snippet:-1","max-image-preview":"max-image-preview:large","max-video-preview":"max-video-preview:-1"},"canonical":"http:\/\/denizcankizil.tr\/ru\/haberler\/antalya\/altinbesik-magarasina-girisler-yasaklandi\/","og_locale":"ru_RU","og_type":"article","og_title":"Alt\u0131nbe\u015fik Ma\u011faras\u0131'na giri\u015fler yasakland\u0131","og_description":"\u0130brad\u0131 il\u00e7esinde yakla\u015f\u0131k 1 haftad\u0131r aral\u0131klarla etkili olan ya\u011f\u0131\u015f sonras\u0131 yer alt\u0131 sular\u0131n\u0131n y\u00fckselmesi ile birlikte denizden 400 metre y\u00fckseklikte bulunan Alt\u0131nbe\u015fik Ma\u011faras\u0131&#8217;nda su d\u00fczeyinde ciddi art\u0131\u015f meydana geldi. Ma\u011farada su seviyesi yakla\u015f\u0131k 5-7 metre aras\u0131nda y\u00fckselirken, i\u00e7erisine giri\u015f ise yasakland\u0131. Suyun y\u00fckselmesi ile birlikte ma\u011faran\u0131n a\u011fz\u0131ndan akan sular b\u00fcy\u00fck \u015felaleler olu\u015fturdu. Bu sular, ula\u015ft\u0131klar\u0131 Manavgat \u00c7ay\u0131&#8217;n\u0131n da su seviyesinde y\u00fckselmeye neden oldu. \u201cMa\u011faradan ta\u015fan Oymap\u0131nar Baraj\u0131&#8217;na ula\u015f\u0131yor\u201d \u0130\u015fletmesi \u0130brad\u0131 Belediyesine ait olan Alt\u0131nbe\u015fik Ma\u011faras\u0131 sorumlusu Ula\u015f \u00dcnl\u00fcsoy, d\u00fcnyan\u0131n \u00fc\u00e7\u00fcnc\u00fc, T\u00fcrkiye&#8217;nin ise en b\u00fcy\u00fck yer alt\u0131 g\u00f6l\u00fcn\u00fcn ya\u011f\u0131\u015flar sebebiyle su seviyesinde 4-5 metre civar\u0131nda art\u0131\u015f ya\u015fand\u0131\u011f\u0131n\u0131 kaydetti. Ma\u011faran\u0131n a\u011fz\u0131ndan suyun silme ge\u00e7ti\u011fini s\u00f6yleyen \u00dcnl\u00fcsoy, \u201cYa\u011f\u0131\u015flar\u0131n etkisi ile birlikte gelen su \u00e7amur renginde akmaktad\u0131r. \u0130\u00e7eriye giri\u015f olduk\u00e7a tehlikeli. Ma\u011faradan akan su Manavgat Oymap\u0131nar Baraj\u0131&#8217;na gitmektedir. Buradan \u015felaleler olu\u015fturarak \u00dcz\u00fcmdere Irma\u011f\u0131&#8217;n\u0131n devam\u0131nda bulunan Melas Kanyonu&#8217;na inerek Oymap\u0131nar Baraj\u0131&#8217;na ula\u015f\u0131yor\u201d dedi. \u201cSu seviyesinin normale d\u00f6nmesini bekleyece\u011fiz\u201d Ge\u00e7ti\u011fimiz Sal\u0131 g\u00fcn\u00fcnden itibaren etkili olan ya\u011f\u0131\u015f ile birlikte ma\u011faran\u0131n su seviyesi y\u00fcksek oldu\u011fu i\u00e7in ziyarete kapatt\u0131klar\u0131n\u0131 anlatan \u00dcnl\u00fcsoy, \u201cSu seviyesinin normale d\u00f6nmesi ile birlikte ma\u011faram\u0131z\u0131 tekrar ziyarete a\u00e7aca\u011f\u0131z. \u015eu anda bu seviyede iken i\u00e7eriyi gezdirmemizin imkan\u0131 yok. Su seviyesi d\u00fc\u015ferse gerekli g\u00fcvenlik \u00f6nlemlerini ald\u0131ktan sonra gezdirme imkan\u0131 olacak. \u015eu durumda i\u00e7eriye girme imkan\u0131 yok. Ziyarete a\u00e7\u0131l\u0131nca &hellip;","og_url":"http:\/\/denizcankizil.tr\/ru\/haberler\/antalya\/altinbesik-magarasina-girisler-yasaklandi\/","og_site_name":"Av. Deniz Can K\u0131z\u0131l","article_published_time":"2024-12-28T09:41:33+00:00","og_image":[{"width":1280,"height":720,"url":"http:\/\/denizcankizil.tr\/wp-content\/uploads\/2024\/12\/3806-01-JSJSAj.jpeg","type":"image\/jpeg"}],"twitter_card":"summary_large_image","twitter_misc":{"\u041f\u0440\u0438\u043c\u0435\u0440\u043d\u043e\u0435 \u0432\u0440\u0435\u043c\u044f \u0434\u043b\u044f \u0447\u0442\u0435\u043d\u0438\u044f":"2 \u043c\u0438\u043d\u0443\u0442\u044b"},"schema":{"@context":"https:\/\/schema.org","@graph":[{"@type":"Article","@id":"http:\/\/denizcankizil.tr\/uk\/haberler\/antalya\/altinbesik-magarasina-girisler-yasaklandi\/#article","isPartOf":{"@id":"http:\/\/denizcankizil.tr\/uk\/haberler\/antalya\/altinbesik-magarasina-girisler-yasaklandi\/"},"author":{"name":"","@id":""},"headline":"Alt\u0131nbe\u015fik Ma\u011faras\u0131&#8217;na giri\u015fler yasakland\u0131","datePublished":"2024-12-28T09:41:33+00:00","mainEntityOfPage":{"@id":"http:\/\/denizcankizil.tr\/uk\/haberler\/antalya\/altinbesik-magarasina-girisler-yasaklandi\/"},"wordCount":341,"commentCount":0,"publisher":{"@id":"https:\/\/denizcankizil.tr\/de\/#organization"},"image":{"@id":"http:\/\/denizcankizil.tr\/uk\/haberler\/antalya\/altinbesik-magarasina-girisler-yasaklandi\/#primaryimage"},"thumbnailUrl":"https:\/\/denizcankizil.tr\/wp-content\/uploads\/2024\/12\/3806-01-JSJSAj.jpeg","articleSection":["Antalya","Uncategorized"],"inLanguage":"ru-RU","potentialAction":[{"@type":"CommentAction","name":"Comment","target":["http:\/\/denizcankizil.tr\/uk\/haberler\/antalya\/altinbesik-magarasina-girisler-yasaklandi\/#respond"]}]},{"@type":"WebPage","@id":"http:\/\/denizcankizil.tr\/uk\/haberler\/antalya\/altinbesik-magarasina-girisler-yasaklandi\/","url":"http:\/\/denizcankizil.tr\/uk\/haberler\/antalya\/altinbesik-magarasina-girisler-yasaklandi\/","name":"Alt\u0131nbe\u015fik Ma\u011faras\u0131'na giri\u015fler yasakland\u0131 - Av. Deniz Can K\u0131z\u0131l","isPartOf":{"@id":"https:\/\/denizcankizil.tr\/de\/#website"},"primaryImageOfPage":{"@id":"http:\/\/denizcankizil.tr\/uk\/haberler\/antalya\/altinbesik-magarasina-girisler-yasaklandi\/#primaryimage"},"image":{"@id":"http:\/\/denizcankizil.tr\/uk\/haberler\/antalya\/altinbesik-magarasina-girisler-yasaklandi\/#primaryimage"},"thumbnailUrl":"https:\/\/denizcankizil.tr\/wp-content\/uploads\/2024\/12\/3806-01-JSJSAj.jpeg","datePublished":"2024-12-28T09:41:33+00:00","breadcrumb":{"@id":"http:\/\/denizcankizil.tr\/uk\/haberler\/antalya\/altinbesik-magarasina-girisler-yasaklandi\/#breadcrumb"},"inLanguage":"ru-RU","potentialAction":[{"@type":"ReadAction","target":["http:\/\/denizcankizil.tr\/uk\/haberler\/antalya\/altinbesik-magarasina-girisler-yasaklandi\/"]}]},{"@type":"ImageObject","inLanguage":"ru-RU","@id":"http:\/\/denizcankizil.tr\/uk\/haberler\/antalya\/altinbesik-magarasina-girisler-yasaklandi\/#primaryimage","url":"https:\/\/denizcankizil.tr\/wp-content\/uploads\/2024\/12\/3806-01-JSJSAj.jpeg","contentUrl":"https:\/\/denizcankizil.tr\/wp-content\/uploads\/2024\/12\/3806-01-JSJSAj.jpeg","width":1280,"height":720},{"@type":"BreadcrumbList","@id":"http:\/\/denizcankizil.tr\/uk\/haberler\/antalya\/altinbesik-magarasina-girisler-yasaklandi\/#breadcrumb","itemListElement":[{"@type":"ListItem","position":1,"name":"Home","item":"https:\/\/denizcankizil.tr\/de\/"},{"@type":"ListItem","position":2,"name":"Alt\u0131nbe\u015fik Ma\u011faras\u0131&#8217;na giri\u015fler yasakland\u0131"}]},{"@type":"WebSite","@id":"https:\/\/denizcankizil.tr\/de\/#website","url":"https:\/\/denizcankizil.tr\/de\/","name":"Av. Deniz Can K\u0131z\u0131l","description":"Avukat Deniz Can K\u0131z\u0131l Antalya Barosu","publisher":{"@id":"https:\/\/denizcankizil.tr\/de\/#organization"},"potentialAction":[{"@type":"SearchAction","target":{"@type":"EntryPoint","urlTemplate":"https:\/\/denizcankizil.tr\/de\/?s={search_term_string}"},"query-input":{"@type":"PropertyValueSpecification","valueRequired":true,"valueName":"search_term_string"}}],"inLanguage":"ru-RU"},{"@type":"Organization","@id":"https:\/\/denizcankizil.tr\/de\/#organization","name":"Av. Deniz Can K\u0131z\u0131l","url":"https:\/\/denizcankizil.tr\/de\/","logo":{"@type":"ImageObject","inLanguage":"ru-RU","@id":"https:\/\/denizcankizil.tr\/de\/#\/schema\/logo\/image\/","url":"https:\/\/denizcankizil.tr\/wp-content\/uploads\/2024\/10\/siyah-logo-svg.svg","contentUrl":"https:\/\/denizcankizil.tr\/wp-content\/uploads\/2024\/10\/siyah-logo-svg.svg","width":1080,"height":1080,"caption":"Av. Deniz Can K\u0131z\u0131l"},"image":{"@id":"https:\/\/denizcankizil.tr\/de\/#\/schema\/logo\/image\/"}}]}},"_links":{"self":[{"href":"https:\/\/denizcankizil.tr\/ru\/wp-json\/wp\/v2\/posts\/22677","targetHints":{"allow":["GET"]}}],"collection":[{"href":"https:\/\/denizcankizil.tr\/ru\/wp-json\/wp\/v2\/posts"}],"about":[{"href":"https:\/\/denizcankizil.tr\/ru\/wp-json\/wp\/v2\/types\/post"}],"replies":[{"embeddable":true,"href":"https:\/\/denizcankizil.tr\/ru\/wp-json\/wp\/v2\/comments?post=22677"}],"version-history":[{"count":0,"href":"https:\/\/denizcankizil.tr\/ru\/wp-json\/wp\/v2\/posts\/22677\/revisions"}],"wp:featuredmedia":[{"embeddable":true,"href":"https:\/\/denizcankizil.tr\/ru\/wp-json\/wp\/v2\/media\/22678"}],"wp:attachment":[{"href":"https:\/\/denizcankizil.tr\/ru\/wp-json\/wp\/v2\/media?parent=22677"}],"wp:term":[{"taxonomy":"category","embeddable":true,"href":"https:\/\/denizcankizil.tr\/ru\/wp-json\/wp\/v2\/categories?post=22677"},{"taxonomy":"post_tag","embeddable":true,"href":"https:\/\/denizcankizil.tr\/ru\/wp-json\/wp\/v2\/tags?post=22677"}],"curies":[{"name":"wp","href":"https:\/\/api.w.org\/{rel}","templated":true}]}}