{"id":22593,"date":"2024-12-27T21:41:27","date_gmt":"2024-12-27T18:41:27","guid":{"rendered":"https:\/\/denizcankizil.tr\/uncategorized-tr\/antalyalilar-dikkat-yeni-yilda-elektrik-faturalari-ikiye-katlanacak\/"},"modified":"2024-12-27T21:41:27","modified_gmt":"2024-12-27T18:41:27","slug":"antalyalilar-dikkat-yeni-yilda-elektrik-faturalari-ikiye-katlanacak","status":"publish","type":"post","link":"https:\/\/denizcankizil.tr\/ru\/haberler\/gundem\/antalyalilar-dikkat-yeni-yilda-elektrik-faturalari-ikiye-katlanacak\/","title":{"rendered":"Antalyal\u0131lar dikkat! Yeni y\u0131lda elektrik faturalar\u0131 ikiye katlanacak"},"content":{"rendered":"<p>Elektrik faturalar\u0131nda yeni bir d\u00f6nem ba\u015fl\u0131yor. \u015eubat ay\u0131ndan itibaren y\u00fcksek elektrik t\u00fcketenler daha fazla \u00f6deme yapacak. 417 kilowatt saatin\u00a0 (yakla\u015f\u0131k 1.050 TL) \u00a0\u00fczerindeki faturalara destekler kald\u0131r\u0131laca\u011f\u0131 i\u00e7in ger\u00e7ek maliyetler yans\u0131t\u0131lacak. Bu durumda baz\u0131 abonelerin \u00f6dedi\u011fi fatura bedeli iki kat\u0131na kadar y\u00fckselebilir.<\/p>\n<p>ELEKTR\u0130K FATURALARI \u0130K\u0130YE KATLANIYOR\u00a0<\/p>\n<p>Haberler.com sitesinin haberine g\u00f6re; 2025 y\u0131l\u0131 \u015fubat ay\u0131 itibariyle elektrikte t\u00fcketti\u011fin kadar \u00f6de d\u00f6nemi ba\u015fl\u0131yor. Bunun i\u00e7in 417 kilowatt (yakla\u015f\u0131k 1050TL) saat s\u0131n\u0131r olarak kabul edilecek. Enerji ve Tabii Kaynaklar Bakan\u0131 Alparslan Bayraktar, yapt\u0131\u011f\u0131 a\u00e7\u0131klamada y\u00fcksek t\u00fcketimli mesken aboneleri i\u00e7in elektrikte s\u00fcbvansiyonlu fiyat\u0131n kald\u0131r\u0131lmas\u0131 i\u00e7in \u00e7al\u0131\u015fma y\u00fcr\u00fctt\u00fcklerini ve bu abonelerin 2025\u2019in \u015eubat ay\u0131ndan sonra ger\u00e7ek fiyattan elektrik alacaklar\u0131n\u0131 belirtti.<\/p>\n<p>ELEKTR\u0130K FATURALARINDA YEN\u0130 D\u00d6NEM\u00a0<\/p>\n<p>Bakan Bayraktar, T\u00fcrkiye&#8217;de ortalama bir hanenin elektrik faturas\u0131n\u0131n 414 lira oldu\u011funu s\u00f6yledi. Bayraktar&#8217;\u0131n verdi\u011fi bilgiye g\u00f6re abonenin ayl\u0131k faturas\u0131 1.050 liray\u0131 ge\u00e7erse elektri\u011fi &#8220;ger\u00e7ek maliyeti&#8221; ile sat\u0131n almaya ba\u015flayacak. T\u00fcrkiye&#8217;de yakla\u015f\u0131k 40 milyon mesken abonesi bulundu\u011funu, bunun da y\u00fczde 3&#8217;\u00fcn\u00fcn yani 1,2 milyon abonenin bu durumdan etkilenece\u011finin alt\u0131n\u0131 \u00e7izen Bayraktar, &#8220;Bunlar da dedi\u011fim gibi y\u00fcksek t\u00fcketim grubu olan, evi b\u00fcy\u00fck olan, evinde daha \u00e7ok elektrikli e\u015fya kullanan, belki elektrikli arac\u0131 olan kesimler bunlar da elektrik fiyat\u0131n\u0131 daha maliyetine uygun \u015fekilde \u00f6deyecek. D\u00fczenleme bunu i\u00e7eriyor&#8221; dedi.<\/p>\n<p>\u00a0<\/p>\n<p>\u200bYeni y\u0131ldan sonra yap\u0131lacak olan d\u00fczenlemeyle beraber art\u0131k y\u00fcksek elektrik t\u00fcketenler, daha fazla \u00f6deme yapacak. 417 kilowatt saatin \u00fczerindeki t\u00fcketimlerde (yakla\u015f\u0131k 1.050 TL) faturalar ikiye katlanacak\u00a0<\/p>\n<p>\u200bHaberin Al\u0131nt\u0131land\u0131\u011f\u0131 Kaynak: www.antalyakorfez.com<\/p>","protected":false},"excerpt":{"rendered":"<p>Elektrik faturalar\u0131nda yeni bir d\u00f6nem ba\u015fl\u0131yor. \u015eubat ay\u0131ndan itibaren y\u00fcksek elektrik t\u00fcketenler daha fazla \u00f6deme yapacak. 417 kilowatt saatin\u00a0 (yakla\u015f\u0131k 1.050 TL) \u00a0\u00fczerindeki faturalara destekler kald\u0131r\u0131laca\u011f\u0131 i\u00e7in ger\u00e7ek maliyetler yans\u0131t\u0131lacak. Bu durumda baz\u0131 abonelerin \u00f6dedi\u011fi fatura bedeli iki kat\u0131na kadar y\u00fckselebilir. ELEKTR\u0130K FATURALARI \u0130K\u0130YE KATLANIYOR\u00a0 Haberler.com sitesinin haberine g\u00f6re; 2025 y\u0131l\u0131 \u015fubat ay\u0131 itibariyle elektrikte t\u00fcketti\u011fin kadar \u00f6de d\u00f6nemi ba\u015fl\u0131yor. Bunun i\u00e7in 417 kilowatt (yakla\u015f\u0131k 1050TL) saat s\u0131n\u0131r olarak kabul edilecek. Enerji ve Tabii Kaynaklar Bakan\u0131 Alparslan Bayraktar, yapt\u0131\u011f\u0131 a\u00e7\u0131klamada y\u00fcksek t\u00fcketimli mesken aboneleri i\u00e7in elektrikte s\u00fcbvansiyonlu fiyat\u0131n kald\u0131r\u0131lmas\u0131 i\u00e7in \u00e7al\u0131\u015fma y\u00fcr\u00fctt\u00fcklerini ve bu abonelerin 2025\u2019in \u015eubat ay\u0131ndan sonra ger\u00e7ek fiyattan elektrik alacaklar\u0131n\u0131 belirtti. ELEKTR\u0130K FATURALARINDA YEN\u0130 D\u00d6NEM\u00a0 Bakan Bayraktar, T\u00fcrkiye&#8217;de ortalama bir hanenin elektrik faturas\u0131n\u0131n 414 lira oldu\u011funu s\u00f6yledi. Bayraktar&#8217;\u0131n verdi\u011fi bilgiye g\u00f6re abonenin ayl\u0131k faturas\u0131 1.050 liray\u0131 ge\u00e7erse elektri\u011fi &#8220;ger\u00e7ek maliyeti&#8221; ile sat\u0131n almaya ba\u015flayacak. T\u00fcrkiye&#8217;de yakla\u015f\u0131k 40 milyon mesken abonesi bulundu\u011funu, bunun da y\u00fczde 3&#8217;\u00fcn\u00fcn yani 1,2 milyon abonenin bu durumdan etkilenece\u011finin alt\u0131n\u0131 \u00e7izen Bayraktar, &#8220;Bunlar da dedi\u011fim gibi y\u00fcksek t\u00fcketim grubu olan, evi b\u00fcy\u00fck olan, evinde daha \u00e7ok elektrikli e\u015fya kullanan, belki elektrikli arac\u0131 olan kesimler bunlar da elektrik fiyat\u0131n\u0131 daha maliyetine uygun \u015fekilde \u00f6deyecek. D\u00fczenleme bunu i\u00e7eriyor&#8221; dedi. \u00a0 \u200bYeni y\u0131ldan sonra yap\u0131lacak olan d\u00fczenlemeyle &hellip;<\/p>","protected":false},"author":0,"featured_media":0,"comment_status":"open","ping_status":"open","sticky":false,"template":"","format":"standard","meta":{"_acf_changed":false,"footnotes":""},"categories":[24,535],"tags":[],"class_list":["post-22593","post","type-post","status-publish","format-standard","has-post-thumbnail","hentry","category-gundem","category-uncategorized-tr"],"acf":[],"yoast_head":"<!-- This site is optimized with the Yoast SEO Premium plugin v26.6 (Yoast SEO v27.1.1) - https:\/\/yoast.com\/product\/yoast-seo-premium-wordpress\/ -->\n<title>Antalyal\u0131lar dikkat! Yeni y\u0131lda elektrik faturalar\u0131 ikiye katlanacak - Av. Deniz Can K\u0131z\u0131l<\/title>\n<meta name=\"robots\" content=\"index, follow, max-snippet:-1, max-image-preview:large, max-video-preview:-1\" \/>\n<link rel=\"canonical\" href=\"https:\/\/denizcankizil.tr\/ru\/haberler\/gundem\/antalyalilar-dikkat-yeni-yilda-elektrik-faturalari-ikiye-katlanacak\/\" \/>\n<meta property=\"og:locale\" content=\"ru_RU\" \/>\n<meta property=\"og:type\" content=\"article\" \/>\n<meta property=\"og:title\" content=\"Antalyal\u0131lar dikkat! Yeni y\u0131lda elektrik faturalar\u0131 ikiye katlanacak\" \/>\n<meta property=\"og:description\" content=\"Elektrik faturalar\u0131nda yeni bir d\u00f6nem ba\u015fl\u0131yor. \u015eubat ay\u0131ndan itibaren y\u00fcksek elektrik t\u00fcketenler daha fazla \u00f6deme yapacak. 417 kilowatt saatin\u00a0 (yakla\u015f\u0131k 1.050 TL) \u00a0\u00fczerindeki faturalara destekler kald\u0131r\u0131laca\u011f\u0131 i\u00e7in ger\u00e7ek maliyetler yans\u0131t\u0131lacak. Bu durumda baz\u0131 abonelerin \u00f6dedi\u011fi fatura bedeli iki kat\u0131na kadar y\u00fckselebilir. ELEKTR\u0130K FATURALARI \u0130K\u0130YE KATLANIYOR\u00a0 Haberler.com sitesinin haberine g\u00f6re; 2025 y\u0131l\u0131 \u015fubat ay\u0131 itibariyle elektrikte t\u00fcketti\u011fin kadar \u00f6de d\u00f6nemi ba\u015fl\u0131yor. Bunun i\u00e7in 417 kilowatt (yakla\u015f\u0131k 1050TL) saat s\u0131n\u0131r olarak kabul edilecek. Enerji ve Tabii Kaynaklar Bakan\u0131 Alparslan Bayraktar, yapt\u0131\u011f\u0131 a\u00e7\u0131klamada y\u00fcksek t\u00fcketimli mesken aboneleri i\u00e7in elektrikte s\u00fcbvansiyonlu fiyat\u0131n kald\u0131r\u0131lmas\u0131 i\u00e7in \u00e7al\u0131\u015fma y\u00fcr\u00fctt\u00fcklerini ve bu abonelerin 2025\u2019in \u015eubat ay\u0131ndan sonra ger\u00e7ek fiyattan elektrik alacaklar\u0131n\u0131 belirtti. ELEKTR\u0130K FATURALARINDA YEN\u0130 D\u00d6NEM\u00a0 Bakan Bayraktar, T\u00fcrkiye&#8217;de ortalama bir hanenin elektrik faturas\u0131n\u0131n 414 lira oldu\u011funu s\u00f6yledi. Bayraktar&#8217;\u0131n verdi\u011fi bilgiye g\u00f6re abonenin ayl\u0131k faturas\u0131 1.050 liray\u0131 ge\u00e7erse elektri\u011fi &#8220;ger\u00e7ek maliyeti&#8221; ile sat\u0131n almaya ba\u015flayacak. T\u00fcrkiye&#8217;de yakla\u015f\u0131k 40 milyon mesken abonesi bulundu\u011funu, bunun da y\u00fczde 3&#8217;\u00fcn\u00fcn yani 1,2 milyon abonenin bu durumdan etkilenece\u011finin alt\u0131n\u0131 \u00e7izen Bayraktar, &#8220;Bunlar da dedi\u011fim gibi y\u00fcksek t\u00fcketim grubu olan, evi b\u00fcy\u00fck olan, evinde daha \u00e7ok elektrikli e\u015fya kullanan, belki elektrikli arac\u0131 olan kesimler bunlar da elektrik fiyat\u0131n\u0131 daha maliyetine uygun \u015fekilde \u00f6deyecek. D\u00fczenleme bunu i\u00e7eriyor&#8221; dedi. \u00a0 \u200bYeni y\u0131ldan sonra yap\u0131lacak olan d\u00fczenlemeyle &hellip;\" \/>\n<meta property=\"og:url\" content=\"https:\/\/denizcankizil.tr\/ru\/haberler\/gundem\/antalyalilar-dikkat-yeni-yilda-elektrik-faturalari-ikiye-katlanacak\/\" \/>\n<meta property=\"og:site_name\" content=\"Av. Deniz Can K\u0131z\u0131l\" \/>\n<meta property=\"article:published_time\" content=\"2024-12-27T18:41:27+00:00\" \/>\n<meta name=\"twitter:card\" content=\"summary_large_image\" \/>\n<meta name=\"twitter:label1\" content=\"\u041f\u0440\u0438\u043c\u0435\u0440\u043d\u043e\u0435 \u0432\u0440\u0435\u043c\u044f \u0434\u043b\u044f \u0447\u0442\u0435\u043d\u0438\u044f\" \/>\n\t<meta name=\"twitter:data1\" content=\"2 \u043c\u0438\u043d\u0443\u0442\u044b\" \/>\n<script type=\"application\/ld+json\" class=\"yoast-schema-graph\">{\"@context\":\"https:\/\/schema.org\",\"@graph\":[{\"@type\":\"Article\",\"@id\":\"https:\/\/denizcankizil.tr\/ru\/haberler\/gundem\/antalyalilar-dikkat-yeni-yilda-elektrik-faturalari-ikiye-katlanacak\/#article\",\"isPartOf\":{\"@id\":\"https:\/\/denizcankizil.tr\/ru\/haberler\/gundem\/antalyalilar-dikkat-yeni-yilda-elektrik-faturalari-ikiye-katlanacak\/\"},\"author\":{\"name\":\"\",\"@id\":\"\"},\"headline\":\"Antalyal\u0131lar dikkat! Yeni y\u0131lda elektrik faturalar\u0131 ikiye katlanacak\",\"datePublished\":\"2024-12-27T18:41:27+00:00\",\"mainEntityOfPage\":{\"@id\":\"https:\/\/denizcankizil.tr\/ru\/haberler\/gundem\/antalyalilar-dikkat-yeni-yilda-elektrik-faturalari-ikiye-katlanacak\/\"},\"wordCount\":316,\"commentCount\":0,\"publisher\":{\"@id\":\"https:\/\/denizcankizil.tr\/#organization\"},\"articleSection\":[\"G\u00fcndem\",\"Uncategorized\"],\"inLanguage\":\"ru-RU\",\"potentialAction\":[{\"@type\":\"CommentAction\",\"name\":\"Comment\",\"target\":[\"https:\/\/denizcankizil.tr\/ru\/haberler\/gundem\/antalyalilar-dikkat-yeni-yilda-elektrik-faturalari-ikiye-katlanacak\/#respond\"]}]},{\"@type\":\"WebPage\",\"@id\":\"https:\/\/denizcankizil.tr\/ru\/haberler\/gundem\/antalyalilar-dikkat-yeni-yilda-elektrik-faturalari-ikiye-katlanacak\/\",\"url\":\"https:\/\/denizcankizil.tr\/ru\/haberler\/gundem\/antalyalilar-dikkat-yeni-yilda-elektrik-faturalari-ikiye-katlanacak\/\",\"name\":\"Antalyal\u0131lar dikkat! Yeni y\u0131lda elektrik faturalar\u0131 ikiye katlanacak - Av. Deniz Can K\u0131z\u0131l\",\"isPartOf\":{\"@id\":\"https:\/\/denizcankizil.tr\/#website\"},\"datePublished\":\"2024-12-27T18:41:27+00:00\",\"breadcrumb\":{\"@id\":\"https:\/\/denizcankizil.tr\/ru\/haberler\/gundem\/antalyalilar-dikkat-yeni-yilda-elektrik-faturalari-ikiye-katlanacak\/#breadcrumb\"},\"inLanguage\":\"ru-RU\",\"potentialAction\":[{\"@type\":\"ReadAction\",\"target\":[\"https:\/\/denizcankizil.tr\/ru\/haberler\/gundem\/antalyalilar-dikkat-yeni-yilda-elektrik-faturalari-ikiye-katlanacak\/\"]}]},{\"@type\":\"BreadcrumbList\",\"@id\":\"https:\/\/denizcankizil.tr\/ru\/haberler\/gundem\/antalyalilar-dikkat-yeni-yilda-elektrik-faturalari-ikiye-katlanacak\/#breadcrumb\",\"itemListElement\":[{\"@type\":\"ListItem\",\"position\":1,\"name\":\"Home\",\"item\":\"https:\/\/denizcankizil.tr\/de\/\"},{\"@type\":\"ListItem\",\"position\":2,\"name\":\"Antalyal\u0131lar dikkat! Yeni y\u0131lda elektrik faturalar\u0131 ikiye katlanacak\"}]},{\"@type\":\"WebSite\",\"@id\":\"https:\/\/denizcankizil.tr\/#website\",\"url\":\"https:\/\/denizcankizil.tr\/\",\"name\":\"Av. Deniz Can K\u0131z\u0131l\",\"description\":\"Avukat Deniz Can K\u0131z\u0131l Antalya Barosu\",\"publisher\":{\"@id\":\"https:\/\/denizcankizil.tr\/#organization\"},\"potentialAction\":[{\"@type\":\"SearchAction\",\"target\":{\"@type\":\"EntryPoint\",\"urlTemplate\":\"https:\/\/denizcankizil.tr\/?s={search_term_string}\"},\"query-input\":{\"@type\":\"PropertyValueSpecification\",\"valueRequired\":true,\"valueName\":\"search_term_string\"}}],\"inLanguage\":\"ru-RU\"},{\"@type\":\"Organization\",\"@id\":\"https:\/\/denizcankizil.tr\/#organization\",\"name\":\"Av. Deniz Can K\u0131z\u0131l\",\"url\":\"https:\/\/denizcankizil.tr\/\",\"logo\":{\"@type\":\"ImageObject\",\"inLanguage\":\"ru-RU\",\"@id\":\"https:\/\/denizcankizil.tr\/#\/schema\/logo\/image\/\",\"url\":\"https:\/\/denizcankizil.tr\/wp-content\/uploads\/2024\/10\/siyah-logo-svg.svg\",\"contentUrl\":\"https:\/\/denizcankizil.tr\/wp-content\/uploads\/2024\/10\/siyah-logo-svg.svg\",\"width\":1080,\"height\":1080,\"caption\":\"Av. Deniz Can K\u0131z\u0131l\"},\"image\":{\"@id\":\"https:\/\/denizcankizil.tr\/#\/schema\/logo\/image\/\"}}]}<\/script>\n<!-- \/ Yoast SEO Premium plugin. -->","yoast_head_json":{"title":"Antalyal\u0131lar dikkat! Yeni y\u0131lda elektrik faturalar\u0131 ikiye katlanacak - Av. Deniz Can K\u0131z\u0131l","robots":{"index":"index","follow":"follow","max-snippet":"max-snippet:-1","max-image-preview":"max-image-preview:large","max-video-preview":"max-video-preview:-1"},"canonical":"https:\/\/denizcankizil.tr\/ru\/haberler\/gundem\/antalyalilar-dikkat-yeni-yilda-elektrik-faturalari-ikiye-katlanacak\/","og_locale":"ru_RU","og_type":"article","og_title":"Antalyal\u0131lar dikkat! Yeni y\u0131lda elektrik faturalar\u0131 ikiye katlanacak","og_description":"Elektrik faturalar\u0131nda yeni bir d\u00f6nem ba\u015fl\u0131yor. \u015eubat ay\u0131ndan itibaren y\u00fcksek elektrik t\u00fcketenler daha fazla \u00f6deme yapacak. 417 kilowatt saatin\u00a0 (yakla\u015f\u0131k 1.050 TL) \u00a0\u00fczerindeki faturalara destekler kald\u0131r\u0131laca\u011f\u0131 i\u00e7in ger\u00e7ek maliyetler yans\u0131t\u0131lacak. Bu durumda baz\u0131 abonelerin \u00f6dedi\u011fi fatura bedeli iki kat\u0131na kadar y\u00fckselebilir. ELEKTR\u0130K FATURALARI \u0130K\u0130YE KATLANIYOR\u00a0 Haberler.com sitesinin haberine g\u00f6re; 2025 y\u0131l\u0131 \u015fubat ay\u0131 itibariyle elektrikte t\u00fcketti\u011fin kadar \u00f6de d\u00f6nemi ba\u015fl\u0131yor. Bunun i\u00e7in 417 kilowatt (yakla\u015f\u0131k 1050TL) saat s\u0131n\u0131r olarak kabul edilecek. Enerji ve Tabii Kaynaklar Bakan\u0131 Alparslan Bayraktar, yapt\u0131\u011f\u0131 a\u00e7\u0131klamada y\u00fcksek t\u00fcketimli mesken aboneleri i\u00e7in elektrikte s\u00fcbvansiyonlu fiyat\u0131n kald\u0131r\u0131lmas\u0131 i\u00e7in \u00e7al\u0131\u015fma y\u00fcr\u00fctt\u00fcklerini ve bu abonelerin 2025\u2019in \u015eubat ay\u0131ndan sonra ger\u00e7ek fiyattan elektrik alacaklar\u0131n\u0131 belirtti. ELEKTR\u0130K FATURALARINDA YEN\u0130 D\u00d6NEM\u00a0 Bakan Bayraktar, T\u00fcrkiye&#8217;de ortalama bir hanenin elektrik faturas\u0131n\u0131n 414 lira oldu\u011funu s\u00f6yledi. Bayraktar&#8217;\u0131n verdi\u011fi bilgiye g\u00f6re abonenin ayl\u0131k faturas\u0131 1.050 liray\u0131 ge\u00e7erse elektri\u011fi &#8220;ger\u00e7ek maliyeti&#8221; ile sat\u0131n almaya ba\u015flayacak. T\u00fcrkiye&#8217;de yakla\u015f\u0131k 40 milyon mesken abonesi bulundu\u011funu, bunun da y\u00fczde 3&#8217;\u00fcn\u00fcn yani 1,2 milyon abonenin bu durumdan etkilenece\u011finin alt\u0131n\u0131 \u00e7izen Bayraktar, &#8220;Bunlar da dedi\u011fim gibi y\u00fcksek t\u00fcketim grubu olan, evi b\u00fcy\u00fck olan, evinde daha \u00e7ok elektrikli e\u015fya kullanan, belki elektrikli arac\u0131 olan kesimler bunlar da elektrik fiyat\u0131n\u0131 daha maliyetine uygun \u015fekilde \u00f6deyecek. D\u00fczenleme bunu i\u00e7eriyor&#8221; dedi. \u00a0 \u200bYeni y\u0131ldan sonra yap\u0131lacak olan d\u00fczenlemeyle &hellip;","og_url":"https:\/\/denizcankizil.tr\/ru\/haberler\/gundem\/antalyalilar-dikkat-yeni-yilda-elektrik-faturalari-ikiye-katlanacak\/","og_site_name":"Av. Deniz Can K\u0131z\u0131l","article_published_time":"2024-12-27T18:41:27+00:00","twitter_card":"summary_large_image","twitter_misc":{"\u041f\u0440\u0438\u043c\u0435\u0440\u043d\u043e\u0435 \u0432\u0440\u0435\u043c\u044f \u0434\u043b\u044f \u0447\u0442\u0435\u043d\u0438\u044f":"2 \u043c\u0438\u043d\u0443\u0442\u044b"},"schema":{"@context":"https:\/\/schema.org","@graph":[{"@type":"Article","@id":"https:\/\/denizcankizil.tr\/ru\/haberler\/gundem\/antalyalilar-dikkat-yeni-yilda-elektrik-faturalari-ikiye-katlanacak\/#article","isPartOf":{"@id":"https:\/\/denizcankizil.tr\/ru\/haberler\/gundem\/antalyalilar-dikkat-yeni-yilda-elektrik-faturalari-ikiye-katlanacak\/"},"author":{"name":"","@id":""},"headline":"Antalyal\u0131lar dikkat! Yeni y\u0131lda elektrik faturalar\u0131 ikiye katlanacak","datePublished":"2024-12-27T18:41:27+00:00","mainEntityOfPage":{"@id":"https:\/\/denizcankizil.tr\/ru\/haberler\/gundem\/antalyalilar-dikkat-yeni-yilda-elektrik-faturalari-ikiye-katlanacak\/"},"wordCount":316,"commentCount":0,"publisher":{"@id":"https:\/\/denizcankizil.tr\/#organization"},"articleSection":["G\u00fcndem","Uncategorized"],"inLanguage":"ru-RU","potentialAction":[{"@type":"CommentAction","name":"Comment","target":["https:\/\/denizcankizil.tr\/ru\/haberler\/gundem\/antalyalilar-dikkat-yeni-yilda-elektrik-faturalari-ikiye-katlanacak\/#respond"]}]},{"@type":"WebPage","@id":"https:\/\/denizcankizil.tr\/ru\/haberler\/gundem\/antalyalilar-dikkat-yeni-yilda-elektrik-faturalari-ikiye-katlanacak\/","url":"https:\/\/denizcankizil.tr\/ru\/haberler\/gundem\/antalyalilar-dikkat-yeni-yilda-elektrik-faturalari-ikiye-katlanacak\/","name":"Antalyal\u0131lar dikkat! Yeni y\u0131lda elektrik faturalar\u0131 ikiye katlanacak - Av. Deniz Can K\u0131z\u0131l","isPartOf":{"@id":"https:\/\/denizcankizil.tr\/#website"},"datePublished":"2024-12-27T18:41:27+00:00","breadcrumb":{"@id":"https:\/\/denizcankizil.tr\/ru\/haberler\/gundem\/antalyalilar-dikkat-yeni-yilda-elektrik-faturalari-ikiye-katlanacak\/#breadcrumb"},"inLanguage":"ru-RU","potentialAction":[{"@type":"ReadAction","target":["https:\/\/denizcankizil.tr\/ru\/haberler\/gundem\/antalyalilar-dikkat-yeni-yilda-elektrik-faturalari-ikiye-katlanacak\/"]}]},{"@type":"BreadcrumbList","@id":"https:\/\/denizcankizil.tr\/ru\/haberler\/gundem\/antalyalilar-dikkat-yeni-yilda-elektrik-faturalari-ikiye-katlanacak\/#breadcrumb","itemListElement":[{"@type":"ListItem","position":1,"name":"Home","item":"https:\/\/denizcankizil.tr\/de\/"},{"@type":"ListItem","position":2,"name":"Antalyal\u0131lar dikkat! Yeni y\u0131lda elektrik faturalar\u0131 ikiye katlanacak"}]},{"@type":"WebSite","@id":"https:\/\/denizcankizil.tr\/#website","url":"https:\/\/denizcankizil.tr\/","name":"Av. Deniz Can K\u0131z\u0131l","description":"Avukat Deniz Can K\u0131z\u0131l Antalya Barosu","publisher":{"@id":"https:\/\/denizcankizil.tr\/#organization"},"potentialAction":[{"@type":"SearchAction","target":{"@type":"EntryPoint","urlTemplate":"https:\/\/denizcankizil.tr\/?s={search_term_string}"},"query-input":{"@type":"PropertyValueSpecification","valueRequired":true,"valueName":"search_term_string"}}],"inLanguage":"ru-RU"},{"@type":"Organization","@id":"https:\/\/denizcankizil.tr\/#organization","name":"Av. Deniz Can K\u0131z\u0131l","url":"https:\/\/denizcankizil.tr\/","logo":{"@type":"ImageObject","inLanguage":"ru-RU","@id":"https:\/\/denizcankizil.tr\/#\/schema\/logo\/image\/","url":"https:\/\/denizcankizil.tr\/wp-content\/uploads\/2024\/10\/siyah-logo-svg.svg","contentUrl":"https:\/\/denizcankizil.tr\/wp-content\/uploads\/2024\/10\/siyah-logo-svg.svg","width":1080,"height":1080,"caption":"Av. Deniz Can K\u0131z\u0131l"},"image":{"@id":"https:\/\/denizcankizil.tr\/#\/schema\/logo\/image\/"}}]}},"_links":{"self":[{"href":"https:\/\/denizcankizil.tr\/ru\/wp-json\/wp\/v2\/posts\/22593","targetHints":{"allow":["GET"]}}],"collection":[{"href":"https:\/\/denizcankizil.tr\/ru\/wp-json\/wp\/v2\/posts"}],"about":[{"href":"https:\/\/denizcankizil.tr\/ru\/wp-json\/wp\/v2\/types\/post"}],"replies":[{"embeddable":true,"href":"https:\/\/denizcankizil.tr\/ru\/wp-json\/wp\/v2\/comments?post=22593"}],"version-history":[{"count":0,"href":"https:\/\/denizcankizil.tr\/ru\/wp-json\/wp\/v2\/posts\/22593\/revisions"}],"wp:attachment":[{"href":"https:\/\/denizcankizil.tr\/ru\/wp-json\/wp\/v2\/media?parent=22593"}],"wp:term":[{"taxonomy":"category","embeddable":true,"href":"https:\/\/denizcankizil.tr\/ru\/wp-json\/wp\/v2\/categories?post=22593"},{"taxonomy":"post_tag","embeddable":true,"href":"https:\/\/denizcankizil.tr\/ru\/wp-json\/wp\/v2\/tags?post=22593"}],"curies":[{"name":"wp","href":"https:\/\/api.w.org\/{rel}","templated":true}]}}