{"id":22553,"date":"2024-12-27T16:41:46","date_gmt":"2024-12-27T13:41:46","guid":{"rendered":"https:\/\/denizcankizil.tr\/uncategorized-tr\/belediye-ekipleri-kar-yagisi-sonrasi-kapanan-yollari-aciyor\/"},"modified":"2024-12-27T16:41:46","modified_gmt":"2024-12-27T13:41:46","slug":"belediye-ekipleri-kar-yagisi-sonrasi-kapanan-yollari-aciyor","status":"publish","type":"post","link":"https:\/\/denizcankizil.tr\/ru\/haberler\/gundem\/belediye-ekipleri-kar-yagisi-sonrasi-kapanan-yollari-aciyor\/","title":{"rendered":"Belediye ekipleri kar ya\u011f\u0131\u015f\u0131 sonras\u0131 kapanan yollar\u0131 a\u00e7\u0131yor"},"content":{"rendered":"<p>Kemer Belediyesi, Fen \u0130\u015fleri M\u00fcd\u00fcrl\u00fc\u011f\u00fc ekipleri, Kemer\u2019in y\u00fcksek kesimlerine ya\u011fan kar nedeniyle kapanan baz\u0131 yayla yollar\u0131n\u0131 trafi\u011fe a\u00e7\u0131yor.<\/p>\n<p>\u200bKemer Belediyesi, Fen \u0130\u015fleri M\u00fcd\u00fcrl\u00fc\u011f\u00fc ekipleri, Kemer\u2019in y\u00fcksek kesimlerine ya\u011fan kar nedeniyle kapanan baz\u0131 yayla yollar\u0131n\u0131 trafi\u011fe a\u00e7\u0131yor.\u00a0<\/p>\n<p>\u200bHaberin Al\u0131nt\u0131land\u0131\u011f\u0131 Kaynak: www.iskenderun.org<\/p>","protected":false},"excerpt":{"rendered":"<p>Kemer Belediyesi, Fen \u0130\u015fleri M\u00fcd\u00fcrl\u00fc\u011f\u00fc ekipleri, Kemer\u2019in y\u00fcksek kesimlerine ya\u011fan kar nedeniyle kapanan baz\u0131 yayla yollar\u0131n\u0131 trafi\u011fe a\u00e7\u0131yor. \u200bKemer Belediyesi, Fen \u0130\u015fleri M\u00fcd\u00fcrl\u00fc\u011f\u00fc ekipleri, Kemer\u2019in y\u00fcksek kesimlerine ya\u011fan kar nedeniyle kapanan baz\u0131 yayla yollar\u0131n\u0131 trafi\u011fe a\u00e7\u0131yor.\u00a0 \u200bHaberin Al\u0131nt\u0131land\u0131\u011f\u0131 Kaynak: www.iskenderun.org<\/p>","protected":false},"author":0,"featured_media":0,"comment_status":"open","ping_status":"open","sticky":false,"template":"","format":"standard","meta":{"_acf_changed":false,"footnotes":""},"categories":[24,535],"tags":[],"class_list":["post-22553","post","type-post","status-publish","format-standard","has-post-thumbnail","hentry","category-gundem","category-uncategorized-tr"],"acf":[],"yoast_head":"<!-- This site is optimized with the Yoast SEO Premium plugin v26.6 (Yoast SEO v27.1.1) - https:\/\/yoast.com\/product\/yoast-seo-premium-wordpress\/ -->\n<title>Belediye ekipleri kar ya\u011f\u0131\u015f\u0131 sonras\u0131 kapanan yollar\u0131 a\u00e7\u0131yor - Av. Deniz Can K\u0131z\u0131l<\/title>\n<meta name=\"robots\" content=\"index, follow, max-snippet:-1, max-image-preview:large, max-video-preview:-1\" \/>\n<link rel=\"canonical\" href=\"https:\/\/denizcankizil.tr\/ru\/haberler\/gundem\/belediye-ekipleri-kar-yagisi-sonrasi-kapanan-yollari-aciyor\/\" \/>\n<meta property=\"og:locale\" content=\"ru_RU\" \/>\n<meta property=\"og:type\" content=\"article\" \/>\n<meta property=\"og:title\" content=\"Belediye ekipleri kar ya\u011f\u0131\u015f\u0131 sonras\u0131 kapanan yollar\u0131 a\u00e7\u0131yor\" \/>\n<meta property=\"og:description\" content=\"Kemer Belediyesi, Fen \u0130\u015fleri M\u00fcd\u00fcrl\u00fc\u011f\u00fc ekipleri, Kemer\u2019in y\u00fcksek kesimlerine ya\u011fan kar nedeniyle kapanan baz\u0131 yayla yollar\u0131n\u0131 trafi\u011fe a\u00e7\u0131yor. \u200bKemer Belediyesi, Fen \u0130\u015fleri M\u00fcd\u00fcrl\u00fc\u011f\u00fc ekipleri, Kemer\u2019in y\u00fcksek kesimlerine ya\u011fan kar nedeniyle kapanan baz\u0131 yayla yollar\u0131n\u0131 trafi\u011fe a\u00e7\u0131yor.\u00a0 \u200bHaberin Al\u0131nt\u0131land\u0131\u011f\u0131 Kaynak: www.iskenderun.org\" \/>\n<meta property=\"og:url\" content=\"https:\/\/denizcankizil.tr\/ru\/haberler\/gundem\/belediye-ekipleri-kar-yagisi-sonrasi-kapanan-yollari-aciyor\/\" \/>\n<meta property=\"og:site_name\" content=\"Av. Deniz Can K\u0131z\u0131l\" \/>\n<meta property=\"article:published_time\" content=\"2024-12-27T13:41:46+00:00\" \/>\n<meta name=\"twitter:card\" content=\"summary_large_image\" \/>\n<script type=\"application\/ld+json\" class=\"yoast-schema-graph\">{\"@context\":\"https:\/\/schema.org\",\"@graph\":[{\"@type\":\"Article\",\"@id\":\"https:\/\/denizcankizil.tr\/ru\/haberler\/gundem\/belediye-ekipleri-kar-yagisi-sonrasi-kapanan-yollari-aciyor\/#article\",\"isPartOf\":{\"@id\":\"https:\/\/denizcankizil.tr\/ru\/haberler\/gundem\/belediye-ekipleri-kar-yagisi-sonrasi-kapanan-yollari-aciyor\/\"},\"author\":{\"name\":\"\",\"@id\":\"\"},\"headline\":\"Belediye ekipleri kar ya\u011f\u0131\u015f\u0131 sonras\u0131 kapanan yollar\u0131 a\u00e7\u0131yor\",\"datePublished\":\"2024-12-27T13:41:46+00:00\",\"mainEntityOfPage\":{\"@id\":\"https:\/\/denizcankizil.tr\/ru\/haberler\/gundem\/belediye-ekipleri-kar-yagisi-sonrasi-kapanan-yollari-aciyor\/\"},\"wordCount\":69,\"commentCount\":0,\"publisher\":{\"@id\":\"https:\/\/denizcankizil.tr\/de\/#organization\"},\"articleSection\":[\"G\u00fcndem\",\"Uncategorized\"],\"inLanguage\":\"ru-RU\",\"potentialAction\":[{\"@type\":\"CommentAction\",\"name\":\"Comment\",\"target\":[\"https:\/\/denizcankizil.tr\/ru\/haberler\/gundem\/belediye-ekipleri-kar-yagisi-sonrasi-kapanan-yollari-aciyor\/#respond\"]}]},{\"@type\":\"WebPage\",\"@id\":\"https:\/\/denizcankizil.tr\/ru\/haberler\/gundem\/belediye-ekipleri-kar-yagisi-sonrasi-kapanan-yollari-aciyor\/\",\"url\":\"https:\/\/denizcankizil.tr\/ru\/haberler\/gundem\/belediye-ekipleri-kar-yagisi-sonrasi-kapanan-yollari-aciyor\/\",\"name\":\"Belediye ekipleri kar ya\u011f\u0131\u015f\u0131 sonras\u0131 kapanan yollar\u0131 a\u00e7\u0131yor - Av. Deniz Can K\u0131z\u0131l\",\"isPartOf\":{\"@id\":\"https:\/\/denizcankizil.tr\/de\/#website\"},\"datePublished\":\"2024-12-27T13:41:46+00:00\",\"breadcrumb\":{\"@id\":\"https:\/\/denizcankizil.tr\/ru\/haberler\/gundem\/belediye-ekipleri-kar-yagisi-sonrasi-kapanan-yollari-aciyor\/#breadcrumb\"},\"inLanguage\":\"ru-RU\",\"potentialAction\":[{\"@type\":\"ReadAction\",\"target\":[\"https:\/\/denizcankizil.tr\/ru\/haberler\/gundem\/belediye-ekipleri-kar-yagisi-sonrasi-kapanan-yollari-aciyor\/\"]}]},{\"@type\":\"BreadcrumbList\",\"@id\":\"https:\/\/denizcankizil.tr\/ru\/haberler\/gundem\/belediye-ekipleri-kar-yagisi-sonrasi-kapanan-yollari-aciyor\/#breadcrumb\",\"itemListElement\":[{\"@type\":\"ListItem\",\"position\":1,\"name\":\"Home\",\"item\":\"https:\/\/denizcankizil.tr\/de\/\"},{\"@type\":\"ListItem\",\"position\":2,\"name\":\"Belediye ekipleri kar ya\u011f\u0131\u015f\u0131 sonras\u0131 kapanan yollar\u0131 a\u00e7\u0131yor\"}]},{\"@type\":\"WebSite\",\"@id\":\"https:\/\/denizcankizil.tr\/de\/#website\",\"url\":\"https:\/\/denizcankizil.tr\/de\/\",\"name\":\"Av. Deniz Can K\u0131z\u0131l\",\"description\":\"Avukat Deniz Can K\u0131z\u0131l Antalya Barosu\",\"publisher\":{\"@id\":\"https:\/\/denizcankizil.tr\/de\/#organization\"},\"potentialAction\":[{\"@type\":\"SearchAction\",\"target\":{\"@type\":\"EntryPoint\",\"urlTemplate\":\"https:\/\/denizcankizil.tr\/de\/?s={search_term_string}\"},\"query-input\":{\"@type\":\"PropertyValueSpecification\",\"valueRequired\":true,\"valueName\":\"search_term_string\"}}],\"inLanguage\":\"ru-RU\"},{\"@type\":\"Organization\",\"@id\":\"https:\/\/denizcankizil.tr\/de\/#organization\",\"name\":\"Av. Deniz Can K\u0131z\u0131l\",\"url\":\"https:\/\/denizcankizil.tr\/de\/\",\"logo\":{\"@type\":\"ImageObject\",\"inLanguage\":\"ru-RU\",\"@id\":\"https:\/\/denizcankizil.tr\/de\/#\/schema\/logo\/image\/\",\"url\":\"https:\/\/denizcankizil.tr\/wp-content\/uploads\/2024\/10\/siyah-logo-svg.svg\",\"contentUrl\":\"https:\/\/denizcankizil.tr\/wp-content\/uploads\/2024\/10\/siyah-logo-svg.svg\",\"width\":1080,\"height\":1080,\"caption\":\"Av. Deniz Can K\u0131z\u0131l\"},\"image\":{\"@id\":\"https:\/\/denizcankizil.tr\/de\/#\/schema\/logo\/image\/\"}}]}<\/script>\n<!-- \/ Yoast SEO Premium plugin. -->","yoast_head_json":{"title":"Belediye ekipleri kar ya\u011f\u0131\u015f\u0131 sonras\u0131 kapanan yollar\u0131 a\u00e7\u0131yor - Av. Deniz Can K\u0131z\u0131l","robots":{"index":"index","follow":"follow","max-snippet":"max-snippet:-1","max-image-preview":"max-image-preview:large","max-video-preview":"max-video-preview:-1"},"canonical":"https:\/\/denizcankizil.tr\/ru\/haberler\/gundem\/belediye-ekipleri-kar-yagisi-sonrasi-kapanan-yollari-aciyor\/","og_locale":"ru_RU","og_type":"article","og_title":"Belediye ekipleri kar ya\u011f\u0131\u015f\u0131 sonras\u0131 kapanan yollar\u0131 a\u00e7\u0131yor","og_description":"Kemer Belediyesi, Fen \u0130\u015fleri M\u00fcd\u00fcrl\u00fc\u011f\u00fc ekipleri, Kemer\u2019in y\u00fcksek kesimlerine ya\u011fan kar nedeniyle kapanan baz\u0131 yayla yollar\u0131n\u0131 trafi\u011fe a\u00e7\u0131yor. \u200bKemer Belediyesi, Fen \u0130\u015fleri M\u00fcd\u00fcrl\u00fc\u011f\u00fc ekipleri, Kemer\u2019in y\u00fcksek kesimlerine ya\u011fan kar nedeniyle kapanan baz\u0131 yayla yollar\u0131n\u0131 trafi\u011fe a\u00e7\u0131yor.\u00a0 \u200bHaberin Al\u0131nt\u0131land\u0131\u011f\u0131 Kaynak: www.iskenderun.org","og_url":"https:\/\/denizcankizil.tr\/ru\/haberler\/gundem\/belediye-ekipleri-kar-yagisi-sonrasi-kapanan-yollari-aciyor\/","og_site_name":"Av. Deniz Can K\u0131z\u0131l","article_published_time":"2024-12-27T13:41:46+00:00","twitter_card":"summary_large_image","schema":{"@context":"https:\/\/schema.org","@graph":[{"@type":"Article","@id":"https:\/\/denizcankizil.tr\/ru\/haberler\/gundem\/belediye-ekipleri-kar-yagisi-sonrasi-kapanan-yollari-aciyor\/#article","isPartOf":{"@id":"https:\/\/denizcankizil.tr\/ru\/haberler\/gundem\/belediye-ekipleri-kar-yagisi-sonrasi-kapanan-yollari-aciyor\/"},"author":{"name":"","@id":""},"headline":"Belediye ekipleri kar ya\u011f\u0131\u015f\u0131 sonras\u0131 kapanan yollar\u0131 a\u00e7\u0131yor","datePublished":"2024-12-27T13:41:46+00:00","mainEntityOfPage":{"@id":"https:\/\/denizcankizil.tr\/ru\/haberler\/gundem\/belediye-ekipleri-kar-yagisi-sonrasi-kapanan-yollari-aciyor\/"},"wordCount":69,"commentCount":0,"publisher":{"@id":"https:\/\/denizcankizil.tr\/de\/#organization"},"articleSection":["G\u00fcndem","Uncategorized"],"inLanguage":"ru-RU","potentialAction":[{"@type":"CommentAction","name":"Comment","target":["https:\/\/denizcankizil.tr\/ru\/haberler\/gundem\/belediye-ekipleri-kar-yagisi-sonrasi-kapanan-yollari-aciyor\/#respond"]}]},{"@type":"WebPage","@id":"https:\/\/denizcankizil.tr\/ru\/haberler\/gundem\/belediye-ekipleri-kar-yagisi-sonrasi-kapanan-yollari-aciyor\/","url":"https:\/\/denizcankizil.tr\/ru\/haberler\/gundem\/belediye-ekipleri-kar-yagisi-sonrasi-kapanan-yollari-aciyor\/","name":"Belediye ekipleri kar ya\u011f\u0131\u015f\u0131 sonras\u0131 kapanan yollar\u0131 a\u00e7\u0131yor - Av. Deniz Can K\u0131z\u0131l","isPartOf":{"@id":"https:\/\/denizcankizil.tr\/de\/#website"},"datePublished":"2024-12-27T13:41:46+00:00","breadcrumb":{"@id":"https:\/\/denizcankizil.tr\/ru\/haberler\/gundem\/belediye-ekipleri-kar-yagisi-sonrasi-kapanan-yollari-aciyor\/#breadcrumb"},"inLanguage":"ru-RU","potentialAction":[{"@type":"ReadAction","target":["https:\/\/denizcankizil.tr\/ru\/haberler\/gundem\/belediye-ekipleri-kar-yagisi-sonrasi-kapanan-yollari-aciyor\/"]}]},{"@type":"BreadcrumbList","@id":"https:\/\/denizcankizil.tr\/ru\/haberler\/gundem\/belediye-ekipleri-kar-yagisi-sonrasi-kapanan-yollari-aciyor\/#breadcrumb","itemListElement":[{"@type":"ListItem","position":1,"name":"Home","item":"https:\/\/denizcankizil.tr\/de\/"},{"@type":"ListItem","position":2,"name":"Belediye ekipleri kar ya\u011f\u0131\u015f\u0131 sonras\u0131 kapanan yollar\u0131 a\u00e7\u0131yor"}]},{"@type":"WebSite","@id":"https:\/\/denizcankizil.tr\/de\/#website","url":"https:\/\/denizcankizil.tr\/de\/","name":"Av. Deniz Can K\u0131z\u0131l","description":"Avukat Deniz Can K\u0131z\u0131l Antalya Barosu","publisher":{"@id":"https:\/\/denizcankizil.tr\/de\/#organization"},"potentialAction":[{"@type":"SearchAction","target":{"@type":"EntryPoint","urlTemplate":"https:\/\/denizcankizil.tr\/de\/?s={search_term_string}"},"query-input":{"@type":"PropertyValueSpecification","valueRequired":true,"valueName":"search_term_string"}}],"inLanguage":"ru-RU"},{"@type":"Organization","@id":"https:\/\/denizcankizil.tr\/de\/#organization","name":"Av. Deniz Can K\u0131z\u0131l","url":"https:\/\/denizcankizil.tr\/de\/","logo":{"@type":"ImageObject","inLanguage":"ru-RU","@id":"https:\/\/denizcankizil.tr\/de\/#\/schema\/logo\/image\/","url":"https:\/\/denizcankizil.tr\/wp-content\/uploads\/2024\/10\/siyah-logo-svg.svg","contentUrl":"https:\/\/denizcankizil.tr\/wp-content\/uploads\/2024\/10\/siyah-logo-svg.svg","width":1080,"height":1080,"caption":"Av. Deniz Can K\u0131z\u0131l"},"image":{"@id":"https:\/\/denizcankizil.tr\/de\/#\/schema\/logo\/image\/"}}]}},"_links":{"self":[{"href":"https:\/\/denizcankizil.tr\/ru\/wp-json\/wp\/v2\/posts\/22553","targetHints":{"allow":["GET"]}}],"collection":[{"href":"https:\/\/denizcankizil.tr\/ru\/wp-json\/wp\/v2\/posts"}],"about":[{"href":"https:\/\/denizcankizil.tr\/ru\/wp-json\/wp\/v2\/types\/post"}],"replies":[{"embeddable":true,"href":"https:\/\/denizcankizil.tr\/ru\/wp-json\/wp\/v2\/comments?post=22553"}],"version-history":[{"count":0,"href":"https:\/\/denizcankizil.tr\/ru\/wp-json\/wp\/v2\/posts\/22553\/revisions"}],"wp:attachment":[{"href":"https:\/\/denizcankizil.tr\/ru\/wp-json\/wp\/v2\/media?parent=22553"}],"wp:term":[{"taxonomy":"category","embeddable":true,"href":"https:\/\/denizcankizil.tr\/ru\/wp-json\/wp\/v2\/categories?post=22553"},{"taxonomy":"post_tag","embeddable":true,"href":"https:\/\/denizcankizil.tr\/ru\/wp-json\/wp\/v2\/tags?post=22553"}],"curies":[{"name":"wp","href":"https:\/\/api.w.org\/{rel}","templated":true}]}}