{"id":22192,"date":"2024-12-25T13:41:46","date_gmt":"2024-12-25T10:41:46","guid":{"rendered":"https:\/\/denizcankizil.tr\/uncategorized-tr\/sgmde-vatan-sairi-mehmet-akif-ersoy-konusulacak\/"},"modified":"2024-12-25T13:41:46","modified_gmt":"2024-12-25T10:41:46","slug":"sgmde-vatan-sairi-mehmet-akif-ersoy-konusulacak","status":"publish","type":"post","link":"https:\/\/denizcankizil.tr\/ru\/haberler\/gundem\/sgmde-vatan-sairi-mehmet-akif-ersoy-konusulacak\/","title":{"rendered":"SGM\u2019de vatan \u015fairi Mehmet Akif Ersoy konu\u015fulacak"},"content":{"rendered":"<p>Sakarya B\u00fcy\u00fck\u015fehir Belediyesi Aral\u0131k K\u00fclt\u00fcr Takvimi kapsam\u0131nda 26 Aral\u0131k\u2019ta vatan \u015fairi Mehmet Akif Ersoy\u2019un an\u0131laca\u011f\u0131 \u2018Sessiz Ya\u015fad\u0131m\u2019isimli panel SGM\u2019de ger\u00e7ekle\u015ftirilecek.SAKARYA (\u0130GFA) &#8211;\u00a0Sakarya B\u00fcy\u00fck\u015fehir Belediyesi, k\u00fclt\u00fcr takvimi kapsam\u0131nda \u00f6nemli isimleri a\u011f\u0131rl\u0131yor ve T\u00fcrkiye\u2019nin de\u011ferlerini vefa programlar\u0131yla an\u0131yor.<br \/>\nAkif\u2019i anacaklar<br \/>\nAral\u0131k K\u00fclt\u00fcr Takvimi kapsam\u0131nda ger\u00e7ekle\u015ftirilecek son programda ise vatan \u015fairi, \u0130stiklal Mar\u015f\u0131\u2019m\u0131z\u0131n yazar\u0131 Mehmet Akif Ersoy an\u0131lacak.<br \/>\n\u0130stiklal \u015fairi Mehmet Akif Ersoy\u2019un konu\u015fulaca\u011f\u0131 panele Prof. Dr. M. Fatih And\u0131, Prof. Dr. Y\u0131lmaz Da\u015f\u00e7\u0131o\u011flu, Dr. \u00d6\u011fretim \u00dcyesi \u0130brahim \u00d6zt\u00fcrk\u00e7\u00fc ve Dr. H\u00fcseyin Yorulmaz konu\u015fmac\u0131 olarak kat\u0131lacak.<br \/>\n26 Aral\u0131k\u2019ta<br \/>\n26 Aral\u0131k Per\u015fembe g\u00fcn\u00fc Sosyal Geli\u015fim Merkezi\u2019nde ger\u00e7ekle\u015ftirilecek \u2018Sessiz Ya\u015fad\u0131m\u2019 isimli panel, saat 19.00\u2019da ba\u015flayacak.\u00a0B\u00fcy\u00fck\u015fehir\u2019den yap\u0131lan a\u00e7\u0131klamada t\u00fcm edebiyat sanat dostlar\u0131 programa davet edildi.<\/p>\n<p>\u200bSakarya B\u00fcy\u00fck\u015fehir Belediyesi Aral\u0131k K\u00fclt\u00fcr Takvimi kapsam\u0131nda 26 Aral\u0131k\u2019ta vatan \u015fairi Mehmet Akif Ersoy\u2019un an\u0131laca\u011f\u0131 \u2018Sessiz Ya\u015fad\u0131m\u2019isimli panel SGM\u2019de ger\u00e7ekle\u015ftirilecek.SAKARYA (\u0130GFA) &#8211;\u00a0Sakarya B\u00fcy\u00fck\u015fehir Belediyesi, k\u00fclt\u00fcr takvimi kapsam\u0131nda \u00f6nemli isimleri a\u011f\u0131rl\u0131yor ve T\u00fcrkiye\u2019nin de\u011ferlerini vefa programlar\u0131yla an\u0131yor.<br \/>\nAkif\u2019i anacaklar<br \/>\nAral\u0131k K\u00fclt\u00fcr Takvimi kapsam\u0131nda ger\u00e7ekle\u015ftirilecek son programda ise vatan \u015fairi, \u0130stiklal Mar\u015f\u0131\u2019m\u0131z\u0131n yazar\u0131 Mehmet Akif Ersoy an\u0131lacak.<br \/>\n\u0130stiklal \u015fairi Mehmet Akif Ersoy\u2019un konu\u015fulaca\u011f\u0131 panele Prof. Dr. M. Fatih And\u0131, Prof. Dr. Y\u0131lmaz Da\u015f\u00e7\u0131o\u011flu, Dr. \u00d6\u011fretim \u00dcyesi \u0130brahim \u00d6zt\u00fcrk\u00e7\u00fc ve Dr. H\u00fcseyin Yorulmaz konu\u015fmac\u0131 olarak kat\u0131lacak.<br \/>\n26 Aral\u0131k\u2019ta<br \/>\n26 Aral\u0131k Per\u015fembe g\u00fcn\u00fc Sosyal Geli\u015fim Merkezi\u2019nde ger\u00e7ekle\u015ftirilecek \u2018Sessiz Ya\u015fad\u0131m\u2019 isimli panel, saat 19.00\u2019da ba\u015flayacak.\u00a0B\u00fcy\u00fck\u015fehir\u2019den yap\u0131lan a\u00e7\u0131klamada t\u00fcm edebiyat sanat dostlar\u0131 programa davet edildi.\u00a0<\/p>\n<p>\u200bHaberin Al\u0131nt\u0131land\u0131\u011f\u0131 Kaynak: www.iskenderun.org<\/p>","protected":false},"excerpt":{"rendered":"<p>Sakarya B\u00fcy\u00fck\u015fehir Belediyesi Aral\u0131k K\u00fclt\u00fcr Takvimi kapsam\u0131nda 26 Aral\u0131k\u2019ta vatan \u015fairi Mehmet Akif Ersoy\u2019un an\u0131laca\u011f\u0131 \u2018Sessiz Ya\u015fad\u0131m\u2019isimli panel SGM\u2019de ger\u00e7ekle\u015ftirilecek.SAKARYA (\u0130GFA) &#8211;\u00a0Sakarya B\u00fcy\u00fck\u015fehir Belediyesi, k\u00fclt\u00fcr takvimi kapsam\u0131nda \u00f6nemli isimleri a\u011f\u0131rl\u0131yor ve T\u00fcrkiye\u2019nin de\u011ferlerini vefa programlar\u0131yla an\u0131yor. Akif\u2019i anacaklar Aral\u0131k K\u00fclt\u00fcr Takvimi kapsam\u0131nda ger\u00e7ekle\u015ftirilecek son programda ise vatan \u015fairi, \u0130stiklal Mar\u015f\u0131\u2019m\u0131z\u0131n yazar\u0131 Mehmet Akif Ersoy an\u0131lacak. \u0130stiklal \u015fairi Mehmet Akif Ersoy\u2019un konu\u015fulaca\u011f\u0131 panele Prof. Dr. M. Fatih And\u0131, Prof. Dr. Y\u0131lmaz Da\u015f\u00e7\u0131o\u011flu, Dr. \u00d6\u011fretim \u00dcyesi \u0130brahim \u00d6zt\u00fcrk\u00e7\u00fc ve Dr. H\u00fcseyin Yorulmaz konu\u015fmac\u0131 olarak kat\u0131lacak. 26 Aral\u0131k\u2019ta 26 Aral\u0131k Per\u015fembe g\u00fcn\u00fc Sosyal Geli\u015fim Merkezi\u2019nde ger\u00e7ekle\u015ftirilecek \u2018Sessiz Ya\u015fad\u0131m\u2019 isimli panel, saat 19.00\u2019da ba\u015flayacak.\u00a0B\u00fcy\u00fck\u015fehir\u2019den yap\u0131lan a\u00e7\u0131klamada t\u00fcm edebiyat sanat dostlar\u0131 programa davet edildi. \u200bSakarya B\u00fcy\u00fck\u015fehir Belediyesi Aral\u0131k K\u00fclt\u00fcr Takvimi kapsam\u0131nda 26 Aral\u0131k\u2019ta vatan \u015fairi Mehmet Akif Ersoy\u2019un an\u0131laca\u011f\u0131 \u2018Sessiz Ya\u015fad\u0131m\u2019isimli panel SGM\u2019de ger\u00e7ekle\u015ftirilecek.SAKARYA (\u0130GFA) &#8211;\u00a0Sakarya B\u00fcy\u00fck\u015fehir Belediyesi, k\u00fclt\u00fcr takvimi kapsam\u0131nda \u00f6nemli isimleri a\u011f\u0131rl\u0131yor ve T\u00fcrkiye\u2019nin de\u011ferlerini vefa programlar\u0131yla an\u0131yor. Akif\u2019i anacaklar Aral\u0131k K\u00fclt\u00fcr Takvimi kapsam\u0131nda ger\u00e7ekle\u015ftirilecek son programda ise vatan \u015fairi, \u0130stiklal Mar\u015f\u0131\u2019m\u0131z\u0131n yazar\u0131 Mehmet Akif Ersoy an\u0131lacak. \u0130stiklal \u015fairi Mehmet Akif Ersoy\u2019un konu\u015fulaca\u011f\u0131 panele Prof. Dr. M. Fatih And\u0131, Prof. Dr. Y\u0131lmaz Da\u015f\u00e7\u0131o\u011flu, Dr. \u00d6\u011fretim \u00dcyesi \u0130brahim \u00d6zt\u00fcrk\u00e7\u00fc ve Dr. H\u00fcseyin Yorulmaz konu\u015fmac\u0131 olarak kat\u0131lacak. 26 Aral\u0131k\u2019ta 26 Aral\u0131k Per\u015fembe g\u00fcn\u00fc Sosyal Geli\u015fim &hellip;<\/p>","protected":false},"author":0,"featured_media":0,"comment_status":"open","ping_status":"open","sticky":false,"template":"","format":"standard","meta":{"_acf_changed":false,"footnotes":""},"categories":[24,535],"tags":[],"class_list":["post-22192","post","type-post","status-publish","format-standard","has-post-thumbnail","hentry","category-gundem","category-uncategorized-tr"],"acf":[],"yoast_head":"<!-- This site is optimized with the Yoast SEO Premium plugin v26.6 (Yoast SEO v27.1.1) - https:\/\/yoast.com\/product\/yoast-seo-premium-wordpress\/ -->\n<title>SGM\u2019de vatan \u015fairi Mehmet Akif Ersoy konu\u015fulacak - Av. Deniz Can K\u0131z\u0131l<\/title>\n<meta name=\"robots\" content=\"index, follow, max-snippet:-1, max-image-preview:large, max-video-preview:-1\" \/>\n<link rel=\"canonical\" href=\"https:\/\/denizcankizil.tr\/ru\/haberler\/gundem\/sgmde-vatan-sairi-mehmet-akif-ersoy-konusulacak\/\" \/>\n<meta property=\"og:locale\" content=\"ru_RU\" \/>\n<meta property=\"og:type\" content=\"article\" \/>\n<meta property=\"og:title\" content=\"SGM\u2019de vatan \u015fairi Mehmet Akif Ersoy konu\u015fulacak\" \/>\n<meta property=\"og:description\" content=\"Sakarya B\u00fcy\u00fck\u015fehir Belediyesi Aral\u0131k K\u00fclt\u00fcr Takvimi kapsam\u0131nda 26 Aral\u0131k\u2019ta vatan \u015fairi Mehmet Akif Ersoy\u2019un an\u0131laca\u011f\u0131 \u2018Sessiz Ya\u015fad\u0131m\u2019isimli panel SGM\u2019de ger\u00e7ekle\u015ftirilecek.SAKARYA (\u0130GFA) &#8211;\u00a0Sakarya B\u00fcy\u00fck\u015fehir Belediyesi, k\u00fclt\u00fcr takvimi kapsam\u0131nda \u00f6nemli isimleri a\u011f\u0131rl\u0131yor ve T\u00fcrkiye\u2019nin de\u011ferlerini vefa programlar\u0131yla an\u0131yor. Akif\u2019i anacaklar Aral\u0131k K\u00fclt\u00fcr Takvimi kapsam\u0131nda ger\u00e7ekle\u015ftirilecek son programda ise vatan \u015fairi, \u0130stiklal Mar\u015f\u0131\u2019m\u0131z\u0131n yazar\u0131 Mehmet Akif Ersoy an\u0131lacak. \u0130stiklal \u015fairi Mehmet Akif Ersoy\u2019un konu\u015fulaca\u011f\u0131 panele Prof. Dr. M. Fatih And\u0131, Prof. Dr. Y\u0131lmaz Da\u015f\u00e7\u0131o\u011flu, Dr. \u00d6\u011fretim \u00dcyesi \u0130brahim \u00d6zt\u00fcrk\u00e7\u00fc ve Dr. H\u00fcseyin Yorulmaz konu\u015fmac\u0131 olarak kat\u0131lacak. 26 Aral\u0131k\u2019ta 26 Aral\u0131k Per\u015fembe g\u00fcn\u00fc Sosyal Geli\u015fim Merkezi\u2019nde ger\u00e7ekle\u015ftirilecek \u2018Sessiz Ya\u015fad\u0131m\u2019 isimli panel, saat 19.00\u2019da ba\u015flayacak.\u00a0B\u00fcy\u00fck\u015fehir\u2019den yap\u0131lan a\u00e7\u0131klamada t\u00fcm edebiyat sanat dostlar\u0131 programa davet edildi. \u200bSakarya B\u00fcy\u00fck\u015fehir Belediyesi Aral\u0131k K\u00fclt\u00fcr Takvimi kapsam\u0131nda 26 Aral\u0131k\u2019ta vatan \u015fairi Mehmet Akif Ersoy\u2019un an\u0131laca\u011f\u0131 \u2018Sessiz Ya\u015fad\u0131m\u2019isimli panel SGM\u2019de ger\u00e7ekle\u015ftirilecek.SAKARYA (\u0130GFA) &#8211;\u00a0Sakarya B\u00fcy\u00fck\u015fehir Belediyesi, k\u00fclt\u00fcr takvimi kapsam\u0131nda \u00f6nemli isimleri a\u011f\u0131rl\u0131yor ve T\u00fcrkiye\u2019nin de\u011ferlerini vefa programlar\u0131yla an\u0131yor. Akif\u2019i anacaklar Aral\u0131k K\u00fclt\u00fcr Takvimi kapsam\u0131nda ger\u00e7ekle\u015ftirilecek son programda ise vatan \u015fairi, \u0130stiklal Mar\u015f\u0131\u2019m\u0131z\u0131n yazar\u0131 Mehmet Akif Ersoy an\u0131lacak. \u0130stiklal \u015fairi Mehmet Akif Ersoy\u2019un konu\u015fulaca\u011f\u0131 panele Prof. Dr. M. Fatih And\u0131, Prof. Dr. Y\u0131lmaz Da\u015f\u00e7\u0131o\u011flu, Dr. \u00d6\u011fretim \u00dcyesi \u0130brahim \u00d6zt\u00fcrk\u00e7\u00fc ve Dr. H\u00fcseyin Yorulmaz konu\u015fmac\u0131 olarak kat\u0131lacak. 26 Aral\u0131k\u2019ta 26 Aral\u0131k Per\u015fembe g\u00fcn\u00fc Sosyal Geli\u015fim &hellip;\" \/>\n<meta property=\"og:url\" content=\"https:\/\/denizcankizil.tr\/ru\/haberler\/gundem\/sgmde-vatan-sairi-mehmet-akif-ersoy-konusulacak\/\" \/>\n<meta property=\"og:site_name\" content=\"Av. Deniz Can K\u0131z\u0131l\" \/>\n<meta property=\"article:published_time\" content=\"2024-12-25T10:41:46+00:00\" \/>\n<meta name=\"twitter:card\" content=\"summary_large_image\" \/>\n<meta name=\"twitter:label1\" content=\"\u041f\u0440\u0438\u043c\u0435\u0440\u043d\u043e\u0435 \u0432\u0440\u0435\u043c\u044f \u0434\u043b\u044f \u0447\u0442\u0435\u043d\u0438\u044f\" \/>\n\t<meta name=\"twitter:data1\" content=\"2 \u043c\u0438\u043d\u0443\u0442\u044b\" \/>\n<script type=\"application\/ld+json\" class=\"yoast-schema-graph\">{\"@context\":\"https:\/\/schema.org\",\"@graph\":[{\"@type\":\"Article\",\"@id\":\"https:\/\/denizcankizil.tr\/ru\/haberler\/gundem\/sgmde-vatan-sairi-mehmet-akif-ersoy-konusulacak\/#article\",\"isPartOf\":{\"@id\":\"https:\/\/denizcankizil.tr\/ru\/haberler\/gundem\/sgmde-vatan-sairi-mehmet-akif-ersoy-konusulacak\/\"},\"author\":{\"name\":\"\",\"@id\":\"\"},\"headline\":\"SGM\u2019de vatan \u015fairi Mehmet Akif Ersoy konu\u015fulacak\",\"datePublished\":\"2024-12-25T10:41:46+00:00\",\"mainEntityOfPage\":{\"@id\":\"https:\/\/denizcankizil.tr\/ru\/haberler\/gundem\/sgmde-vatan-sairi-mehmet-akif-ersoy-konusulacak\/\"},\"wordCount\":373,\"commentCount\":0,\"publisher\":{\"@id\":\"https:\/\/denizcankizil.tr\/de\/#organization\"},\"articleSection\":[\"G\u00fcndem\",\"Uncategorized\"],\"inLanguage\":\"ru-RU\",\"potentialAction\":[{\"@type\":\"CommentAction\",\"name\":\"Comment\",\"target\":[\"https:\/\/denizcankizil.tr\/ru\/haberler\/gundem\/sgmde-vatan-sairi-mehmet-akif-ersoy-konusulacak\/#respond\"]}]},{\"@type\":\"WebPage\",\"@id\":\"https:\/\/denizcankizil.tr\/ru\/haberler\/gundem\/sgmde-vatan-sairi-mehmet-akif-ersoy-konusulacak\/\",\"url\":\"https:\/\/denizcankizil.tr\/ru\/haberler\/gundem\/sgmde-vatan-sairi-mehmet-akif-ersoy-konusulacak\/\",\"name\":\"SGM\u2019de vatan \u015fairi Mehmet Akif Ersoy konu\u015fulacak - Av. Deniz Can K\u0131z\u0131l\",\"isPartOf\":{\"@id\":\"https:\/\/denizcankizil.tr\/de\/#website\"},\"datePublished\":\"2024-12-25T10:41:46+00:00\",\"breadcrumb\":{\"@id\":\"https:\/\/denizcankizil.tr\/ru\/haberler\/gundem\/sgmde-vatan-sairi-mehmet-akif-ersoy-konusulacak\/#breadcrumb\"},\"inLanguage\":\"ru-RU\",\"potentialAction\":[{\"@type\":\"ReadAction\",\"target\":[\"https:\/\/denizcankizil.tr\/ru\/haberler\/gundem\/sgmde-vatan-sairi-mehmet-akif-ersoy-konusulacak\/\"]}]},{\"@type\":\"BreadcrumbList\",\"@id\":\"https:\/\/denizcankizil.tr\/ru\/haberler\/gundem\/sgmde-vatan-sairi-mehmet-akif-ersoy-konusulacak\/#breadcrumb\",\"itemListElement\":[{\"@type\":\"ListItem\",\"position\":1,\"name\":\"Home\",\"item\":\"https:\/\/denizcankizil.tr\/de\/\"},{\"@type\":\"ListItem\",\"position\":2,\"name\":\"SGM\u2019de vatan \u015fairi Mehmet Akif Ersoy konu\u015fulacak\"}]},{\"@type\":\"WebSite\",\"@id\":\"https:\/\/denizcankizil.tr\/de\/#website\",\"url\":\"https:\/\/denizcankizil.tr\/de\/\",\"name\":\"Av. Deniz Can K\u0131z\u0131l\",\"description\":\"Avukat Deniz Can K\u0131z\u0131l Antalya Barosu\",\"publisher\":{\"@id\":\"https:\/\/denizcankizil.tr\/de\/#organization\"},\"potentialAction\":[{\"@type\":\"SearchAction\",\"target\":{\"@type\":\"EntryPoint\",\"urlTemplate\":\"https:\/\/denizcankizil.tr\/de\/?s={search_term_string}\"},\"query-input\":{\"@type\":\"PropertyValueSpecification\",\"valueRequired\":true,\"valueName\":\"search_term_string\"}}],\"inLanguage\":\"ru-RU\"},{\"@type\":\"Organization\",\"@id\":\"https:\/\/denizcankizil.tr\/de\/#organization\",\"name\":\"Av. Deniz Can K\u0131z\u0131l\",\"url\":\"https:\/\/denizcankizil.tr\/de\/\",\"logo\":{\"@type\":\"ImageObject\",\"inLanguage\":\"ru-RU\",\"@id\":\"https:\/\/denizcankizil.tr\/de\/#\/schema\/logo\/image\/\",\"url\":\"https:\/\/denizcankizil.tr\/wp-content\/uploads\/2024\/10\/siyah-logo-svg.svg\",\"contentUrl\":\"https:\/\/denizcankizil.tr\/wp-content\/uploads\/2024\/10\/siyah-logo-svg.svg\",\"width\":1080,\"height\":1080,\"caption\":\"Av. Deniz Can K\u0131z\u0131l\"},\"image\":{\"@id\":\"https:\/\/denizcankizil.tr\/de\/#\/schema\/logo\/image\/\"}}]}<\/script>\n<!-- \/ Yoast SEO Premium plugin. -->","yoast_head_json":{"title":"SGM\u2019de vatan \u015fairi Mehmet Akif Ersoy konu\u015fulacak - Av. Deniz Can K\u0131z\u0131l","robots":{"index":"index","follow":"follow","max-snippet":"max-snippet:-1","max-image-preview":"max-image-preview:large","max-video-preview":"max-video-preview:-1"},"canonical":"https:\/\/denizcankizil.tr\/ru\/haberler\/gundem\/sgmde-vatan-sairi-mehmet-akif-ersoy-konusulacak\/","og_locale":"ru_RU","og_type":"article","og_title":"SGM\u2019de vatan \u015fairi Mehmet Akif Ersoy konu\u015fulacak","og_description":"Sakarya B\u00fcy\u00fck\u015fehir Belediyesi Aral\u0131k K\u00fclt\u00fcr Takvimi kapsam\u0131nda 26 Aral\u0131k\u2019ta vatan \u015fairi Mehmet Akif Ersoy\u2019un an\u0131laca\u011f\u0131 \u2018Sessiz Ya\u015fad\u0131m\u2019isimli panel SGM\u2019de ger\u00e7ekle\u015ftirilecek.SAKARYA (\u0130GFA) &#8211;\u00a0Sakarya B\u00fcy\u00fck\u015fehir Belediyesi, k\u00fclt\u00fcr takvimi kapsam\u0131nda \u00f6nemli isimleri a\u011f\u0131rl\u0131yor ve T\u00fcrkiye\u2019nin de\u011ferlerini vefa programlar\u0131yla an\u0131yor. Akif\u2019i anacaklar Aral\u0131k K\u00fclt\u00fcr Takvimi kapsam\u0131nda ger\u00e7ekle\u015ftirilecek son programda ise vatan \u015fairi, \u0130stiklal Mar\u015f\u0131\u2019m\u0131z\u0131n yazar\u0131 Mehmet Akif Ersoy an\u0131lacak. \u0130stiklal \u015fairi Mehmet Akif Ersoy\u2019un konu\u015fulaca\u011f\u0131 panele Prof. Dr. M. Fatih And\u0131, Prof. Dr. Y\u0131lmaz Da\u015f\u00e7\u0131o\u011flu, Dr. \u00d6\u011fretim \u00dcyesi \u0130brahim \u00d6zt\u00fcrk\u00e7\u00fc ve Dr. H\u00fcseyin Yorulmaz konu\u015fmac\u0131 olarak kat\u0131lacak. 26 Aral\u0131k\u2019ta 26 Aral\u0131k Per\u015fembe g\u00fcn\u00fc Sosyal Geli\u015fim Merkezi\u2019nde ger\u00e7ekle\u015ftirilecek \u2018Sessiz Ya\u015fad\u0131m\u2019 isimli panel, saat 19.00\u2019da ba\u015flayacak.\u00a0B\u00fcy\u00fck\u015fehir\u2019den yap\u0131lan a\u00e7\u0131klamada t\u00fcm edebiyat sanat dostlar\u0131 programa davet edildi. \u200bSakarya B\u00fcy\u00fck\u015fehir Belediyesi Aral\u0131k K\u00fclt\u00fcr Takvimi kapsam\u0131nda 26 Aral\u0131k\u2019ta vatan \u015fairi Mehmet Akif Ersoy\u2019un an\u0131laca\u011f\u0131 \u2018Sessiz Ya\u015fad\u0131m\u2019isimli panel SGM\u2019de ger\u00e7ekle\u015ftirilecek.SAKARYA (\u0130GFA) &#8211;\u00a0Sakarya B\u00fcy\u00fck\u015fehir Belediyesi, k\u00fclt\u00fcr takvimi kapsam\u0131nda \u00f6nemli isimleri a\u011f\u0131rl\u0131yor ve T\u00fcrkiye\u2019nin de\u011ferlerini vefa programlar\u0131yla an\u0131yor. Akif\u2019i anacaklar Aral\u0131k K\u00fclt\u00fcr Takvimi kapsam\u0131nda ger\u00e7ekle\u015ftirilecek son programda ise vatan \u015fairi, \u0130stiklal Mar\u015f\u0131\u2019m\u0131z\u0131n yazar\u0131 Mehmet Akif Ersoy an\u0131lacak. \u0130stiklal \u015fairi Mehmet Akif Ersoy\u2019un konu\u015fulaca\u011f\u0131 panele Prof. Dr. M. Fatih And\u0131, Prof. Dr. Y\u0131lmaz Da\u015f\u00e7\u0131o\u011flu, Dr. \u00d6\u011fretim \u00dcyesi \u0130brahim \u00d6zt\u00fcrk\u00e7\u00fc ve Dr. H\u00fcseyin Yorulmaz konu\u015fmac\u0131 olarak kat\u0131lacak. 26 Aral\u0131k\u2019ta 26 Aral\u0131k Per\u015fembe g\u00fcn\u00fc Sosyal Geli\u015fim &hellip;","og_url":"https:\/\/denizcankizil.tr\/ru\/haberler\/gundem\/sgmde-vatan-sairi-mehmet-akif-ersoy-konusulacak\/","og_site_name":"Av. Deniz Can K\u0131z\u0131l","article_published_time":"2024-12-25T10:41:46+00:00","twitter_card":"summary_large_image","twitter_misc":{"\u041f\u0440\u0438\u043c\u0435\u0440\u043d\u043e\u0435 \u0432\u0440\u0435\u043c\u044f \u0434\u043b\u044f \u0447\u0442\u0435\u043d\u0438\u044f":"2 \u043c\u0438\u043d\u0443\u0442\u044b"},"schema":{"@context":"https:\/\/schema.org","@graph":[{"@type":"Article","@id":"https:\/\/denizcankizil.tr\/ru\/haberler\/gundem\/sgmde-vatan-sairi-mehmet-akif-ersoy-konusulacak\/#article","isPartOf":{"@id":"https:\/\/denizcankizil.tr\/ru\/haberler\/gundem\/sgmde-vatan-sairi-mehmet-akif-ersoy-konusulacak\/"},"author":{"name":"","@id":""},"headline":"SGM\u2019de vatan \u015fairi Mehmet Akif Ersoy konu\u015fulacak","datePublished":"2024-12-25T10:41:46+00:00","mainEntityOfPage":{"@id":"https:\/\/denizcankizil.tr\/ru\/haberler\/gundem\/sgmde-vatan-sairi-mehmet-akif-ersoy-konusulacak\/"},"wordCount":373,"commentCount":0,"publisher":{"@id":"https:\/\/denizcankizil.tr\/de\/#organization"},"articleSection":["G\u00fcndem","Uncategorized"],"inLanguage":"ru-RU","potentialAction":[{"@type":"CommentAction","name":"Comment","target":["https:\/\/denizcankizil.tr\/ru\/haberler\/gundem\/sgmde-vatan-sairi-mehmet-akif-ersoy-konusulacak\/#respond"]}]},{"@type":"WebPage","@id":"https:\/\/denizcankizil.tr\/ru\/haberler\/gundem\/sgmde-vatan-sairi-mehmet-akif-ersoy-konusulacak\/","url":"https:\/\/denizcankizil.tr\/ru\/haberler\/gundem\/sgmde-vatan-sairi-mehmet-akif-ersoy-konusulacak\/","name":"SGM\u2019de vatan \u015fairi Mehmet Akif Ersoy konu\u015fulacak - Av. Deniz Can K\u0131z\u0131l","isPartOf":{"@id":"https:\/\/denizcankizil.tr\/de\/#website"},"datePublished":"2024-12-25T10:41:46+00:00","breadcrumb":{"@id":"https:\/\/denizcankizil.tr\/ru\/haberler\/gundem\/sgmde-vatan-sairi-mehmet-akif-ersoy-konusulacak\/#breadcrumb"},"inLanguage":"ru-RU","potentialAction":[{"@type":"ReadAction","target":["https:\/\/denizcankizil.tr\/ru\/haberler\/gundem\/sgmde-vatan-sairi-mehmet-akif-ersoy-konusulacak\/"]}]},{"@type":"BreadcrumbList","@id":"https:\/\/denizcankizil.tr\/ru\/haberler\/gundem\/sgmde-vatan-sairi-mehmet-akif-ersoy-konusulacak\/#breadcrumb","itemListElement":[{"@type":"ListItem","position":1,"name":"Home","item":"https:\/\/denizcankizil.tr\/de\/"},{"@type":"ListItem","position":2,"name":"SGM\u2019de vatan \u015fairi Mehmet Akif Ersoy konu\u015fulacak"}]},{"@type":"WebSite","@id":"https:\/\/denizcankizil.tr\/de\/#website","url":"https:\/\/denizcankizil.tr\/de\/","name":"Av. Deniz Can K\u0131z\u0131l","description":"Avukat Deniz Can K\u0131z\u0131l Antalya Barosu","publisher":{"@id":"https:\/\/denizcankizil.tr\/de\/#organization"},"potentialAction":[{"@type":"SearchAction","target":{"@type":"EntryPoint","urlTemplate":"https:\/\/denizcankizil.tr\/de\/?s={search_term_string}"},"query-input":{"@type":"PropertyValueSpecification","valueRequired":true,"valueName":"search_term_string"}}],"inLanguage":"ru-RU"},{"@type":"Organization","@id":"https:\/\/denizcankizil.tr\/de\/#organization","name":"Av. Deniz Can K\u0131z\u0131l","url":"https:\/\/denizcankizil.tr\/de\/","logo":{"@type":"ImageObject","inLanguage":"ru-RU","@id":"https:\/\/denizcankizil.tr\/de\/#\/schema\/logo\/image\/","url":"https:\/\/denizcankizil.tr\/wp-content\/uploads\/2024\/10\/siyah-logo-svg.svg","contentUrl":"https:\/\/denizcankizil.tr\/wp-content\/uploads\/2024\/10\/siyah-logo-svg.svg","width":1080,"height":1080,"caption":"Av. Deniz Can K\u0131z\u0131l"},"image":{"@id":"https:\/\/denizcankizil.tr\/de\/#\/schema\/logo\/image\/"}}]}},"_links":{"self":[{"href":"https:\/\/denizcankizil.tr\/ru\/wp-json\/wp\/v2\/posts\/22192","targetHints":{"allow":["GET"]}}],"collection":[{"href":"https:\/\/denizcankizil.tr\/ru\/wp-json\/wp\/v2\/posts"}],"about":[{"href":"https:\/\/denizcankizil.tr\/ru\/wp-json\/wp\/v2\/types\/post"}],"replies":[{"embeddable":true,"href":"https:\/\/denizcankizil.tr\/ru\/wp-json\/wp\/v2\/comments?post=22192"}],"version-history":[{"count":0,"href":"https:\/\/denizcankizil.tr\/ru\/wp-json\/wp\/v2\/posts\/22192\/revisions"}],"wp:attachment":[{"href":"https:\/\/denizcankizil.tr\/ru\/wp-json\/wp\/v2\/media?parent=22192"}],"wp:term":[{"taxonomy":"category","embeddable":true,"href":"https:\/\/denizcankizil.tr\/ru\/wp-json\/wp\/v2\/categories?post=22192"},{"taxonomy":"post_tag","embeddable":true,"href":"https:\/\/denizcankizil.tr\/ru\/wp-json\/wp\/v2\/tags?post=22192"}],"curies":[{"name":"wp","href":"https:\/\/api.w.org\/{rel}","templated":true}]}}