{"id":22143,"date":"2024-12-25T09:41:39","date_gmt":"2024-12-25T06:41:39","guid":{"rendered":"https:\/\/denizcankizil.tr\/uncategorized-tr\/duzcede-kural-ihlali-kazaya-sebep-oldu\/"},"modified":"2024-12-25T09:41:39","modified_gmt":"2024-12-25T06:41:39","slug":"duzcede-kural-ihlali-kazaya-sebep-oldu","status":"publish","type":"post","link":"https:\/\/denizcankizil.tr\/ru\/haberler\/gundem\/duzcede-kural-ihlali-kazaya-sebep-oldu\/","title":{"rendered":"D\u00fczce&#8217;de kural ihlali kazaya sebep oldu!"},"content":{"rendered":"<p>D\u00fczce&#8217;de Olimpiyat Mevkii&#8217;nde d\u00f6n\u00fc\u015f olmayan yerde d\u00f6n\u00fc\u015f yapmaya \u00e7al\u0131\u015fan bir otomobil s\u00fcr\u00fcc\u00fcs\u00fc motosikletli s\u00fcr\u00fcc\u00fcn\u00fcn kaza yapmas\u0131na sebep oldu. Kaza an\u0131 bir i\u015fyerinin g\u00fcvenlik kameras\u0131 taraf\u0131ndan kaydedildi.Sefer DEM\u0130R \/ D\u00dcZCE (\u0130GFA) &#8211; Kaza, D\u00fczce Merkez Olimpiyat Mevkii 1125 sokak \u00fczerinde meydana geldi.<br \/>\nAl\u0131nan bilgiye g\u00f6re C.G. idaresindeki 81 DF 385 plakal\u0131 otomobil\u00a0 d\u00f6n\u00fc\u015f olmayan yerde d\u00f6n\u00fc\u015f yap\u0131nca, arkadan seyreden T.O. y\u00f6netimindeki 81 AED 693 plakal\u0131 motosiklet s\u00fcr\u00fcc\u00fcs\u00fc kontrol\u00fcn\u00fc kaybederek otomobile \u00e7arparak yere savruldu. Kazada savrulan motosiklet s\u00fcr\u00fcc\u00fcs\u00fc yaraland\u0131.<\/p>\n<p>Olay\u0131 g\u00f6ren vatanda\u015flar\u0131n ihbar\u0131 \u00fczerine sa\u011fl\u0131k ve polis ekipleri sevk edildi.<br \/>\nYaral\u0131 motorsiklet s\u00fcr\u00fcc\u00fcs\u00fc T.O., yap\u0131lan ilk m\u00fcdahale sonras\u0131nda ambulansla D\u00fczce Atat\u00fcrk Devlet Hastanesine kald\u0131r\u0131ld\u0131.\u00a0<\/p>\n<p>\u200bD\u00fczce&#8217;de Olimpiyat Mevkii&#8217;nde d\u00f6n\u00fc\u015f olmayan yerde d\u00f6n\u00fc\u015f yapmaya \u00e7al\u0131\u015fan bir otomobil s\u00fcr\u00fcc\u00fcs\u00fc motosikletli s\u00fcr\u00fcc\u00fcn\u00fcn kaza yapmas\u0131na sebep oldu. Kaza an\u0131 bir i\u015fyerinin g\u00fcvenlik kameras\u0131 taraf\u0131ndan kaydedildi.Sefer DEM\u0130R \/ D\u00dcZCE (\u0130GFA) &#8211; Kaza, D\u00fczce Merkez Olimpiyat Mevkii 1125 sokak \u00fczerinde meydana geldi.<br \/>\nAl\u0131nan bilgiye g\u00f6re C.G. idaresindeki 81 DF 385 plakal\u0131 otomobil\u00a0 d\u00f6n\u00fc\u015f olmayan yerde d\u00f6n\u00fc\u015f yap\u0131nca, arkadan seyreden T.O. y\u00f6netimindeki 81 AED 693 plakal\u0131 motosiklet s\u00fcr\u00fcc\u00fcs\u00fc kontrol\u00fcn\u00fc kaybederek otomobile \u00e7arparak yere savruldu. Kazada savrulan motosiklet s\u00fcr\u00fcc\u00fcs\u00fc yaraland\u0131.<\/p>\n<p>Olay\u0131 g\u00f6ren vatanda\u015flar\u0131n ihbar\u0131 \u00fczerine sa\u011fl\u0131k ve polis ekipleri sevk edildi.<br \/>\nYaral\u0131 motorsiklet s\u00fcr\u00fcc\u00fcs\u00fc T.O., yap\u0131lan ilk m\u00fcdahale sonras\u0131nda ambulansla D\u00fczce Atat\u00fcrk Devlet Hastanesine kald\u0131r\u0131ld\u0131.\u00a0\u00a0<\/p>\n<p>\u200bHaberin Al\u0131nt\u0131land\u0131\u011f\u0131 Kaynak: www.iskenderun.org<\/p>","protected":false},"excerpt":{"rendered":"<p>D\u00fczce&#8217;de Olimpiyat Mevkii&#8217;nde d\u00f6n\u00fc\u015f olmayan yerde d\u00f6n\u00fc\u015f yapmaya \u00e7al\u0131\u015fan bir otomobil s\u00fcr\u00fcc\u00fcs\u00fc motosikletli s\u00fcr\u00fcc\u00fcn\u00fcn kaza yapmas\u0131na sebep oldu. Kaza an\u0131 bir i\u015fyerinin g\u00fcvenlik kameras\u0131 taraf\u0131ndan kaydedildi.Sefer DEM\u0130R \/ D\u00dcZCE (\u0130GFA) &#8211; Kaza, D\u00fczce Merkez Olimpiyat Mevkii 1125 sokak \u00fczerinde meydana geldi. Al\u0131nan bilgiye g\u00f6re C.G. idaresindeki 81 DF 385 plakal\u0131 otomobil\u00a0 d\u00f6n\u00fc\u015f olmayan yerde d\u00f6n\u00fc\u015f yap\u0131nca, arkadan seyreden T.O. y\u00f6netimindeki 81 AED 693 plakal\u0131 motosiklet s\u00fcr\u00fcc\u00fcs\u00fc kontrol\u00fcn\u00fc kaybederek otomobile \u00e7arparak yere savruldu. Kazada savrulan motosiklet s\u00fcr\u00fcc\u00fcs\u00fc yaraland\u0131. Olay\u0131 g\u00f6ren vatanda\u015flar\u0131n ihbar\u0131 \u00fczerine sa\u011fl\u0131k ve polis ekipleri sevk edildi. Yaral\u0131 motorsiklet s\u00fcr\u00fcc\u00fcs\u00fc T.O., yap\u0131lan ilk m\u00fcdahale sonras\u0131nda ambulansla D\u00fczce Atat\u00fcrk Devlet Hastanesine kald\u0131r\u0131ld\u0131.\u00a0 \u200bD\u00fczce&#8217;de Olimpiyat Mevkii&#8217;nde d\u00f6n\u00fc\u015f olmayan yerde d\u00f6n\u00fc\u015f yapmaya \u00e7al\u0131\u015fan bir otomobil s\u00fcr\u00fcc\u00fcs\u00fc motosikletli s\u00fcr\u00fcc\u00fcn\u00fcn kaza yapmas\u0131na sebep oldu. Kaza an\u0131 bir i\u015fyerinin g\u00fcvenlik kameras\u0131 taraf\u0131ndan kaydedildi.Sefer DEM\u0130R \/ D\u00dcZCE (\u0130GFA) &#8211; Kaza, D\u00fczce Merkez Olimpiyat Mevkii 1125 sokak \u00fczerinde meydana geldi. Al\u0131nan bilgiye g\u00f6re C.G. idaresindeki 81 DF 385 plakal\u0131 otomobil\u00a0 d\u00f6n\u00fc\u015f olmayan yerde d\u00f6n\u00fc\u015f yap\u0131nca, arkadan seyreden T.O. y\u00f6netimindeki 81 AED 693 plakal\u0131 motosiklet s\u00fcr\u00fcc\u00fcs\u00fc kontrol\u00fcn\u00fc kaybederek otomobile \u00e7arparak yere savruldu. Kazada savrulan motosiklet s\u00fcr\u00fcc\u00fcs\u00fc yaraland\u0131. Olay\u0131 g\u00f6ren vatanda\u015flar\u0131n ihbar\u0131 \u00fczerine sa\u011fl\u0131k ve polis ekipleri sevk edildi. Yaral\u0131 motorsiklet s\u00fcr\u00fcc\u00fcs\u00fc T.O., yap\u0131lan ilk m\u00fcdahale sonras\u0131nda ambulansla D\u00fczce &hellip;<\/p>","protected":false},"author":0,"featured_media":0,"comment_status":"open","ping_status":"open","sticky":false,"template":"","format":"standard","meta":{"_acf_changed":false,"footnotes":""},"categories":[24,535],"tags":[],"class_list":["post-22143","post","type-post","status-publish","format-standard","has-post-thumbnail","hentry","category-gundem","category-uncategorized-tr"],"acf":[],"yoast_head":"<!-- This site is optimized with the Yoast SEO Premium plugin v26.6 (Yoast SEO v27.1.1) - https:\/\/yoast.com\/product\/yoast-seo-premium-wordpress\/ -->\n<title>D\u00fczce&#039;de kural ihlali kazaya sebep oldu! - Av. Deniz Can K\u0131z\u0131l<\/title>\n<meta name=\"robots\" content=\"index, follow, max-snippet:-1, max-image-preview:large, max-video-preview:-1\" \/>\n<link rel=\"canonical\" href=\"https:\/\/denizcankizil.tr\/ru\/haberler\/gundem\/duzcede-kural-ihlali-kazaya-sebep-oldu\/\" \/>\n<meta property=\"og:locale\" content=\"ru_RU\" \/>\n<meta property=\"og:type\" content=\"article\" \/>\n<meta property=\"og:title\" content=\"D\u00fczce&#039;de kural ihlali kazaya sebep oldu!\" \/>\n<meta property=\"og:description\" content=\"D\u00fczce&#8217;de Olimpiyat Mevkii&#8217;nde d\u00f6n\u00fc\u015f olmayan yerde d\u00f6n\u00fc\u015f yapmaya \u00e7al\u0131\u015fan bir otomobil s\u00fcr\u00fcc\u00fcs\u00fc motosikletli s\u00fcr\u00fcc\u00fcn\u00fcn kaza yapmas\u0131na sebep oldu. Kaza an\u0131 bir i\u015fyerinin g\u00fcvenlik kameras\u0131 taraf\u0131ndan kaydedildi.Sefer DEM\u0130R \/ D\u00dcZCE (\u0130GFA) &#8211; Kaza, D\u00fczce Merkez Olimpiyat Mevkii 1125 sokak \u00fczerinde meydana geldi. Al\u0131nan bilgiye g\u00f6re C.G. idaresindeki 81 DF 385 plakal\u0131 otomobil\u00a0 d\u00f6n\u00fc\u015f olmayan yerde d\u00f6n\u00fc\u015f yap\u0131nca, arkadan seyreden T.O. y\u00f6netimindeki 81 AED 693 plakal\u0131 motosiklet s\u00fcr\u00fcc\u00fcs\u00fc kontrol\u00fcn\u00fc kaybederek otomobile \u00e7arparak yere savruldu. Kazada savrulan motosiklet s\u00fcr\u00fcc\u00fcs\u00fc yaraland\u0131. Olay\u0131 g\u00f6ren vatanda\u015flar\u0131n ihbar\u0131 \u00fczerine sa\u011fl\u0131k ve polis ekipleri sevk edildi. Yaral\u0131 motorsiklet s\u00fcr\u00fcc\u00fcs\u00fc T.O., yap\u0131lan ilk m\u00fcdahale sonras\u0131nda ambulansla D\u00fczce Atat\u00fcrk Devlet Hastanesine kald\u0131r\u0131ld\u0131.\u00a0 \u200bD\u00fczce&#8217;de Olimpiyat Mevkii&#8217;nde d\u00f6n\u00fc\u015f olmayan yerde d\u00f6n\u00fc\u015f yapmaya \u00e7al\u0131\u015fan bir otomobil s\u00fcr\u00fcc\u00fcs\u00fc motosikletli s\u00fcr\u00fcc\u00fcn\u00fcn kaza yapmas\u0131na sebep oldu. Kaza an\u0131 bir i\u015fyerinin g\u00fcvenlik kameras\u0131 taraf\u0131ndan kaydedildi.Sefer DEM\u0130R \/ D\u00dcZCE (\u0130GFA) &#8211; Kaza, D\u00fczce Merkez Olimpiyat Mevkii 1125 sokak \u00fczerinde meydana geldi. Al\u0131nan bilgiye g\u00f6re C.G. idaresindeki 81 DF 385 plakal\u0131 otomobil\u00a0 d\u00f6n\u00fc\u015f olmayan yerde d\u00f6n\u00fc\u015f yap\u0131nca, arkadan seyreden T.O. y\u00f6netimindeki 81 AED 693 plakal\u0131 motosiklet s\u00fcr\u00fcc\u00fcs\u00fc kontrol\u00fcn\u00fc kaybederek otomobile \u00e7arparak yere savruldu. Kazada savrulan motosiklet s\u00fcr\u00fcc\u00fcs\u00fc yaraland\u0131. Olay\u0131 g\u00f6ren vatanda\u015flar\u0131n ihbar\u0131 \u00fczerine sa\u011fl\u0131k ve polis ekipleri sevk edildi. Yaral\u0131 motorsiklet s\u00fcr\u00fcc\u00fcs\u00fc T.O., yap\u0131lan ilk m\u00fcdahale sonras\u0131nda ambulansla D\u00fczce &hellip;\" \/>\n<meta property=\"og:url\" content=\"https:\/\/denizcankizil.tr\/ru\/haberler\/gundem\/duzcede-kural-ihlali-kazaya-sebep-oldu\/\" \/>\n<meta property=\"og:site_name\" content=\"Av. Deniz Can K\u0131z\u0131l\" \/>\n<meta property=\"article:published_time\" content=\"2024-12-25T06:41:39+00:00\" \/>\n<meta name=\"twitter:card\" content=\"summary_large_image\" \/>\n<meta name=\"twitter:label1\" content=\"\u041f\u0440\u0438\u043c\u0435\u0440\u043d\u043e\u0435 \u0432\u0440\u0435\u043c\u044f \u0434\u043b\u044f \u0447\u0442\u0435\u043d\u0438\u044f\" \/>\n\t<meta name=\"twitter:data1\" content=\"2 \u043c\u0438\u043d\u0443\u0442\u044b\" \/>\n<script type=\"application\/ld+json\" class=\"yoast-schema-graph\">{\"@context\":\"https:\/\/schema.org\",\"@graph\":[{\"@type\":\"Article\",\"@id\":\"https:\/\/denizcankizil.tr\/ru\/haberler\/gundem\/duzcede-kural-ihlali-kazaya-sebep-oldu\/#article\",\"isPartOf\":{\"@id\":\"https:\/\/denizcankizil.tr\/ru\/haberler\/gundem\/duzcede-kural-ihlali-kazaya-sebep-oldu\/\"},\"author\":{\"name\":\"\",\"@id\":\"\"},\"headline\":\"D\u00fczce&#8217;de kural ihlali kazaya sebep oldu!\",\"datePublished\":\"2024-12-25T06:41:39+00:00\",\"mainEntityOfPage\":{\"@id\":\"https:\/\/denizcankizil.tr\/ru\/haberler\/gundem\/duzcede-kural-ihlali-kazaya-sebep-oldu\/\"},\"wordCount\":312,\"commentCount\":0,\"publisher\":{\"@id\":\"https:\/\/denizcankizil.tr\/#organization\"},\"articleSection\":[\"G\u00fcndem\",\"Uncategorized\"],\"inLanguage\":\"ru-RU\",\"potentialAction\":[{\"@type\":\"CommentAction\",\"name\":\"Comment\",\"target\":[\"https:\/\/denizcankizil.tr\/ru\/haberler\/gundem\/duzcede-kural-ihlali-kazaya-sebep-oldu\/#respond\"]}]},{\"@type\":\"WebPage\",\"@id\":\"https:\/\/denizcankizil.tr\/ru\/haberler\/gundem\/duzcede-kural-ihlali-kazaya-sebep-oldu\/\",\"url\":\"https:\/\/denizcankizil.tr\/ru\/haberler\/gundem\/duzcede-kural-ihlali-kazaya-sebep-oldu\/\",\"name\":\"D\u00fczce'de kural ihlali kazaya sebep oldu! - Av. Deniz Can K\u0131z\u0131l\",\"isPartOf\":{\"@id\":\"https:\/\/denizcankizil.tr\/#website\"},\"datePublished\":\"2024-12-25T06:41:39+00:00\",\"breadcrumb\":{\"@id\":\"https:\/\/denizcankizil.tr\/ru\/haberler\/gundem\/duzcede-kural-ihlali-kazaya-sebep-oldu\/#breadcrumb\"},\"inLanguage\":\"ru-RU\",\"potentialAction\":[{\"@type\":\"ReadAction\",\"target\":[\"https:\/\/denizcankizil.tr\/ru\/haberler\/gundem\/duzcede-kural-ihlali-kazaya-sebep-oldu\/\"]}]},{\"@type\":\"BreadcrumbList\",\"@id\":\"https:\/\/denizcankizil.tr\/ru\/haberler\/gundem\/duzcede-kural-ihlali-kazaya-sebep-oldu\/#breadcrumb\",\"itemListElement\":[{\"@type\":\"ListItem\",\"position\":1,\"name\":\"Home\",\"item\":\"https:\/\/denizcankizil.tr\/de\/\"},{\"@type\":\"ListItem\",\"position\":2,\"name\":\"D\u00fczce&#8217;de kural ihlali kazaya sebep oldu!\"}]},{\"@type\":\"WebSite\",\"@id\":\"https:\/\/denizcankizil.tr\/#website\",\"url\":\"https:\/\/denizcankizil.tr\/\",\"name\":\"Av. Deniz Can K\u0131z\u0131l\",\"description\":\"Avukat Deniz Can K\u0131z\u0131l Antalya Barosu\",\"publisher\":{\"@id\":\"https:\/\/denizcankizil.tr\/#organization\"},\"potentialAction\":[{\"@type\":\"SearchAction\",\"target\":{\"@type\":\"EntryPoint\",\"urlTemplate\":\"https:\/\/denizcankizil.tr\/?s={search_term_string}\"},\"query-input\":{\"@type\":\"PropertyValueSpecification\",\"valueRequired\":true,\"valueName\":\"search_term_string\"}}],\"inLanguage\":\"ru-RU\"},{\"@type\":\"Organization\",\"@id\":\"https:\/\/denizcankizil.tr\/#organization\",\"name\":\"Av. Deniz Can K\u0131z\u0131l\",\"url\":\"https:\/\/denizcankizil.tr\/\",\"logo\":{\"@type\":\"ImageObject\",\"inLanguage\":\"ru-RU\",\"@id\":\"https:\/\/denizcankizil.tr\/#\/schema\/logo\/image\/\",\"url\":\"https:\/\/denizcankizil.tr\/wp-content\/uploads\/2024\/10\/siyah-logo-svg.svg\",\"contentUrl\":\"https:\/\/denizcankizil.tr\/wp-content\/uploads\/2024\/10\/siyah-logo-svg.svg\",\"width\":1080,\"height\":1080,\"caption\":\"Av. Deniz Can K\u0131z\u0131l\"},\"image\":{\"@id\":\"https:\/\/denizcankizil.tr\/#\/schema\/logo\/image\/\"}}]}<\/script>\n<!-- \/ Yoast SEO Premium plugin. -->","yoast_head_json":{"title":"D\u00fczce'de kural ihlali kazaya sebep oldu! - Av. Deniz Can K\u0131z\u0131l","robots":{"index":"index","follow":"follow","max-snippet":"max-snippet:-1","max-image-preview":"max-image-preview:large","max-video-preview":"max-video-preview:-1"},"canonical":"https:\/\/denizcankizil.tr\/ru\/haberler\/gundem\/duzcede-kural-ihlali-kazaya-sebep-oldu\/","og_locale":"ru_RU","og_type":"article","og_title":"D\u00fczce'de kural ihlali kazaya sebep oldu!","og_description":"D\u00fczce&#8217;de Olimpiyat Mevkii&#8217;nde d\u00f6n\u00fc\u015f olmayan yerde d\u00f6n\u00fc\u015f yapmaya \u00e7al\u0131\u015fan bir otomobil s\u00fcr\u00fcc\u00fcs\u00fc motosikletli s\u00fcr\u00fcc\u00fcn\u00fcn kaza yapmas\u0131na sebep oldu. Kaza an\u0131 bir i\u015fyerinin g\u00fcvenlik kameras\u0131 taraf\u0131ndan kaydedildi.Sefer DEM\u0130R \/ D\u00dcZCE (\u0130GFA) &#8211; Kaza, D\u00fczce Merkez Olimpiyat Mevkii 1125 sokak \u00fczerinde meydana geldi. Al\u0131nan bilgiye g\u00f6re C.G. idaresindeki 81 DF 385 plakal\u0131 otomobil\u00a0 d\u00f6n\u00fc\u015f olmayan yerde d\u00f6n\u00fc\u015f yap\u0131nca, arkadan seyreden T.O. y\u00f6netimindeki 81 AED 693 plakal\u0131 motosiklet s\u00fcr\u00fcc\u00fcs\u00fc kontrol\u00fcn\u00fc kaybederek otomobile \u00e7arparak yere savruldu. Kazada savrulan motosiklet s\u00fcr\u00fcc\u00fcs\u00fc yaraland\u0131. Olay\u0131 g\u00f6ren vatanda\u015flar\u0131n ihbar\u0131 \u00fczerine sa\u011fl\u0131k ve polis ekipleri sevk edildi. Yaral\u0131 motorsiklet s\u00fcr\u00fcc\u00fcs\u00fc T.O., yap\u0131lan ilk m\u00fcdahale sonras\u0131nda ambulansla D\u00fczce Atat\u00fcrk Devlet Hastanesine kald\u0131r\u0131ld\u0131.\u00a0 \u200bD\u00fczce&#8217;de Olimpiyat Mevkii&#8217;nde d\u00f6n\u00fc\u015f olmayan yerde d\u00f6n\u00fc\u015f yapmaya \u00e7al\u0131\u015fan bir otomobil s\u00fcr\u00fcc\u00fcs\u00fc motosikletli s\u00fcr\u00fcc\u00fcn\u00fcn kaza yapmas\u0131na sebep oldu. Kaza an\u0131 bir i\u015fyerinin g\u00fcvenlik kameras\u0131 taraf\u0131ndan kaydedildi.Sefer DEM\u0130R \/ D\u00dcZCE (\u0130GFA) &#8211; Kaza, D\u00fczce Merkez Olimpiyat Mevkii 1125 sokak \u00fczerinde meydana geldi. Al\u0131nan bilgiye g\u00f6re C.G. idaresindeki 81 DF 385 plakal\u0131 otomobil\u00a0 d\u00f6n\u00fc\u015f olmayan yerde d\u00f6n\u00fc\u015f yap\u0131nca, arkadan seyreden T.O. y\u00f6netimindeki 81 AED 693 plakal\u0131 motosiklet s\u00fcr\u00fcc\u00fcs\u00fc kontrol\u00fcn\u00fc kaybederek otomobile \u00e7arparak yere savruldu. Kazada savrulan motosiklet s\u00fcr\u00fcc\u00fcs\u00fc yaraland\u0131. Olay\u0131 g\u00f6ren vatanda\u015flar\u0131n ihbar\u0131 \u00fczerine sa\u011fl\u0131k ve polis ekipleri sevk edildi. Yaral\u0131 motorsiklet s\u00fcr\u00fcc\u00fcs\u00fc T.O., yap\u0131lan ilk m\u00fcdahale sonras\u0131nda ambulansla D\u00fczce &hellip;","og_url":"https:\/\/denizcankizil.tr\/ru\/haberler\/gundem\/duzcede-kural-ihlali-kazaya-sebep-oldu\/","og_site_name":"Av. Deniz Can K\u0131z\u0131l","article_published_time":"2024-12-25T06:41:39+00:00","twitter_card":"summary_large_image","twitter_misc":{"\u041f\u0440\u0438\u043c\u0435\u0440\u043d\u043e\u0435 \u0432\u0440\u0435\u043c\u044f \u0434\u043b\u044f \u0447\u0442\u0435\u043d\u0438\u044f":"2 \u043c\u0438\u043d\u0443\u0442\u044b"},"schema":{"@context":"https:\/\/schema.org","@graph":[{"@type":"Article","@id":"https:\/\/denizcankizil.tr\/ru\/haberler\/gundem\/duzcede-kural-ihlali-kazaya-sebep-oldu\/#article","isPartOf":{"@id":"https:\/\/denizcankizil.tr\/ru\/haberler\/gundem\/duzcede-kural-ihlali-kazaya-sebep-oldu\/"},"author":{"name":"","@id":""},"headline":"D\u00fczce&#8217;de kural ihlali kazaya sebep oldu!","datePublished":"2024-12-25T06:41:39+00:00","mainEntityOfPage":{"@id":"https:\/\/denizcankizil.tr\/ru\/haberler\/gundem\/duzcede-kural-ihlali-kazaya-sebep-oldu\/"},"wordCount":312,"commentCount":0,"publisher":{"@id":"https:\/\/denizcankizil.tr\/#organization"},"articleSection":["G\u00fcndem","Uncategorized"],"inLanguage":"ru-RU","potentialAction":[{"@type":"CommentAction","name":"Comment","target":["https:\/\/denizcankizil.tr\/ru\/haberler\/gundem\/duzcede-kural-ihlali-kazaya-sebep-oldu\/#respond"]}]},{"@type":"WebPage","@id":"https:\/\/denizcankizil.tr\/ru\/haberler\/gundem\/duzcede-kural-ihlali-kazaya-sebep-oldu\/","url":"https:\/\/denizcankizil.tr\/ru\/haberler\/gundem\/duzcede-kural-ihlali-kazaya-sebep-oldu\/","name":"D\u00fczce'de kural ihlali kazaya sebep oldu! - Av. Deniz Can K\u0131z\u0131l","isPartOf":{"@id":"https:\/\/denizcankizil.tr\/#website"},"datePublished":"2024-12-25T06:41:39+00:00","breadcrumb":{"@id":"https:\/\/denizcankizil.tr\/ru\/haberler\/gundem\/duzcede-kural-ihlali-kazaya-sebep-oldu\/#breadcrumb"},"inLanguage":"ru-RU","potentialAction":[{"@type":"ReadAction","target":["https:\/\/denizcankizil.tr\/ru\/haberler\/gundem\/duzcede-kural-ihlali-kazaya-sebep-oldu\/"]}]},{"@type":"BreadcrumbList","@id":"https:\/\/denizcankizil.tr\/ru\/haberler\/gundem\/duzcede-kural-ihlali-kazaya-sebep-oldu\/#breadcrumb","itemListElement":[{"@type":"ListItem","position":1,"name":"Home","item":"https:\/\/denizcankizil.tr\/de\/"},{"@type":"ListItem","position":2,"name":"D\u00fczce&#8217;de kural ihlali kazaya sebep oldu!"}]},{"@type":"WebSite","@id":"https:\/\/denizcankizil.tr\/#website","url":"https:\/\/denizcankizil.tr\/","name":"Av. Deniz Can K\u0131z\u0131l","description":"Avukat Deniz Can K\u0131z\u0131l Antalya Barosu","publisher":{"@id":"https:\/\/denizcankizil.tr\/#organization"},"potentialAction":[{"@type":"SearchAction","target":{"@type":"EntryPoint","urlTemplate":"https:\/\/denizcankizil.tr\/?s={search_term_string}"},"query-input":{"@type":"PropertyValueSpecification","valueRequired":true,"valueName":"search_term_string"}}],"inLanguage":"ru-RU"},{"@type":"Organization","@id":"https:\/\/denizcankizil.tr\/#organization","name":"Av. Deniz Can K\u0131z\u0131l","url":"https:\/\/denizcankizil.tr\/","logo":{"@type":"ImageObject","inLanguage":"ru-RU","@id":"https:\/\/denizcankizil.tr\/#\/schema\/logo\/image\/","url":"https:\/\/denizcankizil.tr\/wp-content\/uploads\/2024\/10\/siyah-logo-svg.svg","contentUrl":"https:\/\/denizcankizil.tr\/wp-content\/uploads\/2024\/10\/siyah-logo-svg.svg","width":1080,"height":1080,"caption":"Av. Deniz Can K\u0131z\u0131l"},"image":{"@id":"https:\/\/denizcankizil.tr\/#\/schema\/logo\/image\/"}}]}},"_links":{"self":[{"href":"https:\/\/denizcankizil.tr\/ru\/wp-json\/wp\/v2\/posts\/22143","targetHints":{"allow":["GET"]}}],"collection":[{"href":"https:\/\/denizcankizil.tr\/ru\/wp-json\/wp\/v2\/posts"}],"about":[{"href":"https:\/\/denizcankizil.tr\/ru\/wp-json\/wp\/v2\/types\/post"}],"replies":[{"embeddable":true,"href":"https:\/\/denizcankizil.tr\/ru\/wp-json\/wp\/v2\/comments?post=22143"}],"version-history":[{"count":0,"href":"https:\/\/denizcankizil.tr\/ru\/wp-json\/wp\/v2\/posts\/22143\/revisions"}],"wp:attachment":[{"href":"https:\/\/denizcankizil.tr\/ru\/wp-json\/wp\/v2\/media?parent=22143"}],"wp:term":[{"taxonomy":"category","embeddable":true,"href":"https:\/\/denizcankizil.tr\/ru\/wp-json\/wp\/v2\/categories?post=22143"},{"taxonomy":"post_tag","embeddable":true,"href":"https:\/\/denizcankizil.tr\/ru\/wp-json\/wp\/v2\/tags?post=22143"}],"curies":[{"name":"wp","href":"https:\/\/api.w.org\/{rel}","templated":true}]}}