{"id":22052,"date":"2024-12-24T18:41:35","date_gmt":"2024-12-24T15:41:35","guid":{"rendered":"https:\/\/denizcankizil.tr\/uncategorized-tr\/artvinde-mesleki-egitimin-gelecegi-calistayi-duzenlendi\/"},"modified":"2024-12-24T18:41:35","modified_gmt":"2024-12-24T15:41:35","slug":"artvinde-mesleki-egitimin-gelecegi-calistayi-duzenlendi","status":"publish","type":"post","link":"https:\/\/denizcankizil.tr\/ru\/haberler\/gundem\/artvinde-mesleki-egitimin-gelecegi-calistayi-duzenlendi\/","title":{"rendered":"Artvin&#8217;de &#8220;Mesleki E\u011fitimin Gelece\u011fi \u00c7al\u0131\u015ftay\u0131&#8221; d\u00fczenlendi"},"content":{"rendered":"<p>Artvin&#8217;de, nitelikli i\u015f g\u00fcc\u00fcn\u00fcn yeti\u015ftirilmesi amac\u0131yla &#8220;Mesleki E\u011fitimin Gelece\u011fi \u00c7al\u0131\u015ftay\u0131&#8221; ger\u00e7ekle\u015ftirildi.BAYRAM SARAYO\u011eLU \/ARTV\u0130N (\u0130GFA) &#8211;\u00a0Valilik koordinesinde \u0130l Milli E\u011fitim M\u00fcd\u00fcrl\u00fc\u011f\u00fcnce TOBB Mesleki ve Teknik Anadolu Lisesi Salonu&#8217;nda d\u00fczenlenen \u00e7al\u0131\u015ftayda, mesleki e\u011fitimin nitelik ve niceli\u011finin art\u0131r\u0131lmas\u0131, yeti\u015fmi\u015f eleman ihtiyac\u0131n\u0131n kar\u015f\u0131lanmas\u0131 konular\u0131 ele al\u0131nd\u0131.<br \/>\nVali Turan Erg\u00fcn, \u00e7al\u0131\u015ftay\u0131n, nitelikli i\u015f g\u00fcc\u00fcn\u00fcn yeti\u015ftirilmesi amac\u0131yla Milli E\u011fitim Bakanl\u0131\u011f\u0131nca yay\u0131mlanan Mesleki E\u011fitim Politika Belgesi do\u011frultusunda organize edildi\u011fini s\u00f6yledi.<\/p>\n<p>\u00c7al\u0131\u015ftayda kentin mesleki e\u011fitim alan\u0131ndaki ufku geni\u015fletilerek bir yol haritas\u0131 belirlenece\u011fini vurgulayan Erg\u00fcn, \u015f\u00f6yle konu\u015ftu:<br \/>\n&#8220;Mesleki e\u011fitim, gen\u00e7lerimizin ilgilerini ve yeteneklerini ke\u015ffederek onlar\u0131 gelece\u011fe haz\u0131rlayan \u00f6nemli bir yolculuktur. Teoriyle prati\u011fin ba\u015far\u0131yla bulu\u015ftu\u011fu bu e\u011fitim modeliyle, istihdam \u00f6ncelikli bir yakla\u015f\u0131mla \u00f6\u011frencilerimizin \u00e7e\u015fitli yetilerini geli\u015ftirmeleri, h\u0131zla geli\u015fen ve de\u011fi\u015fen bilgi \u00e7a\u011f\u0131na uyum sa\u011flamalar\u0131, ekonomik ve sosyal hayat\u0131n t\u00fcm evrelerine aktif kat\u0131lmalar\u0131 hedeflenmektedir.&#8221;<br \/>\nErg\u00fcn, devletin mesleki e\u011fitime destek amac\u0131yla \u00e7e\u015fitli te\u015fvikler verdi\u011fine dikkati \u00e7ekerek, \u015funlar\u0131 kaydetti:<br \/>\n&#8220;Artvin&#8217;de Mesleki ve Teknik E\u011fitim Genel M\u00fcd\u00fcrl\u00fc\u011f\u00fcne ba\u011fl\u0131 16 lisemizde 1894, mesleki e\u011fitim merkezlerimizde ise 551 \u00f6\u011frencimiz bulunmaktad\u0131r. \u0130limizde devletimizin t\u00fcm desteklerine ek olarak T\u00fcrkiye Odalar ve Borsalar Birli\u011fi, Ayhan \u015eahenk Vakf\u0131 gibi kurulu\u015flar taraf\u0131ndan \u00f6\u011frencilerimize lise e\u011fitimi boyunca burs verilmektedir. Ayr\u0131ca yine mezun \u00f6\u011frencilerin izlenmesi mod\u00fcl\u00fcyle \u0130\u015eKUR&#8217;a m\u00fcracaat etmeleri sa\u011flanarak ilimizde aranan eleman ihtiyac\u0131 giderilmektedir.&#8221;<br \/>\n\u00c7al\u0131\u015ftayda, \u0130l Milli E\u011fitim M\u00fcd\u00fcr\u00fc Fahri Acar ile Artvin Ticaret ve Sanayi Odas\u0131 Y\u00f6netim Kurulu Ba\u015fkan\u0131 Se\u00e7kin Kurt da mesleki e\u011fitimin \u00f6nemine ili\u015fkin konu\u015fma yapt\u0131.<\/p>\n<p>\u200bArtvin&#8217;de, nitelikli i\u015f g\u00fcc\u00fcn\u00fcn yeti\u015ftirilmesi amac\u0131yla &#8220;Mesleki E\u011fitimin Gelece\u011fi \u00c7al\u0131\u015ftay\u0131&#8221; ger\u00e7ekle\u015ftirildi.BAYRAM SARAYO\u011eLU \/ARTV\u0130N (\u0130GFA) &#8211;\u00a0Valilik koordinesinde \u0130l Milli E\u011fitim M\u00fcd\u00fcrl\u00fc\u011f\u00fcnce TOBB Mesleki ve Teknik Anadolu Lisesi Salonu&#8217;nda d\u00fczenlenen \u00e7al\u0131\u015ftayda, mesleki e\u011fitimin nitelik ve niceli\u011finin art\u0131r\u0131lmas\u0131, yeti\u015fmi\u015f eleman ihtiyac\u0131n\u0131n kar\u015f\u0131lanmas\u0131 konular\u0131 ele al\u0131nd\u0131.<br \/>\nVali Turan Erg\u00fcn, \u00e7al\u0131\u015ftay\u0131n, nitelikli i\u015f g\u00fcc\u00fcn\u00fcn yeti\u015ftirilmesi amac\u0131yla Milli E\u011fitim Bakanl\u0131\u011f\u0131nca yay\u0131mlanan Mesleki E\u011fitim Politika Belgesi do\u011frultusunda organize edildi\u011fini s\u00f6yledi.<\/p>\n<p>\u00c7al\u0131\u015ftayda kentin mesleki e\u011fitim alan\u0131ndaki ufku geni\u015fletilerek bir yol haritas\u0131 belirlenece\u011fini vurgulayan Erg\u00fcn, \u015f\u00f6yle konu\u015ftu:<br \/>\n&#8220;Mesleki e\u011fitim, gen\u00e7lerimizin ilgilerini ve yeteneklerini ke\u015ffederek onlar\u0131 gelece\u011fe haz\u0131rlayan \u00f6nemli bir yolculuktur. Teoriyle prati\u011fin ba\u015far\u0131yla bulu\u015ftu\u011fu bu e\u011fitim modeliyle, istihdam \u00f6ncelikli bir yakla\u015f\u0131mla \u00f6\u011frencilerimizin \u00e7e\u015fitli yetilerini geli\u015ftirmeleri, h\u0131zla geli\u015fen ve de\u011fi\u015fen bilgi \u00e7a\u011f\u0131na uyum sa\u011flamalar\u0131, ekonomik ve sosyal hayat\u0131n t\u00fcm evrelerine aktif kat\u0131lmalar\u0131 hedeflenmektedir.&#8221;<br \/>\nErg\u00fcn, devletin mesleki e\u011fitime destek amac\u0131yla \u00e7e\u015fitli te\u015fvikler verdi\u011fine dikkati \u00e7ekerek, \u015funlar\u0131 kaydetti:<br \/>\n&#8220;Artvin&#8217;de Mesleki ve Teknik E\u011fitim Genel M\u00fcd\u00fcrl\u00fc\u011f\u00fcne ba\u011fl\u0131 16 lisemizde 1894, mesleki e\u011fitim merkezlerimizde ise 551 \u00f6\u011frencimiz bulunmaktad\u0131r. \u0130limizde devletimizin t\u00fcm desteklerine ek olarak T\u00fcrkiye Odalar ve Borsalar Birli\u011fi, Ayhan \u015eahenk Vakf\u0131 gibi kurulu\u015flar taraf\u0131ndan \u00f6\u011frencilerimize lise e\u011fitimi boyunca burs verilmektedir. Ayr\u0131ca yine mezun \u00f6\u011frencilerin izlenmesi mod\u00fcl\u00fcyle \u0130\u015eKUR&#8217;a m\u00fcracaat etmeleri sa\u011flanarak ilimizde aranan eleman ihtiyac\u0131 giderilmektedir.&#8221;<br \/>\n\u00c7al\u0131\u015ftayda, \u0130l Milli E\u011fitim M\u00fcd\u00fcr\u00fc Fahri Acar ile Artvin Ticaret ve Sanayi Odas\u0131 Y\u00f6netim Kurulu Ba\u015fkan\u0131 Se\u00e7kin Kurt da mesleki e\u011fitimin \u00f6nemine ili\u015fkin konu\u015fma yapt\u0131.\u00a0<\/p>\n<p>\u200bHaberin Al\u0131nt\u0131land\u0131\u011f\u0131 Kaynak: www.iskenderun.org<\/p>","protected":false},"excerpt":{"rendered":"<p>Artvin&#8217;de, nitelikli i\u015f g\u00fcc\u00fcn\u00fcn yeti\u015ftirilmesi amac\u0131yla &#8220;Mesleki E\u011fitimin Gelece\u011fi \u00c7al\u0131\u015ftay\u0131&#8221; ger\u00e7ekle\u015ftirildi.BAYRAM SARAYO\u011eLU \/ARTV\u0130N (\u0130GFA) &#8211;\u00a0Valilik koordinesinde \u0130l Milli E\u011fitim M\u00fcd\u00fcrl\u00fc\u011f\u00fcnce TOBB Mesleki ve Teknik Anadolu Lisesi Salonu&#8217;nda d\u00fczenlenen \u00e7al\u0131\u015ftayda, mesleki e\u011fitimin nitelik ve niceli\u011finin art\u0131r\u0131lmas\u0131, yeti\u015fmi\u015f eleman ihtiyac\u0131n\u0131n kar\u015f\u0131lanmas\u0131 konular\u0131 ele al\u0131nd\u0131. Vali Turan Erg\u00fcn, \u00e7al\u0131\u015ftay\u0131n, nitelikli i\u015f g\u00fcc\u00fcn\u00fcn yeti\u015ftirilmesi amac\u0131yla Milli E\u011fitim Bakanl\u0131\u011f\u0131nca yay\u0131mlanan Mesleki E\u011fitim Politika Belgesi do\u011frultusunda organize edildi\u011fini s\u00f6yledi. \u00c7al\u0131\u015ftayda kentin mesleki e\u011fitim alan\u0131ndaki ufku geni\u015fletilerek bir yol haritas\u0131 belirlenece\u011fini vurgulayan Erg\u00fcn, \u015f\u00f6yle konu\u015ftu: &#8220;Mesleki e\u011fitim, gen\u00e7lerimizin ilgilerini ve yeteneklerini ke\u015ffederek onlar\u0131 gelece\u011fe haz\u0131rlayan \u00f6nemli bir yolculuktur. Teoriyle prati\u011fin ba\u015far\u0131yla bulu\u015ftu\u011fu bu e\u011fitim modeliyle, istihdam \u00f6ncelikli bir yakla\u015f\u0131mla \u00f6\u011frencilerimizin \u00e7e\u015fitli yetilerini geli\u015ftirmeleri, h\u0131zla geli\u015fen ve de\u011fi\u015fen bilgi \u00e7a\u011f\u0131na uyum sa\u011flamalar\u0131, ekonomik ve sosyal hayat\u0131n t\u00fcm evrelerine aktif kat\u0131lmalar\u0131 hedeflenmektedir.&#8221; Erg\u00fcn, devletin mesleki e\u011fitime destek amac\u0131yla \u00e7e\u015fitli te\u015fvikler verdi\u011fine dikkati \u00e7ekerek, \u015funlar\u0131 kaydetti: &#8220;Artvin&#8217;de Mesleki ve Teknik E\u011fitim Genel M\u00fcd\u00fcrl\u00fc\u011f\u00fcne ba\u011fl\u0131 16 lisemizde 1894, mesleki e\u011fitim merkezlerimizde ise 551 \u00f6\u011frencimiz bulunmaktad\u0131r. \u0130limizde devletimizin t\u00fcm desteklerine ek olarak T\u00fcrkiye Odalar ve Borsalar Birli\u011fi, Ayhan \u015eahenk Vakf\u0131 gibi kurulu\u015flar taraf\u0131ndan \u00f6\u011frencilerimize lise e\u011fitimi boyunca burs verilmektedir. Ayr\u0131ca yine mezun \u00f6\u011frencilerin izlenmesi mod\u00fcl\u00fcyle \u0130\u015eKUR&#8217;a m\u00fcracaat etmeleri sa\u011flanarak ilimizde aranan eleman ihtiyac\u0131 giderilmektedir.&#8221; \u00c7al\u0131\u015ftayda, \u0130l Milli E\u011fitim M\u00fcd\u00fcr\u00fc Fahri Acar ile &hellip;<\/p>","protected":false},"author":0,"featured_media":0,"comment_status":"open","ping_status":"open","sticky":false,"template":"","format":"standard","meta":{"_acf_changed":false,"footnotes":""},"categories":[24,535],"tags":[],"class_list":["post-22052","post","type-post","status-publish","format-standard","has-post-thumbnail","hentry","category-gundem","category-uncategorized-tr"],"acf":[],"yoast_head":"<!-- This site is optimized with the Yoast SEO Premium plugin v26.6 (Yoast SEO v27.1.1) - https:\/\/yoast.com\/product\/yoast-seo-premium-wordpress\/ -->\n<title>Artvin&#039;de &quot;Mesleki E\u011fitimin Gelece\u011fi \u00c7al\u0131\u015ftay\u0131&quot; d\u00fczenlendi - Av. Deniz Can K\u0131z\u0131l<\/title>\n<meta name=\"robots\" content=\"index, follow, max-snippet:-1, max-image-preview:large, max-video-preview:-1\" \/>\n<link rel=\"canonical\" href=\"https:\/\/denizcankizil.tr\/ru\/haberler\/gundem\/artvinde-mesleki-egitimin-gelecegi-calistayi-duzenlendi\/\" \/>\n<meta property=\"og:locale\" content=\"ru_RU\" \/>\n<meta property=\"og:type\" content=\"article\" \/>\n<meta property=\"og:title\" content=\"Artvin&#039;de &quot;Mesleki E\u011fitimin Gelece\u011fi \u00c7al\u0131\u015ftay\u0131&quot; d\u00fczenlendi\" \/>\n<meta property=\"og:description\" content=\"Artvin&#8217;de, nitelikli i\u015f g\u00fcc\u00fcn\u00fcn yeti\u015ftirilmesi amac\u0131yla &#8220;Mesleki E\u011fitimin Gelece\u011fi \u00c7al\u0131\u015ftay\u0131&#8221; ger\u00e7ekle\u015ftirildi.BAYRAM SARAYO\u011eLU \/ARTV\u0130N (\u0130GFA) &#8211;\u00a0Valilik koordinesinde \u0130l Milli E\u011fitim M\u00fcd\u00fcrl\u00fc\u011f\u00fcnce TOBB Mesleki ve Teknik Anadolu Lisesi Salonu&#8217;nda d\u00fczenlenen \u00e7al\u0131\u015ftayda, mesleki e\u011fitimin nitelik ve niceli\u011finin art\u0131r\u0131lmas\u0131, yeti\u015fmi\u015f eleman ihtiyac\u0131n\u0131n kar\u015f\u0131lanmas\u0131 konular\u0131 ele al\u0131nd\u0131. Vali Turan Erg\u00fcn, \u00e7al\u0131\u015ftay\u0131n, nitelikli i\u015f g\u00fcc\u00fcn\u00fcn yeti\u015ftirilmesi amac\u0131yla Milli E\u011fitim Bakanl\u0131\u011f\u0131nca yay\u0131mlanan Mesleki E\u011fitim Politika Belgesi do\u011frultusunda organize edildi\u011fini s\u00f6yledi. \u00c7al\u0131\u015ftayda kentin mesleki e\u011fitim alan\u0131ndaki ufku geni\u015fletilerek bir yol haritas\u0131 belirlenece\u011fini vurgulayan Erg\u00fcn, \u015f\u00f6yle konu\u015ftu: &#8220;Mesleki e\u011fitim, gen\u00e7lerimizin ilgilerini ve yeteneklerini ke\u015ffederek onlar\u0131 gelece\u011fe haz\u0131rlayan \u00f6nemli bir yolculuktur. Teoriyle prati\u011fin ba\u015far\u0131yla bulu\u015ftu\u011fu bu e\u011fitim modeliyle, istihdam \u00f6ncelikli bir yakla\u015f\u0131mla \u00f6\u011frencilerimizin \u00e7e\u015fitli yetilerini geli\u015ftirmeleri, h\u0131zla geli\u015fen ve de\u011fi\u015fen bilgi \u00e7a\u011f\u0131na uyum sa\u011flamalar\u0131, ekonomik ve sosyal hayat\u0131n t\u00fcm evrelerine aktif kat\u0131lmalar\u0131 hedeflenmektedir.&#8221; Erg\u00fcn, devletin mesleki e\u011fitime destek amac\u0131yla \u00e7e\u015fitli te\u015fvikler verdi\u011fine dikkati \u00e7ekerek, \u015funlar\u0131 kaydetti: &#8220;Artvin&#8217;de Mesleki ve Teknik E\u011fitim Genel M\u00fcd\u00fcrl\u00fc\u011f\u00fcne ba\u011fl\u0131 16 lisemizde 1894, mesleki e\u011fitim merkezlerimizde ise 551 \u00f6\u011frencimiz bulunmaktad\u0131r. \u0130limizde devletimizin t\u00fcm desteklerine ek olarak T\u00fcrkiye Odalar ve Borsalar Birli\u011fi, Ayhan \u015eahenk Vakf\u0131 gibi kurulu\u015flar taraf\u0131ndan \u00f6\u011frencilerimize lise e\u011fitimi boyunca burs verilmektedir. Ayr\u0131ca yine mezun \u00f6\u011frencilerin izlenmesi mod\u00fcl\u00fcyle \u0130\u015eKUR&#8217;a m\u00fcracaat etmeleri sa\u011flanarak ilimizde aranan eleman ihtiyac\u0131 giderilmektedir.&#8221; \u00c7al\u0131\u015ftayda, \u0130l Milli E\u011fitim M\u00fcd\u00fcr\u00fc Fahri Acar ile &hellip;\" \/>\n<meta property=\"og:url\" content=\"https:\/\/denizcankizil.tr\/ru\/haberler\/gundem\/artvinde-mesleki-egitimin-gelecegi-calistayi-duzenlendi\/\" \/>\n<meta property=\"og:site_name\" content=\"Av. Deniz Can K\u0131z\u0131l\" \/>\n<meta property=\"article:published_time\" content=\"2024-12-24T15:41:35+00:00\" \/>\n<meta name=\"twitter:card\" content=\"summary_large_image\" \/>\n<meta name=\"twitter:label1\" content=\"\u041f\u0440\u0438\u043c\u0435\u0440\u043d\u043e\u0435 \u0432\u0440\u0435\u043c\u044f \u0434\u043b\u044f \u0447\u0442\u0435\u043d\u0438\u044f\" \/>\n\t<meta name=\"twitter:data1\" content=\"3 \u043c\u0438\u043d\u0443\u0442\u044b\" \/>\n<script type=\"application\/ld+json\" class=\"yoast-schema-graph\">{\"@context\":\"https:\/\/schema.org\",\"@graph\":[{\"@type\":\"Article\",\"@id\":\"https:\/\/denizcankizil.tr\/en\/haberler\/gundem\/artvinde-mesleki-egitimin-gelecegi-calistayi-duzenlendi\/#article\",\"isPartOf\":{\"@id\":\"https:\/\/denizcankizil.tr\/en\/haberler\/gundem\/artvinde-mesleki-egitimin-gelecegi-calistayi-duzenlendi\/\"},\"author\":{\"name\":\"\",\"@id\":\"\"},\"headline\":\"Artvin&#8217;de &#8220;Mesleki E\u011fitimin Gelece\u011fi \u00c7al\u0131\u015ftay\u0131&#8221; d\u00fczenlendi\",\"datePublished\":\"2024-12-24T15:41:35+00:00\",\"mainEntityOfPage\":{\"@id\":\"https:\/\/denizcankizil.tr\/en\/haberler\/gundem\/artvinde-mesleki-egitimin-gelecegi-calistayi-duzenlendi\/\"},\"wordCount\":671,\"commentCount\":0,\"publisher\":{\"@id\":\"https:\/\/denizcankizil.tr\/de\/#organization\"},\"articleSection\":[\"G\u00fcndem\",\"Uncategorized\"],\"inLanguage\":\"ru-RU\",\"potentialAction\":[{\"@type\":\"CommentAction\",\"name\":\"Comment\",\"target\":[\"https:\/\/denizcankizil.tr\/en\/haberler\/gundem\/artvinde-mesleki-egitimin-gelecegi-calistayi-duzenlendi\/#respond\"]}]},{\"@type\":\"WebPage\",\"@id\":\"https:\/\/denizcankizil.tr\/en\/haberler\/gundem\/artvinde-mesleki-egitimin-gelecegi-calistayi-duzenlendi\/\",\"url\":\"https:\/\/denizcankizil.tr\/en\/haberler\/gundem\/artvinde-mesleki-egitimin-gelecegi-calistayi-duzenlendi\/\",\"name\":\"Artvin'de \\\"Mesleki E\u011fitimin Gelece\u011fi \u00c7al\u0131\u015ftay\u0131\\\" d\u00fczenlendi - Av. Deniz Can K\u0131z\u0131l\",\"isPartOf\":{\"@id\":\"https:\/\/denizcankizil.tr\/de\/#website\"},\"datePublished\":\"2024-12-24T15:41:35+00:00\",\"breadcrumb\":{\"@id\":\"https:\/\/denizcankizil.tr\/en\/haberler\/gundem\/artvinde-mesleki-egitimin-gelecegi-calistayi-duzenlendi\/#breadcrumb\"},\"inLanguage\":\"ru-RU\",\"potentialAction\":[{\"@type\":\"ReadAction\",\"target\":[\"https:\/\/denizcankizil.tr\/en\/haberler\/gundem\/artvinde-mesleki-egitimin-gelecegi-calistayi-duzenlendi\/\"]}]},{\"@type\":\"BreadcrumbList\",\"@id\":\"https:\/\/denizcankizil.tr\/en\/haberler\/gundem\/artvinde-mesleki-egitimin-gelecegi-calistayi-duzenlendi\/#breadcrumb\",\"itemListElement\":[{\"@type\":\"ListItem\",\"position\":1,\"name\":\"Home\",\"item\":\"https:\/\/denizcankizil.tr\/de\/\"},{\"@type\":\"ListItem\",\"position\":2,\"name\":\"Artvin&#8217;de &#8220;Mesleki E\u011fitimin Gelece\u011fi \u00c7al\u0131\u015ftay\u0131&#8221; d\u00fczenlendi\"}]},{\"@type\":\"WebSite\",\"@id\":\"https:\/\/denizcankizil.tr\/de\/#website\",\"url\":\"https:\/\/denizcankizil.tr\/de\/\",\"name\":\"Av. Deniz Can K\u0131z\u0131l\",\"description\":\"Avukat Deniz Can K\u0131z\u0131l Antalya Barosu\",\"publisher\":{\"@id\":\"https:\/\/denizcankizil.tr\/de\/#organization\"},\"potentialAction\":[{\"@type\":\"SearchAction\",\"target\":{\"@type\":\"EntryPoint\",\"urlTemplate\":\"https:\/\/denizcankizil.tr\/de\/?s={search_term_string}\"},\"query-input\":{\"@type\":\"PropertyValueSpecification\",\"valueRequired\":true,\"valueName\":\"search_term_string\"}}],\"inLanguage\":\"ru-RU\"},{\"@type\":\"Organization\",\"@id\":\"https:\/\/denizcankizil.tr\/de\/#organization\",\"name\":\"Av. Deniz Can K\u0131z\u0131l\",\"url\":\"https:\/\/denizcankizil.tr\/de\/\",\"logo\":{\"@type\":\"ImageObject\",\"inLanguage\":\"ru-RU\",\"@id\":\"https:\/\/denizcankizil.tr\/de\/#\/schema\/logo\/image\/\",\"url\":\"https:\/\/denizcankizil.tr\/wp-content\/uploads\/2024\/10\/siyah-logo-svg.svg\",\"contentUrl\":\"https:\/\/denizcankizil.tr\/wp-content\/uploads\/2024\/10\/siyah-logo-svg.svg\",\"width\":1080,\"height\":1080,\"caption\":\"Av. Deniz Can K\u0131z\u0131l\"},\"image\":{\"@id\":\"https:\/\/denizcankizil.tr\/de\/#\/schema\/logo\/image\/\"}}]}<\/script>\n<!-- \/ Yoast SEO Premium plugin. -->","yoast_head_json":{"title":"Artvin'de \"Mesleki E\u011fitimin Gelece\u011fi \u00c7al\u0131\u015ftay\u0131\" d\u00fczenlendi - Av. Deniz Can K\u0131z\u0131l","robots":{"index":"index","follow":"follow","max-snippet":"max-snippet:-1","max-image-preview":"max-image-preview:large","max-video-preview":"max-video-preview:-1"},"canonical":"https:\/\/denizcankizil.tr\/ru\/haberler\/gundem\/artvinde-mesleki-egitimin-gelecegi-calistayi-duzenlendi\/","og_locale":"ru_RU","og_type":"article","og_title":"Artvin'de \"Mesleki E\u011fitimin Gelece\u011fi \u00c7al\u0131\u015ftay\u0131\" d\u00fczenlendi","og_description":"Artvin&#8217;de, nitelikli i\u015f g\u00fcc\u00fcn\u00fcn yeti\u015ftirilmesi amac\u0131yla &#8220;Mesleki E\u011fitimin Gelece\u011fi \u00c7al\u0131\u015ftay\u0131&#8221; ger\u00e7ekle\u015ftirildi.BAYRAM SARAYO\u011eLU \/ARTV\u0130N (\u0130GFA) &#8211;\u00a0Valilik koordinesinde \u0130l Milli E\u011fitim M\u00fcd\u00fcrl\u00fc\u011f\u00fcnce TOBB Mesleki ve Teknik Anadolu Lisesi Salonu&#8217;nda d\u00fczenlenen \u00e7al\u0131\u015ftayda, mesleki e\u011fitimin nitelik ve niceli\u011finin art\u0131r\u0131lmas\u0131, yeti\u015fmi\u015f eleman ihtiyac\u0131n\u0131n kar\u015f\u0131lanmas\u0131 konular\u0131 ele al\u0131nd\u0131. Vali Turan Erg\u00fcn, \u00e7al\u0131\u015ftay\u0131n, nitelikli i\u015f g\u00fcc\u00fcn\u00fcn yeti\u015ftirilmesi amac\u0131yla Milli E\u011fitim Bakanl\u0131\u011f\u0131nca yay\u0131mlanan Mesleki E\u011fitim Politika Belgesi do\u011frultusunda organize edildi\u011fini s\u00f6yledi. \u00c7al\u0131\u015ftayda kentin mesleki e\u011fitim alan\u0131ndaki ufku geni\u015fletilerek bir yol haritas\u0131 belirlenece\u011fini vurgulayan Erg\u00fcn, \u015f\u00f6yle konu\u015ftu: &#8220;Mesleki e\u011fitim, gen\u00e7lerimizin ilgilerini ve yeteneklerini ke\u015ffederek onlar\u0131 gelece\u011fe haz\u0131rlayan \u00f6nemli bir yolculuktur. Teoriyle prati\u011fin ba\u015far\u0131yla bulu\u015ftu\u011fu bu e\u011fitim modeliyle, istihdam \u00f6ncelikli bir yakla\u015f\u0131mla \u00f6\u011frencilerimizin \u00e7e\u015fitli yetilerini geli\u015ftirmeleri, h\u0131zla geli\u015fen ve de\u011fi\u015fen bilgi \u00e7a\u011f\u0131na uyum sa\u011flamalar\u0131, ekonomik ve sosyal hayat\u0131n t\u00fcm evrelerine aktif kat\u0131lmalar\u0131 hedeflenmektedir.&#8221; Erg\u00fcn, devletin mesleki e\u011fitime destek amac\u0131yla \u00e7e\u015fitli te\u015fvikler verdi\u011fine dikkati \u00e7ekerek, \u015funlar\u0131 kaydetti: &#8220;Artvin&#8217;de Mesleki ve Teknik E\u011fitim Genel M\u00fcd\u00fcrl\u00fc\u011f\u00fcne ba\u011fl\u0131 16 lisemizde 1894, mesleki e\u011fitim merkezlerimizde ise 551 \u00f6\u011frencimiz bulunmaktad\u0131r. \u0130limizde devletimizin t\u00fcm desteklerine ek olarak T\u00fcrkiye Odalar ve Borsalar Birli\u011fi, Ayhan \u015eahenk Vakf\u0131 gibi kurulu\u015flar taraf\u0131ndan \u00f6\u011frencilerimize lise e\u011fitimi boyunca burs verilmektedir. Ayr\u0131ca yine mezun \u00f6\u011frencilerin izlenmesi mod\u00fcl\u00fcyle \u0130\u015eKUR&#8217;a m\u00fcracaat etmeleri sa\u011flanarak ilimizde aranan eleman ihtiyac\u0131 giderilmektedir.&#8221; \u00c7al\u0131\u015ftayda, \u0130l Milli E\u011fitim M\u00fcd\u00fcr\u00fc Fahri Acar ile &hellip;","og_url":"https:\/\/denizcankizil.tr\/ru\/haberler\/gundem\/artvinde-mesleki-egitimin-gelecegi-calistayi-duzenlendi\/","og_site_name":"Av. Deniz Can K\u0131z\u0131l","article_published_time":"2024-12-24T15:41:35+00:00","twitter_card":"summary_large_image","twitter_misc":{"\u041f\u0440\u0438\u043c\u0435\u0440\u043d\u043e\u0435 \u0432\u0440\u0435\u043c\u044f \u0434\u043b\u044f \u0447\u0442\u0435\u043d\u0438\u044f":"3 \u043c\u0438\u043d\u0443\u0442\u044b"},"schema":{"@context":"https:\/\/schema.org","@graph":[{"@type":"Article","@id":"https:\/\/denizcankizil.tr\/en\/haberler\/gundem\/artvinde-mesleki-egitimin-gelecegi-calistayi-duzenlendi\/#article","isPartOf":{"@id":"https:\/\/denizcankizil.tr\/en\/haberler\/gundem\/artvinde-mesleki-egitimin-gelecegi-calistayi-duzenlendi\/"},"author":{"name":"","@id":""},"headline":"Artvin&#8217;de &#8220;Mesleki E\u011fitimin Gelece\u011fi \u00c7al\u0131\u015ftay\u0131&#8221; d\u00fczenlendi","datePublished":"2024-12-24T15:41:35+00:00","mainEntityOfPage":{"@id":"https:\/\/denizcankizil.tr\/en\/haberler\/gundem\/artvinde-mesleki-egitimin-gelecegi-calistayi-duzenlendi\/"},"wordCount":671,"commentCount":0,"publisher":{"@id":"https:\/\/denizcankizil.tr\/de\/#organization"},"articleSection":["G\u00fcndem","Uncategorized"],"inLanguage":"ru-RU","potentialAction":[{"@type":"CommentAction","name":"Comment","target":["https:\/\/denizcankizil.tr\/en\/haberler\/gundem\/artvinde-mesleki-egitimin-gelecegi-calistayi-duzenlendi\/#respond"]}]},{"@type":"WebPage","@id":"https:\/\/denizcankizil.tr\/en\/haberler\/gundem\/artvinde-mesleki-egitimin-gelecegi-calistayi-duzenlendi\/","url":"https:\/\/denizcankizil.tr\/en\/haberler\/gundem\/artvinde-mesleki-egitimin-gelecegi-calistayi-duzenlendi\/","name":"Artvin'de \"Mesleki E\u011fitimin Gelece\u011fi \u00c7al\u0131\u015ftay\u0131\" d\u00fczenlendi - Av. Deniz Can K\u0131z\u0131l","isPartOf":{"@id":"https:\/\/denizcankizil.tr\/de\/#website"},"datePublished":"2024-12-24T15:41:35+00:00","breadcrumb":{"@id":"https:\/\/denizcankizil.tr\/en\/haberler\/gundem\/artvinde-mesleki-egitimin-gelecegi-calistayi-duzenlendi\/#breadcrumb"},"inLanguage":"ru-RU","potentialAction":[{"@type":"ReadAction","target":["https:\/\/denizcankizil.tr\/en\/haberler\/gundem\/artvinde-mesleki-egitimin-gelecegi-calistayi-duzenlendi\/"]}]},{"@type":"BreadcrumbList","@id":"https:\/\/denizcankizil.tr\/en\/haberler\/gundem\/artvinde-mesleki-egitimin-gelecegi-calistayi-duzenlendi\/#breadcrumb","itemListElement":[{"@type":"ListItem","position":1,"name":"Home","item":"https:\/\/denizcankizil.tr\/de\/"},{"@type":"ListItem","position":2,"name":"Artvin&#8217;de &#8220;Mesleki E\u011fitimin Gelece\u011fi \u00c7al\u0131\u015ftay\u0131&#8221; d\u00fczenlendi"}]},{"@type":"WebSite","@id":"https:\/\/denizcankizil.tr\/de\/#website","url":"https:\/\/denizcankizil.tr\/de\/","name":"Av. Deniz Can K\u0131z\u0131l","description":"Avukat Deniz Can K\u0131z\u0131l Antalya Barosu","publisher":{"@id":"https:\/\/denizcankizil.tr\/de\/#organization"},"potentialAction":[{"@type":"SearchAction","target":{"@type":"EntryPoint","urlTemplate":"https:\/\/denizcankizil.tr\/de\/?s={search_term_string}"},"query-input":{"@type":"PropertyValueSpecification","valueRequired":true,"valueName":"search_term_string"}}],"inLanguage":"ru-RU"},{"@type":"Organization","@id":"https:\/\/denizcankizil.tr\/de\/#organization","name":"Av. Deniz Can K\u0131z\u0131l","url":"https:\/\/denizcankizil.tr\/de\/","logo":{"@type":"ImageObject","inLanguage":"ru-RU","@id":"https:\/\/denizcankizil.tr\/de\/#\/schema\/logo\/image\/","url":"https:\/\/denizcankizil.tr\/wp-content\/uploads\/2024\/10\/siyah-logo-svg.svg","contentUrl":"https:\/\/denizcankizil.tr\/wp-content\/uploads\/2024\/10\/siyah-logo-svg.svg","width":1080,"height":1080,"caption":"Av. Deniz Can K\u0131z\u0131l"},"image":{"@id":"https:\/\/denizcankizil.tr\/de\/#\/schema\/logo\/image\/"}}]}},"_links":{"self":[{"href":"https:\/\/denizcankizil.tr\/ru\/wp-json\/wp\/v2\/posts\/22052","targetHints":{"allow":["GET"]}}],"collection":[{"href":"https:\/\/denizcankizil.tr\/ru\/wp-json\/wp\/v2\/posts"}],"about":[{"href":"https:\/\/denizcankizil.tr\/ru\/wp-json\/wp\/v2\/types\/post"}],"replies":[{"embeddable":true,"href":"https:\/\/denizcankizil.tr\/ru\/wp-json\/wp\/v2\/comments?post=22052"}],"version-history":[{"count":0,"href":"https:\/\/denizcankizil.tr\/ru\/wp-json\/wp\/v2\/posts\/22052\/revisions"}],"wp:attachment":[{"href":"https:\/\/denizcankizil.tr\/ru\/wp-json\/wp\/v2\/media?parent=22052"}],"wp:term":[{"taxonomy":"category","embeddable":true,"href":"https:\/\/denizcankizil.tr\/ru\/wp-json\/wp\/v2\/categories?post=22052"},{"taxonomy":"post_tag","embeddable":true,"href":"https:\/\/denizcankizil.tr\/ru\/wp-json\/wp\/v2\/tags?post=22052"}],"curies":[{"name":"wp","href":"https:\/\/api.w.org\/{rel}","templated":true}]}}