{"id":22024,"date":"2024-12-24T15:41:32","date_gmt":"2024-12-24T12:41:32","guid":{"rendered":"https:\/\/denizcankizil.tr\/uncategorized-tr\/borclu-adam-elinde-kazmayla-tehdide-geldi\/"},"modified":"2024-12-24T15:41:32","modified_gmt":"2024-12-24T12:41:32","slug":"borclu-adam-elinde-kazmayla-tehdide-geldi","status":"publish","type":"post","link":"https:\/\/denizcankizil.tr\/ru\/haberler\/antalya\/borclu-adam-elinde-kazmayla-tehdide-geldi\/","title":{"rendered":"Bor\u00e7lu adam elinde kazmayla tehdide geldi"},"content":{"rendered":"<p>Olay, Fatma Y\u0131ld\u0131z Ceylan&#8217;\u0131n i\u015fletmecili\u011fini yapt\u0131\u011f\u0131 optik ma\u011fazas\u0131nda meydana geldi. Daha \u00f6nce ald\u0131\u011f\u0131 g\u00f6zl\u00fc\u011f\u00fcn \u00fccretini \u00f6demeyen ve borcun tahsili i\u00e7in kendisiyle ileti\u015fime ge\u00e7ilen \u0130.\u015e., sabah saatlerinde ma\u011fazaya gelerek \u00e7al\u0131\u015fanlara hakaret etti ve borcunu \u00f6demeyece\u011fini belirtti. Ma\u011faza \u00e7al\u0131\u015fanlar\u0131n\u0131 tehdit eden \u015fah\u0131s, bir s\u00fcre sonra bu sefer elinde kazma ile yeniden i\u015f yerine geldi.<\/p>\n<p>Kom\u015fular m\u00fcdahale etti<br \/>\nElinde kazmayla ma\u011fazaya gelen \u0130.\u015e., d\u00fckkan sahibini arayarak tehditlerini s\u00fcrd\u00fcrd\u00fc. Olay\u0131 fark eden kom\u015fu esnaf\u0131n m\u00fcdahalesiyle \u015fah\u0131s i\u015f yerinden uzakla\u015ft\u0131r\u0131ld\u0131. Fatma Y\u0131ld\u0131z Ceylan&#8217;\u0131n durumu polise bildirmesiyle harekete ge\u00e7en ekipler, \u015fahs\u0131 k\u0131sa s\u00fcre i\u00e7inde yakalad\u0131.<\/p>\n<p>G\u00f6zalt\u0131na al\u0131nd\u0131<br \/>\nPolis ekipleri, \u015fahs\u0131 yakalad\u0131\u011f\u0131nda kazmay\u0131 hala yan\u0131nda ta\u015f\u0131d\u0131\u011f\u0131n\u0131 tespit etti. Fatma Y\u0131ld\u0131z Ceylan ise emniyete giderek \u015fah\u0131s hakk\u0131nda \u015fikayet\u00e7i oldu. Olayla ilgili olarak \u015fah\u0131s hakk\u0131nda &#8220;tehdit&#8221;, &#8220;huzur ve s\u00fckunu bozma&#8221; ve &#8220;silahla tehdit&#8221; su\u00e7lar\u0131ndan yasal i\u015flem ba\u015flat\u0131ld\u0131.<\/p>\n<p>G\u00fcvenlik kameralar\u0131na yans\u0131d\u0131<br \/>\n\u015e\u00fcpheli \u0130.\u015e.&#8217;nin elinde kazma ile i\u015f yeri \u00f6n\u00fcne gelip i\u015f yeri \u00e7al\u0131\u015fanlar\u0131yla tart\u0131\u015fmas\u0131 ve polisin i\u015f yerine gelip bilgi ald\u0131\u011f\u0131 g\u00f6r\u00fcnt\u00fcler g\u00fcvenlik kameras\u0131na yans\u0131d\u0131.<\/p>\n<p>\u201cB\u00f6yle bir olay\u0131 ilk defa ya\u015f\u0131yoruz\u201d<br \/>\nOlay sonras\u0131 a\u00e7\u0131klamalarda bulunan Fatma Y\u0131ld\u0131z Ceylan, \u015fahs\u0131n daha \u00f6nce i\u015f yerinden birka\u00e7 kez al\u0131\u015fveri\u015f yapt\u0131\u011f\u0131n\u0131 ve b\u00f6yle bir durumla daha \u00f6nce kar\u015f\u0131la\u015fmad\u0131klar\u0131n\u0131 belirtti. Ceylan, \u201cBorcunu \u00f6demesi i\u00e7in kibarca aramalar yapt\u0131k ama \u015fah\u0131s bu durumu tehdit ve kazmayla \u00e7\u00f6zmeye \u00e7al\u0131\u015ft\u0131. \u00c7al\u0131\u015fanlar\u0131m ve kom\u015fular\u0131m olay an\u0131nda korku dolu anlar ya\u015fad\u0131\u201d dedi.<br \/>\nPolis taraf\u0131ndan g\u00f6zalt\u0131na al\u0131nan \u0130.\u015e.&#8217;nin savc\u0131l\u0131k talimat\u0131yla akli dengesinin yerinde olup olmad\u0131\u011f\u0131n\u0131 tespiti i\u00e7in hastaneye g\u00f6nderildi\u011fi \u00f6\u011frenildi.<\/p>\n<p>Kaynak: www.kanalv.com.tr Haber Sitesinden Al\u0131nm\u0131\u015ft\u0131r.<\/p>","protected":false},"excerpt":{"rendered":"<p>Olay, Fatma Y\u0131ld\u0131z Ceylan&#8217;\u0131n i\u015fletmecili\u011fini yapt\u0131\u011f\u0131 optik ma\u011fazas\u0131nda meydana geldi. Daha \u00f6nce ald\u0131\u011f\u0131 g\u00f6zl\u00fc\u011f\u00fcn \u00fccretini \u00f6demeyen ve borcun tahsili i\u00e7in kendisiyle ileti\u015fime ge\u00e7ilen \u0130.\u015e., sabah saatlerinde ma\u011fazaya gelerek \u00e7al\u0131\u015fanlara hakaret etti ve borcunu \u00f6demeyece\u011fini belirtti. Ma\u011faza \u00e7al\u0131\u015fanlar\u0131n\u0131 tehdit eden \u015fah\u0131s, bir s\u00fcre sonra bu sefer elinde kazma ile yeniden i\u015f yerine geldi. Kom\u015fular m\u00fcdahale etti Elinde kazmayla ma\u011fazaya gelen \u0130.\u015e., d\u00fckkan sahibini arayarak tehditlerini s\u00fcrd\u00fcrd\u00fc. Olay\u0131 fark eden kom\u015fu esnaf\u0131n m\u00fcdahalesiyle \u015fah\u0131s i\u015f yerinden uzakla\u015ft\u0131r\u0131ld\u0131. Fatma Y\u0131ld\u0131z Ceylan&#8217;\u0131n durumu polise bildirmesiyle harekete ge\u00e7en ekipler, \u015fahs\u0131 k\u0131sa s\u00fcre i\u00e7inde yakalad\u0131. G\u00f6zalt\u0131na al\u0131nd\u0131 Polis ekipleri, \u015fahs\u0131 yakalad\u0131\u011f\u0131nda kazmay\u0131 hala yan\u0131nda ta\u015f\u0131d\u0131\u011f\u0131n\u0131 tespit etti. Fatma Y\u0131ld\u0131z Ceylan ise emniyete giderek \u015fah\u0131s hakk\u0131nda \u015fikayet\u00e7i oldu. Olayla ilgili olarak \u015fah\u0131s hakk\u0131nda &#8220;tehdit&#8221;, &#8220;huzur ve s\u00fckunu bozma&#8221; ve &#8220;silahla tehdit&#8221; su\u00e7lar\u0131ndan yasal i\u015flem ba\u015flat\u0131ld\u0131. G\u00fcvenlik kameralar\u0131na yans\u0131d\u0131 \u015e\u00fcpheli \u0130.\u015e.&#8217;nin elinde kazma ile i\u015f yeri \u00f6n\u00fcne gelip i\u015f yeri \u00e7al\u0131\u015fanlar\u0131yla tart\u0131\u015fmas\u0131 ve polisin i\u015f yerine gelip bilgi ald\u0131\u011f\u0131 g\u00f6r\u00fcnt\u00fcler g\u00fcvenlik kameras\u0131na yans\u0131d\u0131. \u201cB\u00f6yle bir olay\u0131 ilk defa ya\u015f\u0131yoruz\u201d Olay sonras\u0131 a\u00e7\u0131klamalarda bulunan Fatma Y\u0131ld\u0131z Ceylan, \u015fahs\u0131n daha \u00f6nce i\u015f yerinden birka\u00e7 kez al\u0131\u015fveri\u015f yapt\u0131\u011f\u0131n\u0131 ve b\u00f6yle bir durumla daha \u00f6nce kar\u015f\u0131la\u015fmad\u0131klar\u0131n\u0131 belirtti. Ceylan, \u201cBorcunu \u00f6demesi i\u00e7in kibarca aramalar yapt\u0131k ama \u015fah\u0131s bu durumu tehdit ve kazmayla \u00e7\u00f6zmeye &hellip;<\/p>","protected":false},"author":0,"featured_media":22025,"comment_status":"open","ping_status":"open","sticky":false,"template":"","format":"standard","meta":{"_acf_changed":false,"footnotes":""},"categories":[26,535],"tags":[],"class_list":["post-22024","post","type-post","status-publish","format-standard","has-post-thumbnail","hentry","category-antalya","category-uncategorized-tr"],"acf":[],"yoast_head":"<!-- This site is optimized with the Yoast SEO Premium plugin v26.6 (Yoast SEO v27.1.1) - https:\/\/yoast.com\/product\/yoast-seo-premium-wordpress\/ -->\n<title>Bor\u00e7lu adam elinde kazmayla tehdide geldi - Av. Deniz Can K\u0131z\u0131l<\/title>\n<meta name=\"robots\" content=\"index, follow, max-snippet:-1, max-image-preview:large, max-video-preview:-1\" \/>\n<link rel=\"canonical\" href=\"http:\/\/denizcankizil.tr\/ru\/haberler\/antalya\/borclu-adam-elinde-kazmayla-tehdide-geldi\/\" \/>\n<meta property=\"og:locale\" content=\"ru_RU\" \/>\n<meta property=\"og:type\" content=\"article\" \/>\n<meta property=\"og:title\" content=\"Bor\u00e7lu adam elinde kazmayla tehdide geldi\" \/>\n<meta property=\"og:description\" content=\"Olay, Fatma Y\u0131ld\u0131z Ceylan&#8217;\u0131n i\u015fletmecili\u011fini yapt\u0131\u011f\u0131 optik ma\u011fazas\u0131nda meydana geldi. Daha \u00f6nce ald\u0131\u011f\u0131 g\u00f6zl\u00fc\u011f\u00fcn \u00fccretini \u00f6demeyen ve borcun tahsili i\u00e7in kendisiyle ileti\u015fime ge\u00e7ilen \u0130.\u015e., sabah saatlerinde ma\u011fazaya gelerek \u00e7al\u0131\u015fanlara hakaret etti ve borcunu \u00f6demeyece\u011fini belirtti. Ma\u011faza \u00e7al\u0131\u015fanlar\u0131n\u0131 tehdit eden \u015fah\u0131s, bir s\u00fcre sonra bu sefer elinde kazma ile yeniden i\u015f yerine geldi. Kom\u015fular m\u00fcdahale etti Elinde kazmayla ma\u011fazaya gelen \u0130.\u015e., d\u00fckkan sahibini arayarak tehditlerini s\u00fcrd\u00fcrd\u00fc. Olay\u0131 fark eden kom\u015fu esnaf\u0131n m\u00fcdahalesiyle \u015fah\u0131s i\u015f yerinden uzakla\u015ft\u0131r\u0131ld\u0131. Fatma Y\u0131ld\u0131z Ceylan&#8217;\u0131n durumu polise bildirmesiyle harekete ge\u00e7en ekipler, \u015fahs\u0131 k\u0131sa s\u00fcre i\u00e7inde yakalad\u0131. G\u00f6zalt\u0131na al\u0131nd\u0131 Polis ekipleri, \u015fahs\u0131 yakalad\u0131\u011f\u0131nda kazmay\u0131 hala yan\u0131nda ta\u015f\u0131d\u0131\u011f\u0131n\u0131 tespit etti. Fatma Y\u0131ld\u0131z Ceylan ise emniyete giderek \u015fah\u0131s hakk\u0131nda \u015fikayet\u00e7i oldu. Olayla ilgili olarak \u015fah\u0131s hakk\u0131nda &#8220;tehdit&#8221;, &#8220;huzur ve s\u00fckunu bozma&#8221; ve &#8220;silahla tehdit&#8221; su\u00e7lar\u0131ndan yasal i\u015flem ba\u015flat\u0131ld\u0131. G\u00fcvenlik kameralar\u0131na yans\u0131d\u0131 \u015e\u00fcpheli \u0130.\u015e.&#8217;nin elinde kazma ile i\u015f yeri \u00f6n\u00fcne gelip i\u015f yeri \u00e7al\u0131\u015fanlar\u0131yla tart\u0131\u015fmas\u0131 ve polisin i\u015f yerine gelip bilgi ald\u0131\u011f\u0131 g\u00f6r\u00fcnt\u00fcler g\u00fcvenlik kameras\u0131na yans\u0131d\u0131. \u201cB\u00f6yle bir olay\u0131 ilk defa ya\u015f\u0131yoruz\u201d Olay sonras\u0131 a\u00e7\u0131klamalarda bulunan Fatma Y\u0131ld\u0131z Ceylan, \u015fahs\u0131n daha \u00f6nce i\u015f yerinden birka\u00e7 kez al\u0131\u015fveri\u015f yapt\u0131\u011f\u0131n\u0131 ve b\u00f6yle bir durumla daha \u00f6nce kar\u015f\u0131la\u015fmad\u0131klar\u0131n\u0131 belirtti. Ceylan, \u201cBorcunu \u00f6demesi i\u00e7in kibarca aramalar yapt\u0131k ama \u015fah\u0131s bu durumu tehdit ve kazmayla \u00e7\u00f6zmeye &hellip;\" \/>\n<meta property=\"og:url\" content=\"http:\/\/denizcankizil.tr\/ru\/haberler\/antalya\/borclu-adam-elinde-kazmayla-tehdide-geldi\/\" \/>\n<meta property=\"og:site_name\" content=\"Av. Deniz Can K\u0131z\u0131l\" \/>\n<meta property=\"article:published_time\" content=\"2024-12-24T12:41:32+00:00\" \/>\n<meta property=\"og:image\" content=\"http:\/\/denizcankizil.tr\/wp-content\/uploads\/2024\/12\/3739-01-siuSMq.jpeg\" \/>\n\t<meta property=\"og:image:width\" content=\"1280\" \/>\n\t<meta property=\"og:image:height\" content=\"720\" \/>\n\t<meta property=\"og:image:type\" content=\"image\/jpeg\" \/>\n<meta name=\"twitter:card\" content=\"summary_large_image\" \/>\n<meta name=\"twitter:label1\" content=\"\u041f\u0440\u0438\u043c\u0435\u0440\u043d\u043e\u0435 \u0432\u0440\u0435\u043c\u044f \u0434\u043b\u044f \u0447\u0442\u0435\u043d\u0438\u044f\" \/>\n\t<meta name=\"twitter:data1\" content=\"2 \u043c\u0438\u043d\u0443\u0442\u044b\" \/>\n<script type=\"application\/ld+json\" class=\"yoast-schema-graph\">{\"@context\":\"https:\/\/schema.org\",\"@graph\":[{\"@type\":\"Article\",\"@id\":\"http:\/\/denizcankizil.tr\/de\/haberler\/antalya\/borclu-adam-elinde-kazmayla-tehdide-geldi\/#article\",\"isPartOf\":{\"@id\":\"http:\/\/denizcankizil.tr\/de\/haberler\/antalya\/borclu-adam-elinde-kazmayla-tehdide-geldi\/\"},\"author\":{\"name\":\"\",\"@id\":\"\"},\"headline\":\"Bor\u00e7lu adam elinde kazmayla tehdide geldi\",\"datePublished\":\"2024-12-24T12:41:32+00:00\",\"mainEntityOfPage\":{\"@id\":\"http:\/\/denizcankizil.tr\/de\/haberler\/antalya\/borclu-adam-elinde-kazmayla-tehdide-geldi\/\"},\"wordCount\":351,\"commentCount\":0,\"publisher\":{\"@id\":\"https:\/\/denizcankizil.tr\/de\/#organization\"},\"image\":{\"@id\":\"http:\/\/denizcankizil.tr\/de\/haberler\/antalya\/borclu-adam-elinde-kazmayla-tehdide-geldi\/#primaryimage\"},\"thumbnailUrl\":\"https:\/\/denizcankizil.tr\/wp-content\/uploads\/2024\/12\/3739-01-siuSMq.jpeg\",\"articleSection\":[\"Antalya\",\"Uncategorized\"],\"inLanguage\":\"ru-RU\",\"potentialAction\":[{\"@type\":\"CommentAction\",\"name\":\"Comment\",\"target\":[\"http:\/\/denizcankizil.tr\/de\/haberler\/antalya\/borclu-adam-elinde-kazmayla-tehdide-geldi\/#respond\"]}]},{\"@type\":\"WebPage\",\"@id\":\"http:\/\/denizcankizil.tr\/de\/haberler\/antalya\/borclu-adam-elinde-kazmayla-tehdide-geldi\/\",\"url\":\"http:\/\/denizcankizil.tr\/de\/haberler\/antalya\/borclu-adam-elinde-kazmayla-tehdide-geldi\/\",\"name\":\"Bor\u00e7lu adam elinde kazmayla tehdide geldi - Av. Deniz Can K\u0131z\u0131l\",\"isPartOf\":{\"@id\":\"https:\/\/denizcankizil.tr\/de\/#website\"},\"primaryImageOfPage\":{\"@id\":\"http:\/\/denizcankizil.tr\/de\/haberler\/antalya\/borclu-adam-elinde-kazmayla-tehdide-geldi\/#primaryimage\"},\"image\":{\"@id\":\"http:\/\/denizcankizil.tr\/de\/haberler\/antalya\/borclu-adam-elinde-kazmayla-tehdide-geldi\/#primaryimage\"},\"thumbnailUrl\":\"https:\/\/denizcankizil.tr\/wp-content\/uploads\/2024\/12\/3739-01-siuSMq.jpeg\",\"datePublished\":\"2024-12-24T12:41:32+00:00\",\"breadcrumb\":{\"@id\":\"http:\/\/denizcankizil.tr\/de\/haberler\/antalya\/borclu-adam-elinde-kazmayla-tehdide-geldi\/#breadcrumb\"},\"inLanguage\":\"ru-RU\",\"potentialAction\":[{\"@type\":\"ReadAction\",\"target\":[\"http:\/\/denizcankizil.tr\/de\/haberler\/antalya\/borclu-adam-elinde-kazmayla-tehdide-geldi\/\"]}]},{\"@type\":\"ImageObject\",\"inLanguage\":\"ru-RU\",\"@id\":\"http:\/\/denizcankizil.tr\/de\/haberler\/antalya\/borclu-adam-elinde-kazmayla-tehdide-geldi\/#primaryimage\",\"url\":\"https:\/\/denizcankizil.tr\/wp-content\/uploads\/2024\/12\/3739-01-siuSMq.jpeg\",\"contentUrl\":\"https:\/\/denizcankizil.tr\/wp-content\/uploads\/2024\/12\/3739-01-siuSMq.jpeg\",\"width\":1280,\"height\":720},{\"@type\":\"BreadcrumbList\",\"@id\":\"http:\/\/denizcankizil.tr\/de\/haberler\/antalya\/borclu-adam-elinde-kazmayla-tehdide-geldi\/#breadcrumb\",\"itemListElement\":[{\"@type\":\"ListItem\",\"position\":1,\"name\":\"Home\",\"item\":\"https:\/\/denizcankizil.tr\/de\/\"},{\"@type\":\"ListItem\",\"position\":2,\"name\":\"Bor\u00e7lu adam elinde kazmayla tehdide geldi\"}]},{\"@type\":\"WebSite\",\"@id\":\"https:\/\/denizcankizil.tr\/de\/#website\",\"url\":\"https:\/\/denizcankizil.tr\/de\/\",\"name\":\"Av. Deniz Can K\u0131z\u0131l\",\"description\":\"Avukat Deniz Can K\u0131z\u0131l Antalya Barosu\",\"publisher\":{\"@id\":\"https:\/\/denizcankizil.tr\/de\/#organization\"},\"potentialAction\":[{\"@type\":\"SearchAction\",\"target\":{\"@type\":\"EntryPoint\",\"urlTemplate\":\"https:\/\/denizcankizil.tr\/de\/?s={search_term_string}\"},\"query-input\":{\"@type\":\"PropertyValueSpecification\",\"valueRequired\":true,\"valueName\":\"search_term_string\"}}],\"inLanguage\":\"ru-RU\"},{\"@type\":\"Organization\",\"@id\":\"https:\/\/denizcankizil.tr\/de\/#organization\",\"name\":\"Av. Deniz Can K\u0131z\u0131l\",\"url\":\"https:\/\/denizcankizil.tr\/de\/\",\"logo\":{\"@type\":\"ImageObject\",\"inLanguage\":\"ru-RU\",\"@id\":\"https:\/\/denizcankizil.tr\/de\/#\/schema\/logo\/image\/\",\"url\":\"https:\/\/denizcankizil.tr\/wp-content\/uploads\/2024\/10\/siyah-logo-svg.svg\",\"contentUrl\":\"https:\/\/denizcankizil.tr\/wp-content\/uploads\/2024\/10\/siyah-logo-svg.svg\",\"width\":1080,\"height\":1080,\"caption\":\"Av. Deniz Can K\u0131z\u0131l\"},\"image\":{\"@id\":\"https:\/\/denizcankizil.tr\/de\/#\/schema\/logo\/image\/\"}}]}<\/script>\n<!-- \/ Yoast SEO Premium plugin. -->","yoast_head_json":{"title":"Bor\u00e7lu adam elinde kazmayla tehdide geldi - Av. Deniz Can K\u0131z\u0131l","robots":{"index":"index","follow":"follow","max-snippet":"max-snippet:-1","max-image-preview":"max-image-preview:large","max-video-preview":"max-video-preview:-1"},"canonical":"http:\/\/denizcankizil.tr\/ru\/haberler\/antalya\/borclu-adam-elinde-kazmayla-tehdide-geldi\/","og_locale":"ru_RU","og_type":"article","og_title":"Bor\u00e7lu adam elinde kazmayla tehdide geldi","og_description":"Olay, Fatma Y\u0131ld\u0131z Ceylan&#8217;\u0131n i\u015fletmecili\u011fini yapt\u0131\u011f\u0131 optik ma\u011fazas\u0131nda meydana geldi. Daha \u00f6nce ald\u0131\u011f\u0131 g\u00f6zl\u00fc\u011f\u00fcn \u00fccretini \u00f6demeyen ve borcun tahsili i\u00e7in kendisiyle ileti\u015fime ge\u00e7ilen \u0130.\u015e., sabah saatlerinde ma\u011fazaya gelerek \u00e7al\u0131\u015fanlara hakaret etti ve borcunu \u00f6demeyece\u011fini belirtti. Ma\u011faza \u00e7al\u0131\u015fanlar\u0131n\u0131 tehdit eden \u015fah\u0131s, bir s\u00fcre sonra bu sefer elinde kazma ile yeniden i\u015f yerine geldi. Kom\u015fular m\u00fcdahale etti Elinde kazmayla ma\u011fazaya gelen \u0130.\u015e., d\u00fckkan sahibini arayarak tehditlerini s\u00fcrd\u00fcrd\u00fc. Olay\u0131 fark eden kom\u015fu esnaf\u0131n m\u00fcdahalesiyle \u015fah\u0131s i\u015f yerinden uzakla\u015ft\u0131r\u0131ld\u0131. Fatma Y\u0131ld\u0131z Ceylan&#8217;\u0131n durumu polise bildirmesiyle harekete ge\u00e7en ekipler, \u015fahs\u0131 k\u0131sa s\u00fcre i\u00e7inde yakalad\u0131. G\u00f6zalt\u0131na al\u0131nd\u0131 Polis ekipleri, \u015fahs\u0131 yakalad\u0131\u011f\u0131nda kazmay\u0131 hala yan\u0131nda ta\u015f\u0131d\u0131\u011f\u0131n\u0131 tespit etti. Fatma Y\u0131ld\u0131z Ceylan ise emniyete giderek \u015fah\u0131s hakk\u0131nda \u015fikayet\u00e7i oldu. Olayla ilgili olarak \u015fah\u0131s hakk\u0131nda &#8220;tehdit&#8221;, &#8220;huzur ve s\u00fckunu bozma&#8221; ve &#8220;silahla tehdit&#8221; su\u00e7lar\u0131ndan yasal i\u015flem ba\u015flat\u0131ld\u0131. G\u00fcvenlik kameralar\u0131na yans\u0131d\u0131 \u015e\u00fcpheli \u0130.\u015e.&#8217;nin elinde kazma ile i\u015f yeri \u00f6n\u00fcne gelip i\u015f yeri \u00e7al\u0131\u015fanlar\u0131yla tart\u0131\u015fmas\u0131 ve polisin i\u015f yerine gelip bilgi ald\u0131\u011f\u0131 g\u00f6r\u00fcnt\u00fcler g\u00fcvenlik kameras\u0131na yans\u0131d\u0131. \u201cB\u00f6yle bir olay\u0131 ilk defa ya\u015f\u0131yoruz\u201d Olay sonras\u0131 a\u00e7\u0131klamalarda bulunan Fatma Y\u0131ld\u0131z Ceylan, \u015fahs\u0131n daha \u00f6nce i\u015f yerinden birka\u00e7 kez al\u0131\u015fveri\u015f yapt\u0131\u011f\u0131n\u0131 ve b\u00f6yle bir durumla daha \u00f6nce kar\u015f\u0131la\u015fmad\u0131klar\u0131n\u0131 belirtti. Ceylan, \u201cBorcunu \u00f6demesi i\u00e7in kibarca aramalar yapt\u0131k ama \u015fah\u0131s bu durumu tehdit ve kazmayla \u00e7\u00f6zmeye &hellip;","og_url":"http:\/\/denizcankizil.tr\/ru\/haberler\/antalya\/borclu-adam-elinde-kazmayla-tehdide-geldi\/","og_site_name":"Av. Deniz Can K\u0131z\u0131l","article_published_time":"2024-12-24T12:41:32+00:00","og_image":[{"width":1280,"height":720,"url":"http:\/\/denizcankizil.tr\/wp-content\/uploads\/2024\/12\/3739-01-siuSMq.jpeg","type":"image\/jpeg"}],"twitter_card":"summary_large_image","twitter_misc":{"\u041f\u0440\u0438\u043c\u0435\u0440\u043d\u043e\u0435 \u0432\u0440\u0435\u043c\u044f \u0434\u043b\u044f \u0447\u0442\u0435\u043d\u0438\u044f":"2 \u043c\u0438\u043d\u0443\u0442\u044b"},"schema":{"@context":"https:\/\/schema.org","@graph":[{"@type":"Article","@id":"http:\/\/denizcankizil.tr\/de\/haberler\/antalya\/borclu-adam-elinde-kazmayla-tehdide-geldi\/#article","isPartOf":{"@id":"http:\/\/denizcankizil.tr\/de\/haberler\/antalya\/borclu-adam-elinde-kazmayla-tehdide-geldi\/"},"author":{"name":"","@id":""},"headline":"Bor\u00e7lu adam elinde kazmayla tehdide geldi","datePublished":"2024-12-24T12:41:32+00:00","mainEntityOfPage":{"@id":"http:\/\/denizcankizil.tr\/de\/haberler\/antalya\/borclu-adam-elinde-kazmayla-tehdide-geldi\/"},"wordCount":351,"commentCount":0,"publisher":{"@id":"https:\/\/denizcankizil.tr\/de\/#organization"},"image":{"@id":"http:\/\/denizcankizil.tr\/de\/haberler\/antalya\/borclu-adam-elinde-kazmayla-tehdide-geldi\/#primaryimage"},"thumbnailUrl":"https:\/\/denizcankizil.tr\/wp-content\/uploads\/2024\/12\/3739-01-siuSMq.jpeg","articleSection":["Antalya","Uncategorized"],"inLanguage":"ru-RU","potentialAction":[{"@type":"CommentAction","name":"Comment","target":["http:\/\/denizcankizil.tr\/de\/haberler\/antalya\/borclu-adam-elinde-kazmayla-tehdide-geldi\/#respond"]}]},{"@type":"WebPage","@id":"http:\/\/denizcankizil.tr\/de\/haberler\/antalya\/borclu-adam-elinde-kazmayla-tehdide-geldi\/","url":"http:\/\/denizcankizil.tr\/de\/haberler\/antalya\/borclu-adam-elinde-kazmayla-tehdide-geldi\/","name":"Bor\u00e7lu adam elinde kazmayla tehdide geldi - Av. Deniz Can K\u0131z\u0131l","isPartOf":{"@id":"https:\/\/denizcankizil.tr\/de\/#website"},"primaryImageOfPage":{"@id":"http:\/\/denizcankizil.tr\/de\/haberler\/antalya\/borclu-adam-elinde-kazmayla-tehdide-geldi\/#primaryimage"},"image":{"@id":"http:\/\/denizcankizil.tr\/de\/haberler\/antalya\/borclu-adam-elinde-kazmayla-tehdide-geldi\/#primaryimage"},"thumbnailUrl":"https:\/\/denizcankizil.tr\/wp-content\/uploads\/2024\/12\/3739-01-siuSMq.jpeg","datePublished":"2024-12-24T12:41:32+00:00","breadcrumb":{"@id":"http:\/\/denizcankizil.tr\/de\/haberler\/antalya\/borclu-adam-elinde-kazmayla-tehdide-geldi\/#breadcrumb"},"inLanguage":"ru-RU","potentialAction":[{"@type":"ReadAction","target":["http:\/\/denizcankizil.tr\/de\/haberler\/antalya\/borclu-adam-elinde-kazmayla-tehdide-geldi\/"]}]},{"@type":"ImageObject","inLanguage":"ru-RU","@id":"http:\/\/denizcankizil.tr\/de\/haberler\/antalya\/borclu-adam-elinde-kazmayla-tehdide-geldi\/#primaryimage","url":"https:\/\/denizcankizil.tr\/wp-content\/uploads\/2024\/12\/3739-01-siuSMq.jpeg","contentUrl":"https:\/\/denizcankizil.tr\/wp-content\/uploads\/2024\/12\/3739-01-siuSMq.jpeg","width":1280,"height":720},{"@type":"BreadcrumbList","@id":"http:\/\/denizcankizil.tr\/de\/haberler\/antalya\/borclu-adam-elinde-kazmayla-tehdide-geldi\/#breadcrumb","itemListElement":[{"@type":"ListItem","position":1,"name":"Home","item":"https:\/\/denizcankizil.tr\/de\/"},{"@type":"ListItem","position":2,"name":"Bor\u00e7lu adam elinde kazmayla tehdide geldi"}]},{"@type":"WebSite","@id":"https:\/\/denizcankizil.tr\/de\/#website","url":"https:\/\/denizcankizil.tr\/de\/","name":"Av. Deniz Can K\u0131z\u0131l","description":"Avukat Deniz Can K\u0131z\u0131l Antalya Barosu","publisher":{"@id":"https:\/\/denizcankizil.tr\/de\/#organization"},"potentialAction":[{"@type":"SearchAction","target":{"@type":"EntryPoint","urlTemplate":"https:\/\/denizcankizil.tr\/de\/?s={search_term_string}"},"query-input":{"@type":"PropertyValueSpecification","valueRequired":true,"valueName":"search_term_string"}}],"inLanguage":"ru-RU"},{"@type":"Organization","@id":"https:\/\/denizcankizil.tr\/de\/#organization","name":"Av. Deniz Can K\u0131z\u0131l","url":"https:\/\/denizcankizil.tr\/de\/","logo":{"@type":"ImageObject","inLanguage":"ru-RU","@id":"https:\/\/denizcankizil.tr\/de\/#\/schema\/logo\/image\/","url":"https:\/\/denizcankizil.tr\/wp-content\/uploads\/2024\/10\/siyah-logo-svg.svg","contentUrl":"https:\/\/denizcankizil.tr\/wp-content\/uploads\/2024\/10\/siyah-logo-svg.svg","width":1080,"height":1080,"caption":"Av. Deniz Can K\u0131z\u0131l"},"image":{"@id":"https:\/\/denizcankizil.tr\/de\/#\/schema\/logo\/image\/"}}]}},"_links":{"self":[{"href":"https:\/\/denizcankizil.tr\/ru\/wp-json\/wp\/v2\/posts\/22024","targetHints":{"allow":["GET"]}}],"collection":[{"href":"https:\/\/denizcankizil.tr\/ru\/wp-json\/wp\/v2\/posts"}],"about":[{"href":"https:\/\/denizcankizil.tr\/ru\/wp-json\/wp\/v2\/types\/post"}],"replies":[{"embeddable":true,"href":"https:\/\/denizcankizil.tr\/ru\/wp-json\/wp\/v2\/comments?post=22024"}],"version-history":[{"count":0,"href":"https:\/\/denizcankizil.tr\/ru\/wp-json\/wp\/v2\/posts\/22024\/revisions"}],"wp:featuredmedia":[{"embeddable":true,"href":"https:\/\/denizcankizil.tr\/ru\/wp-json\/wp\/v2\/media\/22025"}],"wp:attachment":[{"href":"https:\/\/denizcankizil.tr\/ru\/wp-json\/wp\/v2\/media?parent=22024"}],"wp:term":[{"taxonomy":"category","embeddable":true,"href":"https:\/\/denizcankizil.tr\/ru\/wp-json\/wp\/v2\/categories?post=22024"},{"taxonomy":"post_tag","embeddable":true,"href":"https:\/\/denizcankizil.tr\/ru\/wp-json\/wp\/v2\/tags?post=22024"}],"curies":[{"name":"wp","href":"https:\/\/api.w.org\/{rel}","templated":true}]}}