{"id":22008,"date":"2024-12-24T13:42:08","date_gmt":"2024-12-24T10:42:08","guid":{"rendered":"https:\/\/denizcankizil.tr\/uncategorized-tr\/manisa-sehidini-andi\/"},"modified":"2024-12-24T13:42:08","modified_gmt":"2024-12-24T10:42:08","slug":"manisa-sehidini-andi","status":"publish","type":"post","link":"https:\/\/denizcankizil.tr\/ru\/haberler\/gundem\/manisa-sehidini-andi\/","title":{"rendered":"Manisa \u015fehidini and\u0131!"},"content":{"rendered":"<p>Irak&#8217;\u0131n kuzeyinde \u015fehit olan Manisal\u0131 Piyade S\u00f6zle\u015fmeli Er Enis Budak, \u015fehit olu\u015funun birinci y\u0131l\u0131nda memleketinde an\u0131ld\u0131.MAN\u0130SA (\u0130GFA) &#8211;\u00a0T\u00fcrkiye Harp Malul\u00fc Gaziler \u015eehit Dul ve Yetimleri Derne\u011fi Manisa \u015eubesi\u2019nin d\u00fczenledi\u011fi t\u00f6renin ard\u0131ndan, \u015fehidin hat\u0131ralar\u0131n\u0131 ya\u015fatan serginin a\u00e7\u0131l\u0131\u015f\u0131 yap\u0131ld\u0131. \u015eehidin ailesi duygusal anlar ya\u015farken, karde\u015fi Yunus Budak, \u201cinsanlar d\u00f6rt kucak sar\u0131ld\u0131 bizlere\u201d diye konu\u015ftu.<br \/>\nIrak\u2019\u0131n Kuzeyi\u2019nde g\u00f6rev yapt\u0131\u011f\u0131 s\u0131rada PKK&#8217;l\u0131 ter\u00f6ristler taraf\u0131ndan d\u00fczenlenen hain sald\u0131r\u0131da \u015fehit olan Manisal\u0131 Piyade S\u00f6zle\u015fmeli Er Enis Budak, \u015fehadetinin birinci y\u0131l\u0131nda Yunusemre il\u00e7esinde bulunan Saruhanbey Camii\u2019nde d\u00fczenlenen t\u00f6renle an\u0131ld\u0131. \u015eehidin ailesi zaman zaman duygular\u0131na hakim olamazken, \u015fehidin karde\u015fi Yunus Budak, \u201c\u0130nsan\u0131m\u0131z, halk\u0131m\u0131z hep yan\u0131m\u0131zda oldu. \u00c7ok \u015f\u00fck\u00fcr. B\u00fcy\u00fck\u015fehir Belediyemiz, komutanlar\u0131m\u0131z, il jandarma, kaymakam\u0131z, valimiz, devletimiz her zaman yan\u0131m\u0131zda. \u0130nsanlar d\u00f6rt kucak sar\u0131ld\u0131 bizlere. Rabbim hepsinden raz\u0131 olsun\u201d diye konu\u015ftu.<\/p>\n<p>ANMA T\u00d6REN\u0130NE YO\u011eUN KATILIM<br \/>\nManisal\u0131lar\u0131n yo\u011fun \u015fekilde kat\u0131ld\u0131\u011f\u0131 t\u00f6rende Yunusemre Kaymakam\u0131 Atilla Kantay, Manisa Garnizon Komutan\u0131 Piyade Albay Cengiz G\u00fcven,\u00a0 Manisa \u0130l Sa\u011fl\u0131k M\u00fcd\u00fcr\u00fc Erol Karaca, \u0130l Milli E\u011fitim M\u00fcd\u00fcr\u00fc Mehmet U\u011furelli, Manisa B\u00fcy\u00fck\u015fehir Belediyesi Sosyal Hizmetler Dairesi Ba\u015fkanl\u0131\u011f\u0131 \u015eehit Yak\u0131nlar\u0131 ve Gaziler \u015eube M\u00fcd\u00fcr\u00fc Sel\u00e7uk Y\u0131ld\u0131z, Yunusemre \u0130l\u00e7e Milli E\u011fitim M\u00fcd\u00fcr\u00fc Y\u0131ld\u0131ray Demirta\u015f, Manisa \u0130l M\u00fcft\u00fc Vekili Mehmet Nurlu, Yunusemre Belediye Ba\u015fkan Yard\u0131mc\u0131s\u0131 Mesut Do\u011fan, \u0130l Emniyet M\u00fcd\u00fcr Yard\u0131mc\u0131s\u0131 \u0130lker \u00c7etinkaya, Yunusemre \u0130l\u00e7e Emniyet M\u00fcd\u00fcr\u00fc H\u00fcsn\u00fc Uz, T\u00fcrkiye Harp Malul\u00fc Gaziler \u015eehit Dul ve Yetimleri Derne\u011fi Manisa \u015eube Ba\u015fkan\u0131 Yusuf K\u0131y\u0131\u015fkan, Yunusemre \u0130l\u00e7e M\u00fcft\u00fcs\u00fc Ali Efe, T\u00fcrkiye \u015eehit ve Gazi Vakf\u0131 Manisa \u015eube Ba\u015fkan\u0131 Sefer Day\u0131\u2019n\u0131n yan\u0131 s\u0131ra, \u00e7ok say\u0131da \u015fehit gazi ailesi ve emniyet personeli haz\u0131r bulundu. T\u00f6renin ard\u0131ndan \u015fehidin an\u0131lar\u0131n\u0131n yer ald\u0131\u011f\u0131 foto\u011fraf sergisinin a\u00e7\u0131l\u0131\u015f\u0131 ger\u00e7ekle\u015ftirildi, Mevlit okundu, dualar edildi.<\/p>\n<p>MAN\u0130SA B\u00dcY\u00dcK\u015eEH\u0130R BELED\u0130YES\u0130 YANINIZDA<br \/>\nManisa Garnizon Komutan\u0131 Piyade Albay Cengiz G\u00fcven ve Manisa B\u00fcy\u00fck\u015fehir Belediyesi \u015eehit Yak\u0131nlar\u0131 ve Gaziler \u015eube M\u00fcd\u00fcr\u00fc Sel\u00e7uk Y\u0131ld\u0131z\u2019\u0131n e\u015flik etti\u011fi aile \u015eehit Enis Budak\u2019\u0131n mezar\u0131n\u0131 da ziyaret etti. Sel\u00e7uk Y\u0131ld\u0131z, \u201cT\u00fcm aziz \u015fehitlerimize ve ebediyete irtihal etmi\u015f gazilerimize rahmet diliyorum. Manisa B\u00fcy\u00fck\u015fehir Belediyesi olarak \u015fehit ailelerimiz ve gazilerimizin daima yan\u0131nda olaca\u011f\u0131z&#8221; dedi.<\/p>\n<p>\u200bIrak&#8217;\u0131n kuzeyinde \u015fehit olan Manisal\u0131 Piyade S\u00f6zle\u015fmeli Er Enis Budak, \u015fehit olu\u015funun birinci y\u0131l\u0131nda memleketinde an\u0131ld\u0131.MAN\u0130SA (\u0130GFA) &#8211;\u00a0T\u00fcrkiye Harp Malul\u00fc Gaziler \u015eehit Dul ve Yetimleri Derne\u011fi Manisa \u015eubesi\u2019nin d\u00fczenledi\u011fi t\u00f6renin ard\u0131ndan, \u015fehidin hat\u0131ralar\u0131n\u0131 ya\u015fatan serginin a\u00e7\u0131l\u0131\u015f\u0131 yap\u0131ld\u0131. \u015eehidin ailesi duygusal anlar ya\u015farken, karde\u015fi Yunus Budak, \u201cinsanlar d\u00f6rt kucak sar\u0131ld\u0131 bizlere\u201d diye konu\u015ftu.<br \/>\nIrak\u2019\u0131n Kuzeyi\u2019nde g\u00f6rev yapt\u0131\u011f\u0131 s\u0131rada PKK&#8217;l\u0131 ter\u00f6ristler taraf\u0131ndan d\u00fczenlenen hain sald\u0131r\u0131da \u015fehit olan Manisal\u0131 Piyade S\u00f6zle\u015fmeli Er Enis Budak, \u015fehadetinin birinci y\u0131l\u0131nda Yunusemre il\u00e7esinde bulunan Saruhanbey Camii\u2019nde d\u00fczenlenen t\u00f6renle an\u0131ld\u0131. \u015eehidin ailesi zaman zaman duygular\u0131na hakim olamazken, \u015fehidin karde\u015fi Yunus Budak, \u201c\u0130nsan\u0131m\u0131z, halk\u0131m\u0131z hep yan\u0131m\u0131zda oldu. \u00c7ok \u015f\u00fck\u00fcr. B\u00fcy\u00fck\u015fehir Belediyemiz, komutanlar\u0131m\u0131z, il jandarma, kaymakam\u0131z, valimiz, devletimiz her zaman yan\u0131m\u0131zda. \u0130nsanlar d\u00f6rt kucak sar\u0131ld\u0131 bizlere. Rabbim hepsinden raz\u0131 olsun\u201d diye konu\u015ftu.<\/p>\n<p>ANMA T\u00d6REN\u0130NE YO\u011eUN KATILIM<br \/>\nManisal\u0131lar\u0131n yo\u011fun \u015fekilde kat\u0131ld\u0131\u011f\u0131 t\u00f6rende Yunusemre Kaymakam\u0131 Atilla Kantay, Manisa Garnizon Komutan\u0131 Piyade Albay Cengiz G\u00fcven,\u00a0 Manisa \u0130l Sa\u011fl\u0131k M\u00fcd\u00fcr\u00fc Erol Karaca, \u0130l Milli E\u011fitim M\u00fcd\u00fcr\u00fc Mehmet U\u011furelli, Manisa B\u00fcy\u00fck\u015fehir Belediyesi Sosyal Hizmetler Dairesi Ba\u015fkanl\u0131\u011f\u0131 \u015eehit Yak\u0131nlar\u0131 ve Gaziler \u015eube M\u00fcd\u00fcr\u00fc Sel\u00e7uk Y\u0131ld\u0131z, Yunusemre \u0130l\u00e7e Milli E\u011fitim M\u00fcd\u00fcr\u00fc Y\u0131ld\u0131ray Demirta\u015f, Manisa \u0130l M\u00fcft\u00fc Vekili Mehmet Nurlu, Yunusemre Belediye Ba\u015fkan Yard\u0131mc\u0131s\u0131 Mesut Do\u011fan, \u0130l Emniyet M\u00fcd\u00fcr Yard\u0131mc\u0131s\u0131 \u0130lker \u00c7etinkaya, Yunusemre \u0130l\u00e7e Emniyet M\u00fcd\u00fcr\u00fc H\u00fcsn\u00fc Uz, T\u00fcrkiye Harp Malul\u00fc Gaziler \u015eehit Dul ve Yetimleri Derne\u011fi Manisa \u015eube Ba\u015fkan\u0131 Yusuf K\u0131y\u0131\u015fkan, Yunusemre \u0130l\u00e7e M\u00fcft\u00fcs\u00fc Ali Efe, T\u00fcrkiye \u015eehit ve Gazi Vakf\u0131 Manisa \u015eube Ba\u015fkan\u0131 Sefer Day\u0131\u2019n\u0131n yan\u0131 s\u0131ra, \u00e7ok say\u0131da \u015fehit gazi ailesi ve emniyet personeli haz\u0131r bulundu. T\u00f6renin ard\u0131ndan \u015fehidin an\u0131lar\u0131n\u0131n yer ald\u0131\u011f\u0131 foto\u011fraf sergisinin a\u00e7\u0131l\u0131\u015f\u0131 ger\u00e7ekle\u015ftirildi, Mevlit okundu, dualar edildi.<\/p>\n<p>MAN\u0130SA B\u00dcY\u00dcK\u015eEH\u0130R BELED\u0130YES\u0130 YANINIZDA<br \/>\nManisa Garnizon Komutan\u0131 Piyade Albay Cengiz G\u00fcven ve Manisa B\u00fcy\u00fck\u015fehir Belediyesi \u015eehit Yak\u0131nlar\u0131 ve Gaziler \u015eube M\u00fcd\u00fcr\u00fc Sel\u00e7uk Y\u0131ld\u0131z\u2019\u0131n e\u015flik etti\u011fi aile \u015eehit Enis Budak\u2019\u0131n mezar\u0131n\u0131 da ziyaret etti. Sel\u00e7uk Y\u0131ld\u0131z, \u201cT\u00fcm aziz \u015fehitlerimize ve ebediyete irtihal etmi\u015f gazilerimize rahmet diliyorum. Manisa B\u00fcy\u00fck\u015fehir Belediyesi olarak \u015fehit ailelerimiz ve gazilerimizin daima yan\u0131nda olaca\u011f\u0131z&#8221; dedi.\u00a0<\/p>\n<p>\u200bHaberin Al\u0131nt\u0131land\u0131\u011f\u0131 Kaynak: www.iskenderun.org<\/p>","protected":false},"excerpt":{"rendered":"<p>Irak&#8217;\u0131n kuzeyinde \u015fehit olan Manisal\u0131 Piyade S\u00f6zle\u015fmeli Er Enis Budak, \u015fehit olu\u015funun birinci y\u0131l\u0131nda memleketinde an\u0131ld\u0131.MAN\u0130SA (\u0130GFA) &#8211;\u00a0T\u00fcrkiye Harp Malul\u00fc Gaziler \u015eehit Dul ve Yetimleri Derne\u011fi Manisa \u015eubesi\u2019nin d\u00fczenledi\u011fi t\u00f6renin ard\u0131ndan, \u015fehidin hat\u0131ralar\u0131n\u0131 ya\u015fatan serginin a\u00e7\u0131l\u0131\u015f\u0131 yap\u0131ld\u0131. \u015eehidin ailesi duygusal anlar ya\u015farken, karde\u015fi Yunus Budak, \u201cinsanlar d\u00f6rt kucak sar\u0131ld\u0131 bizlere\u201d diye konu\u015ftu. Irak\u2019\u0131n Kuzeyi\u2019nde g\u00f6rev yapt\u0131\u011f\u0131 s\u0131rada PKK&#8217;l\u0131 ter\u00f6ristler taraf\u0131ndan d\u00fczenlenen hain sald\u0131r\u0131da \u015fehit olan Manisal\u0131 Piyade S\u00f6zle\u015fmeli Er Enis Budak, \u015fehadetinin birinci y\u0131l\u0131nda Yunusemre il\u00e7esinde bulunan Saruhanbey Camii\u2019nde d\u00fczenlenen t\u00f6renle an\u0131ld\u0131. \u015eehidin ailesi zaman zaman duygular\u0131na hakim olamazken, \u015fehidin karde\u015fi Yunus Budak, \u201c\u0130nsan\u0131m\u0131z, halk\u0131m\u0131z hep yan\u0131m\u0131zda oldu. \u00c7ok \u015f\u00fck\u00fcr. B\u00fcy\u00fck\u015fehir Belediyemiz, komutanlar\u0131m\u0131z, il jandarma, kaymakam\u0131z, valimiz, devletimiz her zaman yan\u0131m\u0131zda. \u0130nsanlar d\u00f6rt kucak sar\u0131ld\u0131 bizlere. Rabbim hepsinden raz\u0131 olsun\u201d diye konu\u015ftu. ANMA T\u00d6REN\u0130NE YO\u011eUN KATILIM Manisal\u0131lar\u0131n yo\u011fun \u015fekilde kat\u0131ld\u0131\u011f\u0131 t\u00f6rende Yunusemre Kaymakam\u0131 Atilla Kantay, Manisa Garnizon Komutan\u0131 Piyade Albay Cengiz G\u00fcven,\u00a0 Manisa \u0130l Sa\u011fl\u0131k M\u00fcd\u00fcr\u00fc Erol Karaca, \u0130l Milli E\u011fitim M\u00fcd\u00fcr\u00fc Mehmet U\u011furelli, Manisa B\u00fcy\u00fck\u015fehir Belediyesi Sosyal Hizmetler Dairesi Ba\u015fkanl\u0131\u011f\u0131 \u015eehit Yak\u0131nlar\u0131 ve Gaziler \u015eube M\u00fcd\u00fcr\u00fc Sel\u00e7uk Y\u0131ld\u0131z, Yunusemre \u0130l\u00e7e Milli E\u011fitim M\u00fcd\u00fcr\u00fc Y\u0131ld\u0131ray Demirta\u015f, Manisa \u0130l M\u00fcft\u00fc Vekili Mehmet Nurlu, Yunusemre Belediye Ba\u015fkan Yard\u0131mc\u0131s\u0131 Mesut Do\u011fan, \u0130l Emniyet M\u00fcd\u00fcr Yard\u0131mc\u0131s\u0131 \u0130lker \u00c7etinkaya, Yunusemre \u0130l\u00e7e Emniyet M\u00fcd\u00fcr\u00fc H\u00fcsn\u00fc Uz, &hellip;<\/p>","protected":false},"author":0,"featured_media":0,"comment_status":"open","ping_status":"open","sticky":false,"template":"","format":"standard","meta":{"_acf_changed":false,"footnotes":""},"categories":[24,535],"tags":[],"class_list":["post-22008","post","type-post","status-publish","format-standard","has-post-thumbnail","hentry","category-gundem","category-uncategorized-tr"],"acf":[],"yoast_head":"<!-- This site is optimized with the Yoast SEO Premium plugin v26.6 (Yoast SEO v27.1.1) - https:\/\/yoast.com\/product\/yoast-seo-premium-wordpress\/ -->\n<title>Manisa \u015fehidini and\u0131! - Av. Deniz Can K\u0131z\u0131l<\/title>\n<meta name=\"robots\" content=\"index, follow, max-snippet:-1, max-image-preview:large, max-video-preview:-1\" \/>\n<link rel=\"canonical\" href=\"https:\/\/denizcankizil.tr\/ru\/haberler\/gundem\/manisa-sehidini-andi\/\" \/>\n<meta property=\"og:locale\" content=\"ru_RU\" \/>\n<meta property=\"og:type\" content=\"article\" \/>\n<meta property=\"og:title\" content=\"Manisa \u015fehidini and\u0131!\" \/>\n<meta property=\"og:description\" content=\"Irak&#8217;\u0131n kuzeyinde \u015fehit olan Manisal\u0131 Piyade S\u00f6zle\u015fmeli Er Enis Budak, \u015fehit olu\u015funun birinci y\u0131l\u0131nda memleketinde an\u0131ld\u0131.MAN\u0130SA (\u0130GFA) &#8211;\u00a0T\u00fcrkiye Harp Malul\u00fc Gaziler \u015eehit Dul ve Yetimleri Derne\u011fi Manisa \u015eubesi\u2019nin d\u00fczenledi\u011fi t\u00f6renin ard\u0131ndan, \u015fehidin hat\u0131ralar\u0131n\u0131 ya\u015fatan serginin a\u00e7\u0131l\u0131\u015f\u0131 yap\u0131ld\u0131. \u015eehidin ailesi duygusal anlar ya\u015farken, karde\u015fi Yunus Budak, \u201cinsanlar d\u00f6rt kucak sar\u0131ld\u0131 bizlere\u201d diye konu\u015ftu. Irak\u2019\u0131n Kuzeyi\u2019nde g\u00f6rev yapt\u0131\u011f\u0131 s\u0131rada PKK&#8217;l\u0131 ter\u00f6ristler taraf\u0131ndan d\u00fczenlenen hain sald\u0131r\u0131da \u015fehit olan Manisal\u0131 Piyade S\u00f6zle\u015fmeli Er Enis Budak, \u015fehadetinin birinci y\u0131l\u0131nda Yunusemre il\u00e7esinde bulunan Saruhanbey Camii\u2019nde d\u00fczenlenen t\u00f6renle an\u0131ld\u0131. \u015eehidin ailesi zaman zaman duygular\u0131na hakim olamazken, \u015fehidin karde\u015fi Yunus Budak, \u201c\u0130nsan\u0131m\u0131z, halk\u0131m\u0131z hep yan\u0131m\u0131zda oldu. \u00c7ok \u015f\u00fck\u00fcr. B\u00fcy\u00fck\u015fehir Belediyemiz, komutanlar\u0131m\u0131z, il jandarma, kaymakam\u0131z, valimiz, devletimiz her zaman yan\u0131m\u0131zda. \u0130nsanlar d\u00f6rt kucak sar\u0131ld\u0131 bizlere. Rabbim hepsinden raz\u0131 olsun\u201d diye konu\u015ftu. ANMA T\u00d6REN\u0130NE YO\u011eUN KATILIM Manisal\u0131lar\u0131n yo\u011fun \u015fekilde kat\u0131ld\u0131\u011f\u0131 t\u00f6rende Yunusemre Kaymakam\u0131 Atilla Kantay, Manisa Garnizon Komutan\u0131 Piyade Albay Cengiz G\u00fcven,\u00a0 Manisa \u0130l Sa\u011fl\u0131k M\u00fcd\u00fcr\u00fc Erol Karaca, \u0130l Milli E\u011fitim M\u00fcd\u00fcr\u00fc Mehmet U\u011furelli, Manisa B\u00fcy\u00fck\u015fehir Belediyesi Sosyal Hizmetler Dairesi Ba\u015fkanl\u0131\u011f\u0131 \u015eehit Yak\u0131nlar\u0131 ve Gaziler \u015eube M\u00fcd\u00fcr\u00fc Sel\u00e7uk Y\u0131ld\u0131z, Yunusemre \u0130l\u00e7e Milli E\u011fitim M\u00fcd\u00fcr\u00fc Y\u0131ld\u0131ray Demirta\u015f, Manisa \u0130l M\u00fcft\u00fc Vekili Mehmet Nurlu, Yunusemre Belediye Ba\u015fkan Yard\u0131mc\u0131s\u0131 Mesut Do\u011fan, \u0130l Emniyet M\u00fcd\u00fcr Yard\u0131mc\u0131s\u0131 \u0130lker \u00c7etinkaya, Yunusemre \u0130l\u00e7e Emniyet M\u00fcd\u00fcr\u00fc H\u00fcsn\u00fc Uz, &hellip;\" \/>\n<meta property=\"og:url\" content=\"https:\/\/denizcankizil.tr\/ru\/haberler\/gundem\/manisa-sehidini-andi\/\" \/>\n<meta property=\"og:site_name\" content=\"Av. Deniz Can K\u0131z\u0131l\" \/>\n<meta property=\"article:published_time\" content=\"2024-12-24T10:42:08+00:00\" \/>\n<meta name=\"twitter:card\" content=\"summary_large_image\" \/>\n<meta name=\"twitter:label1\" content=\"\u041f\u0440\u0438\u043c\u0435\u0440\u043d\u043e\u0435 \u0432\u0440\u0435\u043c\u044f \u0434\u043b\u044f \u0447\u0442\u0435\u043d\u0438\u044f\" \/>\n\t<meta name=\"twitter:data1\" content=\"5 \u043c\u0438\u043d\u0443\u0442\" \/>\n<script type=\"application\/ld+json\" class=\"yoast-schema-graph\">{\"@context\":\"https:\/\/schema.org\",\"@graph\":[{\"@type\":\"Article\",\"@id\":\"https:\/\/denizcankizil.tr\/ru\/haberler\/gundem\/manisa-sehidini-andi\/#article\",\"isPartOf\":{\"@id\":\"https:\/\/denizcankizil.tr\/ru\/haberler\/gundem\/manisa-sehidini-andi\/\"},\"author\":{\"name\":\"\",\"@id\":\"\"},\"headline\":\"Manisa \u015fehidini and\u0131!\",\"datePublished\":\"2024-12-24T10:42:08+00:00\",\"mainEntityOfPage\":{\"@id\":\"https:\/\/denizcankizil.tr\/ru\/haberler\/gundem\/manisa-sehidini-andi\/\"},\"wordCount\":967,\"commentCount\":0,\"publisher\":{\"@id\":\"https:\/\/denizcankizil.tr\/#organization\"},\"articleSection\":[\"G\u00fcndem\",\"Uncategorized\"],\"inLanguage\":\"ru-RU\",\"potentialAction\":[{\"@type\":\"CommentAction\",\"name\":\"Comment\",\"target\":[\"https:\/\/denizcankizil.tr\/ru\/haberler\/gundem\/manisa-sehidini-andi\/#respond\"]}]},{\"@type\":\"WebPage\",\"@id\":\"https:\/\/denizcankizil.tr\/ru\/haberler\/gundem\/manisa-sehidini-andi\/\",\"url\":\"https:\/\/denizcankizil.tr\/ru\/haberler\/gundem\/manisa-sehidini-andi\/\",\"name\":\"Manisa \u015fehidini and\u0131! - Av. Deniz Can K\u0131z\u0131l\",\"isPartOf\":{\"@id\":\"https:\/\/denizcankizil.tr\/#website\"},\"datePublished\":\"2024-12-24T10:42:08+00:00\",\"breadcrumb\":{\"@id\":\"https:\/\/denizcankizil.tr\/ru\/haberler\/gundem\/manisa-sehidini-andi\/#breadcrumb\"},\"inLanguage\":\"ru-RU\",\"potentialAction\":[{\"@type\":\"ReadAction\",\"target\":[\"https:\/\/denizcankizil.tr\/ru\/haberler\/gundem\/manisa-sehidini-andi\/\"]}]},{\"@type\":\"BreadcrumbList\",\"@id\":\"https:\/\/denizcankizil.tr\/ru\/haberler\/gundem\/manisa-sehidini-andi\/#breadcrumb\",\"itemListElement\":[{\"@type\":\"ListItem\",\"position\":1,\"name\":\"Home\",\"item\":\"https:\/\/denizcankizil.tr\/de\/\"},{\"@type\":\"ListItem\",\"position\":2,\"name\":\"Manisa \u015fehidini and\u0131!\"}]},{\"@type\":\"WebSite\",\"@id\":\"https:\/\/denizcankizil.tr\/#website\",\"url\":\"https:\/\/denizcankizil.tr\/\",\"name\":\"Av. Deniz Can K\u0131z\u0131l\",\"description\":\"Avukat Deniz Can K\u0131z\u0131l Antalya Barosu\",\"publisher\":{\"@id\":\"https:\/\/denizcankizil.tr\/#organization\"},\"potentialAction\":[{\"@type\":\"SearchAction\",\"target\":{\"@type\":\"EntryPoint\",\"urlTemplate\":\"https:\/\/denizcankizil.tr\/?s={search_term_string}\"},\"query-input\":{\"@type\":\"PropertyValueSpecification\",\"valueRequired\":true,\"valueName\":\"search_term_string\"}}],\"inLanguage\":\"ru-RU\"},{\"@type\":\"Organization\",\"@id\":\"https:\/\/denizcankizil.tr\/#organization\",\"name\":\"Av. Deniz Can K\u0131z\u0131l\",\"url\":\"https:\/\/denizcankizil.tr\/\",\"logo\":{\"@type\":\"ImageObject\",\"inLanguage\":\"ru-RU\",\"@id\":\"https:\/\/denizcankizil.tr\/#\/schema\/logo\/image\/\",\"url\":\"https:\/\/denizcankizil.tr\/wp-content\/uploads\/2024\/10\/siyah-logo-svg.svg\",\"contentUrl\":\"https:\/\/denizcankizil.tr\/wp-content\/uploads\/2024\/10\/siyah-logo-svg.svg\",\"width\":1080,\"height\":1080,\"caption\":\"Av. Deniz Can K\u0131z\u0131l\"},\"image\":{\"@id\":\"https:\/\/denizcankizil.tr\/#\/schema\/logo\/image\/\"}}]}<\/script>\n<!-- \/ Yoast SEO Premium plugin. -->","yoast_head_json":{"title":"Manisa \u015fehidini and\u0131! - Av. Deniz Can K\u0131z\u0131l","robots":{"index":"index","follow":"follow","max-snippet":"max-snippet:-1","max-image-preview":"max-image-preview:large","max-video-preview":"max-video-preview:-1"},"canonical":"https:\/\/denizcankizil.tr\/ru\/haberler\/gundem\/manisa-sehidini-andi\/","og_locale":"ru_RU","og_type":"article","og_title":"Manisa \u015fehidini and\u0131!","og_description":"Irak&#8217;\u0131n kuzeyinde \u015fehit olan Manisal\u0131 Piyade S\u00f6zle\u015fmeli Er Enis Budak, \u015fehit olu\u015funun birinci y\u0131l\u0131nda memleketinde an\u0131ld\u0131.MAN\u0130SA (\u0130GFA) &#8211;\u00a0T\u00fcrkiye Harp Malul\u00fc Gaziler \u015eehit Dul ve Yetimleri Derne\u011fi Manisa \u015eubesi\u2019nin d\u00fczenledi\u011fi t\u00f6renin ard\u0131ndan, \u015fehidin hat\u0131ralar\u0131n\u0131 ya\u015fatan serginin a\u00e7\u0131l\u0131\u015f\u0131 yap\u0131ld\u0131. \u015eehidin ailesi duygusal anlar ya\u015farken, karde\u015fi Yunus Budak, \u201cinsanlar d\u00f6rt kucak sar\u0131ld\u0131 bizlere\u201d diye konu\u015ftu. Irak\u2019\u0131n Kuzeyi\u2019nde g\u00f6rev yapt\u0131\u011f\u0131 s\u0131rada PKK&#8217;l\u0131 ter\u00f6ristler taraf\u0131ndan d\u00fczenlenen hain sald\u0131r\u0131da \u015fehit olan Manisal\u0131 Piyade S\u00f6zle\u015fmeli Er Enis Budak, \u015fehadetinin birinci y\u0131l\u0131nda Yunusemre il\u00e7esinde bulunan Saruhanbey Camii\u2019nde d\u00fczenlenen t\u00f6renle an\u0131ld\u0131. \u015eehidin ailesi zaman zaman duygular\u0131na hakim olamazken, \u015fehidin karde\u015fi Yunus Budak, \u201c\u0130nsan\u0131m\u0131z, halk\u0131m\u0131z hep yan\u0131m\u0131zda oldu. \u00c7ok \u015f\u00fck\u00fcr. B\u00fcy\u00fck\u015fehir Belediyemiz, komutanlar\u0131m\u0131z, il jandarma, kaymakam\u0131z, valimiz, devletimiz her zaman yan\u0131m\u0131zda. \u0130nsanlar d\u00f6rt kucak sar\u0131ld\u0131 bizlere. Rabbim hepsinden raz\u0131 olsun\u201d diye konu\u015ftu. ANMA T\u00d6REN\u0130NE YO\u011eUN KATILIM Manisal\u0131lar\u0131n yo\u011fun \u015fekilde kat\u0131ld\u0131\u011f\u0131 t\u00f6rende Yunusemre Kaymakam\u0131 Atilla Kantay, Manisa Garnizon Komutan\u0131 Piyade Albay Cengiz G\u00fcven,\u00a0 Manisa \u0130l Sa\u011fl\u0131k M\u00fcd\u00fcr\u00fc Erol Karaca, \u0130l Milli E\u011fitim M\u00fcd\u00fcr\u00fc Mehmet U\u011furelli, Manisa B\u00fcy\u00fck\u015fehir Belediyesi Sosyal Hizmetler Dairesi Ba\u015fkanl\u0131\u011f\u0131 \u015eehit Yak\u0131nlar\u0131 ve Gaziler \u015eube M\u00fcd\u00fcr\u00fc Sel\u00e7uk Y\u0131ld\u0131z, Yunusemre \u0130l\u00e7e Milli E\u011fitim M\u00fcd\u00fcr\u00fc Y\u0131ld\u0131ray Demirta\u015f, Manisa \u0130l M\u00fcft\u00fc Vekili Mehmet Nurlu, Yunusemre Belediye Ba\u015fkan Yard\u0131mc\u0131s\u0131 Mesut Do\u011fan, \u0130l Emniyet M\u00fcd\u00fcr Yard\u0131mc\u0131s\u0131 \u0130lker \u00c7etinkaya, Yunusemre \u0130l\u00e7e Emniyet M\u00fcd\u00fcr\u00fc H\u00fcsn\u00fc Uz, &hellip;","og_url":"https:\/\/denizcankizil.tr\/ru\/haberler\/gundem\/manisa-sehidini-andi\/","og_site_name":"Av. Deniz Can K\u0131z\u0131l","article_published_time":"2024-12-24T10:42:08+00:00","twitter_card":"summary_large_image","twitter_misc":{"\u041f\u0440\u0438\u043c\u0435\u0440\u043d\u043e\u0435 \u0432\u0440\u0435\u043c\u044f \u0434\u043b\u044f \u0447\u0442\u0435\u043d\u0438\u044f":"5 \u043c\u0438\u043d\u0443\u0442"},"schema":{"@context":"https:\/\/schema.org","@graph":[{"@type":"Article","@id":"https:\/\/denizcankizil.tr\/ru\/haberler\/gundem\/manisa-sehidini-andi\/#article","isPartOf":{"@id":"https:\/\/denizcankizil.tr\/ru\/haberler\/gundem\/manisa-sehidini-andi\/"},"author":{"name":"","@id":""},"headline":"Manisa \u015fehidini and\u0131!","datePublished":"2024-12-24T10:42:08+00:00","mainEntityOfPage":{"@id":"https:\/\/denizcankizil.tr\/ru\/haberler\/gundem\/manisa-sehidini-andi\/"},"wordCount":967,"commentCount":0,"publisher":{"@id":"https:\/\/denizcankizil.tr\/#organization"},"articleSection":["G\u00fcndem","Uncategorized"],"inLanguage":"ru-RU","potentialAction":[{"@type":"CommentAction","name":"Comment","target":["https:\/\/denizcankizil.tr\/ru\/haberler\/gundem\/manisa-sehidini-andi\/#respond"]}]},{"@type":"WebPage","@id":"https:\/\/denizcankizil.tr\/ru\/haberler\/gundem\/manisa-sehidini-andi\/","url":"https:\/\/denizcankizil.tr\/ru\/haberler\/gundem\/manisa-sehidini-andi\/","name":"Manisa \u015fehidini and\u0131! - Av. Deniz Can K\u0131z\u0131l","isPartOf":{"@id":"https:\/\/denizcankizil.tr\/#website"},"datePublished":"2024-12-24T10:42:08+00:00","breadcrumb":{"@id":"https:\/\/denizcankizil.tr\/ru\/haberler\/gundem\/manisa-sehidini-andi\/#breadcrumb"},"inLanguage":"ru-RU","potentialAction":[{"@type":"ReadAction","target":["https:\/\/denizcankizil.tr\/ru\/haberler\/gundem\/manisa-sehidini-andi\/"]}]},{"@type":"BreadcrumbList","@id":"https:\/\/denizcankizil.tr\/ru\/haberler\/gundem\/manisa-sehidini-andi\/#breadcrumb","itemListElement":[{"@type":"ListItem","position":1,"name":"Home","item":"https:\/\/denizcankizil.tr\/de\/"},{"@type":"ListItem","position":2,"name":"Manisa \u015fehidini and\u0131!"}]},{"@type":"WebSite","@id":"https:\/\/denizcankizil.tr\/#website","url":"https:\/\/denizcankizil.tr\/","name":"Av. Deniz Can K\u0131z\u0131l","description":"Avukat Deniz Can K\u0131z\u0131l Antalya Barosu","publisher":{"@id":"https:\/\/denizcankizil.tr\/#organization"},"potentialAction":[{"@type":"SearchAction","target":{"@type":"EntryPoint","urlTemplate":"https:\/\/denizcankizil.tr\/?s={search_term_string}"},"query-input":{"@type":"PropertyValueSpecification","valueRequired":true,"valueName":"search_term_string"}}],"inLanguage":"ru-RU"},{"@type":"Organization","@id":"https:\/\/denizcankizil.tr\/#organization","name":"Av. Deniz Can K\u0131z\u0131l","url":"https:\/\/denizcankizil.tr\/","logo":{"@type":"ImageObject","inLanguage":"ru-RU","@id":"https:\/\/denizcankizil.tr\/#\/schema\/logo\/image\/","url":"https:\/\/denizcankizil.tr\/wp-content\/uploads\/2024\/10\/siyah-logo-svg.svg","contentUrl":"https:\/\/denizcankizil.tr\/wp-content\/uploads\/2024\/10\/siyah-logo-svg.svg","width":1080,"height":1080,"caption":"Av. Deniz Can K\u0131z\u0131l"},"image":{"@id":"https:\/\/denizcankizil.tr\/#\/schema\/logo\/image\/"}}]}},"_links":{"self":[{"href":"https:\/\/denizcankizil.tr\/ru\/wp-json\/wp\/v2\/posts\/22008","targetHints":{"allow":["GET"]}}],"collection":[{"href":"https:\/\/denizcankizil.tr\/ru\/wp-json\/wp\/v2\/posts"}],"about":[{"href":"https:\/\/denizcankizil.tr\/ru\/wp-json\/wp\/v2\/types\/post"}],"replies":[{"embeddable":true,"href":"https:\/\/denizcankizil.tr\/ru\/wp-json\/wp\/v2\/comments?post=22008"}],"version-history":[{"count":0,"href":"https:\/\/denizcankizil.tr\/ru\/wp-json\/wp\/v2\/posts\/22008\/revisions"}],"wp:attachment":[{"href":"https:\/\/denizcankizil.tr\/ru\/wp-json\/wp\/v2\/media?parent=22008"}],"wp:term":[{"taxonomy":"category","embeddable":true,"href":"https:\/\/denizcankizil.tr\/ru\/wp-json\/wp\/v2\/categories?post=22008"},{"taxonomy":"post_tag","embeddable":true,"href":"https:\/\/denizcankizil.tr\/ru\/wp-json\/wp\/v2\/tags?post=22008"}],"curies":[{"name":"wp","href":"https:\/\/api.w.org\/{rel}","templated":true}]}}