{"id":21817,"date":"2024-12-23T09:41:13","date_gmt":"2024-12-23T06:41:13","guid":{"rendered":"https:\/\/denizcankizil.tr\/uncategorized-tr\/25-metreden-yuvarlanan-kamyonette-1-olu-1-yarali\/"},"modified":"2024-12-23T09:41:13","modified_gmt":"2024-12-23T06:41:13","slug":"25-metreden-yuvarlanan-kamyonette-1-olu-1-yarali","status":"publish","type":"post","link":"https:\/\/denizcankizil.tr\/ru\/haberler\/antalya\/25-metreden-yuvarlanan-kamyonette-1-olu-1-yarali\/","title":{"rendered":"25 metreden yuvarlanan kamyonette 1 \u00f6l\u00fc, 1 yaral\u0131"},"content":{"rendered":"<p>Kaza, saat 12.30 s\u0131ralar\u0131nda Alanya&#8217;n\u0131n Uzun\u00f6z Mahallesi Kuzyaka mevkisinde meydana geldi. \u0130brahim Alanay\u2019\u0131n kontrol\u00fcn\u00fc kaybetti\u011fi 07 BGD 342 plakal\u0131 kamyonet, yakla\u015f\u0131k 25 metreden yuvarland\u0131. \u00c7evredekilerin 112 Acil \u00c7a\u011fr\u0131 Merkezi\u2019ne ihbar\u0131yla olay yerine ekipler sevk edildi. Yap\u0131lan incelemede, ara\u00e7ta bulunan \u0130brahim Alanay&#8217;\u0131n \u00e7ocuklar\u0131ndan \u0130rem Alanay&#8217;\u0131n hayat\u0131n\u0131 kaybetti\u011fi belirlendi. Yaralanan \u0130brahim Alanay ambulansla Alanya E\u011fitim ve Ara\u015ft\u0131rma Hastanesi&#8217;ne kald\u0131r\u0131ld\u0131. Alanay\u2019\u0131n di\u011fer \u00e7ocu\u011fu \u00d6mer Asaf Alanay (6) ise kazay\u0131 hafif s\u0131yr\u0131klarla atlatt\u0131. \u0130rem Alanay&#8217;\u0131n cans\u0131z bedeni Alanya Belediye Morgu&#8217;na kald\u0131r\u0131ld\u0131<\/p>\n<p>Kaynak: www.kanalv.com.tr Haber Sitesinden Al\u0131nm\u0131\u015ft\u0131r.<\/p>","protected":false},"excerpt":{"rendered":"<p>Kaza, saat 12.30 s\u0131ralar\u0131nda Alanya&#8217;n\u0131n Uzun\u00f6z Mahallesi Kuzyaka mevkisinde meydana geldi. \u0130brahim Alanay\u2019\u0131n kontrol\u00fcn\u00fc kaybetti\u011fi 07 BGD 342 plakal\u0131 kamyonet, yakla\u015f\u0131k 25 metreden yuvarland\u0131. \u00c7evredekilerin 112 Acil \u00c7a\u011fr\u0131 Merkezi\u2019ne ihbar\u0131yla olay yerine ekipler sevk edildi. Yap\u0131lan incelemede, ara\u00e7ta bulunan \u0130brahim Alanay&#8217;\u0131n \u00e7ocuklar\u0131ndan \u0130rem Alanay&#8217;\u0131n hayat\u0131n\u0131 kaybetti\u011fi belirlendi. Yaralanan \u0130brahim Alanay ambulansla Alanya E\u011fitim ve Ara\u015ft\u0131rma Hastanesi&#8217;ne kald\u0131r\u0131ld\u0131. Alanay\u2019\u0131n di\u011fer \u00e7ocu\u011fu \u00d6mer Asaf Alanay (6) ise kazay\u0131 hafif s\u0131yr\u0131klarla atlatt\u0131. \u0130rem Alanay&#8217;\u0131n cans\u0131z bedeni Alanya Belediye Morgu&#8217;na kald\u0131r\u0131ld\u0131 Kaynak: www.kanalv.com.tr Haber Sitesinden Al\u0131nm\u0131\u015ft\u0131r.<\/p>","protected":false},"author":0,"featured_media":21818,"comment_status":"open","ping_status":"open","sticky":false,"template":"","format":"standard","meta":{"_acf_changed":false,"footnotes":""},"categories":[26,535],"tags":[],"class_list":["post-21817","post","type-post","status-publish","format-standard","has-post-thumbnail","hentry","category-antalya","category-uncategorized-tr"],"acf":[],"yoast_head":"<!-- This site is optimized with the Yoast SEO Premium plugin v26.6 (Yoast SEO v27.1.1) - https:\/\/yoast.com\/product\/yoast-seo-premium-wordpress\/ -->\n<title>25 metreden yuvarlanan kamyonette 1 \u00f6l\u00fc, 1 yaral\u0131 - Av. Deniz Can K\u0131z\u0131l<\/title>\n<meta name=\"robots\" content=\"index, follow, max-snippet:-1, max-image-preview:large, max-video-preview:-1\" \/>\n<link rel=\"canonical\" href=\"https:\/\/denizcankizil.tr\/ru\/haberler\/antalya\/25-metreden-yuvarlanan-kamyonette-1-olu-1-yarali\/\" \/>\n<meta property=\"og:locale\" content=\"ru_RU\" \/>\n<meta property=\"og:type\" content=\"article\" \/>\n<meta property=\"og:title\" content=\"25 metreden yuvarlanan kamyonette 1 \u00f6l\u00fc, 1 yaral\u0131\" \/>\n<meta property=\"og:description\" content=\"Kaza, saat 12.30 s\u0131ralar\u0131nda Alanya&#8217;n\u0131n Uzun\u00f6z Mahallesi Kuzyaka mevkisinde meydana geldi. \u0130brahim Alanay\u2019\u0131n kontrol\u00fcn\u00fc kaybetti\u011fi 07 BGD 342 plakal\u0131 kamyonet, yakla\u015f\u0131k 25 metreden yuvarland\u0131. \u00c7evredekilerin 112 Acil \u00c7a\u011fr\u0131 Merkezi\u2019ne ihbar\u0131yla olay yerine ekipler sevk edildi. Yap\u0131lan incelemede, ara\u00e7ta bulunan \u0130brahim Alanay&#8217;\u0131n \u00e7ocuklar\u0131ndan \u0130rem Alanay&#8217;\u0131n hayat\u0131n\u0131 kaybetti\u011fi belirlendi. Yaralanan \u0130brahim Alanay ambulansla Alanya E\u011fitim ve Ara\u015ft\u0131rma Hastanesi&#8217;ne kald\u0131r\u0131ld\u0131. Alanay\u2019\u0131n di\u011fer \u00e7ocu\u011fu \u00d6mer Asaf Alanay (6) ise kazay\u0131 hafif s\u0131yr\u0131klarla atlatt\u0131. \u0130rem Alanay&#8217;\u0131n cans\u0131z bedeni Alanya Belediye Morgu&#8217;na kald\u0131r\u0131ld\u0131 Kaynak: www.kanalv.com.tr Haber Sitesinden Al\u0131nm\u0131\u015ft\u0131r.\" \/>\n<meta property=\"og:url\" content=\"https:\/\/denizcankizil.tr\/ru\/haberler\/antalya\/25-metreden-yuvarlanan-kamyonette-1-olu-1-yarali\/\" \/>\n<meta property=\"og:site_name\" content=\"Av. Deniz Can K\u0131z\u0131l\" \/>\n<meta property=\"article:published_time\" content=\"2024-12-23T06:41:13+00:00\" \/>\n<meta property=\"og:image\" content=\"https:\/\/denizcankizil.tr\/wp-content\/uploads\/2024\/12\/3712-01-5WjUX8.jpeg\" \/>\n\t<meta property=\"og:image:width\" content=\"1280\" \/>\n\t<meta property=\"og:image:height\" content=\"720\" \/>\n\t<meta property=\"og:image:type\" content=\"image\/jpeg\" \/>\n<meta name=\"twitter:card\" content=\"summary_large_image\" \/>\n<meta name=\"twitter:label1\" content=\"\u041f\u0440\u0438\u043c\u0435\u0440\u043d\u043e\u0435 \u0432\u0440\u0435\u043c\u044f \u0434\u043b\u044f \u0447\u0442\u0435\u043d\u0438\u044f\" \/>\n\t<meta name=\"twitter:data1\" content=\"1 \u043c\u0438\u043d\u0443\u0442\u0430\" \/>\n<script type=\"application\/ld+json\" class=\"yoast-schema-graph\">{\"@context\":\"https:\/\/schema.org\",\"@graph\":[{\"@type\":\"Article\",\"@id\":\"https:\/\/denizcankizil.tr\/ru\/haberler\/antalya\/25-metreden-yuvarlanan-kamyonette-1-olu-1-yarali\/#article\",\"isPartOf\":{\"@id\":\"https:\/\/denizcankizil.tr\/ru\/haberler\/antalya\/25-metreden-yuvarlanan-kamyonette-1-olu-1-yarali\/\"},\"author\":{\"name\":\"\",\"@id\":\"\"},\"headline\":\"25 metreden yuvarlanan kamyonette 1 \u00f6l\u00fc, 1 yaral\u0131\",\"datePublished\":\"2024-12-23T06:41:13+00:00\",\"mainEntityOfPage\":{\"@id\":\"https:\/\/denizcankizil.tr\/ru\/haberler\/antalya\/25-metreden-yuvarlanan-kamyonette-1-olu-1-yarali\/\"},\"wordCount\":122,\"commentCount\":0,\"publisher\":{\"@id\":\"https:\/\/denizcankizil.tr\/de\/#organization\"},\"image\":{\"@id\":\"https:\/\/denizcankizil.tr\/ru\/haberler\/antalya\/25-metreden-yuvarlanan-kamyonette-1-olu-1-yarali\/#primaryimage\"},\"thumbnailUrl\":\"https:\/\/denizcankizil.tr\/wp-content\/uploads\/2024\/12\/3712-01-5WjUX8.jpeg\",\"articleSection\":[\"Antalya\",\"Uncategorized\"],\"inLanguage\":\"ru-RU\",\"potentialAction\":[{\"@type\":\"CommentAction\",\"name\":\"Comment\",\"target\":[\"https:\/\/denizcankizil.tr\/ru\/haberler\/antalya\/25-metreden-yuvarlanan-kamyonette-1-olu-1-yarali\/#respond\"]}]},{\"@type\":\"WebPage\",\"@id\":\"https:\/\/denizcankizil.tr\/ru\/haberler\/antalya\/25-metreden-yuvarlanan-kamyonette-1-olu-1-yarali\/\",\"url\":\"https:\/\/denizcankizil.tr\/ru\/haberler\/antalya\/25-metreden-yuvarlanan-kamyonette-1-olu-1-yarali\/\",\"name\":\"25 metreden yuvarlanan kamyonette 1 \u00f6l\u00fc, 1 yaral\u0131 - Av. Deniz Can K\u0131z\u0131l\",\"isPartOf\":{\"@id\":\"https:\/\/denizcankizil.tr\/de\/#website\"},\"primaryImageOfPage\":{\"@id\":\"https:\/\/denizcankizil.tr\/ru\/haberler\/antalya\/25-metreden-yuvarlanan-kamyonette-1-olu-1-yarali\/#primaryimage\"},\"image\":{\"@id\":\"https:\/\/denizcankizil.tr\/ru\/haberler\/antalya\/25-metreden-yuvarlanan-kamyonette-1-olu-1-yarali\/#primaryimage\"},\"thumbnailUrl\":\"https:\/\/denizcankizil.tr\/wp-content\/uploads\/2024\/12\/3712-01-5WjUX8.jpeg\",\"datePublished\":\"2024-12-23T06:41:13+00:00\",\"breadcrumb\":{\"@id\":\"https:\/\/denizcankizil.tr\/ru\/haberler\/antalya\/25-metreden-yuvarlanan-kamyonette-1-olu-1-yarali\/#breadcrumb\"},\"inLanguage\":\"ru-RU\",\"potentialAction\":[{\"@type\":\"ReadAction\",\"target\":[\"https:\/\/denizcankizil.tr\/ru\/haberler\/antalya\/25-metreden-yuvarlanan-kamyonette-1-olu-1-yarali\/\"]}]},{\"@type\":\"ImageObject\",\"inLanguage\":\"ru-RU\",\"@id\":\"https:\/\/denizcankizil.tr\/ru\/haberler\/antalya\/25-metreden-yuvarlanan-kamyonette-1-olu-1-yarali\/#primaryimage\",\"url\":\"https:\/\/denizcankizil.tr\/wp-content\/uploads\/2024\/12\/3712-01-5WjUX8.jpeg\",\"contentUrl\":\"https:\/\/denizcankizil.tr\/wp-content\/uploads\/2024\/12\/3712-01-5WjUX8.jpeg\",\"width\":1280,\"height\":720},{\"@type\":\"BreadcrumbList\",\"@id\":\"https:\/\/denizcankizil.tr\/ru\/haberler\/antalya\/25-metreden-yuvarlanan-kamyonette-1-olu-1-yarali\/#breadcrumb\",\"itemListElement\":[{\"@type\":\"ListItem\",\"position\":1,\"name\":\"Home\",\"item\":\"https:\/\/denizcankizil.tr\/de\/\"},{\"@type\":\"ListItem\",\"position\":2,\"name\":\"25 metreden yuvarlanan kamyonette 1 \u00f6l\u00fc, 1 yaral\u0131\"}]},{\"@type\":\"WebSite\",\"@id\":\"https:\/\/denizcankizil.tr\/de\/#website\",\"url\":\"https:\/\/denizcankizil.tr\/de\/\",\"name\":\"Av. Deniz Can K\u0131z\u0131l\",\"description\":\"Avukat Deniz Can K\u0131z\u0131l Antalya Barosu\",\"publisher\":{\"@id\":\"https:\/\/denizcankizil.tr\/de\/#organization\"},\"potentialAction\":[{\"@type\":\"SearchAction\",\"target\":{\"@type\":\"EntryPoint\",\"urlTemplate\":\"https:\/\/denizcankizil.tr\/de\/?s={search_term_string}\"},\"query-input\":{\"@type\":\"PropertyValueSpecification\",\"valueRequired\":true,\"valueName\":\"search_term_string\"}}],\"inLanguage\":\"ru-RU\"},{\"@type\":\"Organization\",\"@id\":\"https:\/\/denizcankizil.tr\/de\/#organization\",\"name\":\"Av. Deniz Can K\u0131z\u0131l\",\"url\":\"https:\/\/denizcankizil.tr\/de\/\",\"logo\":{\"@type\":\"ImageObject\",\"inLanguage\":\"ru-RU\",\"@id\":\"https:\/\/denizcankizil.tr\/de\/#\/schema\/logo\/image\/\",\"url\":\"https:\/\/denizcankizil.tr\/wp-content\/uploads\/2024\/10\/siyah-logo-svg.svg\",\"contentUrl\":\"https:\/\/denizcankizil.tr\/wp-content\/uploads\/2024\/10\/siyah-logo-svg.svg\",\"width\":1080,\"height\":1080,\"caption\":\"Av. Deniz Can K\u0131z\u0131l\"},\"image\":{\"@id\":\"https:\/\/denizcankizil.tr\/de\/#\/schema\/logo\/image\/\"}}]}<\/script>\n<!-- \/ Yoast SEO Premium plugin. -->","yoast_head_json":{"title":"25 metreden yuvarlanan kamyonette 1 \u00f6l\u00fc, 1 yaral\u0131 - Av. Deniz Can K\u0131z\u0131l","robots":{"index":"index","follow":"follow","max-snippet":"max-snippet:-1","max-image-preview":"max-image-preview:large","max-video-preview":"max-video-preview:-1"},"canonical":"https:\/\/denizcankizil.tr\/ru\/haberler\/antalya\/25-metreden-yuvarlanan-kamyonette-1-olu-1-yarali\/","og_locale":"ru_RU","og_type":"article","og_title":"25 metreden yuvarlanan kamyonette 1 \u00f6l\u00fc, 1 yaral\u0131","og_description":"Kaza, saat 12.30 s\u0131ralar\u0131nda Alanya&#8217;n\u0131n Uzun\u00f6z Mahallesi Kuzyaka mevkisinde meydana geldi. \u0130brahim Alanay\u2019\u0131n kontrol\u00fcn\u00fc kaybetti\u011fi 07 BGD 342 plakal\u0131 kamyonet, yakla\u015f\u0131k 25 metreden yuvarland\u0131. \u00c7evredekilerin 112 Acil \u00c7a\u011fr\u0131 Merkezi\u2019ne ihbar\u0131yla olay yerine ekipler sevk edildi. Yap\u0131lan incelemede, ara\u00e7ta bulunan \u0130brahim Alanay&#8217;\u0131n \u00e7ocuklar\u0131ndan \u0130rem Alanay&#8217;\u0131n hayat\u0131n\u0131 kaybetti\u011fi belirlendi. Yaralanan \u0130brahim Alanay ambulansla Alanya E\u011fitim ve Ara\u015ft\u0131rma Hastanesi&#8217;ne kald\u0131r\u0131ld\u0131. Alanay\u2019\u0131n di\u011fer \u00e7ocu\u011fu \u00d6mer Asaf Alanay (6) ise kazay\u0131 hafif s\u0131yr\u0131klarla atlatt\u0131. \u0130rem Alanay&#8217;\u0131n cans\u0131z bedeni Alanya Belediye Morgu&#8217;na kald\u0131r\u0131ld\u0131 Kaynak: www.kanalv.com.tr Haber Sitesinden Al\u0131nm\u0131\u015ft\u0131r.","og_url":"https:\/\/denizcankizil.tr\/ru\/haberler\/antalya\/25-metreden-yuvarlanan-kamyonette-1-olu-1-yarali\/","og_site_name":"Av. Deniz Can K\u0131z\u0131l","article_published_time":"2024-12-23T06:41:13+00:00","og_image":[{"width":1280,"height":720,"url":"https:\/\/denizcankizil.tr\/wp-content\/uploads\/2024\/12\/3712-01-5WjUX8.jpeg","type":"image\/jpeg"}],"twitter_card":"summary_large_image","twitter_misc":{"\u041f\u0440\u0438\u043c\u0435\u0440\u043d\u043e\u0435 \u0432\u0440\u0435\u043c\u044f \u0434\u043b\u044f \u0447\u0442\u0435\u043d\u0438\u044f":"1 \u043c\u0438\u043d\u0443\u0442\u0430"},"schema":{"@context":"https:\/\/schema.org","@graph":[{"@type":"Article","@id":"https:\/\/denizcankizil.tr\/ru\/haberler\/antalya\/25-metreden-yuvarlanan-kamyonette-1-olu-1-yarali\/#article","isPartOf":{"@id":"https:\/\/denizcankizil.tr\/ru\/haberler\/antalya\/25-metreden-yuvarlanan-kamyonette-1-olu-1-yarali\/"},"author":{"name":"","@id":""},"headline":"25 metreden yuvarlanan kamyonette 1 \u00f6l\u00fc, 1 yaral\u0131","datePublished":"2024-12-23T06:41:13+00:00","mainEntityOfPage":{"@id":"https:\/\/denizcankizil.tr\/ru\/haberler\/antalya\/25-metreden-yuvarlanan-kamyonette-1-olu-1-yarali\/"},"wordCount":122,"commentCount":0,"publisher":{"@id":"https:\/\/denizcankizil.tr\/de\/#organization"},"image":{"@id":"https:\/\/denizcankizil.tr\/ru\/haberler\/antalya\/25-metreden-yuvarlanan-kamyonette-1-olu-1-yarali\/#primaryimage"},"thumbnailUrl":"https:\/\/denizcankizil.tr\/wp-content\/uploads\/2024\/12\/3712-01-5WjUX8.jpeg","articleSection":["Antalya","Uncategorized"],"inLanguage":"ru-RU","potentialAction":[{"@type":"CommentAction","name":"Comment","target":["https:\/\/denizcankizil.tr\/ru\/haberler\/antalya\/25-metreden-yuvarlanan-kamyonette-1-olu-1-yarali\/#respond"]}]},{"@type":"WebPage","@id":"https:\/\/denizcankizil.tr\/ru\/haberler\/antalya\/25-metreden-yuvarlanan-kamyonette-1-olu-1-yarali\/","url":"https:\/\/denizcankizil.tr\/ru\/haberler\/antalya\/25-metreden-yuvarlanan-kamyonette-1-olu-1-yarali\/","name":"25 metreden yuvarlanan kamyonette 1 \u00f6l\u00fc, 1 yaral\u0131 - Av. Deniz Can K\u0131z\u0131l","isPartOf":{"@id":"https:\/\/denizcankizil.tr\/de\/#website"},"primaryImageOfPage":{"@id":"https:\/\/denizcankizil.tr\/ru\/haberler\/antalya\/25-metreden-yuvarlanan-kamyonette-1-olu-1-yarali\/#primaryimage"},"image":{"@id":"https:\/\/denizcankizil.tr\/ru\/haberler\/antalya\/25-metreden-yuvarlanan-kamyonette-1-olu-1-yarali\/#primaryimage"},"thumbnailUrl":"https:\/\/denizcankizil.tr\/wp-content\/uploads\/2024\/12\/3712-01-5WjUX8.jpeg","datePublished":"2024-12-23T06:41:13+00:00","breadcrumb":{"@id":"https:\/\/denizcankizil.tr\/ru\/haberler\/antalya\/25-metreden-yuvarlanan-kamyonette-1-olu-1-yarali\/#breadcrumb"},"inLanguage":"ru-RU","potentialAction":[{"@type":"ReadAction","target":["https:\/\/denizcankizil.tr\/ru\/haberler\/antalya\/25-metreden-yuvarlanan-kamyonette-1-olu-1-yarali\/"]}]},{"@type":"ImageObject","inLanguage":"ru-RU","@id":"https:\/\/denizcankizil.tr\/ru\/haberler\/antalya\/25-metreden-yuvarlanan-kamyonette-1-olu-1-yarali\/#primaryimage","url":"https:\/\/denizcankizil.tr\/wp-content\/uploads\/2024\/12\/3712-01-5WjUX8.jpeg","contentUrl":"https:\/\/denizcankizil.tr\/wp-content\/uploads\/2024\/12\/3712-01-5WjUX8.jpeg","width":1280,"height":720},{"@type":"BreadcrumbList","@id":"https:\/\/denizcankizil.tr\/ru\/haberler\/antalya\/25-metreden-yuvarlanan-kamyonette-1-olu-1-yarali\/#breadcrumb","itemListElement":[{"@type":"ListItem","position":1,"name":"Home","item":"https:\/\/denizcankizil.tr\/de\/"},{"@type":"ListItem","position":2,"name":"25 metreden yuvarlanan kamyonette 1 \u00f6l\u00fc, 1 yaral\u0131"}]},{"@type":"WebSite","@id":"https:\/\/denizcankizil.tr\/de\/#website","url":"https:\/\/denizcankizil.tr\/de\/","name":"Av. Deniz Can K\u0131z\u0131l","description":"Avukat Deniz Can K\u0131z\u0131l Antalya Barosu","publisher":{"@id":"https:\/\/denizcankizil.tr\/de\/#organization"},"potentialAction":[{"@type":"SearchAction","target":{"@type":"EntryPoint","urlTemplate":"https:\/\/denizcankizil.tr\/de\/?s={search_term_string}"},"query-input":{"@type":"PropertyValueSpecification","valueRequired":true,"valueName":"search_term_string"}}],"inLanguage":"ru-RU"},{"@type":"Organization","@id":"https:\/\/denizcankizil.tr\/de\/#organization","name":"Av. Deniz Can K\u0131z\u0131l","url":"https:\/\/denizcankizil.tr\/de\/","logo":{"@type":"ImageObject","inLanguage":"ru-RU","@id":"https:\/\/denizcankizil.tr\/de\/#\/schema\/logo\/image\/","url":"https:\/\/denizcankizil.tr\/wp-content\/uploads\/2024\/10\/siyah-logo-svg.svg","contentUrl":"https:\/\/denizcankizil.tr\/wp-content\/uploads\/2024\/10\/siyah-logo-svg.svg","width":1080,"height":1080,"caption":"Av. Deniz Can K\u0131z\u0131l"},"image":{"@id":"https:\/\/denizcankizil.tr\/de\/#\/schema\/logo\/image\/"}}]}},"_links":{"self":[{"href":"https:\/\/denizcankizil.tr\/ru\/wp-json\/wp\/v2\/posts\/21817","targetHints":{"allow":["GET"]}}],"collection":[{"href":"https:\/\/denizcankizil.tr\/ru\/wp-json\/wp\/v2\/posts"}],"about":[{"href":"https:\/\/denizcankizil.tr\/ru\/wp-json\/wp\/v2\/types\/post"}],"replies":[{"embeddable":true,"href":"https:\/\/denizcankizil.tr\/ru\/wp-json\/wp\/v2\/comments?post=21817"}],"version-history":[{"count":0,"href":"https:\/\/denizcankizil.tr\/ru\/wp-json\/wp\/v2\/posts\/21817\/revisions"}],"wp:featuredmedia":[{"embeddable":true,"href":"https:\/\/denizcankizil.tr\/ru\/wp-json\/wp\/v2\/media\/21818"}],"wp:attachment":[{"href":"https:\/\/denizcankizil.tr\/ru\/wp-json\/wp\/v2\/media?parent=21817"}],"wp:term":[{"taxonomy":"category","embeddable":true,"href":"https:\/\/denizcankizil.tr\/ru\/wp-json\/wp\/v2\/categories?post=21817"},{"taxonomy":"post_tag","embeddable":true,"href":"https:\/\/denizcankizil.tr\/ru\/wp-json\/wp\/v2\/tags?post=21817"}],"curies":[{"name":"wp","href":"https:\/\/api.w.org\/{rel}","templated":true}]}}