{"id":21780,"date":"2024-12-22T21:41:22","date_gmt":"2024-12-22T18:41:22","guid":{"rendered":"https:\/\/denizcankizil.tr\/uncategorized-tr\/depremde-hatayspora-laf-atmisti-volkan-demirel-senol-gunesin-elini-sikmadi\/"},"modified":"2024-12-22T21:41:22","modified_gmt":"2024-12-22T18:41:22","slug":"depremde-hatayspora-laf-atmisti-volkan-demirel-senol-gunesin-elini-sikmadi","status":"publish","type":"post","link":"https:\/\/denizcankizil.tr\/ru\/haberler\/gundem\/depremde-hatayspora-laf-atmisti-volkan-demirel-senol-gunesin-elini-sikmadi\/","title":{"rendered":"Depremde Hatayspor\u2019a laf atm\u0131\u015ft\u0131, Volkan Demirel \u015eenol G\u00fcne\u015f&#8217;in elini s\u0131kmad\u0131"},"content":{"rendered":"<p>Trendyol S\u00fcper Lig&#8217;in 17. haftas\u0131nda Trabzonspor, Bodrum FK&#8217;y\u0131 konuk ediyor. Seremonide dikkat \u00e7ekici bir olay ya\u015fand\u0131.<\/p>\n<p>G\u00dcNE\u015e KEND\u0130 ALANINA G\u0130TT\u0130<\/p>\n<p>Trabzonspor Teknik Direkt\u00f6r\u00fc \u015eenol G\u00fcne\u015f, m\u00fccadele \u00f6ncesinde ba\u015far\u0131lar dilemek i\u00e7in Bodrum FK Teknik Direkt\u00f6r\u00fc Volkan Demirel&#8217;in yan\u0131na giderek, elini uzatt\u0131. Demirel ise G\u00fcne\u015f&#8217;in elini s\u0131kmadan yedek kul\u00fcbesindeki yerine ge\u00e7ti. Ya\u015fanan olay\u0131n ard\u0131ndan G\u00fcne\u015f de kendi yerine do\u011fru gitti.<\/p>\n<p>DEPREM SONRASI YA\u015eANANLAR<\/p>\n<p>\u015eenol G\u00fcne\u015f, Be\u015fikta\u015f Teknik Direkt\u00f6r\u00fc oldu\u011fu d\u00f6nemde, 6 \u015eubat 2023 tarihinde Kahramanmara\u015f merkezli ger\u00e7ekle\u015fen depremlerde etkilenen illerden olan Hatay&#8217;\u0131n neden ma\u00e7lar\u0131n\u0131 oynamad\u0131\u011f\u0131yla ilgili a\u00e7\u0131klamalarda bulunmu\u015ftu. Hatayspor&#8217;un ba\u015f\u0131nda da Volkan Demirel bulunuyordu.<\/p>\n<p>\u200bGe\u00e7en y\u0131l ya\u015fanan deprem sonras\u0131 Hatayspor ligden \u00e7ekilmi\u015f, \u015eenol G\u00fcne\u015f ise Hatayspor hakk\u0131nda a\u00e7k\u0131lamalarda bulunmu\u015ftu. O d\u00f6nem Hatayspor\u2019un ba\u015f\u0131nda olan teknik direkt\u00f6r Volkan Demirel, Trabzonspor \u2013 Bodrum FK ma\u00e7\u0131nda \u015eenol G\u00fcne\u015f\u2019in elini s\u0131kmad\u0131\u00a0<\/p>\n<p>\u200bHaberin Al\u0131nt\u0131land\u0131\u011f\u0131 Kaynak: www.antalyakorfez.com<\/p>","protected":false},"excerpt":{"rendered":"<p>Trendyol S\u00fcper Lig&#8217;in 17. haftas\u0131nda Trabzonspor, Bodrum FK&#8217;y\u0131 konuk ediyor. Seremonide dikkat \u00e7ekici bir olay ya\u015fand\u0131. G\u00dcNE\u015e KEND\u0130 ALANINA G\u0130TT\u0130 Trabzonspor Teknik Direkt\u00f6r\u00fc \u015eenol G\u00fcne\u015f, m\u00fccadele \u00f6ncesinde ba\u015far\u0131lar dilemek i\u00e7in Bodrum FK Teknik Direkt\u00f6r\u00fc Volkan Demirel&#8217;in yan\u0131na giderek, elini uzatt\u0131. Demirel ise G\u00fcne\u015f&#8217;in elini s\u0131kmadan yedek kul\u00fcbesindeki yerine ge\u00e7ti. Ya\u015fanan olay\u0131n ard\u0131ndan G\u00fcne\u015f de kendi yerine do\u011fru gitti. DEPREM SONRASI YA\u015eANANLAR \u015eenol G\u00fcne\u015f, Be\u015fikta\u015f Teknik Direkt\u00f6r\u00fc oldu\u011fu d\u00f6nemde, 6 \u015eubat 2023 tarihinde Kahramanmara\u015f merkezli ger\u00e7ekle\u015fen depremlerde etkilenen illerden olan Hatay&#8217;\u0131n neden ma\u00e7lar\u0131n\u0131 oynamad\u0131\u011f\u0131yla ilgili a\u00e7\u0131klamalarda bulunmu\u015ftu. Hatayspor&#8217;un ba\u015f\u0131nda da Volkan Demirel bulunuyordu. \u200bGe\u00e7en y\u0131l ya\u015fanan deprem sonras\u0131 Hatayspor ligden \u00e7ekilmi\u015f, \u015eenol G\u00fcne\u015f ise Hatayspor hakk\u0131nda a\u00e7k\u0131lamalarda bulunmu\u015ftu. O d\u00f6nem Hatayspor\u2019un ba\u015f\u0131nda olan teknik direkt\u00f6r Volkan Demirel, Trabzonspor \u2013 Bodrum FK ma\u00e7\u0131nda \u015eenol G\u00fcne\u015f\u2019in elini s\u0131kmad\u0131\u00a0 \u200bHaberin Al\u0131nt\u0131land\u0131\u011f\u0131 Kaynak: www.antalyakorfez.com<\/p>","protected":false},"author":0,"featured_media":0,"comment_status":"open","ping_status":"open","sticky":false,"template":"","format":"standard","meta":{"_acf_changed":false,"footnotes":""},"categories":[24,535],"tags":[],"class_list":["post-21780","post","type-post","status-publish","format-standard","has-post-thumbnail","hentry","category-gundem","category-uncategorized-tr"],"acf":[],"yoast_head":"<!-- This site is optimized with the Yoast SEO Premium plugin v26.6 (Yoast SEO v27.1.1) - https:\/\/yoast.com\/product\/yoast-seo-premium-wordpress\/ -->\n<title>Depremde Hatayspor\u2019a laf atm\u0131\u015ft\u0131, Volkan Demirel \u015eenol G\u00fcne\u015f&#039;in elini s\u0131kmad\u0131 - Av. Deniz Can K\u0131z\u0131l<\/title>\n<meta name=\"robots\" content=\"index, follow, max-snippet:-1, max-image-preview:large, max-video-preview:-1\" \/>\n<link rel=\"canonical\" href=\"https:\/\/denizcankizil.tr\/ru\/haberler\/gundem\/depremde-hatayspora-laf-atmisti-volkan-demirel-senol-gunesin-elini-sikmadi\/\" \/>\n<meta property=\"og:locale\" content=\"ru_RU\" \/>\n<meta property=\"og:type\" content=\"article\" \/>\n<meta property=\"og:title\" content=\"Depremde Hatayspor\u2019a laf atm\u0131\u015ft\u0131, Volkan Demirel \u015eenol G\u00fcne\u015f&#039;in elini s\u0131kmad\u0131\" \/>\n<meta property=\"og:description\" content=\"Trendyol S\u00fcper Lig&#8217;in 17. haftas\u0131nda Trabzonspor, Bodrum FK&#8217;y\u0131 konuk ediyor. Seremonide dikkat \u00e7ekici bir olay ya\u015fand\u0131. G\u00dcNE\u015e KEND\u0130 ALANINA G\u0130TT\u0130 Trabzonspor Teknik Direkt\u00f6r\u00fc \u015eenol G\u00fcne\u015f, m\u00fccadele \u00f6ncesinde ba\u015far\u0131lar dilemek i\u00e7in Bodrum FK Teknik Direkt\u00f6r\u00fc Volkan Demirel&#8217;in yan\u0131na giderek, elini uzatt\u0131. Demirel ise G\u00fcne\u015f&#8217;in elini s\u0131kmadan yedek kul\u00fcbesindeki yerine ge\u00e7ti. Ya\u015fanan olay\u0131n ard\u0131ndan G\u00fcne\u015f de kendi yerine do\u011fru gitti. DEPREM SONRASI YA\u015eANANLAR \u015eenol G\u00fcne\u015f, Be\u015fikta\u015f Teknik Direkt\u00f6r\u00fc oldu\u011fu d\u00f6nemde, 6 \u015eubat 2023 tarihinde Kahramanmara\u015f merkezli ger\u00e7ekle\u015fen depremlerde etkilenen illerden olan Hatay&#8217;\u0131n neden ma\u00e7lar\u0131n\u0131 oynamad\u0131\u011f\u0131yla ilgili a\u00e7\u0131klamalarda bulunmu\u015ftu. Hatayspor&#8217;un ba\u015f\u0131nda da Volkan Demirel bulunuyordu. \u200bGe\u00e7en y\u0131l ya\u015fanan deprem sonras\u0131 Hatayspor ligden \u00e7ekilmi\u015f, \u015eenol G\u00fcne\u015f ise Hatayspor hakk\u0131nda a\u00e7k\u0131lamalarda bulunmu\u015ftu. O d\u00f6nem Hatayspor\u2019un ba\u015f\u0131nda olan teknik direkt\u00f6r Volkan Demirel, Trabzonspor \u2013 Bodrum FK ma\u00e7\u0131nda \u015eenol G\u00fcne\u015f\u2019in elini s\u0131kmad\u0131\u00a0 \u200bHaberin Al\u0131nt\u0131land\u0131\u011f\u0131 Kaynak: www.antalyakorfez.com\" \/>\n<meta property=\"og:url\" content=\"https:\/\/denizcankizil.tr\/ru\/haberler\/gundem\/depremde-hatayspora-laf-atmisti-volkan-demirel-senol-gunesin-elini-sikmadi\/\" \/>\n<meta property=\"og:site_name\" content=\"Av. Deniz Can K\u0131z\u0131l\" \/>\n<meta property=\"article:published_time\" content=\"2024-12-22T18:41:22+00:00\" \/>\n<meta name=\"twitter:card\" content=\"summary_large_image\" \/>\n<meta name=\"twitter:label1\" content=\"\u041f\u0440\u0438\u043c\u0435\u0440\u043d\u043e\u0435 \u0432\u0440\u0435\u043c\u044f \u0434\u043b\u044f \u0447\u0442\u0435\u043d\u0438\u044f\" \/>\n\t<meta name=\"twitter:data1\" content=\"1 \u043c\u0438\u043d\u0443\u0442\u0430\" \/>\n<script type=\"application\/ld+json\" class=\"yoast-schema-graph\">{\"@context\":\"https:\/\/schema.org\",\"@graph\":[{\"@type\":\"Article\",\"@id\":\"https:\/\/denizcankizil.tr\/ru\/haberler\/gundem\/depremde-hatayspora-laf-atmisti-volkan-demirel-senol-gunesin-elini-sikmadi\/#article\",\"isPartOf\":{\"@id\":\"https:\/\/denizcankizil.tr\/ru\/haberler\/gundem\/depremde-hatayspora-laf-atmisti-volkan-demirel-senol-gunesin-elini-sikmadi\/\"},\"author\":{\"name\":\"\",\"@id\":\"\"},\"headline\":\"Depremde Hatayspor\u2019a laf atm\u0131\u015ft\u0131, Volkan Demirel \u015eenol G\u00fcne\u015f&#8217;in elini s\u0131kmad\u0131\",\"datePublished\":\"2024-12-22T18:41:22+00:00\",\"mainEntityOfPage\":{\"@id\":\"https:\/\/denizcankizil.tr\/ru\/haberler\/gundem\/depremde-hatayspora-laf-atmisti-volkan-demirel-senol-gunesin-elini-sikmadi\/\"},\"wordCount\":202,\"commentCount\":0,\"publisher\":{\"@id\":\"https:\/\/denizcankizil.tr\/#organization\"},\"articleSection\":[\"G\u00fcndem\",\"Uncategorized\"],\"inLanguage\":\"ru-RU\",\"potentialAction\":[{\"@type\":\"CommentAction\",\"name\":\"Comment\",\"target\":[\"https:\/\/denizcankizil.tr\/ru\/haberler\/gundem\/depremde-hatayspora-laf-atmisti-volkan-demirel-senol-gunesin-elini-sikmadi\/#respond\"]}]},{\"@type\":\"WebPage\",\"@id\":\"https:\/\/denizcankizil.tr\/ru\/haberler\/gundem\/depremde-hatayspora-laf-atmisti-volkan-demirel-senol-gunesin-elini-sikmadi\/\",\"url\":\"https:\/\/denizcankizil.tr\/ru\/haberler\/gundem\/depremde-hatayspora-laf-atmisti-volkan-demirel-senol-gunesin-elini-sikmadi\/\",\"name\":\"Depremde Hatayspor\u2019a laf atm\u0131\u015ft\u0131, Volkan Demirel \u015eenol G\u00fcne\u015f'in elini s\u0131kmad\u0131 - Av. Deniz Can K\u0131z\u0131l\",\"isPartOf\":{\"@id\":\"https:\/\/denizcankizil.tr\/#website\"},\"datePublished\":\"2024-12-22T18:41:22+00:00\",\"breadcrumb\":{\"@id\":\"https:\/\/denizcankizil.tr\/ru\/haberler\/gundem\/depremde-hatayspora-laf-atmisti-volkan-demirel-senol-gunesin-elini-sikmadi\/#breadcrumb\"},\"inLanguage\":\"ru-RU\",\"potentialAction\":[{\"@type\":\"ReadAction\",\"target\":[\"https:\/\/denizcankizil.tr\/ru\/haberler\/gundem\/depremde-hatayspora-laf-atmisti-volkan-demirel-senol-gunesin-elini-sikmadi\/\"]}]},{\"@type\":\"BreadcrumbList\",\"@id\":\"https:\/\/denizcankizil.tr\/ru\/haberler\/gundem\/depremde-hatayspora-laf-atmisti-volkan-demirel-senol-gunesin-elini-sikmadi\/#breadcrumb\",\"itemListElement\":[{\"@type\":\"ListItem\",\"position\":1,\"name\":\"Home\",\"item\":\"https:\/\/denizcankizil.tr\/de\/\"},{\"@type\":\"ListItem\",\"position\":2,\"name\":\"Depremde Hatayspor\u2019a laf atm\u0131\u015ft\u0131, Volkan Demirel \u015eenol G\u00fcne\u015f&#8217;in elini s\u0131kmad\u0131\"}]},{\"@type\":\"WebSite\",\"@id\":\"https:\/\/denizcankizil.tr\/#website\",\"url\":\"https:\/\/denizcankizil.tr\/\",\"name\":\"Av. Deniz Can K\u0131z\u0131l\",\"description\":\"Avukat Deniz Can K\u0131z\u0131l Antalya Barosu\",\"publisher\":{\"@id\":\"https:\/\/denizcankizil.tr\/#organization\"},\"potentialAction\":[{\"@type\":\"SearchAction\",\"target\":{\"@type\":\"EntryPoint\",\"urlTemplate\":\"https:\/\/denizcankizil.tr\/?s={search_term_string}\"},\"query-input\":{\"@type\":\"PropertyValueSpecification\",\"valueRequired\":true,\"valueName\":\"search_term_string\"}}],\"inLanguage\":\"ru-RU\"},{\"@type\":\"Organization\",\"@id\":\"https:\/\/denizcankizil.tr\/#organization\",\"name\":\"Av. Deniz Can K\u0131z\u0131l\",\"url\":\"https:\/\/denizcankizil.tr\/\",\"logo\":{\"@type\":\"ImageObject\",\"inLanguage\":\"ru-RU\",\"@id\":\"https:\/\/denizcankizil.tr\/#\/schema\/logo\/image\/\",\"url\":\"https:\/\/denizcankizil.tr\/wp-content\/uploads\/2024\/10\/siyah-logo-svg.svg\",\"contentUrl\":\"https:\/\/denizcankizil.tr\/wp-content\/uploads\/2024\/10\/siyah-logo-svg.svg\",\"width\":1080,\"height\":1080,\"caption\":\"Av. Deniz Can K\u0131z\u0131l\"},\"image\":{\"@id\":\"https:\/\/denizcankizil.tr\/#\/schema\/logo\/image\/\"}}]}<\/script>\n<!-- \/ Yoast SEO Premium plugin. -->","yoast_head_json":{"title":"Depremde Hatayspor\u2019a laf atm\u0131\u015ft\u0131, Volkan Demirel \u015eenol G\u00fcne\u015f'in elini s\u0131kmad\u0131 - Av. Deniz Can K\u0131z\u0131l","robots":{"index":"index","follow":"follow","max-snippet":"max-snippet:-1","max-image-preview":"max-image-preview:large","max-video-preview":"max-video-preview:-1"},"canonical":"https:\/\/denizcankizil.tr\/ru\/haberler\/gundem\/depremde-hatayspora-laf-atmisti-volkan-demirel-senol-gunesin-elini-sikmadi\/","og_locale":"ru_RU","og_type":"article","og_title":"Depremde Hatayspor\u2019a laf atm\u0131\u015ft\u0131, Volkan Demirel \u015eenol G\u00fcne\u015f'in elini s\u0131kmad\u0131","og_description":"Trendyol S\u00fcper Lig&#8217;in 17. haftas\u0131nda Trabzonspor, Bodrum FK&#8217;y\u0131 konuk ediyor. Seremonide dikkat \u00e7ekici bir olay ya\u015fand\u0131. G\u00dcNE\u015e KEND\u0130 ALANINA G\u0130TT\u0130 Trabzonspor Teknik Direkt\u00f6r\u00fc \u015eenol G\u00fcne\u015f, m\u00fccadele \u00f6ncesinde ba\u015far\u0131lar dilemek i\u00e7in Bodrum FK Teknik Direkt\u00f6r\u00fc Volkan Demirel&#8217;in yan\u0131na giderek, elini uzatt\u0131. Demirel ise G\u00fcne\u015f&#8217;in elini s\u0131kmadan yedek kul\u00fcbesindeki yerine ge\u00e7ti. Ya\u015fanan olay\u0131n ard\u0131ndan G\u00fcne\u015f de kendi yerine do\u011fru gitti. DEPREM SONRASI YA\u015eANANLAR \u015eenol G\u00fcne\u015f, Be\u015fikta\u015f Teknik Direkt\u00f6r\u00fc oldu\u011fu d\u00f6nemde, 6 \u015eubat 2023 tarihinde Kahramanmara\u015f merkezli ger\u00e7ekle\u015fen depremlerde etkilenen illerden olan Hatay&#8217;\u0131n neden ma\u00e7lar\u0131n\u0131 oynamad\u0131\u011f\u0131yla ilgili a\u00e7\u0131klamalarda bulunmu\u015ftu. Hatayspor&#8217;un ba\u015f\u0131nda da Volkan Demirel bulunuyordu. \u200bGe\u00e7en y\u0131l ya\u015fanan deprem sonras\u0131 Hatayspor ligden \u00e7ekilmi\u015f, \u015eenol G\u00fcne\u015f ise Hatayspor hakk\u0131nda a\u00e7k\u0131lamalarda bulunmu\u015ftu. O d\u00f6nem Hatayspor\u2019un ba\u015f\u0131nda olan teknik direkt\u00f6r Volkan Demirel, Trabzonspor \u2013 Bodrum FK ma\u00e7\u0131nda \u015eenol G\u00fcne\u015f\u2019in elini s\u0131kmad\u0131\u00a0 \u200bHaberin Al\u0131nt\u0131land\u0131\u011f\u0131 Kaynak: www.antalyakorfez.com","og_url":"https:\/\/denizcankizil.tr\/ru\/haberler\/gundem\/depremde-hatayspora-laf-atmisti-volkan-demirel-senol-gunesin-elini-sikmadi\/","og_site_name":"Av. Deniz Can K\u0131z\u0131l","article_published_time":"2024-12-22T18:41:22+00:00","twitter_card":"summary_large_image","twitter_misc":{"\u041f\u0440\u0438\u043c\u0435\u0440\u043d\u043e\u0435 \u0432\u0440\u0435\u043c\u044f \u0434\u043b\u044f \u0447\u0442\u0435\u043d\u0438\u044f":"1 \u043c\u0438\u043d\u0443\u0442\u0430"},"schema":{"@context":"https:\/\/schema.org","@graph":[{"@type":"Article","@id":"https:\/\/denizcankizil.tr\/ru\/haberler\/gundem\/depremde-hatayspora-laf-atmisti-volkan-demirel-senol-gunesin-elini-sikmadi\/#article","isPartOf":{"@id":"https:\/\/denizcankizil.tr\/ru\/haberler\/gundem\/depremde-hatayspora-laf-atmisti-volkan-demirel-senol-gunesin-elini-sikmadi\/"},"author":{"name":"","@id":""},"headline":"Depremde Hatayspor\u2019a laf atm\u0131\u015ft\u0131, Volkan Demirel \u015eenol G\u00fcne\u015f&#8217;in elini s\u0131kmad\u0131","datePublished":"2024-12-22T18:41:22+00:00","mainEntityOfPage":{"@id":"https:\/\/denizcankizil.tr\/ru\/haberler\/gundem\/depremde-hatayspora-laf-atmisti-volkan-demirel-senol-gunesin-elini-sikmadi\/"},"wordCount":202,"commentCount":0,"publisher":{"@id":"https:\/\/denizcankizil.tr\/#organization"},"articleSection":["G\u00fcndem","Uncategorized"],"inLanguage":"ru-RU","potentialAction":[{"@type":"CommentAction","name":"Comment","target":["https:\/\/denizcankizil.tr\/ru\/haberler\/gundem\/depremde-hatayspora-laf-atmisti-volkan-demirel-senol-gunesin-elini-sikmadi\/#respond"]}]},{"@type":"WebPage","@id":"https:\/\/denizcankizil.tr\/ru\/haberler\/gundem\/depremde-hatayspora-laf-atmisti-volkan-demirel-senol-gunesin-elini-sikmadi\/","url":"https:\/\/denizcankizil.tr\/ru\/haberler\/gundem\/depremde-hatayspora-laf-atmisti-volkan-demirel-senol-gunesin-elini-sikmadi\/","name":"Depremde Hatayspor\u2019a laf atm\u0131\u015ft\u0131, Volkan Demirel \u015eenol G\u00fcne\u015f'in elini s\u0131kmad\u0131 - Av. Deniz Can K\u0131z\u0131l","isPartOf":{"@id":"https:\/\/denizcankizil.tr\/#website"},"datePublished":"2024-12-22T18:41:22+00:00","breadcrumb":{"@id":"https:\/\/denizcankizil.tr\/ru\/haberler\/gundem\/depremde-hatayspora-laf-atmisti-volkan-demirel-senol-gunesin-elini-sikmadi\/#breadcrumb"},"inLanguage":"ru-RU","potentialAction":[{"@type":"ReadAction","target":["https:\/\/denizcankizil.tr\/ru\/haberler\/gundem\/depremde-hatayspora-laf-atmisti-volkan-demirel-senol-gunesin-elini-sikmadi\/"]}]},{"@type":"BreadcrumbList","@id":"https:\/\/denizcankizil.tr\/ru\/haberler\/gundem\/depremde-hatayspora-laf-atmisti-volkan-demirel-senol-gunesin-elini-sikmadi\/#breadcrumb","itemListElement":[{"@type":"ListItem","position":1,"name":"Home","item":"https:\/\/denizcankizil.tr\/de\/"},{"@type":"ListItem","position":2,"name":"Depremde Hatayspor\u2019a laf atm\u0131\u015ft\u0131, Volkan Demirel \u015eenol G\u00fcne\u015f&#8217;in elini s\u0131kmad\u0131"}]},{"@type":"WebSite","@id":"https:\/\/denizcankizil.tr\/#website","url":"https:\/\/denizcankizil.tr\/","name":"Av. Deniz Can K\u0131z\u0131l","description":"Avukat Deniz Can K\u0131z\u0131l Antalya Barosu","publisher":{"@id":"https:\/\/denizcankizil.tr\/#organization"},"potentialAction":[{"@type":"SearchAction","target":{"@type":"EntryPoint","urlTemplate":"https:\/\/denizcankizil.tr\/?s={search_term_string}"},"query-input":{"@type":"PropertyValueSpecification","valueRequired":true,"valueName":"search_term_string"}}],"inLanguage":"ru-RU"},{"@type":"Organization","@id":"https:\/\/denizcankizil.tr\/#organization","name":"Av. Deniz Can K\u0131z\u0131l","url":"https:\/\/denizcankizil.tr\/","logo":{"@type":"ImageObject","inLanguage":"ru-RU","@id":"https:\/\/denizcankizil.tr\/#\/schema\/logo\/image\/","url":"https:\/\/denizcankizil.tr\/wp-content\/uploads\/2024\/10\/siyah-logo-svg.svg","contentUrl":"https:\/\/denizcankizil.tr\/wp-content\/uploads\/2024\/10\/siyah-logo-svg.svg","width":1080,"height":1080,"caption":"Av. Deniz Can K\u0131z\u0131l"},"image":{"@id":"https:\/\/denizcankizil.tr\/#\/schema\/logo\/image\/"}}]}},"_links":{"self":[{"href":"https:\/\/denizcankizil.tr\/ru\/wp-json\/wp\/v2\/posts\/21780","targetHints":{"allow":["GET"]}}],"collection":[{"href":"https:\/\/denizcankizil.tr\/ru\/wp-json\/wp\/v2\/posts"}],"about":[{"href":"https:\/\/denizcankizil.tr\/ru\/wp-json\/wp\/v2\/types\/post"}],"replies":[{"embeddable":true,"href":"https:\/\/denizcankizil.tr\/ru\/wp-json\/wp\/v2\/comments?post=21780"}],"version-history":[{"count":0,"href":"https:\/\/denizcankizil.tr\/ru\/wp-json\/wp\/v2\/posts\/21780\/revisions"}],"wp:attachment":[{"href":"https:\/\/denizcankizil.tr\/ru\/wp-json\/wp\/v2\/media?parent=21780"}],"wp:term":[{"taxonomy":"category","embeddable":true,"href":"https:\/\/denizcankizil.tr\/ru\/wp-json\/wp\/v2\/categories?post=21780"},{"taxonomy":"post_tag","embeddable":true,"href":"https:\/\/denizcankizil.tr\/ru\/wp-json\/wp\/v2\/tags?post=21780"}],"curies":[{"name":"wp","href":"https:\/\/api.w.org\/{rel}","templated":true}]}}