{"id":21613,"date":"2024-12-21T11:41:45","date_gmt":"2024-12-21T08:41:45","guid":{"rendered":"https:\/\/denizcankizil.tr\/uncategorized-tr\/chpli-meric-kademeli-emeklilige-acilen-ayar-yapilmali\/"},"modified":"2024-12-21T11:41:45","modified_gmt":"2024-12-21T08:41:45","slug":"chpli-meric-kademeli-emeklilige-acilen-ayar-yapilmali","status":"publish","type":"post","link":"https:\/\/denizcankizil.tr\/ru\/haberler\/gundem\/chpli-meric-kademeli-emeklilige-acilen-ayar-yapilmali\/","title":{"rendered":"CHP&#8217;li Meri\u00e7: Kademeli emeklili\u011fe acilen ayar yap\u0131lmal\u0131"},"content":{"rendered":"<p>CHP Gaziantep Milletvekili Melih Meri\u00e7, kademeli emeklili\u011fe y\u00f6nelik d\u00fczenleme yap\u0131lmas\u0131 gerekti\u011fini belirtti.ANKARA (\u0130GFA) &#8211; CHP Gaziantep Milletvekili Melih Meri\u00e7, kademeli emeklilik konusunda TBMM&#8217;de d\u00fczenledi\u011fi bas\u0131n toplant\u0131s\u0131nda, &#8220;emeklilikte ya\u015fa tak\u0131lanlarla&#8221; ilgili sorunun \u00e7\u00f6z\u00fcld\u00fc\u011f\u00fcn\u00fc an\u0131msatarak, 1999 y\u0131l\u0131 ve sonras\u0131nda ilk defa sigortal\u0131 olanlarla ilgili bir d\u00fczenlemenin getirilmedi\u011fini savundu.<br \/>\nAnayasa&#8217;n\u0131n e\u015fitlik ilkesine ayk\u0131r\u0131 bu durumun adil ve makul olmad\u0131\u011f\u0131n\u0131 s\u00f6yleyen Milletvekili Meri\u00e7, &#8220;Gerek memurlar\u0131n gerekse sigortal\u0131 \u00e7al\u0131\u015fan i\u015f\u00e7ilerin kademeli emekliliklerine y\u00f6nelik ya\u015f ve prim g\u00fcn s\u00fcrelerinin yeniden d\u00fczenlenmesi ve bu konunun TBMM&#8217;de acilen ele al\u0131nmas\u0131 gerekmektedir.&#8221; dedi. T\u00fcrkiye&#8217;nin, sava\u015ftan ka\u00e7an Suriyelilerin en yo\u011fun oldu\u011fu \u00fclke, Gaziantep&#8217;in ise \u0130stanbul&#8217;un ard\u0131ndan en fazla Suriyeliyi misafir eden \u015fehir oldu\u011funu dile getiren Meri\u00e7, Suriyelilerin en k\u0131sa s\u00fcrede s\u0131k\u0131nt\u0131s\u0131z, problemsiz \u015fekilde \u00fclkelerine d\u00f6nmeleri i\u00e7in gerekli tedbirlerin al\u0131nmas\u0131n\u0131 istedi.<br \/>\n\u00d6te yandan Milletvekili Meri\u00e7, Gaziantep&#8217;te trafik konusuna da dikkati \u00e7ekti\u011fi a\u00e7\u0131klamas\u0131nda, Gaziantep&#8217;te bu konuda b\u00fcy\u00fck s\u0131k\u0131nt\u0131lar\u0131n ya\u015fand\u0131\u011f\u0131n\u0131, plans\u0131z, projesiz tedbirlerin i\u015fe yaramad\u0131\u011f\u0131n\u0131 ifade ederek, kentteki &#8220;trafik \u00e7ilesine&#8221; son verilmesi talebinde bulundu.<\/p>\n<p>\u200bCHP Gaziantep Milletvekili Melih Meri\u00e7, kademeli emeklili\u011fe y\u00f6nelik d\u00fczenleme yap\u0131lmas\u0131 gerekti\u011fini belirtti.ANKARA (\u0130GFA) &#8211; CHP Gaziantep Milletvekili Melih Meri\u00e7, kademeli emeklilik konusunda TBMM&#8217;de d\u00fczenledi\u011fi bas\u0131n toplant\u0131s\u0131nda, &#8220;emeklilikte ya\u015fa tak\u0131lanlarla&#8221; ilgili sorunun \u00e7\u00f6z\u00fcld\u00fc\u011f\u00fcn\u00fc an\u0131msatarak, 1999 y\u0131l\u0131 ve sonras\u0131nda ilk defa sigortal\u0131 olanlarla ilgili bir d\u00fczenlemenin getirilmedi\u011fini savundu.<br \/>\nAnayasa&#8217;n\u0131n e\u015fitlik ilkesine ayk\u0131r\u0131 bu durumun adil ve makul olmad\u0131\u011f\u0131n\u0131 s\u00f6yleyen Milletvekili Meri\u00e7, &#8220;Gerek memurlar\u0131n gerekse sigortal\u0131 \u00e7al\u0131\u015fan i\u015f\u00e7ilerin kademeli emekliliklerine y\u00f6nelik ya\u015f ve prim g\u00fcn s\u00fcrelerinin yeniden d\u00fczenlenmesi ve bu konunun TBMM&#8217;de acilen ele al\u0131nmas\u0131 gerekmektedir.&#8221; dedi. T\u00fcrkiye&#8217;nin, sava\u015ftan ka\u00e7an Suriyelilerin en yo\u011fun oldu\u011fu \u00fclke, Gaziantep&#8217;in ise \u0130stanbul&#8217;un ard\u0131ndan en fazla Suriyeliyi misafir eden \u015fehir oldu\u011funu dile getiren Meri\u00e7, Suriyelilerin en k\u0131sa s\u00fcrede s\u0131k\u0131nt\u0131s\u0131z, problemsiz \u015fekilde \u00fclkelerine d\u00f6nmeleri i\u00e7in gerekli tedbirlerin al\u0131nmas\u0131n\u0131 istedi.<br \/>\n\u00d6te yandan Milletvekili Meri\u00e7, Gaziantep&#8217;te trafik konusuna da dikkati \u00e7ekti\u011fi a\u00e7\u0131klamas\u0131nda, Gaziantep&#8217;te bu konuda b\u00fcy\u00fck s\u0131k\u0131nt\u0131lar\u0131n ya\u015fand\u0131\u011f\u0131n\u0131, plans\u0131z, projesiz tedbirlerin i\u015fe yaramad\u0131\u011f\u0131n\u0131 ifade ederek, kentteki &#8220;trafik \u00e7ilesine&#8221; son verilmesi talebinde bulundu.\u00a0<\/p>\n<p>\u200bHaberin Al\u0131nt\u0131land\u0131\u011f\u0131 Kaynak: www.iskenderun.org<\/p>","protected":false},"excerpt":{"rendered":"<p>CHP Gaziantep Milletvekili Melih Meri\u00e7, kademeli emeklili\u011fe y\u00f6nelik d\u00fczenleme yap\u0131lmas\u0131 gerekti\u011fini belirtti.ANKARA (\u0130GFA) &#8211; CHP Gaziantep Milletvekili Melih Meri\u00e7, kademeli emeklilik konusunda TBMM&#8217;de d\u00fczenledi\u011fi bas\u0131n toplant\u0131s\u0131nda, &#8220;emeklilikte ya\u015fa tak\u0131lanlarla&#8221; ilgili sorunun \u00e7\u00f6z\u00fcld\u00fc\u011f\u00fcn\u00fc an\u0131msatarak, 1999 y\u0131l\u0131 ve sonras\u0131nda ilk defa sigortal\u0131 olanlarla ilgili bir d\u00fczenlemenin getirilmedi\u011fini savundu. Anayasa&#8217;n\u0131n e\u015fitlik ilkesine ayk\u0131r\u0131 bu durumun adil ve makul olmad\u0131\u011f\u0131n\u0131 s\u00f6yleyen Milletvekili Meri\u00e7, &#8220;Gerek memurlar\u0131n gerekse sigortal\u0131 \u00e7al\u0131\u015fan i\u015f\u00e7ilerin kademeli emekliliklerine y\u00f6nelik ya\u015f ve prim g\u00fcn s\u00fcrelerinin yeniden d\u00fczenlenmesi ve bu konunun TBMM&#8217;de acilen ele al\u0131nmas\u0131 gerekmektedir.&#8221; dedi. T\u00fcrkiye&#8217;nin, sava\u015ftan ka\u00e7an Suriyelilerin en yo\u011fun oldu\u011fu \u00fclke, Gaziantep&#8217;in ise \u0130stanbul&#8217;un ard\u0131ndan en fazla Suriyeliyi misafir eden \u015fehir oldu\u011funu dile getiren Meri\u00e7, Suriyelilerin en k\u0131sa s\u00fcrede s\u0131k\u0131nt\u0131s\u0131z, problemsiz \u015fekilde \u00fclkelerine d\u00f6nmeleri i\u00e7in gerekli tedbirlerin al\u0131nmas\u0131n\u0131 istedi. \u00d6te yandan Milletvekili Meri\u00e7, Gaziantep&#8217;te trafik konusuna da dikkati \u00e7ekti\u011fi a\u00e7\u0131klamas\u0131nda, Gaziantep&#8217;te bu konuda b\u00fcy\u00fck s\u0131k\u0131nt\u0131lar\u0131n ya\u015fand\u0131\u011f\u0131n\u0131, plans\u0131z, projesiz tedbirlerin i\u015fe yaramad\u0131\u011f\u0131n\u0131 ifade ederek, kentteki &#8220;trafik \u00e7ilesine&#8221; son verilmesi talebinde bulundu. \u200bCHP Gaziantep Milletvekili Melih Meri\u00e7, kademeli emeklili\u011fe y\u00f6nelik d\u00fczenleme yap\u0131lmas\u0131 gerekti\u011fini belirtti.ANKARA (\u0130GFA) &#8211; CHP Gaziantep Milletvekili Melih Meri\u00e7, kademeli emeklilik konusunda TBMM&#8217;de d\u00fczenledi\u011fi bas\u0131n toplant\u0131s\u0131nda, &#8220;emeklilikte ya\u015fa tak\u0131lanlarla&#8221; ilgili sorunun \u00e7\u00f6z\u00fcld\u00fc\u011f\u00fcn\u00fc an\u0131msatarak, 1999 y\u0131l\u0131 ve sonras\u0131nda ilk defa sigortal\u0131 olanlarla ilgili bir d\u00fczenlemenin getirilmedi\u011fini savundu. Anayasa&#8217;n\u0131n e\u015fitlik ilkesine &hellip;<\/p>","protected":false},"author":0,"featured_media":0,"comment_status":"open","ping_status":"open","sticky":false,"template":"","format":"standard","meta":{"_acf_changed":false,"footnotes":""},"categories":[24,535],"tags":[],"class_list":["post-21613","post","type-post","status-publish","format-standard","has-post-thumbnail","hentry","category-gundem","category-uncategorized-tr"],"acf":[],"yoast_head":"<!-- This site is optimized with the Yoast SEO Premium plugin v26.6 (Yoast SEO v27.1.1) - https:\/\/yoast.com\/product\/yoast-seo-premium-wordpress\/ -->\n<title>CHP&#039;li Meri\u00e7: Kademeli emeklili\u011fe acilen ayar yap\u0131lmal\u0131 - Av. Deniz Can K\u0131z\u0131l<\/title>\n<meta name=\"robots\" content=\"index, follow, max-snippet:-1, max-image-preview:large, max-video-preview:-1\" \/>\n<link rel=\"canonical\" href=\"https:\/\/denizcankizil.tr\/ru\/haberler\/gundem\/chpli-meric-kademeli-emeklilige-acilen-ayar-yapilmali\/\" \/>\n<meta property=\"og:locale\" content=\"ru_RU\" \/>\n<meta property=\"og:type\" content=\"article\" \/>\n<meta property=\"og:title\" content=\"CHP&#039;li Meri\u00e7: Kademeli emeklili\u011fe acilen ayar yap\u0131lmal\u0131\" \/>\n<meta property=\"og:description\" content=\"CHP Gaziantep Milletvekili Melih Meri\u00e7, kademeli emeklili\u011fe y\u00f6nelik d\u00fczenleme yap\u0131lmas\u0131 gerekti\u011fini belirtti.ANKARA (\u0130GFA) &#8211; CHP Gaziantep Milletvekili Melih Meri\u00e7, kademeli emeklilik konusunda TBMM&#8217;de d\u00fczenledi\u011fi bas\u0131n toplant\u0131s\u0131nda, &#8220;emeklilikte ya\u015fa tak\u0131lanlarla&#8221; ilgili sorunun \u00e7\u00f6z\u00fcld\u00fc\u011f\u00fcn\u00fc an\u0131msatarak, 1999 y\u0131l\u0131 ve sonras\u0131nda ilk defa sigortal\u0131 olanlarla ilgili bir d\u00fczenlemenin getirilmedi\u011fini savundu. Anayasa&#8217;n\u0131n e\u015fitlik ilkesine ayk\u0131r\u0131 bu durumun adil ve makul olmad\u0131\u011f\u0131n\u0131 s\u00f6yleyen Milletvekili Meri\u00e7, &#8220;Gerek memurlar\u0131n gerekse sigortal\u0131 \u00e7al\u0131\u015fan i\u015f\u00e7ilerin kademeli emekliliklerine y\u00f6nelik ya\u015f ve prim g\u00fcn s\u00fcrelerinin yeniden d\u00fczenlenmesi ve bu konunun TBMM&#8217;de acilen ele al\u0131nmas\u0131 gerekmektedir.&#8221; dedi. T\u00fcrkiye&#8217;nin, sava\u015ftan ka\u00e7an Suriyelilerin en yo\u011fun oldu\u011fu \u00fclke, Gaziantep&#8217;in ise \u0130stanbul&#8217;un ard\u0131ndan en fazla Suriyeliyi misafir eden \u015fehir oldu\u011funu dile getiren Meri\u00e7, Suriyelilerin en k\u0131sa s\u00fcrede s\u0131k\u0131nt\u0131s\u0131z, problemsiz \u015fekilde \u00fclkelerine d\u00f6nmeleri i\u00e7in gerekli tedbirlerin al\u0131nmas\u0131n\u0131 istedi. \u00d6te yandan Milletvekili Meri\u00e7, Gaziantep&#8217;te trafik konusuna da dikkati \u00e7ekti\u011fi a\u00e7\u0131klamas\u0131nda, Gaziantep&#8217;te bu konuda b\u00fcy\u00fck s\u0131k\u0131nt\u0131lar\u0131n ya\u015fand\u0131\u011f\u0131n\u0131, plans\u0131z, projesiz tedbirlerin i\u015fe yaramad\u0131\u011f\u0131n\u0131 ifade ederek, kentteki &#8220;trafik \u00e7ilesine&#8221; son verilmesi talebinde bulundu. \u200bCHP Gaziantep Milletvekili Melih Meri\u00e7, kademeli emeklili\u011fe y\u00f6nelik d\u00fczenleme yap\u0131lmas\u0131 gerekti\u011fini belirtti.ANKARA (\u0130GFA) &#8211; CHP Gaziantep Milletvekili Melih Meri\u00e7, kademeli emeklilik konusunda TBMM&#8217;de d\u00fczenledi\u011fi bas\u0131n toplant\u0131s\u0131nda, &#8220;emeklilikte ya\u015fa tak\u0131lanlarla&#8221; ilgili sorunun \u00e7\u00f6z\u00fcld\u00fc\u011f\u00fcn\u00fc an\u0131msatarak, 1999 y\u0131l\u0131 ve sonras\u0131nda ilk defa sigortal\u0131 olanlarla ilgili bir d\u00fczenlemenin getirilmedi\u011fini savundu. Anayasa&#8217;n\u0131n e\u015fitlik ilkesine &hellip;\" \/>\n<meta property=\"og:url\" content=\"https:\/\/denizcankizil.tr\/ru\/haberler\/gundem\/chpli-meric-kademeli-emeklilige-acilen-ayar-yapilmali\/\" \/>\n<meta property=\"og:site_name\" content=\"Av. Deniz Can K\u0131z\u0131l\" \/>\n<meta property=\"article:published_time\" content=\"2024-12-21T08:41:45+00:00\" \/>\n<meta name=\"twitter:card\" content=\"summary_large_image\" \/>\n<meta name=\"twitter:label1\" content=\"\u041f\u0440\u0438\u043c\u0435\u0440\u043d\u043e\u0435 \u0432\u0440\u0435\u043c\u044f \u0434\u043b\u044f \u0447\u0442\u0435\u043d\u0438\u044f\" \/>\n\t<meta name=\"twitter:data1\" content=\"2 \u043c\u0438\u043d\u0443\u0442\u044b\" \/>\n<script type=\"application\/ld+json\" class=\"yoast-schema-graph\">{\"@context\":\"https:\/\/schema.org\",\"@graph\":[{\"@type\":\"Article\",\"@id\":\"https:\/\/denizcankizil.tr\/ru\/haberler\/gundem\/chpli-meric-kademeli-emeklilige-acilen-ayar-yapilmali\/#article\",\"isPartOf\":{\"@id\":\"https:\/\/denizcankizil.tr\/ru\/haberler\/gundem\/chpli-meric-kademeli-emeklilige-acilen-ayar-yapilmali\/\"},\"author\":{\"name\":\"\",\"@id\":\"\"},\"headline\":\"CHP&#8217;li Meri\u00e7: Kademeli emeklili\u011fe acilen ayar yap\u0131lmal\u0131\",\"datePublished\":\"2024-12-21T08:41:45+00:00\",\"mainEntityOfPage\":{\"@id\":\"https:\/\/denizcankizil.tr\/ru\/haberler\/gundem\/chpli-meric-kademeli-emeklilige-acilen-ayar-yapilmali\/\"},\"wordCount\":462,\"commentCount\":0,\"publisher\":{\"@id\":\"https:\/\/denizcankizil.tr\/#organization\"},\"articleSection\":[\"G\u00fcndem\",\"Uncategorized\"],\"inLanguage\":\"ru-RU\",\"potentialAction\":[{\"@type\":\"CommentAction\",\"name\":\"Comment\",\"target\":[\"https:\/\/denizcankizil.tr\/ru\/haberler\/gundem\/chpli-meric-kademeli-emeklilige-acilen-ayar-yapilmali\/#respond\"]}]},{\"@type\":\"WebPage\",\"@id\":\"https:\/\/denizcankizil.tr\/ru\/haberler\/gundem\/chpli-meric-kademeli-emeklilige-acilen-ayar-yapilmali\/\",\"url\":\"https:\/\/denizcankizil.tr\/ru\/haberler\/gundem\/chpli-meric-kademeli-emeklilige-acilen-ayar-yapilmali\/\",\"name\":\"CHP'li Meri\u00e7: Kademeli emeklili\u011fe acilen ayar yap\u0131lmal\u0131 - Av. Deniz Can K\u0131z\u0131l\",\"isPartOf\":{\"@id\":\"https:\/\/denizcankizil.tr\/#website\"},\"datePublished\":\"2024-12-21T08:41:45+00:00\",\"breadcrumb\":{\"@id\":\"https:\/\/denizcankizil.tr\/ru\/haberler\/gundem\/chpli-meric-kademeli-emeklilige-acilen-ayar-yapilmali\/#breadcrumb\"},\"inLanguage\":\"ru-RU\",\"potentialAction\":[{\"@type\":\"ReadAction\",\"target\":[\"https:\/\/denizcankizil.tr\/ru\/haberler\/gundem\/chpli-meric-kademeli-emeklilige-acilen-ayar-yapilmali\/\"]}]},{\"@type\":\"BreadcrumbList\",\"@id\":\"https:\/\/denizcankizil.tr\/ru\/haberler\/gundem\/chpli-meric-kademeli-emeklilige-acilen-ayar-yapilmali\/#breadcrumb\",\"itemListElement\":[{\"@type\":\"ListItem\",\"position\":1,\"name\":\"Home\",\"item\":\"https:\/\/denizcankizil.tr\/de\/\"},{\"@type\":\"ListItem\",\"position\":2,\"name\":\"CHP&#8217;li Meri\u00e7: Kademeli emeklili\u011fe acilen ayar yap\u0131lmal\u0131\"}]},{\"@type\":\"WebSite\",\"@id\":\"https:\/\/denizcankizil.tr\/#website\",\"url\":\"https:\/\/denizcankizil.tr\/\",\"name\":\"Av. Deniz Can K\u0131z\u0131l\",\"description\":\"Avukat Deniz Can K\u0131z\u0131l Antalya Barosu\",\"publisher\":{\"@id\":\"https:\/\/denizcankizil.tr\/#organization\"},\"potentialAction\":[{\"@type\":\"SearchAction\",\"target\":{\"@type\":\"EntryPoint\",\"urlTemplate\":\"https:\/\/denizcankizil.tr\/?s={search_term_string}\"},\"query-input\":{\"@type\":\"PropertyValueSpecification\",\"valueRequired\":true,\"valueName\":\"search_term_string\"}}],\"inLanguage\":\"ru-RU\"},{\"@type\":\"Organization\",\"@id\":\"https:\/\/denizcankizil.tr\/#organization\",\"name\":\"Av. Deniz Can K\u0131z\u0131l\",\"url\":\"https:\/\/denizcankizil.tr\/\",\"logo\":{\"@type\":\"ImageObject\",\"inLanguage\":\"ru-RU\",\"@id\":\"https:\/\/denizcankizil.tr\/#\/schema\/logo\/image\/\",\"url\":\"https:\/\/denizcankizil.tr\/wp-content\/uploads\/2024\/10\/siyah-logo-svg.svg\",\"contentUrl\":\"https:\/\/denizcankizil.tr\/wp-content\/uploads\/2024\/10\/siyah-logo-svg.svg\",\"width\":1080,\"height\":1080,\"caption\":\"Av. Deniz Can K\u0131z\u0131l\"},\"image\":{\"@id\":\"https:\/\/denizcankizil.tr\/#\/schema\/logo\/image\/\"}}]}<\/script>\n<!-- \/ Yoast SEO Premium plugin. -->","yoast_head_json":{"title":"CHP'li Meri\u00e7: Kademeli emeklili\u011fe acilen ayar yap\u0131lmal\u0131 - Av. Deniz Can K\u0131z\u0131l","robots":{"index":"index","follow":"follow","max-snippet":"max-snippet:-1","max-image-preview":"max-image-preview:large","max-video-preview":"max-video-preview:-1"},"canonical":"https:\/\/denizcankizil.tr\/ru\/haberler\/gundem\/chpli-meric-kademeli-emeklilige-acilen-ayar-yapilmali\/","og_locale":"ru_RU","og_type":"article","og_title":"CHP'li Meri\u00e7: Kademeli emeklili\u011fe acilen ayar yap\u0131lmal\u0131","og_description":"CHP Gaziantep Milletvekili Melih Meri\u00e7, kademeli emeklili\u011fe y\u00f6nelik d\u00fczenleme yap\u0131lmas\u0131 gerekti\u011fini belirtti.ANKARA (\u0130GFA) &#8211; CHP Gaziantep Milletvekili Melih Meri\u00e7, kademeli emeklilik konusunda TBMM&#8217;de d\u00fczenledi\u011fi bas\u0131n toplant\u0131s\u0131nda, &#8220;emeklilikte ya\u015fa tak\u0131lanlarla&#8221; ilgili sorunun \u00e7\u00f6z\u00fcld\u00fc\u011f\u00fcn\u00fc an\u0131msatarak, 1999 y\u0131l\u0131 ve sonras\u0131nda ilk defa sigortal\u0131 olanlarla ilgili bir d\u00fczenlemenin getirilmedi\u011fini savundu. Anayasa&#8217;n\u0131n e\u015fitlik ilkesine ayk\u0131r\u0131 bu durumun adil ve makul olmad\u0131\u011f\u0131n\u0131 s\u00f6yleyen Milletvekili Meri\u00e7, &#8220;Gerek memurlar\u0131n gerekse sigortal\u0131 \u00e7al\u0131\u015fan i\u015f\u00e7ilerin kademeli emekliliklerine y\u00f6nelik ya\u015f ve prim g\u00fcn s\u00fcrelerinin yeniden d\u00fczenlenmesi ve bu konunun TBMM&#8217;de acilen ele al\u0131nmas\u0131 gerekmektedir.&#8221; dedi. T\u00fcrkiye&#8217;nin, sava\u015ftan ka\u00e7an Suriyelilerin en yo\u011fun oldu\u011fu \u00fclke, Gaziantep&#8217;in ise \u0130stanbul&#8217;un ard\u0131ndan en fazla Suriyeliyi misafir eden \u015fehir oldu\u011funu dile getiren Meri\u00e7, Suriyelilerin en k\u0131sa s\u00fcrede s\u0131k\u0131nt\u0131s\u0131z, problemsiz \u015fekilde \u00fclkelerine d\u00f6nmeleri i\u00e7in gerekli tedbirlerin al\u0131nmas\u0131n\u0131 istedi. \u00d6te yandan Milletvekili Meri\u00e7, Gaziantep&#8217;te trafik konusuna da dikkati \u00e7ekti\u011fi a\u00e7\u0131klamas\u0131nda, Gaziantep&#8217;te bu konuda b\u00fcy\u00fck s\u0131k\u0131nt\u0131lar\u0131n ya\u015fand\u0131\u011f\u0131n\u0131, plans\u0131z, projesiz tedbirlerin i\u015fe yaramad\u0131\u011f\u0131n\u0131 ifade ederek, kentteki &#8220;trafik \u00e7ilesine&#8221; son verilmesi talebinde bulundu. \u200bCHP Gaziantep Milletvekili Melih Meri\u00e7, kademeli emeklili\u011fe y\u00f6nelik d\u00fczenleme yap\u0131lmas\u0131 gerekti\u011fini belirtti.ANKARA (\u0130GFA) &#8211; CHP Gaziantep Milletvekili Melih Meri\u00e7, kademeli emeklilik konusunda TBMM&#8217;de d\u00fczenledi\u011fi bas\u0131n toplant\u0131s\u0131nda, &#8220;emeklilikte ya\u015fa tak\u0131lanlarla&#8221; ilgili sorunun \u00e7\u00f6z\u00fcld\u00fc\u011f\u00fcn\u00fc an\u0131msatarak, 1999 y\u0131l\u0131 ve sonras\u0131nda ilk defa sigortal\u0131 olanlarla ilgili bir d\u00fczenlemenin getirilmedi\u011fini savundu. Anayasa&#8217;n\u0131n e\u015fitlik ilkesine &hellip;","og_url":"https:\/\/denizcankizil.tr\/ru\/haberler\/gundem\/chpli-meric-kademeli-emeklilige-acilen-ayar-yapilmali\/","og_site_name":"Av. Deniz Can K\u0131z\u0131l","article_published_time":"2024-12-21T08:41:45+00:00","twitter_card":"summary_large_image","twitter_misc":{"\u041f\u0440\u0438\u043c\u0435\u0440\u043d\u043e\u0435 \u0432\u0440\u0435\u043c\u044f \u0434\u043b\u044f \u0447\u0442\u0435\u043d\u0438\u044f":"2 \u043c\u0438\u043d\u0443\u0442\u044b"},"schema":{"@context":"https:\/\/schema.org","@graph":[{"@type":"Article","@id":"https:\/\/denizcankizil.tr\/ru\/haberler\/gundem\/chpli-meric-kademeli-emeklilige-acilen-ayar-yapilmali\/#article","isPartOf":{"@id":"https:\/\/denizcankizil.tr\/ru\/haberler\/gundem\/chpli-meric-kademeli-emeklilige-acilen-ayar-yapilmali\/"},"author":{"name":"","@id":""},"headline":"CHP&#8217;li Meri\u00e7: Kademeli emeklili\u011fe acilen ayar yap\u0131lmal\u0131","datePublished":"2024-12-21T08:41:45+00:00","mainEntityOfPage":{"@id":"https:\/\/denizcankizil.tr\/ru\/haberler\/gundem\/chpli-meric-kademeli-emeklilige-acilen-ayar-yapilmali\/"},"wordCount":462,"commentCount":0,"publisher":{"@id":"https:\/\/denizcankizil.tr\/#organization"},"articleSection":["G\u00fcndem","Uncategorized"],"inLanguage":"ru-RU","potentialAction":[{"@type":"CommentAction","name":"Comment","target":["https:\/\/denizcankizil.tr\/ru\/haberler\/gundem\/chpli-meric-kademeli-emeklilige-acilen-ayar-yapilmali\/#respond"]}]},{"@type":"WebPage","@id":"https:\/\/denizcankizil.tr\/ru\/haberler\/gundem\/chpli-meric-kademeli-emeklilige-acilen-ayar-yapilmali\/","url":"https:\/\/denizcankizil.tr\/ru\/haberler\/gundem\/chpli-meric-kademeli-emeklilige-acilen-ayar-yapilmali\/","name":"CHP'li Meri\u00e7: Kademeli emeklili\u011fe acilen ayar yap\u0131lmal\u0131 - Av. Deniz Can K\u0131z\u0131l","isPartOf":{"@id":"https:\/\/denizcankizil.tr\/#website"},"datePublished":"2024-12-21T08:41:45+00:00","breadcrumb":{"@id":"https:\/\/denizcankizil.tr\/ru\/haberler\/gundem\/chpli-meric-kademeli-emeklilige-acilen-ayar-yapilmali\/#breadcrumb"},"inLanguage":"ru-RU","potentialAction":[{"@type":"ReadAction","target":["https:\/\/denizcankizil.tr\/ru\/haberler\/gundem\/chpli-meric-kademeli-emeklilige-acilen-ayar-yapilmali\/"]}]},{"@type":"BreadcrumbList","@id":"https:\/\/denizcankizil.tr\/ru\/haberler\/gundem\/chpli-meric-kademeli-emeklilige-acilen-ayar-yapilmali\/#breadcrumb","itemListElement":[{"@type":"ListItem","position":1,"name":"Home","item":"https:\/\/denizcankizil.tr\/de\/"},{"@type":"ListItem","position":2,"name":"CHP&#8217;li Meri\u00e7: Kademeli emeklili\u011fe acilen ayar yap\u0131lmal\u0131"}]},{"@type":"WebSite","@id":"https:\/\/denizcankizil.tr\/#website","url":"https:\/\/denizcankizil.tr\/","name":"Av. Deniz Can K\u0131z\u0131l","description":"Avukat Deniz Can K\u0131z\u0131l Antalya Barosu","publisher":{"@id":"https:\/\/denizcankizil.tr\/#organization"},"potentialAction":[{"@type":"SearchAction","target":{"@type":"EntryPoint","urlTemplate":"https:\/\/denizcankizil.tr\/?s={search_term_string}"},"query-input":{"@type":"PropertyValueSpecification","valueRequired":true,"valueName":"search_term_string"}}],"inLanguage":"ru-RU"},{"@type":"Organization","@id":"https:\/\/denizcankizil.tr\/#organization","name":"Av. Deniz Can K\u0131z\u0131l","url":"https:\/\/denizcankizil.tr\/","logo":{"@type":"ImageObject","inLanguage":"ru-RU","@id":"https:\/\/denizcankizil.tr\/#\/schema\/logo\/image\/","url":"https:\/\/denizcankizil.tr\/wp-content\/uploads\/2024\/10\/siyah-logo-svg.svg","contentUrl":"https:\/\/denizcankizil.tr\/wp-content\/uploads\/2024\/10\/siyah-logo-svg.svg","width":1080,"height":1080,"caption":"Av. Deniz Can K\u0131z\u0131l"},"image":{"@id":"https:\/\/denizcankizil.tr\/#\/schema\/logo\/image\/"}}]}},"_links":{"self":[{"href":"https:\/\/denizcankizil.tr\/ru\/wp-json\/wp\/v2\/posts\/21613","targetHints":{"allow":["GET"]}}],"collection":[{"href":"https:\/\/denizcankizil.tr\/ru\/wp-json\/wp\/v2\/posts"}],"about":[{"href":"https:\/\/denizcankizil.tr\/ru\/wp-json\/wp\/v2\/types\/post"}],"replies":[{"embeddable":true,"href":"https:\/\/denizcankizil.tr\/ru\/wp-json\/wp\/v2\/comments?post=21613"}],"version-history":[{"count":0,"href":"https:\/\/denizcankizil.tr\/ru\/wp-json\/wp\/v2\/posts\/21613\/revisions"}],"wp:attachment":[{"href":"https:\/\/denizcankizil.tr\/ru\/wp-json\/wp\/v2\/media?parent=21613"}],"wp:term":[{"taxonomy":"category","embeddable":true,"href":"https:\/\/denizcankizil.tr\/ru\/wp-json\/wp\/v2\/categories?post=21613"},{"taxonomy":"post_tag","embeddable":true,"href":"https:\/\/denizcankizil.tr\/ru\/wp-json\/wp\/v2\/tags?post=21613"}],"curies":[{"name":"wp","href":"https:\/\/api.w.org\/{rel}","templated":true}]}}