{"id":21277,"date":"2024-12-18T16:42:08","date_gmt":"2024-12-18T13:42:08","guid":{"rendered":"https:\/\/denizcankizil.tr\/uncategorized-tr\/minik-ogrencilerden-baskan-sezere-surpriz-hediye\/"},"modified":"2024-12-18T16:42:08","modified_gmt":"2024-12-18T13:42:08","slug":"minik-ogrencilerden-baskan-sezere-surpriz-hediye","status":"publish","type":"post","link":"https:\/\/denizcankizil.tr\/ru\/haberler\/gundem\/minik-ogrencilerden-baskan-sezere-surpriz-hediye\/","title":{"rendered":"Minik \u00d6\u011frencilerden Ba\u015fkan Sezer&#8217;e S\u00fcrpriz Hediye"},"content":{"rendered":"<p>D\u00fcza\u011fa\u00e7 Anaokulu \u00f6\u011frencileri s\u00fcrpriz ziyaret ger\u00e7ekle\u015ftirdikleri G\u00f6lc\u00fck Belediye Ba\u015fkan\u0131 Ali Y\u0131ld\u0131r\u0131m Sezer\u2019e kendi elleriyle \u00e7izdikleri renkli kalpleri hediye ettiler.<\/p>\n<p>\u200bD\u00fcza\u011fa\u00e7 Anaokulu \u00f6\u011frencileri s\u00fcrpriz ziyaret ger\u00e7ekle\u015ftirdikleri G\u00f6lc\u00fck Belediye Ba\u015fkan\u0131 Ali Y\u0131ld\u0131r\u0131m Sezer\u2019e kendi elleriyle \u00e7izdikleri renkli kalpleri hediye ettiler.\u00a0<\/p>\n<p>\u200bHaberin Al\u0131nt\u0131land\u0131\u011f\u0131 Kaynak: www.iskenderun.org<\/p>","protected":false},"excerpt":{"rendered":"<p>D\u00fcza\u011fa\u00e7 Anaokulu \u00f6\u011frencileri s\u00fcrpriz ziyaret ger\u00e7ekle\u015ftirdikleri G\u00f6lc\u00fck Belediye Ba\u015fkan\u0131 Ali Y\u0131ld\u0131r\u0131m Sezer\u2019e kendi elleriyle \u00e7izdikleri renkli kalpleri hediye ettiler. \u200bD\u00fcza\u011fa\u00e7 Anaokulu \u00f6\u011frencileri s\u00fcrpriz ziyaret ger\u00e7ekle\u015ftirdikleri G\u00f6lc\u00fck Belediye Ba\u015fkan\u0131 Ali Y\u0131ld\u0131r\u0131m Sezer\u2019e kendi elleriyle \u00e7izdikleri renkli kalpleri hediye ettiler.\u00a0 \u200bHaberin Al\u0131nt\u0131land\u0131\u011f\u0131 Kaynak: www.iskenderun.org<\/p>","protected":false},"author":0,"featured_media":0,"comment_status":"open","ping_status":"open","sticky":false,"template":"","format":"standard","meta":{"_acf_changed":false,"footnotes":""},"categories":[24,535],"tags":[],"class_list":["post-21277","post","type-post","status-publish","format-standard","has-post-thumbnail","hentry","category-gundem","category-uncategorized-tr"],"acf":[],"yoast_head":"<!-- This site is optimized with the Yoast SEO Premium plugin v26.6 (Yoast SEO v27.1.1) - https:\/\/yoast.com\/product\/yoast-seo-premium-wordpress\/ -->\n<title>Minik \u00d6\u011frencilerden Ba\u015fkan Sezer&#039;e S\u00fcrpriz Hediye - Av. Deniz Can K\u0131z\u0131l<\/title>\n<meta name=\"robots\" content=\"index, follow, max-snippet:-1, max-image-preview:large, max-video-preview:-1\" \/>\n<link rel=\"canonical\" href=\"https:\/\/denizcankizil.tr\/ru\/haberler\/gundem\/minik-ogrencilerden-baskan-sezere-surpriz-hediye\/\" \/>\n<meta property=\"og:locale\" content=\"ru_RU\" \/>\n<meta property=\"og:type\" content=\"article\" \/>\n<meta property=\"og:title\" content=\"Minik \u00d6\u011frencilerden Ba\u015fkan Sezer&#039;e S\u00fcrpriz Hediye\" \/>\n<meta property=\"og:description\" content=\"D\u00fcza\u011fa\u00e7 Anaokulu \u00f6\u011frencileri s\u00fcrpriz ziyaret ger\u00e7ekle\u015ftirdikleri G\u00f6lc\u00fck Belediye Ba\u015fkan\u0131 Ali Y\u0131ld\u0131r\u0131m Sezer\u2019e kendi elleriyle \u00e7izdikleri renkli kalpleri hediye ettiler. \u200bD\u00fcza\u011fa\u00e7 Anaokulu \u00f6\u011frencileri s\u00fcrpriz ziyaret ger\u00e7ekle\u015ftirdikleri G\u00f6lc\u00fck Belediye Ba\u015fkan\u0131 Ali Y\u0131ld\u0131r\u0131m Sezer\u2019e kendi elleriyle \u00e7izdikleri renkli kalpleri hediye ettiler.\u00a0 \u200bHaberin Al\u0131nt\u0131land\u0131\u011f\u0131 Kaynak: www.iskenderun.org\" \/>\n<meta property=\"og:url\" content=\"https:\/\/denizcankizil.tr\/ru\/haberler\/gundem\/minik-ogrencilerden-baskan-sezere-surpriz-hediye\/\" \/>\n<meta property=\"og:site_name\" content=\"Av. Deniz Can K\u0131z\u0131l\" \/>\n<meta property=\"article:published_time\" content=\"2024-12-18T13:42:08+00:00\" \/>\n<meta name=\"twitter:card\" content=\"summary_large_image\" \/>\n<script type=\"application\/ld+json\" class=\"yoast-schema-graph\">{\"@context\":\"https:\/\/schema.org\",\"@graph\":[{\"@type\":\"Article\",\"@id\":\"https:\/\/denizcankizil.tr\/de\/haberler\/gundem\/minik-ogrencilerden-baskan-sezere-surpriz-hediye\/#article\",\"isPartOf\":{\"@id\":\"https:\/\/denizcankizil.tr\/de\/haberler\/gundem\/minik-ogrencilerden-baskan-sezere-surpriz-hediye\/\"},\"author\":{\"name\":\"\",\"@id\":\"\"},\"headline\":\"Minik \u00d6\u011frencilerden Ba\u015fkan Sezer&#8217;e S\u00fcrpriz Hediye\",\"datePublished\":\"2024-12-18T13:42:08+00:00\",\"mainEntityOfPage\":{\"@id\":\"https:\/\/denizcankizil.tr\/de\/haberler\/gundem\/minik-ogrencilerden-baskan-sezere-surpriz-hediye\/\"},\"wordCount\":79,\"commentCount\":0,\"publisher\":{\"@id\":\"https:\/\/denizcankizil.tr\/de\/#organization\"},\"articleSection\":[\"G\u00fcndem\",\"Uncategorized\"],\"inLanguage\":\"ru-RU\",\"potentialAction\":[{\"@type\":\"CommentAction\",\"name\":\"Comment\",\"target\":[\"https:\/\/denizcankizil.tr\/de\/haberler\/gundem\/minik-ogrencilerden-baskan-sezere-surpriz-hediye\/#respond\"]}]},{\"@type\":\"WebPage\",\"@id\":\"https:\/\/denizcankizil.tr\/de\/haberler\/gundem\/minik-ogrencilerden-baskan-sezere-surpriz-hediye\/\",\"url\":\"https:\/\/denizcankizil.tr\/de\/haberler\/gundem\/minik-ogrencilerden-baskan-sezere-surpriz-hediye\/\",\"name\":\"Minik \u00d6\u011frencilerden Ba\u015fkan Sezer'e S\u00fcrpriz Hediye - Av. Deniz Can K\u0131z\u0131l\",\"isPartOf\":{\"@id\":\"https:\/\/denizcankizil.tr\/de\/#website\"},\"datePublished\":\"2024-12-18T13:42:08+00:00\",\"breadcrumb\":{\"@id\":\"https:\/\/denizcankizil.tr\/de\/haberler\/gundem\/minik-ogrencilerden-baskan-sezere-surpriz-hediye\/#breadcrumb\"},\"inLanguage\":\"ru-RU\",\"potentialAction\":[{\"@type\":\"ReadAction\",\"target\":[\"https:\/\/denizcankizil.tr\/de\/haberler\/gundem\/minik-ogrencilerden-baskan-sezere-surpriz-hediye\/\"]}]},{\"@type\":\"BreadcrumbList\",\"@id\":\"https:\/\/denizcankizil.tr\/de\/haberler\/gundem\/minik-ogrencilerden-baskan-sezere-surpriz-hediye\/#breadcrumb\",\"itemListElement\":[{\"@type\":\"ListItem\",\"position\":1,\"name\":\"Home\",\"item\":\"https:\/\/denizcankizil.tr\/de\/\"},{\"@type\":\"ListItem\",\"position\":2,\"name\":\"Minik \u00d6\u011frencilerden Ba\u015fkan Sezer&#8217;e S\u00fcrpriz Hediye\"}]},{\"@type\":\"WebSite\",\"@id\":\"https:\/\/denizcankizil.tr\/de\/#website\",\"url\":\"https:\/\/denizcankizil.tr\/de\/\",\"name\":\"Av. Deniz Can K\u0131z\u0131l\",\"description\":\"Avukat Deniz Can K\u0131z\u0131l Antalya Barosu\",\"publisher\":{\"@id\":\"https:\/\/denizcankizil.tr\/de\/#organization\"},\"potentialAction\":[{\"@type\":\"SearchAction\",\"target\":{\"@type\":\"EntryPoint\",\"urlTemplate\":\"https:\/\/denizcankizil.tr\/de\/?s={search_term_string}\"},\"query-input\":{\"@type\":\"PropertyValueSpecification\",\"valueRequired\":true,\"valueName\":\"search_term_string\"}}],\"inLanguage\":\"ru-RU\"},{\"@type\":\"Organization\",\"@id\":\"https:\/\/denizcankizil.tr\/de\/#organization\",\"name\":\"Av. Deniz Can K\u0131z\u0131l\",\"url\":\"https:\/\/denizcankizil.tr\/de\/\",\"logo\":{\"@type\":\"ImageObject\",\"inLanguage\":\"ru-RU\",\"@id\":\"https:\/\/denizcankizil.tr\/de\/#\/schema\/logo\/image\/\",\"url\":\"https:\/\/denizcankizil.tr\/wp-content\/uploads\/2024\/10\/siyah-logo-svg.svg\",\"contentUrl\":\"https:\/\/denizcankizil.tr\/wp-content\/uploads\/2024\/10\/siyah-logo-svg.svg\",\"width\":1080,\"height\":1080,\"caption\":\"Av. Deniz Can K\u0131z\u0131l\"},\"image\":{\"@id\":\"https:\/\/denizcankizil.tr\/de\/#\/schema\/logo\/image\/\"}}]}<\/script>\n<!-- \/ Yoast SEO Premium plugin. -->","yoast_head_json":{"title":"Minik \u00d6\u011frencilerden Ba\u015fkan Sezer'e S\u00fcrpriz Hediye - Av. Deniz Can K\u0131z\u0131l","robots":{"index":"index","follow":"follow","max-snippet":"max-snippet:-1","max-image-preview":"max-image-preview:large","max-video-preview":"max-video-preview:-1"},"canonical":"https:\/\/denizcankizil.tr\/ru\/haberler\/gundem\/minik-ogrencilerden-baskan-sezere-surpriz-hediye\/","og_locale":"ru_RU","og_type":"article","og_title":"Minik \u00d6\u011frencilerden Ba\u015fkan Sezer'e S\u00fcrpriz Hediye","og_description":"D\u00fcza\u011fa\u00e7 Anaokulu \u00f6\u011frencileri s\u00fcrpriz ziyaret ger\u00e7ekle\u015ftirdikleri G\u00f6lc\u00fck Belediye Ba\u015fkan\u0131 Ali Y\u0131ld\u0131r\u0131m Sezer\u2019e kendi elleriyle \u00e7izdikleri renkli kalpleri hediye ettiler. \u200bD\u00fcza\u011fa\u00e7 Anaokulu \u00f6\u011frencileri s\u00fcrpriz ziyaret ger\u00e7ekle\u015ftirdikleri G\u00f6lc\u00fck Belediye Ba\u015fkan\u0131 Ali Y\u0131ld\u0131r\u0131m Sezer\u2019e kendi elleriyle \u00e7izdikleri renkli kalpleri hediye ettiler.\u00a0 \u200bHaberin Al\u0131nt\u0131land\u0131\u011f\u0131 Kaynak: www.iskenderun.org","og_url":"https:\/\/denizcankizil.tr\/ru\/haberler\/gundem\/minik-ogrencilerden-baskan-sezere-surpriz-hediye\/","og_site_name":"Av. Deniz Can K\u0131z\u0131l","article_published_time":"2024-12-18T13:42:08+00:00","twitter_card":"summary_large_image","schema":{"@context":"https:\/\/schema.org","@graph":[{"@type":"Article","@id":"https:\/\/denizcankizil.tr\/de\/haberler\/gundem\/minik-ogrencilerden-baskan-sezere-surpriz-hediye\/#article","isPartOf":{"@id":"https:\/\/denizcankizil.tr\/de\/haberler\/gundem\/minik-ogrencilerden-baskan-sezere-surpriz-hediye\/"},"author":{"name":"","@id":""},"headline":"Minik \u00d6\u011frencilerden Ba\u015fkan Sezer&#8217;e S\u00fcrpriz Hediye","datePublished":"2024-12-18T13:42:08+00:00","mainEntityOfPage":{"@id":"https:\/\/denizcankizil.tr\/de\/haberler\/gundem\/minik-ogrencilerden-baskan-sezere-surpriz-hediye\/"},"wordCount":79,"commentCount":0,"publisher":{"@id":"https:\/\/denizcankizil.tr\/de\/#organization"},"articleSection":["G\u00fcndem","Uncategorized"],"inLanguage":"ru-RU","potentialAction":[{"@type":"CommentAction","name":"Comment","target":["https:\/\/denizcankizil.tr\/de\/haberler\/gundem\/minik-ogrencilerden-baskan-sezere-surpriz-hediye\/#respond"]}]},{"@type":"WebPage","@id":"https:\/\/denizcankizil.tr\/de\/haberler\/gundem\/minik-ogrencilerden-baskan-sezere-surpriz-hediye\/","url":"https:\/\/denizcankizil.tr\/de\/haberler\/gundem\/minik-ogrencilerden-baskan-sezere-surpriz-hediye\/","name":"Minik \u00d6\u011frencilerden Ba\u015fkan Sezer'e S\u00fcrpriz Hediye - Av. Deniz Can K\u0131z\u0131l","isPartOf":{"@id":"https:\/\/denizcankizil.tr\/de\/#website"},"datePublished":"2024-12-18T13:42:08+00:00","breadcrumb":{"@id":"https:\/\/denizcankizil.tr\/de\/haberler\/gundem\/minik-ogrencilerden-baskan-sezere-surpriz-hediye\/#breadcrumb"},"inLanguage":"ru-RU","potentialAction":[{"@type":"ReadAction","target":["https:\/\/denizcankizil.tr\/de\/haberler\/gundem\/minik-ogrencilerden-baskan-sezere-surpriz-hediye\/"]}]},{"@type":"BreadcrumbList","@id":"https:\/\/denizcankizil.tr\/de\/haberler\/gundem\/minik-ogrencilerden-baskan-sezere-surpriz-hediye\/#breadcrumb","itemListElement":[{"@type":"ListItem","position":1,"name":"Home","item":"https:\/\/denizcankizil.tr\/de\/"},{"@type":"ListItem","position":2,"name":"Minik \u00d6\u011frencilerden Ba\u015fkan Sezer&#8217;e S\u00fcrpriz Hediye"}]},{"@type":"WebSite","@id":"https:\/\/denizcankizil.tr\/de\/#website","url":"https:\/\/denizcankizil.tr\/de\/","name":"Av. Deniz Can K\u0131z\u0131l","description":"Avukat Deniz Can K\u0131z\u0131l Antalya Barosu","publisher":{"@id":"https:\/\/denizcankizil.tr\/de\/#organization"},"potentialAction":[{"@type":"SearchAction","target":{"@type":"EntryPoint","urlTemplate":"https:\/\/denizcankizil.tr\/de\/?s={search_term_string}"},"query-input":{"@type":"PropertyValueSpecification","valueRequired":true,"valueName":"search_term_string"}}],"inLanguage":"ru-RU"},{"@type":"Organization","@id":"https:\/\/denizcankizil.tr\/de\/#organization","name":"Av. Deniz Can K\u0131z\u0131l","url":"https:\/\/denizcankizil.tr\/de\/","logo":{"@type":"ImageObject","inLanguage":"ru-RU","@id":"https:\/\/denizcankizil.tr\/de\/#\/schema\/logo\/image\/","url":"https:\/\/denizcankizil.tr\/wp-content\/uploads\/2024\/10\/siyah-logo-svg.svg","contentUrl":"https:\/\/denizcankizil.tr\/wp-content\/uploads\/2024\/10\/siyah-logo-svg.svg","width":1080,"height":1080,"caption":"Av. Deniz Can K\u0131z\u0131l"},"image":{"@id":"https:\/\/denizcankizil.tr\/de\/#\/schema\/logo\/image\/"}}]}},"_links":{"self":[{"href":"https:\/\/denizcankizil.tr\/ru\/wp-json\/wp\/v2\/posts\/21277","targetHints":{"allow":["GET"]}}],"collection":[{"href":"https:\/\/denizcankizil.tr\/ru\/wp-json\/wp\/v2\/posts"}],"about":[{"href":"https:\/\/denizcankizil.tr\/ru\/wp-json\/wp\/v2\/types\/post"}],"replies":[{"embeddable":true,"href":"https:\/\/denizcankizil.tr\/ru\/wp-json\/wp\/v2\/comments?post=21277"}],"version-history":[{"count":0,"href":"https:\/\/denizcankizil.tr\/ru\/wp-json\/wp\/v2\/posts\/21277\/revisions"}],"wp:attachment":[{"href":"https:\/\/denizcankizil.tr\/ru\/wp-json\/wp\/v2\/media?parent=21277"}],"wp:term":[{"taxonomy":"category","embeddable":true,"href":"https:\/\/denizcankizil.tr\/ru\/wp-json\/wp\/v2\/categories?post=21277"},{"taxonomy":"post_tag","embeddable":true,"href":"https:\/\/denizcankizil.tr\/ru\/wp-json\/wp\/v2\/tags?post=21277"}],"curies":[{"name":"wp","href":"https:\/\/api.w.org\/{rel}","templated":true}]}}