{"id":21250,"date":"2024-12-18T15:41:27","date_gmt":"2024-12-18T12:41:27","guid":{"rendered":"https:\/\/denizcankizil.tr\/uncategorized-tr\/yanginda-olen-gencin-20-gun-once-ise-basladigi-ogrenildi\/"},"modified":"2024-12-18T15:41:27","modified_gmt":"2024-12-18T12:41:27","slug":"yanginda-olen-gencin-20-gun-once-ise-basladigi-ogrenildi","status":"publish","type":"post","link":"https:\/\/denizcankizil.tr\/ru\/haberler\/antalya\/yanginda-olen-gencin-20-gun-once-ise-basladigi-ogrenildi\/","title":{"rendered":"Yang\u0131nda \u00f6len gencin 20 g\u00fcn \u00f6nce i\u015fe ba\u015flad\u0131\u011f\u0131 \u00f6\u011frenildi"},"content":{"rendered":"<p>G\u00fczelyurt Mahallesi \u015eehit Komando Er Mustafa G\u00f6kt\u00fcrk Caddesi \u00fczerindeki ara\u00e7 boyama at\u00f6lyesinde d\u00fcn ak\u015fam saat 22.00 s\u0131ralar\u0131nda hen\u00fcz bilinmeyen bir nedenden \u00f6t\u00fcr\u00fc yang\u0131n \u00e7\u0131kt\u0131. \u00c7evredekilerin ihbar\u0131 \u00fczerine olay yerine \u00e7ok say\u0131da itfaiye, polis ve sa\u011fl\u0131k ekibi sevk edildi. Belirtilen adrese gelen ekipler, boya ve yan\u0131c\u0131 maddelerden dolay\u0131 patlamalar\u0131n meydana geldi\u011fi yang\u0131n\u0131 s\u00f6nd\u00fcrebilmek i\u00e7in uzun u\u011fra\u015flar verdi. Yakla\u015f\u0131k 2 saatlik \u00e7al\u0131\u015fma sonucu yang\u0131n s\u00f6nd\u00fcr\u00fcl\u00fcrken, i\u015f yeri ve alevlerin s\u0131\u00e7rad\u0131\u011f\u0131 otob\u00fcs, minib\u00fcs ve bir otomobil k\u00fcle d\u00f6nd\u00fc.<\/p>\n<p>Gencin cans\u0131z bedenine ula\u015f\u0131ld\u0131<br \/>\nBu s\u0131rada i\u015f yerinde bir gencin oldu\u011fu bilgisini alan ekipler, s\u00f6nd\u00fcrme \u00e7al\u0131\u015fmalar\u0131yla beraber arama \u00e7al\u0131\u015fmas\u0131 ba\u015flatt\u0131. Ara\u015ft\u0131rmalar\u0131na devam eden ekipler, i\u015f yerinin bir b\u00f6l\u00fcm\u00fcnde isminin Do\u011fan Diken (24) oldu\u011fu \u00f6\u011frenilen gencin cans\u0131z bedeniyle kar\u015f\u0131la\u015ft\u0131. Hayat\u0131n\u0131 kaybeden gencin cans\u0131z bedeni savc\u0131 ve olay yeri inceleme ekiplerinin \u00e7al\u0131\u015fmas\u0131 sonras\u0131 otopsi i\u00e7in Antalya Adli T\u0131p Kurumu Morguna kald\u0131r\u0131ld\u0131.<\/p>\n<p>&#8220;D\u00fckkan\u0131 kapat\u0131rken, &#8216;birazdan \u00e7\u0131kaca\u011f\u0131m a\u011fabey&#8217; dedi&#8221;<br \/>\nYang\u0131nla ilgili soru\u015fturma s\u00fcrerken, at\u00f6lyesi yanan i\u015fletme sahibi Ayhan Aytin, olay\u0131 \u015fu s\u00f6zlerle anlatt\u0131:<br \/>\n\u201cD\u00fckkan\u0131m\u0131 kapatmaya geldim, \u00e7al\u0131\u015fan\u0131ma \u00e7\u0131k\u0131p \u00e7\u0131kmayaca\u011f\u0131n\u0131 sordum. \u2018A\u011fabey \u015fimdi gidece\u011fim\u2019 dedi. Yedek anahtar ondayd\u0131 ve sabahlar\u0131 d\u00fckkan\u0131 o a\u00e7\u0131yordu. Eve yemek yemeye gitti\u011fimde, \u00f6b\u00fcr \u00e7al\u0131\u015fan\u0131m telefon a\u00e7\u0131p i\u015f yerinden dumanlar \u00e7\u0131kt\u0131\u011f\u0131n\u0131 s\u00f6yledi. Sonra itfaiye gelip yang\u0131na m\u00fcdahalede bulundu. 20 g\u00fcn \u00f6nce ba\u015flam\u0131\u015ft\u0131 i\u015fe. Yanarken i\u00e7eride oldu\u011funu \u00f6\u011frenince d\u00fckkan umurumuzda olmad\u0131, onu e\u015fimle birlikte kurtarmaya \u00e7al\u0131\u015ft\u0131k. Genelde pasta i\u015finde kullan\u0131yordum onu. &#8216;Ailem yok&#8217; diyordu, telefonu bile yoktu. Amcas\u0131 arad\u0131, cenazesini onlar alacak. B\u00fcy\u00fck bir felaketti.\u201d<\/p>\n<p>\u201cOlmamas\u0131 gereken yer ve zamandayd\u0131\u201d<br \/>\nYakla\u015f\u0131k 10 milyon lira \u00fczerinde zarar\u0131 oldu\u011funu ifade eden Aytin, \u201cBen buna de\u011fil, \u00f6len karde\u015fimize \u00fcz\u00fcl\u00fcyorum. Olmamas\u0131 gereken yerde ve zamandayd\u0131. \u00c7ok \u00fczg\u00fcn\u00fcm\u201d dedi.<\/p>\n<p>Kaynak: www.kanalv.com.tr Haber Sitesinden Al\u0131nm\u0131\u015ft\u0131r.<\/p>","protected":false},"excerpt":{"rendered":"<p>G\u00fczelyurt Mahallesi \u015eehit Komando Er Mustafa G\u00f6kt\u00fcrk Caddesi \u00fczerindeki ara\u00e7 boyama at\u00f6lyesinde d\u00fcn ak\u015fam saat 22.00 s\u0131ralar\u0131nda hen\u00fcz bilinmeyen bir nedenden \u00f6t\u00fcr\u00fc yang\u0131n \u00e7\u0131kt\u0131. \u00c7evredekilerin ihbar\u0131 \u00fczerine olay yerine \u00e7ok say\u0131da itfaiye, polis ve sa\u011fl\u0131k ekibi sevk edildi. Belirtilen adrese gelen ekipler, boya ve yan\u0131c\u0131 maddelerden dolay\u0131 patlamalar\u0131n meydana geldi\u011fi yang\u0131n\u0131 s\u00f6nd\u00fcrebilmek i\u00e7in uzun u\u011fra\u015flar verdi. Yakla\u015f\u0131k 2 saatlik \u00e7al\u0131\u015fma sonucu yang\u0131n s\u00f6nd\u00fcr\u00fcl\u00fcrken, i\u015f yeri ve alevlerin s\u0131\u00e7rad\u0131\u011f\u0131 otob\u00fcs, minib\u00fcs ve bir otomobil k\u00fcle d\u00f6nd\u00fc. Gencin cans\u0131z bedenine ula\u015f\u0131ld\u0131 Bu s\u0131rada i\u015f yerinde bir gencin oldu\u011fu bilgisini alan ekipler, s\u00f6nd\u00fcrme \u00e7al\u0131\u015fmalar\u0131yla beraber arama \u00e7al\u0131\u015fmas\u0131 ba\u015flatt\u0131. Ara\u015ft\u0131rmalar\u0131na devam eden ekipler, i\u015f yerinin bir b\u00f6l\u00fcm\u00fcnde isminin Do\u011fan Diken (24) oldu\u011fu \u00f6\u011frenilen gencin cans\u0131z bedeniyle kar\u015f\u0131la\u015ft\u0131. Hayat\u0131n\u0131 kaybeden gencin cans\u0131z bedeni savc\u0131 ve olay yeri inceleme ekiplerinin \u00e7al\u0131\u015fmas\u0131 sonras\u0131 otopsi i\u00e7in Antalya Adli T\u0131p Kurumu Morguna kald\u0131r\u0131ld\u0131. &#8220;D\u00fckkan\u0131 kapat\u0131rken, &#8216;birazdan \u00e7\u0131kaca\u011f\u0131m a\u011fabey&#8217; dedi&#8221; Yang\u0131nla ilgili soru\u015fturma s\u00fcrerken, at\u00f6lyesi yanan i\u015fletme sahibi Ayhan Aytin, olay\u0131 \u015fu s\u00f6zlerle anlatt\u0131: \u201cD\u00fckkan\u0131m\u0131 kapatmaya geldim, \u00e7al\u0131\u015fan\u0131ma \u00e7\u0131k\u0131p \u00e7\u0131kmayaca\u011f\u0131n\u0131 sordum. \u2018A\u011fabey \u015fimdi gidece\u011fim\u2019 dedi. Yedek anahtar ondayd\u0131 ve sabahlar\u0131 d\u00fckkan\u0131 o a\u00e7\u0131yordu. Eve yemek yemeye gitti\u011fimde, \u00f6b\u00fcr \u00e7al\u0131\u015fan\u0131m telefon a\u00e7\u0131p i\u015f yerinden dumanlar \u00e7\u0131kt\u0131\u011f\u0131n\u0131 s\u00f6yledi. Sonra itfaiye gelip yang\u0131na m\u00fcdahalede bulundu. 20 g\u00fcn \u00f6nce ba\u015flam\u0131\u015ft\u0131 i\u015fe. Yanarken i\u00e7eride oldu\u011funu &hellip;<\/p>","protected":false},"author":0,"featured_media":21251,"comment_status":"open","ping_status":"open","sticky":false,"template":"","format":"standard","meta":{"_acf_changed":false,"footnotes":""},"categories":[26,535],"tags":[],"class_list":["post-21250","post","type-post","status-publish","format-standard","has-post-thumbnail","hentry","category-antalya","category-uncategorized-tr"],"acf":[],"yoast_head":"<!-- This site is optimized with the Yoast SEO Premium plugin v26.6 (Yoast SEO v27.1.1) - https:\/\/yoast.com\/product\/yoast-seo-premium-wordpress\/ -->\n<title>Yang\u0131nda \u00f6len gencin 20 g\u00fcn \u00f6nce i\u015fe ba\u015flad\u0131\u011f\u0131 \u00f6\u011frenildi - Av. Deniz Can K\u0131z\u0131l<\/title>\n<meta name=\"robots\" content=\"index, follow, max-snippet:-1, max-image-preview:large, max-video-preview:-1\" \/>\n<link rel=\"canonical\" href=\"https:\/\/denizcankizil.tr\/ru\/haberler\/antalya\/yanginda-olen-gencin-20-gun-once-ise-basladigi-ogrenildi\/\" \/>\n<meta property=\"og:locale\" content=\"ru_RU\" \/>\n<meta property=\"og:type\" content=\"article\" \/>\n<meta property=\"og:title\" content=\"Yang\u0131nda \u00f6len gencin 20 g\u00fcn \u00f6nce i\u015fe ba\u015flad\u0131\u011f\u0131 \u00f6\u011frenildi\" \/>\n<meta property=\"og:description\" content=\"G\u00fczelyurt Mahallesi \u015eehit Komando Er Mustafa G\u00f6kt\u00fcrk Caddesi \u00fczerindeki ara\u00e7 boyama at\u00f6lyesinde d\u00fcn ak\u015fam saat 22.00 s\u0131ralar\u0131nda hen\u00fcz bilinmeyen bir nedenden \u00f6t\u00fcr\u00fc yang\u0131n \u00e7\u0131kt\u0131. \u00c7evredekilerin ihbar\u0131 \u00fczerine olay yerine \u00e7ok say\u0131da itfaiye, polis ve sa\u011fl\u0131k ekibi sevk edildi. Belirtilen adrese gelen ekipler, boya ve yan\u0131c\u0131 maddelerden dolay\u0131 patlamalar\u0131n meydana geldi\u011fi yang\u0131n\u0131 s\u00f6nd\u00fcrebilmek i\u00e7in uzun u\u011fra\u015flar verdi. Yakla\u015f\u0131k 2 saatlik \u00e7al\u0131\u015fma sonucu yang\u0131n s\u00f6nd\u00fcr\u00fcl\u00fcrken, i\u015f yeri ve alevlerin s\u0131\u00e7rad\u0131\u011f\u0131 otob\u00fcs, minib\u00fcs ve bir otomobil k\u00fcle d\u00f6nd\u00fc. Gencin cans\u0131z bedenine ula\u015f\u0131ld\u0131 Bu s\u0131rada i\u015f yerinde bir gencin oldu\u011fu bilgisini alan ekipler, s\u00f6nd\u00fcrme \u00e7al\u0131\u015fmalar\u0131yla beraber arama \u00e7al\u0131\u015fmas\u0131 ba\u015flatt\u0131. Ara\u015ft\u0131rmalar\u0131na devam eden ekipler, i\u015f yerinin bir b\u00f6l\u00fcm\u00fcnde isminin Do\u011fan Diken (24) oldu\u011fu \u00f6\u011frenilen gencin cans\u0131z bedeniyle kar\u015f\u0131la\u015ft\u0131. Hayat\u0131n\u0131 kaybeden gencin cans\u0131z bedeni savc\u0131 ve olay yeri inceleme ekiplerinin \u00e7al\u0131\u015fmas\u0131 sonras\u0131 otopsi i\u00e7in Antalya Adli T\u0131p Kurumu Morguna kald\u0131r\u0131ld\u0131. &#8220;D\u00fckkan\u0131 kapat\u0131rken, &#8216;birazdan \u00e7\u0131kaca\u011f\u0131m a\u011fabey&#8217; dedi&#8221; Yang\u0131nla ilgili soru\u015fturma s\u00fcrerken, at\u00f6lyesi yanan i\u015fletme sahibi Ayhan Aytin, olay\u0131 \u015fu s\u00f6zlerle anlatt\u0131: \u201cD\u00fckkan\u0131m\u0131 kapatmaya geldim, \u00e7al\u0131\u015fan\u0131ma \u00e7\u0131k\u0131p \u00e7\u0131kmayaca\u011f\u0131n\u0131 sordum. \u2018A\u011fabey \u015fimdi gidece\u011fim\u2019 dedi. Yedek anahtar ondayd\u0131 ve sabahlar\u0131 d\u00fckkan\u0131 o a\u00e7\u0131yordu. Eve yemek yemeye gitti\u011fimde, \u00f6b\u00fcr \u00e7al\u0131\u015fan\u0131m telefon a\u00e7\u0131p i\u015f yerinden dumanlar \u00e7\u0131kt\u0131\u011f\u0131n\u0131 s\u00f6yledi. Sonra itfaiye gelip yang\u0131na m\u00fcdahalede bulundu. 20 g\u00fcn \u00f6nce ba\u015flam\u0131\u015ft\u0131 i\u015fe. Yanarken i\u00e7eride oldu\u011funu &hellip;\" \/>\n<meta property=\"og:url\" content=\"https:\/\/denizcankizil.tr\/ru\/haberler\/antalya\/yanginda-olen-gencin-20-gun-once-ise-basladigi-ogrenildi\/\" \/>\n<meta property=\"og:site_name\" content=\"Av. Deniz Can K\u0131z\u0131l\" \/>\n<meta property=\"article:published_time\" content=\"2024-12-18T12:41:27+00:00\" \/>\n<meta property=\"og:image\" content=\"https:\/\/denizcankizil.tr\/wp-content\/uploads\/2024\/12\/3658-01-QIhoGw.jpeg\" \/>\n\t<meta property=\"og:image:width\" content=\"1280\" \/>\n\t<meta property=\"og:image:height\" content=\"720\" \/>\n\t<meta property=\"og:image:type\" content=\"image\/jpeg\" \/>\n<meta name=\"twitter:card\" content=\"summary_large_image\" \/>\n<meta name=\"twitter:label1\" content=\"\u041f\u0440\u0438\u043c\u0435\u0440\u043d\u043e\u0435 \u0432\u0440\u0435\u043c\u044f \u0434\u043b\u044f \u0447\u0442\u0435\u043d\u0438\u044f\" \/>\n\t<meta name=\"twitter:data1\" content=\"2 \u043c\u0438\u043d\u0443\u0442\u044b\" \/>\n<script type=\"application\/ld+json\" class=\"yoast-schema-graph\">{\"@context\":\"https:\/\/schema.org\",\"@graph\":[{\"@type\":\"Article\",\"@id\":\"https:\/\/denizcankizil.tr\/ru\/haberler\/antalya\/yanginda-olen-gencin-20-gun-once-ise-basladigi-ogrenildi\/#article\",\"isPartOf\":{\"@id\":\"https:\/\/denizcankizil.tr\/ru\/haberler\/antalya\/yanginda-olen-gencin-20-gun-once-ise-basladigi-ogrenildi\/\"},\"author\":{\"name\":\"\",\"@id\":\"\"},\"headline\":\"Yang\u0131nda \u00f6len gencin 20 g\u00fcn \u00f6nce i\u015fe ba\u015flad\u0131\u011f\u0131 \u00f6\u011frenildi\",\"datePublished\":\"2024-12-18T12:41:27+00:00\",\"mainEntityOfPage\":{\"@id\":\"https:\/\/denizcankizil.tr\/ru\/haberler\/antalya\/yanginda-olen-gencin-20-gun-once-ise-basladigi-ogrenildi\/\"},\"wordCount\":389,\"commentCount\":0,\"publisher\":{\"@id\":\"https:\/\/denizcankizil.tr\/de\/#organization\"},\"image\":{\"@id\":\"https:\/\/denizcankizil.tr\/ru\/haberler\/antalya\/yanginda-olen-gencin-20-gun-once-ise-basladigi-ogrenildi\/#primaryimage\"},\"thumbnailUrl\":\"https:\/\/denizcankizil.tr\/wp-content\/uploads\/2024\/12\/3658-01-QIhoGw.jpeg\",\"articleSection\":[\"Antalya\",\"Uncategorized\"],\"inLanguage\":\"ru-RU\",\"potentialAction\":[{\"@type\":\"CommentAction\",\"name\":\"Comment\",\"target\":[\"https:\/\/denizcankizil.tr\/ru\/haberler\/antalya\/yanginda-olen-gencin-20-gun-once-ise-basladigi-ogrenildi\/#respond\"]}]},{\"@type\":\"WebPage\",\"@id\":\"https:\/\/denizcankizil.tr\/ru\/haberler\/antalya\/yanginda-olen-gencin-20-gun-once-ise-basladigi-ogrenildi\/\",\"url\":\"https:\/\/denizcankizil.tr\/ru\/haberler\/antalya\/yanginda-olen-gencin-20-gun-once-ise-basladigi-ogrenildi\/\",\"name\":\"Yang\u0131nda \u00f6len gencin 20 g\u00fcn \u00f6nce i\u015fe ba\u015flad\u0131\u011f\u0131 \u00f6\u011frenildi - Av. Deniz Can K\u0131z\u0131l\",\"isPartOf\":{\"@id\":\"https:\/\/denizcankizil.tr\/de\/#website\"},\"primaryImageOfPage\":{\"@id\":\"https:\/\/denizcankizil.tr\/ru\/haberler\/antalya\/yanginda-olen-gencin-20-gun-once-ise-basladigi-ogrenildi\/#primaryimage\"},\"image\":{\"@id\":\"https:\/\/denizcankizil.tr\/ru\/haberler\/antalya\/yanginda-olen-gencin-20-gun-once-ise-basladigi-ogrenildi\/#primaryimage\"},\"thumbnailUrl\":\"https:\/\/denizcankizil.tr\/wp-content\/uploads\/2024\/12\/3658-01-QIhoGw.jpeg\",\"datePublished\":\"2024-12-18T12:41:27+00:00\",\"breadcrumb\":{\"@id\":\"https:\/\/denizcankizil.tr\/ru\/haberler\/antalya\/yanginda-olen-gencin-20-gun-once-ise-basladigi-ogrenildi\/#breadcrumb\"},\"inLanguage\":\"ru-RU\",\"potentialAction\":[{\"@type\":\"ReadAction\",\"target\":[\"https:\/\/denizcankizil.tr\/ru\/haberler\/antalya\/yanginda-olen-gencin-20-gun-once-ise-basladigi-ogrenildi\/\"]}]},{\"@type\":\"ImageObject\",\"inLanguage\":\"ru-RU\",\"@id\":\"https:\/\/denizcankizil.tr\/ru\/haberler\/antalya\/yanginda-olen-gencin-20-gun-once-ise-basladigi-ogrenildi\/#primaryimage\",\"url\":\"https:\/\/denizcankizil.tr\/wp-content\/uploads\/2024\/12\/3658-01-QIhoGw.jpeg\",\"contentUrl\":\"https:\/\/denizcankizil.tr\/wp-content\/uploads\/2024\/12\/3658-01-QIhoGw.jpeg\",\"width\":1280,\"height\":720},{\"@type\":\"BreadcrumbList\",\"@id\":\"https:\/\/denizcankizil.tr\/ru\/haberler\/antalya\/yanginda-olen-gencin-20-gun-once-ise-basladigi-ogrenildi\/#breadcrumb\",\"itemListElement\":[{\"@type\":\"ListItem\",\"position\":1,\"name\":\"Home\",\"item\":\"https:\/\/denizcankizil.tr\/de\/\"},{\"@type\":\"ListItem\",\"position\":2,\"name\":\"Yang\u0131nda \u00f6len gencin 20 g\u00fcn \u00f6nce i\u015fe ba\u015flad\u0131\u011f\u0131 \u00f6\u011frenildi\"}]},{\"@type\":\"WebSite\",\"@id\":\"https:\/\/denizcankizil.tr\/de\/#website\",\"url\":\"https:\/\/denizcankizil.tr\/de\/\",\"name\":\"Av. Deniz Can K\u0131z\u0131l\",\"description\":\"Avukat Deniz Can K\u0131z\u0131l Antalya Barosu\",\"publisher\":{\"@id\":\"https:\/\/denizcankizil.tr\/de\/#organization\"},\"potentialAction\":[{\"@type\":\"SearchAction\",\"target\":{\"@type\":\"EntryPoint\",\"urlTemplate\":\"https:\/\/denizcankizil.tr\/de\/?s={search_term_string}\"},\"query-input\":{\"@type\":\"PropertyValueSpecification\",\"valueRequired\":true,\"valueName\":\"search_term_string\"}}],\"inLanguage\":\"ru-RU\"},{\"@type\":\"Organization\",\"@id\":\"https:\/\/denizcankizil.tr\/de\/#organization\",\"name\":\"Av. Deniz Can K\u0131z\u0131l\",\"url\":\"https:\/\/denizcankizil.tr\/de\/\",\"logo\":{\"@type\":\"ImageObject\",\"inLanguage\":\"ru-RU\",\"@id\":\"https:\/\/denizcankizil.tr\/de\/#\/schema\/logo\/image\/\",\"url\":\"https:\/\/denizcankizil.tr\/wp-content\/uploads\/2024\/10\/siyah-logo-svg.svg\",\"contentUrl\":\"https:\/\/denizcankizil.tr\/wp-content\/uploads\/2024\/10\/siyah-logo-svg.svg\",\"width\":1080,\"height\":1080,\"caption\":\"Av. Deniz Can K\u0131z\u0131l\"},\"image\":{\"@id\":\"https:\/\/denizcankizil.tr\/de\/#\/schema\/logo\/image\/\"}}]}<\/script>\n<!-- \/ Yoast SEO Premium plugin. -->","yoast_head_json":{"title":"Yang\u0131nda \u00f6len gencin 20 g\u00fcn \u00f6nce i\u015fe ba\u015flad\u0131\u011f\u0131 \u00f6\u011frenildi - Av. Deniz Can K\u0131z\u0131l","robots":{"index":"index","follow":"follow","max-snippet":"max-snippet:-1","max-image-preview":"max-image-preview:large","max-video-preview":"max-video-preview:-1"},"canonical":"https:\/\/denizcankizil.tr\/ru\/haberler\/antalya\/yanginda-olen-gencin-20-gun-once-ise-basladigi-ogrenildi\/","og_locale":"ru_RU","og_type":"article","og_title":"Yang\u0131nda \u00f6len gencin 20 g\u00fcn \u00f6nce i\u015fe ba\u015flad\u0131\u011f\u0131 \u00f6\u011frenildi","og_description":"G\u00fczelyurt Mahallesi \u015eehit Komando Er Mustafa G\u00f6kt\u00fcrk Caddesi \u00fczerindeki ara\u00e7 boyama at\u00f6lyesinde d\u00fcn ak\u015fam saat 22.00 s\u0131ralar\u0131nda hen\u00fcz bilinmeyen bir nedenden \u00f6t\u00fcr\u00fc yang\u0131n \u00e7\u0131kt\u0131. \u00c7evredekilerin ihbar\u0131 \u00fczerine olay yerine \u00e7ok say\u0131da itfaiye, polis ve sa\u011fl\u0131k ekibi sevk edildi. Belirtilen adrese gelen ekipler, boya ve yan\u0131c\u0131 maddelerden dolay\u0131 patlamalar\u0131n meydana geldi\u011fi yang\u0131n\u0131 s\u00f6nd\u00fcrebilmek i\u00e7in uzun u\u011fra\u015flar verdi. Yakla\u015f\u0131k 2 saatlik \u00e7al\u0131\u015fma sonucu yang\u0131n s\u00f6nd\u00fcr\u00fcl\u00fcrken, i\u015f yeri ve alevlerin s\u0131\u00e7rad\u0131\u011f\u0131 otob\u00fcs, minib\u00fcs ve bir otomobil k\u00fcle d\u00f6nd\u00fc. Gencin cans\u0131z bedenine ula\u015f\u0131ld\u0131 Bu s\u0131rada i\u015f yerinde bir gencin oldu\u011fu bilgisini alan ekipler, s\u00f6nd\u00fcrme \u00e7al\u0131\u015fmalar\u0131yla beraber arama \u00e7al\u0131\u015fmas\u0131 ba\u015flatt\u0131. Ara\u015ft\u0131rmalar\u0131na devam eden ekipler, i\u015f yerinin bir b\u00f6l\u00fcm\u00fcnde isminin Do\u011fan Diken (24) oldu\u011fu \u00f6\u011frenilen gencin cans\u0131z bedeniyle kar\u015f\u0131la\u015ft\u0131. Hayat\u0131n\u0131 kaybeden gencin cans\u0131z bedeni savc\u0131 ve olay yeri inceleme ekiplerinin \u00e7al\u0131\u015fmas\u0131 sonras\u0131 otopsi i\u00e7in Antalya Adli T\u0131p Kurumu Morguna kald\u0131r\u0131ld\u0131. &#8220;D\u00fckkan\u0131 kapat\u0131rken, &#8216;birazdan \u00e7\u0131kaca\u011f\u0131m a\u011fabey&#8217; dedi&#8221; Yang\u0131nla ilgili soru\u015fturma s\u00fcrerken, at\u00f6lyesi yanan i\u015fletme sahibi Ayhan Aytin, olay\u0131 \u015fu s\u00f6zlerle anlatt\u0131: \u201cD\u00fckkan\u0131m\u0131 kapatmaya geldim, \u00e7al\u0131\u015fan\u0131ma \u00e7\u0131k\u0131p \u00e7\u0131kmayaca\u011f\u0131n\u0131 sordum. \u2018A\u011fabey \u015fimdi gidece\u011fim\u2019 dedi. Yedek anahtar ondayd\u0131 ve sabahlar\u0131 d\u00fckkan\u0131 o a\u00e7\u0131yordu. Eve yemek yemeye gitti\u011fimde, \u00f6b\u00fcr \u00e7al\u0131\u015fan\u0131m telefon a\u00e7\u0131p i\u015f yerinden dumanlar \u00e7\u0131kt\u0131\u011f\u0131n\u0131 s\u00f6yledi. Sonra itfaiye gelip yang\u0131na m\u00fcdahalede bulundu. 20 g\u00fcn \u00f6nce ba\u015flam\u0131\u015ft\u0131 i\u015fe. Yanarken i\u00e7eride oldu\u011funu &hellip;","og_url":"https:\/\/denizcankizil.tr\/ru\/haberler\/antalya\/yanginda-olen-gencin-20-gun-once-ise-basladigi-ogrenildi\/","og_site_name":"Av. Deniz Can K\u0131z\u0131l","article_published_time":"2024-12-18T12:41:27+00:00","og_image":[{"width":1280,"height":720,"url":"https:\/\/denizcankizil.tr\/wp-content\/uploads\/2024\/12\/3658-01-QIhoGw.jpeg","type":"image\/jpeg"}],"twitter_card":"summary_large_image","twitter_misc":{"\u041f\u0440\u0438\u043c\u0435\u0440\u043d\u043e\u0435 \u0432\u0440\u0435\u043c\u044f \u0434\u043b\u044f \u0447\u0442\u0435\u043d\u0438\u044f":"2 \u043c\u0438\u043d\u0443\u0442\u044b"},"schema":{"@context":"https:\/\/schema.org","@graph":[{"@type":"Article","@id":"https:\/\/denizcankizil.tr\/ru\/haberler\/antalya\/yanginda-olen-gencin-20-gun-once-ise-basladigi-ogrenildi\/#article","isPartOf":{"@id":"https:\/\/denizcankizil.tr\/ru\/haberler\/antalya\/yanginda-olen-gencin-20-gun-once-ise-basladigi-ogrenildi\/"},"author":{"name":"","@id":""},"headline":"Yang\u0131nda \u00f6len gencin 20 g\u00fcn \u00f6nce i\u015fe ba\u015flad\u0131\u011f\u0131 \u00f6\u011frenildi","datePublished":"2024-12-18T12:41:27+00:00","mainEntityOfPage":{"@id":"https:\/\/denizcankizil.tr\/ru\/haberler\/antalya\/yanginda-olen-gencin-20-gun-once-ise-basladigi-ogrenildi\/"},"wordCount":389,"commentCount":0,"publisher":{"@id":"https:\/\/denizcankizil.tr\/de\/#organization"},"image":{"@id":"https:\/\/denizcankizil.tr\/ru\/haberler\/antalya\/yanginda-olen-gencin-20-gun-once-ise-basladigi-ogrenildi\/#primaryimage"},"thumbnailUrl":"https:\/\/denizcankizil.tr\/wp-content\/uploads\/2024\/12\/3658-01-QIhoGw.jpeg","articleSection":["Antalya","Uncategorized"],"inLanguage":"ru-RU","potentialAction":[{"@type":"CommentAction","name":"Comment","target":["https:\/\/denizcankizil.tr\/ru\/haberler\/antalya\/yanginda-olen-gencin-20-gun-once-ise-basladigi-ogrenildi\/#respond"]}]},{"@type":"WebPage","@id":"https:\/\/denizcankizil.tr\/ru\/haberler\/antalya\/yanginda-olen-gencin-20-gun-once-ise-basladigi-ogrenildi\/","url":"https:\/\/denizcankizil.tr\/ru\/haberler\/antalya\/yanginda-olen-gencin-20-gun-once-ise-basladigi-ogrenildi\/","name":"Yang\u0131nda \u00f6len gencin 20 g\u00fcn \u00f6nce i\u015fe ba\u015flad\u0131\u011f\u0131 \u00f6\u011frenildi - Av. Deniz Can K\u0131z\u0131l","isPartOf":{"@id":"https:\/\/denizcankizil.tr\/de\/#website"},"primaryImageOfPage":{"@id":"https:\/\/denizcankizil.tr\/ru\/haberler\/antalya\/yanginda-olen-gencin-20-gun-once-ise-basladigi-ogrenildi\/#primaryimage"},"image":{"@id":"https:\/\/denizcankizil.tr\/ru\/haberler\/antalya\/yanginda-olen-gencin-20-gun-once-ise-basladigi-ogrenildi\/#primaryimage"},"thumbnailUrl":"https:\/\/denizcankizil.tr\/wp-content\/uploads\/2024\/12\/3658-01-QIhoGw.jpeg","datePublished":"2024-12-18T12:41:27+00:00","breadcrumb":{"@id":"https:\/\/denizcankizil.tr\/ru\/haberler\/antalya\/yanginda-olen-gencin-20-gun-once-ise-basladigi-ogrenildi\/#breadcrumb"},"inLanguage":"ru-RU","potentialAction":[{"@type":"ReadAction","target":["https:\/\/denizcankizil.tr\/ru\/haberler\/antalya\/yanginda-olen-gencin-20-gun-once-ise-basladigi-ogrenildi\/"]}]},{"@type":"ImageObject","inLanguage":"ru-RU","@id":"https:\/\/denizcankizil.tr\/ru\/haberler\/antalya\/yanginda-olen-gencin-20-gun-once-ise-basladigi-ogrenildi\/#primaryimage","url":"https:\/\/denizcankizil.tr\/wp-content\/uploads\/2024\/12\/3658-01-QIhoGw.jpeg","contentUrl":"https:\/\/denizcankizil.tr\/wp-content\/uploads\/2024\/12\/3658-01-QIhoGw.jpeg","width":1280,"height":720},{"@type":"BreadcrumbList","@id":"https:\/\/denizcankizil.tr\/ru\/haberler\/antalya\/yanginda-olen-gencin-20-gun-once-ise-basladigi-ogrenildi\/#breadcrumb","itemListElement":[{"@type":"ListItem","position":1,"name":"Home","item":"https:\/\/denizcankizil.tr\/de\/"},{"@type":"ListItem","position":2,"name":"Yang\u0131nda \u00f6len gencin 20 g\u00fcn \u00f6nce i\u015fe ba\u015flad\u0131\u011f\u0131 \u00f6\u011frenildi"}]},{"@type":"WebSite","@id":"https:\/\/denizcankizil.tr\/de\/#website","url":"https:\/\/denizcankizil.tr\/de\/","name":"Av. Deniz Can K\u0131z\u0131l","description":"Avukat Deniz Can K\u0131z\u0131l Antalya Barosu","publisher":{"@id":"https:\/\/denizcankizil.tr\/de\/#organization"},"potentialAction":[{"@type":"SearchAction","target":{"@type":"EntryPoint","urlTemplate":"https:\/\/denizcankizil.tr\/de\/?s={search_term_string}"},"query-input":{"@type":"PropertyValueSpecification","valueRequired":true,"valueName":"search_term_string"}}],"inLanguage":"ru-RU"},{"@type":"Organization","@id":"https:\/\/denizcankizil.tr\/de\/#organization","name":"Av. Deniz Can K\u0131z\u0131l","url":"https:\/\/denizcankizil.tr\/de\/","logo":{"@type":"ImageObject","inLanguage":"ru-RU","@id":"https:\/\/denizcankizil.tr\/de\/#\/schema\/logo\/image\/","url":"https:\/\/denizcankizil.tr\/wp-content\/uploads\/2024\/10\/siyah-logo-svg.svg","contentUrl":"https:\/\/denizcankizil.tr\/wp-content\/uploads\/2024\/10\/siyah-logo-svg.svg","width":1080,"height":1080,"caption":"Av. Deniz Can K\u0131z\u0131l"},"image":{"@id":"https:\/\/denizcankizil.tr\/de\/#\/schema\/logo\/image\/"}}]}},"_links":{"self":[{"href":"https:\/\/denizcankizil.tr\/ru\/wp-json\/wp\/v2\/posts\/21250","targetHints":{"allow":["GET"]}}],"collection":[{"href":"https:\/\/denizcankizil.tr\/ru\/wp-json\/wp\/v2\/posts"}],"about":[{"href":"https:\/\/denizcankizil.tr\/ru\/wp-json\/wp\/v2\/types\/post"}],"replies":[{"embeddable":true,"href":"https:\/\/denizcankizil.tr\/ru\/wp-json\/wp\/v2\/comments?post=21250"}],"version-history":[{"count":0,"href":"https:\/\/denizcankizil.tr\/ru\/wp-json\/wp\/v2\/posts\/21250\/revisions"}],"wp:featuredmedia":[{"embeddable":true,"href":"https:\/\/denizcankizil.tr\/ru\/wp-json\/wp\/v2\/media\/21251"}],"wp:attachment":[{"href":"https:\/\/denizcankizil.tr\/ru\/wp-json\/wp\/v2\/media?parent=21250"}],"wp:term":[{"taxonomy":"category","embeddable":true,"href":"https:\/\/denizcankizil.tr\/ru\/wp-json\/wp\/v2\/categories?post=21250"},{"taxonomy":"post_tag","embeddable":true,"href":"https:\/\/denizcankizil.tr\/ru\/wp-json\/wp\/v2\/tags?post=21250"}],"curies":[{"name":"wp","href":"https:\/\/api.w.org\/{rel}","templated":true}]}}