{"id":21224,"date":"2024-12-18T12:41:16","date_gmt":"2024-12-18T09:41:16","guid":{"rendered":"https:\/\/denizcankizil.tr\/uncategorized-tr\/minikler-pazarcilara-tas-cikartti\/"},"modified":"2024-12-18T12:41:16","modified_gmt":"2024-12-18T09:41:16","slug":"minikler-pazarcilara-tas-cikartti","status":"publish","type":"post","link":"https:\/\/denizcankizil.tr\/ru\/haberler\/antalya\/minikler-pazarcilara-tas-cikartti\/","title":{"rendered":"Minikler, pazarc\u0131lara ta\u015f \u00e7\u0131kartt\u0131"},"content":{"rendered":"<p>Manavgat Anaokulu Bah\u00e7esi; kurulan tezgahlar, tezgahlardaki sebze-meyveler ve ellerinde \u00fcr\u00fcnlerin fiyat\u0131n\u0131n yaz\u0131l\u0131 oldu\u011fu etiketlerle sat\u0131\u015f yapmaya \u00e7al\u0131\u015fan minik \u00f6\u011frencilerle tam anlam\u0131yla bir semt pazar\u0131na d\u00f6n\u00fc\u015ft\u00fc.<br \/>\n\u2018Manavgat Anaokulu Bah\u00e7e Pazar\u0131\u2019 ad\u0131 alt\u0131nda Yerli Mal\u0131 Haftas\u0131 kapsam\u0131nda d\u00fczenlenen panay\u0131rda sat\u0131\u015f yapan \u00f6\u011frencilere Okul Aile Birli\u011fi Ba\u015fkan ve y\u00f6netimi ile baz\u0131 \u00f6\u011fretmenler de e\u015flik ederken, \u00e7ocuklar\u0131n\u0131n satt\u0131\u011f\u0131 \u00fcr\u00fcnleri temin eden veliler, arkada\u015flar\u0131yla birlikte etkinli\u011fe kat\u0131larak al\u0131\u015fveri\u015f yapt\u0131lar.<\/p>\n<p>Minik \u00f6\u011frenciler pazarc\u0131lara ta\u015f \u00e7\u0131kartt\u0131<br \/>\nEllerinde \u00fcr\u00fcnlerin fiyatlar\u0131n\u0131n yaz\u0131l\u0131 oldu\u011fu etiketleri ta\u015f\u0131yan \u00f6\u011frenciler, vatanda\u015flar\u0131 \u00fcr\u00fcn almalar\u0131 i\u00e7in tezgahlar\u0131na davet ederken y\u0131llar\u0131n pazarc\u0131lar\u0131na ta\u015f \u00e7\u0131kartt\u0131lar. Elindeki etikette 50 TL ibaresi bulunan k\u00fc\u00e7\u00fck k\u0131z \u201cGel vatanda\u015f gel Mor Lahanaya gel. Sadece 50 TL. Param olsa da ben de alsam\u201d s\u00f6zleri, herkesin dikkatini \u00e7ekti.<\/p>\n<p>Kaynak: www.kanalv.com.tr Haber Sitesinden Al\u0131nm\u0131\u015ft\u0131r.<\/p>","protected":false},"excerpt":{"rendered":"<p>Manavgat Anaokulu Bah\u00e7esi; kurulan tezgahlar, tezgahlardaki sebze-meyveler ve ellerinde \u00fcr\u00fcnlerin fiyat\u0131n\u0131n yaz\u0131l\u0131 oldu\u011fu etiketlerle sat\u0131\u015f yapmaya \u00e7al\u0131\u015fan minik \u00f6\u011frencilerle tam anlam\u0131yla bir semt pazar\u0131na d\u00f6n\u00fc\u015ft\u00fc. \u2018Manavgat Anaokulu Bah\u00e7e Pazar\u0131\u2019 ad\u0131 alt\u0131nda Yerli Mal\u0131 Haftas\u0131 kapsam\u0131nda d\u00fczenlenen panay\u0131rda sat\u0131\u015f yapan \u00f6\u011frencilere Okul Aile Birli\u011fi Ba\u015fkan ve y\u00f6netimi ile baz\u0131 \u00f6\u011fretmenler de e\u015flik ederken, \u00e7ocuklar\u0131n\u0131n satt\u0131\u011f\u0131 \u00fcr\u00fcnleri temin eden veliler, arkada\u015flar\u0131yla birlikte etkinli\u011fe kat\u0131larak al\u0131\u015fveri\u015f yapt\u0131lar. Minik \u00f6\u011frenciler pazarc\u0131lara ta\u015f \u00e7\u0131kartt\u0131 Ellerinde \u00fcr\u00fcnlerin fiyatlar\u0131n\u0131n yaz\u0131l\u0131 oldu\u011fu etiketleri ta\u015f\u0131yan \u00f6\u011frenciler, vatanda\u015flar\u0131 \u00fcr\u00fcn almalar\u0131 i\u00e7in tezgahlar\u0131na davet ederken y\u0131llar\u0131n pazarc\u0131lar\u0131na ta\u015f \u00e7\u0131kartt\u0131lar. Elindeki etikette 50 TL ibaresi bulunan k\u00fc\u00e7\u00fck k\u0131z \u201cGel vatanda\u015f gel Mor Lahanaya gel. Sadece 50 TL. Param olsa da ben de alsam\u201d s\u00f6zleri, herkesin dikkatini \u00e7ekti. Kaynak: www.kanalv.com.tr Haber Sitesinden Al\u0131nm\u0131\u015ft\u0131r.<\/p>","protected":false},"author":0,"featured_media":21225,"comment_status":"open","ping_status":"open","sticky":false,"template":"","format":"standard","meta":{"_acf_changed":false,"footnotes":""},"categories":[26,535],"tags":[],"class_list":["post-21224","post","type-post","status-publish","format-standard","has-post-thumbnail","hentry","category-antalya","category-uncategorized-tr"],"acf":[],"yoast_head":"<!-- This site is optimized with the Yoast SEO Premium plugin v26.6 (Yoast SEO v27.1.1) - https:\/\/yoast.com\/product\/yoast-seo-premium-wordpress\/ -->\n<title>Minikler, pazarc\u0131lara ta\u015f \u00e7\u0131kartt\u0131 - Av. Deniz Can K\u0131z\u0131l<\/title>\n<meta name=\"robots\" content=\"index, follow, max-snippet:-1, max-image-preview:large, max-video-preview:-1\" \/>\n<link rel=\"canonical\" href=\"https:\/\/denizcankizil.tr\/ru\/haberler\/antalya\/minikler-pazarcilara-tas-cikartti\/\" \/>\n<meta property=\"og:locale\" content=\"ru_RU\" \/>\n<meta property=\"og:type\" content=\"article\" \/>\n<meta property=\"og:title\" content=\"Minikler, pazarc\u0131lara ta\u015f \u00e7\u0131kartt\u0131\" \/>\n<meta property=\"og:description\" content=\"Manavgat Anaokulu Bah\u00e7esi; kurulan tezgahlar, tezgahlardaki sebze-meyveler ve ellerinde \u00fcr\u00fcnlerin fiyat\u0131n\u0131n yaz\u0131l\u0131 oldu\u011fu etiketlerle sat\u0131\u015f yapmaya \u00e7al\u0131\u015fan minik \u00f6\u011frencilerle tam anlam\u0131yla bir semt pazar\u0131na d\u00f6n\u00fc\u015ft\u00fc. \u2018Manavgat Anaokulu Bah\u00e7e Pazar\u0131\u2019 ad\u0131 alt\u0131nda Yerli Mal\u0131 Haftas\u0131 kapsam\u0131nda d\u00fczenlenen panay\u0131rda sat\u0131\u015f yapan \u00f6\u011frencilere Okul Aile Birli\u011fi Ba\u015fkan ve y\u00f6netimi ile baz\u0131 \u00f6\u011fretmenler de e\u015flik ederken, \u00e7ocuklar\u0131n\u0131n satt\u0131\u011f\u0131 \u00fcr\u00fcnleri temin eden veliler, arkada\u015flar\u0131yla birlikte etkinli\u011fe kat\u0131larak al\u0131\u015fveri\u015f yapt\u0131lar. Minik \u00f6\u011frenciler pazarc\u0131lara ta\u015f \u00e7\u0131kartt\u0131 Ellerinde \u00fcr\u00fcnlerin fiyatlar\u0131n\u0131n yaz\u0131l\u0131 oldu\u011fu etiketleri ta\u015f\u0131yan \u00f6\u011frenciler, vatanda\u015flar\u0131 \u00fcr\u00fcn almalar\u0131 i\u00e7in tezgahlar\u0131na davet ederken y\u0131llar\u0131n pazarc\u0131lar\u0131na ta\u015f \u00e7\u0131kartt\u0131lar. Elindeki etikette 50 TL ibaresi bulunan k\u00fc\u00e7\u00fck k\u0131z \u201cGel vatanda\u015f gel Mor Lahanaya gel. Sadece 50 TL. Param olsa da ben de alsam\u201d s\u00f6zleri, herkesin dikkatini \u00e7ekti. Kaynak: www.kanalv.com.tr Haber Sitesinden Al\u0131nm\u0131\u015ft\u0131r.\" \/>\n<meta property=\"og:url\" content=\"https:\/\/denizcankizil.tr\/ru\/haberler\/antalya\/minikler-pazarcilara-tas-cikartti\/\" \/>\n<meta property=\"og:site_name\" content=\"Av. Deniz Can K\u0131z\u0131l\" \/>\n<meta property=\"article:published_time\" content=\"2024-12-18T09:41:16+00:00\" \/>\n<meta property=\"og:image\" content=\"https:\/\/denizcankizil.tr\/wp-content\/uploads\/2024\/12\/3652-01-7dxPPb.jpeg\" \/>\n\t<meta property=\"og:image:width\" content=\"1280\" \/>\n\t<meta property=\"og:image:height\" content=\"720\" \/>\n\t<meta property=\"og:image:type\" content=\"image\/jpeg\" \/>\n<meta name=\"twitter:card\" content=\"summary_large_image\" \/>\n<meta name=\"twitter:label1\" content=\"\u041f\u0440\u0438\u043c\u0435\u0440\u043d\u043e\u0435 \u0432\u0440\u0435\u043c\u044f \u0434\u043b\u044f \u0447\u0442\u0435\u043d\u0438\u044f\" \/>\n\t<meta name=\"twitter:data1\" content=\"1 \u043c\u0438\u043d\u0443\u0442\u0430\" \/>\n<script type=\"application\/ld+json\" class=\"yoast-schema-graph\">{\"@context\":\"https:\/\/schema.org\",\"@graph\":[{\"@type\":\"Article\",\"@id\":\"https:\/\/denizcankizil.tr\/ru\/haberler\/antalya\/minikler-pazarcilara-tas-cikartti\/#article\",\"isPartOf\":{\"@id\":\"https:\/\/denizcankizil.tr\/ru\/haberler\/antalya\/minikler-pazarcilara-tas-cikartti\/\"},\"author\":{\"name\":\"\",\"@id\":\"\"},\"headline\":\"Minikler, pazarc\u0131lara ta\u015f \u00e7\u0131kartt\u0131\",\"datePublished\":\"2024-12-18T09:41:16+00:00\",\"mainEntityOfPage\":{\"@id\":\"https:\/\/denizcankizil.tr\/ru\/haberler\/antalya\/minikler-pazarcilara-tas-cikartti\/\"},\"wordCount\":177,\"commentCount\":0,\"publisher\":{\"@id\":\"https:\/\/denizcankizil.tr\/de\/#organization\"},\"image\":{\"@id\":\"https:\/\/denizcankizil.tr\/ru\/haberler\/antalya\/minikler-pazarcilara-tas-cikartti\/#primaryimage\"},\"thumbnailUrl\":\"https:\/\/denizcankizil.tr\/wp-content\/uploads\/2024\/12\/3652-01-7dxPPb.jpeg\",\"articleSection\":[\"Antalya\",\"Uncategorized\"],\"inLanguage\":\"ru-RU\",\"potentialAction\":[{\"@type\":\"CommentAction\",\"name\":\"Comment\",\"target\":[\"https:\/\/denizcankizil.tr\/ru\/haberler\/antalya\/minikler-pazarcilara-tas-cikartti\/#respond\"]}]},{\"@type\":\"WebPage\",\"@id\":\"https:\/\/denizcankizil.tr\/ru\/haberler\/antalya\/minikler-pazarcilara-tas-cikartti\/\",\"url\":\"https:\/\/denizcankizil.tr\/ru\/haberler\/antalya\/minikler-pazarcilara-tas-cikartti\/\",\"name\":\"Minikler, pazarc\u0131lara ta\u015f \u00e7\u0131kartt\u0131 - Av. Deniz Can K\u0131z\u0131l\",\"isPartOf\":{\"@id\":\"https:\/\/denizcankizil.tr\/de\/#website\"},\"primaryImageOfPage\":{\"@id\":\"https:\/\/denizcankizil.tr\/ru\/haberler\/antalya\/minikler-pazarcilara-tas-cikartti\/#primaryimage\"},\"image\":{\"@id\":\"https:\/\/denizcankizil.tr\/ru\/haberler\/antalya\/minikler-pazarcilara-tas-cikartti\/#primaryimage\"},\"thumbnailUrl\":\"https:\/\/denizcankizil.tr\/wp-content\/uploads\/2024\/12\/3652-01-7dxPPb.jpeg\",\"datePublished\":\"2024-12-18T09:41:16+00:00\",\"breadcrumb\":{\"@id\":\"https:\/\/denizcankizil.tr\/ru\/haberler\/antalya\/minikler-pazarcilara-tas-cikartti\/#breadcrumb\"},\"inLanguage\":\"ru-RU\",\"potentialAction\":[{\"@type\":\"ReadAction\",\"target\":[\"https:\/\/denizcankizil.tr\/ru\/haberler\/antalya\/minikler-pazarcilara-tas-cikartti\/\"]}]},{\"@type\":\"ImageObject\",\"inLanguage\":\"ru-RU\",\"@id\":\"https:\/\/denizcankizil.tr\/ru\/haberler\/antalya\/minikler-pazarcilara-tas-cikartti\/#primaryimage\",\"url\":\"https:\/\/denizcankizil.tr\/wp-content\/uploads\/2024\/12\/3652-01-7dxPPb.jpeg\",\"contentUrl\":\"https:\/\/denizcankizil.tr\/wp-content\/uploads\/2024\/12\/3652-01-7dxPPb.jpeg\",\"width\":1280,\"height\":720},{\"@type\":\"BreadcrumbList\",\"@id\":\"https:\/\/denizcankizil.tr\/ru\/haberler\/antalya\/minikler-pazarcilara-tas-cikartti\/#breadcrumb\",\"itemListElement\":[{\"@type\":\"ListItem\",\"position\":1,\"name\":\"Home\",\"item\":\"https:\/\/denizcankizil.tr\/de\/\"},{\"@type\":\"ListItem\",\"position\":2,\"name\":\"Minikler, pazarc\u0131lara ta\u015f \u00e7\u0131kartt\u0131\"}]},{\"@type\":\"WebSite\",\"@id\":\"https:\/\/denizcankizil.tr\/de\/#website\",\"url\":\"https:\/\/denizcankizil.tr\/de\/\",\"name\":\"Av. Deniz Can K\u0131z\u0131l\",\"description\":\"Avukat Deniz Can K\u0131z\u0131l Antalya Barosu\",\"publisher\":{\"@id\":\"https:\/\/denizcankizil.tr\/de\/#organization\"},\"potentialAction\":[{\"@type\":\"SearchAction\",\"target\":{\"@type\":\"EntryPoint\",\"urlTemplate\":\"https:\/\/denizcankizil.tr\/de\/?s={search_term_string}\"},\"query-input\":{\"@type\":\"PropertyValueSpecification\",\"valueRequired\":true,\"valueName\":\"search_term_string\"}}],\"inLanguage\":\"ru-RU\"},{\"@type\":\"Organization\",\"@id\":\"https:\/\/denizcankizil.tr\/de\/#organization\",\"name\":\"Av. Deniz Can K\u0131z\u0131l\",\"url\":\"https:\/\/denizcankizil.tr\/de\/\",\"logo\":{\"@type\":\"ImageObject\",\"inLanguage\":\"ru-RU\",\"@id\":\"https:\/\/denizcankizil.tr\/de\/#\/schema\/logo\/image\/\",\"url\":\"https:\/\/denizcankizil.tr\/wp-content\/uploads\/2024\/10\/siyah-logo-svg.svg\",\"contentUrl\":\"https:\/\/denizcankizil.tr\/wp-content\/uploads\/2024\/10\/siyah-logo-svg.svg\",\"width\":1080,\"height\":1080,\"caption\":\"Av. Deniz Can K\u0131z\u0131l\"},\"image\":{\"@id\":\"https:\/\/denizcankizil.tr\/de\/#\/schema\/logo\/image\/\"}}]}<\/script>\n<!-- \/ Yoast SEO Premium plugin. -->","yoast_head_json":{"title":"Minikler, pazarc\u0131lara ta\u015f \u00e7\u0131kartt\u0131 - Av. Deniz Can K\u0131z\u0131l","robots":{"index":"index","follow":"follow","max-snippet":"max-snippet:-1","max-image-preview":"max-image-preview:large","max-video-preview":"max-video-preview:-1"},"canonical":"https:\/\/denizcankizil.tr\/ru\/haberler\/antalya\/minikler-pazarcilara-tas-cikartti\/","og_locale":"ru_RU","og_type":"article","og_title":"Minikler, pazarc\u0131lara ta\u015f \u00e7\u0131kartt\u0131","og_description":"Manavgat Anaokulu Bah\u00e7esi; kurulan tezgahlar, tezgahlardaki sebze-meyveler ve ellerinde \u00fcr\u00fcnlerin fiyat\u0131n\u0131n yaz\u0131l\u0131 oldu\u011fu etiketlerle sat\u0131\u015f yapmaya \u00e7al\u0131\u015fan minik \u00f6\u011frencilerle tam anlam\u0131yla bir semt pazar\u0131na d\u00f6n\u00fc\u015ft\u00fc. \u2018Manavgat Anaokulu Bah\u00e7e Pazar\u0131\u2019 ad\u0131 alt\u0131nda Yerli Mal\u0131 Haftas\u0131 kapsam\u0131nda d\u00fczenlenen panay\u0131rda sat\u0131\u015f yapan \u00f6\u011frencilere Okul Aile Birli\u011fi Ba\u015fkan ve y\u00f6netimi ile baz\u0131 \u00f6\u011fretmenler de e\u015flik ederken, \u00e7ocuklar\u0131n\u0131n satt\u0131\u011f\u0131 \u00fcr\u00fcnleri temin eden veliler, arkada\u015flar\u0131yla birlikte etkinli\u011fe kat\u0131larak al\u0131\u015fveri\u015f yapt\u0131lar. Minik \u00f6\u011frenciler pazarc\u0131lara ta\u015f \u00e7\u0131kartt\u0131 Ellerinde \u00fcr\u00fcnlerin fiyatlar\u0131n\u0131n yaz\u0131l\u0131 oldu\u011fu etiketleri ta\u015f\u0131yan \u00f6\u011frenciler, vatanda\u015flar\u0131 \u00fcr\u00fcn almalar\u0131 i\u00e7in tezgahlar\u0131na davet ederken y\u0131llar\u0131n pazarc\u0131lar\u0131na ta\u015f \u00e7\u0131kartt\u0131lar. Elindeki etikette 50 TL ibaresi bulunan k\u00fc\u00e7\u00fck k\u0131z \u201cGel vatanda\u015f gel Mor Lahanaya gel. Sadece 50 TL. Param olsa da ben de alsam\u201d s\u00f6zleri, herkesin dikkatini \u00e7ekti. Kaynak: www.kanalv.com.tr Haber Sitesinden Al\u0131nm\u0131\u015ft\u0131r.","og_url":"https:\/\/denizcankizil.tr\/ru\/haberler\/antalya\/minikler-pazarcilara-tas-cikartti\/","og_site_name":"Av. Deniz Can K\u0131z\u0131l","article_published_time":"2024-12-18T09:41:16+00:00","og_image":[{"width":1280,"height":720,"url":"https:\/\/denizcankizil.tr\/wp-content\/uploads\/2024\/12\/3652-01-7dxPPb.jpeg","type":"image\/jpeg"}],"twitter_card":"summary_large_image","twitter_misc":{"\u041f\u0440\u0438\u043c\u0435\u0440\u043d\u043e\u0435 \u0432\u0440\u0435\u043c\u044f \u0434\u043b\u044f \u0447\u0442\u0435\u043d\u0438\u044f":"1 \u043c\u0438\u043d\u0443\u0442\u0430"},"schema":{"@context":"https:\/\/schema.org","@graph":[{"@type":"Article","@id":"https:\/\/denizcankizil.tr\/ru\/haberler\/antalya\/minikler-pazarcilara-tas-cikartti\/#article","isPartOf":{"@id":"https:\/\/denizcankizil.tr\/ru\/haberler\/antalya\/minikler-pazarcilara-tas-cikartti\/"},"author":{"name":"","@id":""},"headline":"Minikler, pazarc\u0131lara ta\u015f \u00e7\u0131kartt\u0131","datePublished":"2024-12-18T09:41:16+00:00","mainEntityOfPage":{"@id":"https:\/\/denizcankizil.tr\/ru\/haberler\/antalya\/minikler-pazarcilara-tas-cikartti\/"},"wordCount":177,"commentCount":0,"publisher":{"@id":"https:\/\/denizcankizil.tr\/de\/#organization"},"image":{"@id":"https:\/\/denizcankizil.tr\/ru\/haberler\/antalya\/minikler-pazarcilara-tas-cikartti\/#primaryimage"},"thumbnailUrl":"https:\/\/denizcankizil.tr\/wp-content\/uploads\/2024\/12\/3652-01-7dxPPb.jpeg","articleSection":["Antalya","Uncategorized"],"inLanguage":"ru-RU","potentialAction":[{"@type":"CommentAction","name":"Comment","target":["https:\/\/denizcankizil.tr\/ru\/haberler\/antalya\/minikler-pazarcilara-tas-cikartti\/#respond"]}]},{"@type":"WebPage","@id":"https:\/\/denizcankizil.tr\/ru\/haberler\/antalya\/minikler-pazarcilara-tas-cikartti\/","url":"https:\/\/denizcankizil.tr\/ru\/haberler\/antalya\/minikler-pazarcilara-tas-cikartti\/","name":"Minikler, pazarc\u0131lara ta\u015f \u00e7\u0131kartt\u0131 - Av. Deniz Can K\u0131z\u0131l","isPartOf":{"@id":"https:\/\/denizcankizil.tr\/de\/#website"},"primaryImageOfPage":{"@id":"https:\/\/denizcankizil.tr\/ru\/haberler\/antalya\/minikler-pazarcilara-tas-cikartti\/#primaryimage"},"image":{"@id":"https:\/\/denizcankizil.tr\/ru\/haberler\/antalya\/minikler-pazarcilara-tas-cikartti\/#primaryimage"},"thumbnailUrl":"https:\/\/denizcankizil.tr\/wp-content\/uploads\/2024\/12\/3652-01-7dxPPb.jpeg","datePublished":"2024-12-18T09:41:16+00:00","breadcrumb":{"@id":"https:\/\/denizcankizil.tr\/ru\/haberler\/antalya\/minikler-pazarcilara-tas-cikartti\/#breadcrumb"},"inLanguage":"ru-RU","potentialAction":[{"@type":"ReadAction","target":["https:\/\/denizcankizil.tr\/ru\/haberler\/antalya\/minikler-pazarcilara-tas-cikartti\/"]}]},{"@type":"ImageObject","inLanguage":"ru-RU","@id":"https:\/\/denizcankizil.tr\/ru\/haberler\/antalya\/minikler-pazarcilara-tas-cikartti\/#primaryimage","url":"https:\/\/denizcankizil.tr\/wp-content\/uploads\/2024\/12\/3652-01-7dxPPb.jpeg","contentUrl":"https:\/\/denizcankizil.tr\/wp-content\/uploads\/2024\/12\/3652-01-7dxPPb.jpeg","width":1280,"height":720},{"@type":"BreadcrumbList","@id":"https:\/\/denizcankizil.tr\/ru\/haberler\/antalya\/minikler-pazarcilara-tas-cikartti\/#breadcrumb","itemListElement":[{"@type":"ListItem","position":1,"name":"Home","item":"https:\/\/denizcankizil.tr\/de\/"},{"@type":"ListItem","position":2,"name":"Minikler, pazarc\u0131lara ta\u015f \u00e7\u0131kartt\u0131"}]},{"@type":"WebSite","@id":"https:\/\/denizcankizil.tr\/de\/#website","url":"https:\/\/denizcankizil.tr\/de\/","name":"Av. Deniz Can K\u0131z\u0131l","description":"Avukat Deniz Can K\u0131z\u0131l Antalya Barosu","publisher":{"@id":"https:\/\/denizcankizil.tr\/de\/#organization"},"potentialAction":[{"@type":"SearchAction","target":{"@type":"EntryPoint","urlTemplate":"https:\/\/denizcankizil.tr\/de\/?s={search_term_string}"},"query-input":{"@type":"PropertyValueSpecification","valueRequired":true,"valueName":"search_term_string"}}],"inLanguage":"ru-RU"},{"@type":"Organization","@id":"https:\/\/denizcankizil.tr\/de\/#organization","name":"Av. Deniz Can K\u0131z\u0131l","url":"https:\/\/denizcankizil.tr\/de\/","logo":{"@type":"ImageObject","inLanguage":"ru-RU","@id":"https:\/\/denizcankizil.tr\/de\/#\/schema\/logo\/image\/","url":"https:\/\/denizcankizil.tr\/wp-content\/uploads\/2024\/10\/siyah-logo-svg.svg","contentUrl":"https:\/\/denizcankizil.tr\/wp-content\/uploads\/2024\/10\/siyah-logo-svg.svg","width":1080,"height":1080,"caption":"Av. Deniz Can K\u0131z\u0131l"},"image":{"@id":"https:\/\/denizcankizil.tr\/de\/#\/schema\/logo\/image\/"}}]}},"_links":{"self":[{"href":"https:\/\/denizcankizil.tr\/ru\/wp-json\/wp\/v2\/posts\/21224","targetHints":{"allow":["GET"]}}],"collection":[{"href":"https:\/\/denizcankizil.tr\/ru\/wp-json\/wp\/v2\/posts"}],"about":[{"href":"https:\/\/denizcankizil.tr\/ru\/wp-json\/wp\/v2\/types\/post"}],"replies":[{"embeddable":true,"href":"https:\/\/denizcankizil.tr\/ru\/wp-json\/wp\/v2\/comments?post=21224"}],"version-history":[{"count":0,"href":"https:\/\/denizcankizil.tr\/ru\/wp-json\/wp\/v2\/posts\/21224\/revisions"}],"wp:featuredmedia":[{"embeddable":true,"href":"https:\/\/denizcankizil.tr\/ru\/wp-json\/wp\/v2\/media\/21225"}],"wp:attachment":[{"href":"https:\/\/denizcankizil.tr\/ru\/wp-json\/wp\/v2\/media?parent=21224"}],"wp:term":[{"taxonomy":"category","embeddable":true,"href":"https:\/\/denizcankizil.tr\/ru\/wp-json\/wp\/v2\/categories?post=21224"},{"taxonomy":"post_tag","embeddable":true,"href":"https:\/\/denizcankizil.tr\/ru\/wp-json\/wp\/v2\/tags?post=21224"}],"curies":[{"name":"wp","href":"https:\/\/api.w.org\/{rel}","templated":true}]}}