{"id":21207,"date":"2024-12-18T10:42:09","date_gmt":"2024-12-18T07:42:09","guid":{"rendered":"https:\/\/denizcankizil.tr\/uncategorized-tr\/antalyada-kiracilar-yandi-kira-artisinda-korkutan-tablo\/"},"modified":"2024-12-18T10:42:09","modified_gmt":"2024-12-18T07:42:09","slug":"antalyada-kiracilar-yandi-kira-artisinda-korkutan-tablo","status":"publish","type":"post","link":"https:\/\/denizcankizil.tr\/ru\/haberler\/gundem\/antalyada-kiracilar-yandi-kira-artisinda-korkutan-tablo\/","title":{"rendered":"Antalya\u2019da kirac\u0131lar yand\u0131! Kira art\u0131\u015f\u0131nda korkutan tablo"},"content":{"rendered":"<p>Antalya&#8217;da kirada ya\u015fayan vatanda\u015f kara kara d\u00fc\u015f\u00fcn\u00fcyor. Antalya&#8217;da son y\u0131llarda artan kira fiyatlar\u0131yla birlikte kira uyu\u015fmazl\u0131k davalar\u0131 giderek art\u0131yor. Konuya ili\u015fkin konu\u015fan\u00a0Antalya Emlak\u00e7\u0131lar Odas\u0131 Ba\u015fkan\u0131 \u0130smail \u00c7a\u011flar, &#8220;Kirac\u0131 ile ev sahibi aras\u0131nda ya\u015fanan sorunlardan dolay\u0131 bu konuyla alakal\u0131 mahkemelerde de y\u0131\u011f\u0131lma meydana geldi\u201d dedi.\u00a0<\/p>\n<p>K\u0130RACI VE EV SAH\u0130PLER\u0130 ARASINDA YA\u015eANAN GER\u0130L\u0130M ARTIYOR<\/p>\n<p>Antalya\u2019da kira kontrat\u0131nda y\u0131l\u0131 dolmadan bile baz\u0131 ev sahiplerinin kira art\u0131\u015f\u0131na gitmek istedi\u011fine dikkat \u00e7eken \u00c7a\u011flar, y\u00fczde 25\u2019lik zam art\u0131\u015f\u0131 uygulamas\u0131n\u0131n 1 Temmuz 2024 tarihi itibariyle sona erdi\u011fini anlatt\u0131. Kira art\u0131\u015f\u0131n\u0131n bu tarihten sonra serbest piyasa \u015fartlar\u0131na g\u00f6re veya Tefe-T\u00fcfe art\u0131\u015f\u0131na g\u00f6re ger\u00e7ekle\u015fti\u011fini anlatan \u00c7a\u011flar, ya\u015fanan s\u00fcre\u00e7te kirac\u0131 ve sahipleri aras\u0131nda ya\u015fanan sorunlar\u0131n Antalya Adliyesi\u2019ne kadar uzand\u0131\u011f\u0131n\u0131 ve \u00e7ok say\u0131da davan\u0131n a\u00e7\u0131ld\u0131\u011f\u0131n\u0131 dile getirdi.\u00a0<\/p>\n<p>ANTALYA\u2019DA BARINMA SORUNU G\u0130DEREK B\u00dcY\u00dcYOR<\/p>\n<p>Antalya\u2019da kira \u00fccretlerinin son y\u0131llarda tavan yapmas\u0131 nedeniyle \u015fehirde ba\u015fta emekliler olmak \u00fczere \u00e7ok say\u0131da dar gelirli kira \u00fccreti daha uygun olan \u015fehirlere g\u00f6\u00e7 ediyor. \u015eehirde kira bedelleri baz\u0131 emlak sitelerinde 15 bin TL\u2019den ba\u015flayarak 100 bin TL\u2019ye kadar y\u00fckseliyor. \u00c7a\u011flar, \u015fehirde ev sahiplerinin birbirinden etkilenerek kira zamm\u0131na gitti\u011fini ve art\u0131\u015f sa\u011flad\u0131\u011f\u0131n\u0131 ifade etti.\u00a0<\/p>\n<p>A\u00c7ILAN DAVA SAYISI HER GE\u00c7EN G\u00dcN B\u0130RAZ DAHA ARTIYOR!<\/p>\n<p>\u00c7a\u011flar, \u201cBakan\u0131m\u0131z\u0131n a\u00e7\u0131klamalar\u0131na g\u00f6re kira art\u0131\u015f oran\u0131na konulan y\u00fczde 25 s\u0131n\u0131r\u0131 1 Temmuz 2024\u2019te sona erdi. Buna paralel olarak k\u0131\u015f aylar\u0131nday\u0131z ama yaz aylar\u0131n\u0131n ba\u015flamas\u0131 ile sadece Antalya\u2019da de\u011fil T\u00fcrkiye\u2019nin her yerinde kira fiyatlar\u0131n\u0131n y\u00fckselebilece\u011fini \u00f6ng\u00f6r\u00fcyoruz. Bu durum bir\u00e7ok anlamda hem kirada oturmak zorunda kalan vatanda\u015flar\u0131m\u0131z\u0131 zorlayacak hem de ev sahiplerini. Beraberinde de kirac\u0131 ile ev sahibi aras\u0131nda ya\u015fanan sorunlardan dolay\u0131 bu konuyla alakal\u0131 mahkemelerde de y\u0131\u011f\u0131lma meydana geldi\u201d dedi.\u00a0<\/p>\n<p>\u00a0<br \/>\n\u00a0<\/p>\n<p>\u200bAntalya Emlak\u00e7\u0131lar Odas\u0131 Ba\u015fkan\u0131 \u0130smail \u00c7a\u011flar, y\u0131ll\u0131k kira art\u0131\u015f oran\u0131n\u0131n Tefe-T\u00fcfe oran\u0131na g\u00f6re belirlenece\u011fini ifade ederek, \u201cAntalya\u2019da y\u0131ll\u0131k kira art\u0131\u015f oran\u0131nda serbest piyasa \u015fartlar\u0131n\u0131n yan\u0131nda Tefe-T\u00fcfe oran\u0131 uygulan\u0131yor. Bundan dolay\u0131 ev sahibi ile kirac\u0131 aras\u0131nda ya\u015fanan uyu\u015fmazl\u0131k dava say\u0131s\u0131nda b\u00fcy\u00fck art\u0131\u015f var\u201d dedi.\u00a0<\/p>\n<p>\u200bHaberin Al\u0131nt\u0131land\u0131\u011f\u0131 Kaynak: www.antalyakorfez.com<\/p>","protected":false},"excerpt":{"rendered":"<p>Antalya&#8217;da kirada ya\u015fayan vatanda\u015f kara kara d\u00fc\u015f\u00fcn\u00fcyor. Antalya&#8217;da son y\u0131llarda artan kira fiyatlar\u0131yla birlikte kira uyu\u015fmazl\u0131k davalar\u0131 giderek art\u0131yor. Konuya ili\u015fkin konu\u015fan\u00a0Antalya Emlak\u00e7\u0131lar Odas\u0131 Ba\u015fkan\u0131 \u0130smail \u00c7a\u011flar, &#8220;Kirac\u0131 ile ev sahibi aras\u0131nda ya\u015fanan sorunlardan dolay\u0131 bu konuyla alakal\u0131 mahkemelerde de y\u0131\u011f\u0131lma meydana geldi\u201d dedi.\u00a0 K\u0130RACI VE EV SAH\u0130PLER\u0130 ARASINDA YA\u015eANAN GER\u0130L\u0130M ARTIYOR Antalya\u2019da kira kontrat\u0131nda y\u0131l\u0131 dolmadan bile baz\u0131 ev sahiplerinin kira art\u0131\u015f\u0131na gitmek istedi\u011fine dikkat \u00e7eken \u00c7a\u011flar, y\u00fczde 25\u2019lik zam art\u0131\u015f\u0131 uygulamas\u0131n\u0131n 1 Temmuz 2024 tarihi itibariyle sona erdi\u011fini anlatt\u0131. Kira art\u0131\u015f\u0131n\u0131n bu tarihten sonra serbest piyasa \u015fartlar\u0131na g\u00f6re veya Tefe-T\u00fcfe art\u0131\u015f\u0131na g\u00f6re ger\u00e7ekle\u015fti\u011fini anlatan \u00c7a\u011flar, ya\u015fanan s\u00fcre\u00e7te kirac\u0131 ve sahipleri aras\u0131nda ya\u015fanan sorunlar\u0131n Antalya Adliyesi\u2019ne kadar uzand\u0131\u011f\u0131n\u0131 ve \u00e7ok say\u0131da davan\u0131n a\u00e7\u0131ld\u0131\u011f\u0131n\u0131 dile getirdi.\u00a0 ANTALYA\u2019DA BARINMA SORUNU G\u0130DEREK B\u00dcY\u00dcYOR Antalya\u2019da kira \u00fccretlerinin son y\u0131llarda tavan yapmas\u0131 nedeniyle \u015fehirde ba\u015fta emekliler olmak \u00fczere \u00e7ok say\u0131da dar gelirli kira \u00fccreti daha uygun olan \u015fehirlere g\u00f6\u00e7 ediyor. \u015eehirde kira bedelleri baz\u0131 emlak sitelerinde 15 bin TL\u2019den ba\u015flayarak 100 bin TL\u2019ye kadar y\u00fckseliyor. \u00c7a\u011flar, \u015fehirde ev sahiplerinin birbirinden etkilenerek kira zamm\u0131na gitti\u011fini ve art\u0131\u015f sa\u011flad\u0131\u011f\u0131n\u0131 ifade etti.\u00a0 A\u00c7ILAN DAVA SAYISI HER GE\u00c7EN G\u00dcN B\u0130RAZ DAHA ARTIYOR! \u00c7a\u011flar, \u201cBakan\u0131m\u0131z\u0131n a\u00e7\u0131klamalar\u0131na g\u00f6re kira art\u0131\u015f oran\u0131na konulan y\u00fczde 25 s\u0131n\u0131r\u0131 1 Temmuz 2024\u2019te sona erdi. &hellip;<\/p>","protected":false},"author":0,"featured_media":0,"comment_status":"open","ping_status":"open","sticky":false,"template":"","format":"standard","meta":{"_acf_changed":false,"footnotes":""},"categories":[24,535],"tags":[],"class_list":["post-21207","post","type-post","status-publish","format-standard","has-post-thumbnail","hentry","category-gundem","category-uncategorized-tr"],"acf":[],"yoast_head":"<!-- This site is optimized with the Yoast SEO Premium plugin v26.6 (Yoast SEO v27.1.1) - https:\/\/yoast.com\/product\/yoast-seo-premium-wordpress\/ -->\n<title>Antalya\u2019da kirac\u0131lar yand\u0131! Kira art\u0131\u015f\u0131nda korkutan tablo - Av. Deniz Can K\u0131z\u0131l<\/title>\n<meta name=\"robots\" content=\"index, follow, max-snippet:-1, max-image-preview:large, max-video-preview:-1\" \/>\n<link rel=\"canonical\" href=\"https:\/\/denizcankizil.tr\/ru\/haberler\/gundem\/antalyada-kiracilar-yandi-kira-artisinda-korkutan-tablo\/\" \/>\n<meta property=\"og:locale\" content=\"ru_RU\" \/>\n<meta property=\"og:type\" content=\"article\" \/>\n<meta property=\"og:title\" content=\"Antalya\u2019da kirac\u0131lar yand\u0131! Kira art\u0131\u015f\u0131nda korkutan tablo\" \/>\n<meta property=\"og:description\" content=\"Antalya&#8217;da kirada ya\u015fayan vatanda\u015f kara kara d\u00fc\u015f\u00fcn\u00fcyor. Antalya&#8217;da son y\u0131llarda artan kira fiyatlar\u0131yla birlikte kira uyu\u015fmazl\u0131k davalar\u0131 giderek art\u0131yor. Konuya ili\u015fkin konu\u015fan\u00a0Antalya Emlak\u00e7\u0131lar Odas\u0131 Ba\u015fkan\u0131 \u0130smail \u00c7a\u011flar, &#8220;Kirac\u0131 ile ev sahibi aras\u0131nda ya\u015fanan sorunlardan dolay\u0131 bu konuyla alakal\u0131 mahkemelerde de y\u0131\u011f\u0131lma meydana geldi\u201d dedi.\u00a0 K\u0130RACI VE EV SAH\u0130PLER\u0130 ARASINDA YA\u015eANAN GER\u0130L\u0130M ARTIYOR Antalya\u2019da kira kontrat\u0131nda y\u0131l\u0131 dolmadan bile baz\u0131 ev sahiplerinin kira art\u0131\u015f\u0131na gitmek istedi\u011fine dikkat \u00e7eken \u00c7a\u011flar, y\u00fczde 25\u2019lik zam art\u0131\u015f\u0131 uygulamas\u0131n\u0131n 1 Temmuz 2024 tarihi itibariyle sona erdi\u011fini anlatt\u0131. Kira art\u0131\u015f\u0131n\u0131n bu tarihten sonra serbest piyasa \u015fartlar\u0131na g\u00f6re veya Tefe-T\u00fcfe art\u0131\u015f\u0131na g\u00f6re ger\u00e7ekle\u015fti\u011fini anlatan \u00c7a\u011flar, ya\u015fanan s\u00fcre\u00e7te kirac\u0131 ve sahipleri aras\u0131nda ya\u015fanan sorunlar\u0131n Antalya Adliyesi\u2019ne kadar uzand\u0131\u011f\u0131n\u0131 ve \u00e7ok say\u0131da davan\u0131n a\u00e7\u0131ld\u0131\u011f\u0131n\u0131 dile getirdi.\u00a0 ANTALYA\u2019DA BARINMA SORUNU G\u0130DEREK B\u00dcY\u00dcYOR Antalya\u2019da kira \u00fccretlerinin son y\u0131llarda tavan yapmas\u0131 nedeniyle \u015fehirde ba\u015fta emekliler olmak \u00fczere \u00e7ok say\u0131da dar gelirli kira \u00fccreti daha uygun olan \u015fehirlere g\u00f6\u00e7 ediyor. \u015eehirde kira bedelleri baz\u0131 emlak sitelerinde 15 bin TL\u2019den ba\u015flayarak 100 bin TL\u2019ye kadar y\u00fckseliyor. \u00c7a\u011flar, \u015fehirde ev sahiplerinin birbirinden etkilenerek kira zamm\u0131na gitti\u011fini ve art\u0131\u015f sa\u011flad\u0131\u011f\u0131n\u0131 ifade etti.\u00a0 A\u00c7ILAN DAVA SAYISI HER GE\u00c7EN G\u00dcN B\u0130RAZ DAHA ARTIYOR! \u00c7a\u011flar, \u201cBakan\u0131m\u0131z\u0131n a\u00e7\u0131klamalar\u0131na g\u00f6re kira art\u0131\u015f oran\u0131na konulan y\u00fczde 25 s\u0131n\u0131r\u0131 1 Temmuz 2024\u2019te sona erdi. &hellip;\" \/>\n<meta property=\"og:url\" content=\"https:\/\/denizcankizil.tr\/ru\/haberler\/gundem\/antalyada-kiracilar-yandi-kira-artisinda-korkutan-tablo\/\" \/>\n<meta property=\"og:site_name\" content=\"Av. Deniz Can K\u0131z\u0131l\" \/>\n<meta property=\"article:published_time\" content=\"2024-12-18T07:42:09+00:00\" \/>\n<meta name=\"twitter:card\" content=\"summary_large_image\" \/>\n<meta name=\"twitter:label1\" content=\"\u041f\u0440\u0438\u043c\u0435\u0440\u043d\u043e\u0435 \u0432\u0440\u0435\u043c\u044f \u0434\u043b\u044f \u0447\u0442\u0435\u043d\u0438\u044f\" \/>\n\t<meta name=\"twitter:data1\" content=\"2 \u043c\u0438\u043d\u0443\u0442\u044b\" \/>\n<script type=\"application\/ld+json\" class=\"yoast-schema-graph\">{\"@context\":\"https:\/\/schema.org\",\"@graph\":[{\"@type\":\"Article\",\"@id\":\"https:\/\/denizcankizil.tr\/de\/haberler\/gundem\/antalyada-kiracilar-yandi-kira-artisinda-korkutan-tablo\/#article\",\"isPartOf\":{\"@id\":\"https:\/\/denizcankizil.tr\/de\/haberler\/gundem\/antalyada-kiracilar-yandi-kira-artisinda-korkutan-tablo\/\"},\"author\":{\"name\":\"\",\"@id\":\"\"},\"headline\":\"Antalya\u2019da kirac\u0131lar yand\u0131! Kira art\u0131\u015f\u0131nda korkutan tablo\",\"datePublished\":\"2024-12-18T07:42:09+00:00\",\"mainEntityOfPage\":{\"@id\":\"https:\/\/denizcankizil.tr\/de\/haberler\/gundem\/antalyada-kiracilar-yandi-kira-artisinda-korkutan-tablo\/\"},\"wordCount\":448,\"commentCount\":0,\"publisher\":{\"@id\":\"https:\/\/denizcankizil.tr\/de\/#organization\"},\"articleSection\":[\"G\u00fcndem\",\"Uncategorized\"],\"inLanguage\":\"ru-RU\",\"potentialAction\":[{\"@type\":\"CommentAction\",\"name\":\"Comment\",\"target\":[\"https:\/\/denizcankizil.tr\/de\/haberler\/gundem\/antalyada-kiracilar-yandi-kira-artisinda-korkutan-tablo\/#respond\"]}]},{\"@type\":\"WebPage\",\"@id\":\"https:\/\/denizcankizil.tr\/de\/haberler\/gundem\/antalyada-kiracilar-yandi-kira-artisinda-korkutan-tablo\/\",\"url\":\"https:\/\/denizcankizil.tr\/de\/haberler\/gundem\/antalyada-kiracilar-yandi-kira-artisinda-korkutan-tablo\/\",\"name\":\"Antalya\u2019da kirac\u0131lar yand\u0131! Kira art\u0131\u015f\u0131nda korkutan tablo - Av. Deniz Can K\u0131z\u0131l\",\"isPartOf\":{\"@id\":\"https:\/\/denizcankizil.tr\/de\/#website\"},\"datePublished\":\"2024-12-18T07:42:09+00:00\",\"breadcrumb\":{\"@id\":\"https:\/\/denizcankizil.tr\/de\/haberler\/gundem\/antalyada-kiracilar-yandi-kira-artisinda-korkutan-tablo\/#breadcrumb\"},\"inLanguage\":\"ru-RU\",\"potentialAction\":[{\"@type\":\"ReadAction\",\"target\":[\"https:\/\/denizcankizil.tr\/de\/haberler\/gundem\/antalyada-kiracilar-yandi-kira-artisinda-korkutan-tablo\/\"]}]},{\"@type\":\"BreadcrumbList\",\"@id\":\"https:\/\/denizcankizil.tr\/de\/haberler\/gundem\/antalyada-kiracilar-yandi-kira-artisinda-korkutan-tablo\/#breadcrumb\",\"itemListElement\":[{\"@type\":\"ListItem\",\"position\":1,\"name\":\"Home\",\"item\":\"https:\/\/denizcankizil.tr\/de\/\"},{\"@type\":\"ListItem\",\"position\":2,\"name\":\"Antalya\u2019da kirac\u0131lar yand\u0131! Kira art\u0131\u015f\u0131nda korkutan tablo\"}]},{\"@type\":\"WebSite\",\"@id\":\"https:\/\/denizcankizil.tr\/de\/#website\",\"url\":\"https:\/\/denizcankizil.tr\/de\/\",\"name\":\"Av. Deniz Can K\u0131z\u0131l\",\"description\":\"Avukat Deniz Can K\u0131z\u0131l Antalya Barosu\",\"publisher\":{\"@id\":\"https:\/\/denizcankizil.tr\/de\/#organization\"},\"potentialAction\":[{\"@type\":\"SearchAction\",\"target\":{\"@type\":\"EntryPoint\",\"urlTemplate\":\"https:\/\/denizcankizil.tr\/de\/?s={search_term_string}\"},\"query-input\":{\"@type\":\"PropertyValueSpecification\",\"valueRequired\":true,\"valueName\":\"search_term_string\"}}],\"inLanguage\":\"ru-RU\"},{\"@type\":\"Organization\",\"@id\":\"https:\/\/denizcankizil.tr\/de\/#organization\",\"name\":\"Av. Deniz Can K\u0131z\u0131l\",\"url\":\"https:\/\/denizcankizil.tr\/de\/\",\"logo\":{\"@type\":\"ImageObject\",\"inLanguage\":\"ru-RU\",\"@id\":\"https:\/\/denizcankizil.tr\/de\/#\/schema\/logo\/image\/\",\"url\":\"https:\/\/denizcankizil.tr\/wp-content\/uploads\/2024\/10\/siyah-logo-svg.svg\",\"contentUrl\":\"https:\/\/denizcankizil.tr\/wp-content\/uploads\/2024\/10\/siyah-logo-svg.svg\",\"width\":1080,\"height\":1080,\"caption\":\"Av. Deniz Can K\u0131z\u0131l\"},\"image\":{\"@id\":\"https:\/\/denizcankizil.tr\/de\/#\/schema\/logo\/image\/\"}}]}<\/script>\n<!-- \/ Yoast SEO Premium plugin. -->","yoast_head_json":{"title":"Antalya\u2019da kirac\u0131lar yand\u0131! Kira art\u0131\u015f\u0131nda korkutan tablo - Av. Deniz Can K\u0131z\u0131l","robots":{"index":"index","follow":"follow","max-snippet":"max-snippet:-1","max-image-preview":"max-image-preview:large","max-video-preview":"max-video-preview:-1"},"canonical":"https:\/\/denizcankizil.tr\/ru\/haberler\/gundem\/antalyada-kiracilar-yandi-kira-artisinda-korkutan-tablo\/","og_locale":"ru_RU","og_type":"article","og_title":"Antalya\u2019da kirac\u0131lar yand\u0131! Kira art\u0131\u015f\u0131nda korkutan tablo","og_description":"Antalya&#8217;da kirada ya\u015fayan vatanda\u015f kara kara d\u00fc\u015f\u00fcn\u00fcyor. Antalya&#8217;da son y\u0131llarda artan kira fiyatlar\u0131yla birlikte kira uyu\u015fmazl\u0131k davalar\u0131 giderek art\u0131yor. Konuya ili\u015fkin konu\u015fan\u00a0Antalya Emlak\u00e7\u0131lar Odas\u0131 Ba\u015fkan\u0131 \u0130smail \u00c7a\u011flar, &#8220;Kirac\u0131 ile ev sahibi aras\u0131nda ya\u015fanan sorunlardan dolay\u0131 bu konuyla alakal\u0131 mahkemelerde de y\u0131\u011f\u0131lma meydana geldi\u201d dedi.\u00a0 K\u0130RACI VE EV SAH\u0130PLER\u0130 ARASINDA YA\u015eANAN GER\u0130L\u0130M ARTIYOR Antalya\u2019da kira kontrat\u0131nda y\u0131l\u0131 dolmadan bile baz\u0131 ev sahiplerinin kira art\u0131\u015f\u0131na gitmek istedi\u011fine dikkat \u00e7eken \u00c7a\u011flar, y\u00fczde 25\u2019lik zam art\u0131\u015f\u0131 uygulamas\u0131n\u0131n 1 Temmuz 2024 tarihi itibariyle sona erdi\u011fini anlatt\u0131. Kira art\u0131\u015f\u0131n\u0131n bu tarihten sonra serbest piyasa \u015fartlar\u0131na g\u00f6re veya Tefe-T\u00fcfe art\u0131\u015f\u0131na g\u00f6re ger\u00e7ekle\u015fti\u011fini anlatan \u00c7a\u011flar, ya\u015fanan s\u00fcre\u00e7te kirac\u0131 ve sahipleri aras\u0131nda ya\u015fanan sorunlar\u0131n Antalya Adliyesi\u2019ne kadar uzand\u0131\u011f\u0131n\u0131 ve \u00e7ok say\u0131da davan\u0131n a\u00e7\u0131ld\u0131\u011f\u0131n\u0131 dile getirdi.\u00a0 ANTALYA\u2019DA BARINMA SORUNU G\u0130DEREK B\u00dcY\u00dcYOR Antalya\u2019da kira \u00fccretlerinin son y\u0131llarda tavan yapmas\u0131 nedeniyle \u015fehirde ba\u015fta emekliler olmak \u00fczere \u00e7ok say\u0131da dar gelirli kira \u00fccreti daha uygun olan \u015fehirlere g\u00f6\u00e7 ediyor. \u015eehirde kira bedelleri baz\u0131 emlak sitelerinde 15 bin TL\u2019den ba\u015flayarak 100 bin TL\u2019ye kadar y\u00fckseliyor. \u00c7a\u011flar, \u015fehirde ev sahiplerinin birbirinden etkilenerek kira zamm\u0131na gitti\u011fini ve art\u0131\u015f sa\u011flad\u0131\u011f\u0131n\u0131 ifade etti.\u00a0 A\u00c7ILAN DAVA SAYISI HER GE\u00c7EN G\u00dcN B\u0130RAZ DAHA ARTIYOR! \u00c7a\u011flar, \u201cBakan\u0131m\u0131z\u0131n a\u00e7\u0131klamalar\u0131na g\u00f6re kira art\u0131\u015f oran\u0131na konulan y\u00fczde 25 s\u0131n\u0131r\u0131 1 Temmuz 2024\u2019te sona erdi. &hellip;","og_url":"https:\/\/denizcankizil.tr\/ru\/haberler\/gundem\/antalyada-kiracilar-yandi-kira-artisinda-korkutan-tablo\/","og_site_name":"Av. Deniz Can K\u0131z\u0131l","article_published_time":"2024-12-18T07:42:09+00:00","twitter_card":"summary_large_image","twitter_misc":{"\u041f\u0440\u0438\u043c\u0435\u0440\u043d\u043e\u0435 \u0432\u0440\u0435\u043c\u044f \u0434\u043b\u044f \u0447\u0442\u0435\u043d\u0438\u044f":"2 \u043c\u0438\u043d\u0443\u0442\u044b"},"schema":{"@context":"https:\/\/schema.org","@graph":[{"@type":"Article","@id":"https:\/\/denizcankizil.tr\/de\/haberler\/gundem\/antalyada-kiracilar-yandi-kira-artisinda-korkutan-tablo\/#article","isPartOf":{"@id":"https:\/\/denizcankizil.tr\/de\/haberler\/gundem\/antalyada-kiracilar-yandi-kira-artisinda-korkutan-tablo\/"},"author":{"name":"","@id":""},"headline":"Antalya\u2019da kirac\u0131lar yand\u0131! Kira art\u0131\u015f\u0131nda korkutan tablo","datePublished":"2024-12-18T07:42:09+00:00","mainEntityOfPage":{"@id":"https:\/\/denizcankizil.tr\/de\/haberler\/gundem\/antalyada-kiracilar-yandi-kira-artisinda-korkutan-tablo\/"},"wordCount":448,"commentCount":0,"publisher":{"@id":"https:\/\/denizcankizil.tr\/de\/#organization"},"articleSection":["G\u00fcndem","Uncategorized"],"inLanguage":"ru-RU","potentialAction":[{"@type":"CommentAction","name":"Comment","target":["https:\/\/denizcankizil.tr\/de\/haberler\/gundem\/antalyada-kiracilar-yandi-kira-artisinda-korkutan-tablo\/#respond"]}]},{"@type":"WebPage","@id":"https:\/\/denizcankizil.tr\/de\/haberler\/gundem\/antalyada-kiracilar-yandi-kira-artisinda-korkutan-tablo\/","url":"https:\/\/denizcankizil.tr\/de\/haberler\/gundem\/antalyada-kiracilar-yandi-kira-artisinda-korkutan-tablo\/","name":"Antalya\u2019da kirac\u0131lar yand\u0131! Kira art\u0131\u015f\u0131nda korkutan tablo - Av. Deniz Can K\u0131z\u0131l","isPartOf":{"@id":"https:\/\/denizcankizil.tr\/de\/#website"},"datePublished":"2024-12-18T07:42:09+00:00","breadcrumb":{"@id":"https:\/\/denizcankizil.tr\/de\/haberler\/gundem\/antalyada-kiracilar-yandi-kira-artisinda-korkutan-tablo\/#breadcrumb"},"inLanguage":"ru-RU","potentialAction":[{"@type":"ReadAction","target":["https:\/\/denizcankizil.tr\/de\/haberler\/gundem\/antalyada-kiracilar-yandi-kira-artisinda-korkutan-tablo\/"]}]},{"@type":"BreadcrumbList","@id":"https:\/\/denizcankizil.tr\/de\/haberler\/gundem\/antalyada-kiracilar-yandi-kira-artisinda-korkutan-tablo\/#breadcrumb","itemListElement":[{"@type":"ListItem","position":1,"name":"Home","item":"https:\/\/denizcankizil.tr\/de\/"},{"@type":"ListItem","position":2,"name":"Antalya\u2019da kirac\u0131lar yand\u0131! Kira art\u0131\u015f\u0131nda korkutan tablo"}]},{"@type":"WebSite","@id":"https:\/\/denizcankizil.tr\/de\/#website","url":"https:\/\/denizcankizil.tr\/de\/","name":"Av. Deniz Can K\u0131z\u0131l","description":"Avukat Deniz Can K\u0131z\u0131l Antalya Barosu","publisher":{"@id":"https:\/\/denizcankizil.tr\/de\/#organization"},"potentialAction":[{"@type":"SearchAction","target":{"@type":"EntryPoint","urlTemplate":"https:\/\/denizcankizil.tr\/de\/?s={search_term_string}"},"query-input":{"@type":"PropertyValueSpecification","valueRequired":true,"valueName":"search_term_string"}}],"inLanguage":"ru-RU"},{"@type":"Organization","@id":"https:\/\/denizcankizil.tr\/de\/#organization","name":"Av. Deniz Can K\u0131z\u0131l","url":"https:\/\/denizcankizil.tr\/de\/","logo":{"@type":"ImageObject","inLanguage":"ru-RU","@id":"https:\/\/denizcankizil.tr\/de\/#\/schema\/logo\/image\/","url":"https:\/\/denizcankizil.tr\/wp-content\/uploads\/2024\/10\/siyah-logo-svg.svg","contentUrl":"https:\/\/denizcankizil.tr\/wp-content\/uploads\/2024\/10\/siyah-logo-svg.svg","width":1080,"height":1080,"caption":"Av. Deniz Can K\u0131z\u0131l"},"image":{"@id":"https:\/\/denizcankizil.tr\/de\/#\/schema\/logo\/image\/"}}]}},"_links":{"self":[{"href":"https:\/\/denizcankizil.tr\/ru\/wp-json\/wp\/v2\/posts\/21207","targetHints":{"allow":["GET"]}}],"collection":[{"href":"https:\/\/denizcankizil.tr\/ru\/wp-json\/wp\/v2\/posts"}],"about":[{"href":"https:\/\/denizcankizil.tr\/ru\/wp-json\/wp\/v2\/types\/post"}],"replies":[{"embeddable":true,"href":"https:\/\/denizcankizil.tr\/ru\/wp-json\/wp\/v2\/comments?post=21207"}],"version-history":[{"count":0,"href":"https:\/\/denizcankizil.tr\/ru\/wp-json\/wp\/v2\/posts\/21207\/revisions"}],"wp:attachment":[{"href":"https:\/\/denizcankizil.tr\/ru\/wp-json\/wp\/v2\/media?parent=21207"}],"wp:term":[{"taxonomy":"category","embeddable":true,"href":"https:\/\/denizcankizil.tr\/ru\/wp-json\/wp\/v2\/categories?post=21207"},{"taxonomy":"post_tag","embeddable":true,"href":"https:\/\/denizcankizil.tr\/ru\/wp-json\/wp\/v2\/tags?post=21207"}],"curies":[{"name":"wp","href":"https:\/\/api.w.org\/{rel}","templated":true}]}}