{"id":21190,"date":"2024-12-18T09:41:23","date_gmt":"2024-12-18T06:41:23","guid":{"rendered":"https:\/\/denizcankizil.tr\/uncategorized-tr\/antalyada-60-yillik-gelenek-sona-erdi-dillere-destan-sahilde-inanilmasi-guc-manzara\/"},"modified":"2024-12-18T09:41:23","modified_gmt":"2024-12-18T06:41:23","slug":"antalyada-60-yillik-gelenek-sona-erdi-dillere-destan-sahilde-inanilmasi-guc-manzara","status":"publish","type":"post","link":"https:\/\/denizcankizil.tr\/ru\/haberler\/gundem\/antalyada-60-yillik-gelenek-sona-erdi-dillere-destan-sahilde-inanilmasi-guc-manzara\/","title":{"rendered":"Antalya\u2019da 60 y\u0131ll\u0131k gelenek sona erdi! Dillere destan sahilde inan\u0131lmas\u0131 g\u00fc\u00e7 manzara!"},"content":{"rendered":"<p>Antalya\u2019n\u0131n Aksu il\u00e7esinde, \u201cbele\u015f tatilin merkezi\u201d olarak bilinen Kumk\u00f6y sahilindeki 60 y\u0131ll\u0131k \u00e7ardak gelene\u011fi, y\u0131k\u0131m karar\u0131n\u0131n ard\u0131ndan sona erdi. Yakla\u015f\u0131k 700 \u00e7arda\u011f\u0131n bulundu\u011fu sahilde, yasad\u0131\u015f\u0131 yap\u0131lar\u0131n tamam\u0131 Aksu Belediyesi ve ilgili birimlerce y\u0131k\u0131ld\u0131. B\u00f6lgede \u00e7ok say\u0131da sahipsiz sokak hayvan\u0131n olmas\u0131 da tepki \u00e7ekti.<\/p>\n<p>YILLARDIR S\u00dcREN \u00c7ARDAK GELENE\u011e\u0130\u00a0<\/p>\n<p>Kumk\u00f6y sahili, 2021 y\u0131l\u0131nda al\u0131nan bir Cumhurba\u015fkan\u0131 karar\u0131 ile nesli t\u00fckenme tehlikesi alt\u0131ndaki deniz kaplumba\u011falar\u0131n\u0131n yuvalanma alan\u0131 ilan edildi. Bu karar, b\u00f6lgenin 1. Derece Do\u011fal Sit Alan\u0131 stat\u00fcs\u00fcyle korunmas\u0131n\u0131 ve insan etkisinin s\u0131n\u0131rland\u0131r\u0131lmas\u0131n\u0131 \u00f6ng\u00f6r\u00fcyordu. Ancak, bu stat\u00fcye ra\u011fmen, sahilde y\u0131llard\u0131r s\u00fcren \u00e7ardak gelene\u011fi devam ediyordu. \u00c7evre, \u015eehircilik ve \u0130klim De\u011fi\u015fikli\u011fi Bakanl\u0131\u011f\u0131, 2022 y\u0131l\u0131nda sahildeki \u00e7ardaklar\u0131n yasad\u0131\u015f\u0131 yap\u0131 kapsam\u0131nda oldu\u011funu belirleyerek y\u0131k\u0131m karar\u0131 ald\u0131.<\/p>\n<p>B\u0130R\u0130 YIKTI, D\u0130\u011eER\u0130 SAVUNDU<\/p>\n<p>Antalya K\u00f6rfez Gazetesi muhabiri Ertu\u011frul G\u00fcn&#8217;\u00fcn haberine g\u00f6re d\u00f6nemin belediye y\u00f6netimi, y\u0131k\u0131m karar\u0131n\u0131 \u00e7e\u015fitli sebeplerle uygulamaya koymad\u0131. Bu s\u00fcre\u00e7te, \u00e7ardak sahipleri hem yerel halktan hem de d\u0131\u015far\u0131dan gelen tatilcilerle, yaz aylar\u0131nda sahilde \u00fccretsiz bir tatil deneyimi sunmaya devam etti. 2024 y\u0131l\u0131nda Aksu Belediyesi\u2019ni devralan CHP\u2019li \u0130sa Y\u0131ld\u0131r\u0131m, ka\u00e7ak \u00e7ardaklar\u0131n y\u0131k\u0131m\u0131n\u0131 ger\u00e7ekle\u015ftirme karar\u0131 ald\u0131 ve \u00e7ardak sahiplerine, sahili bo\u015faltmalar\u0131 i\u00e7in 20 Kas\u0131m\u2019a kadar s\u00fcre verdi.<\/p>\n<p>\u0130LK YIKIM BA\u015eARISIZ<\/p>\n<p>Belirtilen s\u00fcrenin dolmas\u0131n\u0131n ard\u0131ndan, Aksu Belediyesi ekipleri, Antalya \u0130l Emniyet M\u00fcd\u00fcrl\u00fc\u011f\u00fc \u00c7evik Kuvvet ekiplerinin deste\u011fiyle sahilde y\u0131k\u0131m i\u015flemlerine ba\u015flad\u0131. \u0130lk g\u00fcn ger\u00e7ekle\u015ftirilen y\u0131k\u0131mda \u00e7ardak sahiplerinin yo\u011fun direni\u015fi ile kar\u015f\u0131la\u015f\u0131ld\u0131. Yakla\u015f\u0131k 500 \u00e7ardak sahibinin sahile gelerek tepki g\u00f6stermesi nedeniyle ekipler ile \u00e7ardak sahipleri aras\u0131nda uzun s\u00fcre m\u00fczakereler ya\u015fand\u0131. \u0130lk m\u00fcdahalede yaln\u0131zca be\u015f \u00e7ardak y\u0131k\u0131labildi.<\/p>\n<p>\u015eAFAK OPERASYONU<\/p>\n<p>Be\u015f g\u00fcn sonra tekrar harekete ge\u00e7en ekipler, bu kez geni\u015f g\u00fcvenlik \u00f6nlemleri alarak b\u00f6lgeye giri\u015fleri tamamen kapatt\u0131. Yakla\u015f\u0131k 10 kep\u00e7e ve \u00e7ok say\u0131da i\u015f makinesiyle y\u00fcr\u00fct\u00fclen operasyon sonucunda 600\u2019den fazla \u00e7ardak k\u0131sa s\u00fcrede y\u0131k\u0131ld\u0131. \u00c7ardak sahiplerine, y\u0131k\u0131lan yap\u0131lar\u0131n malzemelerini almak i\u00e7in bir hafta s\u00fcre tan\u0131nd\u0131. S\u00fcrenin sonunda geriye kalan malzemeler, belediye ekipleri taraf\u0131ndan temizlenerek sahilden tamamen kald\u0131r\u0131ld\u0131.<\/p>\n<p>GER\u0130YE B\u0130R \u015eEY KALMADI<\/p>\n<p>\u00c7ardaklar\u0131n y\u0131k\u0131lmas\u0131n\u0131n ard\u0131ndan, y\u0131llard\u0131r d\u00fczensiz bir g\u00f6r\u00fcn\u00fcm ve \u00e7evre kirlili\u011fiyle g\u00fcndeme gelen Kumk\u00f6y sahilinde, do\u011fal bir manzara ortaya \u00e7\u0131kt\u0131. Sahil, bal\u0131k tutmak ve ailece vakit ge\u00e7irmek isteyen vatanda\u015flar i\u00e7in yeniden cazip bir alan haline geldi. Y\u0131k\u0131m karar\u0131, halk aras\u0131nda farkl\u0131 tepkilere yol a\u00e7t\u0131. Baz\u0131 vatanda\u015flar, \u00e7ardaklar\u0131n b\u00f6lgenin tarihi ve k\u00fclt\u00fcrel bir gelene\u011fi oldu\u011funu belirterek y\u0131k\u0131ma kar\u015f\u0131 \u00e7\u0131kt\u0131. Baz\u0131 vatanda\u015flar ise sahildeki d\u00fczensiz yap\u0131la\u015fman\u0131n \u00e7evreyi kirletti\u011fini ve b\u00f6lgenin do\u011fal yap\u0131s\u0131n\u0131 tehdit etti\u011fini savundu.<\/p>\n<p>BU HAL\u0130 \u00c7OK G\u00dcZEL<\/p>\n<p>Kumk\u00f6y sahiline 7 y\u0131ld\u0131r geldi\u011fini belirten Cevher \u00c7ak\u0131r, y\u0131k\u0131m\u0131 destekleyenlerden biri oldu. \u00c7ak\u0131r, \u201cEskiden burada d\u00fczensiz bir yap\u0131 vard\u0131. \u00c7ok fazla \u00e7\u00f6p oluyordu, \u00e7evre kirlili\u011fi b\u00fcy\u00fck bir sorundu. \u015eimdi sahil temizlendi, do\u011fal haliyle \u00e7ok daha g\u00fczel g\u00f6r\u00fcn\u00fcyor. E\u011fer yeniden \u00e7ardak yap\u0131m\u0131na izin verilecekse, belediye standart bir tasar\u0131m belirleyip buna uygun yap\u0131lar yap\u0131lmas\u0131n\u0131 sa\u011flamal\u0131. Ama \u015fu anki hali \u00e7ok iyi, bug\u00fcn bal\u0131k tutmaya geldim ve sahilden keyif ald\u0131m\u201d dedi.<\/p>\n<p>\u00c7ARDAK SAH\u0130PLER\u0130 TEPK\u0130L\u0130<\/p>\n<p>Di\u011fer yandan, \u00e7ardak sahiplerinden baz\u0131lar\u0131, y\u0131llard\u0131r s\u00fcre gelen bu gelene\u011fin yok edilmesine tepki g\u00f6sterdi. Sahilde \u00e7ardak bulundurman\u0131n b\u00fcy\u00fck bir sosyal alan olu\u015fturdu\u011funu belirten bir vatanda\u015f, \u201cBiz burada ailemizle y\u0131llard\u0131r tatil yap\u0131yorduk. Otellere param\u0131z yetmedi\u011fi i\u00e7in bu \u00e7ardaklar bizim i\u00e7in bir nefesti. \u015eimdi herkes sahili kullanabiliyor ama eski samimiyet ve gelenek kalmad\u0131\u201d diyerek \u00fcz\u00fcnt\u00fcs\u00fcn\u00fc dile getirdi. Di\u011fer taraftan b\u00f6lgede \u00e7ok say\u0131da sahipsiz sokak hayvan\u0131n olmas\u0131 da tepki \u00e7ekti.\u00a0<\/p>\n<p>\u200bAntalya&#8217;n\u0131n Aksu il\u00e7esinde bulunan ve &#8216;bele\u015f tatilin merkezi&#8217; olarak bilinen \u00e7ardaklar 60 y\u0131l sonra y\u0131k\u0131ld\u0131. \u0130\u015fte Kumk\u00f6y sahilindeki inan\u0131lmas\u0131 g\u00fc\u00e7 manzara&#8230;\u00a0<\/p>\n<p>\u200bHaberin Al\u0131nt\u0131land\u0131\u011f\u0131 Kaynak: www.antalyakorfez.com<\/p>","protected":false},"excerpt":{"rendered":"<p>Antalya\u2019n\u0131n Aksu il\u00e7esinde, \u201cbele\u015f tatilin merkezi\u201d olarak bilinen Kumk\u00f6y sahilindeki 60 y\u0131ll\u0131k \u00e7ardak gelene\u011fi, y\u0131k\u0131m karar\u0131n\u0131n ard\u0131ndan sona erdi. Yakla\u015f\u0131k 700 \u00e7arda\u011f\u0131n bulundu\u011fu sahilde, yasad\u0131\u015f\u0131 yap\u0131lar\u0131n tamam\u0131 Aksu Belediyesi ve ilgili birimlerce y\u0131k\u0131ld\u0131. B\u00f6lgede \u00e7ok say\u0131da sahipsiz sokak hayvan\u0131n olmas\u0131 da tepki \u00e7ekti. YILLARDIR S\u00dcREN \u00c7ARDAK GELENE\u011e\u0130\u00a0 Kumk\u00f6y sahili, 2021 y\u0131l\u0131nda al\u0131nan bir Cumhurba\u015fkan\u0131 karar\u0131 ile nesli t\u00fckenme tehlikesi alt\u0131ndaki deniz kaplumba\u011falar\u0131n\u0131n yuvalanma alan\u0131 ilan edildi. Bu karar, b\u00f6lgenin 1. Derece Do\u011fal Sit Alan\u0131 stat\u00fcs\u00fcyle korunmas\u0131n\u0131 ve insan etkisinin s\u0131n\u0131rland\u0131r\u0131lmas\u0131n\u0131 \u00f6ng\u00f6r\u00fcyordu. Ancak, bu stat\u00fcye ra\u011fmen, sahilde y\u0131llard\u0131r s\u00fcren \u00e7ardak gelene\u011fi devam ediyordu. \u00c7evre, \u015eehircilik ve \u0130klim De\u011fi\u015fikli\u011fi Bakanl\u0131\u011f\u0131, 2022 y\u0131l\u0131nda sahildeki \u00e7ardaklar\u0131n yasad\u0131\u015f\u0131 yap\u0131 kapsam\u0131nda oldu\u011funu belirleyerek y\u0131k\u0131m karar\u0131 ald\u0131. B\u0130R\u0130 YIKTI, D\u0130\u011eER\u0130 SAVUNDU Antalya K\u00f6rfez Gazetesi muhabiri Ertu\u011frul G\u00fcn&#8217;\u00fcn haberine g\u00f6re d\u00f6nemin belediye y\u00f6netimi, y\u0131k\u0131m karar\u0131n\u0131 \u00e7e\u015fitli sebeplerle uygulamaya koymad\u0131. Bu s\u00fcre\u00e7te, \u00e7ardak sahipleri hem yerel halktan hem de d\u0131\u015far\u0131dan gelen tatilcilerle, yaz aylar\u0131nda sahilde \u00fccretsiz bir tatil deneyimi sunmaya devam etti. 2024 y\u0131l\u0131nda Aksu Belediyesi\u2019ni devralan CHP\u2019li \u0130sa Y\u0131ld\u0131r\u0131m, ka\u00e7ak \u00e7ardaklar\u0131n y\u0131k\u0131m\u0131n\u0131 ger\u00e7ekle\u015ftirme karar\u0131 ald\u0131 ve \u00e7ardak sahiplerine, sahili bo\u015faltmalar\u0131 i\u00e7in 20 Kas\u0131m\u2019a kadar s\u00fcre verdi. \u0130LK YIKIM BA\u015eARISIZ Belirtilen s\u00fcrenin dolmas\u0131n\u0131n ard\u0131ndan, Aksu Belediyesi ekipleri, Antalya \u0130l Emniyet M\u00fcd\u00fcrl\u00fc\u011f\u00fc \u00c7evik Kuvvet ekiplerinin deste\u011fiyle sahilde y\u0131k\u0131m i\u015flemlerine ba\u015flad\u0131. &hellip;<\/p>","protected":false},"author":0,"featured_media":0,"comment_status":"open","ping_status":"open","sticky":false,"template":"","format":"standard","meta":{"_acf_changed":false,"footnotes":""},"categories":[24,535],"tags":[],"class_list":["post-21190","post","type-post","status-publish","format-standard","has-post-thumbnail","hentry","category-gundem","category-uncategorized-tr"],"acf":[],"yoast_head":"<!-- This site is optimized with the Yoast SEO Premium plugin v26.6 (Yoast SEO v27.1.1) - https:\/\/yoast.com\/product\/yoast-seo-premium-wordpress\/ -->\n<title>Antalya\u2019da 60 y\u0131ll\u0131k gelenek sona erdi! Dillere destan sahilde inan\u0131lmas\u0131 g\u00fc\u00e7 manzara! - Av. Deniz Can K\u0131z\u0131l<\/title>\n<meta name=\"robots\" content=\"index, follow, max-snippet:-1, max-image-preview:large, max-video-preview:-1\" \/>\n<link rel=\"canonical\" href=\"https:\/\/denizcankizil.tr\/ru\/haberler\/gundem\/antalyada-60-yillik-gelenek-sona-erdi-dillere-destan-sahilde-inanilmasi-guc-manzara\/\" \/>\n<meta property=\"og:locale\" content=\"ru_RU\" \/>\n<meta property=\"og:type\" content=\"article\" \/>\n<meta property=\"og:title\" content=\"Antalya\u2019da 60 y\u0131ll\u0131k gelenek sona erdi! Dillere destan sahilde inan\u0131lmas\u0131 g\u00fc\u00e7 manzara!\" \/>\n<meta property=\"og:description\" content=\"Antalya\u2019n\u0131n Aksu il\u00e7esinde, \u201cbele\u015f tatilin merkezi\u201d olarak bilinen Kumk\u00f6y sahilindeki 60 y\u0131ll\u0131k \u00e7ardak gelene\u011fi, y\u0131k\u0131m karar\u0131n\u0131n ard\u0131ndan sona erdi. Yakla\u015f\u0131k 700 \u00e7arda\u011f\u0131n bulundu\u011fu sahilde, yasad\u0131\u015f\u0131 yap\u0131lar\u0131n tamam\u0131 Aksu Belediyesi ve ilgili birimlerce y\u0131k\u0131ld\u0131. B\u00f6lgede \u00e7ok say\u0131da sahipsiz sokak hayvan\u0131n olmas\u0131 da tepki \u00e7ekti. YILLARDIR S\u00dcREN \u00c7ARDAK GELENE\u011e\u0130\u00a0 Kumk\u00f6y sahili, 2021 y\u0131l\u0131nda al\u0131nan bir Cumhurba\u015fkan\u0131 karar\u0131 ile nesli t\u00fckenme tehlikesi alt\u0131ndaki deniz kaplumba\u011falar\u0131n\u0131n yuvalanma alan\u0131 ilan edildi. Bu karar, b\u00f6lgenin 1. Derece Do\u011fal Sit Alan\u0131 stat\u00fcs\u00fcyle korunmas\u0131n\u0131 ve insan etkisinin s\u0131n\u0131rland\u0131r\u0131lmas\u0131n\u0131 \u00f6ng\u00f6r\u00fcyordu. Ancak, bu stat\u00fcye ra\u011fmen, sahilde y\u0131llard\u0131r s\u00fcren \u00e7ardak gelene\u011fi devam ediyordu. \u00c7evre, \u015eehircilik ve \u0130klim De\u011fi\u015fikli\u011fi Bakanl\u0131\u011f\u0131, 2022 y\u0131l\u0131nda sahildeki \u00e7ardaklar\u0131n yasad\u0131\u015f\u0131 yap\u0131 kapsam\u0131nda oldu\u011funu belirleyerek y\u0131k\u0131m karar\u0131 ald\u0131. B\u0130R\u0130 YIKTI, D\u0130\u011eER\u0130 SAVUNDU Antalya K\u00f6rfez Gazetesi muhabiri Ertu\u011frul G\u00fcn&#8217;\u00fcn haberine g\u00f6re d\u00f6nemin belediye y\u00f6netimi, y\u0131k\u0131m karar\u0131n\u0131 \u00e7e\u015fitli sebeplerle uygulamaya koymad\u0131. Bu s\u00fcre\u00e7te, \u00e7ardak sahipleri hem yerel halktan hem de d\u0131\u015far\u0131dan gelen tatilcilerle, yaz aylar\u0131nda sahilde \u00fccretsiz bir tatil deneyimi sunmaya devam etti. 2024 y\u0131l\u0131nda Aksu Belediyesi\u2019ni devralan CHP\u2019li \u0130sa Y\u0131ld\u0131r\u0131m, ka\u00e7ak \u00e7ardaklar\u0131n y\u0131k\u0131m\u0131n\u0131 ger\u00e7ekle\u015ftirme karar\u0131 ald\u0131 ve \u00e7ardak sahiplerine, sahili bo\u015faltmalar\u0131 i\u00e7in 20 Kas\u0131m\u2019a kadar s\u00fcre verdi. \u0130LK YIKIM BA\u015eARISIZ Belirtilen s\u00fcrenin dolmas\u0131n\u0131n ard\u0131ndan, Aksu Belediyesi ekipleri, Antalya \u0130l Emniyet M\u00fcd\u00fcrl\u00fc\u011f\u00fc \u00c7evik Kuvvet ekiplerinin deste\u011fiyle sahilde y\u0131k\u0131m i\u015flemlerine ba\u015flad\u0131. &hellip;\" \/>\n<meta property=\"og:url\" content=\"https:\/\/denizcankizil.tr\/ru\/haberler\/gundem\/antalyada-60-yillik-gelenek-sona-erdi-dillere-destan-sahilde-inanilmasi-guc-manzara\/\" \/>\n<meta property=\"og:site_name\" content=\"Av. Deniz Can K\u0131z\u0131l\" \/>\n<meta property=\"article:published_time\" content=\"2024-12-18T06:41:23+00:00\" \/>\n<meta name=\"twitter:card\" content=\"summary_large_image\" \/>\n<meta name=\"twitter:label1\" content=\"\u041f\u0440\u0438\u043c\u0435\u0440\u043d\u043e\u0435 \u0432\u0440\u0435\u043c\u044f \u0434\u043b\u044f \u0447\u0442\u0435\u043d\u0438\u044f\" \/>\n\t<meta name=\"twitter:data1\" content=\"4 \u043c\u0438\u043d\u0443\u0442\u044b\" \/>\n<script type=\"application\/ld+json\" class=\"yoast-schema-graph\">{\"@context\":\"https:\/\/schema.org\",\"@graph\":[{\"@type\":\"Article\",\"@id\":\"https:\/\/denizcankizil.tr\/ru\/haberler\/gundem\/antalyada-60-yillik-gelenek-sona-erdi-dillere-destan-sahilde-inanilmasi-guc-manzara\/#article\",\"isPartOf\":{\"@id\":\"https:\/\/denizcankizil.tr\/ru\/haberler\/gundem\/antalyada-60-yillik-gelenek-sona-erdi-dillere-destan-sahilde-inanilmasi-guc-manzara\/\"},\"author\":{\"name\":\"\",\"@id\":\"\"},\"headline\":\"Antalya\u2019da 60 y\u0131ll\u0131k gelenek sona erdi! Dillere destan sahilde inan\u0131lmas\u0131 g\u00fc\u00e7 manzara!\",\"datePublished\":\"2024-12-18T06:41:23+00:00\",\"mainEntityOfPage\":{\"@id\":\"https:\/\/denizcankizil.tr\/ru\/haberler\/gundem\/antalyada-60-yillik-gelenek-sona-erdi-dillere-destan-sahilde-inanilmasi-guc-manzara\/\"},\"wordCount\":810,\"commentCount\":0,\"publisher\":{\"@id\":\"https:\/\/denizcankizil.tr\/#organization\"},\"articleSection\":[\"G\u00fcndem\",\"Uncategorized\"],\"inLanguage\":\"ru-RU\",\"potentialAction\":[{\"@type\":\"CommentAction\",\"name\":\"Comment\",\"target\":[\"https:\/\/denizcankizil.tr\/ru\/haberler\/gundem\/antalyada-60-yillik-gelenek-sona-erdi-dillere-destan-sahilde-inanilmasi-guc-manzara\/#respond\"]}]},{\"@type\":\"WebPage\",\"@id\":\"https:\/\/denizcankizil.tr\/ru\/haberler\/gundem\/antalyada-60-yillik-gelenek-sona-erdi-dillere-destan-sahilde-inanilmasi-guc-manzara\/\",\"url\":\"https:\/\/denizcankizil.tr\/ru\/haberler\/gundem\/antalyada-60-yillik-gelenek-sona-erdi-dillere-destan-sahilde-inanilmasi-guc-manzara\/\",\"name\":\"Antalya\u2019da 60 y\u0131ll\u0131k gelenek sona erdi! Dillere destan sahilde inan\u0131lmas\u0131 g\u00fc\u00e7 manzara! - Av. Deniz Can K\u0131z\u0131l\",\"isPartOf\":{\"@id\":\"https:\/\/denizcankizil.tr\/#website\"},\"datePublished\":\"2024-12-18T06:41:23+00:00\",\"breadcrumb\":{\"@id\":\"https:\/\/denizcankizil.tr\/ru\/haberler\/gundem\/antalyada-60-yillik-gelenek-sona-erdi-dillere-destan-sahilde-inanilmasi-guc-manzara\/#breadcrumb\"},\"inLanguage\":\"ru-RU\",\"potentialAction\":[{\"@type\":\"ReadAction\",\"target\":[\"https:\/\/denizcankizil.tr\/ru\/haberler\/gundem\/antalyada-60-yillik-gelenek-sona-erdi-dillere-destan-sahilde-inanilmasi-guc-manzara\/\"]}]},{\"@type\":\"BreadcrumbList\",\"@id\":\"https:\/\/denizcankizil.tr\/ru\/haberler\/gundem\/antalyada-60-yillik-gelenek-sona-erdi-dillere-destan-sahilde-inanilmasi-guc-manzara\/#breadcrumb\",\"itemListElement\":[{\"@type\":\"ListItem\",\"position\":1,\"name\":\"Home\",\"item\":\"https:\/\/denizcankizil.tr\/uk\/\"},{\"@type\":\"ListItem\",\"position\":2,\"name\":\"Antalya\u2019da 60 y\u0131ll\u0131k gelenek sona erdi! Dillere destan sahilde inan\u0131lmas\u0131 g\u00fc\u00e7 manzara!\"}]},{\"@type\":\"WebSite\",\"@id\":\"https:\/\/denizcankizil.tr\/#website\",\"url\":\"https:\/\/denizcankizil.tr\/\",\"name\":\"Av. Deniz Can K\u0131z\u0131l\",\"description\":\"Avukat Deniz Can K\u0131z\u0131l Antalya Barosu\",\"publisher\":{\"@id\":\"https:\/\/denizcankizil.tr\/#organization\"},\"potentialAction\":[{\"@type\":\"SearchAction\",\"target\":{\"@type\":\"EntryPoint\",\"urlTemplate\":\"https:\/\/denizcankizil.tr\/?s={search_term_string}\"},\"query-input\":{\"@type\":\"PropertyValueSpecification\",\"valueRequired\":true,\"valueName\":\"search_term_string\"}}],\"inLanguage\":\"ru-RU\"},{\"@type\":\"Organization\",\"@id\":\"https:\/\/denizcankizil.tr\/#organization\",\"name\":\"Av. Deniz Can K\u0131z\u0131l\",\"url\":\"https:\/\/denizcankizil.tr\/\",\"logo\":{\"@type\":\"ImageObject\",\"inLanguage\":\"ru-RU\",\"@id\":\"https:\/\/denizcankizil.tr\/#\/schema\/logo\/image\/\",\"url\":\"https:\/\/denizcankizil.tr\/wp-content\/uploads\/2024\/10\/siyah-logo-svg.svg\",\"contentUrl\":\"https:\/\/denizcankizil.tr\/wp-content\/uploads\/2024\/10\/siyah-logo-svg.svg\",\"width\":1080,\"height\":1080,\"caption\":\"Av. Deniz Can K\u0131z\u0131l\"},\"image\":{\"@id\":\"https:\/\/denizcankizil.tr\/#\/schema\/logo\/image\/\"}}]}<\/script>\n<!-- \/ Yoast SEO Premium plugin. -->","yoast_head_json":{"title":"Antalya\u2019da 60 y\u0131ll\u0131k gelenek sona erdi! Dillere destan sahilde inan\u0131lmas\u0131 g\u00fc\u00e7 manzara! - Av. Deniz Can K\u0131z\u0131l","robots":{"index":"index","follow":"follow","max-snippet":"max-snippet:-1","max-image-preview":"max-image-preview:large","max-video-preview":"max-video-preview:-1"},"canonical":"https:\/\/denizcankizil.tr\/ru\/haberler\/gundem\/antalyada-60-yillik-gelenek-sona-erdi-dillere-destan-sahilde-inanilmasi-guc-manzara\/","og_locale":"ru_RU","og_type":"article","og_title":"Antalya\u2019da 60 y\u0131ll\u0131k gelenek sona erdi! Dillere destan sahilde inan\u0131lmas\u0131 g\u00fc\u00e7 manzara!","og_description":"Antalya\u2019n\u0131n Aksu il\u00e7esinde, \u201cbele\u015f tatilin merkezi\u201d olarak bilinen Kumk\u00f6y sahilindeki 60 y\u0131ll\u0131k \u00e7ardak gelene\u011fi, y\u0131k\u0131m karar\u0131n\u0131n ard\u0131ndan sona erdi. Yakla\u015f\u0131k 700 \u00e7arda\u011f\u0131n bulundu\u011fu sahilde, yasad\u0131\u015f\u0131 yap\u0131lar\u0131n tamam\u0131 Aksu Belediyesi ve ilgili birimlerce y\u0131k\u0131ld\u0131. B\u00f6lgede \u00e7ok say\u0131da sahipsiz sokak hayvan\u0131n olmas\u0131 da tepki \u00e7ekti. YILLARDIR S\u00dcREN \u00c7ARDAK GELENE\u011e\u0130\u00a0 Kumk\u00f6y sahili, 2021 y\u0131l\u0131nda al\u0131nan bir Cumhurba\u015fkan\u0131 karar\u0131 ile nesli t\u00fckenme tehlikesi alt\u0131ndaki deniz kaplumba\u011falar\u0131n\u0131n yuvalanma alan\u0131 ilan edildi. Bu karar, b\u00f6lgenin 1. Derece Do\u011fal Sit Alan\u0131 stat\u00fcs\u00fcyle korunmas\u0131n\u0131 ve insan etkisinin s\u0131n\u0131rland\u0131r\u0131lmas\u0131n\u0131 \u00f6ng\u00f6r\u00fcyordu. Ancak, bu stat\u00fcye ra\u011fmen, sahilde y\u0131llard\u0131r s\u00fcren \u00e7ardak gelene\u011fi devam ediyordu. \u00c7evre, \u015eehircilik ve \u0130klim De\u011fi\u015fikli\u011fi Bakanl\u0131\u011f\u0131, 2022 y\u0131l\u0131nda sahildeki \u00e7ardaklar\u0131n yasad\u0131\u015f\u0131 yap\u0131 kapsam\u0131nda oldu\u011funu belirleyerek y\u0131k\u0131m karar\u0131 ald\u0131. B\u0130R\u0130 YIKTI, D\u0130\u011eER\u0130 SAVUNDU Antalya K\u00f6rfez Gazetesi muhabiri Ertu\u011frul G\u00fcn&#8217;\u00fcn haberine g\u00f6re d\u00f6nemin belediye y\u00f6netimi, y\u0131k\u0131m karar\u0131n\u0131 \u00e7e\u015fitli sebeplerle uygulamaya koymad\u0131. Bu s\u00fcre\u00e7te, \u00e7ardak sahipleri hem yerel halktan hem de d\u0131\u015far\u0131dan gelen tatilcilerle, yaz aylar\u0131nda sahilde \u00fccretsiz bir tatil deneyimi sunmaya devam etti. 2024 y\u0131l\u0131nda Aksu Belediyesi\u2019ni devralan CHP\u2019li \u0130sa Y\u0131ld\u0131r\u0131m, ka\u00e7ak \u00e7ardaklar\u0131n y\u0131k\u0131m\u0131n\u0131 ger\u00e7ekle\u015ftirme karar\u0131 ald\u0131 ve \u00e7ardak sahiplerine, sahili bo\u015faltmalar\u0131 i\u00e7in 20 Kas\u0131m\u2019a kadar s\u00fcre verdi. \u0130LK YIKIM BA\u015eARISIZ Belirtilen s\u00fcrenin dolmas\u0131n\u0131n ard\u0131ndan, Aksu Belediyesi ekipleri, Antalya \u0130l Emniyet M\u00fcd\u00fcrl\u00fc\u011f\u00fc \u00c7evik Kuvvet ekiplerinin deste\u011fiyle sahilde y\u0131k\u0131m i\u015flemlerine ba\u015flad\u0131. &hellip;","og_url":"https:\/\/denizcankizil.tr\/ru\/haberler\/gundem\/antalyada-60-yillik-gelenek-sona-erdi-dillere-destan-sahilde-inanilmasi-guc-manzara\/","og_site_name":"Av. Deniz Can K\u0131z\u0131l","article_published_time":"2024-12-18T06:41:23+00:00","twitter_card":"summary_large_image","twitter_misc":{"\u041f\u0440\u0438\u043c\u0435\u0440\u043d\u043e\u0435 \u0432\u0440\u0435\u043c\u044f \u0434\u043b\u044f \u0447\u0442\u0435\u043d\u0438\u044f":"4 \u043c\u0438\u043d\u0443\u0442\u044b"},"schema":{"@context":"https:\/\/schema.org","@graph":[{"@type":"Article","@id":"https:\/\/denizcankizil.tr\/ru\/haberler\/gundem\/antalyada-60-yillik-gelenek-sona-erdi-dillere-destan-sahilde-inanilmasi-guc-manzara\/#article","isPartOf":{"@id":"https:\/\/denizcankizil.tr\/ru\/haberler\/gundem\/antalyada-60-yillik-gelenek-sona-erdi-dillere-destan-sahilde-inanilmasi-guc-manzara\/"},"author":{"name":"","@id":""},"headline":"Antalya\u2019da 60 y\u0131ll\u0131k gelenek sona erdi! Dillere destan sahilde inan\u0131lmas\u0131 g\u00fc\u00e7 manzara!","datePublished":"2024-12-18T06:41:23+00:00","mainEntityOfPage":{"@id":"https:\/\/denizcankizil.tr\/ru\/haberler\/gundem\/antalyada-60-yillik-gelenek-sona-erdi-dillere-destan-sahilde-inanilmasi-guc-manzara\/"},"wordCount":810,"commentCount":0,"publisher":{"@id":"https:\/\/denizcankizil.tr\/#organization"},"articleSection":["G\u00fcndem","Uncategorized"],"inLanguage":"ru-RU","potentialAction":[{"@type":"CommentAction","name":"Comment","target":["https:\/\/denizcankizil.tr\/ru\/haberler\/gundem\/antalyada-60-yillik-gelenek-sona-erdi-dillere-destan-sahilde-inanilmasi-guc-manzara\/#respond"]}]},{"@type":"WebPage","@id":"https:\/\/denizcankizil.tr\/ru\/haberler\/gundem\/antalyada-60-yillik-gelenek-sona-erdi-dillere-destan-sahilde-inanilmasi-guc-manzara\/","url":"https:\/\/denizcankizil.tr\/ru\/haberler\/gundem\/antalyada-60-yillik-gelenek-sona-erdi-dillere-destan-sahilde-inanilmasi-guc-manzara\/","name":"Antalya\u2019da 60 y\u0131ll\u0131k gelenek sona erdi! Dillere destan sahilde inan\u0131lmas\u0131 g\u00fc\u00e7 manzara! - Av. Deniz Can K\u0131z\u0131l","isPartOf":{"@id":"https:\/\/denizcankizil.tr\/#website"},"datePublished":"2024-12-18T06:41:23+00:00","breadcrumb":{"@id":"https:\/\/denizcankizil.tr\/ru\/haberler\/gundem\/antalyada-60-yillik-gelenek-sona-erdi-dillere-destan-sahilde-inanilmasi-guc-manzara\/#breadcrumb"},"inLanguage":"ru-RU","potentialAction":[{"@type":"ReadAction","target":["https:\/\/denizcankizil.tr\/ru\/haberler\/gundem\/antalyada-60-yillik-gelenek-sona-erdi-dillere-destan-sahilde-inanilmasi-guc-manzara\/"]}]},{"@type":"BreadcrumbList","@id":"https:\/\/denizcankizil.tr\/ru\/haberler\/gundem\/antalyada-60-yillik-gelenek-sona-erdi-dillere-destan-sahilde-inanilmasi-guc-manzara\/#breadcrumb","itemListElement":[{"@type":"ListItem","position":1,"name":"Home","item":"https:\/\/denizcankizil.tr\/uk\/"},{"@type":"ListItem","position":2,"name":"Antalya\u2019da 60 y\u0131ll\u0131k gelenek sona erdi! Dillere destan sahilde inan\u0131lmas\u0131 g\u00fc\u00e7 manzara!"}]},{"@type":"WebSite","@id":"https:\/\/denizcankizil.tr\/#website","url":"https:\/\/denizcankizil.tr\/","name":"Av. Deniz Can K\u0131z\u0131l","description":"Avukat Deniz Can K\u0131z\u0131l Antalya Barosu","publisher":{"@id":"https:\/\/denizcankizil.tr\/#organization"},"potentialAction":[{"@type":"SearchAction","target":{"@type":"EntryPoint","urlTemplate":"https:\/\/denizcankizil.tr\/?s={search_term_string}"},"query-input":{"@type":"PropertyValueSpecification","valueRequired":true,"valueName":"search_term_string"}}],"inLanguage":"ru-RU"},{"@type":"Organization","@id":"https:\/\/denizcankizil.tr\/#organization","name":"Av. Deniz Can K\u0131z\u0131l","url":"https:\/\/denizcankizil.tr\/","logo":{"@type":"ImageObject","inLanguage":"ru-RU","@id":"https:\/\/denizcankizil.tr\/#\/schema\/logo\/image\/","url":"https:\/\/denizcankizil.tr\/wp-content\/uploads\/2024\/10\/siyah-logo-svg.svg","contentUrl":"https:\/\/denizcankizil.tr\/wp-content\/uploads\/2024\/10\/siyah-logo-svg.svg","width":1080,"height":1080,"caption":"Av. Deniz Can K\u0131z\u0131l"},"image":{"@id":"https:\/\/denizcankizil.tr\/#\/schema\/logo\/image\/"}}]}},"_links":{"self":[{"href":"https:\/\/denizcankizil.tr\/ru\/wp-json\/wp\/v2\/posts\/21190","targetHints":{"allow":["GET"]}}],"collection":[{"href":"https:\/\/denizcankizil.tr\/ru\/wp-json\/wp\/v2\/posts"}],"about":[{"href":"https:\/\/denizcankizil.tr\/ru\/wp-json\/wp\/v2\/types\/post"}],"replies":[{"embeddable":true,"href":"https:\/\/denizcankizil.tr\/ru\/wp-json\/wp\/v2\/comments?post=21190"}],"version-history":[{"count":0,"href":"https:\/\/denizcankizil.tr\/ru\/wp-json\/wp\/v2\/posts\/21190\/revisions"}],"wp:attachment":[{"href":"https:\/\/denizcankizil.tr\/ru\/wp-json\/wp\/v2\/media?parent=21190"}],"wp:term":[{"taxonomy":"category","embeddable":true,"href":"https:\/\/denizcankizil.tr\/ru\/wp-json\/wp\/v2\/categories?post=21190"},{"taxonomy":"post_tag","embeddable":true,"href":"https:\/\/denizcankizil.tr\/ru\/wp-json\/wp\/v2\/tags?post=21190"}],"curies":[{"name":"wp","href":"https:\/\/api.w.org\/{rel}","templated":true}]}}