{"id":20876,"date":"2024-12-15T21:41:33","date_gmt":"2024-12-15T18:41:33","guid":{"rendered":"https:\/\/denizcankizil.tr\/uncategorized-tr\/chpli-belediye-baskanindan-kucuk-cocuga-garip-soru-baban-rusvet-yer-mi\/"},"modified":"2024-12-15T21:41:33","modified_gmt":"2024-12-15T18:41:33","slug":"chpli-belediye-baskanindan-kucuk-cocuga-garip-soru-baban-rusvet-yer-mi","status":"publish","type":"post","link":"https:\/\/denizcankizil.tr\/ru\/haberler\/gundem\/chpli-belediye-baskanindan-kucuk-cocuga-garip-soru-baban-rusvet-yer-mi\/","title":{"rendered":"CHP\u2019li belediye ba\u015fkan\u0131ndan k\u00fc\u00e7\u00fck \u00e7ocu\u011fa garip soru: \u201cBaban r\u00fc\u015fvet yer mi?\u201d"},"content":{"rendered":"<p>CHP Ankara&#8217;da Ke\u00e7i\u00f6ren Belediye Ba\u015fkan\u0131 Mesut \u00d6zarslan ile k\u00fc\u00e7\u00fck \u00e7ocuk aras\u0131ndaki diyalog sosyal medyan\u0131n g\u00fcndemine oturdu. Babas\u0131yla birlikte \u00d6zarslan&#8217;\u0131n yan\u0131na gelen k\u00fc\u00e7\u00fck \u00e7ocuk belediye ba\u015fkan\u0131ndan \u201cbabas\u0131n\u0131n zab\u0131ta yap\u0131lmas\u0131n\u0131\u201d rica etti.<\/p>\n<p>BABAN R\u00dc\u015eVET YER M\u0130?<\/p>\n<p>Bu soru \u00fczerine Ba\u015fkan \u00d6zarslan k\u00fc\u00e7\u00fck \u00e7ocu\u011fa, &#8220;Senin baban r\u00fc\u015fvet yer mi? H\u0131rs\u0131zl\u0131k yapar m\u0131?&#8221; sorusunu y\u00f6neltti. K\u00fc\u00e7\u00fck \u00e7ocuk ise, babas\u0131n\u0131n arkas\u0131nda durarak &#8220;Yapmaz&#8221; yan\u0131t\u0131n\u0131 verdi.\u00a0<\/p>\n<p>SOSYAL MEDYADA G\u00dcNDEM OLDU<\/p>\n<p>Bu cevaptan sonra \u00d6zarslan, \u201cO zaman senin hat\u0131r\u0131na tamamd\u0131r bu i\u015f&#8221; diyen \u00d6zarslan, baban\u0131n zab\u0131ta yap\u0131laca\u011f\u0131n\u0131 s\u00f6yledi. Sosyal medyaya d\u00fc\u015fen bu video bir anda g\u00fcndem oldu ve tepkilerde gelmeye ba\u015flad\u0131.\u00a0<br \/>\n\u00a0<\/p>\n<p>\u200bCHP Ankara&#8217;da Ke\u00e7i\u00f6ren Belediye Ba\u015fkan\u0131 Mesut \u00d6zarslan, babas\u0131n\u0131n zab\u0131ta yap\u0131lmas\u0131n\u0131 isteyen k\u00fc\u00e7\u00fck bir \u00e7ocu\u011fa, \u201cSenin baban r\u00fc\u015fvet yer mi? H\u0131rs\u0131zl\u0131k yapar m\u0131?&#8221; sorusunu y\u00f6neltti\u00a0<\/p>\n<p>\u200bHaberin Al\u0131nt\u0131land\u0131\u011f\u0131 Kaynak: www.antalyakorfez.com<\/p>","protected":false},"excerpt":{"rendered":"<p>CHP Ankara&#8217;da Ke\u00e7i\u00f6ren Belediye Ba\u015fkan\u0131 Mesut \u00d6zarslan ile k\u00fc\u00e7\u00fck \u00e7ocuk aras\u0131ndaki diyalog sosyal medyan\u0131n g\u00fcndemine oturdu. Babas\u0131yla birlikte \u00d6zarslan&#8217;\u0131n yan\u0131na gelen k\u00fc\u00e7\u00fck \u00e7ocuk belediye ba\u015fkan\u0131ndan \u201cbabas\u0131n\u0131n zab\u0131ta yap\u0131lmas\u0131n\u0131\u201d rica etti. BABAN R\u00dc\u015eVET YER M\u0130? Bu soru \u00fczerine Ba\u015fkan \u00d6zarslan k\u00fc\u00e7\u00fck \u00e7ocu\u011fa, &#8220;Senin baban r\u00fc\u015fvet yer mi? H\u0131rs\u0131zl\u0131k yapar m\u0131?&#8221; sorusunu y\u00f6neltti. K\u00fc\u00e7\u00fck \u00e7ocuk ise, babas\u0131n\u0131n arkas\u0131nda durarak &#8220;Yapmaz&#8221; yan\u0131t\u0131n\u0131 verdi.\u00a0 SOSYAL MEDYADA G\u00dcNDEM OLDU Bu cevaptan sonra \u00d6zarslan, \u201cO zaman senin hat\u0131r\u0131na tamamd\u0131r bu i\u015f&#8221; diyen \u00d6zarslan, baban\u0131n zab\u0131ta yap\u0131laca\u011f\u0131n\u0131 s\u00f6yledi. Sosyal medyaya d\u00fc\u015fen bu video bir anda g\u00fcndem oldu ve tepkilerde gelmeye ba\u015flad\u0131.\u00a0 \u00a0 \u200bCHP Ankara&#8217;da Ke\u00e7i\u00f6ren Belediye Ba\u015fkan\u0131 Mesut \u00d6zarslan, babas\u0131n\u0131n zab\u0131ta yap\u0131lmas\u0131n\u0131 isteyen k\u00fc\u00e7\u00fck bir \u00e7ocu\u011fa, \u201cSenin baban r\u00fc\u015fvet yer mi? H\u0131rs\u0131zl\u0131k yapar m\u0131?&#8221; sorusunu y\u00f6neltti\u00a0 \u200bHaberin Al\u0131nt\u0131land\u0131\u011f\u0131 Kaynak: www.antalyakorfez.com<\/p>","protected":false},"author":0,"featured_media":0,"comment_status":"open","ping_status":"open","sticky":false,"template":"","format":"standard","meta":{"_acf_changed":false,"footnotes":""},"categories":[24,535],"tags":[],"class_list":["post-20876","post","type-post","status-publish","format-standard","has-post-thumbnail","hentry","category-gundem","category-uncategorized-tr"],"acf":[],"yoast_head":"<!-- This site is optimized with the Yoast SEO Premium plugin v26.6 (Yoast SEO v27.1.1) - https:\/\/yoast.com\/product\/yoast-seo-premium-wordpress\/ -->\n<title>CHP\u2019li belediye ba\u015fkan\u0131ndan k\u00fc\u00e7\u00fck \u00e7ocu\u011fa garip soru: \u201cBaban r\u00fc\u015fvet yer mi?\u201d - Av. Deniz Can K\u0131z\u0131l<\/title>\n<meta name=\"robots\" content=\"index, follow, max-snippet:-1, max-image-preview:large, max-video-preview:-1\" \/>\n<link rel=\"canonical\" href=\"http:\/\/denizcankizil.tr\/ru\/haberler\/gundem\/chpli-belediye-baskanindan-kucuk-cocuga-garip-soru-baban-rusvet-yer-mi\/\" \/>\n<meta property=\"og:locale\" content=\"ru_RU\" \/>\n<meta property=\"og:type\" content=\"article\" \/>\n<meta property=\"og:title\" content=\"CHP\u2019li belediye ba\u015fkan\u0131ndan k\u00fc\u00e7\u00fck \u00e7ocu\u011fa garip soru: \u201cBaban r\u00fc\u015fvet yer mi?\u201d\" \/>\n<meta property=\"og:description\" content=\"CHP Ankara&#8217;da Ke\u00e7i\u00f6ren Belediye Ba\u015fkan\u0131 Mesut \u00d6zarslan ile k\u00fc\u00e7\u00fck \u00e7ocuk aras\u0131ndaki diyalog sosyal medyan\u0131n g\u00fcndemine oturdu. Babas\u0131yla birlikte \u00d6zarslan&#8217;\u0131n yan\u0131na gelen k\u00fc\u00e7\u00fck \u00e7ocuk belediye ba\u015fkan\u0131ndan \u201cbabas\u0131n\u0131n zab\u0131ta yap\u0131lmas\u0131n\u0131\u201d rica etti. BABAN R\u00dc\u015eVET YER M\u0130? Bu soru \u00fczerine Ba\u015fkan \u00d6zarslan k\u00fc\u00e7\u00fck \u00e7ocu\u011fa, &#8220;Senin baban r\u00fc\u015fvet yer mi? H\u0131rs\u0131zl\u0131k yapar m\u0131?&#8221; sorusunu y\u00f6neltti. K\u00fc\u00e7\u00fck \u00e7ocuk ise, babas\u0131n\u0131n arkas\u0131nda durarak &#8220;Yapmaz&#8221; yan\u0131t\u0131n\u0131 verdi.\u00a0 SOSYAL MEDYADA G\u00dcNDEM OLDU Bu cevaptan sonra \u00d6zarslan, \u201cO zaman senin hat\u0131r\u0131na tamamd\u0131r bu i\u015f&#8221; diyen \u00d6zarslan, baban\u0131n zab\u0131ta yap\u0131laca\u011f\u0131n\u0131 s\u00f6yledi. Sosyal medyaya d\u00fc\u015fen bu video bir anda g\u00fcndem oldu ve tepkilerde gelmeye ba\u015flad\u0131.\u00a0 \u00a0 \u200bCHP Ankara&#8217;da Ke\u00e7i\u00f6ren Belediye Ba\u015fkan\u0131 Mesut \u00d6zarslan, babas\u0131n\u0131n zab\u0131ta yap\u0131lmas\u0131n\u0131 isteyen k\u00fc\u00e7\u00fck bir \u00e7ocu\u011fa, \u201cSenin baban r\u00fc\u015fvet yer mi? H\u0131rs\u0131zl\u0131k yapar m\u0131?&#8221; sorusunu y\u00f6neltti\u00a0 \u200bHaberin Al\u0131nt\u0131land\u0131\u011f\u0131 Kaynak: www.antalyakorfez.com\" \/>\n<meta property=\"og:url\" content=\"http:\/\/denizcankizil.tr\/ru\/haberler\/gundem\/chpli-belediye-baskanindan-kucuk-cocuga-garip-soru-baban-rusvet-yer-mi\/\" \/>\n<meta property=\"og:site_name\" content=\"Av. Deniz Can K\u0131z\u0131l\" \/>\n<meta property=\"article:published_time\" content=\"2024-12-15T18:41:33+00:00\" \/>\n<meta name=\"twitter:card\" content=\"summary_large_image\" \/>\n<meta name=\"twitter:label1\" content=\"\u041f\u0440\u0438\u043c\u0435\u0440\u043d\u043e\u0435 \u0432\u0440\u0435\u043c\u044f \u0434\u043b\u044f \u0447\u0442\u0435\u043d\u0438\u044f\" \/>\n\t<meta name=\"twitter:data1\" content=\"1 \u043c\u0438\u043d\u0443\u0442\u0430\" \/>\n<script type=\"application\/ld+json\" class=\"yoast-schema-graph\">{\"@context\":\"https:\/\/schema.org\",\"@graph\":[{\"@type\":\"Article\",\"@id\":\"http:\/\/denizcankizil.tr\/haberler\/gundem\/chpli-belediye-baskanindan-kucuk-cocuga-garip-soru-baban-rusvet-yer-mi\/#article\",\"isPartOf\":{\"@id\":\"http:\/\/denizcankizil.tr\/haberler\/gundem\/chpli-belediye-baskanindan-kucuk-cocuga-garip-soru-baban-rusvet-yer-mi\/\"},\"author\":{\"name\":\"\",\"@id\":\"\"},\"headline\":\"CHP\u2019li belediye ba\u015fkan\u0131ndan k\u00fc\u00e7\u00fck \u00e7ocu\u011fa garip soru: \u201cBaban r\u00fc\u015fvet yer mi?\u201d\",\"datePublished\":\"2024-12-15T18:41:33+00:00\",\"mainEntityOfPage\":{\"@id\":\"http:\/\/denizcankizil.tr\/haberler\/gundem\/chpli-belediye-baskanindan-kucuk-cocuga-garip-soru-baban-rusvet-yer-mi\/\"},\"wordCount\":205,\"commentCount\":0,\"publisher\":{\"@id\":\"https:\/\/denizcankizil.tr\/de\/#organization\"},\"articleSection\":[\"G\u00fcndem\",\"Uncategorized\"],\"inLanguage\":\"ru-RU\",\"potentialAction\":[{\"@type\":\"CommentAction\",\"name\":\"Comment\",\"target\":[\"http:\/\/denizcankizil.tr\/haberler\/gundem\/chpli-belediye-baskanindan-kucuk-cocuga-garip-soru-baban-rusvet-yer-mi\/#respond\"]}]},{\"@type\":\"WebPage\",\"@id\":\"http:\/\/denizcankizil.tr\/haberler\/gundem\/chpli-belediye-baskanindan-kucuk-cocuga-garip-soru-baban-rusvet-yer-mi\/\",\"url\":\"http:\/\/denizcankizil.tr\/haberler\/gundem\/chpli-belediye-baskanindan-kucuk-cocuga-garip-soru-baban-rusvet-yer-mi\/\",\"name\":\"CHP\u2019li belediye ba\u015fkan\u0131ndan k\u00fc\u00e7\u00fck \u00e7ocu\u011fa garip soru: \u201cBaban r\u00fc\u015fvet yer mi?\u201d - Av. Deniz Can K\u0131z\u0131l\",\"isPartOf\":{\"@id\":\"https:\/\/denizcankizil.tr\/de\/#website\"},\"datePublished\":\"2024-12-15T18:41:33+00:00\",\"breadcrumb\":{\"@id\":\"http:\/\/denizcankizil.tr\/haberler\/gundem\/chpli-belediye-baskanindan-kucuk-cocuga-garip-soru-baban-rusvet-yer-mi\/#breadcrumb\"},\"inLanguage\":\"ru-RU\",\"potentialAction\":[{\"@type\":\"ReadAction\",\"target\":[\"http:\/\/denizcankizil.tr\/haberler\/gundem\/chpli-belediye-baskanindan-kucuk-cocuga-garip-soru-baban-rusvet-yer-mi\/\"]}]},{\"@type\":\"BreadcrumbList\",\"@id\":\"http:\/\/denizcankizil.tr\/haberler\/gundem\/chpli-belediye-baskanindan-kucuk-cocuga-garip-soru-baban-rusvet-yer-mi\/#breadcrumb\",\"itemListElement\":[{\"@type\":\"ListItem\",\"position\":1,\"name\":\"Home\",\"item\":\"https:\/\/denizcankizil.tr\/de\/\"},{\"@type\":\"ListItem\",\"position\":2,\"name\":\"CHP\u2019li belediye ba\u015fkan\u0131ndan k\u00fc\u00e7\u00fck \u00e7ocu\u011fa garip soru: \u201cBaban r\u00fc\u015fvet yer mi?\u201d\"}]},{\"@type\":\"WebSite\",\"@id\":\"https:\/\/denizcankizil.tr\/de\/#website\",\"url\":\"https:\/\/denizcankizil.tr\/de\/\",\"name\":\"Av. Deniz Can K\u0131z\u0131l\",\"description\":\"Avukat Deniz Can K\u0131z\u0131l Antalya Barosu\",\"publisher\":{\"@id\":\"https:\/\/denizcankizil.tr\/de\/#organization\"},\"potentialAction\":[{\"@type\":\"SearchAction\",\"target\":{\"@type\":\"EntryPoint\",\"urlTemplate\":\"https:\/\/denizcankizil.tr\/de\/?s={search_term_string}\"},\"query-input\":{\"@type\":\"PropertyValueSpecification\",\"valueRequired\":true,\"valueName\":\"search_term_string\"}}],\"inLanguage\":\"ru-RU\"},{\"@type\":\"Organization\",\"@id\":\"https:\/\/denizcankizil.tr\/de\/#organization\",\"name\":\"Av. Deniz Can K\u0131z\u0131l\",\"url\":\"https:\/\/denizcankizil.tr\/de\/\",\"logo\":{\"@type\":\"ImageObject\",\"inLanguage\":\"ru-RU\",\"@id\":\"https:\/\/denizcankizil.tr\/de\/#\/schema\/logo\/image\/\",\"url\":\"https:\/\/denizcankizil.tr\/wp-content\/uploads\/2024\/10\/siyah-logo-svg.svg\",\"contentUrl\":\"https:\/\/denizcankizil.tr\/wp-content\/uploads\/2024\/10\/siyah-logo-svg.svg\",\"width\":1080,\"height\":1080,\"caption\":\"Av. Deniz Can K\u0131z\u0131l\"},\"image\":{\"@id\":\"https:\/\/denizcankizil.tr\/de\/#\/schema\/logo\/image\/\"}}]}<\/script>\n<!-- \/ Yoast SEO Premium plugin. -->","yoast_head_json":{"title":"CHP\u2019li belediye ba\u015fkan\u0131ndan k\u00fc\u00e7\u00fck \u00e7ocu\u011fa garip soru: \u201cBaban r\u00fc\u015fvet yer mi?\u201d - Av. Deniz Can K\u0131z\u0131l","robots":{"index":"index","follow":"follow","max-snippet":"max-snippet:-1","max-image-preview":"max-image-preview:large","max-video-preview":"max-video-preview:-1"},"canonical":"http:\/\/denizcankizil.tr\/ru\/haberler\/gundem\/chpli-belediye-baskanindan-kucuk-cocuga-garip-soru-baban-rusvet-yer-mi\/","og_locale":"ru_RU","og_type":"article","og_title":"CHP\u2019li belediye ba\u015fkan\u0131ndan k\u00fc\u00e7\u00fck \u00e7ocu\u011fa garip soru: \u201cBaban r\u00fc\u015fvet yer mi?\u201d","og_description":"CHP Ankara&#8217;da Ke\u00e7i\u00f6ren Belediye Ba\u015fkan\u0131 Mesut \u00d6zarslan ile k\u00fc\u00e7\u00fck \u00e7ocuk aras\u0131ndaki diyalog sosyal medyan\u0131n g\u00fcndemine oturdu. Babas\u0131yla birlikte \u00d6zarslan&#8217;\u0131n yan\u0131na gelen k\u00fc\u00e7\u00fck \u00e7ocuk belediye ba\u015fkan\u0131ndan \u201cbabas\u0131n\u0131n zab\u0131ta yap\u0131lmas\u0131n\u0131\u201d rica etti. BABAN R\u00dc\u015eVET YER M\u0130? Bu soru \u00fczerine Ba\u015fkan \u00d6zarslan k\u00fc\u00e7\u00fck \u00e7ocu\u011fa, &#8220;Senin baban r\u00fc\u015fvet yer mi? H\u0131rs\u0131zl\u0131k yapar m\u0131?&#8221; sorusunu y\u00f6neltti. K\u00fc\u00e7\u00fck \u00e7ocuk ise, babas\u0131n\u0131n arkas\u0131nda durarak &#8220;Yapmaz&#8221; yan\u0131t\u0131n\u0131 verdi.\u00a0 SOSYAL MEDYADA G\u00dcNDEM OLDU Bu cevaptan sonra \u00d6zarslan, \u201cO zaman senin hat\u0131r\u0131na tamamd\u0131r bu i\u015f&#8221; diyen \u00d6zarslan, baban\u0131n zab\u0131ta yap\u0131laca\u011f\u0131n\u0131 s\u00f6yledi. Sosyal medyaya d\u00fc\u015fen bu video bir anda g\u00fcndem oldu ve tepkilerde gelmeye ba\u015flad\u0131.\u00a0 \u00a0 \u200bCHP Ankara&#8217;da Ke\u00e7i\u00f6ren Belediye Ba\u015fkan\u0131 Mesut \u00d6zarslan, babas\u0131n\u0131n zab\u0131ta yap\u0131lmas\u0131n\u0131 isteyen k\u00fc\u00e7\u00fck bir \u00e7ocu\u011fa, \u201cSenin baban r\u00fc\u015fvet yer mi? H\u0131rs\u0131zl\u0131k yapar m\u0131?&#8221; sorusunu y\u00f6neltti\u00a0 \u200bHaberin Al\u0131nt\u0131land\u0131\u011f\u0131 Kaynak: www.antalyakorfez.com","og_url":"http:\/\/denizcankizil.tr\/ru\/haberler\/gundem\/chpli-belediye-baskanindan-kucuk-cocuga-garip-soru-baban-rusvet-yer-mi\/","og_site_name":"Av. Deniz Can K\u0131z\u0131l","article_published_time":"2024-12-15T18:41:33+00:00","twitter_card":"summary_large_image","twitter_misc":{"\u041f\u0440\u0438\u043c\u0435\u0440\u043d\u043e\u0435 \u0432\u0440\u0435\u043c\u044f \u0434\u043b\u044f \u0447\u0442\u0435\u043d\u0438\u044f":"1 \u043c\u0438\u043d\u0443\u0442\u0430"},"schema":{"@context":"https:\/\/schema.org","@graph":[{"@type":"Article","@id":"http:\/\/denizcankizil.tr\/haberler\/gundem\/chpli-belediye-baskanindan-kucuk-cocuga-garip-soru-baban-rusvet-yer-mi\/#article","isPartOf":{"@id":"http:\/\/denizcankizil.tr\/haberler\/gundem\/chpli-belediye-baskanindan-kucuk-cocuga-garip-soru-baban-rusvet-yer-mi\/"},"author":{"name":"","@id":""},"headline":"CHP\u2019li belediye ba\u015fkan\u0131ndan k\u00fc\u00e7\u00fck \u00e7ocu\u011fa garip soru: \u201cBaban r\u00fc\u015fvet yer mi?\u201d","datePublished":"2024-12-15T18:41:33+00:00","mainEntityOfPage":{"@id":"http:\/\/denizcankizil.tr\/haberler\/gundem\/chpli-belediye-baskanindan-kucuk-cocuga-garip-soru-baban-rusvet-yer-mi\/"},"wordCount":205,"commentCount":0,"publisher":{"@id":"https:\/\/denizcankizil.tr\/de\/#organization"},"articleSection":["G\u00fcndem","Uncategorized"],"inLanguage":"ru-RU","potentialAction":[{"@type":"CommentAction","name":"Comment","target":["http:\/\/denizcankizil.tr\/haberler\/gundem\/chpli-belediye-baskanindan-kucuk-cocuga-garip-soru-baban-rusvet-yer-mi\/#respond"]}]},{"@type":"WebPage","@id":"http:\/\/denizcankizil.tr\/haberler\/gundem\/chpli-belediye-baskanindan-kucuk-cocuga-garip-soru-baban-rusvet-yer-mi\/","url":"http:\/\/denizcankizil.tr\/haberler\/gundem\/chpli-belediye-baskanindan-kucuk-cocuga-garip-soru-baban-rusvet-yer-mi\/","name":"CHP\u2019li belediye ba\u015fkan\u0131ndan k\u00fc\u00e7\u00fck \u00e7ocu\u011fa garip soru: \u201cBaban r\u00fc\u015fvet yer mi?\u201d - Av. Deniz Can K\u0131z\u0131l","isPartOf":{"@id":"https:\/\/denizcankizil.tr\/de\/#website"},"datePublished":"2024-12-15T18:41:33+00:00","breadcrumb":{"@id":"http:\/\/denizcankizil.tr\/haberler\/gundem\/chpli-belediye-baskanindan-kucuk-cocuga-garip-soru-baban-rusvet-yer-mi\/#breadcrumb"},"inLanguage":"ru-RU","potentialAction":[{"@type":"ReadAction","target":["http:\/\/denizcankizil.tr\/haberler\/gundem\/chpli-belediye-baskanindan-kucuk-cocuga-garip-soru-baban-rusvet-yer-mi\/"]}]},{"@type":"BreadcrumbList","@id":"http:\/\/denizcankizil.tr\/haberler\/gundem\/chpli-belediye-baskanindan-kucuk-cocuga-garip-soru-baban-rusvet-yer-mi\/#breadcrumb","itemListElement":[{"@type":"ListItem","position":1,"name":"Home","item":"https:\/\/denizcankizil.tr\/de\/"},{"@type":"ListItem","position":2,"name":"CHP\u2019li belediye ba\u015fkan\u0131ndan k\u00fc\u00e7\u00fck \u00e7ocu\u011fa garip soru: \u201cBaban r\u00fc\u015fvet yer mi?\u201d"}]},{"@type":"WebSite","@id":"https:\/\/denizcankizil.tr\/de\/#website","url":"https:\/\/denizcankizil.tr\/de\/","name":"Av. Deniz Can K\u0131z\u0131l","description":"Avukat Deniz Can K\u0131z\u0131l Antalya Barosu","publisher":{"@id":"https:\/\/denizcankizil.tr\/de\/#organization"},"potentialAction":[{"@type":"SearchAction","target":{"@type":"EntryPoint","urlTemplate":"https:\/\/denizcankizil.tr\/de\/?s={search_term_string}"},"query-input":{"@type":"PropertyValueSpecification","valueRequired":true,"valueName":"search_term_string"}}],"inLanguage":"ru-RU"},{"@type":"Organization","@id":"https:\/\/denizcankizil.tr\/de\/#organization","name":"Av. Deniz Can K\u0131z\u0131l","url":"https:\/\/denizcankizil.tr\/de\/","logo":{"@type":"ImageObject","inLanguage":"ru-RU","@id":"https:\/\/denizcankizil.tr\/de\/#\/schema\/logo\/image\/","url":"https:\/\/denizcankizil.tr\/wp-content\/uploads\/2024\/10\/siyah-logo-svg.svg","contentUrl":"https:\/\/denizcankizil.tr\/wp-content\/uploads\/2024\/10\/siyah-logo-svg.svg","width":1080,"height":1080,"caption":"Av. Deniz Can K\u0131z\u0131l"},"image":{"@id":"https:\/\/denizcankizil.tr\/de\/#\/schema\/logo\/image\/"}}]}},"_links":{"self":[{"href":"https:\/\/denizcankizil.tr\/ru\/wp-json\/wp\/v2\/posts\/20876","targetHints":{"allow":["GET"]}}],"collection":[{"href":"https:\/\/denizcankizil.tr\/ru\/wp-json\/wp\/v2\/posts"}],"about":[{"href":"https:\/\/denizcankizil.tr\/ru\/wp-json\/wp\/v2\/types\/post"}],"replies":[{"embeddable":true,"href":"https:\/\/denizcankizil.tr\/ru\/wp-json\/wp\/v2\/comments?post=20876"}],"version-history":[{"count":0,"href":"https:\/\/denizcankizil.tr\/ru\/wp-json\/wp\/v2\/posts\/20876\/revisions"}],"wp:attachment":[{"href":"https:\/\/denizcankizil.tr\/ru\/wp-json\/wp\/v2\/media?parent=20876"}],"wp:term":[{"taxonomy":"category","embeddable":true,"href":"https:\/\/denizcankizil.tr\/ru\/wp-json\/wp\/v2\/categories?post=20876"},{"taxonomy":"post_tag","embeddable":true,"href":"https:\/\/denizcankizil.tr\/ru\/wp-json\/wp\/v2\/tags?post=20876"}],"curies":[{"name":"wp","href":"https:\/\/api.w.org\/{rel}","templated":true}]}}