{"id":20384,"date":"2024-12-12T19:41:40","date_gmt":"2024-12-12T16:41:40","guid":{"rendered":"https:\/\/denizcankizil.tr\/uncategorized-tr\/5-ilde-gurz-operasyonu-47-gozalti\/"},"modified":"2024-12-12T19:41:40","modified_gmt":"2024-12-12T16:41:40","slug":"5-ilde-gurz-operasyonu-47-gozalti","status":"publish","type":"post","link":"https:\/\/denizcankizil.tr\/ru\/haberler\/gundem\/5-ilde-gurz-operasyonu-47-gozalti\/","title":{"rendered":"5 ilde &#8216;G\u00fcrz&#8217; operasyonu! 47 g\u00f6zalt\u0131"},"content":{"rendered":"<p>DEA\u015e Ter\u00f6r \u00d6rg\u00fct\u00fcne y\u00f6nelik 5 ilde d\u00fczenlenen \u201cG\u00dcRZ-29\u201d operasyonlar\u0131nda 47 \u015f\u00fcpheli yakaland\u0131.ANKARA (\u0130GFA) &#8211; \u0130\u00e7i\u015fleri\u00a0 Bakanl\u0131\u011f\u0131&#8217;n\u0131n bir s\u00fcredir s\u00fcrd\u00fcrd\u00fc\u011f\u00fc &#8220;G\u00fcrz&#8221; operasyonlar\u0131n\u0131n 29&#8217;uncusu 5 ilde ger\u00e7ekle\u015ftirildi.\u00a0<br \/>\nAnkara, \u0130stanbul, Mardin, Samsun ve Sakarya Cumhuriyet Ba\u015fsavc\u0131l\u0131klar\u0131 ile Emniyet Genel M\u00fcd\u00fcrl\u00fc\u011f\u00fc TEM Daire Ba\u015fkanl\u0131\u011f\u0131 koordinasyonunda; \u0130l Emniyet M\u00fcd\u00fcrl\u00fckleri TEM \u015eube M\u00fcd\u00fcrl\u00fcklerince yap\u0131lan \u00e7al\u0131\u015fmalar sonucu DEA\u015e ter\u00f6r \u00f6rg\u00fct\u00fcne y\u00f6nelik &#8220;G\u00dcRZ-29&#8221; operasyonunun detay\u0131n\u0131 \u0130\u00e7i\u015fleri Bakan\u0131 Ali Yerlikaya payla\u015ft\u0131.<\/p>\n<p>https:\/\/twitter.com\/AliYerlikaya\/status\/1867133837936914629<\/p>\n<p>Bakan Yerlikaya, ter\u00f6r\u00fcn\u00a0insanl\u0131\u011f\u0131n ortak d\u00fc\u015fman\u0131 oldu\u011funun alt\u0131n\u0131 \u00e7izerek, birlik, beraberlik ve karde\u015fli\u011fi i\u00e7in operasyonlar\u0131m\u0131z kesintisiz devam edece\u011fini belirtti.\u00a0<br \/>\nBakan Yerlikaya operasyonlarda ruhsats\u0131z tabancalar ile \u00e7ok say\u0131da \u00f6rg\u00fctsel dok\u00fcman ve dijital materyal ele ge\u00e7irildi\u011fini kaydetti.<\/p>\n<p>\u200bDEA\u015e Ter\u00f6r \u00d6rg\u00fct\u00fcne y\u00f6nelik 5 ilde d\u00fczenlenen \u201cG\u00dcRZ-29\u201d operasyonlar\u0131nda 47 \u015f\u00fcpheli yakaland\u0131.ANKARA (\u0130GFA) &#8211; \u0130\u00e7i\u015fleri\u00a0 Bakanl\u0131\u011f\u0131&#8217;n\u0131n bir s\u00fcredir s\u00fcrd\u00fcrd\u00fc\u011f\u00fc &#8220;G\u00fcrz&#8221; operasyonlar\u0131n\u0131n 29&#8217;uncusu 5 ilde ger\u00e7ekle\u015ftirildi.\u00a0<br \/>\nAnkara, \u0130stanbul, Mardin, Samsun ve Sakarya Cumhuriyet Ba\u015fsavc\u0131l\u0131klar\u0131 ile Emniyet Genel M\u00fcd\u00fcrl\u00fc\u011f\u00fc TEM Daire Ba\u015fkanl\u0131\u011f\u0131 koordinasyonunda; \u0130l Emniyet M\u00fcd\u00fcrl\u00fckleri TEM \u015eube M\u00fcd\u00fcrl\u00fcklerince yap\u0131lan \u00e7al\u0131\u015fmalar sonucu DEA\u015e ter\u00f6r \u00f6rg\u00fct\u00fcne y\u00f6nelik &#8220;G\u00dcRZ-29&#8221; operasyonunun detay\u0131n\u0131 \u0130\u00e7i\u015fleri Bakan\u0131 Ali Yerlikaya payla\u015ft\u0131.<\/p>\n<p>https:\/\/twitter.com\/AliYerlikaya\/status\/1867133837936914629<\/p>\n<p>Bakan Yerlikaya, ter\u00f6r\u00fcn\u00a0insanl\u0131\u011f\u0131n ortak d\u00fc\u015fman\u0131 oldu\u011funun alt\u0131n\u0131 \u00e7izerek, birlik, beraberlik ve karde\u015fli\u011fi i\u00e7in operasyonlar\u0131m\u0131z kesintisiz devam edece\u011fini belirtti.\u00a0<br \/>\nBakan Yerlikaya operasyonlarda ruhsats\u0131z tabancalar ile \u00e7ok say\u0131da \u00f6rg\u00fctsel dok\u00fcman ve dijital materyal ele ge\u00e7irildi\u011fini kaydetti.\u00a0<\/p>\n<p>\u200bHaberin Al\u0131nt\u0131land\u0131\u011f\u0131 Kaynak: www.iskenderun.org<\/p>","protected":false},"excerpt":{"rendered":"<p>DEA\u015e Ter\u00f6r \u00d6rg\u00fct\u00fcne y\u00f6nelik 5 ilde d\u00fczenlenen \u201cG\u00dcRZ-29\u201d operasyonlar\u0131nda 47 \u015f\u00fcpheli yakaland\u0131.ANKARA (\u0130GFA) &#8211; \u0130\u00e7i\u015fleri\u00a0 Bakanl\u0131\u011f\u0131&#8217;n\u0131n bir s\u00fcredir s\u00fcrd\u00fcrd\u00fc\u011f\u00fc &#8220;G\u00fcrz&#8221; operasyonlar\u0131n\u0131n 29&#8217;uncusu 5 ilde ger\u00e7ekle\u015ftirildi.\u00a0 Ankara, \u0130stanbul, Mardin, Samsun ve Sakarya Cumhuriyet Ba\u015fsavc\u0131l\u0131klar\u0131 ile Emniyet Genel M\u00fcd\u00fcrl\u00fc\u011f\u00fc TEM Daire Ba\u015fkanl\u0131\u011f\u0131 koordinasyonunda; \u0130l Emniyet M\u00fcd\u00fcrl\u00fckleri TEM \u015eube M\u00fcd\u00fcrl\u00fcklerince yap\u0131lan \u00e7al\u0131\u015fmalar sonucu DEA\u015e ter\u00f6r \u00f6rg\u00fct\u00fcne y\u00f6nelik &#8220;G\u00dcRZ-29&#8221; operasyonunun detay\u0131n\u0131 \u0130\u00e7i\u015fleri Bakan\u0131 Ali Yerlikaya payla\u015ft\u0131. https:\/\/twitter.com\/AliYerlikaya\/status\/1867133837936914629 Bakan Yerlikaya, ter\u00f6r\u00fcn\u00a0insanl\u0131\u011f\u0131n ortak d\u00fc\u015fman\u0131 oldu\u011funun alt\u0131n\u0131 \u00e7izerek, birlik, beraberlik ve karde\u015fli\u011fi i\u00e7in operasyonlar\u0131m\u0131z kesintisiz devam edece\u011fini belirtti.\u00a0 Bakan Yerlikaya operasyonlarda ruhsats\u0131z tabancalar ile \u00e7ok say\u0131da \u00f6rg\u00fctsel dok\u00fcman ve dijital materyal ele ge\u00e7irildi\u011fini kaydetti. \u200bDEA\u015e Ter\u00f6r \u00d6rg\u00fct\u00fcne y\u00f6nelik 5 ilde d\u00fczenlenen \u201cG\u00dcRZ-29\u201d operasyonlar\u0131nda 47 \u015f\u00fcpheli yakaland\u0131.ANKARA (\u0130GFA) &#8211; \u0130\u00e7i\u015fleri\u00a0 Bakanl\u0131\u011f\u0131&#8217;n\u0131n bir s\u00fcredir s\u00fcrd\u00fcrd\u00fc\u011f\u00fc &#8220;G\u00fcrz&#8221; operasyonlar\u0131n\u0131n 29&#8217;uncusu 5 ilde ger\u00e7ekle\u015ftirildi.\u00a0 Ankara, \u0130stanbul, Mardin, Samsun ve Sakarya Cumhuriyet Ba\u015fsavc\u0131l\u0131klar\u0131 ile Emniyet Genel M\u00fcd\u00fcrl\u00fc\u011f\u00fc TEM Daire Ba\u015fkanl\u0131\u011f\u0131 koordinasyonunda; \u0130l Emniyet M\u00fcd\u00fcrl\u00fckleri TEM \u015eube M\u00fcd\u00fcrl\u00fcklerince yap\u0131lan \u00e7al\u0131\u015fmalar sonucu DEA\u015e ter\u00f6r \u00f6rg\u00fct\u00fcne y\u00f6nelik &#8220;G\u00dcRZ-29&#8221; operasyonunun detay\u0131n\u0131 \u0130\u00e7i\u015fleri Bakan\u0131 Ali Yerlikaya payla\u015ft\u0131. https:\/\/twitter.com\/AliYerlikaya\/status\/1867133837936914629 Bakan Yerlikaya, ter\u00f6r\u00fcn\u00a0insanl\u0131\u011f\u0131n ortak d\u00fc\u015fman\u0131 oldu\u011funun alt\u0131n\u0131 \u00e7izerek, birlik, beraberlik ve karde\u015fli\u011fi i\u00e7in operasyonlar\u0131m\u0131z kesintisiz devam edece\u011fini belirtti.\u00a0 Bakan Yerlikaya operasyonlarda ruhsats\u0131z tabancalar ile \u00e7ok say\u0131da \u00f6rg\u00fctsel dok\u00fcman ve dijital materyal ele ge\u00e7irildi\u011fini kaydetti.\u00a0 \u200bHaberin Al\u0131nt\u0131land\u0131\u011f\u0131 Kaynak: www.iskenderun.org<\/p>","protected":false},"author":0,"featured_media":0,"comment_status":"open","ping_status":"open","sticky":false,"template":"","format":"standard","meta":{"_acf_changed":false,"footnotes":""},"categories":[24,535],"tags":[],"class_list":["post-20384","post","type-post","status-publish","format-standard","has-post-thumbnail","hentry","category-gundem","category-uncategorized-tr"],"acf":[],"yoast_head":"<!-- This site is optimized with the Yoast SEO Premium plugin v26.6 (Yoast SEO v27.1.1) - https:\/\/yoast.com\/product\/yoast-seo-premium-wordpress\/ -->\n<title>5 ilde &#039;G\u00fcrz&#039; operasyonu! 47 g\u00f6zalt\u0131 - Av. Deniz Can K\u0131z\u0131l<\/title>\n<meta name=\"robots\" content=\"index, follow, max-snippet:-1, max-image-preview:large, max-video-preview:-1\" \/>\n<link rel=\"canonical\" href=\"https:\/\/denizcankizil.tr\/ru\/haberler\/gundem\/5-ilde-gurz-operasyonu-47-gozalti\/\" \/>\n<meta property=\"og:locale\" content=\"ru_RU\" \/>\n<meta property=\"og:type\" content=\"article\" \/>\n<meta property=\"og:title\" content=\"5 ilde &#039;G\u00fcrz&#039; operasyonu! 47 g\u00f6zalt\u0131\" \/>\n<meta property=\"og:description\" content=\"DEA\u015e Ter\u00f6r \u00d6rg\u00fct\u00fcne y\u00f6nelik 5 ilde d\u00fczenlenen \u201cG\u00dcRZ-29\u201d operasyonlar\u0131nda 47 \u015f\u00fcpheli yakaland\u0131.ANKARA (\u0130GFA) &#8211; \u0130\u00e7i\u015fleri\u00a0 Bakanl\u0131\u011f\u0131&#8217;n\u0131n bir s\u00fcredir s\u00fcrd\u00fcrd\u00fc\u011f\u00fc &#8220;G\u00fcrz&#8221; operasyonlar\u0131n\u0131n 29&#8217;uncusu 5 ilde ger\u00e7ekle\u015ftirildi.\u00a0 Ankara, \u0130stanbul, Mardin, Samsun ve Sakarya Cumhuriyet Ba\u015fsavc\u0131l\u0131klar\u0131 ile Emniyet Genel M\u00fcd\u00fcrl\u00fc\u011f\u00fc TEM Daire Ba\u015fkanl\u0131\u011f\u0131 koordinasyonunda; \u0130l Emniyet M\u00fcd\u00fcrl\u00fckleri TEM \u015eube M\u00fcd\u00fcrl\u00fcklerince yap\u0131lan \u00e7al\u0131\u015fmalar sonucu DEA\u015e ter\u00f6r \u00f6rg\u00fct\u00fcne y\u00f6nelik &#8220;G\u00dcRZ-29&#8221; operasyonunun detay\u0131n\u0131 \u0130\u00e7i\u015fleri Bakan\u0131 Ali Yerlikaya payla\u015ft\u0131. https:\/\/twitter.com\/AliYerlikaya\/status\/1867133837936914629 Bakan Yerlikaya, ter\u00f6r\u00fcn\u00a0insanl\u0131\u011f\u0131n ortak d\u00fc\u015fman\u0131 oldu\u011funun alt\u0131n\u0131 \u00e7izerek, birlik, beraberlik ve karde\u015fli\u011fi i\u00e7in operasyonlar\u0131m\u0131z kesintisiz devam edece\u011fini belirtti.\u00a0 Bakan Yerlikaya operasyonlarda ruhsats\u0131z tabancalar ile \u00e7ok say\u0131da \u00f6rg\u00fctsel dok\u00fcman ve dijital materyal ele ge\u00e7irildi\u011fini kaydetti. \u200bDEA\u015e Ter\u00f6r \u00d6rg\u00fct\u00fcne y\u00f6nelik 5 ilde d\u00fczenlenen \u201cG\u00dcRZ-29\u201d operasyonlar\u0131nda 47 \u015f\u00fcpheli yakaland\u0131.ANKARA (\u0130GFA) &#8211; \u0130\u00e7i\u015fleri\u00a0 Bakanl\u0131\u011f\u0131&#8217;n\u0131n bir s\u00fcredir s\u00fcrd\u00fcrd\u00fc\u011f\u00fc &#8220;G\u00fcrz&#8221; operasyonlar\u0131n\u0131n 29&#8217;uncusu 5 ilde ger\u00e7ekle\u015ftirildi.\u00a0 Ankara, \u0130stanbul, Mardin, Samsun ve Sakarya Cumhuriyet Ba\u015fsavc\u0131l\u0131klar\u0131 ile Emniyet Genel M\u00fcd\u00fcrl\u00fc\u011f\u00fc TEM Daire Ba\u015fkanl\u0131\u011f\u0131 koordinasyonunda; \u0130l Emniyet M\u00fcd\u00fcrl\u00fckleri TEM \u015eube M\u00fcd\u00fcrl\u00fcklerince yap\u0131lan \u00e7al\u0131\u015fmalar sonucu DEA\u015e ter\u00f6r \u00f6rg\u00fct\u00fcne y\u00f6nelik &#8220;G\u00dcRZ-29&#8221; operasyonunun detay\u0131n\u0131 \u0130\u00e7i\u015fleri Bakan\u0131 Ali Yerlikaya payla\u015ft\u0131. https:\/\/twitter.com\/AliYerlikaya\/status\/1867133837936914629 Bakan Yerlikaya, ter\u00f6r\u00fcn\u00a0insanl\u0131\u011f\u0131n ortak d\u00fc\u015fman\u0131 oldu\u011funun alt\u0131n\u0131 \u00e7izerek, birlik, beraberlik ve karde\u015fli\u011fi i\u00e7in operasyonlar\u0131m\u0131z kesintisiz devam edece\u011fini belirtti.\u00a0 Bakan Yerlikaya operasyonlarda ruhsats\u0131z tabancalar ile \u00e7ok say\u0131da \u00f6rg\u00fctsel dok\u00fcman ve dijital materyal ele ge\u00e7irildi\u011fini kaydetti.\u00a0 \u200bHaberin Al\u0131nt\u0131land\u0131\u011f\u0131 Kaynak: www.iskenderun.org\" \/>\n<meta property=\"og:url\" content=\"https:\/\/denizcankizil.tr\/ru\/haberler\/gundem\/5-ilde-gurz-operasyonu-47-gozalti\/\" \/>\n<meta property=\"og:site_name\" content=\"Av. Deniz Can K\u0131z\u0131l\" \/>\n<meta property=\"article:published_time\" content=\"2024-12-12T16:41:40+00:00\" \/>\n<meta name=\"twitter:card\" content=\"summary_large_image\" \/>\n<meta name=\"twitter:label1\" content=\"\u041f\u0440\u0438\u043c\u0435\u0440\u043d\u043e\u0435 \u0432\u0440\u0435\u043c\u044f \u0434\u043b\u044f \u0447\u0442\u0435\u043d\u0438\u044f\" \/>\n\t<meta name=\"twitter:data1\" content=\"2 \u043c\u0438\u043d\u0443\u0442\u044b\" \/>\n<script type=\"application\/ld+json\" class=\"yoast-schema-graph\">{\"@context\":\"https:\/\/schema.org\",\"@graph\":[{\"@type\":\"Article\",\"@id\":\"https:\/\/denizcankizil.tr\/ru\/haberler\/gundem\/5-ilde-gurz-operasyonu-47-gozalti\/#article\",\"isPartOf\":{\"@id\":\"https:\/\/denizcankizil.tr\/ru\/haberler\/gundem\/5-ilde-gurz-operasyonu-47-gozalti\/\"},\"author\":{\"name\":\"\",\"@id\":\"\"},\"headline\":\"5 ilde &#8216;G\u00fcrz&#8217; operasyonu! 47 g\u00f6zalt\u0131\",\"datePublished\":\"2024-12-12T16:41:40+00:00\",\"mainEntityOfPage\":{\"@id\":\"https:\/\/denizcankizil.tr\/ru\/haberler\/gundem\/5-ilde-gurz-operasyonu-47-gozalti\/\"},\"wordCount\":330,\"commentCount\":0,\"publisher\":{\"@id\":\"https:\/\/denizcankizil.tr\/de\/#organization\"},\"articleSection\":[\"G\u00fcndem\",\"Uncategorized\"],\"inLanguage\":\"ru-RU\",\"potentialAction\":[{\"@type\":\"CommentAction\",\"name\":\"Comment\",\"target\":[\"https:\/\/denizcankizil.tr\/ru\/haberler\/gundem\/5-ilde-gurz-operasyonu-47-gozalti\/#respond\"]}]},{\"@type\":\"WebPage\",\"@id\":\"https:\/\/denizcankizil.tr\/ru\/haberler\/gundem\/5-ilde-gurz-operasyonu-47-gozalti\/\",\"url\":\"https:\/\/denizcankizil.tr\/ru\/haberler\/gundem\/5-ilde-gurz-operasyonu-47-gozalti\/\",\"name\":\"5 ilde 'G\u00fcrz' operasyonu! 47 g\u00f6zalt\u0131 - Av. Deniz Can K\u0131z\u0131l\",\"isPartOf\":{\"@id\":\"https:\/\/denizcankizil.tr\/de\/#website\"},\"datePublished\":\"2024-12-12T16:41:40+00:00\",\"breadcrumb\":{\"@id\":\"https:\/\/denizcankizil.tr\/ru\/haberler\/gundem\/5-ilde-gurz-operasyonu-47-gozalti\/#breadcrumb\"},\"inLanguage\":\"ru-RU\",\"potentialAction\":[{\"@type\":\"ReadAction\",\"target\":[\"https:\/\/denizcankizil.tr\/ru\/haberler\/gundem\/5-ilde-gurz-operasyonu-47-gozalti\/\"]}]},{\"@type\":\"BreadcrumbList\",\"@id\":\"https:\/\/denizcankizil.tr\/ru\/haberler\/gundem\/5-ilde-gurz-operasyonu-47-gozalti\/#breadcrumb\",\"itemListElement\":[{\"@type\":\"ListItem\",\"position\":1,\"name\":\"Home\",\"item\":\"https:\/\/denizcankizil.tr\/de\/\"},{\"@type\":\"ListItem\",\"position\":2,\"name\":\"5 ilde &#8216;G\u00fcrz&#8217; operasyonu! 47 g\u00f6zalt\u0131\"}]},{\"@type\":\"WebSite\",\"@id\":\"https:\/\/denizcankizil.tr\/de\/#website\",\"url\":\"https:\/\/denizcankizil.tr\/de\/\",\"name\":\"Av. Deniz Can K\u0131z\u0131l\",\"description\":\"Avukat Deniz Can K\u0131z\u0131l Antalya Barosu\",\"publisher\":{\"@id\":\"https:\/\/denizcankizil.tr\/de\/#organization\"},\"potentialAction\":[{\"@type\":\"SearchAction\",\"target\":{\"@type\":\"EntryPoint\",\"urlTemplate\":\"https:\/\/denizcankizil.tr\/de\/?s={search_term_string}\"},\"query-input\":{\"@type\":\"PropertyValueSpecification\",\"valueRequired\":true,\"valueName\":\"search_term_string\"}}],\"inLanguage\":\"ru-RU\"},{\"@type\":\"Organization\",\"@id\":\"https:\/\/denizcankizil.tr\/de\/#organization\",\"name\":\"Av. Deniz Can K\u0131z\u0131l\",\"url\":\"https:\/\/denizcankizil.tr\/de\/\",\"logo\":{\"@type\":\"ImageObject\",\"inLanguage\":\"ru-RU\",\"@id\":\"https:\/\/denizcankizil.tr\/de\/#\/schema\/logo\/image\/\",\"url\":\"https:\/\/denizcankizil.tr\/wp-content\/uploads\/2024\/10\/siyah-logo-svg.svg\",\"contentUrl\":\"https:\/\/denizcankizil.tr\/wp-content\/uploads\/2024\/10\/siyah-logo-svg.svg\",\"width\":1080,\"height\":1080,\"caption\":\"Av. Deniz Can K\u0131z\u0131l\"},\"image\":{\"@id\":\"https:\/\/denizcankizil.tr\/de\/#\/schema\/logo\/image\/\"}}]}<\/script>\n<!-- \/ Yoast SEO Premium plugin. -->","yoast_head_json":{"title":"5 ilde 'G\u00fcrz' operasyonu! 47 g\u00f6zalt\u0131 - Av. Deniz Can K\u0131z\u0131l","robots":{"index":"index","follow":"follow","max-snippet":"max-snippet:-1","max-image-preview":"max-image-preview:large","max-video-preview":"max-video-preview:-1"},"canonical":"https:\/\/denizcankizil.tr\/ru\/haberler\/gundem\/5-ilde-gurz-operasyonu-47-gozalti\/","og_locale":"ru_RU","og_type":"article","og_title":"5 ilde 'G\u00fcrz' operasyonu! 47 g\u00f6zalt\u0131","og_description":"DEA\u015e Ter\u00f6r \u00d6rg\u00fct\u00fcne y\u00f6nelik 5 ilde d\u00fczenlenen \u201cG\u00dcRZ-29\u201d operasyonlar\u0131nda 47 \u015f\u00fcpheli yakaland\u0131.ANKARA (\u0130GFA) &#8211; \u0130\u00e7i\u015fleri\u00a0 Bakanl\u0131\u011f\u0131&#8217;n\u0131n bir s\u00fcredir s\u00fcrd\u00fcrd\u00fc\u011f\u00fc &#8220;G\u00fcrz&#8221; operasyonlar\u0131n\u0131n 29&#8217;uncusu 5 ilde ger\u00e7ekle\u015ftirildi.\u00a0 Ankara, \u0130stanbul, Mardin, Samsun ve Sakarya Cumhuriyet Ba\u015fsavc\u0131l\u0131klar\u0131 ile Emniyet Genel M\u00fcd\u00fcrl\u00fc\u011f\u00fc TEM Daire Ba\u015fkanl\u0131\u011f\u0131 koordinasyonunda; \u0130l Emniyet M\u00fcd\u00fcrl\u00fckleri TEM \u015eube M\u00fcd\u00fcrl\u00fcklerince yap\u0131lan \u00e7al\u0131\u015fmalar sonucu DEA\u015e ter\u00f6r \u00f6rg\u00fct\u00fcne y\u00f6nelik &#8220;G\u00dcRZ-29&#8221; operasyonunun detay\u0131n\u0131 \u0130\u00e7i\u015fleri Bakan\u0131 Ali Yerlikaya payla\u015ft\u0131. https:\/\/twitter.com\/AliYerlikaya\/status\/1867133837936914629 Bakan Yerlikaya, ter\u00f6r\u00fcn\u00a0insanl\u0131\u011f\u0131n ortak d\u00fc\u015fman\u0131 oldu\u011funun alt\u0131n\u0131 \u00e7izerek, birlik, beraberlik ve karde\u015fli\u011fi i\u00e7in operasyonlar\u0131m\u0131z kesintisiz devam edece\u011fini belirtti.\u00a0 Bakan Yerlikaya operasyonlarda ruhsats\u0131z tabancalar ile \u00e7ok say\u0131da \u00f6rg\u00fctsel dok\u00fcman ve dijital materyal ele ge\u00e7irildi\u011fini kaydetti. \u200bDEA\u015e Ter\u00f6r \u00d6rg\u00fct\u00fcne y\u00f6nelik 5 ilde d\u00fczenlenen \u201cG\u00dcRZ-29\u201d operasyonlar\u0131nda 47 \u015f\u00fcpheli yakaland\u0131.ANKARA (\u0130GFA) &#8211; \u0130\u00e7i\u015fleri\u00a0 Bakanl\u0131\u011f\u0131&#8217;n\u0131n bir s\u00fcredir s\u00fcrd\u00fcrd\u00fc\u011f\u00fc &#8220;G\u00fcrz&#8221; operasyonlar\u0131n\u0131n 29&#8217;uncusu 5 ilde ger\u00e7ekle\u015ftirildi.\u00a0 Ankara, \u0130stanbul, Mardin, Samsun ve Sakarya Cumhuriyet Ba\u015fsavc\u0131l\u0131klar\u0131 ile Emniyet Genel M\u00fcd\u00fcrl\u00fc\u011f\u00fc TEM Daire Ba\u015fkanl\u0131\u011f\u0131 koordinasyonunda; \u0130l Emniyet M\u00fcd\u00fcrl\u00fckleri TEM \u015eube M\u00fcd\u00fcrl\u00fcklerince yap\u0131lan \u00e7al\u0131\u015fmalar sonucu DEA\u015e ter\u00f6r \u00f6rg\u00fct\u00fcne y\u00f6nelik &#8220;G\u00dcRZ-29&#8221; operasyonunun detay\u0131n\u0131 \u0130\u00e7i\u015fleri Bakan\u0131 Ali Yerlikaya payla\u015ft\u0131. https:\/\/twitter.com\/AliYerlikaya\/status\/1867133837936914629 Bakan Yerlikaya, ter\u00f6r\u00fcn\u00a0insanl\u0131\u011f\u0131n ortak d\u00fc\u015fman\u0131 oldu\u011funun alt\u0131n\u0131 \u00e7izerek, birlik, beraberlik ve karde\u015fli\u011fi i\u00e7in operasyonlar\u0131m\u0131z kesintisiz devam edece\u011fini belirtti.\u00a0 Bakan Yerlikaya operasyonlarda ruhsats\u0131z tabancalar ile \u00e7ok say\u0131da \u00f6rg\u00fctsel dok\u00fcman ve dijital materyal ele ge\u00e7irildi\u011fini kaydetti.\u00a0 \u200bHaberin Al\u0131nt\u0131land\u0131\u011f\u0131 Kaynak: www.iskenderun.org","og_url":"https:\/\/denizcankizil.tr\/ru\/haberler\/gundem\/5-ilde-gurz-operasyonu-47-gozalti\/","og_site_name":"Av. Deniz Can K\u0131z\u0131l","article_published_time":"2024-12-12T16:41:40+00:00","twitter_card":"summary_large_image","twitter_misc":{"\u041f\u0440\u0438\u043c\u0435\u0440\u043d\u043e\u0435 \u0432\u0440\u0435\u043c\u044f \u0434\u043b\u044f \u0447\u0442\u0435\u043d\u0438\u044f":"2 \u043c\u0438\u043d\u0443\u0442\u044b"},"schema":{"@context":"https:\/\/schema.org","@graph":[{"@type":"Article","@id":"https:\/\/denizcankizil.tr\/ru\/haberler\/gundem\/5-ilde-gurz-operasyonu-47-gozalti\/#article","isPartOf":{"@id":"https:\/\/denizcankizil.tr\/ru\/haberler\/gundem\/5-ilde-gurz-operasyonu-47-gozalti\/"},"author":{"name":"","@id":""},"headline":"5 ilde &#8216;G\u00fcrz&#8217; operasyonu! 47 g\u00f6zalt\u0131","datePublished":"2024-12-12T16:41:40+00:00","mainEntityOfPage":{"@id":"https:\/\/denizcankizil.tr\/ru\/haberler\/gundem\/5-ilde-gurz-operasyonu-47-gozalti\/"},"wordCount":330,"commentCount":0,"publisher":{"@id":"https:\/\/denizcankizil.tr\/de\/#organization"},"articleSection":["G\u00fcndem","Uncategorized"],"inLanguage":"ru-RU","potentialAction":[{"@type":"CommentAction","name":"Comment","target":["https:\/\/denizcankizil.tr\/ru\/haberler\/gundem\/5-ilde-gurz-operasyonu-47-gozalti\/#respond"]}]},{"@type":"WebPage","@id":"https:\/\/denizcankizil.tr\/ru\/haberler\/gundem\/5-ilde-gurz-operasyonu-47-gozalti\/","url":"https:\/\/denizcankizil.tr\/ru\/haberler\/gundem\/5-ilde-gurz-operasyonu-47-gozalti\/","name":"5 ilde 'G\u00fcrz' operasyonu! 47 g\u00f6zalt\u0131 - Av. Deniz Can K\u0131z\u0131l","isPartOf":{"@id":"https:\/\/denizcankizil.tr\/de\/#website"},"datePublished":"2024-12-12T16:41:40+00:00","breadcrumb":{"@id":"https:\/\/denizcankizil.tr\/ru\/haberler\/gundem\/5-ilde-gurz-operasyonu-47-gozalti\/#breadcrumb"},"inLanguage":"ru-RU","potentialAction":[{"@type":"ReadAction","target":["https:\/\/denizcankizil.tr\/ru\/haberler\/gundem\/5-ilde-gurz-operasyonu-47-gozalti\/"]}]},{"@type":"BreadcrumbList","@id":"https:\/\/denizcankizil.tr\/ru\/haberler\/gundem\/5-ilde-gurz-operasyonu-47-gozalti\/#breadcrumb","itemListElement":[{"@type":"ListItem","position":1,"name":"Home","item":"https:\/\/denizcankizil.tr\/de\/"},{"@type":"ListItem","position":2,"name":"5 ilde &#8216;G\u00fcrz&#8217; operasyonu! 47 g\u00f6zalt\u0131"}]},{"@type":"WebSite","@id":"https:\/\/denizcankizil.tr\/de\/#website","url":"https:\/\/denizcankizil.tr\/de\/","name":"Av. Deniz Can K\u0131z\u0131l","description":"Avukat Deniz Can K\u0131z\u0131l Antalya Barosu","publisher":{"@id":"https:\/\/denizcankizil.tr\/de\/#organization"},"potentialAction":[{"@type":"SearchAction","target":{"@type":"EntryPoint","urlTemplate":"https:\/\/denizcankizil.tr\/de\/?s={search_term_string}"},"query-input":{"@type":"PropertyValueSpecification","valueRequired":true,"valueName":"search_term_string"}}],"inLanguage":"ru-RU"},{"@type":"Organization","@id":"https:\/\/denizcankizil.tr\/de\/#organization","name":"Av. Deniz Can K\u0131z\u0131l","url":"https:\/\/denizcankizil.tr\/de\/","logo":{"@type":"ImageObject","inLanguage":"ru-RU","@id":"https:\/\/denizcankizil.tr\/de\/#\/schema\/logo\/image\/","url":"https:\/\/denizcankizil.tr\/wp-content\/uploads\/2024\/10\/siyah-logo-svg.svg","contentUrl":"https:\/\/denizcankizil.tr\/wp-content\/uploads\/2024\/10\/siyah-logo-svg.svg","width":1080,"height":1080,"caption":"Av. Deniz Can K\u0131z\u0131l"},"image":{"@id":"https:\/\/denizcankizil.tr\/de\/#\/schema\/logo\/image\/"}}]}},"_links":{"self":[{"href":"https:\/\/denizcankizil.tr\/ru\/wp-json\/wp\/v2\/posts\/20384","targetHints":{"allow":["GET"]}}],"collection":[{"href":"https:\/\/denizcankizil.tr\/ru\/wp-json\/wp\/v2\/posts"}],"about":[{"href":"https:\/\/denizcankizil.tr\/ru\/wp-json\/wp\/v2\/types\/post"}],"replies":[{"embeddable":true,"href":"https:\/\/denizcankizil.tr\/ru\/wp-json\/wp\/v2\/comments?post=20384"}],"version-history":[{"count":0,"href":"https:\/\/denizcankizil.tr\/ru\/wp-json\/wp\/v2\/posts\/20384\/revisions"}],"wp:attachment":[{"href":"https:\/\/denizcankizil.tr\/ru\/wp-json\/wp\/v2\/media?parent=20384"}],"wp:term":[{"taxonomy":"category","embeddable":true,"href":"https:\/\/denizcankizil.tr\/ru\/wp-json\/wp\/v2\/categories?post=20384"},{"taxonomy":"post_tag","embeddable":true,"href":"https:\/\/denizcankizil.tr\/ru\/wp-json\/wp\/v2\/tags?post=20384"}],"curies":[{"name":"wp","href":"https:\/\/api.w.org\/{rel}","templated":true}]}}