{"id":20302,"date":"2024-12-12T09:41:27","date_gmt":"2024-12-12T06:41:27","guid":{"rendered":"https:\/\/denizcankizil.tr\/uncategorized-tr\/muhittin-bocekin-kentsel-donusum-projesi-hayalde-kaldi-temelden-sonra-sessizlik\/"},"modified":"2024-12-12T09:41:27","modified_gmt":"2024-12-12T06:41:27","slug":"muhittin-bocekin-kentsel-donusum-projesi-hayalde-kaldi-temelden-sonra-sessizlik","status":"publish","type":"post","link":"https:\/\/denizcankizil.tr\/ru\/haberler\/gundem\/muhittin-bocekin-kentsel-donusum-projesi-hayalde-kaldi-temelden-sonra-sessizlik\/","title":{"rendered":"Muhittin B\u00f6cek\u2019in kentsel d\u00f6n\u00fc\u015f\u00fcm projesi hayalde kald\u0131! Temelden sonra sessizlik!"},"content":{"rendered":"<p>Antalya\u2019n\u0131n tarihi Kalei\u00e7i\u2019nden sonra T\u00fcrklerin yerle\u015fti\u011fi ilk mahalle olarak bilinen Balbey Mahallesi, y\u0131llard\u0131r kentsel d\u00f6n\u00fc\u015f\u00fcm projeleriyle g\u00fcndemdeki yerini koruyor. Ancak mahalledeki m\u00fclkiyet sorunlar\u0131 ve engellemeler nedeniyle bu projeler bir t\u00fcrl\u00fc hayata ge\u00e7irilemedi. Ba\u015fkan Muhittin B\u00f6cek, 13 Mart 2024 tarihinde ger\u00e7ekle\u015ftirdi\u011fi temel atma t\u00f6reniyle, Balbey\u2019in uzun s\u00fcredir bekleyen d\u00f6n\u00fc\u015f\u00fcm s\u00fcrecine son vereceklerini duyurdu.<\/p>\n<p>1,5 YIL S\u00dcRE VER\u0130LD\u0130<\/p>\n<p>Mahallede b\u00fcy\u00fck heyecana neden olan bu temel atma t\u00f6renine Antalya B\u00fcy\u00fck\u015fehir Belediye Ba\u015fkan\u0131 Muhittin B\u00f6cek, CHP Antalya milletvekilleri Cavit Ar\u0131 ve Mustafa Erdem, Balbey Mahalle Muhtar\u0131 Abdullah Uyaro\u011flu, CHP \u0130l Ba\u015fkan\u0131 Nail Kamac\u0131 ve belediye y\u00f6neticileri kat\u0131lm\u0131\u015ft\u0131. T\u00f6ren s\u0131ras\u0131nda konu\u015fan B\u00f6cek, \u00e7ocuklu\u011funun ve gen\u00e7li\u011finin ge\u00e7ti\u011fi Balbey Mahallesi\u2019ni d\u00f6n\u00fc\u015ft\u00fcrmenin kendisi i\u00e7in \u00f6zel bir anlam ta\u015f\u0131d\u0131\u011f\u0131n\u0131 ifade etmi\u015fti. B\u00f6cek, mahalle sakinlerine verdi\u011fi s\u00f6zde, projenin uzla\u015fma temelinde haz\u0131rland\u0131\u011f\u0131n\u0131 ve rant odakl\u0131 bir d\u00f6n\u00fc\u015f\u00fcm yerine mahalleye de\u011fer katmay\u0131 hedeflediklerini dile getirmi\u015fti. 1,5 y\u0131l i\u00e7inde tamamlanmas\u0131 planlanan projenin 22 bin metrekarelik bir alanda ger\u00e7ekle\u015ftirilece\u011fini ve toplamda 500 milyon TL\u2019ye mal olaca\u011f\u0131n\u0131 a\u00e7\u0131klam\u0131\u015ft\u0131. Proje kapsam\u0131nda 125 hak sahibine ait olan b\u00f6lgede 49 ofis, 15 konut, 33 d\u00fckkan, 2 g\u00fcn\u00fcbirlik konaklama tesisi, 200 ara\u00e7l\u0131k kapal\u0131 otopark, y\u00fcr\u00fcy\u00fc\u015f yollar\u0131, s\u00fcs havuzlar\u0131 ve 5 bin metrekarelik ye\u015fil alan yap\u0131lmas\u0131 planlan\u0131yordu. Bu proje, kentin merkezinde hem tarihi hem de modern bir cazibe merkezi yaratmay\u0131 hedefliyordu.<\/p>\n<p>HAYAL KIRIKLI\u011eINA D\u00d6N\u00dc\u015eT\u00dc<\/p>\n<p>Temel atma t\u00f6reni s\u0131ras\u0131nda mahallede b\u00fcy\u00fck bir heyecan yaratan proje, zamanla mahalle sakinleri i\u00e7in hayal k\u0131r\u0131kl\u0131\u011f\u0131na d\u00f6n\u00fc\u015ft\u00fc. Aradan ge\u00e7en 10 ayda projede herhangi bir ilerleme sa\u011flanamad\u0131. Mahallede sadece y\u0131k\u0131mlar\u0131n tamamland\u0131\u011f\u0131 ve temel atma t\u00f6reni s\u0131ras\u0131nda yap\u0131lan a\u00e7\u0131klamalar\u0131n \u00f6tesine ge\u00e7ilmedi\u011fi g\u00f6r\u00fcld\u00fc. Antalya K\u00f6rfez Gazetesi, temel atma t\u00f6reninden 10 ay sonra, s\u00f6z konusu alan\u0131 yerinde g\u00f6r\u00fcnt\u00fcledi. Ancak alanda herhangi bir in\u015faat faaliyeti g\u00f6r\u00fclmedi. Projenin ba\u015f\u0131nda duyurulan 1,5 y\u0131ll\u0131k s\u00fcrecin geride kalan 10 ay\u0131nda ya\u015fanan durgunluk, mahalle sakinlerini tedirgin etti.<\/p>\n<p>HAYALLER\u0130M\u0130Z YIKILIYOR<\/p>\n<p>Antalya K\u00f6rfez Gazetesi muhabiri Ertu\u011frul G\u00fcn&#8217;\u00fcn haberine g\u00f6re Balbey Mahallesi\u2019nde ya\u015fayan vatanda\u015flar, projede herhangi bir ilerleme kaydedilmemesinden duyduklar\u0131 rahats\u0131zl\u0131\u011f\u0131 dile getirdi. Mahalle sakinlerinden biri, \u201cBa\u015fkan\u0131m\u0131z kendi att\u0131\u011f\u0131 temeli unuttu. Oysa buras\u0131 belediye binas\u0131na sadece 1 kilometre uzakl\u0131kta. Her se\u00e7im d\u00f6neminden sonra hayallerimizin y\u0131k\u0131lmas\u0131ndan rahats\u0131zl\u0131k duyuyoruz\u201d ifadelerini kulland\u0131.<\/p>\n<p>B\u0130RAZ DAHA SABIR EDECE\u011e\u0130Z<\/p>\n<p>Mahalle muhtar\u0131 Abdullah Uyaro\u011flu da duruma tepkisini dile getirerek, \u201cTemelin neden ilerlemedi\u011fi y\u00f6n\u00fcnde bize bilgi verilmedi. Proje bir an \u00f6nce yap\u0131lmal\u0131yd\u0131. M\u00fclkiyet sorunu \u00e7\u00f6z\u00fclm\u00fc\u015ft\u00fc, art\u0131k engel kalmam\u0131\u015ft\u0131. Bu mahalleye bu g\u00f6r\u00fcnt\u00fcler yak\u0131\u015fmad\u0131. Bizim mahallemiz kentin en g\u00fczel mahallesi olabilir. Her se\u00e7im de\u011fil her y\u0131l Balbey kentsel d\u00f6n\u00fc\u015f\u00fcmde masaya yat\u0131r\u0131l\u0131yor. 30-40 y\u0131ld\u0131r kimse buraya kazma vurmad\u0131, Muhittin Ba\u015fkan\u0131m\u0131z kendisi vurdu. Menderes T\u00fcrel de kentsel d\u00f6n\u00fc\u015f\u00fcm ofisi a\u00e7m\u0131\u015ft\u0131. San\u0131r\u0131m, biraz daha sab\u0131r edece\u011fiz. Bizim mahallemiz neden hak etti\u011fi de\u011feri alm\u0131yor. G\u00fczel bir mahalle olsun, turistler girsin \u00e7\u0131ks\u0131n\u201d dedi.\u00a0<\/p>\n<p>TERS\u0130NE TABLO<\/p>\n<p>Antalya B\u00fcy\u00fck\u015fehir Belediyesi, bir ay \u00f6nce yay\u0131nlad\u0131\u011f\u0131 bas\u0131n b\u00fclteninde projeyle ilgili baz\u0131 bilgiler payla\u015fm\u0131\u015ft\u0131. A\u00e7\u0131klamada, Balbey Mahallesi\u2019nin 1. Etap Kentsel D\u00f6n\u00fc\u015f\u00fcm Projesi kapsam\u0131nda kamula\u015ft\u0131rma i\u015flemlerinin tamamland\u0131\u011f\u0131 ve bu s\u00fcre\u00e7te engel te\u015fkil eden yap\u0131lar\u0131n y\u0131k\u0131ld\u0131\u011f\u0131 belirtilmi\u015fti. Ayr\u0131ca projenin 22 bin metrekarelik bir in\u015faat alan\u0131 \u00fczerinde ger\u00e7ekle\u015ftirilece\u011fi ve tamamland\u0131\u011f\u0131nda kente yeni bir cazibe merkezi kazand\u0131r\u0131laca\u011f\u0131 ifade edilmi\u015fti. Ancak mahalledeki mevcut durum, bu a\u00e7\u0131klamalara ters bir tablo \u00e7izdi\u011fi g\u00f6r\u00fcld\u00fc. Mahalle sakinleri projenin bir an \u00f6nce somut bir \u015fekilde ilerlemesini bekliyor.\u00a0<\/p>\n<p>\u0130LERLEME YOK<\/p>\n<p>Balbey Mahallesi, Antalya\u2019n\u0131n tarih\u00ee dokusunu koruyan en \u00f6nemli alanlardan biri olmas\u0131n\u0131n yan\u0131 s\u0131ra, kent merkezindeki stratejik konumuyla da dikkat \u00e7ekiyor. Ancak y\u0131llard\u0131r s\u00fcregelen m\u00fclkiyet sorunlar\u0131, projelerin hayata ge\u00e7irilmesini zorla\u015ft\u0131rd\u0131. Muhittin B\u00f6cek\u2019in liderli\u011finde ba\u015flat\u0131lan Balbey Kentsel D\u00f6n\u00fc\u015f\u00fcm Projesi, bu sorunlar\u0131 \u00e7\u00f6zme konusunda \u00f6nemli bir ad\u0131m olarak g\u00f6r\u00fclse de mevcut ilerleme eksikli\u011fi, mahalle i\u00e7in yeni bir hayal k\u0131r\u0131kl\u0131\u011f\u0131 yaratt\u0131.\u00a0<br \/>\n\u00a0<\/p>\n<p>\u200bAntalya B\u00fcy\u00fck\u015fehir Belediye Ba\u015fkan\u0131 Muhittin B\u00f6cek, kentin tarihi mahallelerinden biri olan Balbey Mahallesi\u2019ni d\u00f6n\u00fc\u015ft\u00fcrmek amac\u0131yla 35 y\u0131ll\u0131k sorunlar\u0131 \u00e7\u00f6zmek ad\u0131na ba\u015flatt\u0131\u011f\u0131 Balbey Mahallesi 1. Etap Kentsel Yenileme Projesi ile b\u00fcy\u00fck bir beklenti yaratm\u0131\u015ft\u0131. 13 Mart 2024 tarihinde d\u00fczenlenen temel atma t\u00f6reninden bu yana ge\u00e7en 10 ayda projede somut bir ilerleme sa\u011flanmamas\u0131, mahalle sakinlerinin tepkisine neden oldu.\u00a0<\/p>\n<p>\u200bHaberin Al\u0131nt\u0131land\u0131\u011f\u0131 Kaynak: www.antalyakorfez.com<\/p>","protected":false},"excerpt":{"rendered":"<p>Antalya\u2019n\u0131n tarihi Kalei\u00e7i\u2019nden sonra T\u00fcrklerin yerle\u015fti\u011fi ilk mahalle olarak bilinen Balbey Mahallesi, y\u0131llard\u0131r kentsel d\u00f6n\u00fc\u015f\u00fcm projeleriyle g\u00fcndemdeki yerini koruyor. Ancak mahalledeki m\u00fclkiyet sorunlar\u0131 ve engellemeler nedeniyle bu projeler bir t\u00fcrl\u00fc hayata ge\u00e7irilemedi. Ba\u015fkan Muhittin B\u00f6cek, 13 Mart 2024 tarihinde ger\u00e7ekle\u015ftirdi\u011fi temel atma t\u00f6reniyle, Balbey\u2019in uzun s\u00fcredir bekleyen d\u00f6n\u00fc\u015f\u00fcm s\u00fcrecine son vereceklerini duyurdu. 1,5 YIL S\u00dcRE VER\u0130LD\u0130 Mahallede b\u00fcy\u00fck heyecana neden olan bu temel atma t\u00f6renine Antalya B\u00fcy\u00fck\u015fehir Belediye Ba\u015fkan\u0131 Muhittin B\u00f6cek, CHP Antalya milletvekilleri Cavit Ar\u0131 ve Mustafa Erdem, Balbey Mahalle Muhtar\u0131 Abdullah Uyaro\u011flu, CHP \u0130l Ba\u015fkan\u0131 Nail Kamac\u0131 ve belediye y\u00f6neticileri kat\u0131lm\u0131\u015ft\u0131. T\u00f6ren s\u0131ras\u0131nda konu\u015fan B\u00f6cek, \u00e7ocuklu\u011funun ve gen\u00e7li\u011finin ge\u00e7ti\u011fi Balbey Mahallesi\u2019ni d\u00f6n\u00fc\u015ft\u00fcrmenin kendisi i\u00e7in \u00f6zel bir anlam ta\u015f\u0131d\u0131\u011f\u0131n\u0131 ifade etmi\u015fti. B\u00f6cek, mahalle sakinlerine verdi\u011fi s\u00f6zde, projenin uzla\u015fma temelinde haz\u0131rland\u0131\u011f\u0131n\u0131 ve rant odakl\u0131 bir d\u00f6n\u00fc\u015f\u00fcm yerine mahalleye de\u011fer katmay\u0131 hedeflediklerini dile getirmi\u015fti. 1,5 y\u0131l i\u00e7inde tamamlanmas\u0131 planlanan projenin 22 bin metrekarelik bir alanda ger\u00e7ekle\u015ftirilece\u011fini ve toplamda 500 milyon TL\u2019ye mal olaca\u011f\u0131n\u0131 a\u00e7\u0131klam\u0131\u015ft\u0131. Proje kapsam\u0131nda 125 hak sahibine ait olan b\u00f6lgede 49 ofis, 15 konut, 33 d\u00fckkan, 2 g\u00fcn\u00fcbirlik konaklama tesisi, 200 ara\u00e7l\u0131k kapal\u0131 otopark, y\u00fcr\u00fcy\u00fc\u015f yollar\u0131, s\u00fcs havuzlar\u0131 ve 5 bin metrekarelik ye\u015fil alan yap\u0131lmas\u0131 planlan\u0131yordu. Bu proje, kentin merkezinde hem tarihi hem de modern bir cazibe merkezi yaratmay\u0131 &hellip;<\/p>","protected":false},"author":0,"featured_media":0,"comment_status":"open","ping_status":"open","sticky":false,"template":"","format":"standard","meta":{"_acf_changed":false,"footnotes":""},"categories":[24,535],"tags":[],"class_list":["post-20302","post","type-post","status-publish","format-standard","has-post-thumbnail","hentry","category-gundem","category-uncategorized-tr"],"acf":[],"yoast_head":"<!-- This site is optimized with the Yoast SEO Premium plugin v26.6 (Yoast SEO v27.1.1) - https:\/\/yoast.com\/product\/yoast-seo-premium-wordpress\/ -->\n<title>Muhittin B\u00f6cek\u2019in kentsel d\u00f6n\u00fc\u015f\u00fcm projesi hayalde kald\u0131! Temelden sonra sessizlik! - Av. Deniz Can K\u0131z\u0131l<\/title>\n<meta name=\"robots\" content=\"index, follow, max-snippet:-1, max-image-preview:large, max-video-preview:-1\" \/>\n<link rel=\"canonical\" href=\"https:\/\/denizcankizil.tr\/ru\/haberler\/gundem\/muhittin-bocekin-kentsel-donusum-projesi-hayalde-kaldi-temelden-sonra-sessizlik\/\" \/>\n<meta property=\"og:locale\" content=\"ru_RU\" \/>\n<meta property=\"og:type\" content=\"article\" \/>\n<meta property=\"og:title\" content=\"Muhittin B\u00f6cek\u2019in kentsel d\u00f6n\u00fc\u015f\u00fcm projesi hayalde kald\u0131! Temelden sonra sessizlik!\" \/>\n<meta property=\"og:description\" content=\"Antalya\u2019n\u0131n tarihi Kalei\u00e7i\u2019nden sonra T\u00fcrklerin yerle\u015fti\u011fi ilk mahalle olarak bilinen Balbey Mahallesi, y\u0131llard\u0131r kentsel d\u00f6n\u00fc\u015f\u00fcm projeleriyle g\u00fcndemdeki yerini koruyor. Ancak mahalledeki m\u00fclkiyet sorunlar\u0131 ve engellemeler nedeniyle bu projeler bir t\u00fcrl\u00fc hayata ge\u00e7irilemedi. Ba\u015fkan Muhittin B\u00f6cek, 13 Mart 2024 tarihinde ger\u00e7ekle\u015ftirdi\u011fi temel atma t\u00f6reniyle, Balbey\u2019in uzun s\u00fcredir bekleyen d\u00f6n\u00fc\u015f\u00fcm s\u00fcrecine son vereceklerini duyurdu. 1,5 YIL S\u00dcRE VER\u0130LD\u0130 Mahallede b\u00fcy\u00fck heyecana neden olan bu temel atma t\u00f6renine Antalya B\u00fcy\u00fck\u015fehir Belediye Ba\u015fkan\u0131 Muhittin B\u00f6cek, CHP Antalya milletvekilleri Cavit Ar\u0131 ve Mustafa Erdem, Balbey Mahalle Muhtar\u0131 Abdullah Uyaro\u011flu, CHP \u0130l Ba\u015fkan\u0131 Nail Kamac\u0131 ve belediye y\u00f6neticileri kat\u0131lm\u0131\u015ft\u0131. T\u00f6ren s\u0131ras\u0131nda konu\u015fan B\u00f6cek, \u00e7ocuklu\u011funun ve gen\u00e7li\u011finin ge\u00e7ti\u011fi Balbey Mahallesi\u2019ni d\u00f6n\u00fc\u015ft\u00fcrmenin kendisi i\u00e7in \u00f6zel bir anlam ta\u015f\u0131d\u0131\u011f\u0131n\u0131 ifade etmi\u015fti. B\u00f6cek, mahalle sakinlerine verdi\u011fi s\u00f6zde, projenin uzla\u015fma temelinde haz\u0131rland\u0131\u011f\u0131n\u0131 ve rant odakl\u0131 bir d\u00f6n\u00fc\u015f\u00fcm yerine mahalleye de\u011fer katmay\u0131 hedeflediklerini dile getirmi\u015fti. 1,5 y\u0131l i\u00e7inde tamamlanmas\u0131 planlanan projenin 22 bin metrekarelik bir alanda ger\u00e7ekle\u015ftirilece\u011fini ve toplamda 500 milyon TL\u2019ye mal olaca\u011f\u0131n\u0131 a\u00e7\u0131klam\u0131\u015ft\u0131. Proje kapsam\u0131nda 125 hak sahibine ait olan b\u00f6lgede 49 ofis, 15 konut, 33 d\u00fckkan, 2 g\u00fcn\u00fcbirlik konaklama tesisi, 200 ara\u00e7l\u0131k kapal\u0131 otopark, y\u00fcr\u00fcy\u00fc\u015f yollar\u0131, s\u00fcs havuzlar\u0131 ve 5 bin metrekarelik ye\u015fil alan yap\u0131lmas\u0131 planlan\u0131yordu. Bu proje, kentin merkezinde hem tarihi hem de modern bir cazibe merkezi yaratmay\u0131 &hellip;\" \/>\n<meta property=\"og:url\" content=\"https:\/\/denizcankizil.tr\/ru\/haberler\/gundem\/muhittin-bocekin-kentsel-donusum-projesi-hayalde-kaldi-temelden-sonra-sessizlik\/\" \/>\n<meta property=\"og:site_name\" content=\"Av. Deniz Can K\u0131z\u0131l\" \/>\n<meta property=\"article:published_time\" content=\"2024-12-12T06:41:27+00:00\" \/>\n<meta name=\"twitter:card\" content=\"summary_large_image\" \/>\n<meta name=\"twitter:label1\" content=\"\u041f\u0440\u0438\u043c\u0435\u0440\u043d\u043e\u0435 \u0432\u0440\u0435\u043c\u044f \u0434\u043b\u044f \u0447\u0442\u0435\u043d\u0438\u044f\" \/>\n\t<meta name=\"twitter:data1\" content=\"4 \u043c\u0438\u043d\u0443\u0442\u044b\" \/>\n<script type=\"application\/ld+json\" class=\"yoast-schema-graph\">{\"@context\":\"https:\/\/schema.org\",\"@graph\":[{\"@type\":\"Article\",\"@id\":\"https:\/\/denizcankizil.tr\/ru\/haberler\/gundem\/muhittin-bocekin-kentsel-donusum-projesi-hayalde-kaldi-temelden-sonra-sessizlik\/#article\",\"isPartOf\":{\"@id\":\"https:\/\/denizcankizil.tr\/ru\/haberler\/gundem\/muhittin-bocekin-kentsel-donusum-projesi-hayalde-kaldi-temelden-sonra-sessizlik\/\"},\"author\":{\"name\":\"\",\"@id\":\"\"},\"headline\":\"Muhittin B\u00f6cek\u2019in kentsel d\u00f6n\u00fc\u015f\u00fcm projesi hayalde kald\u0131! Temelden sonra sessizlik!\",\"datePublished\":\"2024-12-12T06:41:27+00:00\",\"mainEntityOfPage\":{\"@id\":\"https:\/\/denizcankizil.tr\/ru\/haberler\/gundem\/muhittin-bocekin-kentsel-donusum-projesi-hayalde-kaldi-temelden-sonra-sessizlik\/\"},\"wordCount\":899,\"commentCount\":0,\"publisher\":{\"@id\":\"https:\/\/denizcankizil.tr\/#organization\"},\"articleSection\":[\"G\u00fcndem\",\"Uncategorized\"],\"inLanguage\":\"ru-RU\",\"potentialAction\":[{\"@type\":\"CommentAction\",\"name\":\"Comment\",\"target\":[\"https:\/\/denizcankizil.tr\/ru\/haberler\/gundem\/muhittin-bocekin-kentsel-donusum-projesi-hayalde-kaldi-temelden-sonra-sessizlik\/#respond\"]}]},{\"@type\":\"WebPage\",\"@id\":\"https:\/\/denizcankizil.tr\/ru\/haberler\/gundem\/muhittin-bocekin-kentsel-donusum-projesi-hayalde-kaldi-temelden-sonra-sessizlik\/\",\"url\":\"https:\/\/denizcankizil.tr\/ru\/haberler\/gundem\/muhittin-bocekin-kentsel-donusum-projesi-hayalde-kaldi-temelden-sonra-sessizlik\/\",\"name\":\"Muhittin B\u00f6cek\u2019in kentsel d\u00f6n\u00fc\u015f\u00fcm projesi hayalde kald\u0131! Temelden sonra sessizlik! - Av. Deniz Can K\u0131z\u0131l\",\"isPartOf\":{\"@id\":\"https:\/\/denizcankizil.tr\/#website\"},\"datePublished\":\"2024-12-12T06:41:27+00:00\",\"breadcrumb\":{\"@id\":\"https:\/\/denizcankizil.tr\/ru\/haberler\/gundem\/muhittin-bocekin-kentsel-donusum-projesi-hayalde-kaldi-temelden-sonra-sessizlik\/#breadcrumb\"},\"inLanguage\":\"ru-RU\",\"potentialAction\":[{\"@type\":\"ReadAction\",\"target\":[\"https:\/\/denizcankizil.tr\/ru\/haberler\/gundem\/muhittin-bocekin-kentsel-donusum-projesi-hayalde-kaldi-temelden-sonra-sessizlik\/\"]}]},{\"@type\":\"BreadcrumbList\",\"@id\":\"https:\/\/denizcankizil.tr\/ru\/haberler\/gundem\/muhittin-bocekin-kentsel-donusum-projesi-hayalde-kaldi-temelden-sonra-sessizlik\/#breadcrumb\",\"itemListElement\":[{\"@type\":\"ListItem\",\"position\":1,\"name\":\"Home\",\"item\":\"https:\/\/denizcankizil.tr\/de\/\"},{\"@type\":\"ListItem\",\"position\":2,\"name\":\"Muhittin B\u00f6cek\u2019in kentsel d\u00f6n\u00fc\u015f\u00fcm projesi hayalde kald\u0131! Temelden sonra sessizlik!\"}]},{\"@type\":\"WebSite\",\"@id\":\"https:\/\/denizcankizil.tr\/#website\",\"url\":\"https:\/\/denizcankizil.tr\/\",\"name\":\"Av. Deniz Can K\u0131z\u0131l\",\"description\":\"Avukat Deniz Can K\u0131z\u0131l Antalya Barosu\",\"publisher\":{\"@id\":\"https:\/\/denizcankizil.tr\/#organization\"},\"potentialAction\":[{\"@type\":\"SearchAction\",\"target\":{\"@type\":\"EntryPoint\",\"urlTemplate\":\"https:\/\/denizcankizil.tr\/?s={search_term_string}\"},\"query-input\":{\"@type\":\"PropertyValueSpecification\",\"valueRequired\":true,\"valueName\":\"search_term_string\"}}],\"inLanguage\":\"ru-RU\"},{\"@type\":\"Organization\",\"@id\":\"https:\/\/denizcankizil.tr\/#organization\",\"name\":\"Av. Deniz Can K\u0131z\u0131l\",\"url\":\"https:\/\/denizcankizil.tr\/\",\"logo\":{\"@type\":\"ImageObject\",\"inLanguage\":\"ru-RU\",\"@id\":\"https:\/\/denizcankizil.tr\/#\/schema\/logo\/image\/\",\"url\":\"https:\/\/denizcankizil.tr\/wp-content\/uploads\/2024\/10\/siyah-logo-svg.svg\",\"contentUrl\":\"https:\/\/denizcankizil.tr\/wp-content\/uploads\/2024\/10\/siyah-logo-svg.svg\",\"width\":1080,\"height\":1080,\"caption\":\"Av. Deniz Can K\u0131z\u0131l\"},\"image\":{\"@id\":\"https:\/\/denizcankizil.tr\/#\/schema\/logo\/image\/\"}}]}<\/script>\n<!-- \/ Yoast SEO Premium plugin. -->","yoast_head_json":{"title":"Muhittin B\u00f6cek\u2019in kentsel d\u00f6n\u00fc\u015f\u00fcm projesi hayalde kald\u0131! Temelden sonra sessizlik! - Av. Deniz Can K\u0131z\u0131l","robots":{"index":"index","follow":"follow","max-snippet":"max-snippet:-1","max-image-preview":"max-image-preview:large","max-video-preview":"max-video-preview:-1"},"canonical":"https:\/\/denizcankizil.tr\/ru\/haberler\/gundem\/muhittin-bocekin-kentsel-donusum-projesi-hayalde-kaldi-temelden-sonra-sessizlik\/","og_locale":"ru_RU","og_type":"article","og_title":"Muhittin B\u00f6cek\u2019in kentsel d\u00f6n\u00fc\u015f\u00fcm projesi hayalde kald\u0131! Temelden sonra sessizlik!","og_description":"Antalya\u2019n\u0131n tarihi Kalei\u00e7i\u2019nden sonra T\u00fcrklerin yerle\u015fti\u011fi ilk mahalle olarak bilinen Balbey Mahallesi, y\u0131llard\u0131r kentsel d\u00f6n\u00fc\u015f\u00fcm projeleriyle g\u00fcndemdeki yerini koruyor. Ancak mahalledeki m\u00fclkiyet sorunlar\u0131 ve engellemeler nedeniyle bu projeler bir t\u00fcrl\u00fc hayata ge\u00e7irilemedi. Ba\u015fkan Muhittin B\u00f6cek, 13 Mart 2024 tarihinde ger\u00e7ekle\u015ftirdi\u011fi temel atma t\u00f6reniyle, Balbey\u2019in uzun s\u00fcredir bekleyen d\u00f6n\u00fc\u015f\u00fcm s\u00fcrecine son vereceklerini duyurdu. 1,5 YIL S\u00dcRE VER\u0130LD\u0130 Mahallede b\u00fcy\u00fck heyecana neden olan bu temel atma t\u00f6renine Antalya B\u00fcy\u00fck\u015fehir Belediye Ba\u015fkan\u0131 Muhittin B\u00f6cek, CHP Antalya milletvekilleri Cavit Ar\u0131 ve Mustafa Erdem, Balbey Mahalle Muhtar\u0131 Abdullah Uyaro\u011flu, CHP \u0130l Ba\u015fkan\u0131 Nail Kamac\u0131 ve belediye y\u00f6neticileri kat\u0131lm\u0131\u015ft\u0131. T\u00f6ren s\u0131ras\u0131nda konu\u015fan B\u00f6cek, \u00e7ocuklu\u011funun ve gen\u00e7li\u011finin ge\u00e7ti\u011fi Balbey Mahallesi\u2019ni d\u00f6n\u00fc\u015ft\u00fcrmenin kendisi i\u00e7in \u00f6zel bir anlam ta\u015f\u0131d\u0131\u011f\u0131n\u0131 ifade etmi\u015fti. B\u00f6cek, mahalle sakinlerine verdi\u011fi s\u00f6zde, projenin uzla\u015fma temelinde haz\u0131rland\u0131\u011f\u0131n\u0131 ve rant odakl\u0131 bir d\u00f6n\u00fc\u015f\u00fcm yerine mahalleye de\u011fer katmay\u0131 hedeflediklerini dile getirmi\u015fti. 1,5 y\u0131l i\u00e7inde tamamlanmas\u0131 planlanan projenin 22 bin metrekarelik bir alanda ger\u00e7ekle\u015ftirilece\u011fini ve toplamda 500 milyon TL\u2019ye mal olaca\u011f\u0131n\u0131 a\u00e7\u0131klam\u0131\u015ft\u0131. Proje kapsam\u0131nda 125 hak sahibine ait olan b\u00f6lgede 49 ofis, 15 konut, 33 d\u00fckkan, 2 g\u00fcn\u00fcbirlik konaklama tesisi, 200 ara\u00e7l\u0131k kapal\u0131 otopark, y\u00fcr\u00fcy\u00fc\u015f yollar\u0131, s\u00fcs havuzlar\u0131 ve 5 bin metrekarelik ye\u015fil alan yap\u0131lmas\u0131 planlan\u0131yordu. Bu proje, kentin merkezinde hem tarihi hem de modern bir cazibe merkezi yaratmay\u0131 &hellip;","og_url":"https:\/\/denizcankizil.tr\/ru\/haberler\/gundem\/muhittin-bocekin-kentsel-donusum-projesi-hayalde-kaldi-temelden-sonra-sessizlik\/","og_site_name":"Av. Deniz Can K\u0131z\u0131l","article_published_time":"2024-12-12T06:41:27+00:00","twitter_card":"summary_large_image","twitter_misc":{"\u041f\u0440\u0438\u043c\u0435\u0440\u043d\u043e\u0435 \u0432\u0440\u0435\u043c\u044f \u0434\u043b\u044f \u0447\u0442\u0435\u043d\u0438\u044f":"4 \u043c\u0438\u043d\u0443\u0442\u044b"},"schema":{"@context":"https:\/\/schema.org","@graph":[{"@type":"Article","@id":"https:\/\/denizcankizil.tr\/ru\/haberler\/gundem\/muhittin-bocekin-kentsel-donusum-projesi-hayalde-kaldi-temelden-sonra-sessizlik\/#article","isPartOf":{"@id":"https:\/\/denizcankizil.tr\/ru\/haberler\/gundem\/muhittin-bocekin-kentsel-donusum-projesi-hayalde-kaldi-temelden-sonra-sessizlik\/"},"author":{"name":"","@id":""},"headline":"Muhittin B\u00f6cek\u2019in kentsel d\u00f6n\u00fc\u015f\u00fcm projesi hayalde kald\u0131! Temelden sonra sessizlik!","datePublished":"2024-12-12T06:41:27+00:00","mainEntityOfPage":{"@id":"https:\/\/denizcankizil.tr\/ru\/haberler\/gundem\/muhittin-bocekin-kentsel-donusum-projesi-hayalde-kaldi-temelden-sonra-sessizlik\/"},"wordCount":899,"commentCount":0,"publisher":{"@id":"https:\/\/denizcankizil.tr\/#organization"},"articleSection":["G\u00fcndem","Uncategorized"],"inLanguage":"ru-RU","potentialAction":[{"@type":"CommentAction","name":"Comment","target":["https:\/\/denizcankizil.tr\/ru\/haberler\/gundem\/muhittin-bocekin-kentsel-donusum-projesi-hayalde-kaldi-temelden-sonra-sessizlik\/#respond"]}]},{"@type":"WebPage","@id":"https:\/\/denizcankizil.tr\/ru\/haberler\/gundem\/muhittin-bocekin-kentsel-donusum-projesi-hayalde-kaldi-temelden-sonra-sessizlik\/","url":"https:\/\/denizcankizil.tr\/ru\/haberler\/gundem\/muhittin-bocekin-kentsel-donusum-projesi-hayalde-kaldi-temelden-sonra-sessizlik\/","name":"Muhittin B\u00f6cek\u2019in kentsel d\u00f6n\u00fc\u015f\u00fcm projesi hayalde kald\u0131! Temelden sonra sessizlik! - Av. Deniz Can K\u0131z\u0131l","isPartOf":{"@id":"https:\/\/denizcankizil.tr\/#website"},"datePublished":"2024-12-12T06:41:27+00:00","breadcrumb":{"@id":"https:\/\/denizcankizil.tr\/ru\/haberler\/gundem\/muhittin-bocekin-kentsel-donusum-projesi-hayalde-kaldi-temelden-sonra-sessizlik\/#breadcrumb"},"inLanguage":"ru-RU","potentialAction":[{"@type":"ReadAction","target":["https:\/\/denizcankizil.tr\/ru\/haberler\/gundem\/muhittin-bocekin-kentsel-donusum-projesi-hayalde-kaldi-temelden-sonra-sessizlik\/"]}]},{"@type":"BreadcrumbList","@id":"https:\/\/denizcankizil.tr\/ru\/haberler\/gundem\/muhittin-bocekin-kentsel-donusum-projesi-hayalde-kaldi-temelden-sonra-sessizlik\/#breadcrumb","itemListElement":[{"@type":"ListItem","position":1,"name":"Home","item":"https:\/\/denizcankizil.tr\/de\/"},{"@type":"ListItem","position":2,"name":"Muhittin B\u00f6cek\u2019in kentsel d\u00f6n\u00fc\u015f\u00fcm projesi hayalde kald\u0131! Temelden sonra sessizlik!"}]},{"@type":"WebSite","@id":"https:\/\/denizcankizil.tr\/#website","url":"https:\/\/denizcankizil.tr\/","name":"Av. Deniz Can K\u0131z\u0131l","description":"Avukat Deniz Can K\u0131z\u0131l Antalya Barosu","publisher":{"@id":"https:\/\/denizcankizil.tr\/#organization"},"potentialAction":[{"@type":"SearchAction","target":{"@type":"EntryPoint","urlTemplate":"https:\/\/denizcankizil.tr\/?s={search_term_string}"},"query-input":{"@type":"PropertyValueSpecification","valueRequired":true,"valueName":"search_term_string"}}],"inLanguage":"ru-RU"},{"@type":"Organization","@id":"https:\/\/denizcankizil.tr\/#organization","name":"Av. Deniz Can K\u0131z\u0131l","url":"https:\/\/denizcankizil.tr\/","logo":{"@type":"ImageObject","inLanguage":"ru-RU","@id":"https:\/\/denizcankizil.tr\/#\/schema\/logo\/image\/","url":"https:\/\/denizcankizil.tr\/wp-content\/uploads\/2024\/10\/siyah-logo-svg.svg","contentUrl":"https:\/\/denizcankizil.tr\/wp-content\/uploads\/2024\/10\/siyah-logo-svg.svg","width":1080,"height":1080,"caption":"Av. Deniz Can K\u0131z\u0131l"},"image":{"@id":"https:\/\/denizcankizil.tr\/#\/schema\/logo\/image\/"}}]}},"_links":{"self":[{"href":"https:\/\/denizcankizil.tr\/ru\/wp-json\/wp\/v2\/posts\/20302","targetHints":{"allow":["GET"]}}],"collection":[{"href":"https:\/\/denizcankizil.tr\/ru\/wp-json\/wp\/v2\/posts"}],"about":[{"href":"https:\/\/denizcankizil.tr\/ru\/wp-json\/wp\/v2\/types\/post"}],"replies":[{"embeddable":true,"href":"https:\/\/denizcankizil.tr\/ru\/wp-json\/wp\/v2\/comments?post=20302"}],"version-history":[{"count":0,"href":"https:\/\/denizcankizil.tr\/ru\/wp-json\/wp\/v2\/posts\/20302\/revisions"}],"wp:attachment":[{"href":"https:\/\/denizcankizil.tr\/ru\/wp-json\/wp\/v2\/media?parent=20302"}],"wp:term":[{"taxonomy":"category","embeddable":true,"href":"https:\/\/denizcankizil.tr\/ru\/wp-json\/wp\/v2\/categories?post=20302"},{"taxonomy":"post_tag","embeddable":true,"href":"https:\/\/denizcankizil.tr\/ru\/wp-json\/wp\/v2\/tags?post=20302"}],"curies":[{"name":"wp","href":"https:\/\/api.w.org\/{rel}","templated":true}]}}