{"id":20292,"date":"2024-12-12T08:41:33","date_gmt":"2024-12-12T05:41:33","guid":{"rendered":"https:\/\/denizcankizil.tr\/uncategorized-tr\/niluferde-toprak-ana-gununde-gidanin-gelecegi-konusuldu\/"},"modified":"2024-12-12T08:41:33","modified_gmt":"2024-12-12T05:41:33","slug":"niluferde-toprak-ana-gununde-gidanin-gelecegi-konusuldu","status":"publish","type":"post","link":"https:\/\/denizcankizil.tr\/ru\/haberler\/gundem\/niluferde-toprak-ana-gununde-gidanin-gelecegi-konusuldu\/","title":{"rendered":"Nil\u00fcfer\u2019de Toprak Ana G\u00fcn\u00fc\u2019nde g\u0131dan\u0131n gelece\u011fi konu\u015fuldu"},"content":{"rendered":"<p>Nil\u00fcfer Belediyesi ve Nil\u00fcfer Kent Konseyi\u2019nin birlikte d\u00fczenledi\u011fi Toprak Ana G\u00fcn\u00fc etkinli\u011finde, sa\u011fl\u0131kl\u0131 ve eri\u015filebilir g\u0131dan\u0131n \u00f6nemi vurgulan\u0131rken, g\u0131da krizine kar\u015f\u0131 kolektif dayan\u0131\u015fma \u00e7a\u011fr\u0131s\u0131 yap\u0131ld\u0131.<\/p>\n<p>\u200bNil\u00fcfer Belediyesi ve Nil\u00fcfer Kent Konseyi\u2019nin birlikte d\u00fczenledi\u011fi Toprak Ana G\u00fcn\u00fc etkinli\u011finde, sa\u011fl\u0131kl\u0131 ve eri\u015filebilir g\u0131dan\u0131n \u00f6nemi vurgulan\u0131rken, g\u0131da krizine kar\u015f\u0131 kolektif dayan\u0131\u015fma \u00e7a\u011fr\u0131s\u0131 yap\u0131ld\u0131.\u00a0<\/p>\n<p>\u200bHaberin Al\u0131nt\u0131land\u0131\u011f\u0131 Kaynak: www.iskenderun.org<\/p>","protected":false},"excerpt":{"rendered":"<p>Nil\u00fcfer Belediyesi ve Nil\u00fcfer Kent Konseyi\u2019nin birlikte d\u00fczenledi\u011fi Toprak Ana G\u00fcn\u00fc etkinli\u011finde, sa\u011fl\u0131kl\u0131 ve eri\u015filebilir g\u0131dan\u0131n \u00f6nemi vurgulan\u0131rken, g\u0131da krizine kar\u015f\u0131 kolektif dayan\u0131\u015fma \u00e7a\u011fr\u0131s\u0131 yap\u0131ld\u0131. \u200bNil\u00fcfer Belediyesi ve Nil\u00fcfer Kent Konseyi\u2019nin birlikte d\u00fczenledi\u011fi Toprak Ana G\u00fcn\u00fc etkinli\u011finde, sa\u011fl\u0131kl\u0131 ve eri\u015filebilir g\u0131dan\u0131n \u00f6nemi vurgulan\u0131rken, g\u0131da krizine kar\u015f\u0131 kolektif dayan\u0131\u015fma \u00e7a\u011fr\u0131s\u0131 yap\u0131ld\u0131.\u00a0 \u200bHaberin Al\u0131nt\u0131land\u0131\u011f\u0131 Kaynak: www.iskenderun.org<\/p>","protected":false},"author":0,"featured_media":0,"comment_status":"open","ping_status":"open","sticky":false,"template":"","format":"standard","meta":{"_acf_changed":false,"footnotes":""},"categories":[24,535],"tags":[],"class_list":["post-20292","post","type-post","status-publish","format-standard","has-post-thumbnail","hentry","category-gundem","category-uncategorized-tr"],"acf":[],"yoast_head":"<!-- This site is optimized with the Yoast SEO Premium plugin v26.6 (Yoast SEO v27.1.1) - https:\/\/yoast.com\/product\/yoast-seo-premium-wordpress\/ -->\n<title>Nil\u00fcfer\u2019de Toprak Ana G\u00fcn\u00fc\u2019nde g\u0131dan\u0131n gelece\u011fi konu\u015fuldu - Av. Deniz Can K\u0131z\u0131l<\/title>\n<meta name=\"robots\" content=\"index, follow, max-snippet:-1, max-image-preview:large, max-video-preview:-1\" \/>\n<link rel=\"canonical\" href=\"https:\/\/denizcankizil.tr\/ru\/haberler\/gundem\/niluferde-toprak-ana-gununde-gidanin-gelecegi-konusuldu\/\" \/>\n<meta property=\"og:locale\" content=\"ru_RU\" \/>\n<meta property=\"og:type\" content=\"article\" \/>\n<meta property=\"og:title\" content=\"Nil\u00fcfer\u2019de Toprak Ana G\u00fcn\u00fc\u2019nde g\u0131dan\u0131n gelece\u011fi konu\u015fuldu\" \/>\n<meta property=\"og:description\" content=\"Nil\u00fcfer Belediyesi ve Nil\u00fcfer Kent Konseyi\u2019nin birlikte d\u00fczenledi\u011fi Toprak Ana G\u00fcn\u00fc etkinli\u011finde, sa\u011fl\u0131kl\u0131 ve eri\u015filebilir g\u0131dan\u0131n \u00f6nemi vurgulan\u0131rken, g\u0131da krizine kar\u015f\u0131 kolektif dayan\u0131\u015fma \u00e7a\u011fr\u0131s\u0131 yap\u0131ld\u0131. \u200bNil\u00fcfer Belediyesi ve Nil\u00fcfer Kent Konseyi\u2019nin birlikte d\u00fczenledi\u011fi Toprak Ana G\u00fcn\u00fc etkinli\u011finde, sa\u011fl\u0131kl\u0131 ve eri\u015filebilir g\u0131dan\u0131n \u00f6nemi vurgulan\u0131rken, g\u0131da krizine kar\u015f\u0131 kolektif dayan\u0131\u015fma \u00e7a\u011fr\u0131s\u0131 yap\u0131ld\u0131.\u00a0 \u200bHaberin Al\u0131nt\u0131land\u0131\u011f\u0131 Kaynak: www.iskenderun.org\" \/>\n<meta property=\"og:url\" content=\"https:\/\/denizcankizil.tr\/ru\/haberler\/gundem\/niluferde-toprak-ana-gununde-gidanin-gelecegi-konusuldu\/\" \/>\n<meta property=\"og:site_name\" content=\"Av. Deniz Can K\u0131z\u0131l\" \/>\n<meta property=\"article:published_time\" content=\"2024-12-12T05:41:33+00:00\" \/>\n<meta name=\"twitter:card\" content=\"summary_large_image\" \/>\n<script type=\"application\/ld+json\" class=\"yoast-schema-graph\">{\"@context\":\"https:\/\/schema.org\",\"@graph\":[{\"@type\":\"Article\",\"@id\":\"https:\/\/denizcankizil.tr\/ru\/haberler\/gundem\/niluferde-toprak-ana-gununde-gidanin-gelecegi-konusuldu\/#article\",\"isPartOf\":{\"@id\":\"https:\/\/denizcankizil.tr\/ru\/haberler\/gundem\/niluferde-toprak-ana-gununde-gidanin-gelecegi-konusuldu\/\"},\"author\":{\"name\":\"\",\"@id\":\"\"},\"headline\":\"Nil\u00fcfer\u2019de Toprak Ana G\u00fcn\u00fc\u2019nde g\u0131dan\u0131n gelece\u011fi konu\u015fuldu\",\"datePublished\":\"2024-12-12T05:41:33+00:00\",\"mainEntityOfPage\":{\"@id\":\"https:\/\/denizcankizil.tr\/ru\/haberler\/gundem\/niluferde-toprak-ana-gununde-gidanin-gelecegi-konusuldu\/\"},\"wordCount\":109,\"commentCount\":0,\"publisher\":{\"@id\":\"https:\/\/denizcankizil.tr\/de\/#organization\"},\"articleSection\":[\"G\u00fcndem\",\"Uncategorized\"],\"inLanguage\":\"ru-RU\",\"potentialAction\":[{\"@type\":\"CommentAction\",\"name\":\"Comment\",\"target\":[\"https:\/\/denizcankizil.tr\/ru\/haberler\/gundem\/niluferde-toprak-ana-gununde-gidanin-gelecegi-konusuldu\/#respond\"]}]},{\"@type\":\"WebPage\",\"@id\":\"https:\/\/denizcankizil.tr\/ru\/haberler\/gundem\/niluferde-toprak-ana-gununde-gidanin-gelecegi-konusuldu\/\",\"url\":\"https:\/\/denizcankizil.tr\/ru\/haberler\/gundem\/niluferde-toprak-ana-gununde-gidanin-gelecegi-konusuldu\/\",\"name\":\"Nil\u00fcfer\u2019de Toprak Ana G\u00fcn\u00fc\u2019nde g\u0131dan\u0131n gelece\u011fi konu\u015fuldu - Av. Deniz Can K\u0131z\u0131l\",\"isPartOf\":{\"@id\":\"https:\/\/denizcankizil.tr\/de\/#website\"},\"datePublished\":\"2024-12-12T05:41:33+00:00\",\"breadcrumb\":{\"@id\":\"https:\/\/denizcankizil.tr\/ru\/haberler\/gundem\/niluferde-toprak-ana-gununde-gidanin-gelecegi-konusuldu\/#breadcrumb\"},\"inLanguage\":\"ru-RU\",\"potentialAction\":[{\"@type\":\"ReadAction\",\"target\":[\"https:\/\/denizcankizil.tr\/ru\/haberler\/gundem\/niluferde-toprak-ana-gununde-gidanin-gelecegi-konusuldu\/\"]}]},{\"@type\":\"BreadcrumbList\",\"@id\":\"https:\/\/denizcankizil.tr\/ru\/haberler\/gundem\/niluferde-toprak-ana-gununde-gidanin-gelecegi-konusuldu\/#breadcrumb\",\"itemListElement\":[{\"@type\":\"ListItem\",\"position\":1,\"name\":\"Home\",\"item\":\"https:\/\/denizcankizil.tr\/de\/\"},{\"@type\":\"ListItem\",\"position\":2,\"name\":\"Nil\u00fcfer\u2019de Toprak Ana G\u00fcn\u00fc\u2019nde g\u0131dan\u0131n gelece\u011fi konu\u015fuldu\"}]},{\"@type\":\"WebSite\",\"@id\":\"https:\/\/denizcankizil.tr\/de\/#website\",\"url\":\"https:\/\/denizcankizil.tr\/de\/\",\"name\":\"Av. Deniz Can K\u0131z\u0131l\",\"description\":\"Avukat Deniz Can K\u0131z\u0131l Antalya Barosu\",\"publisher\":{\"@id\":\"https:\/\/denizcankizil.tr\/de\/#organization\"},\"potentialAction\":[{\"@type\":\"SearchAction\",\"target\":{\"@type\":\"EntryPoint\",\"urlTemplate\":\"https:\/\/denizcankizil.tr\/de\/?s={search_term_string}\"},\"query-input\":{\"@type\":\"PropertyValueSpecification\",\"valueRequired\":true,\"valueName\":\"search_term_string\"}}],\"inLanguage\":\"ru-RU\"},{\"@type\":\"Organization\",\"@id\":\"https:\/\/denizcankizil.tr\/de\/#organization\",\"name\":\"Av. Deniz Can K\u0131z\u0131l\",\"url\":\"https:\/\/denizcankizil.tr\/de\/\",\"logo\":{\"@type\":\"ImageObject\",\"inLanguage\":\"ru-RU\",\"@id\":\"https:\/\/denizcankizil.tr\/de\/#\/schema\/logo\/image\/\",\"url\":\"https:\/\/denizcankizil.tr\/wp-content\/uploads\/2024\/10\/siyah-logo-svg.svg\",\"contentUrl\":\"https:\/\/denizcankizil.tr\/wp-content\/uploads\/2024\/10\/siyah-logo-svg.svg\",\"width\":1080,\"height\":1080,\"caption\":\"Av. Deniz Can K\u0131z\u0131l\"},\"image\":{\"@id\":\"https:\/\/denizcankizil.tr\/de\/#\/schema\/logo\/image\/\"}}]}<\/script>\n<!-- \/ Yoast SEO Premium plugin. -->","yoast_head_json":{"title":"Nil\u00fcfer\u2019de Toprak Ana G\u00fcn\u00fc\u2019nde g\u0131dan\u0131n gelece\u011fi konu\u015fuldu - Av. Deniz Can K\u0131z\u0131l","robots":{"index":"index","follow":"follow","max-snippet":"max-snippet:-1","max-image-preview":"max-image-preview:large","max-video-preview":"max-video-preview:-1"},"canonical":"https:\/\/denizcankizil.tr\/ru\/haberler\/gundem\/niluferde-toprak-ana-gununde-gidanin-gelecegi-konusuldu\/","og_locale":"ru_RU","og_type":"article","og_title":"Nil\u00fcfer\u2019de Toprak Ana G\u00fcn\u00fc\u2019nde g\u0131dan\u0131n gelece\u011fi konu\u015fuldu","og_description":"Nil\u00fcfer Belediyesi ve Nil\u00fcfer Kent Konseyi\u2019nin birlikte d\u00fczenledi\u011fi Toprak Ana G\u00fcn\u00fc etkinli\u011finde, sa\u011fl\u0131kl\u0131 ve eri\u015filebilir g\u0131dan\u0131n \u00f6nemi vurgulan\u0131rken, g\u0131da krizine kar\u015f\u0131 kolektif dayan\u0131\u015fma \u00e7a\u011fr\u0131s\u0131 yap\u0131ld\u0131. \u200bNil\u00fcfer Belediyesi ve Nil\u00fcfer Kent Konseyi\u2019nin birlikte d\u00fczenledi\u011fi Toprak Ana G\u00fcn\u00fc etkinli\u011finde, sa\u011fl\u0131kl\u0131 ve eri\u015filebilir g\u0131dan\u0131n \u00f6nemi vurgulan\u0131rken, g\u0131da krizine kar\u015f\u0131 kolektif dayan\u0131\u015fma \u00e7a\u011fr\u0131s\u0131 yap\u0131ld\u0131.\u00a0 \u200bHaberin Al\u0131nt\u0131land\u0131\u011f\u0131 Kaynak: www.iskenderun.org","og_url":"https:\/\/denizcankizil.tr\/ru\/haberler\/gundem\/niluferde-toprak-ana-gununde-gidanin-gelecegi-konusuldu\/","og_site_name":"Av. Deniz Can K\u0131z\u0131l","article_published_time":"2024-12-12T05:41:33+00:00","twitter_card":"summary_large_image","schema":{"@context":"https:\/\/schema.org","@graph":[{"@type":"Article","@id":"https:\/\/denizcankizil.tr\/ru\/haberler\/gundem\/niluferde-toprak-ana-gununde-gidanin-gelecegi-konusuldu\/#article","isPartOf":{"@id":"https:\/\/denizcankizil.tr\/ru\/haberler\/gundem\/niluferde-toprak-ana-gununde-gidanin-gelecegi-konusuldu\/"},"author":{"name":"","@id":""},"headline":"Nil\u00fcfer\u2019de Toprak Ana G\u00fcn\u00fc\u2019nde g\u0131dan\u0131n gelece\u011fi konu\u015fuldu","datePublished":"2024-12-12T05:41:33+00:00","mainEntityOfPage":{"@id":"https:\/\/denizcankizil.tr\/ru\/haberler\/gundem\/niluferde-toprak-ana-gununde-gidanin-gelecegi-konusuldu\/"},"wordCount":109,"commentCount":0,"publisher":{"@id":"https:\/\/denizcankizil.tr\/de\/#organization"},"articleSection":["G\u00fcndem","Uncategorized"],"inLanguage":"ru-RU","potentialAction":[{"@type":"CommentAction","name":"Comment","target":["https:\/\/denizcankizil.tr\/ru\/haberler\/gundem\/niluferde-toprak-ana-gununde-gidanin-gelecegi-konusuldu\/#respond"]}]},{"@type":"WebPage","@id":"https:\/\/denizcankizil.tr\/ru\/haberler\/gundem\/niluferde-toprak-ana-gununde-gidanin-gelecegi-konusuldu\/","url":"https:\/\/denizcankizil.tr\/ru\/haberler\/gundem\/niluferde-toprak-ana-gununde-gidanin-gelecegi-konusuldu\/","name":"Nil\u00fcfer\u2019de Toprak Ana G\u00fcn\u00fc\u2019nde g\u0131dan\u0131n gelece\u011fi konu\u015fuldu - Av. Deniz Can K\u0131z\u0131l","isPartOf":{"@id":"https:\/\/denizcankizil.tr\/de\/#website"},"datePublished":"2024-12-12T05:41:33+00:00","breadcrumb":{"@id":"https:\/\/denizcankizil.tr\/ru\/haberler\/gundem\/niluferde-toprak-ana-gununde-gidanin-gelecegi-konusuldu\/#breadcrumb"},"inLanguage":"ru-RU","potentialAction":[{"@type":"ReadAction","target":["https:\/\/denizcankizil.tr\/ru\/haberler\/gundem\/niluferde-toprak-ana-gununde-gidanin-gelecegi-konusuldu\/"]}]},{"@type":"BreadcrumbList","@id":"https:\/\/denizcankizil.tr\/ru\/haberler\/gundem\/niluferde-toprak-ana-gununde-gidanin-gelecegi-konusuldu\/#breadcrumb","itemListElement":[{"@type":"ListItem","position":1,"name":"Home","item":"https:\/\/denizcankizil.tr\/de\/"},{"@type":"ListItem","position":2,"name":"Nil\u00fcfer\u2019de Toprak Ana G\u00fcn\u00fc\u2019nde g\u0131dan\u0131n gelece\u011fi konu\u015fuldu"}]},{"@type":"WebSite","@id":"https:\/\/denizcankizil.tr\/de\/#website","url":"https:\/\/denizcankizil.tr\/de\/","name":"Av. Deniz Can K\u0131z\u0131l","description":"Avukat Deniz Can K\u0131z\u0131l Antalya Barosu","publisher":{"@id":"https:\/\/denizcankizil.tr\/de\/#organization"},"potentialAction":[{"@type":"SearchAction","target":{"@type":"EntryPoint","urlTemplate":"https:\/\/denizcankizil.tr\/de\/?s={search_term_string}"},"query-input":{"@type":"PropertyValueSpecification","valueRequired":true,"valueName":"search_term_string"}}],"inLanguage":"ru-RU"},{"@type":"Organization","@id":"https:\/\/denizcankizil.tr\/de\/#organization","name":"Av. Deniz Can K\u0131z\u0131l","url":"https:\/\/denizcankizil.tr\/de\/","logo":{"@type":"ImageObject","inLanguage":"ru-RU","@id":"https:\/\/denizcankizil.tr\/de\/#\/schema\/logo\/image\/","url":"https:\/\/denizcankizil.tr\/wp-content\/uploads\/2024\/10\/siyah-logo-svg.svg","contentUrl":"https:\/\/denizcankizil.tr\/wp-content\/uploads\/2024\/10\/siyah-logo-svg.svg","width":1080,"height":1080,"caption":"Av. Deniz Can K\u0131z\u0131l"},"image":{"@id":"https:\/\/denizcankizil.tr\/de\/#\/schema\/logo\/image\/"}}]}},"_links":{"self":[{"href":"https:\/\/denizcankizil.tr\/ru\/wp-json\/wp\/v2\/posts\/20292","targetHints":{"allow":["GET"]}}],"collection":[{"href":"https:\/\/denizcankizil.tr\/ru\/wp-json\/wp\/v2\/posts"}],"about":[{"href":"https:\/\/denizcankizil.tr\/ru\/wp-json\/wp\/v2\/types\/post"}],"replies":[{"embeddable":true,"href":"https:\/\/denizcankizil.tr\/ru\/wp-json\/wp\/v2\/comments?post=20292"}],"version-history":[{"count":0,"href":"https:\/\/denizcankizil.tr\/ru\/wp-json\/wp\/v2\/posts\/20292\/revisions"}],"wp:attachment":[{"href":"https:\/\/denizcankizil.tr\/ru\/wp-json\/wp\/v2\/media?parent=20292"}],"wp:term":[{"taxonomy":"category","embeddable":true,"href":"https:\/\/denizcankizil.tr\/ru\/wp-json\/wp\/v2\/categories?post=20292"},{"taxonomy":"post_tag","embeddable":true,"href":"https:\/\/denizcankizil.tr\/ru\/wp-json\/wp\/v2\/tags?post=20292"}],"curies":[{"name":"wp","href":"https:\/\/api.w.org\/{rel}","templated":true}]}}