{"id":19777,"date":"2024-12-08T08:41:30","date_gmt":"2024-12-08T05:41:30","guid":{"rendered":"https:\/\/denizcankizil.tr\/uncategorized-tr\/antalya-il-emniyet-muduru-arslan-kultur-evini-ziyaret-etti\/"},"modified":"2024-12-08T08:41:30","modified_gmt":"2024-12-08T05:41:30","slug":"antalya-il-emniyet-muduru-arslan-kultur-evini-ziyaret-etti","status":"publish","type":"post","link":"https:\/\/denizcankizil.tr\/ru\/haberler\/gundem\/antalya-il-emniyet-muduru-arslan-kultur-evini-ziyaret-etti\/","title":{"rendered":"Antalya \u0130l Emniyet M\u00fcd\u00fcr\u00fc Arslan, K\u00fclt\u00fcr Evi\u2019ni ziyaret etti"},"content":{"rendered":"<p>Antalya \u0130l Emniyet M\u00fcd\u00fcr\u00fc \u0130lker Arslan, Kemer Belediyesi K\u00fclt\u00fcr Evi\u2019ni ziyaret etti. Ziyaret s\u0131ras\u0131nda Arslan\u2019a \u0130l Emniyet M\u00fcd\u00fcr yard\u0131mc\u0131s\u0131 Berhan Ergen\u00e7 ve \u0130l\u00e7e Emniyet M\u00fcd\u00fcr vekili Y\u0131ld\u0131r\u0131m \u00dcnal e\u015flik etti.<\/p>\n<p>\u200bAntalya \u0130l Emniyet M\u00fcd\u00fcr\u00fc \u0130lker Arslan, Kemer Belediyesi K\u00fclt\u00fcr Evi\u2019ni ziyaret etti. Ziyaret s\u0131ras\u0131nda Arslan\u2019a \u0130l Emniyet M\u00fcd\u00fcr yard\u0131mc\u0131s\u0131 Berhan Ergen\u00e7 ve \u0130l\u00e7e Emniyet M\u00fcd\u00fcr vekili Y\u0131ld\u0131r\u0131m \u00dcnal e\u015flik etti.\u00a0<\/p>\n<p>\u200bHaberin Al\u0131nt\u0131land\u0131\u011f\u0131 Kaynak: www.iskenderun.org<\/p>","protected":false},"excerpt":{"rendered":"<p>Antalya \u0130l Emniyet M\u00fcd\u00fcr\u00fc \u0130lker Arslan, Kemer Belediyesi K\u00fclt\u00fcr Evi\u2019ni ziyaret etti. Ziyaret s\u0131ras\u0131nda Arslan\u2019a \u0130l Emniyet M\u00fcd\u00fcr yard\u0131mc\u0131s\u0131 Berhan Ergen\u00e7 ve \u0130l\u00e7e Emniyet M\u00fcd\u00fcr vekili Y\u0131ld\u0131r\u0131m \u00dcnal e\u015flik etti. \u200bAntalya \u0130l Emniyet M\u00fcd\u00fcr\u00fc \u0130lker Arslan, Kemer Belediyesi K\u00fclt\u00fcr Evi\u2019ni ziyaret etti. Ziyaret s\u0131ras\u0131nda Arslan\u2019a \u0130l Emniyet M\u00fcd\u00fcr yard\u0131mc\u0131s\u0131 Berhan Ergen\u00e7 ve \u0130l\u00e7e Emniyet M\u00fcd\u00fcr vekili Y\u0131ld\u0131r\u0131m \u00dcnal e\u015flik etti.\u00a0 \u200bHaberin Al\u0131nt\u0131land\u0131\u011f\u0131 Kaynak: www.iskenderun.org<\/p>","protected":false},"author":0,"featured_media":0,"comment_status":"open","ping_status":"open","sticky":false,"template":"","format":"standard","meta":{"_acf_changed":false,"footnotes":""},"categories":[24,535],"tags":[],"class_list":["post-19777","post","type-post","status-publish","format-standard","has-post-thumbnail","hentry","category-gundem","category-uncategorized-tr"],"acf":[],"yoast_head":"<!-- This site is optimized with the Yoast SEO Premium plugin v26.6 (Yoast SEO v27.1.1) - https:\/\/yoast.com\/product\/yoast-seo-premium-wordpress\/ -->\n<title>Antalya \u0130l Emniyet M\u00fcd\u00fcr\u00fc Arslan, K\u00fclt\u00fcr Evi\u2019ni ziyaret etti - Av. Deniz Can K\u0131z\u0131l<\/title>\n<meta name=\"robots\" content=\"index, follow, max-snippet:-1, max-image-preview:large, max-video-preview:-1\" \/>\n<link rel=\"canonical\" href=\"https:\/\/denizcankizil.tr\/ru\/haberler\/gundem\/antalya-il-emniyet-muduru-arslan-kultur-evini-ziyaret-etti\/\" \/>\n<meta property=\"og:locale\" content=\"ru_RU\" \/>\n<meta property=\"og:type\" content=\"article\" \/>\n<meta property=\"og:title\" content=\"Antalya \u0130l Emniyet M\u00fcd\u00fcr\u00fc Arslan, K\u00fclt\u00fcr Evi\u2019ni ziyaret etti\" \/>\n<meta property=\"og:description\" content=\"Antalya \u0130l Emniyet M\u00fcd\u00fcr\u00fc \u0130lker Arslan, Kemer Belediyesi K\u00fclt\u00fcr Evi\u2019ni ziyaret etti. Ziyaret s\u0131ras\u0131nda Arslan\u2019a \u0130l Emniyet M\u00fcd\u00fcr yard\u0131mc\u0131s\u0131 Berhan Ergen\u00e7 ve \u0130l\u00e7e Emniyet M\u00fcd\u00fcr vekili Y\u0131ld\u0131r\u0131m \u00dcnal e\u015flik etti. \u200bAntalya \u0130l Emniyet M\u00fcd\u00fcr\u00fc \u0130lker Arslan, Kemer Belediyesi K\u00fclt\u00fcr Evi\u2019ni ziyaret etti. Ziyaret s\u0131ras\u0131nda Arslan\u2019a \u0130l Emniyet M\u00fcd\u00fcr yard\u0131mc\u0131s\u0131 Berhan Ergen\u00e7 ve \u0130l\u00e7e Emniyet M\u00fcd\u00fcr vekili Y\u0131ld\u0131r\u0131m \u00dcnal e\u015flik etti.\u00a0 \u200bHaberin Al\u0131nt\u0131land\u0131\u011f\u0131 Kaynak: www.iskenderun.org\" \/>\n<meta property=\"og:url\" content=\"https:\/\/denizcankizil.tr\/ru\/haberler\/gundem\/antalya-il-emniyet-muduru-arslan-kultur-evini-ziyaret-etti\/\" \/>\n<meta property=\"og:site_name\" content=\"Av. Deniz Can K\u0131z\u0131l\" \/>\n<meta property=\"article:published_time\" content=\"2024-12-08T05:41:30+00:00\" \/>\n<meta name=\"twitter:card\" content=\"summary_large_image\" \/>\n<meta name=\"twitter:label1\" content=\"\u041f\u0440\u0438\u043c\u0435\u0440\u043d\u043e\u0435 \u0432\u0440\u0435\u043c\u044f \u0434\u043b\u044f \u0447\u0442\u0435\u043d\u0438\u044f\" \/>\n\t<meta name=\"twitter:data1\" content=\"1 \u043c\u0438\u043d\u0443\u0442\u0430\" \/>\n<script type=\"application\/ld+json\" class=\"yoast-schema-graph\">{\"@context\":\"https:\/\/schema.org\",\"@graph\":[{\"@type\":\"Article\",\"@id\":\"https:\/\/denizcankizil.tr\/ru\/haberler\/gundem\/antalya-il-emniyet-muduru-arslan-kultur-evini-ziyaret-etti\/#article\",\"isPartOf\":{\"@id\":\"https:\/\/denizcankizil.tr\/ru\/haberler\/gundem\/antalya-il-emniyet-muduru-arslan-kultur-evini-ziyaret-etti\/\"},\"author\":{\"name\":\"\",\"@id\":\"\"},\"headline\":\"Antalya \u0130l Emniyet M\u00fcd\u00fcr\u00fc Arslan, K\u00fclt\u00fcr Evi\u2019ni ziyaret etti\",\"datePublished\":\"2024-12-08T05:41:30+00:00\",\"mainEntityOfPage\":{\"@id\":\"https:\/\/denizcankizil.tr\/ru\/haberler\/gundem\/antalya-il-emniyet-muduru-arslan-kultur-evini-ziyaret-etti\/\"},\"wordCount\":120,\"commentCount\":0,\"publisher\":{\"@id\":\"https:\/\/denizcankizil.tr\/#organization\"},\"articleSection\":[\"G\u00fcndem\",\"Uncategorized\"],\"inLanguage\":\"ru-RU\",\"potentialAction\":[{\"@type\":\"CommentAction\",\"name\":\"Comment\",\"target\":[\"https:\/\/denizcankizil.tr\/ru\/haberler\/gundem\/antalya-il-emniyet-muduru-arslan-kultur-evini-ziyaret-etti\/#respond\"]}]},{\"@type\":\"WebPage\",\"@id\":\"https:\/\/denizcankizil.tr\/ru\/haberler\/gundem\/antalya-il-emniyet-muduru-arslan-kultur-evini-ziyaret-etti\/\",\"url\":\"https:\/\/denizcankizil.tr\/ru\/haberler\/gundem\/antalya-il-emniyet-muduru-arslan-kultur-evini-ziyaret-etti\/\",\"name\":\"Antalya \u0130l Emniyet M\u00fcd\u00fcr\u00fc Arslan, K\u00fclt\u00fcr Evi\u2019ni ziyaret etti - Av. Deniz Can K\u0131z\u0131l\",\"isPartOf\":{\"@id\":\"https:\/\/denizcankizil.tr\/#website\"},\"datePublished\":\"2024-12-08T05:41:30+00:00\",\"breadcrumb\":{\"@id\":\"https:\/\/denizcankizil.tr\/ru\/haberler\/gundem\/antalya-il-emniyet-muduru-arslan-kultur-evini-ziyaret-etti\/#breadcrumb\"},\"inLanguage\":\"ru-RU\",\"potentialAction\":[{\"@type\":\"ReadAction\",\"target\":[\"https:\/\/denizcankizil.tr\/ru\/haberler\/gundem\/antalya-il-emniyet-muduru-arslan-kultur-evini-ziyaret-etti\/\"]}]},{\"@type\":\"BreadcrumbList\",\"@id\":\"https:\/\/denizcankizil.tr\/ru\/haberler\/gundem\/antalya-il-emniyet-muduru-arslan-kultur-evini-ziyaret-etti\/#breadcrumb\",\"itemListElement\":[{\"@type\":\"ListItem\",\"position\":1,\"name\":\"Home\",\"item\":\"https:\/\/denizcankizil.tr\/uk\/\"},{\"@type\":\"ListItem\",\"position\":2,\"name\":\"Antalya \u0130l Emniyet M\u00fcd\u00fcr\u00fc Arslan, K\u00fclt\u00fcr Evi\u2019ni ziyaret etti\"}]},{\"@type\":\"WebSite\",\"@id\":\"https:\/\/denizcankizil.tr\/#website\",\"url\":\"https:\/\/denizcankizil.tr\/\",\"name\":\"Av. Deniz Can K\u0131z\u0131l\",\"description\":\"Avukat Deniz Can K\u0131z\u0131l Antalya Barosu\",\"publisher\":{\"@id\":\"https:\/\/denizcankizil.tr\/#organization\"},\"potentialAction\":[{\"@type\":\"SearchAction\",\"target\":{\"@type\":\"EntryPoint\",\"urlTemplate\":\"https:\/\/denizcankizil.tr\/?s={search_term_string}\"},\"query-input\":{\"@type\":\"PropertyValueSpecification\",\"valueRequired\":true,\"valueName\":\"search_term_string\"}}],\"inLanguage\":\"ru-RU\"},{\"@type\":\"Organization\",\"@id\":\"https:\/\/denizcankizil.tr\/#organization\",\"name\":\"Av. Deniz Can K\u0131z\u0131l\",\"url\":\"https:\/\/denizcankizil.tr\/\",\"logo\":{\"@type\":\"ImageObject\",\"inLanguage\":\"ru-RU\",\"@id\":\"https:\/\/denizcankizil.tr\/#\/schema\/logo\/image\/\",\"url\":\"https:\/\/denizcankizil.tr\/wp-content\/uploads\/2024\/10\/siyah-logo-svg.svg\",\"contentUrl\":\"https:\/\/denizcankizil.tr\/wp-content\/uploads\/2024\/10\/siyah-logo-svg.svg\",\"width\":1080,\"height\":1080,\"caption\":\"Av. Deniz Can K\u0131z\u0131l\"},\"image\":{\"@id\":\"https:\/\/denizcankizil.tr\/#\/schema\/logo\/image\/\"}}]}<\/script>\n<!-- \/ Yoast SEO Premium plugin. -->","yoast_head_json":{"title":"Antalya \u0130l Emniyet M\u00fcd\u00fcr\u00fc Arslan, K\u00fclt\u00fcr Evi\u2019ni ziyaret etti - Av. Deniz Can K\u0131z\u0131l","robots":{"index":"index","follow":"follow","max-snippet":"max-snippet:-1","max-image-preview":"max-image-preview:large","max-video-preview":"max-video-preview:-1"},"canonical":"https:\/\/denizcankizil.tr\/ru\/haberler\/gundem\/antalya-il-emniyet-muduru-arslan-kultur-evini-ziyaret-etti\/","og_locale":"ru_RU","og_type":"article","og_title":"Antalya \u0130l Emniyet M\u00fcd\u00fcr\u00fc Arslan, K\u00fclt\u00fcr Evi\u2019ni ziyaret etti","og_description":"Antalya \u0130l Emniyet M\u00fcd\u00fcr\u00fc \u0130lker Arslan, Kemer Belediyesi K\u00fclt\u00fcr Evi\u2019ni ziyaret etti. Ziyaret s\u0131ras\u0131nda Arslan\u2019a \u0130l Emniyet M\u00fcd\u00fcr yard\u0131mc\u0131s\u0131 Berhan Ergen\u00e7 ve \u0130l\u00e7e Emniyet M\u00fcd\u00fcr vekili Y\u0131ld\u0131r\u0131m \u00dcnal e\u015flik etti. \u200bAntalya \u0130l Emniyet M\u00fcd\u00fcr\u00fc \u0130lker Arslan, Kemer Belediyesi K\u00fclt\u00fcr Evi\u2019ni ziyaret etti. Ziyaret s\u0131ras\u0131nda Arslan\u2019a \u0130l Emniyet M\u00fcd\u00fcr yard\u0131mc\u0131s\u0131 Berhan Ergen\u00e7 ve \u0130l\u00e7e Emniyet M\u00fcd\u00fcr vekili Y\u0131ld\u0131r\u0131m \u00dcnal e\u015flik etti.\u00a0 \u200bHaberin Al\u0131nt\u0131land\u0131\u011f\u0131 Kaynak: www.iskenderun.org","og_url":"https:\/\/denizcankizil.tr\/ru\/haberler\/gundem\/antalya-il-emniyet-muduru-arslan-kultur-evini-ziyaret-etti\/","og_site_name":"Av. Deniz Can K\u0131z\u0131l","article_published_time":"2024-12-08T05:41:30+00:00","twitter_card":"summary_large_image","twitter_misc":{"\u041f\u0440\u0438\u043c\u0435\u0440\u043d\u043e\u0435 \u0432\u0440\u0435\u043c\u044f \u0434\u043b\u044f \u0447\u0442\u0435\u043d\u0438\u044f":"1 \u043c\u0438\u043d\u0443\u0442\u0430"},"schema":{"@context":"https:\/\/schema.org","@graph":[{"@type":"Article","@id":"https:\/\/denizcankizil.tr\/ru\/haberler\/gundem\/antalya-il-emniyet-muduru-arslan-kultur-evini-ziyaret-etti\/#article","isPartOf":{"@id":"https:\/\/denizcankizil.tr\/ru\/haberler\/gundem\/antalya-il-emniyet-muduru-arslan-kultur-evini-ziyaret-etti\/"},"author":{"name":"","@id":""},"headline":"Antalya \u0130l Emniyet M\u00fcd\u00fcr\u00fc Arslan, K\u00fclt\u00fcr Evi\u2019ni ziyaret etti","datePublished":"2024-12-08T05:41:30+00:00","mainEntityOfPage":{"@id":"https:\/\/denizcankizil.tr\/ru\/haberler\/gundem\/antalya-il-emniyet-muduru-arslan-kultur-evini-ziyaret-etti\/"},"wordCount":120,"commentCount":0,"publisher":{"@id":"https:\/\/denizcankizil.tr\/#organization"},"articleSection":["G\u00fcndem","Uncategorized"],"inLanguage":"ru-RU","potentialAction":[{"@type":"CommentAction","name":"Comment","target":["https:\/\/denizcankizil.tr\/ru\/haberler\/gundem\/antalya-il-emniyet-muduru-arslan-kultur-evini-ziyaret-etti\/#respond"]}]},{"@type":"WebPage","@id":"https:\/\/denizcankizil.tr\/ru\/haberler\/gundem\/antalya-il-emniyet-muduru-arslan-kultur-evini-ziyaret-etti\/","url":"https:\/\/denizcankizil.tr\/ru\/haberler\/gundem\/antalya-il-emniyet-muduru-arslan-kultur-evini-ziyaret-etti\/","name":"Antalya \u0130l Emniyet M\u00fcd\u00fcr\u00fc Arslan, K\u00fclt\u00fcr Evi\u2019ni ziyaret etti - Av. Deniz Can K\u0131z\u0131l","isPartOf":{"@id":"https:\/\/denizcankizil.tr\/#website"},"datePublished":"2024-12-08T05:41:30+00:00","breadcrumb":{"@id":"https:\/\/denizcankizil.tr\/ru\/haberler\/gundem\/antalya-il-emniyet-muduru-arslan-kultur-evini-ziyaret-etti\/#breadcrumb"},"inLanguage":"ru-RU","potentialAction":[{"@type":"ReadAction","target":["https:\/\/denizcankizil.tr\/ru\/haberler\/gundem\/antalya-il-emniyet-muduru-arslan-kultur-evini-ziyaret-etti\/"]}]},{"@type":"BreadcrumbList","@id":"https:\/\/denizcankizil.tr\/ru\/haberler\/gundem\/antalya-il-emniyet-muduru-arslan-kultur-evini-ziyaret-etti\/#breadcrumb","itemListElement":[{"@type":"ListItem","position":1,"name":"Home","item":"https:\/\/denizcankizil.tr\/uk\/"},{"@type":"ListItem","position":2,"name":"Antalya \u0130l Emniyet M\u00fcd\u00fcr\u00fc Arslan, K\u00fclt\u00fcr Evi\u2019ni ziyaret etti"}]},{"@type":"WebSite","@id":"https:\/\/denizcankizil.tr\/#website","url":"https:\/\/denizcankizil.tr\/","name":"Av. Deniz Can K\u0131z\u0131l","description":"Avukat Deniz Can K\u0131z\u0131l Antalya Barosu","publisher":{"@id":"https:\/\/denizcankizil.tr\/#organization"},"potentialAction":[{"@type":"SearchAction","target":{"@type":"EntryPoint","urlTemplate":"https:\/\/denizcankizil.tr\/?s={search_term_string}"},"query-input":{"@type":"PropertyValueSpecification","valueRequired":true,"valueName":"search_term_string"}}],"inLanguage":"ru-RU"},{"@type":"Organization","@id":"https:\/\/denizcankizil.tr\/#organization","name":"Av. Deniz Can K\u0131z\u0131l","url":"https:\/\/denizcankizil.tr\/","logo":{"@type":"ImageObject","inLanguage":"ru-RU","@id":"https:\/\/denizcankizil.tr\/#\/schema\/logo\/image\/","url":"https:\/\/denizcankizil.tr\/wp-content\/uploads\/2024\/10\/siyah-logo-svg.svg","contentUrl":"https:\/\/denizcankizil.tr\/wp-content\/uploads\/2024\/10\/siyah-logo-svg.svg","width":1080,"height":1080,"caption":"Av. Deniz Can K\u0131z\u0131l"},"image":{"@id":"https:\/\/denizcankizil.tr\/#\/schema\/logo\/image\/"}}]}},"_links":{"self":[{"href":"https:\/\/denizcankizil.tr\/ru\/wp-json\/wp\/v2\/posts\/19777","targetHints":{"allow":["GET"]}}],"collection":[{"href":"https:\/\/denizcankizil.tr\/ru\/wp-json\/wp\/v2\/posts"}],"about":[{"href":"https:\/\/denizcankizil.tr\/ru\/wp-json\/wp\/v2\/types\/post"}],"replies":[{"embeddable":true,"href":"https:\/\/denizcankizil.tr\/ru\/wp-json\/wp\/v2\/comments?post=19777"}],"version-history":[{"count":0,"href":"https:\/\/denizcankizil.tr\/ru\/wp-json\/wp\/v2\/posts\/19777\/revisions"}],"wp:attachment":[{"href":"https:\/\/denizcankizil.tr\/ru\/wp-json\/wp\/v2\/media?parent=19777"}],"wp:term":[{"taxonomy":"category","embeddable":true,"href":"https:\/\/denizcankizil.tr\/ru\/wp-json\/wp\/v2\/categories?post=19777"},{"taxonomy":"post_tag","embeddable":true,"href":"https:\/\/denizcankizil.tr\/ru\/wp-json\/wp\/v2\/tags?post=19777"}],"curies":[{"name":"wp","href":"https:\/\/api.w.org\/{rel}","templated":true}]}}