{"id":19491,"date":"2024-12-06T13:41:42","date_gmt":"2024-12-06T10:41:42","guid":{"rendered":"https:\/\/denizcankizil.tr\/uncategorized-tr\/goller-bolgesinin-sari-gelini-tefenni-rezenesine-destek\/"},"modified":"2024-12-06T13:41:42","modified_gmt":"2024-12-06T10:41:42","slug":"goller-bolgesinin-sari-gelini-tefenni-rezenesine-destek","status":"publish","type":"post","link":"https:\/\/denizcankizil.tr\/ru\/haberler\/antalya\/goller-bolgesinin-sari-gelini-tefenni-rezenesine-destek\/","title":{"rendered":"G\u00f6ller B\u00f6lgesinin Sar\u0131 Gelini Tefenni Rezenesi&#8217;ne destek"},"content":{"rendered":"<p>Rezenenin \u00fcretiminde \u00f6nemli pay sahibi olan il\u00e7ede eleme ve paketlemeye y\u00f6nelik kazand\u0131r\u0131lan tesiste s\u00f6zle\u015fmeli ve organik tar\u0131m uygulamalar\u0131n\u0131n yayg\u0131nla\u015ft\u0131r\u0131lmas\u0131 ve \u00e7ift\u00e7ilerin \u00fcretti\u011fi \u00fcr\u00fcnlerin y\u00fcksek katma de\u011ferli hale getirilmesi i\u00e7in \u00e7al\u0131\u015fma ba\u015flat\u0131ld\u0131. Bat\u0131 Akdeniz Kalk\u0131nma Ajans\u0131n\u0131n deste\u011fi ve koordinasyonu ile ilk etapta 100 ton organik rezenenin s\u00f6zle\u015fmeli tar\u0131m y\u00f6ntemiyle \u00fcretimi ve sat\u0131\u015f\u0131 i\u00e7in d\u00fcnyan\u0131n en b\u00fcy\u00fck bitki \u00e7ay\u0131 toptanc\u0131s\u0131 konumunda olan \u00e7ok uluslu bir firman\u0131n temsilcileri ile protokol imzaland\u0131. \u00d6n\u00fcm\u00fczdeki y\u0131llarda ise bu rakam\u0131n 250 tona \u00e7\u0131kar\u0131lmas\u0131 hedefleniyor.<\/p>\n<p>Tesis i\u015fletmecisi Tefenni Belediyesi ve firma aras\u0131nda imzalana protokole; BAKA Genel Sekreteri Volkan G\u00fcler, Tefenni Belediye Ba\u015fkan\u0131 \u00dcmit Alag\u00f6z, firmas\u0131 temsilcileri ve s\u00f6zle\u015fmeli organik tar\u0131m ger\u00e7ekle\u015ftiren \u00e7ift\u00e7iler kat\u0131ld\u0131.<br \/>\nBAKA Genel Sekreteri Volkan G\u00fcler t\u00f6rende yapt\u0131\u011f\u0131 konu\u015fmada; \u201cBurada amac\u0131m\u0131z gelece\u011fe miras b\u0131rakabilece\u011fimiz daha k\u0131ymetli bir \u00fcretim ekosistemi olu\u015fturmak bu ba\u011flamda bu tesisin daha katma de\u011ferli s\u00fcrd\u00fcr\u00fclebilir \u00fcretim yapmas\u0131n\u0131 sa\u011flamak. Temel hedefimiz hep beraber daha fazla \u00fcretmemiz \u00e7ift\u00e7imizin daha \u00e7ok gelir kazanmas\u0131. Bizler de BAKA olarak her zaman destek vermeye haz\u0131r\u0131z. Sadece rezene \u00fcr\u00fcn\u00fc i\u00e7in de\u011fil b\u00f6lgemizde yeti\u015fen t\u00fcm t\u0131bbi ve aromatik bitki t\u00fcrleri i\u00e7in tedarik a\u015famalar\u0131 da dahil olmak \u00fczere destek vermeye haz\u0131r\u0131z.\u201d dedi.<\/p>\n<p>Protokol imza t\u00f6reninde konu\u015fan Tefenni Belediye Ba\u015fkan\u0131 \u00dcmit Alag\u00f6z; \u201cK\u0131ymetli hem\u015ferilerim bug\u00fcn itibariyle \u00e7ift\u00e7imizin \u00fcr\u00fcn\u00fcne de\u011fer katabilmek, \u00fcretilen \u00fcr\u00fcne pazar garantisi sa\u011flayabilmek, s\u00f6zle\u015fmeli \u00fcr\u00fcn ekebilmelerinin \u00f6n\u00fcn\u00fc a\u00e7abilmek ve T\u00fcrkiye \u00fcretiminin b\u00fcy\u00fck \u00e7o\u011funlu\u011funa sahip oldu\u011fumuz rezene \u00fcr\u00fcn\u00fcn desteklenerek, \u00e7ok daha fazla su t\u00fcketimine sebep olan m\u0131s\u0131r \u00fcretiminin \u00f6n\u00fcne ge\u00e7ebilmek ad\u0131na, belediyemiz rezene tesisi i\u015fletmesi ile \u00f6zel bir \u015firket aras\u0131nda, BAKA Genel Sekreterimizin de destekleri ile \u00fcretici \u00e7ift\u00e7i vatanda\u015flar\u0131m\u0131z ile beraber \u201cRezene Eleme Temizleme Protokol\u00fc\u201d imzalanm\u0131\u015ft\u0131r. Bu protokol \u00e7er\u00e7evesinde \u00dcreticimizin \u00fcretti\u011fi rezenenin il\u00e7e d\u0131\u015f\u0131na \u00e7\u0131kmadan vatanda\u015flar\u0131m\u0131z\u0131n kendi g\u00f6zleri \u00f6n\u00fcnde yabanc\u0131 maddelerden ar\u0131nd\u0131r\u0131lmas\u0131 ger\u00e7ekle\u015ftirilecek ve \u00e7ift\u00e7imizin daha \u00f6nceki y\u0131llarda oldu\u011fu gibi rezene \u00fcretimine tekrar a\u011f\u0131rl\u0131k vermesi ama\u00e7lanarak ekonomik girdilerinin y\u00fckselmesi sa\u011flanacakt\u0131r. Protokol\u00fcn \u00e7ift\u00e7ilerimize, Tefenni&#8217;mize vatan\u0131m\u0131za ve milletimize hay\u0131rl\u0131 olmas\u0131n\u0131 diliyorum.\u201d ifadelerini aktard\u0131.<\/p>\n<p>Kaynak: www.kanalv.com.tr Haber Sitesinden Al\u0131nm\u0131\u015ft\u0131r.<\/p>","protected":false},"excerpt":{"rendered":"<p>Rezenenin \u00fcretiminde \u00f6nemli pay sahibi olan il\u00e7ede eleme ve paketlemeye y\u00f6nelik kazand\u0131r\u0131lan tesiste s\u00f6zle\u015fmeli ve organik tar\u0131m uygulamalar\u0131n\u0131n yayg\u0131nla\u015ft\u0131r\u0131lmas\u0131 ve \u00e7ift\u00e7ilerin \u00fcretti\u011fi \u00fcr\u00fcnlerin y\u00fcksek katma de\u011ferli hale getirilmesi i\u00e7in \u00e7al\u0131\u015fma ba\u015flat\u0131ld\u0131. Bat\u0131 Akdeniz Kalk\u0131nma Ajans\u0131n\u0131n deste\u011fi ve koordinasyonu ile ilk etapta 100 ton organik rezenenin s\u00f6zle\u015fmeli tar\u0131m y\u00f6ntemiyle \u00fcretimi ve sat\u0131\u015f\u0131 i\u00e7in d\u00fcnyan\u0131n en b\u00fcy\u00fck bitki \u00e7ay\u0131 toptanc\u0131s\u0131 konumunda olan \u00e7ok uluslu bir firman\u0131n temsilcileri ile protokol imzaland\u0131. \u00d6n\u00fcm\u00fczdeki y\u0131llarda ise bu rakam\u0131n 250 tona \u00e7\u0131kar\u0131lmas\u0131 hedefleniyor. Tesis i\u015fletmecisi Tefenni Belediyesi ve firma aras\u0131nda imzalana protokole; BAKA Genel Sekreteri Volkan G\u00fcler, Tefenni Belediye Ba\u015fkan\u0131 \u00dcmit Alag\u00f6z, firmas\u0131 temsilcileri ve s\u00f6zle\u015fmeli organik tar\u0131m ger\u00e7ekle\u015ftiren \u00e7ift\u00e7iler kat\u0131ld\u0131. BAKA Genel Sekreteri Volkan G\u00fcler t\u00f6rende yapt\u0131\u011f\u0131 konu\u015fmada; \u201cBurada amac\u0131m\u0131z gelece\u011fe miras b\u0131rakabilece\u011fimiz daha k\u0131ymetli bir \u00fcretim ekosistemi olu\u015fturmak bu ba\u011flamda bu tesisin daha katma de\u011ferli s\u00fcrd\u00fcr\u00fclebilir \u00fcretim yapmas\u0131n\u0131 sa\u011flamak. Temel hedefimiz hep beraber daha fazla \u00fcretmemiz \u00e7ift\u00e7imizin daha \u00e7ok gelir kazanmas\u0131. Bizler de BAKA olarak her zaman destek vermeye haz\u0131r\u0131z. Sadece rezene \u00fcr\u00fcn\u00fc i\u00e7in de\u011fil b\u00f6lgemizde yeti\u015fen t\u00fcm t\u0131bbi ve aromatik bitki t\u00fcrleri i\u00e7in tedarik a\u015famalar\u0131 da dahil olmak \u00fczere destek vermeye haz\u0131r\u0131z.\u201d dedi. Protokol imza t\u00f6reninde konu\u015fan Tefenni Belediye Ba\u015fkan\u0131 \u00dcmit Alag\u00f6z; \u201cK\u0131ymetli hem\u015ferilerim bug\u00fcn itibariyle \u00e7ift\u00e7imizin \u00fcr\u00fcn\u00fcne de\u011fer katabilmek, \u00fcretilen \u00fcr\u00fcne pazar &hellip;<\/p>","protected":false},"author":0,"featured_media":19492,"comment_status":"open","ping_status":"open","sticky":false,"template":"","format":"standard","meta":{"_acf_changed":false,"footnotes":""},"categories":[26,535],"tags":[],"class_list":["post-19491","post","type-post","status-publish","format-standard","has-post-thumbnail","hentry","category-antalya","category-uncategorized-tr"],"acf":[],"yoast_head":"<!-- This site is optimized with the Yoast SEO Premium plugin v26.6 (Yoast SEO v27.1.1) - https:\/\/yoast.com\/product\/yoast-seo-premium-wordpress\/ -->\n<title>G\u00f6ller B\u00f6lgesinin Sar\u0131 Gelini Tefenni Rezenesi&#039;ne destek - Av. Deniz Can K\u0131z\u0131l<\/title>\n<meta name=\"robots\" content=\"index, follow, max-snippet:-1, max-image-preview:large, max-video-preview:-1\" \/>\n<link rel=\"canonical\" href=\"https:\/\/denizcankizil.tr\/ru\/haberler\/antalya\/goller-bolgesinin-sari-gelini-tefenni-rezenesine-destek\/\" \/>\n<meta property=\"og:locale\" content=\"ru_RU\" \/>\n<meta property=\"og:type\" content=\"article\" \/>\n<meta property=\"og:title\" content=\"G\u00f6ller B\u00f6lgesinin Sar\u0131 Gelini Tefenni Rezenesi&#039;ne destek\" \/>\n<meta property=\"og:description\" content=\"Rezenenin \u00fcretiminde \u00f6nemli pay sahibi olan il\u00e7ede eleme ve paketlemeye y\u00f6nelik kazand\u0131r\u0131lan tesiste s\u00f6zle\u015fmeli ve organik tar\u0131m uygulamalar\u0131n\u0131n yayg\u0131nla\u015ft\u0131r\u0131lmas\u0131 ve \u00e7ift\u00e7ilerin \u00fcretti\u011fi \u00fcr\u00fcnlerin y\u00fcksek katma de\u011ferli hale getirilmesi i\u00e7in \u00e7al\u0131\u015fma ba\u015flat\u0131ld\u0131. Bat\u0131 Akdeniz Kalk\u0131nma Ajans\u0131n\u0131n deste\u011fi ve koordinasyonu ile ilk etapta 100 ton organik rezenenin s\u00f6zle\u015fmeli tar\u0131m y\u00f6ntemiyle \u00fcretimi ve sat\u0131\u015f\u0131 i\u00e7in d\u00fcnyan\u0131n en b\u00fcy\u00fck bitki \u00e7ay\u0131 toptanc\u0131s\u0131 konumunda olan \u00e7ok uluslu bir firman\u0131n temsilcileri ile protokol imzaland\u0131. \u00d6n\u00fcm\u00fczdeki y\u0131llarda ise bu rakam\u0131n 250 tona \u00e7\u0131kar\u0131lmas\u0131 hedefleniyor. Tesis i\u015fletmecisi Tefenni Belediyesi ve firma aras\u0131nda imzalana protokole; BAKA Genel Sekreteri Volkan G\u00fcler, Tefenni Belediye Ba\u015fkan\u0131 \u00dcmit Alag\u00f6z, firmas\u0131 temsilcileri ve s\u00f6zle\u015fmeli organik tar\u0131m ger\u00e7ekle\u015ftiren \u00e7ift\u00e7iler kat\u0131ld\u0131. BAKA Genel Sekreteri Volkan G\u00fcler t\u00f6rende yapt\u0131\u011f\u0131 konu\u015fmada; \u201cBurada amac\u0131m\u0131z gelece\u011fe miras b\u0131rakabilece\u011fimiz daha k\u0131ymetli bir \u00fcretim ekosistemi olu\u015fturmak bu ba\u011flamda bu tesisin daha katma de\u011ferli s\u00fcrd\u00fcr\u00fclebilir \u00fcretim yapmas\u0131n\u0131 sa\u011flamak. Temel hedefimiz hep beraber daha fazla \u00fcretmemiz \u00e7ift\u00e7imizin daha \u00e7ok gelir kazanmas\u0131. Bizler de BAKA olarak her zaman destek vermeye haz\u0131r\u0131z. Sadece rezene \u00fcr\u00fcn\u00fc i\u00e7in de\u011fil b\u00f6lgemizde yeti\u015fen t\u00fcm t\u0131bbi ve aromatik bitki t\u00fcrleri i\u00e7in tedarik a\u015famalar\u0131 da dahil olmak \u00fczere destek vermeye haz\u0131r\u0131z.\u201d dedi. Protokol imza t\u00f6reninde konu\u015fan Tefenni Belediye Ba\u015fkan\u0131 \u00dcmit Alag\u00f6z; \u201cK\u0131ymetli hem\u015ferilerim bug\u00fcn itibariyle \u00e7ift\u00e7imizin \u00fcr\u00fcn\u00fcne de\u011fer katabilmek, \u00fcretilen \u00fcr\u00fcne pazar &hellip;\" \/>\n<meta property=\"og:url\" content=\"https:\/\/denizcankizil.tr\/ru\/haberler\/antalya\/goller-bolgesinin-sari-gelini-tefenni-rezenesine-destek\/\" \/>\n<meta property=\"og:site_name\" content=\"Av. Deniz Can K\u0131z\u0131l\" \/>\n<meta property=\"article:published_time\" content=\"2024-12-06T10:41:42+00:00\" \/>\n<meta property=\"og:image\" content=\"https:\/\/denizcankizil.tr\/wp-content\/uploads\/2024\/12\/3456-01-VYMLQI.jpeg\" \/>\n\t<meta property=\"og:image:width\" content=\"1280\" \/>\n\t<meta property=\"og:image:height\" content=\"720\" \/>\n\t<meta property=\"og:image:type\" content=\"image\/jpeg\" \/>\n<meta name=\"twitter:card\" content=\"summary_large_image\" \/>\n<meta name=\"twitter:label1\" content=\"\u041f\u0440\u0438\u043c\u0435\u0440\u043d\u043e\u0435 \u0432\u0440\u0435\u043c\u044f \u0434\u043b\u044f \u0447\u0442\u0435\u043d\u0438\u044f\" \/>\n\t<meta name=\"twitter:data1\" content=\"2 \u043c\u0438\u043d\u0443\u0442\u044b\" \/>\n<script type=\"application\/ld+json\" class=\"yoast-schema-graph\">{\"@context\":\"https:\/\/schema.org\",\"@graph\":[{\"@type\":\"Article\",\"@id\":\"https:\/\/denizcankizil.tr\/ru\/haberler\/antalya\/goller-bolgesinin-sari-gelini-tefenni-rezenesine-destek\/#article\",\"isPartOf\":{\"@id\":\"https:\/\/denizcankizil.tr\/ru\/haberler\/antalya\/goller-bolgesinin-sari-gelini-tefenni-rezenesine-destek\/\"},\"author\":{\"name\":\"\",\"@id\":\"\"},\"headline\":\"G\u00f6ller B\u00f6lgesinin Sar\u0131 Gelini Tefenni Rezenesi&#8217;ne destek\",\"datePublished\":\"2024-12-06T10:41:42+00:00\",\"mainEntityOfPage\":{\"@id\":\"https:\/\/denizcankizil.tr\/ru\/haberler\/antalya\/goller-bolgesinin-sari-gelini-tefenni-rezenesine-destek\/\"},\"wordCount\":475,\"commentCount\":0,\"publisher\":{\"@id\":\"https:\/\/denizcankizil.tr\/de\/#organization\"},\"image\":{\"@id\":\"https:\/\/denizcankizil.tr\/ru\/haberler\/antalya\/goller-bolgesinin-sari-gelini-tefenni-rezenesine-destek\/#primaryimage\"},\"thumbnailUrl\":\"https:\/\/denizcankizil.tr\/wp-content\/uploads\/2024\/12\/3456-01-VYMLQI.jpeg\",\"articleSection\":[\"Antalya\",\"Uncategorized\"],\"inLanguage\":\"ru-RU\",\"potentialAction\":[{\"@type\":\"CommentAction\",\"name\":\"Comment\",\"target\":[\"https:\/\/denizcankizil.tr\/ru\/haberler\/antalya\/goller-bolgesinin-sari-gelini-tefenni-rezenesine-destek\/#respond\"]}]},{\"@type\":\"WebPage\",\"@id\":\"https:\/\/denizcankizil.tr\/ru\/haberler\/antalya\/goller-bolgesinin-sari-gelini-tefenni-rezenesine-destek\/\",\"url\":\"https:\/\/denizcankizil.tr\/ru\/haberler\/antalya\/goller-bolgesinin-sari-gelini-tefenni-rezenesine-destek\/\",\"name\":\"G\u00f6ller B\u00f6lgesinin Sar\u0131 Gelini Tefenni Rezenesi'ne destek - Av. Deniz Can K\u0131z\u0131l\",\"isPartOf\":{\"@id\":\"https:\/\/denizcankizil.tr\/de\/#website\"},\"primaryImageOfPage\":{\"@id\":\"https:\/\/denizcankizil.tr\/ru\/haberler\/antalya\/goller-bolgesinin-sari-gelini-tefenni-rezenesine-destek\/#primaryimage\"},\"image\":{\"@id\":\"https:\/\/denizcankizil.tr\/ru\/haberler\/antalya\/goller-bolgesinin-sari-gelini-tefenni-rezenesine-destek\/#primaryimage\"},\"thumbnailUrl\":\"https:\/\/denizcankizil.tr\/wp-content\/uploads\/2024\/12\/3456-01-VYMLQI.jpeg\",\"datePublished\":\"2024-12-06T10:41:42+00:00\",\"breadcrumb\":{\"@id\":\"https:\/\/denizcankizil.tr\/ru\/haberler\/antalya\/goller-bolgesinin-sari-gelini-tefenni-rezenesine-destek\/#breadcrumb\"},\"inLanguage\":\"ru-RU\",\"potentialAction\":[{\"@type\":\"ReadAction\",\"target\":[\"https:\/\/denizcankizil.tr\/ru\/haberler\/antalya\/goller-bolgesinin-sari-gelini-tefenni-rezenesine-destek\/\"]}]},{\"@type\":\"ImageObject\",\"inLanguage\":\"ru-RU\",\"@id\":\"https:\/\/denizcankizil.tr\/ru\/haberler\/antalya\/goller-bolgesinin-sari-gelini-tefenni-rezenesine-destek\/#primaryimage\",\"url\":\"https:\/\/denizcankizil.tr\/wp-content\/uploads\/2024\/12\/3456-01-VYMLQI.jpeg\",\"contentUrl\":\"https:\/\/denizcankizil.tr\/wp-content\/uploads\/2024\/12\/3456-01-VYMLQI.jpeg\",\"width\":1280,\"height\":720},{\"@type\":\"BreadcrumbList\",\"@id\":\"https:\/\/denizcankizil.tr\/ru\/haberler\/antalya\/goller-bolgesinin-sari-gelini-tefenni-rezenesine-destek\/#breadcrumb\",\"itemListElement\":[{\"@type\":\"ListItem\",\"position\":1,\"name\":\"Home\",\"item\":\"https:\/\/denizcankizil.tr\/de\/\"},{\"@type\":\"ListItem\",\"position\":2,\"name\":\"G\u00f6ller B\u00f6lgesinin Sar\u0131 Gelini Tefenni Rezenesi&#8217;ne destek\"}]},{\"@type\":\"WebSite\",\"@id\":\"https:\/\/denizcankizil.tr\/de\/#website\",\"url\":\"https:\/\/denizcankizil.tr\/de\/\",\"name\":\"Av. Deniz Can K\u0131z\u0131l\",\"description\":\"Avukat Deniz Can K\u0131z\u0131l Antalya Barosu\",\"publisher\":{\"@id\":\"https:\/\/denizcankizil.tr\/de\/#organization\"},\"potentialAction\":[{\"@type\":\"SearchAction\",\"target\":{\"@type\":\"EntryPoint\",\"urlTemplate\":\"https:\/\/denizcankizil.tr\/de\/?s={search_term_string}\"},\"query-input\":{\"@type\":\"PropertyValueSpecification\",\"valueRequired\":true,\"valueName\":\"search_term_string\"}}],\"inLanguage\":\"ru-RU\"},{\"@type\":\"Organization\",\"@id\":\"https:\/\/denizcankizil.tr\/de\/#organization\",\"name\":\"Av. Deniz Can K\u0131z\u0131l\",\"url\":\"https:\/\/denizcankizil.tr\/de\/\",\"logo\":{\"@type\":\"ImageObject\",\"inLanguage\":\"ru-RU\",\"@id\":\"https:\/\/denizcankizil.tr\/de\/#\/schema\/logo\/image\/\",\"url\":\"https:\/\/denizcankizil.tr\/wp-content\/uploads\/2024\/10\/siyah-logo-svg.svg\",\"contentUrl\":\"https:\/\/denizcankizil.tr\/wp-content\/uploads\/2024\/10\/siyah-logo-svg.svg\",\"width\":1080,\"height\":1080,\"caption\":\"Av. Deniz Can K\u0131z\u0131l\"},\"image\":{\"@id\":\"https:\/\/denizcankizil.tr\/de\/#\/schema\/logo\/image\/\"}}]}<\/script>\n<!-- \/ Yoast SEO Premium plugin. -->","yoast_head_json":{"title":"G\u00f6ller B\u00f6lgesinin Sar\u0131 Gelini Tefenni Rezenesi'ne destek - Av. Deniz Can K\u0131z\u0131l","robots":{"index":"index","follow":"follow","max-snippet":"max-snippet:-1","max-image-preview":"max-image-preview:large","max-video-preview":"max-video-preview:-1"},"canonical":"https:\/\/denizcankizil.tr\/ru\/haberler\/antalya\/goller-bolgesinin-sari-gelini-tefenni-rezenesine-destek\/","og_locale":"ru_RU","og_type":"article","og_title":"G\u00f6ller B\u00f6lgesinin Sar\u0131 Gelini Tefenni Rezenesi'ne destek","og_description":"Rezenenin \u00fcretiminde \u00f6nemli pay sahibi olan il\u00e7ede eleme ve paketlemeye y\u00f6nelik kazand\u0131r\u0131lan tesiste s\u00f6zle\u015fmeli ve organik tar\u0131m uygulamalar\u0131n\u0131n yayg\u0131nla\u015ft\u0131r\u0131lmas\u0131 ve \u00e7ift\u00e7ilerin \u00fcretti\u011fi \u00fcr\u00fcnlerin y\u00fcksek katma de\u011ferli hale getirilmesi i\u00e7in \u00e7al\u0131\u015fma ba\u015flat\u0131ld\u0131. Bat\u0131 Akdeniz Kalk\u0131nma Ajans\u0131n\u0131n deste\u011fi ve koordinasyonu ile ilk etapta 100 ton organik rezenenin s\u00f6zle\u015fmeli tar\u0131m y\u00f6ntemiyle \u00fcretimi ve sat\u0131\u015f\u0131 i\u00e7in d\u00fcnyan\u0131n en b\u00fcy\u00fck bitki \u00e7ay\u0131 toptanc\u0131s\u0131 konumunda olan \u00e7ok uluslu bir firman\u0131n temsilcileri ile protokol imzaland\u0131. \u00d6n\u00fcm\u00fczdeki y\u0131llarda ise bu rakam\u0131n 250 tona \u00e7\u0131kar\u0131lmas\u0131 hedefleniyor. Tesis i\u015fletmecisi Tefenni Belediyesi ve firma aras\u0131nda imzalana protokole; BAKA Genel Sekreteri Volkan G\u00fcler, Tefenni Belediye Ba\u015fkan\u0131 \u00dcmit Alag\u00f6z, firmas\u0131 temsilcileri ve s\u00f6zle\u015fmeli organik tar\u0131m ger\u00e7ekle\u015ftiren \u00e7ift\u00e7iler kat\u0131ld\u0131. BAKA Genel Sekreteri Volkan G\u00fcler t\u00f6rende yapt\u0131\u011f\u0131 konu\u015fmada; \u201cBurada amac\u0131m\u0131z gelece\u011fe miras b\u0131rakabilece\u011fimiz daha k\u0131ymetli bir \u00fcretim ekosistemi olu\u015fturmak bu ba\u011flamda bu tesisin daha katma de\u011ferli s\u00fcrd\u00fcr\u00fclebilir \u00fcretim yapmas\u0131n\u0131 sa\u011flamak. Temel hedefimiz hep beraber daha fazla \u00fcretmemiz \u00e7ift\u00e7imizin daha \u00e7ok gelir kazanmas\u0131. Bizler de BAKA olarak her zaman destek vermeye haz\u0131r\u0131z. Sadece rezene \u00fcr\u00fcn\u00fc i\u00e7in de\u011fil b\u00f6lgemizde yeti\u015fen t\u00fcm t\u0131bbi ve aromatik bitki t\u00fcrleri i\u00e7in tedarik a\u015famalar\u0131 da dahil olmak \u00fczere destek vermeye haz\u0131r\u0131z.\u201d dedi. Protokol imza t\u00f6reninde konu\u015fan Tefenni Belediye Ba\u015fkan\u0131 \u00dcmit Alag\u00f6z; \u201cK\u0131ymetli hem\u015ferilerim bug\u00fcn itibariyle \u00e7ift\u00e7imizin \u00fcr\u00fcn\u00fcne de\u011fer katabilmek, \u00fcretilen \u00fcr\u00fcne pazar &hellip;","og_url":"https:\/\/denizcankizil.tr\/ru\/haberler\/antalya\/goller-bolgesinin-sari-gelini-tefenni-rezenesine-destek\/","og_site_name":"Av. Deniz Can K\u0131z\u0131l","article_published_time":"2024-12-06T10:41:42+00:00","og_image":[{"width":1280,"height":720,"url":"https:\/\/denizcankizil.tr\/wp-content\/uploads\/2024\/12\/3456-01-VYMLQI.jpeg","type":"image\/jpeg"}],"twitter_card":"summary_large_image","twitter_misc":{"\u041f\u0440\u0438\u043c\u0435\u0440\u043d\u043e\u0435 \u0432\u0440\u0435\u043c\u044f \u0434\u043b\u044f \u0447\u0442\u0435\u043d\u0438\u044f":"2 \u043c\u0438\u043d\u0443\u0442\u044b"},"schema":{"@context":"https:\/\/schema.org","@graph":[{"@type":"Article","@id":"https:\/\/denizcankizil.tr\/ru\/haberler\/antalya\/goller-bolgesinin-sari-gelini-tefenni-rezenesine-destek\/#article","isPartOf":{"@id":"https:\/\/denizcankizil.tr\/ru\/haberler\/antalya\/goller-bolgesinin-sari-gelini-tefenni-rezenesine-destek\/"},"author":{"name":"","@id":""},"headline":"G\u00f6ller B\u00f6lgesinin Sar\u0131 Gelini Tefenni Rezenesi&#8217;ne destek","datePublished":"2024-12-06T10:41:42+00:00","mainEntityOfPage":{"@id":"https:\/\/denizcankizil.tr\/ru\/haberler\/antalya\/goller-bolgesinin-sari-gelini-tefenni-rezenesine-destek\/"},"wordCount":475,"commentCount":0,"publisher":{"@id":"https:\/\/denizcankizil.tr\/de\/#organization"},"image":{"@id":"https:\/\/denizcankizil.tr\/ru\/haberler\/antalya\/goller-bolgesinin-sari-gelini-tefenni-rezenesine-destek\/#primaryimage"},"thumbnailUrl":"https:\/\/denizcankizil.tr\/wp-content\/uploads\/2024\/12\/3456-01-VYMLQI.jpeg","articleSection":["Antalya","Uncategorized"],"inLanguage":"ru-RU","potentialAction":[{"@type":"CommentAction","name":"Comment","target":["https:\/\/denizcankizil.tr\/ru\/haberler\/antalya\/goller-bolgesinin-sari-gelini-tefenni-rezenesine-destek\/#respond"]}]},{"@type":"WebPage","@id":"https:\/\/denizcankizil.tr\/ru\/haberler\/antalya\/goller-bolgesinin-sari-gelini-tefenni-rezenesine-destek\/","url":"https:\/\/denizcankizil.tr\/ru\/haberler\/antalya\/goller-bolgesinin-sari-gelini-tefenni-rezenesine-destek\/","name":"G\u00f6ller B\u00f6lgesinin Sar\u0131 Gelini Tefenni Rezenesi'ne destek - Av. Deniz Can K\u0131z\u0131l","isPartOf":{"@id":"https:\/\/denizcankizil.tr\/de\/#website"},"primaryImageOfPage":{"@id":"https:\/\/denizcankizil.tr\/ru\/haberler\/antalya\/goller-bolgesinin-sari-gelini-tefenni-rezenesine-destek\/#primaryimage"},"image":{"@id":"https:\/\/denizcankizil.tr\/ru\/haberler\/antalya\/goller-bolgesinin-sari-gelini-tefenni-rezenesine-destek\/#primaryimage"},"thumbnailUrl":"https:\/\/denizcankizil.tr\/wp-content\/uploads\/2024\/12\/3456-01-VYMLQI.jpeg","datePublished":"2024-12-06T10:41:42+00:00","breadcrumb":{"@id":"https:\/\/denizcankizil.tr\/ru\/haberler\/antalya\/goller-bolgesinin-sari-gelini-tefenni-rezenesine-destek\/#breadcrumb"},"inLanguage":"ru-RU","potentialAction":[{"@type":"ReadAction","target":["https:\/\/denizcankizil.tr\/ru\/haberler\/antalya\/goller-bolgesinin-sari-gelini-tefenni-rezenesine-destek\/"]}]},{"@type":"ImageObject","inLanguage":"ru-RU","@id":"https:\/\/denizcankizil.tr\/ru\/haberler\/antalya\/goller-bolgesinin-sari-gelini-tefenni-rezenesine-destek\/#primaryimage","url":"https:\/\/denizcankizil.tr\/wp-content\/uploads\/2024\/12\/3456-01-VYMLQI.jpeg","contentUrl":"https:\/\/denizcankizil.tr\/wp-content\/uploads\/2024\/12\/3456-01-VYMLQI.jpeg","width":1280,"height":720},{"@type":"BreadcrumbList","@id":"https:\/\/denizcankizil.tr\/ru\/haberler\/antalya\/goller-bolgesinin-sari-gelini-tefenni-rezenesine-destek\/#breadcrumb","itemListElement":[{"@type":"ListItem","position":1,"name":"Home","item":"https:\/\/denizcankizil.tr\/de\/"},{"@type":"ListItem","position":2,"name":"G\u00f6ller B\u00f6lgesinin Sar\u0131 Gelini Tefenni Rezenesi&#8217;ne destek"}]},{"@type":"WebSite","@id":"https:\/\/denizcankizil.tr\/de\/#website","url":"https:\/\/denizcankizil.tr\/de\/","name":"Av. Deniz Can K\u0131z\u0131l","description":"Avukat Deniz Can K\u0131z\u0131l Antalya Barosu","publisher":{"@id":"https:\/\/denizcankizil.tr\/de\/#organization"},"potentialAction":[{"@type":"SearchAction","target":{"@type":"EntryPoint","urlTemplate":"https:\/\/denizcankizil.tr\/de\/?s={search_term_string}"},"query-input":{"@type":"PropertyValueSpecification","valueRequired":true,"valueName":"search_term_string"}}],"inLanguage":"ru-RU"},{"@type":"Organization","@id":"https:\/\/denizcankizil.tr\/de\/#organization","name":"Av. Deniz Can K\u0131z\u0131l","url":"https:\/\/denizcankizil.tr\/de\/","logo":{"@type":"ImageObject","inLanguage":"ru-RU","@id":"https:\/\/denizcankizil.tr\/de\/#\/schema\/logo\/image\/","url":"https:\/\/denizcankizil.tr\/wp-content\/uploads\/2024\/10\/siyah-logo-svg.svg","contentUrl":"https:\/\/denizcankizil.tr\/wp-content\/uploads\/2024\/10\/siyah-logo-svg.svg","width":1080,"height":1080,"caption":"Av. Deniz Can K\u0131z\u0131l"},"image":{"@id":"https:\/\/denizcankizil.tr\/de\/#\/schema\/logo\/image\/"}}]}},"_links":{"self":[{"href":"https:\/\/denizcankizil.tr\/ru\/wp-json\/wp\/v2\/posts\/19491","targetHints":{"allow":["GET"]}}],"collection":[{"href":"https:\/\/denizcankizil.tr\/ru\/wp-json\/wp\/v2\/posts"}],"about":[{"href":"https:\/\/denizcankizil.tr\/ru\/wp-json\/wp\/v2\/types\/post"}],"replies":[{"embeddable":true,"href":"https:\/\/denizcankizil.tr\/ru\/wp-json\/wp\/v2\/comments?post=19491"}],"version-history":[{"count":0,"href":"https:\/\/denizcankizil.tr\/ru\/wp-json\/wp\/v2\/posts\/19491\/revisions"}],"wp:featuredmedia":[{"embeddable":true,"href":"https:\/\/denizcankizil.tr\/ru\/wp-json\/wp\/v2\/media\/19492"}],"wp:attachment":[{"href":"https:\/\/denizcankizil.tr\/ru\/wp-json\/wp\/v2\/media?parent=19491"}],"wp:term":[{"taxonomy":"category","embeddable":true,"href":"https:\/\/denizcankizil.tr\/ru\/wp-json\/wp\/v2\/categories?post=19491"},{"taxonomy":"post_tag","embeddable":true,"href":"https:\/\/denizcankizil.tr\/ru\/wp-json\/wp\/v2\/tags?post=19491"}],"curies":[{"name":"wp","href":"https:\/\/api.w.org\/{rel}","templated":true}]}}