{"id":19397,"date":"2024-12-05T22:41:56","date_gmt":"2024-12-05T19:41:56","guid":{"rendered":"https:\/\/denizcankizil.tr\/uncategorized-tr\/baskan-zeyrek-turizm-fuarinin-acilisina-katildi\/"},"modified":"2024-12-05T22:41:56","modified_gmt":"2024-12-05T19:41:56","slug":"baskan-zeyrek-turizm-fuarinin-acilisina-katildi","status":"publish","type":"post","link":"https:\/\/denizcankizil.tr\/ru\/haberler\/gundem\/baskan-zeyrek-turizm-fuarinin-acilisina-katildi\/","title":{"rendered":"Ba\u015fkan Zeyrek Turizm Fuar\u0131\u2019n\u0131n A\u00e7\u0131l\u0131\u015f\u0131na Kat\u0131ld\u0131"},"content":{"rendered":"<p>18. TTI \u0130zmir Uluslararas\u0131 Turizm Fuar ve Kongresi\u2019 ile \u2018TTI Health 2. Sa\u011fl\u0131k Turizmi Fuar\u0131\u2019 d\u00fczenlenen t\u00f6renle a\u00e7\u0131ld\u0131. Turizm sekt\u00f6r\u00fcnden bir\u00e7ok kat\u0131l\u0131m\u0131n\u0131n bir araya geldi\u011fi fuara Manisa B\u00fcy\u00fck\u015fehir Belediye Ba\u015fkan\u0131 Mimar Ferdi Zeyrek de kat\u0131ld\u0131.\u00a0<\/p>\n<p>\u200b18. TTI \u0130zmir Uluslararas\u0131 Turizm Fuar ve Kongresi\u2019 ile \u2018TTI Health 2. Sa\u011fl\u0131k Turizmi Fuar\u0131\u2019 d\u00fczenlenen t\u00f6renle a\u00e7\u0131ld\u0131. Turizm sekt\u00f6r\u00fcnden bir\u00e7ok kat\u0131l\u0131m\u0131n\u0131n bir araya geldi\u011fi fuara Manisa B\u00fcy\u00fck\u015fehir Belediye Ba\u015fkan\u0131 Mimar Ferdi Zeyrek de kat\u0131ld\u0131.\u00a0\u00a0<\/p>\n<p>\u200bHaberin Al\u0131nt\u0131land\u0131\u011f\u0131 Kaynak: www.iskenderun.org<\/p>","protected":false},"excerpt":{"rendered":"<p>18. TTI \u0130zmir Uluslararas\u0131 Turizm Fuar ve Kongresi\u2019 ile \u2018TTI Health 2. Sa\u011fl\u0131k Turizmi Fuar\u0131\u2019 d\u00fczenlenen t\u00f6renle a\u00e7\u0131ld\u0131. Turizm sekt\u00f6r\u00fcnden bir\u00e7ok kat\u0131l\u0131m\u0131n\u0131n bir araya geldi\u011fi fuara Manisa B\u00fcy\u00fck\u015fehir Belediye Ba\u015fkan\u0131 Mimar Ferdi Zeyrek de kat\u0131ld\u0131.\u00a0 \u200b18. TTI \u0130zmir Uluslararas\u0131 Turizm Fuar ve Kongresi\u2019 ile \u2018TTI Health 2. Sa\u011fl\u0131k Turizmi Fuar\u0131\u2019 d\u00fczenlenen t\u00f6renle a\u00e7\u0131ld\u0131. Turizm sekt\u00f6r\u00fcnden bir\u00e7ok kat\u0131l\u0131m\u0131n\u0131n bir araya geldi\u011fi fuara Manisa B\u00fcy\u00fck\u015fehir Belediye Ba\u015fkan\u0131 Mimar Ferdi Zeyrek de kat\u0131ld\u0131.\u00a0\u00a0 \u200bHaberin Al\u0131nt\u0131land\u0131\u011f\u0131 Kaynak: www.iskenderun.org<\/p>","protected":false},"author":0,"featured_media":0,"comment_status":"open","ping_status":"open","sticky":false,"template":"","format":"standard","meta":{"_acf_changed":false,"footnotes":""},"categories":[24,535],"tags":[],"class_list":["post-19397","post","type-post","status-publish","format-standard","has-post-thumbnail","hentry","category-gundem","category-uncategorized-tr"],"acf":[],"yoast_head":"<!-- This site is optimized with the Yoast SEO Premium plugin v26.6 (Yoast SEO v27.1.1) - https:\/\/yoast.com\/product\/yoast-seo-premium-wordpress\/ -->\n<title>Ba\u015fkan Zeyrek Turizm Fuar\u0131\u2019n\u0131n A\u00e7\u0131l\u0131\u015f\u0131na Kat\u0131ld\u0131 - Av. Deniz Can K\u0131z\u0131l<\/title>\n<meta name=\"robots\" content=\"index, follow, max-snippet:-1, max-image-preview:large, max-video-preview:-1\" \/>\n<link rel=\"canonical\" href=\"https:\/\/denizcankizil.tr\/ru\/haberler\/gundem\/baskan-zeyrek-turizm-fuarinin-acilisina-katildi\/\" \/>\n<meta property=\"og:locale\" content=\"ru_RU\" \/>\n<meta property=\"og:type\" content=\"article\" \/>\n<meta property=\"og:title\" content=\"Ba\u015fkan Zeyrek Turizm Fuar\u0131\u2019n\u0131n A\u00e7\u0131l\u0131\u015f\u0131na Kat\u0131ld\u0131\" \/>\n<meta property=\"og:description\" content=\"18. TTI \u0130zmir Uluslararas\u0131 Turizm Fuar ve Kongresi\u2019 ile \u2018TTI Health 2. Sa\u011fl\u0131k Turizmi Fuar\u0131\u2019 d\u00fczenlenen t\u00f6renle a\u00e7\u0131ld\u0131. Turizm sekt\u00f6r\u00fcnden bir\u00e7ok kat\u0131l\u0131m\u0131n\u0131n bir araya geldi\u011fi fuara Manisa B\u00fcy\u00fck\u015fehir Belediye Ba\u015fkan\u0131 Mimar Ferdi Zeyrek de kat\u0131ld\u0131.\u00a0 \u200b18. TTI \u0130zmir Uluslararas\u0131 Turizm Fuar ve Kongresi\u2019 ile \u2018TTI Health 2. Sa\u011fl\u0131k Turizmi Fuar\u0131\u2019 d\u00fczenlenen t\u00f6renle a\u00e7\u0131ld\u0131. Turizm sekt\u00f6r\u00fcnden bir\u00e7ok kat\u0131l\u0131m\u0131n\u0131n bir araya geldi\u011fi fuara Manisa B\u00fcy\u00fck\u015fehir Belediye Ba\u015fkan\u0131 Mimar Ferdi Zeyrek de kat\u0131ld\u0131.\u00a0\u00a0 \u200bHaberin Al\u0131nt\u0131land\u0131\u011f\u0131 Kaynak: www.iskenderun.org\" \/>\n<meta property=\"og:url\" content=\"https:\/\/denizcankizil.tr\/ru\/haberler\/gundem\/baskan-zeyrek-turizm-fuarinin-acilisina-katildi\/\" \/>\n<meta property=\"og:site_name\" content=\"Av. Deniz Can K\u0131z\u0131l\" \/>\n<meta property=\"article:published_time\" content=\"2024-12-05T19:41:56+00:00\" \/>\n<meta name=\"twitter:card\" content=\"summary_large_image\" \/>\n<meta name=\"twitter:label1\" content=\"\u041f\u0440\u0438\u043c\u0435\u0440\u043d\u043e\u0435 \u0432\u0440\u0435\u043c\u044f \u0434\u043b\u044f \u0447\u0442\u0435\u043d\u0438\u044f\" \/>\n\t<meta name=\"twitter:data1\" content=\"1 \u043c\u0438\u043d\u0443\u0442\u0430\" \/>\n<script type=\"application\/ld+json\" class=\"yoast-schema-graph\">{\"@context\":\"https:\/\/schema.org\",\"@graph\":[{\"@type\":\"Article\",\"@id\":\"https:\/\/denizcankizil.tr\/ru\/haberler\/gundem\/baskan-zeyrek-turizm-fuarinin-acilisina-katildi\/#article\",\"isPartOf\":{\"@id\":\"https:\/\/denizcankizil.tr\/ru\/haberler\/gundem\/baskan-zeyrek-turizm-fuarinin-acilisina-katildi\/\"},\"author\":{\"name\":\"\",\"@id\":\"\"},\"headline\":\"Ba\u015fkan Zeyrek Turizm Fuar\u0131\u2019n\u0131n A\u00e7\u0131l\u0131\u015f\u0131na Kat\u0131ld\u0131\",\"datePublished\":\"2024-12-05T19:41:56+00:00\",\"mainEntityOfPage\":{\"@id\":\"https:\/\/denizcankizil.tr\/ru\/haberler\/gundem\/baskan-zeyrek-turizm-fuarinin-acilisina-katildi\/\"},\"wordCount\":122,\"commentCount\":0,\"publisher\":{\"@id\":\"https:\/\/denizcankizil.tr\/#organization\"},\"articleSection\":[\"G\u00fcndem\",\"Uncategorized\"],\"inLanguage\":\"ru-RU\",\"potentialAction\":[{\"@type\":\"CommentAction\",\"name\":\"Comment\",\"target\":[\"https:\/\/denizcankizil.tr\/ru\/haberler\/gundem\/baskan-zeyrek-turizm-fuarinin-acilisina-katildi\/#respond\"]}]},{\"@type\":\"WebPage\",\"@id\":\"https:\/\/denizcankizil.tr\/ru\/haberler\/gundem\/baskan-zeyrek-turizm-fuarinin-acilisina-katildi\/\",\"url\":\"https:\/\/denizcankizil.tr\/ru\/haberler\/gundem\/baskan-zeyrek-turizm-fuarinin-acilisina-katildi\/\",\"name\":\"Ba\u015fkan Zeyrek Turizm Fuar\u0131\u2019n\u0131n A\u00e7\u0131l\u0131\u015f\u0131na Kat\u0131ld\u0131 - Av. Deniz Can K\u0131z\u0131l\",\"isPartOf\":{\"@id\":\"https:\/\/denizcankizil.tr\/#website\"},\"datePublished\":\"2024-12-05T19:41:56+00:00\",\"breadcrumb\":{\"@id\":\"https:\/\/denizcankizil.tr\/ru\/haberler\/gundem\/baskan-zeyrek-turizm-fuarinin-acilisina-katildi\/#breadcrumb\"},\"inLanguage\":\"ru-RU\",\"potentialAction\":[{\"@type\":\"ReadAction\",\"target\":[\"https:\/\/denizcankizil.tr\/ru\/haberler\/gundem\/baskan-zeyrek-turizm-fuarinin-acilisina-katildi\/\"]}]},{\"@type\":\"BreadcrumbList\",\"@id\":\"https:\/\/denizcankizil.tr\/ru\/haberler\/gundem\/baskan-zeyrek-turizm-fuarinin-acilisina-katildi\/#breadcrumb\",\"itemListElement\":[{\"@type\":\"ListItem\",\"position\":1,\"name\":\"Home\",\"item\":\"https:\/\/denizcankizil.tr\/uk\/\"},{\"@type\":\"ListItem\",\"position\":2,\"name\":\"Ba\u015fkan Zeyrek Turizm Fuar\u0131\u2019n\u0131n A\u00e7\u0131l\u0131\u015f\u0131na Kat\u0131ld\u0131\"}]},{\"@type\":\"WebSite\",\"@id\":\"https:\/\/denizcankizil.tr\/#website\",\"url\":\"https:\/\/denizcankizil.tr\/\",\"name\":\"Av. Deniz Can K\u0131z\u0131l\",\"description\":\"Avukat Deniz Can K\u0131z\u0131l Antalya Barosu\",\"publisher\":{\"@id\":\"https:\/\/denizcankizil.tr\/#organization\"},\"potentialAction\":[{\"@type\":\"SearchAction\",\"target\":{\"@type\":\"EntryPoint\",\"urlTemplate\":\"https:\/\/denizcankizil.tr\/?s={search_term_string}\"},\"query-input\":{\"@type\":\"PropertyValueSpecification\",\"valueRequired\":true,\"valueName\":\"search_term_string\"}}],\"inLanguage\":\"ru-RU\"},{\"@type\":\"Organization\",\"@id\":\"https:\/\/denizcankizil.tr\/#organization\",\"name\":\"Av. Deniz Can K\u0131z\u0131l\",\"url\":\"https:\/\/denizcankizil.tr\/\",\"logo\":{\"@type\":\"ImageObject\",\"inLanguage\":\"ru-RU\",\"@id\":\"https:\/\/denizcankizil.tr\/#\/schema\/logo\/image\/\",\"url\":\"https:\/\/denizcankizil.tr\/wp-content\/uploads\/2024\/10\/siyah-logo-svg.svg\",\"contentUrl\":\"https:\/\/denizcankizil.tr\/wp-content\/uploads\/2024\/10\/siyah-logo-svg.svg\",\"width\":1080,\"height\":1080,\"caption\":\"Av. Deniz Can K\u0131z\u0131l\"},\"image\":{\"@id\":\"https:\/\/denizcankizil.tr\/#\/schema\/logo\/image\/\"}}]}<\/script>\n<!-- \/ Yoast SEO Premium plugin. -->","yoast_head_json":{"title":"Ba\u015fkan Zeyrek Turizm Fuar\u0131\u2019n\u0131n A\u00e7\u0131l\u0131\u015f\u0131na Kat\u0131ld\u0131 - Av. Deniz Can K\u0131z\u0131l","robots":{"index":"index","follow":"follow","max-snippet":"max-snippet:-1","max-image-preview":"max-image-preview:large","max-video-preview":"max-video-preview:-1"},"canonical":"https:\/\/denizcankizil.tr\/ru\/haberler\/gundem\/baskan-zeyrek-turizm-fuarinin-acilisina-katildi\/","og_locale":"ru_RU","og_type":"article","og_title":"Ba\u015fkan Zeyrek Turizm Fuar\u0131\u2019n\u0131n A\u00e7\u0131l\u0131\u015f\u0131na Kat\u0131ld\u0131","og_description":"18. TTI \u0130zmir Uluslararas\u0131 Turizm Fuar ve Kongresi\u2019 ile \u2018TTI Health 2. Sa\u011fl\u0131k Turizmi Fuar\u0131\u2019 d\u00fczenlenen t\u00f6renle a\u00e7\u0131ld\u0131. Turizm sekt\u00f6r\u00fcnden bir\u00e7ok kat\u0131l\u0131m\u0131n\u0131n bir araya geldi\u011fi fuara Manisa B\u00fcy\u00fck\u015fehir Belediye Ba\u015fkan\u0131 Mimar Ferdi Zeyrek de kat\u0131ld\u0131.\u00a0 \u200b18. TTI \u0130zmir Uluslararas\u0131 Turizm Fuar ve Kongresi\u2019 ile \u2018TTI Health 2. Sa\u011fl\u0131k Turizmi Fuar\u0131\u2019 d\u00fczenlenen t\u00f6renle a\u00e7\u0131ld\u0131. Turizm sekt\u00f6r\u00fcnden bir\u00e7ok kat\u0131l\u0131m\u0131n\u0131n bir araya geldi\u011fi fuara Manisa B\u00fcy\u00fck\u015fehir Belediye Ba\u015fkan\u0131 Mimar Ferdi Zeyrek de kat\u0131ld\u0131.\u00a0\u00a0 \u200bHaberin Al\u0131nt\u0131land\u0131\u011f\u0131 Kaynak: www.iskenderun.org","og_url":"https:\/\/denizcankizil.tr\/ru\/haberler\/gundem\/baskan-zeyrek-turizm-fuarinin-acilisina-katildi\/","og_site_name":"Av. Deniz Can K\u0131z\u0131l","article_published_time":"2024-12-05T19:41:56+00:00","twitter_card":"summary_large_image","twitter_misc":{"\u041f\u0440\u0438\u043c\u0435\u0440\u043d\u043e\u0435 \u0432\u0440\u0435\u043c\u044f \u0434\u043b\u044f \u0447\u0442\u0435\u043d\u0438\u044f":"1 \u043c\u0438\u043d\u0443\u0442\u0430"},"schema":{"@context":"https:\/\/schema.org","@graph":[{"@type":"Article","@id":"https:\/\/denizcankizil.tr\/ru\/haberler\/gundem\/baskan-zeyrek-turizm-fuarinin-acilisina-katildi\/#article","isPartOf":{"@id":"https:\/\/denizcankizil.tr\/ru\/haberler\/gundem\/baskan-zeyrek-turizm-fuarinin-acilisina-katildi\/"},"author":{"name":"","@id":""},"headline":"Ba\u015fkan Zeyrek Turizm Fuar\u0131\u2019n\u0131n A\u00e7\u0131l\u0131\u015f\u0131na Kat\u0131ld\u0131","datePublished":"2024-12-05T19:41:56+00:00","mainEntityOfPage":{"@id":"https:\/\/denizcankizil.tr\/ru\/haberler\/gundem\/baskan-zeyrek-turizm-fuarinin-acilisina-katildi\/"},"wordCount":122,"commentCount":0,"publisher":{"@id":"https:\/\/denizcankizil.tr\/#organization"},"articleSection":["G\u00fcndem","Uncategorized"],"inLanguage":"ru-RU","potentialAction":[{"@type":"CommentAction","name":"Comment","target":["https:\/\/denizcankizil.tr\/ru\/haberler\/gundem\/baskan-zeyrek-turizm-fuarinin-acilisina-katildi\/#respond"]}]},{"@type":"WebPage","@id":"https:\/\/denizcankizil.tr\/ru\/haberler\/gundem\/baskan-zeyrek-turizm-fuarinin-acilisina-katildi\/","url":"https:\/\/denizcankizil.tr\/ru\/haberler\/gundem\/baskan-zeyrek-turizm-fuarinin-acilisina-katildi\/","name":"Ba\u015fkan Zeyrek Turizm Fuar\u0131\u2019n\u0131n A\u00e7\u0131l\u0131\u015f\u0131na Kat\u0131ld\u0131 - Av. Deniz Can K\u0131z\u0131l","isPartOf":{"@id":"https:\/\/denizcankizil.tr\/#website"},"datePublished":"2024-12-05T19:41:56+00:00","breadcrumb":{"@id":"https:\/\/denizcankizil.tr\/ru\/haberler\/gundem\/baskan-zeyrek-turizm-fuarinin-acilisina-katildi\/#breadcrumb"},"inLanguage":"ru-RU","potentialAction":[{"@type":"ReadAction","target":["https:\/\/denizcankizil.tr\/ru\/haberler\/gundem\/baskan-zeyrek-turizm-fuarinin-acilisina-katildi\/"]}]},{"@type":"BreadcrumbList","@id":"https:\/\/denizcankizil.tr\/ru\/haberler\/gundem\/baskan-zeyrek-turizm-fuarinin-acilisina-katildi\/#breadcrumb","itemListElement":[{"@type":"ListItem","position":1,"name":"Home","item":"https:\/\/denizcankizil.tr\/uk\/"},{"@type":"ListItem","position":2,"name":"Ba\u015fkan Zeyrek Turizm Fuar\u0131\u2019n\u0131n A\u00e7\u0131l\u0131\u015f\u0131na Kat\u0131ld\u0131"}]},{"@type":"WebSite","@id":"https:\/\/denizcankizil.tr\/#website","url":"https:\/\/denizcankizil.tr\/","name":"Av. Deniz Can K\u0131z\u0131l","description":"Avukat Deniz Can K\u0131z\u0131l Antalya Barosu","publisher":{"@id":"https:\/\/denizcankizil.tr\/#organization"},"potentialAction":[{"@type":"SearchAction","target":{"@type":"EntryPoint","urlTemplate":"https:\/\/denizcankizil.tr\/?s={search_term_string}"},"query-input":{"@type":"PropertyValueSpecification","valueRequired":true,"valueName":"search_term_string"}}],"inLanguage":"ru-RU"},{"@type":"Organization","@id":"https:\/\/denizcankizil.tr\/#organization","name":"Av. Deniz Can K\u0131z\u0131l","url":"https:\/\/denizcankizil.tr\/","logo":{"@type":"ImageObject","inLanguage":"ru-RU","@id":"https:\/\/denizcankizil.tr\/#\/schema\/logo\/image\/","url":"https:\/\/denizcankizil.tr\/wp-content\/uploads\/2024\/10\/siyah-logo-svg.svg","contentUrl":"https:\/\/denizcankizil.tr\/wp-content\/uploads\/2024\/10\/siyah-logo-svg.svg","width":1080,"height":1080,"caption":"Av. Deniz Can K\u0131z\u0131l"},"image":{"@id":"https:\/\/denizcankizil.tr\/#\/schema\/logo\/image\/"}}]}},"_links":{"self":[{"href":"https:\/\/denizcankizil.tr\/ru\/wp-json\/wp\/v2\/posts\/19397","targetHints":{"allow":["GET"]}}],"collection":[{"href":"https:\/\/denizcankizil.tr\/ru\/wp-json\/wp\/v2\/posts"}],"about":[{"href":"https:\/\/denizcankizil.tr\/ru\/wp-json\/wp\/v2\/types\/post"}],"replies":[{"embeddable":true,"href":"https:\/\/denizcankizil.tr\/ru\/wp-json\/wp\/v2\/comments?post=19397"}],"version-history":[{"count":0,"href":"https:\/\/denizcankizil.tr\/ru\/wp-json\/wp\/v2\/posts\/19397\/revisions"}],"wp:attachment":[{"href":"https:\/\/denizcankizil.tr\/ru\/wp-json\/wp\/v2\/media?parent=19397"}],"wp:term":[{"taxonomy":"category","embeddable":true,"href":"https:\/\/denizcankizil.tr\/ru\/wp-json\/wp\/v2\/categories?post=19397"},{"taxonomy":"post_tag","embeddable":true,"href":"https:\/\/denizcankizil.tr\/ru\/wp-json\/wp\/v2\/tags?post=19397"}],"curies":[{"name":"wp","href":"https:\/\/api.w.org\/{rel}","templated":true}]}}