{"id":19321,"date":"2024-12-05T14:41:51","date_gmt":"2024-12-05T11:41:51","guid":{"rendered":"https:\/\/denizcankizil.tr\/uncategorized-tr\/izmir-katip-celebi-universitesi-ile-isbirligi-protokolu\/"},"modified":"2024-12-05T14:41:51","modified_gmt":"2024-12-05T11:41:51","slug":"izmir-katip-celebi-universitesi-ile-isbirligi-protokolu","status":"publish","type":"post","link":"https:\/\/denizcankizil.tr\/ru\/haberler\/gundem\/izmir-katip-celebi-universitesi-ile-isbirligi-protokolu\/","title":{"rendered":"\u0130zmir Katip \u00c7elebi \u00dcniversitesi ile i\u015fbirli\u011fi protokol\u00fc"},"content":{"rendered":"<p>\u0130zmir Katip \u00c7elebi \u00dcniversitesi ile \u00c7i\u011fli Belediyesi aras\u0131nda bir \u00e7ok alanda i\u015fbirli\u011fi sa\u011flayacak protokol imzaland\u0131.<\/p>\n<p>\u200b\u0130zmir Katip \u00c7elebi \u00dcniversitesi ile \u00c7i\u011fli Belediyesi aras\u0131nda bir \u00e7ok alanda i\u015fbirli\u011fi sa\u011flayacak protokol imzaland\u0131.\u00a0<\/p>\n<p>\u200bHaberin Al\u0131nt\u0131land\u0131\u011f\u0131 Kaynak: www.iskenderun.org<\/p>","protected":false},"excerpt":{"rendered":"<p>\u0130zmir Katip \u00c7elebi \u00dcniversitesi ile \u00c7i\u011fli Belediyesi aras\u0131nda bir \u00e7ok alanda i\u015fbirli\u011fi sa\u011flayacak protokol imzaland\u0131. \u200b\u0130zmir Katip \u00c7elebi \u00dcniversitesi ile \u00c7i\u011fli Belediyesi aras\u0131nda bir \u00e7ok alanda i\u015fbirli\u011fi sa\u011flayacak protokol imzaland\u0131.\u00a0 \u200bHaberin Al\u0131nt\u0131land\u0131\u011f\u0131 Kaynak: www.iskenderun.org<\/p>","protected":false},"author":0,"featured_media":0,"comment_status":"open","ping_status":"open","sticky":false,"template":"","format":"standard","meta":{"_acf_changed":false,"footnotes":""},"categories":[24,535],"tags":[],"class_list":["post-19321","post","type-post","status-publish","format-standard","has-post-thumbnail","hentry","category-gundem","category-uncategorized-tr"],"acf":[],"yoast_head":"<!-- This site is optimized with the Yoast SEO Premium plugin v26.6 (Yoast SEO v27.1.1) - https:\/\/yoast.com\/product\/yoast-seo-premium-wordpress\/ -->\n<title>\u0130zmir Katip \u00c7elebi \u00dcniversitesi ile i\u015fbirli\u011fi protokol\u00fc - Av. Deniz Can K\u0131z\u0131l<\/title>\n<meta name=\"robots\" content=\"index, follow, max-snippet:-1, max-image-preview:large, max-video-preview:-1\" \/>\n<link rel=\"canonical\" href=\"https:\/\/denizcankizil.tr\/ru\/haberler\/gundem\/izmir-katip-celebi-universitesi-ile-isbirligi-protokolu\/\" \/>\n<meta property=\"og:locale\" content=\"ru_RU\" \/>\n<meta property=\"og:type\" content=\"article\" \/>\n<meta property=\"og:title\" content=\"\u0130zmir Katip \u00c7elebi \u00dcniversitesi ile i\u015fbirli\u011fi protokol\u00fc\" \/>\n<meta property=\"og:description\" content=\"\u0130zmir Katip \u00c7elebi \u00dcniversitesi ile \u00c7i\u011fli Belediyesi aras\u0131nda bir \u00e7ok alanda i\u015fbirli\u011fi sa\u011flayacak protokol imzaland\u0131. \u200b\u0130zmir Katip \u00c7elebi \u00dcniversitesi ile \u00c7i\u011fli Belediyesi aras\u0131nda bir \u00e7ok alanda i\u015fbirli\u011fi sa\u011flayacak protokol imzaland\u0131.\u00a0 \u200bHaberin Al\u0131nt\u0131land\u0131\u011f\u0131 Kaynak: www.iskenderun.org\" \/>\n<meta property=\"og:url\" content=\"https:\/\/denizcankizil.tr\/ru\/haberler\/gundem\/izmir-katip-celebi-universitesi-ile-isbirligi-protokolu\/\" \/>\n<meta property=\"og:site_name\" content=\"Av. Deniz Can K\u0131z\u0131l\" \/>\n<meta property=\"article:published_time\" content=\"2024-12-05T11:41:51+00:00\" \/>\n<meta name=\"twitter:card\" content=\"summary_large_image\" \/>\n<script type=\"application\/ld+json\" class=\"yoast-schema-graph\">{\"@context\":\"https:\/\/schema.org\",\"@graph\":[{\"@type\":\"Article\",\"@id\":\"https:\/\/denizcankizil.tr\/ru\/haberler\/gundem\/izmir-katip-celebi-universitesi-ile-isbirligi-protokolu\/#article\",\"isPartOf\":{\"@id\":\"https:\/\/denizcankizil.tr\/ru\/haberler\/gundem\/izmir-katip-celebi-universitesi-ile-isbirligi-protokolu\/\"},\"author\":{\"name\":\"\",\"@id\":\"\"},\"headline\":\"\u0130zmir Katip \u00c7elebi \u00dcniversitesi ile i\u015fbirli\u011fi protokol\u00fc\",\"datePublished\":\"2024-12-05T11:41:51+00:00\",\"mainEntityOfPage\":{\"@id\":\"https:\/\/denizcankizil.tr\/ru\/haberler\/gundem\/izmir-katip-celebi-universitesi-ile-isbirligi-protokolu\/\"},\"wordCount\":57,\"commentCount\":0,\"publisher\":{\"@id\":\"https:\/\/denizcankizil.tr\/de\/#organization\"},\"articleSection\":[\"G\u00fcndem\",\"Uncategorized\"],\"inLanguage\":\"ru-RU\",\"potentialAction\":[{\"@type\":\"CommentAction\",\"name\":\"Comment\",\"target\":[\"https:\/\/denizcankizil.tr\/ru\/haberler\/gundem\/izmir-katip-celebi-universitesi-ile-isbirligi-protokolu\/#respond\"]}]},{\"@type\":\"WebPage\",\"@id\":\"https:\/\/denizcankizil.tr\/ru\/haberler\/gundem\/izmir-katip-celebi-universitesi-ile-isbirligi-protokolu\/\",\"url\":\"https:\/\/denizcankizil.tr\/ru\/haberler\/gundem\/izmir-katip-celebi-universitesi-ile-isbirligi-protokolu\/\",\"name\":\"\u0130zmir Katip \u00c7elebi \u00dcniversitesi ile i\u015fbirli\u011fi protokol\u00fc - Av. Deniz Can K\u0131z\u0131l\",\"isPartOf\":{\"@id\":\"https:\/\/denizcankizil.tr\/de\/#website\"},\"datePublished\":\"2024-12-05T11:41:51+00:00\",\"breadcrumb\":{\"@id\":\"https:\/\/denizcankizil.tr\/ru\/haberler\/gundem\/izmir-katip-celebi-universitesi-ile-isbirligi-protokolu\/#breadcrumb\"},\"inLanguage\":\"ru-RU\",\"potentialAction\":[{\"@type\":\"ReadAction\",\"target\":[\"https:\/\/denizcankizil.tr\/ru\/haberler\/gundem\/izmir-katip-celebi-universitesi-ile-isbirligi-protokolu\/\"]}]},{\"@type\":\"BreadcrumbList\",\"@id\":\"https:\/\/denizcankizil.tr\/ru\/haberler\/gundem\/izmir-katip-celebi-universitesi-ile-isbirligi-protokolu\/#breadcrumb\",\"itemListElement\":[{\"@type\":\"ListItem\",\"position\":1,\"name\":\"Home\",\"item\":\"https:\/\/denizcankizil.tr\/de\/\"},{\"@type\":\"ListItem\",\"position\":2,\"name\":\"\u0130zmir Katip \u00c7elebi \u00dcniversitesi ile i\u015fbirli\u011fi protokol\u00fc\"}]},{\"@type\":\"WebSite\",\"@id\":\"https:\/\/denizcankizil.tr\/de\/#website\",\"url\":\"https:\/\/denizcankizil.tr\/de\/\",\"name\":\"Av. Deniz Can K\u0131z\u0131l\",\"description\":\"Avukat Deniz Can K\u0131z\u0131l Antalya Barosu\",\"publisher\":{\"@id\":\"https:\/\/denizcankizil.tr\/de\/#organization\"},\"potentialAction\":[{\"@type\":\"SearchAction\",\"target\":{\"@type\":\"EntryPoint\",\"urlTemplate\":\"https:\/\/denizcankizil.tr\/de\/?s={search_term_string}\"},\"query-input\":{\"@type\":\"PropertyValueSpecification\",\"valueRequired\":true,\"valueName\":\"search_term_string\"}}],\"inLanguage\":\"ru-RU\"},{\"@type\":\"Organization\",\"@id\":\"https:\/\/denizcankizil.tr\/de\/#organization\",\"name\":\"Av. Deniz Can K\u0131z\u0131l\",\"url\":\"https:\/\/denizcankizil.tr\/de\/\",\"logo\":{\"@type\":\"ImageObject\",\"inLanguage\":\"ru-RU\",\"@id\":\"https:\/\/denizcankizil.tr\/de\/#\/schema\/logo\/image\/\",\"url\":\"https:\/\/denizcankizil.tr\/wp-content\/uploads\/2024\/10\/siyah-logo-svg.svg\",\"contentUrl\":\"https:\/\/denizcankizil.tr\/wp-content\/uploads\/2024\/10\/siyah-logo-svg.svg\",\"width\":1080,\"height\":1080,\"caption\":\"Av. Deniz Can K\u0131z\u0131l\"},\"image\":{\"@id\":\"https:\/\/denizcankizil.tr\/de\/#\/schema\/logo\/image\/\"}}]}<\/script>\n<!-- \/ Yoast SEO Premium plugin. -->","yoast_head_json":{"title":"\u0130zmir Katip \u00c7elebi \u00dcniversitesi ile i\u015fbirli\u011fi protokol\u00fc - Av. Deniz Can K\u0131z\u0131l","robots":{"index":"index","follow":"follow","max-snippet":"max-snippet:-1","max-image-preview":"max-image-preview:large","max-video-preview":"max-video-preview:-1"},"canonical":"https:\/\/denizcankizil.tr\/ru\/haberler\/gundem\/izmir-katip-celebi-universitesi-ile-isbirligi-protokolu\/","og_locale":"ru_RU","og_type":"article","og_title":"\u0130zmir Katip \u00c7elebi \u00dcniversitesi ile i\u015fbirli\u011fi protokol\u00fc","og_description":"\u0130zmir Katip \u00c7elebi \u00dcniversitesi ile \u00c7i\u011fli Belediyesi aras\u0131nda bir \u00e7ok alanda i\u015fbirli\u011fi sa\u011flayacak protokol imzaland\u0131. \u200b\u0130zmir Katip \u00c7elebi \u00dcniversitesi ile \u00c7i\u011fli Belediyesi aras\u0131nda bir \u00e7ok alanda i\u015fbirli\u011fi sa\u011flayacak protokol imzaland\u0131.\u00a0 \u200bHaberin Al\u0131nt\u0131land\u0131\u011f\u0131 Kaynak: www.iskenderun.org","og_url":"https:\/\/denizcankizil.tr\/ru\/haberler\/gundem\/izmir-katip-celebi-universitesi-ile-isbirligi-protokolu\/","og_site_name":"Av. Deniz Can K\u0131z\u0131l","article_published_time":"2024-12-05T11:41:51+00:00","twitter_card":"summary_large_image","schema":{"@context":"https:\/\/schema.org","@graph":[{"@type":"Article","@id":"https:\/\/denizcankizil.tr\/ru\/haberler\/gundem\/izmir-katip-celebi-universitesi-ile-isbirligi-protokolu\/#article","isPartOf":{"@id":"https:\/\/denizcankizil.tr\/ru\/haberler\/gundem\/izmir-katip-celebi-universitesi-ile-isbirligi-protokolu\/"},"author":{"name":"","@id":""},"headline":"\u0130zmir Katip \u00c7elebi \u00dcniversitesi ile i\u015fbirli\u011fi protokol\u00fc","datePublished":"2024-12-05T11:41:51+00:00","mainEntityOfPage":{"@id":"https:\/\/denizcankizil.tr\/ru\/haberler\/gundem\/izmir-katip-celebi-universitesi-ile-isbirligi-protokolu\/"},"wordCount":57,"commentCount":0,"publisher":{"@id":"https:\/\/denizcankizil.tr\/de\/#organization"},"articleSection":["G\u00fcndem","Uncategorized"],"inLanguage":"ru-RU","potentialAction":[{"@type":"CommentAction","name":"Comment","target":["https:\/\/denizcankizil.tr\/ru\/haberler\/gundem\/izmir-katip-celebi-universitesi-ile-isbirligi-protokolu\/#respond"]}]},{"@type":"WebPage","@id":"https:\/\/denizcankizil.tr\/ru\/haberler\/gundem\/izmir-katip-celebi-universitesi-ile-isbirligi-protokolu\/","url":"https:\/\/denizcankizil.tr\/ru\/haberler\/gundem\/izmir-katip-celebi-universitesi-ile-isbirligi-protokolu\/","name":"\u0130zmir Katip \u00c7elebi \u00dcniversitesi ile i\u015fbirli\u011fi protokol\u00fc - Av. Deniz Can K\u0131z\u0131l","isPartOf":{"@id":"https:\/\/denizcankizil.tr\/de\/#website"},"datePublished":"2024-12-05T11:41:51+00:00","breadcrumb":{"@id":"https:\/\/denizcankizil.tr\/ru\/haberler\/gundem\/izmir-katip-celebi-universitesi-ile-isbirligi-protokolu\/#breadcrumb"},"inLanguage":"ru-RU","potentialAction":[{"@type":"ReadAction","target":["https:\/\/denizcankizil.tr\/ru\/haberler\/gundem\/izmir-katip-celebi-universitesi-ile-isbirligi-protokolu\/"]}]},{"@type":"BreadcrumbList","@id":"https:\/\/denizcankizil.tr\/ru\/haberler\/gundem\/izmir-katip-celebi-universitesi-ile-isbirligi-protokolu\/#breadcrumb","itemListElement":[{"@type":"ListItem","position":1,"name":"Home","item":"https:\/\/denizcankizil.tr\/de\/"},{"@type":"ListItem","position":2,"name":"\u0130zmir Katip \u00c7elebi \u00dcniversitesi ile i\u015fbirli\u011fi protokol\u00fc"}]},{"@type":"WebSite","@id":"https:\/\/denizcankizil.tr\/de\/#website","url":"https:\/\/denizcankizil.tr\/de\/","name":"Av. Deniz Can K\u0131z\u0131l","description":"Avukat Deniz Can K\u0131z\u0131l Antalya Barosu","publisher":{"@id":"https:\/\/denizcankizil.tr\/de\/#organization"},"potentialAction":[{"@type":"SearchAction","target":{"@type":"EntryPoint","urlTemplate":"https:\/\/denizcankizil.tr\/de\/?s={search_term_string}"},"query-input":{"@type":"PropertyValueSpecification","valueRequired":true,"valueName":"search_term_string"}}],"inLanguage":"ru-RU"},{"@type":"Organization","@id":"https:\/\/denizcankizil.tr\/de\/#organization","name":"Av. Deniz Can K\u0131z\u0131l","url":"https:\/\/denizcankizil.tr\/de\/","logo":{"@type":"ImageObject","inLanguage":"ru-RU","@id":"https:\/\/denizcankizil.tr\/de\/#\/schema\/logo\/image\/","url":"https:\/\/denizcankizil.tr\/wp-content\/uploads\/2024\/10\/siyah-logo-svg.svg","contentUrl":"https:\/\/denizcankizil.tr\/wp-content\/uploads\/2024\/10\/siyah-logo-svg.svg","width":1080,"height":1080,"caption":"Av. Deniz Can K\u0131z\u0131l"},"image":{"@id":"https:\/\/denizcankizil.tr\/de\/#\/schema\/logo\/image\/"}}]}},"_links":{"self":[{"href":"https:\/\/denizcankizil.tr\/ru\/wp-json\/wp\/v2\/posts\/19321","targetHints":{"allow":["GET"]}}],"collection":[{"href":"https:\/\/denizcankizil.tr\/ru\/wp-json\/wp\/v2\/posts"}],"about":[{"href":"https:\/\/denizcankizil.tr\/ru\/wp-json\/wp\/v2\/types\/post"}],"replies":[{"embeddable":true,"href":"https:\/\/denizcankizil.tr\/ru\/wp-json\/wp\/v2\/comments?post=19321"}],"version-history":[{"count":0,"href":"https:\/\/denizcankizil.tr\/ru\/wp-json\/wp\/v2\/posts\/19321\/revisions"}],"wp:attachment":[{"href":"https:\/\/denizcankizil.tr\/ru\/wp-json\/wp\/v2\/media?parent=19321"}],"wp:term":[{"taxonomy":"category","embeddable":true,"href":"https:\/\/denizcankizil.tr\/ru\/wp-json\/wp\/v2\/categories?post=19321"},{"taxonomy":"post_tag","embeddable":true,"href":"https:\/\/denizcankizil.tr\/ru\/wp-json\/wp\/v2\/tags?post=19321"}],"curies":[{"name":"wp","href":"https:\/\/api.w.org\/{rel}","templated":true}]}}