{"id":19311,"date":"2024-12-05T13:41:58","date_gmt":"2024-12-05T10:41:58","guid":{"rendered":"https:\/\/denizcankizil.tr\/uncategorized-tr\/9-tane-yediler-kazandik-dediler\/"},"modified":"2024-12-05T13:41:58","modified_gmt":"2024-12-05T10:41:58","slug":"9-tane-yediler-kazandik-dediler","status":"publish","type":"post","link":"https:\/\/denizcankizil.tr\/ru\/haberler\/gundem\/9-tane-yediler-kazandik-dediler\/","title":{"rendered":"9 tane yediler, \u2018kazand\u0131k\u2019 dediler"},"content":{"rendered":"<p>TFF 2. Lig\u2019de m\u00fccadele eden Kepez Belediyesi\u2019ne ba\u011fl\u0131 Kepez Belediyespor, T\u00fcrkiye Kupas\u0131 ma\u00e7\u0131nda Konyaspor\u2019a 9-0 yenildi. Kar\u015f\u0131la\u015fmada hi\u00e7bir varl\u0131k g\u00f6steremeyen Kepez Belediyespor bu sonu\u00e7la kupadan elendi. Al\u0131nan k\u00f6t\u00fc ma\u011flubiyet kul\u00fcpteki sorunlar\u0131 bir kez daha g\u00fcndeme getirdi.<\/p>\n<p>\u0130NTERNET S\u0130TES\u0130 G\u00dcNCELLENM\u0130YOR<\/p>\n<p>Yak\u0131n zamanda Soykan Bayraktar kul\u00fcp A.\u015e. ba\u015fkanl\u0131\u011f\u0131ndan istifa etmi\u015fti. Bayraktar\u2019\u0131n istifas\u0131ndan ard\u0131ndan hen\u00fcz kul\u00fcp ba\u015fkan\u0131 belirlenmedi\u011fi \u00f6\u011frenildi. \u0130stifalar\u0131n havada u\u00e7u\u015ftu\u011fu Kepez Belediyespor\u2019daki ba\u015f\u0131bo\u015fluk \u2018yok art\u0131k\u2019 dedirtti. Kul\u00fcb\u00fcn resmi internet sitesi www.kepezspor.org 2 May\u0131s 2024 tarihinden beri g\u00fcncellenmiyor. Sitenin ana sayfas\u0131nda eski haberler yer al\u0131rken, kul\u00fcp ba\u015fkan\u0131 olarak Soykan Bayraktar\u2019dan \u00f6nceki \u0130smail \u0130ltemir g\u00f6r\u00fcn\u00fcyor.<\/p>\n<p>Resmi internet sitesinde eski ba\u015fkanlardan \u0130smail \u0130ltemir ba\u015fkan g\u00f6r\u00fcn\u00fcrken, y\u00f6netim kurulunun da geli\u015fig\u00fczel yaz\u0131ld\u0131\u011f\u0131 g\u00f6r\u00fcl\u00fcyor<\/p>\n<p>FACEBOOK\u2019TA AKILLARA ZARAR PAYLA\u015eIM<\/p>\n<p>Yine Y\u00f6netim Kurulu listesinin ba\u015ftan sa\u011fma yaz\u0131ld\u0131\u011f\u0131 dikkat \u00e7ekiyor. Kul\u00fcb\u00fcn resmi Facebook hesab\u0131 da evlere \u015fenlik y\u00f6netiliyor. 2 Aral\u0131k\u2019ta \u2018Tak\u0131m\u0131m\u0131z Ziraat T\u00fcrkiye Kupas\u0131 ma\u00e7\u0131nda kar\u015f\u0131la\u015faca\u011f\u0131 Konyasapor ma\u00e7\u0131n\u0131n haz\u0131rl\u0131klar\u0131na ba\u015flad\u0131\u2019 payla\u015f\u0131m\u0131 yap\u0131lan Facebook hesab\u0131nda Konyaspor\u2019a kar\u015f\u0131 al\u0131nan 9-0\u2019l\u0131k ma\u011flubiyetin ard\u0131ndan \u2018G\u00fcn\u00fcn kazanan\u0131\u2019 \u015feklinde payla\u015f\u0131m yap\u0131ld\u0131. \u00a0\u00a0<\/p>\n<p>9-0&#8217;l\u0131k Konyaspor ma\u011flubiyetinin ard\u0131ndan Kepezspor resmi Facebook hesab\u0131ndan yap\u0131lan payla\u015f\u0131m\u00a0<\/p>\n<p>KOCAG\u00d6Z EL\u0130N\u0130 AYA\u011eINI \u00c7EKT\u0130<\/p>\n<p>Yerel se\u00e7imlerde Kepez Belediyesi\u2019nin kazanan Ba\u015fkan Mesut Kocag\u00f6z\u2019\u00fcn ise kul\u00fcbe beklenen deste\u011fi vermedi\u011fi bildirildi. Ba\u015fkan olduktan sonra kul\u00fcp y\u00f6netimini ba\u015ftan a\u015fa\u011f\u0131 yenileyen Kocag\u00f6z, \u00f6zellikle futbol kul\u00fcb\u00fcnden b\u00fcy\u00fck ba\u015far\u0131 bekliyordu. Fakat Kocag\u00f6z\u2019\u00fcn tak\u0131ma beklenen deste\u011fi vermedi\u011fi \u00f6\u011frenildi.<\/p>\n<p>Kepezspor&#8217;un resmi internet sitesi 2 May\u0131s tarihinden beri g\u00fcncellenmiyor\u00a0<\/p>\n<p>\u200bZiraat T\u00fcrkiye Kupas\u0131\u2019nda Konyaspor\u2019a 9-0 gibi tarihi bir farkla yenilen Kepezspor\u2019da i\u015fler kar\u0131\u015ft\u0131. \u00dcst \u00fcste istifalar\u0131n ya\u015fand\u0131\u011f\u0131 Kepezspor\u2019un resmi internet sitesi 2 May\u0131s\u2019tan beri g\u00fcncellenmiyor. \u00a09-0\u2019l\u0131k ma\u011flubiyetin oldu\u011fu g\u00fcn ise kul\u00fcb\u00fcn sosyal medya hesab\u0131ndan \u2018g\u00fcn\u00fcn kazanan\u0131\u2019 payla\u015f\u0131m\u0131 yap\u0131ld\u0131\u00a0<\/p>\n<p>\u200bHaberin Al\u0131nt\u0131land\u0131\u011f\u0131 Kaynak: www.antalyakorfez.com<\/p>","protected":false},"excerpt":{"rendered":"<p>TFF 2. Lig\u2019de m\u00fccadele eden Kepez Belediyesi\u2019ne ba\u011fl\u0131 Kepez Belediyespor, T\u00fcrkiye Kupas\u0131 ma\u00e7\u0131nda Konyaspor\u2019a 9-0 yenildi. Kar\u015f\u0131la\u015fmada hi\u00e7bir varl\u0131k g\u00f6steremeyen Kepez Belediyespor bu sonu\u00e7la kupadan elendi. Al\u0131nan k\u00f6t\u00fc ma\u011flubiyet kul\u00fcpteki sorunlar\u0131 bir kez daha g\u00fcndeme getirdi. \u0130NTERNET S\u0130TES\u0130 G\u00dcNCELLENM\u0130YOR Yak\u0131n zamanda Soykan Bayraktar kul\u00fcp A.\u015e. ba\u015fkanl\u0131\u011f\u0131ndan istifa etmi\u015fti. Bayraktar\u2019\u0131n istifas\u0131ndan ard\u0131ndan hen\u00fcz kul\u00fcp ba\u015fkan\u0131 belirlenmedi\u011fi \u00f6\u011frenildi. \u0130stifalar\u0131n havada u\u00e7u\u015ftu\u011fu Kepez Belediyespor\u2019daki ba\u015f\u0131bo\u015fluk \u2018yok art\u0131k\u2019 dedirtti. Kul\u00fcb\u00fcn resmi internet sitesi www.kepezspor.org 2 May\u0131s 2024 tarihinden beri g\u00fcncellenmiyor. Sitenin ana sayfas\u0131nda eski haberler yer al\u0131rken, kul\u00fcp ba\u015fkan\u0131 olarak Soykan Bayraktar\u2019dan \u00f6nceki \u0130smail \u0130ltemir g\u00f6r\u00fcn\u00fcyor. Resmi internet sitesinde eski ba\u015fkanlardan \u0130smail \u0130ltemir ba\u015fkan g\u00f6r\u00fcn\u00fcrken, y\u00f6netim kurulunun da geli\u015fig\u00fczel yaz\u0131ld\u0131\u011f\u0131 g\u00f6r\u00fcl\u00fcyor FACEBOOK\u2019TA AKILLARA ZARAR PAYLA\u015eIM Yine Y\u00f6netim Kurulu listesinin ba\u015ftan sa\u011fma yaz\u0131ld\u0131\u011f\u0131 dikkat \u00e7ekiyor. Kul\u00fcb\u00fcn resmi Facebook hesab\u0131 da evlere \u015fenlik y\u00f6netiliyor. 2 Aral\u0131k\u2019ta \u2018Tak\u0131m\u0131m\u0131z Ziraat T\u00fcrkiye Kupas\u0131 ma\u00e7\u0131nda kar\u015f\u0131la\u015faca\u011f\u0131 Konyasapor ma\u00e7\u0131n\u0131n haz\u0131rl\u0131klar\u0131na ba\u015flad\u0131\u2019 payla\u015f\u0131m\u0131 yap\u0131lan Facebook hesab\u0131nda Konyaspor\u2019a kar\u015f\u0131 al\u0131nan 9-0\u2019l\u0131k ma\u011flubiyetin ard\u0131ndan \u2018G\u00fcn\u00fcn kazanan\u0131\u2019 \u015feklinde payla\u015f\u0131m yap\u0131ld\u0131. \u00a0\u00a0 9-0&#8217;l\u0131k Konyaspor ma\u011flubiyetinin ard\u0131ndan Kepezspor resmi Facebook hesab\u0131ndan yap\u0131lan payla\u015f\u0131m\u00a0 KOCAG\u00d6Z EL\u0130N\u0130 AYA\u011eINI \u00c7EKT\u0130 Yerel se\u00e7imlerde Kepez Belediyesi\u2019nin kazanan Ba\u015fkan Mesut Kocag\u00f6z\u2019\u00fcn ise kul\u00fcbe beklenen deste\u011fi vermedi\u011fi bildirildi. Ba\u015fkan olduktan sonra kul\u00fcp y\u00f6netimini ba\u015ftan a\u015fa\u011f\u0131 yenileyen Kocag\u00f6z, \u00f6zellikle futbol kul\u00fcb\u00fcnden b\u00fcy\u00fck ba\u015far\u0131 bekliyordu. Fakat &hellip;<\/p>","protected":false},"author":0,"featured_media":0,"comment_status":"open","ping_status":"open","sticky":false,"template":"","format":"standard","meta":{"_acf_changed":false,"footnotes":""},"categories":[24,535],"tags":[],"class_list":["post-19311","post","type-post","status-publish","format-standard","has-post-thumbnail","hentry","category-gundem","category-uncategorized-tr"],"acf":[],"yoast_head":"<!-- This site is optimized with the Yoast SEO Premium plugin v26.6 (Yoast SEO v27.1.1) - https:\/\/yoast.com\/product\/yoast-seo-premium-wordpress\/ -->\n<title>9 tane yediler, \u2018kazand\u0131k\u2019 dediler - Av. Deniz Can K\u0131z\u0131l<\/title>\n<meta name=\"robots\" content=\"index, follow, max-snippet:-1, max-image-preview:large, max-video-preview:-1\" \/>\n<link rel=\"canonical\" href=\"https:\/\/denizcankizil.tr\/ru\/haberler\/gundem\/9-tane-yediler-kazandik-dediler\/\" \/>\n<meta property=\"og:locale\" content=\"ru_RU\" \/>\n<meta property=\"og:type\" content=\"article\" \/>\n<meta property=\"og:title\" content=\"9 tane yediler, \u2018kazand\u0131k\u2019 dediler\" \/>\n<meta property=\"og:description\" content=\"TFF 2. Lig\u2019de m\u00fccadele eden Kepez Belediyesi\u2019ne ba\u011fl\u0131 Kepez Belediyespor, T\u00fcrkiye Kupas\u0131 ma\u00e7\u0131nda Konyaspor\u2019a 9-0 yenildi. Kar\u015f\u0131la\u015fmada hi\u00e7bir varl\u0131k g\u00f6steremeyen Kepez Belediyespor bu sonu\u00e7la kupadan elendi. Al\u0131nan k\u00f6t\u00fc ma\u011flubiyet kul\u00fcpteki sorunlar\u0131 bir kez daha g\u00fcndeme getirdi. \u0130NTERNET S\u0130TES\u0130 G\u00dcNCELLENM\u0130YOR Yak\u0131n zamanda Soykan Bayraktar kul\u00fcp A.\u015e. ba\u015fkanl\u0131\u011f\u0131ndan istifa etmi\u015fti. Bayraktar\u2019\u0131n istifas\u0131ndan ard\u0131ndan hen\u00fcz kul\u00fcp ba\u015fkan\u0131 belirlenmedi\u011fi \u00f6\u011frenildi. \u0130stifalar\u0131n havada u\u00e7u\u015ftu\u011fu Kepez Belediyespor\u2019daki ba\u015f\u0131bo\u015fluk \u2018yok art\u0131k\u2019 dedirtti. Kul\u00fcb\u00fcn resmi internet sitesi www.kepezspor.org 2 May\u0131s 2024 tarihinden beri g\u00fcncellenmiyor. Sitenin ana sayfas\u0131nda eski haberler yer al\u0131rken, kul\u00fcp ba\u015fkan\u0131 olarak Soykan Bayraktar\u2019dan \u00f6nceki \u0130smail \u0130ltemir g\u00f6r\u00fcn\u00fcyor. Resmi internet sitesinde eski ba\u015fkanlardan \u0130smail \u0130ltemir ba\u015fkan g\u00f6r\u00fcn\u00fcrken, y\u00f6netim kurulunun da geli\u015fig\u00fczel yaz\u0131ld\u0131\u011f\u0131 g\u00f6r\u00fcl\u00fcyor FACEBOOK\u2019TA AKILLARA ZARAR PAYLA\u015eIM Yine Y\u00f6netim Kurulu listesinin ba\u015ftan sa\u011fma yaz\u0131ld\u0131\u011f\u0131 dikkat \u00e7ekiyor. Kul\u00fcb\u00fcn resmi Facebook hesab\u0131 da evlere \u015fenlik y\u00f6netiliyor. 2 Aral\u0131k\u2019ta \u2018Tak\u0131m\u0131m\u0131z Ziraat T\u00fcrkiye Kupas\u0131 ma\u00e7\u0131nda kar\u015f\u0131la\u015faca\u011f\u0131 Konyasapor ma\u00e7\u0131n\u0131n haz\u0131rl\u0131klar\u0131na ba\u015flad\u0131\u2019 payla\u015f\u0131m\u0131 yap\u0131lan Facebook hesab\u0131nda Konyaspor\u2019a kar\u015f\u0131 al\u0131nan 9-0\u2019l\u0131k ma\u011flubiyetin ard\u0131ndan \u2018G\u00fcn\u00fcn kazanan\u0131\u2019 \u015feklinde payla\u015f\u0131m yap\u0131ld\u0131. \u00a0\u00a0 9-0&#8217;l\u0131k Konyaspor ma\u011flubiyetinin ard\u0131ndan Kepezspor resmi Facebook hesab\u0131ndan yap\u0131lan payla\u015f\u0131m\u00a0 KOCAG\u00d6Z EL\u0130N\u0130 AYA\u011eINI \u00c7EKT\u0130 Yerel se\u00e7imlerde Kepez Belediyesi\u2019nin kazanan Ba\u015fkan Mesut Kocag\u00f6z\u2019\u00fcn ise kul\u00fcbe beklenen deste\u011fi vermedi\u011fi bildirildi. Ba\u015fkan olduktan sonra kul\u00fcp y\u00f6netimini ba\u015ftan a\u015fa\u011f\u0131 yenileyen Kocag\u00f6z, \u00f6zellikle futbol kul\u00fcb\u00fcnden b\u00fcy\u00fck ba\u015far\u0131 bekliyordu. Fakat &hellip;\" \/>\n<meta property=\"og:url\" content=\"https:\/\/denizcankizil.tr\/ru\/haberler\/gundem\/9-tane-yediler-kazandik-dediler\/\" \/>\n<meta property=\"og:site_name\" content=\"Av. Deniz Can K\u0131z\u0131l\" \/>\n<meta property=\"article:published_time\" content=\"2024-12-05T10:41:58+00:00\" \/>\n<meta name=\"twitter:card\" content=\"summary_large_image\" \/>\n<meta name=\"twitter:label1\" content=\"\u041f\u0440\u0438\u043c\u0435\u0440\u043d\u043e\u0435 \u0432\u0440\u0435\u043c\u044f \u0434\u043b\u044f \u0447\u0442\u0435\u043d\u0438\u044f\" \/>\n\t<meta name=\"twitter:data1\" content=\"2 \u043c\u0438\u043d\u0443\u0442\u044b\" \/>\n<script type=\"application\/ld+json\" class=\"yoast-schema-graph\">{\"@context\":\"https:\/\/schema.org\",\"@graph\":[{\"@type\":\"Article\",\"@id\":\"https:\/\/denizcankizil.tr\/en\/haberler\/gundem\/9-tane-yediler-kazandik-dediler\/#article\",\"isPartOf\":{\"@id\":\"https:\/\/denizcankizil.tr\/en\/haberler\/gundem\/9-tane-yediler-kazandik-dediler\/\"},\"author\":{\"name\":\"\",\"@id\":\"\"},\"headline\":\"9 tane yediler, \u2018kazand\u0131k\u2019 dediler\",\"datePublished\":\"2024-12-05T10:41:58+00:00\",\"mainEntityOfPage\":{\"@id\":\"https:\/\/denizcankizil.tr\/en\/haberler\/gundem\/9-tane-yediler-kazandik-dediler\/\"},\"wordCount\":424,\"commentCount\":0,\"publisher\":{\"@id\":\"https:\/\/denizcankizil.tr\/de\/#organization\"},\"articleSection\":[\"G\u00fcndem\",\"Uncategorized\"],\"inLanguage\":\"ru-RU\",\"potentialAction\":[{\"@type\":\"CommentAction\",\"name\":\"Comment\",\"target\":[\"https:\/\/denizcankizil.tr\/en\/haberler\/gundem\/9-tane-yediler-kazandik-dediler\/#respond\"]}]},{\"@type\":\"WebPage\",\"@id\":\"https:\/\/denizcankizil.tr\/en\/haberler\/gundem\/9-tane-yediler-kazandik-dediler\/\",\"url\":\"https:\/\/denizcankizil.tr\/en\/haberler\/gundem\/9-tane-yediler-kazandik-dediler\/\",\"name\":\"9 tane yediler, \u2018kazand\u0131k\u2019 dediler - Av. Deniz Can K\u0131z\u0131l\",\"isPartOf\":{\"@id\":\"https:\/\/denizcankizil.tr\/de\/#website\"},\"datePublished\":\"2024-12-05T10:41:58+00:00\",\"breadcrumb\":{\"@id\":\"https:\/\/denizcankizil.tr\/en\/haberler\/gundem\/9-tane-yediler-kazandik-dediler\/#breadcrumb\"},\"inLanguage\":\"ru-RU\",\"potentialAction\":[{\"@type\":\"ReadAction\",\"target\":[\"https:\/\/denizcankizil.tr\/en\/haberler\/gundem\/9-tane-yediler-kazandik-dediler\/\"]}]},{\"@type\":\"BreadcrumbList\",\"@id\":\"https:\/\/denizcankizil.tr\/en\/haberler\/gundem\/9-tane-yediler-kazandik-dediler\/#breadcrumb\",\"itemListElement\":[{\"@type\":\"ListItem\",\"position\":1,\"name\":\"Home\",\"item\":\"https:\/\/denizcankizil.tr\/de\/\"},{\"@type\":\"ListItem\",\"position\":2,\"name\":\"9 tane yediler, \u2018kazand\u0131k\u2019 dediler\"}]},{\"@type\":\"WebSite\",\"@id\":\"https:\/\/denizcankizil.tr\/de\/#website\",\"url\":\"https:\/\/denizcankizil.tr\/de\/\",\"name\":\"Av. Deniz Can K\u0131z\u0131l\",\"description\":\"Avukat Deniz Can K\u0131z\u0131l Antalya Barosu\",\"publisher\":{\"@id\":\"https:\/\/denizcankizil.tr\/de\/#organization\"},\"potentialAction\":[{\"@type\":\"SearchAction\",\"target\":{\"@type\":\"EntryPoint\",\"urlTemplate\":\"https:\/\/denizcankizil.tr\/de\/?s={search_term_string}\"},\"query-input\":{\"@type\":\"PropertyValueSpecification\",\"valueRequired\":true,\"valueName\":\"search_term_string\"}}],\"inLanguage\":\"ru-RU\"},{\"@type\":\"Organization\",\"@id\":\"https:\/\/denizcankizil.tr\/de\/#organization\",\"name\":\"Av. Deniz Can K\u0131z\u0131l\",\"url\":\"https:\/\/denizcankizil.tr\/de\/\",\"logo\":{\"@type\":\"ImageObject\",\"inLanguage\":\"ru-RU\",\"@id\":\"https:\/\/denizcankizil.tr\/de\/#\/schema\/logo\/image\/\",\"url\":\"https:\/\/denizcankizil.tr\/wp-content\/uploads\/2024\/10\/siyah-logo-svg.svg\",\"contentUrl\":\"https:\/\/denizcankizil.tr\/wp-content\/uploads\/2024\/10\/siyah-logo-svg.svg\",\"width\":1080,\"height\":1080,\"caption\":\"Av. Deniz Can K\u0131z\u0131l\"},\"image\":{\"@id\":\"https:\/\/denizcankizil.tr\/de\/#\/schema\/logo\/image\/\"}}]}<\/script>\n<!-- \/ Yoast SEO Premium plugin. -->","yoast_head_json":{"title":"9 tane yediler, \u2018kazand\u0131k\u2019 dediler - Av. Deniz Can K\u0131z\u0131l","robots":{"index":"index","follow":"follow","max-snippet":"max-snippet:-1","max-image-preview":"max-image-preview:large","max-video-preview":"max-video-preview:-1"},"canonical":"https:\/\/denizcankizil.tr\/ru\/haberler\/gundem\/9-tane-yediler-kazandik-dediler\/","og_locale":"ru_RU","og_type":"article","og_title":"9 tane yediler, \u2018kazand\u0131k\u2019 dediler","og_description":"TFF 2. Lig\u2019de m\u00fccadele eden Kepez Belediyesi\u2019ne ba\u011fl\u0131 Kepez Belediyespor, T\u00fcrkiye Kupas\u0131 ma\u00e7\u0131nda Konyaspor\u2019a 9-0 yenildi. Kar\u015f\u0131la\u015fmada hi\u00e7bir varl\u0131k g\u00f6steremeyen Kepez Belediyespor bu sonu\u00e7la kupadan elendi. Al\u0131nan k\u00f6t\u00fc ma\u011flubiyet kul\u00fcpteki sorunlar\u0131 bir kez daha g\u00fcndeme getirdi. \u0130NTERNET S\u0130TES\u0130 G\u00dcNCELLENM\u0130YOR Yak\u0131n zamanda Soykan Bayraktar kul\u00fcp A.\u015e. ba\u015fkanl\u0131\u011f\u0131ndan istifa etmi\u015fti. Bayraktar\u2019\u0131n istifas\u0131ndan ard\u0131ndan hen\u00fcz kul\u00fcp ba\u015fkan\u0131 belirlenmedi\u011fi \u00f6\u011frenildi. \u0130stifalar\u0131n havada u\u00e7u\u015ftu\u011fu Kepez Belediyespor\u2019daki ba\u015f\u0131bo\u015fluk \u2018yok art\u0131k\u2019 dedirtti. Kul\u00fcb\u00fcn resmi internet sitesi www.kepezspor.org 2 May\u0131s 2024 tarihinden beri g\u00fcncellenmiyor. Sitenin ana sayfas\u0131nda eski haberler yer al\u0131rken, kul\u00fcp ba\u015fkan\u0131 olarak Soykan Bayraktar\u2019dan \u00f6nceki \u0130smail \u0130ltemir g\u00f6r\u00fcn\u00fcyor. Resmi internet sitesinde eski ba\u015fkanlardan \u0130smail \u0130ltemir ba\u015fkan g\u00f6r\u00fcn\u00fcrken, y\u00f6netim kurulunun da geli\u015fig\u00fczel yaz\u0131ld\u0131\u011f\u0131 g\u00f6r\u00fcl\u00fcyor FACEBOOK\u2019TA AKILLARA ZARAR PAYLA\u015eIM Yine Y\u00f6netim Kurulu listesinin ba\u015ftan sa\u011fma yaz\u0131ld\u0131\u011f\u0131 dikkat \u00e7ekiyor. Kul\u00fcb\u00fcn resmi Facebook hesab\u0131 da evlere \u015fenlik y\u00f6netiliyor. 2 Aral\u0131k\u2019ta \u2018Tak\u0131m\u0131m\u0131z Ziraat T\u00fcrkiye Kupas\u0131 ma\u00e7\u0131nda kar\u015f\u0131la\u015faca\u011f\u0131 Konyasapor ma\u00e7\u0131n\u0131n haz\u0131rl\u0131klar\u0131na ba\u015flad\u0131\u2019 payla\u015f\u0131m\u0131 yap\u0131lan Facebook hesab\u0131nda Konyaspor\u2019a kar\u015f\u0131 al\u0131nan 9-0\u2019l\u0131k ma\u011flubiyetin ard\u0131ndan \u2018G\u00fcn\u00fcn kazanan\u0131\u2019 \u015feklinde payla\u015f\u0131m yap\u0131ld\u0131. \u00a0\u00a0 9-0&#8217;l\u0131k Konyaspor ma\u011flubiyetinin ard\u0131ndan Kepezspor resmi Facebook hesab\u0131ndan yap\u0131lan payla\u015f\u0131m\u00a0 KOCAG\u00d6Z EL\u0130N\u0130 AYA\u011eINI \u00c7EKT\u0130 Yerel se\u00e7imlerde Kepez Belediyesi\u2019nin kazanan Ba\u015fkan Mesut Kocag\u00f6z\u2019\u00fcn ise kul\u00fcbe beklenen deste\u011fi vermedi\u011fi bildirildi. Ba\u015fkan olduktan sonra kul\u00fcp y\u00f6netimini ba\u015ftan a\u015fa\u011f\u0131 yenileyen Kocag\u00f6z, \u00f6zellikle futbol kul\u00fcb\u00fcnden b\u00fcy\u00fck ba\u015far\u0131 bekliyordu. Fakat &hellip;","og_url":"https:\/\/denizcankizil.tr\/ru\/haberler\/gundem\/9-tane-yediler-kazandik-dediler\/","og_site_name":"Av. Deniz Can K\u0131z\u0131l","article_published_time":"2024-12-05T10:41:58+00:00","twitter_card":"summary_large_image","twitter_misc":{"\u041f\u0440\u0438\u043c\u0435\u0440\u043d\u043e\u0435 \u0432\u0440\u0435\u043c\u044f \u0434\u043b\u044f \u0447\u0442\u0435\u043d\u0438\u044f":"2 \u043c\u0438\u043d\u0443\u0442\u044b"},"schema":{"@context":"https:\/\/schema.org","@graph":[{"@type":"Article","@id":"https:\/\/denizcankizil.tr\/en\/haberler\/gundem\/9-tane-yediler-kazandik-dediler\/#article","isPartOf":{"@id":"https:\/\/denizcankizil.tr\/en\/haberler\/gundem\/9-tane-yediler-kazandik-dediler\/"},"author":{"name":"","@id":""},"headline":"9 tane yediler, \u2018kazand\u0131k\u2019 dediler","datePublished":"2024-12-05T10:41:58+00:00","mainEntityOfPage":{"@id":"https:\/\/denizcankizil.tr\/en\/haberler\/gundem\/9-tane-yediler-kazandik-dediler\/"},"wordCount":424,"commentCount":0,"publisher":{"@id":"https:\/\/denizcankizil.tr\/de\/#organization"},"articleSection":["G\u00fcndem","Uncategorized"],"inLanguage":"ru-RU","potentialAction":[{"@type":"CommentAction","name":"Comment","target":["https:\/\/denizcankizil.tr\/en\/haberler\/gundem\/9-tane-yediler-kazandik-dediler\/#respond"]}]},{"@type":"WebPage","@id":"https:\/\/denizcankizil.tr\/en\/haberler\/gundem\/9-tane-yediler-kazandik-dediler\/","url":"https:\/\/denizcankizil.tr\/en\/haberler\/gundem\/9-tane-yediler-kazandik-dediler\/","name":"9 tane yediler, \u2018kazand\u0131k\u2019 dediler - Av. Deniz Can K\u0131z\u0131l","isPartOf":{"@id":"https:\/\/denizcankizil.tr\/de\/#website"},"datePublished":"2024-12-05T10:41:58+00:00","breadcrumb":{"@id":"https:\/\/denizcankizil.tr\/en\/haberler\/gundem\/9-tane-yediler-kazandik-dediler\/#breadcrumb"},"inLanguage":"ru-RU","potentialAction":[{"@type":"ReadAction","target":["https:\/\/denizcankizil.tr\/en\/haberler\/gundem\/9-tane-yediler-kazandik-dediler\/"]}]},{"@type":"BreadcrumbList","@id":"https:\/\/denizcankizil.tr\/en\/haberler\/gundem\/9-tane-yediler-kazandik-dediler\/#breadcrumb","itemListElement":[{"@type":"ListItem","position":1,"name":"Home","item":"https:\/\/denizcankizil.tr\/de\/"},{"@type":"ListItem","position":2,"name":"9 tane yediler, \u2018kazand\u0131k\u2019 dediler"}]},{"@type":"WebSite","@id":"https:\/\/denizcankizil.tr\/de\/#website","url":"https:\/\/denizcankizil.tr\/de\/","name":"Av. Deniz Can K\u0131z\u0131l","description":"Avukat Deniz Can K\u0131z\u0131l Antalya Barosu","publisher":{"@id":"https:\/\/denizcankizil.tr\/de\/#organization"},"potentialAction":[{"@type":"SearchAction","target":{"@type":"EntryPoint","urlTemplate":"https:\/\/denizcankizil.tr\/de\/?s={search_term_string}"},"query-input":{"@type":"PropertyValueSpecification","valueRequired":true,"valueName":"search_term_string"}}],"inLanguage":"ru-RU"},{"@type":"Organization","@id":"https:\/\/denizcankizil.tr\/de\/#organization","name":"Av. Deniz Can K\u0131z\u0131l","url":"https:\/\/denizcankizil.tr\/de\/","logo":{"@type":"ImageObject","inLanguage":"ru-RU","@id":"https:\/\/denizcankizil.tr\/de\/#\/schema\/logo\/image\/","url":"https:\/\/denizcankizil.tr\/wp-content\/uploads\/2024\/10\/siyah-logo-svg.svg","contentUrl":"https:\/\/denizcankizil.tr\/wp-content\/uploads\/2024\/10\/siyah-logo-svg.svg","width":1080,"height":1080,"caption":"Av. Deniz Can K\u0131z\u0131l"},"image":{"@id":"https:\/\/denizcankizil.tr\/de\/#\/schema\/logo\/image\/"}}]}},"_links":{"self":[{"href":"https:\/\/denizcankizil.tr\/ru\/wp-json\/wp\/v2\/posts\/19311","targetHints":{"allow":["GET"]}}],"collection":[{"href":"https:\/\/denizcankizil.tr\/ru\/wp-json\/wp\/v2\/posts"}],"about":[{"href":"https:\/\/denizcankizil.tr\/ru\/wp-json\/wp\/v2\/types\/post"}],"replies":[{"embeddable":true,"href":"https:\/\/denizcankizil.tr\/ru\/wp-json\/wp\/v2\/comments?post=19311"}],"version-history":[{"count":0,"href":"https:\/\/denizcankizil.tr\/ru\/wp-json\/wp\/v2\/posts\/19311\/revisions"}],"wp:attachment":[{"href":"https:\/\/denizcankizil.tr\/ru\/wp-json\/wp\/v2\/media?parent=19311"}],"wp:term":[{"taxonomy":"category","embeddable":true,"href":"https:\/\/denizcankizil.tr\/ru\/wp-json\/wp\/v2\/categories?post=19311"},{"taxonomy":"post_tag","embeddable":true,"href":"https:\/\/denizcankizil.tr\/ru\/wp-json\/wp\/v2\/tags?post=19311"}],"curies":[{"name":"wp","href":"https:\/\/api.w.org\/{rel}","templated":true}]}}