{"id":19110,"date":"2024-12-04T13:41:53","date_gmt":"2024-12-04T10:41:53","guid":{"rendered":"https:\/\/denizcankizil.tr\/uncategorized-tr\/piyano-festivalinin-biletleri-satisa-cikti\/"},"modified":"2024-12-04T13:41:53","modified_gmt":"2024-12-04T10:41:53","slug":"piyano-festivalinin-biletleri-satisa-cikti","status":"publish","type":"post","link":"https:\/\/denizcankizil.tr\/ru\/haberler\/antalya\/piyano-festivalinin-biletleri-satisa-cikti\/","title":{"rendered":"Piyano Festivali\u2019nin biletleri sat\u0131\u015fa \u00e7\u0131kt\u0131"},"content":{"rendered":"<p>Antalya B\u00fcy\u00fck\u015fehir Belediyesi\u2019nin ev sahipli\u011finde bu y\u0131l 24\u2019\u00fcnc\u00fcs\u00fc d\u00fczenlenen Uluslararas\u0131 Antalya Piyano Festivali\u2019nde geri say\u0131m ba\u015flad\u0131. 7-20 Aral\u0131k tarihleri aras\u0131nda Atat\u00fcrk K\u00fclt\u00fcr Merkezi\u2019nde T\u00fcrkiye ve d\u00fcnyadan bir\u00e7ok y\u0131ld\u0131z\u0131 m\u00fczikseverlerle bulu\u015fturacak festivalin gi\u015fe biletleri Atat\u00fcrk K\u00fclt\u00fcr Merkezi (AKM) gi\u015felerinde sat\u0131\u015fa \u00e7\u0131kt\u0131. Festivalin internet bilet sat\u0131\u015f\u0131 ge\u00e7ti\u011fimiz g\u00fcnlerde ba\u015flam\u0131\u015f, dakikalar i\u00e7inde t\u00fckenmi\u015fti. Uluslararas\u0131 Antalya Piyano Festivali kapsam\u0131nda d\u00fcnyaca \u00fcnl\u00fc sanat\u00e7\u0131 ve gruplar\u0131n konser biletlerini alabilmek i\u00e7in sabah\u0131n erken saatlerinde AKM gi\u015felerinde s\u0131raya giren vatanda\u015flar uzun kuyruklar olu\u015fturdu. Antalyal\u0131lar, bu sanat ve m\u00fczik dolu festivali sab\u0131rs\u0131zl\u0131kla bekledi\u011fini belirtti. Sat\u0131\u015flar, resmi olarak 20 Aral\u0131k\u2019a kadar s\u00fcrecek olsa da yo\u011funluk sebebiyle k\u0131sa s\u00fcre i\u00e7erisinde t\u00fckenmesi bekleniyor. Sanat\u00e7\u0131 Karsu\u2019nun biletleriyse daha ilk g\u00fcnden t\u00fckendi.<\/p>\n<p>M\u00fczik ziyafeti sunuluyor<br \/>\nBilet almak sabah erkenden AKM gi\u015fesi \u00f6n\u00fcnde yerini alan m\u00fcziksever P\u0131r\u0131l Ayman, Antalya B\u00fcy\u00fck\u015fehir Belediyesi\u2019nin d\u00fczenlemi\u015f oldu\u011fu festivale uzun y\u0131llard\u0131r d\u00fczenli olarak kat\u0131l\u0131m sa\u011flad\u0131\u011f\u0131n\u0131 s\u00f6yledi. Ayman, \u201cKerem G\u00f6rsev, Karsu ve daha bir\u00e7ok \u00f6nemli m\u00fczisyeni dinlemek i\u00e7in burada bilet s\u0131ras\u0131na geldim. Biletlerin k\u0131s\u0131tl\u0131 oldu\u011funu bildi\u011fim i\u00e7in \u00e7ok erken bir saatte geldim ve ilk s\u0131rada yerimi ald\u0131m. \u00d6nceki festivallerde \u00e7ok kaliteli m\u00fczisyenlerle \u00e7ok kaliteli zamanlar ge\u00e7irdim. Festival biz Antalyal\u0131lara m\u00fcthi\u015f bir m\u00fczik ziyafeti sunuyor\u201d dedi.<\/p>\n<p>D\u00fcnyaca \u00fcnl\u00fc sanat\u00e7\u0131lar<br \/>\nKlasik m\u00fczik, caz ve Flamenko\u2019da T\u00fcrkiye ve d\u00fcnyadan bir\u00e7ok y\u0131ld\u0131z\u0131 Antalyal\u0131larla bulu\u015fturacak olan festivalin a\u00e7\u0131l\u0131\u015f gecesinde \u00fcnl\u00fc sanat\u00e7\u0131 Karsu sahne alacak. Festival s\u00fcresince La Fortuna Tango, Agora Senfoni Orkestras\u0131, Kerem G\u00f6rsev Trio, Duendo Famenco Feat Maria Farelo &amp; Christian Perez ve Ferhan- Ferzan \u00d6nder gibi d\u00fcnyaca \u00fcnl\u00fc sanat\u00e7\u0131lar da Antalyal\u0131larla bulu\u015facak.<\/p>\n<p>Kaynak: www.kanalv.com.tr Haber Sitesinden Al\u0131nm\u0131\u015ft\u0131r.<\/p>","protected":false},"excerpt":{"rendered":"<p>Antalya B\u00fcy\u00fck\u015fehir Belediyesi\u2019nin ev sahipli\u011finde bu y\u0131l 24\u2019\u00fcnc\u00fcs\u00fc d\u00fczenlenen Uluslararas\u0131 Antalya Piyano Festivali\u2019nde geri say\u0131m ba\u015flad\u0131. 7-20 Aral\u0131k tarihleri aras\u0131nda Atat\u00fcrk K\u00fclt\u00fcr Merkezi\u2019nde T\u00fcrkiye ve d\u00fcnyadan bir\u00e7ok y\u0131ld\u0131z\u0131 m\u00fczikseverlerle bulu\u015fturacak festivalin gi\u015fe biletleri Atat\u00fcrk K\u00fclt\u00fcr Merkezi (AKM) gi\u015felerinde sat\u0131\u015fa \u00e7\u0131kt\u0131. Festivalin internet bilet sat\u0131\u015f\u0131 ge\u00e7ti\u011fimiz g\u00fcnlerde ba\u015flam\u0131\u015f, dakikalar i\u00e7inde t\u00fckenmi\u015fti. Uluslararas\u0131 Antalya Piyano Festivali kapsam\u0131nda d\u00fcnyaca \u00fcnl\u00fc sanat\u00e7\u0131 ve gruplar\u0131n konser biletlerini alabilmek i\u00e7in sabah\u0131n erken saatlerinde AKM gi\u015felerinde s\u0131raya giren vatanda\u015flar uzun kuyruklar olu\u015fturdu. Antalyal\u0131lar, bu sanat ve m\u00fczik dolu festivali sab\u0131rs\u0131zl\u0131kla bekledi\u011fini belirtti. Sat\u0131\u015flar, resmi olarak 20 Aral\u0131k\u2019a kadar s\u00fcrecek olsa da yo\u011funluk sebebiyle k\u0131sa s\u00fcre i\u00e7erisinde t\u00fckenmesi bekleniyor. Sanat\u00e7\u0131 Karsu\u2019nun biletleriyse daha ilk g\u00fcnden t\u00fckendi. M\u00fczik ziyafeti sunuluyor Bilet almak sabah erkenden AKM gi\u015fesi \u00f6n\u00fcnde yerini alan m\u00fcziksever P\u0131r\u0131l Ayman, Antalya B\u00fcy\u00fck\u015fehir Belediyesi\u2019nin d\u00fczenlemi\u015f oldu\u011fu festivale uzun y\u0131llard\u0131r d\u00fczenli olarak kat\u0131l\u0131m sa\u011flad\u0131\u011f\u0131n\u0131 s\u00f6yledi. Ayman, \u201cKerem G\u00f6rsev, Karsu ve daha bir\u00e7ok \u00f6nemli m\u00fczisyeni dinlemek i\u00e7in burada bilet s\u0131ras\u0131na geldim. Biletlerin k\u0131s\u0131tl\u0131 oldu\u011funu bildi\u011fim i\u00e7in \u00e7ok erken bir saatte geldim ve ilk s\u0131rada yerimi ald\u0131m. \u00d6nceki festivallerde \u00e7ok kaliteli m\u00fczisyenlerle \u00e7ok kaliteli zamanlar ge\u00e7irdim. Festival biz Antalyal\u0131lara m\u00fcthi\u015f bir m\u00fczik ziyafeti sunuyor\u201d dedi. D\u00fcnyaca \u00fcnl\u00fc sanat\u00e7\u0131lar Klasik m\u00fczik, caz ve Flamenko\u2019da T\u00fcrkiye ve d\u00fcnyadan bir\u00e7ok y\u0131ld\u0131z\u0131 Antalyal\u0131larla bulu\u015fturacak olan &hellip;<\/p>","protected":false},"author":0,"featured_media":19111,"comment_status":"open","ping_status":"open","sticky":false,"template":"","format":"standard","meta":{"_acf_changed":false,"footnotes":""},"categories":[26,535],"tags":[],"class_list":["post-19110","post","type-post","status-publish","format-standard","has-post-thumbnail","hentry","category-antalya","category-uncategorized-tr"],"acf":[],"yoast_head":"<!-- This site is optimized with the Yoast SEO Premium plugin v26.6 (Yoast SEO v27.1.1) - https:\/\/yoast.com\/product\/yoast-seo-premium-wordpress\/ -->\n<title>Piyano Festivali\u2019nin biletleri sat\u0131\u015fa \u00e7\u0131kt\u0131 - Av. Deniz Can K\u0131z\u0131l<\/title>\n<meta name=\"robots\" content=\"index, follow, max-snippet:-1, max-image-preview:large, max-video-preview:-1\" \/>\n<link rel=\"canonical\" href=\"https:\/\/denizcankizil.tr\/ru\/haberler\/antalya\/piyano-festivalinin-biletleri-satisa-cikti\/\" \/>\n<meta property=\"og:locale\" content=\"ru_RU\" \/>\n<meta property=\"og:type\" content=\"article\" \/>\n<meta property=\"og:title\" content=\"Piyano Festivali\u2019nin biletleri sat\u0131\u015fa \u00e7\u0131kt\u0131\" \/>\n<meta property=\"og:description\" content=\"Antalya B\u00fcy\u00fck\u015fehir Belediyesi\u2019nin ev sahipli\u011finde bu y\u0131l 24\u2019\u00fcnc\u00fcs\u00fc d\u00fczenlenen Uluslararas\u0131 Antalya Piyano Festivali\u2019nde geri say\u0131m ba\u015flad\u0131. 7-20 Aral\u0131k tarihleri aras\u0131nda Atat\u00fcrk K\u00fclt\u00fcr Merkezi\u2019nde T\u00fcrkiye ve d\u00fcnyadan bir\u00e7ok y\u0131ld\u0131z\u0131 m\u00fczikseverlerle bulu\u015fturacak festivalin gi\u015fe biletleri Atat\u00fcrk K\u00fclt\u00fcr Merkezi (AKM) gi\u015felerinde sat\u0131\u015fa \u00e7\u0131kt\u0131. Festivalin internet bilet sat\u0131\u015f\u0131 ge\u00e7ti\u011fimiz g\u00fcnlerde ba\u015flam\u0131\u015f, dakikalar i\u00e7inde t\u00fckenmi\u015fti. Uluslararas\u0131 Antalya Piyano Festivali kapsam\u0131nda d\u00fcnyaca \u00fcnl\u00fc sanat\u00e7\u0131 ve gruplar\u0131n konser biletlerini alabilmek i\u00e7in sabah\u0131n erken saatlerinde AKM gi\u015felerinde s\u0131raya giren vatanda\u015flar uzun kuyruklar olu\u015fturdu. Antalyal\u0131lar, bu sanat ve m\u00fczik dolu festivali sab\u0131rs\u0131zl\u0131kla bekledi\u011fini belirtti. Sat\u0131\u015flar, resmi olarak 20 Aral\u0131k\u2019a kadar s\u00fcrecek olsa da yo\u011funluk sebebiyle k\u0131sa s\u00fcre i\u00e7erisinde t\u00fckenmesi bekleniyor. Sanat\u00e7\u0131 Karsu\u2019nun biletleriyse daha ilk g\u00fcnden t\u00fckendi. M\u00fczik ziyafeti sunuluyor Bilet almak sabah erkenden AKM gi\u015fesi \u00f6n\u00fcnde yerini alan m\u00fcziksever P\u0131r\u0131l Ayman, Antalya B\u00fcy\u00fck\u015fehir Belediyesi\u2019nin d\u00fczenlemi\u015f oldu\u011fu festivale uzun y\u0131llard\u0131r d\u00fczenli olarak kat\u0131l\u0131m sa\u011flad\u0131\u011f\u0131n\u0131 s\u00f6yledi. Ayman, \u201cKerem G\u00f6rsev, Karsu ve daha bir\u00e7ok \u00f6nemli m\u00fczisyeni dinlemek i\u00e7in burada bilet s\u0131ras\u0131na geldim. Biletlerin k\u0131s\u0131tl\u0131 oldu\u011funu bildi\u011fim i\u00e7in \u00e7ok erken bir saatte geldim ve ilk s\u0131rada yerimi ald\u0131m. \u00d6nceki festivallerde \u00e7ok kaliteli m\u00fczisyenlerle \u00e7ok kaliteli zamanlar ge\u00e7irdim. Festival biz Antalyal\u0131lara m\u00fcthi\u015f bir m\u00fczik ziyafeti sunuyor\u201d dedi. D\u00fcnyaca \u00fcnl\u00fc sanat\u00e7\u0131lar Klasik m\u00fczik, caz ve Flamenko\u2019da T\u00fcrkiye ve d\u00fcnyadan bir\u00e7ok y\u0131ld\u0131z\u0131 Antalyal\u0131larla bulu\u015fturacak olan &hellip;\" \/>\n<meta property=\"og:url\" content=\"https:\/\/denizcankizil.tr\/ru\/haberler\/antalya\/piyano-festivalinin-biletleri-satisa-cikti\/\" \/>\n<meta property=\"og:site_name\" content=\"Av. Deniz Can K\u0131z\u0131l\" \/>\n<meta property=\"article:published_time\" content=\"2024-12-04T10:41:53+00:00\" \/>\n<meta property=\"og:image\" content=\"https:\/\/denizcankizil.tr\/wp-content\/uploads\/2024\/12\/3414-01-f2eTU8.jpeg\" \/>\n\t<meta property=\"og:image:width\" content=\"1280\" \/>\n\t<meta property=\"og:image:height\" content=\"720\" \/>\n\t<meta property=\"og:image:type\" content=\"image\/jpeg\" \/>\n<meta name=\"twitter:card\" content=\"summary_large_image\" \/>\n<meta name=\"twitter:label1\" content=\"\u041f\u0440\u0438\u043c\u0435\u0440\u043d\u043e\u0435 \u0432\u0440\u0435\u043c\u044f \u0434\u043b\u044f \u0447\u0442\u0435\u043d\u0438\u044f\" \/>\n\t<meta name=\"twitter:data1\" content=\"2 \u043c\u0438\u043d\u0443\u0442\u044b\" \/>\n<script type=\"application\/ld+json\" class=\"yoast-schema-graph\">{\"@context\":\"https:\/\/schema.org\",\"@graph\":[{\"@type\":\"Article\",\"@id\":\"https:\/\/denizcankizil.tr\/ru\/haberler\/antalya\/piyano-festivalinin-biletleri-satisa-cikti\/#article\",\"isPartOf\":{\"@id\":\"https:\/\/denizcankizil.tr\/ru\/haberler\/antalya\/piyano-festivalinin-biletleri-satisa-cikti\/\"},\"author\":{\"name\":\"\",\"@id\":\"\"},\"headline\":\"Piyano Festivali\u2019nin biletleri sat\u0131\u015fa \u00e7\u0131kt\u0131\",\"datePublished\":\"2024-12-04T10:41:53+00:00\",\"mainEntityOfPage\":{\"@id\":\"https:\/\/denizcankizil.tr\/ru\/haberler\/antalya\/piyano-festivalinin-biletleri-satisa-cikti\/\"},\"wordCount\":375,\"commentCount\":0,\"publisher\":{\"@id\":\"https:\/\/denizcankizil.tr\/#organization\"},\"image\":{\"@id\":\"https:\/\/denizcankizil.tr\/ru\/haberler\/antalya\/piyano-festivalinin-biletleri-satisa-cikti\/#primaryimage\"},\"thumbnailUrl\":\"https:\/\/denizcankizil.tr\/wp-content\/uploads\/2024\/12\/3414-01-f2eTU8.jpeg\",\"articleSection\":[\"Antalya\",\"Uncategorized\"],\"inLanguage\":\"ru-RU\",\"potentialAction\":[{\"@type\":\"CommentAction\",\"name\":\"Comment\",\"target\":[\"https:\/\/denizcankizil.tr\/ru\/haberler\/antalya\/piyano-festivalinin-biletleri-satisa-cikti\/#respond\"]}]},{\"@type\":\"WebPage\",\"@id\":\"https:\/\/denizcankizil.tr\/ru\/haberler\/antalya\/piyano-festivalinin-biletleri-satisa-cikti\/\",\"url\":\"https:\/\/denizcankizil.tr\/ru\/haberler\/antalya\/piyano-festivalinin-biletleri-satisa-cikti\/\",\"name\":\"Piyano Festivali\u2019nin biletleri sat\u0131\u015fa \u00e7\u0131kt\u0131 - Av. Deniz Can K\u0131z\u0131l\",\"isPartOf\":{\"@id\":\"https:\/\/denizcankizil.tr\/#website\"},\"primaryImageOfPage\":{\"@id\":\"https:\/\/denizcankizil.tr\/ru\/haberler\/antalya\/piyano-festivalinin-biletleri-satisa-cikti\/#primaryimage\"},\"image\":{\"@id\":\"https:\/\/denizcankizil.tr\/ru\/haberler\/antalya\/piyano-festivalinin-biletleri-satisa-cikti\/#primaryimage\"},\"thumbnailUrl\":\"https:\/\/denizcankizil.tr\/wp-content\/uploads\/2024\/12\/3414-01-f2eTU8.jpeg\",\"datePublished\":\"2024-12-04T10:41:53+00:00\",\"breadcrumb\":{\"@id\":\"https:\/\/denizcankizil.tr\/ru\/haberler\/antalya\/piyano-festivalinin-biletleri-satisa-cikti\/#breadcrumb\"},\"inLanguage\":\"ru-RU\",\"potentialAction\":[{\"@type\":\"ReadAction\",\"target\":[\"https:\/\/denizcankizil.tr\/ru\/haberler\/antalya\/piyano-festivalinin-biletleri-satisa-cikti\/\"]}]},{\"@type\":\"ImageObject\",\"inLanguage\":\"ru-RU\",\"@id\":\"https:\/\/denizcankizil.tr\/ru\/haberler\/antalya\/piyano-festivalinin-biletleri-satisa-cikti\/#primaryimage\",\"url\":\"https:\/\/denizcankizil.tr\/wp-content\/uploads\/2024\/12\/3414-01-f2eTU8.jpeg\",\"contentUrl\":\"https:\/\/denizcankizil.tr\/wp-content\/uploads\/2024\/12\/3414-01-f2eTU8.jpeg\",\"width\":1280,\"height\":720},{\"@type\":\"BreadcrumbList\",\"@id\":\"https:\/\/denizcankizil.tr\/ru\/haberler\/antalya\/piyano-festivalinin-biletleri-satisa-cikti\/#breadcrumb\",\"itemListElement\":[{\"@type\":\"ListItem\",\"position\":1,\"name\":\"Home\",\"item\":\"https:\/\/denizcankizil.tr\/de\/\"},{\"@type\":\"ListItem\",\"position\":2,\"name\":\"Piyano Festivali\u2019nin biletleri sat\u0131\u015fa \u00e7\u0131kt\u0131\"}]},{\"@type\":\"WebSite\",\"@id\":\"https:\/\/denizcankizil.tr\/#website\",\"url\":\"https:\/\/denizcankizil.tr\/\",\"name\":\"Av. Deniz Can K\u0131z\u0131l\",\"description\":\"Avukat Deniz Can K\u0131z\u0131l Antalya Barosu\",\"publisher\":{\"@id\":\"https:\/\/denizcankizil.tr\/#organization\"},\"potentialAction\":[{\"@type\":\"SearchAction\",\"target\":{\"@type\":\"EntryPoint\",\"urlTemplate\":\"https:\/\/denizcankizil.tr\/?s={search_term_string}\"},\"query-input\":{\"@type\":\"PropertyValueSpecification\",\"valueRequired\":true,\"valueName\":\"search_term_string\"}}],\"inLanguage\":\"ru-RU\"},{\"@type\":\"Organization\",\"@id\":\"https:\/\/denizcankizil.tr\/#organization\",\"name\":\"Av. Deniz Can K\u0131z\u0131l\",\"url\":\"https:\/\/denizcankizil.tr\/\",\"logo\":{\"@type\":\"ImageObject\",\"inLanguage\":\"ru-RU\",\"@id\":\"https:\/\/denizcankizil.tr\/#\/schema\/logo\/image\/\",\"url\":\"https:\/\/denizcankizil.tr\/wp-content\/uploads\/2024\/10\/siyah-logo-svg.svg\",\"contentUrl\":\"https:\/\/denizcankizil.tr\/wp-content\/uploads\/2024\/10\/siyah-logo-svg.svg\",\"width\":1080,\"height\":1080,\"caption\":\"Av. Deniz Can K\u0131z\u0131l\"},\"image\":{\"@id\":\"https:\/\/denizcankizil.tr\/#\/schema\/logo\/image\/\"}}]}<\/script>\n<!-- \/ Yoast SEO Premium plugin. -->","yoast_head_json":{"title":"Piyano Festivali\u2019nin biletleri sat\u0131\u015fa \u00e7\u0131kt\u0131 - Av. Deniz Can K\u0131z\u0131l","robots":{"index":"index","follow":"follow","max-snippet":"max-snippet:-1","max-image-preview":"max-image-preview:large","max-video-preview":"max-video-preview:-1"},"canonical":"https:\/\/denizcankizil.tr\/ru\/haberler\/antalya\/piyano-festivalinin-biletleri-satisa-cikti\/","og_locale":"ru_RU","og_type":"article","og_title":"Piyano Festivali\u2019nin biletleri sat\u0131\u015fa \u00e7\u0131kt\u0131","og_description":"Antalya B\u00fcy\u00fck\u015fehir Belediyesi\u2019nin ev sahipli\u011finde bu y\u0131l 24\u2019\u00fcnc\u00fcs\u00fc d\u00fczenlenen Uluslararas\u0131 Antalya Piyano Festivali\u2019nde geri say\u0131m ba\u015flad\u0131. 7-20 Aral\u0131k tarihleri aras\u0131nda Atat\u00fcrk K\u00fclt\u00fcr Merkezi\u2019nde T\u00fcrkiye ve d\u00fcnyadan bir\u00e7ok y\u0131ld\u0131z\u0131 m\u00fczikseverlerle bulu\u015fturacak festivalin gi\u015fe biletleri Atat\u00fcrk K\u00fclt\u00fcr Merkezi (AKM) gi\u015felerinde sat\u0131\u015fa \u00e7\u0131kt\u0131. Festivalin internet bilet sat\u0131\u015f\u0131 ge\u00e7ti\u011fimiz g\u00fcnlerde ba\u015flam\u0131\u015f, dakikalar i\u00e7inde t\u00fckenmi\u015fti. Uluslararas\u0131 Antalya Piyano Festivali kapsam\u0131nda d\u00fcnyaca \u00fcnl\u00fc sanat\u00e7\u0131 ve gruplar\u0131n konser biletlerini alabilmek i\u00e7in sabah\u0131n erken saatlerinde AKM gi\u015felerinde s\u0131raya giren vatanda\u015flar uzun kuyruklar olu\u015fturdu. Antalyal\u0131lar, bu sanat ve m\u00fczik dolu festivali sab\u0131rs\u0131zl\u0131kla bekledi\u011fini belirtti. Sat\u0131\u015flar, resmi olarak 20 Aral\u0131k\u2019a kadar s\u00fcrecek olsa da yo\u011funluk sebebiyle k\u0131sa s\u00fcre i\u00e7erisinde t\u00fckenmesi bekleniyor. Sanat\u00e7\u0131 Karsu\u2019nun biletleriyse daha ilk g\u00fcnden t\u00fckendi. M\u00fczik ziyafeti sunuluyor Bilet almak sabah erkenden AKM gi\u015fesi \u00f6n\u00fcnde yerini alan m\u00fcziksever P\u0131r\u0131l Ayman, Antalya B\u00fcy\u00fck\u015fehir Belediyesi\u2019nin d\u00fczenlemi\u015f oldu\u011fu festivale uzun y\u0131llard\u0131r d\u00fczenli olarak kat\u0131l\u0131m sa\u011flad\u0131\u011f\u0131n\u0131 s\u00f6yledi. Ayman, \u201cKerem G\u00f6rsev, Karsu ve daha bir\u00e7ok \u00f6nemli m\u00fczisyeni dinlemek i\u00e7in burada bilet s\u0131ras\u0131na geldim. Biletlerin k\u0131s\u0131tl\u0131 oldu\u011funu bildi\u011fim i\u00e7in \u00e7ok erken bir saatte geldim ve ilk s\u0131rada yerimi ald\u0131m. \u00d6nceki festivallerde \u00e7ok kaliteli m\u00fczisyenlerle \u00e7ok kaliteli zamanlar ge\u00e7irdim. Festival biz Antalyal\u0131lara m\u00fcthi\u015f bir m\u00fczik ziyafeti sunuyor\u201d dedi. D\u00fcnyaca \u00fcnl\u00fc sanat\u00e7\u0131lar Klasik m\u00fczik, caz ve Flamenko\u2019da T\u00fcrkiye ve d\u00fcnyadan bir\u00e7ok y\u0131ld\u0131z\u0131 Antalyal\u0131larla bulu\u015fturacak olan &hellip;","og_url":"https:\/\/denizcankizil.tr\/ru\/haberler\/antalya\/piyano-festivalinin-biletleri-satisa-cikti\/","og_site_name":"Av. Deniz Can K\u0131z\u0131l","article_published_time":"2024-12-04T10:41:53+00:00","og_image":[{"width":1280,"height":720,"url":"https:\/\/denizcankizil.tr\/wp-content\/uploads\/2024\/12\/3414-01-f2eTU8.jpeg","type":"image\/jpeg"}],"twitter_card":"summary_large_image","twitter_misc":{"\u041f\u0440\u0438\u043c\u0435\u0440\u043d\u043e\u0435 \u0432\u0440\u0435\u043c\u044f \u0434\u043b\u044f \u0447\u0442\u0435\u043d\u0438\u044f":"2 \u043c\u0438\u043d\u0443\u0442\u044b"},"schema":{"@context":"https:\/\/schema.org","@graph":[{"@type":"Article","@id":"https:\/\/denizcankizil.tr\/ru\/haberler\/antalya\/piyano-festivalinin-biletleri-satisa-cikti\/#article","isPartOf":{"@id":"https:\/\/denizcankizil.tr\/ru\/haberler\/antalya\/piyano-festivalinin-biletleri-satisa-cikti\/"},"author":{"name":"","@id":""},"headline":"Piyano Festivali\u2019nin biletleri sat\u0131\u015fa \u00e7\u0131kt\u0131","datePublished":"2024-12-04T10:41:53+00:00","mainEntityOfPage":{"@id":"https:\/\/denizcankizil.tr\/ru\/haberler\/antalya\/piyano-festivalinin-biletleri-satisa-cikti\/"},"wordCount":375,"commentCount":0,"publisher":{"@id":"https:\/\/denizcankizil.tr\/#organization"},"image":{"@id":"https:\/\/denizcankizil.tr\/ru\/haberler\/antalya\/piyano-festivalinin-biletleri-satisa-cikti\/#primaryimage"},"thumbnailUrl":"https:\/\/denizcankizil.tr\/wp-content\/uploads\/2024\/12\/3414-01-f2eTU8.jpeg","articleSection":["Antalya","Uncategorized"],"inLanguage":"ru-RU","potentialAction":[{"@type":"CommentAction","name":"Comment","target":["https:\/\/denizcankizil.tr\/ru\/haberler\/antalya\/piyano-festivalinin-biletleri-satisa-cikti\/#respond"]}]},{"@type":"WebPage","@id":"https:\/\/denizcankizil.tr\/ru\/haberler\/antalya\/piyano-festivalinin-biletleri-satisa-cikti\/","url":"https:\/\/denizcankizil.tr\/ru\/haberler\/antalya\/piyano-festivalinin-biletleri-satisa-cikti\/","name":"Piyano Festivali\u2019nin biletleri sat\u0131\u015fa \u00e7\u0131kt\u0131 - Av. Deniz Can K\u0131z\u0131l","isPartOf":{"@id":"https:\/\/denizcankizil.tr\/#website"},"primaryImageOfPage":{"@id":"https:\/\/denizcankizil.tr\/ru\/haberler\/antalya\/piyano-festivalinin-biletleri-satisa-cikti\/#primaryimage"},"image":{"@id":"https:\/\/denizcankizil.tr\/ru\/haberler\/antalya\/piyano-festivalinin-biletleri-satisa-cikti\/#primaryimage"},"thumbnailUrl":"https:\/\/denizcankizil.tr\/wp-content\/uploads\/2024\/12\/3414-01-f2eTU8.jpeg","datePublished":"2024-12-04T10:41:53+00:00","breadcrumb":{"@id":"https:\/\/denizcankizil.tr\/ru\/haberler\/antalya\/piyano-festivalinin-biletleri-satisa-cikti\/#breadcrumb"},"inLanguage":"ru-RU","potentialAction":[{"@type":"ReadAction","target":["https:\/\/denizcankizil.tr\/ru\/haberler\/antalya\/piyano-festivalinin-biletleri-satisa-cikti\/"]}]},{"@type":"ImageObject","inLanguage":"ru-RU","@id":"https:\/\/denizcankizil.tr\/ru\/haberler\/antalya\/piyano-festivalinin-biletleri-satisa-cikti\/#primaryimage","url":"https:\/\/denizcankizil.tr\/wp-content\/uploads\/2024\/12\/3414-01-f2eTU8.jpeg","contentUrl":"https:\/\/denizcankizil.tr\/wp-content\/uploads\/2024\/12\/3414-01-f2eTU8.jpeg","width":1280,"height":720},{"@type":"BreadcrumbList","@id":"https:\/\/denizcankizil.tr\/ru\/haberler\/antalya\/piyano-festivalinin-biletleri-satisa-cikti\/#breadcrumb","itemListElement":[{"@type":"ListItem","position":1,"name":"Home","item":"https:\/\/denizcankizil.tr\/de\/"},{"@type":"ListItem","position":2,"name":"Piyano Festivali\u2019nin biletleri sat\u0131\u015fa \u00e7\u0131kt\u0131"}]},{"@type":"WebSite","@id":"https:\/\/denizcankizil.tr\/#website","url":"https:\/\/denizcankizil.tr\/","name":"Av. Deniz Can K\u0131z\u0131l","description":"Avukat Deniz Can K\u0131z\u0131l Antalya Barosu","publisher":{"@id":"https:\/\/denizcankizil.tr\/#organization"},"potentialAction":[{"@type":"SearchAction","target":{"@type":"EntryPoint","urlTemplate":"https:\/\/denizcankizil.tr\/?s={search_term_string}"},"query-input":{"@type":"PropertyValueSpecification","valueRequired":true,"valueName":"search_term_string"}}],"inLanguage":"ru-RU"},{"@type":"Organization","@id":"https:\/\/denizcankizil.tr\/#organization","name":"Av. Deniz Can K\u0131z\u0131l","url":"https:\/\/denizcankizil.tr\/","logo":{"@type":"ImageObject","inLanguage":"ru-RU","@id":"https:\/\/denizcankizil.tr\/#\/schema\/logo\/image\/","url":"https:\/\/denizcankizil.tr\/wp-content\/uploads\/2024\/10\/siyah-logo-svg.svg","contentUrl":"https:\/\/denizcankizil.tr\/wp-content\/uploads\/2024\/10\/siyah-logo-svg.svg","width":1080,"height":1080,"caption":"Av. Deniz Can K\u0131z\u0131l"},"image":{"@id":"https:\/\/denizcankizil.tr\/#\/schema\/logo\/image\/"}}]}},"_links":{"self":[{"href":"https:\/\/denizcankizil.tr\/ru\/wp-json\/wp\/v2\/posts\/19110","targetHints":{"allow":["GET"]}}],"collection":[{"href":"https:\/\/denizcankizil.tr\/ru\/wp-json\/wp\/v2\/posts"}],"about":[{"href":"https:\/\/denizcankizil.tr\/ru\/wp-json\/wp\/v2\/types\/post"}],"replies":[{"embeddable":true,"href":"https:\/\/denizcankizil.tr\/ru\/wp-json\/wp\/v2\/comments?post=19110"}],"version-history":[{"count":0,"href":"https:\/\/denizcankizil.tr\/ru\/wp-json\/wp\/v2\/posts\/19110\/revisions"}],"wp:featuredmedia":[{"embeddable":true,"href":"https:\/\/denizcankizil.tr\/ru\/wp-json\/wp\/v2\/media\/19111"}],"wp:attachment":[{"href":"https:\/\/denizcankizil.tr\/ru\/wp-json\/wp\/v2\/media?parent=19110"}],"wp:term":[{"taxonomy":"category","embeddable":true,"href":"https:\/\/denizcankizil.tr\/ru\/wp-json\/wp\/v2\/categories?post=19110"},{"taxonomy":"post_tag","embeddable":true,"href":"https:\/\/denizcankizil.tr\/ru\/wp-json\/wp\/v2\/tags?post=19110"}],"curies":[{"name":"wp","href":"https:\/\/api.w.org\/{rel}","templated":true}]}}