{"id":18991,"date":"2024-12-03T22:42:07","date_gmt":"2024-12-03T19:42:07","guid":{"rendered":"https:\/\/denizcankizil.tr\/uncategorized-tr\/inegolu-seven-herkesten-destek-bekliyorum\/"},"modified":"2024-12-03T22:42:07","modified_gmt":"2024-12-03T19:42:07","slug":"inegolu-seven-herkesten-destek-bekliyorum","status":"publish","type":"post","link":"https:\/\/denizcankizil.tr\/ru\/haberler\/gundem\/inegolu-seven-herkesten-destek-bekliyorum\/","title":{"rendered":"\u201c\u0130neg\u00f6l\u2019\u00fc Seven Herkesten Destek Bekliyorum\u201d"},"content":{"rendered":"<p>\u0130neg\u00f6l Belediye Ba\u015fkan\u0131 Alper Taban, enc\u00fcmen \u00fcyeleriyle beraber ger\u00e7ekle\u015ftirilen \u201cHava Kalitesi A\u011f\u0131 \u0130zleme ve De\u011ferlendirme Toplant\u0131s\u0131nda\u201d sadece al\u0131nan tedbirlerin yeterli olmad\u0131\u011f\u0131n\u0131 ifade ederek vatanda\u015flar\u0131n da bu konuda daha duyarl\u0131 olmas\u0131 gerekti\u011fine dikkat \u00e7ekti.<\/p>\n<p>\u200b\u0130neg\u00f6l Belediye Ba\u015fkan\u0131 Alper Taban, enc\u00fcmen \u00fcyeleriyle beraber ger\u00e7ekle\u015ftirilen \u201cHava Kalitesi A\u011f\u0131 \u0130zleme ve De\u011ferlendirme Toplant\u0131s\u0131nda\u201d sadece al\u0131nan tedbirlerin yeterli olmad\u0131\u011f\u0131n\u0131 ifade ederek vatanda\u015flar\u0131n da bu konuda daha duyarl\u0131 olmas\u0131 gerekti\u011fine dikkat \u00e7ekti.\u00a0<\/p>\n<p>\u200bHaberin Al\u0131nt\u0131land\u0131\u011f\u0131 Kaynak: www.iskenderun.org<\/p>","protected":false},"excerpt":{"rendered":"<p>\u0130neg\u00f6l Belediye Ba\u015fkan\u0131 Alper Taban, enc\u00fcmen \u00fcyeleriyle beraber ger\u00e7ekle\u015ftirilen \u201cHava Kalitesi A\u011f\u0131 \u0130zleme ve De\u011ferlendirme Toplant\u0131s\u0131nda\u201d sadece al\u0131nan tedbirlerin yeterli olmad\u0131\u011f\u0131n\u0131 ifade ederek vatanda\u015flar\u0131n da bu konuda daha duyarl\u0131 olmas\u0131 gerekti\u011fine dikkat \u00e7ekti. \u200b\u0130neg\u00f6l Belediye Ba\u015fkan\u0131 Alper Taban, enc\u00fcmen \u00fcyeleriyle beraber ger\u00e7ekle\u015ftirilen \u201cHava Kalitesi A\u011f\u0131 \u0130zleme ve De\u011ferlendirme Toplant\u0131s\u0131nda\u201d sadece al\u0131nan tedbirlerin yeterli olmad\u0131\u011f\u0131n\u0131 ifade ederek vatanda\u015flar\u0131n da bu konuda daha duyarl\u0131 olmas\u0131 gerekti\u011fine dikkat \u00e7ekti.\u00a0 \u200bHaberin Al\u0131nt\u0131land\u0131\u011f\u0131 Kaynak: www.iskenderun.org<\/p>","protected":false},"author":0,"featured_media":0,"comment_status":"open","ping_status":"open","sticky":false,"template":"","format":"standard","meta":{"_acf_changed":false,"footnotes":""},"categories":[24,535],"tags":[],"class_list":["post-18991","post","type-post","status-publish","format-standard","has-post-thumbnail","hentry","category-gundem","category-uncategorized-tr"],"acf":[],"yoast_head":"<!-- This site is optimized with the Yoast SEO Premium plugin v26.6 (Yoast SEO v27.1.1) - https:\/\/yoast.com\/product\/yoast-seo-premium-wordpress\/ -->\n<title>\u201c\u0130neg\u00f6l\u2019\u00fc Seven Herkesten Destek Bekliyorum\u201d - Av. Deniz Can K\u0131z\u0131l<\/title>\n<meta name=\"robots\" content=\"index, follow, max-snippet:-1, max-image-preview:large, max-video-preview:-1\" \/>\n<link rel=\"canonical\" href=\"https:\/\/denizcankizil.tr\/ru\/haberler\/gundem\/inegolu-seven-herkesten-destek-bekliyorum\/\" \/>\n<meta property=\"og:locale\" content=\"ru_RU\" \/>\n<meta property=\"og:type\" content=\"article\" \/>\n<meta property=\"og:title\" content=\"\u201c\u0130neg\u00f6l\u2019\u00fc Seven Herkesten Destek Bekliyorum\u201d\" \/>\n<meta property=\"og:description\" content=\"\u0130neg\u00f6l Belediye Ba\u015fkan\u0131 Alper Taban, enc\u00fcmen \u00fcyeleriyle beraber ger\u00e7ekle\u015ftirilen \u201cHava Kalitesi A\u011f\u0131 \u0130zleme ve De\u011ferlendirme Toplant\u0131s\u0131nda\u201d sadece al\u0131nan tedbirlerin yeterli olmad\u0131\u011f\u0131n\u0131 ifade ederek vatanda\u015flar\u0131n da bu konuda daha duyarl\u0131 olmas\u0131 gerekti\u011fine dikkat \u00e7ekti. \u200b\u0130neg\u00f6l Belediye Ba\u015fkan\u0131 Alper Taban, enc\u00fcmen \u00fcyeleriyle beraber ger\u00e7ekle\u015ftirilen \u201cHava Kalitesi A\u011f\u0131 \u0130zleme ve De\u011ferlendirme Toplant\u0131s\u0131nda\u201d sadece al\u0131nan tedbirlerin yeterli olmad\u0131\u011f\u0131n\u0131 ifade ederek vatanda\u015flar\u0131n da bu konuda daha duyarl\u0131 olmas\u0131 gerekti\u011fine dikkat \u00e7ekti.\u00a0 \u200bHaberin Al\u0131nt\u0131land\u0131\u011f\u0131 Kaynak: www.iskenderun.org\" \/>\n<meta property=\"og:url\" content=\"https:\/\/denizcankizil.tr\/ru\/haberler\/gundem\/inegolu-seven-herkesten-destek-bekliyorum\/\" \/>\n<meta property=\"og:site_name\" content=\"Av. Deniz Can K\u0131z\u0131l\" \/>\n<meta property=\"article:published_time\" content=\"2024-12-03T19:42:07+00:00\" \/>\n<meta name=\"twitter:card\" content=\"summary_large_image\" \/>\n<meta name=\"twitter:label1\" content=\"\u041f\u0440\u0438\u043c\u0435\u0440\u043d\u043e\u0435 \u0432\u0440\u0435\u043c\u044f \u0434\u043b\u044f \u0447\u0442\u0435\u043d\u0438\u044f\" \/>\n\t<meta name=\"twitter:data1\" content=\"1 \u043c\u0438\u043d\u0443\u0442\u0430\" \/>\n<script type=\"application\/ld+json\" class=\"yoast-schema-graph\">{\"@context\":\"https:\/\/schema.org\",\"@graph\":[{\"@type\":\"Article\",\"@id\":\"https:\/\/denizcankizil.tr\/ru\/haberler\/gundem\/inegolu-seven-herkesten-destek-bekliyorum\/#article\",\"isPartOf\":{\"@id\":\"https:\/\/denizcankizil.tr\/ru\/haberler\/gundem\/inegolu-seven-herkesten-destek-bekliyorum\/\"},\"author\":{\"name\":\"\",\"@id\":\"\"},\"headline\":\"\u201c\u0130neg\u00f6l\u2019\u00fc Seven Herkesten Destek Bekliyorum\u201d\",\"datePublished\":\"2024-12-03T19:42:07+00:00\",\"mainEntityOfPage\":{\"@id\":\"https:\/\/denizcankizil.tr\/ru\/haberler\/gundem\/inegolu-seven-herkesten-destek-bekliyorum\/\"},\"wordCount\":106,\"commentCount\":0,\"publisher\":{\"@id\":\"https:\/\/denizcankizil.tr\/de\/#organization\"},\"articleSection\":[\"G\u00fcndem\",\"Uncategorized\"],\"inLanguage\":\"ru-RU\",\"potentialAction\":[{\"@type\":\"CommentAction\",\"name\":\"Comment\",\"target\":[\"https:\/\/denizcankizil.tr\/ru\/haberler\/gundem\/inegolu-seven-herkesten-destek-bekliyorum\/#respond\"]}]},{\"@type\":\"WebPage\",\"@id\":\"https:\/\/denizcankizil.tr\/ru\/haberler\/gundem\/inegolu-seven-herkesten-destek-bekliyorum\/\",\"url\":\"https:\/\/denizcankizil.tr\/ru\/haberler\/gundem\/inegolu-seven-herkesten-destek-bekliyorum\/\",\"name\":\"\u201c\u0130neg\u00f6l\u2019\u00fc Seven Herkesten Destek Bekliyorum\u201d - Av. Deniz Can K\u0131z\u0131l\",\"isPartOf\":{\"@id\":\"https:\/\/denizcankizil.tr\/de\/#website\"},\"datePublished\":\"2024-12-03T19:42:07+00:00\",\"breadcrumb\":{\"@id\":\"https:\/\/denizcankizil.tr\/ru\/haberler\/gundem\/inegolu-seven-herkesten-destek-bekliyorum\/#breadcrumb\"},\"inLanguage\":\"ru-RU\",\"potentialAction\":[{\"@type\":\"ReadAction\",\"target\":[\"https:\/\/denizcankizil.tr\/ru\/haberler\/gundem\/inegolu-seven-herkesten-destek-bekliyorum\/\"]}]},{\"@type\":\"BreadcrumbList\",\"@id\":\"https:\/\/denizcankizil.tr\/ru\/haberler\/gundem\/inegolu-seven-herkesten-destek-bekliyorum\/#breadcrumb\",\"itemListElement\":[{\"@type\":\"ListItem\",\"position\":1,\"name\":\"Home\",\"item\":\"https:\/\/denizcankizil.tr\/de\/\"},{\"@type\":\"ListItem\",\"position\":2,\"name\":\"\u201c\u0130neg\u00f6l\u2019\u00fc Seven Herkesten Destek Bekliyorum\u201d\"}]},{\"@type\":\"WebSite\",\"@id\":\"https:\/\/denizcankizil.tr\/de\/#website\",\"url\":\"https:\/\/denizcankizil.tr\/de\/\",\"name\":\"Av. Deniz Can K\u0131z\u0131l\",\"description\":\"Avukat Deniz Can K\u0131z\u0131l Antalya Barosu\",\"publisher\":{\"@id\":\"https:\/\/denizcankizil.tr\/de\/#organization\"},\"potentialAction\":[{\"@type\":\"SearchAction\",\"target\":{\"@type\":\"EntryPoint\",\"urlTemplate\":\"https:\/\/denizcankizil.tr\/de\/?s={search_term_string}\"},\"query-input\":{\"@type\":\"PropertyValueSpecification\",\"valueRequired\":true,\"valueName\":\"search_term_string\"}}],\"inLanguage\":\"ru-RU\"},{\"@type\":\"Organization\",\"@id\":\"https:\/\/denizcankizil.tr\/de\/#organization\",\"name\":\"Av. Deniz Can K\u0131z\u0131l\",\"url\":\"https:\/\/denizcankizil.tr\/de\/\",\"logo\":{\"@type\":\"ImageObject\",\"inLanguage\":\"ru-RU\",\"@id\":\"https:\/\/denizcankizil.tr\/de\/#\/schema\/logo\/image\/\",\"url\":\"https:\/\/denizcankizil.tr\/wp-content\/uploads\/2024\/10\/siyah-logo-svg.svg\",\"contentUrl\":\"https:\/\/denizcankizil.tr\/wp-content\/uploads\/2024\/10\/siyah-logo-svg.svg\",\"width\":1080,\"height\":1080,\"caption\":\"Av. Deniz Can K\u0131z\u0131l\"},\"image\":{\"@id\":\"https:\/\/denizcankizil.tr\/de\/#\/schema\/logo\/image\/\"}}]}<\/script>\n<!-- \/ Yoast SEO Premium plugin. -->","yoast_head_json":{"title":"\u201c\u0130neg\u00f6l\u2019\u00fc Seven Herkesten Destek Bekliyorum\u201d - Av. Deniz Can K\u0131z\u0131l","robots":{"index":"index","follow":"follow","max-snippet":"max-snippet:-1","max-image-preview":"max-image-preview:large","max-video-preview":"max-video-preview:-1"},"canonical":"https:\/\/denizcankizil.tr\/ru\/haberler\/gundem\/inegolu-seven-herkesten-destek-bekliyorum\/","og_locale":"ru_RU","og_type":"article","og_title":"\u201c\u0130neg\u00f6l\u2019\u00fc Seven Herkesten Destek Bekliyorum\u201d","og_description":"\u0130neg\u00f6l Belediye Ba\u015fkan\u0131 Alper Taban, enc\u00fcmen \u00fcyeleriyle beraber ger\u00e7ekle\u015ftirilen \u201cHava Kalitesi A\u011f\u0131 \u0130zleme ve De\u011ferlendirme Toplant\u0131s\u0131nda\u201d sadece al\u0131nan tedbirlerin yeterli olmad\u0131\u011f\u0131n\u0131 ifade ederek vatanda\u015flar\u0131n da bu konuda daha duyarl\u0131 olmas\u0131 gerekti\u011fine dikkat \u00e7ekti. \u200b\u0130neg\u00f6l Belediye Ba\u015fkan\u0131 Alper Taban, enc\u00fcmen \u00fcyeleriyle beraber ger\u00e7ekle\u015ftirilen \u201cHava Kalitesi A\u011f\u0131 \u0130zleme ve De\u011ferlendirme Toplant\u0131s\u0131nda\u201d sadece al\u0131nan tedbirlerin yeterli olmad\u0131\u011f\u0131n\u0131 ifade ederek vatanda\u015flar\u0131n da bu konuda daha duyarl\u0131 olmas\u0131 gerekti\u011fine dikkat \u00e7ekti.\u00a0 \u200bHaberin Al\u0131nt\u0131land\u0131\u011f\u0131 Kaynak: www.iskenderun.org","og_url":"https:\/\/denizcankizil.tr\/ru\/haberler\/gundem\/inegolu-seven-herkesten-destek-bekliyorum\/","og_site_name":"Av. Deniz Can K\u0131z\u0131l","article_published_time":"2024-12-03T19:42:07+00:00","twitter_card":"summary_large_image","twitter_misc":{"\u041f\u0440\u0438\u043c\u0435\u0440\u043d\u043e\u0435 \u0432\u0440\u0435\u043c\u044f \u0434\u043b\u044f \u0447\u0442\u0435\u043d\u0438\u044f":"1 \u043c\u0438\u043d\u0443\u0442\u0430"},"schema":{"@context":"https:\/\/schema.org","@graph":[{"@type":"Article","@id":"https:\/\/denizcankizil.tr\/ru\/haberler\/gundem\/inegolu-seven-herkesten-destek-bekliyorum\/#article","isPartOf":{"@id":"https:\/\/denizcankizil.tr\/ru\/haberler\/gundem\/inegolu-seven-herkesten-destek-bekliyorum\/"},"author":{"name":"","@id":""},"headline":"\u201c\u0130neg\u00f6l\u2019\u00fc Seven Herkesten Destek Bekliyorum\u201d","datePublished":"2024-12-03T19:42:07+00:00","mainEntityOfPage":{"@id":"https:\/\/denizcankizil.tr\/ru\/haberler\/gundem\/inegolu-seven-herkesten-destek-bekliyorum\/"},"wordCount":106,"commentCount":0,"publisher":{"@id":"https:\/\/denizcankizil.tr\/de\/#organization"},"articleSection":["G\u00fcndem","Uncategorized"],"inLanguage":"ru-RU","potentialAction":[{"@type":"CommentAction","name":"Comment","target":["https:\/\/denizcankizil.tr\/ru\/haberler\/gundem\/inegolu-seven-herkesten-destek-bekliyorum\/#respond"]}]},{"@type":"WebPage","@id":"https:\/\/denizcankizil.tr\/ru\/haberler\/gundem\/inegolu-seven-herkesten-destek-bekliyorum\/","url":"https:\/\/denizcankizil.tr\/ru\/haberler\/gundem\/inegolu-seven-herkesten-destek-bekliyorum\/","name":"\u201c\u0130neg\u00f6l\u2019\u00fc Seven Herkesten Destek Bekliyorum\u201d - Av. Deniz Can K\u0131z\u0131l","isPartOf":{"@id":"https:\/\/denizcankizil.tr\/de\/#website"},"datePublished":"2024-12-03T19:42:07+00:00","breadcrumb":{"@id":"https:\/\/denizcankizil.tr\/ru\/haberler\/gundem\/inegolu-seven-herkesten-destek-bekliyorum\/#breadcrumb"},"inLanguage":"ru-RU","potentialAction":[{"@type":"ReadAction","target":["https:\/\/denizcankizil.tr\/ru\/haberler\/gundem\/inegolu-seven-herkesten-destek-bekliyorum\/"]}]},{"@type":"BreadcrumbList","@id":"https:\/\/denizcankizil.tr\/ru\/haberler\/gundem\/inegolu-seven-herkesten-destek-bekliyorum\/#breadcrumb","itemListElement":[{"@type":"ListItem","position":1,"name":"Home","item":"https:\/\/denizcankizil.tr\/de\/"},{"@type":"ListItem","position":2,"name":"\u201c\u0130neg\u00f6l\u2019\u00fc Seven Herkesten Destek Bekliyorum\u201d"}]},{"@type":"WebSite","@id":"https:\/\/denizcankizil.tr\/de\/#website","url":"https:\/\/denizcankizil.tr\/de\/","name":"Av. Deniz Can K\u0131z\u0131l","description":"Avukat Deniz Can K\u0131z\u0131l Antalya Barosu","publisher":{"@id":"https:\/\/denizcankizil.tr\/de\/#organization"},"potentialAction":[{"@type":"SearchAction","target":{"@type":"EntryPoint","urlTemplate":"https:\/\/denizcankizil.tr\/de\/?s={search_term_string}"},"query-input":{"@type":"PropertyValueSpecification","valueRequired":true,"valueName":"search_term_string"}}],"inLanguage":"ru-RU"},{"@type":"Organization","@id":"https:\/\/denizcankizil.tr\/de\/#organization","name":"Av. Deniz Can K\u0131z\u0131l","url":"https:\/\/denizcankizil.tr\/de\/","logo":{"@type":"ImageObject","inLanguage":"ru-RU","@id":"https:\/\/denizcankizil.tr\/de\/#\/schema\/logo\/image\/","url":"https:\/\/denizcankizil.tr\/wp-content\/uploads\/2024\/10\/siyah-logo-svg.svg","contentUrl":"https:\/\/denizcankizil.tr\/wp-content\/uploads\/2024\/10\/siyah-logo-svg.svg","width":1080,"height":1080,"caption":"Av. Deniz Can K\u0131z\u0131l"},"image":{"@id":"https:\/\/denizcankizil.tr\/de\/#\/schema\/logo\/image\/"}}]}},"_links":{"self":[{"href":"https:\/\/denizcankizil.tr\/ru\/wp-json\/wp\/v2\/posts\/18991","targetHints":{"allow":["GET"]}}],"collection":[{"href":"https:\/\/denizcankizil.tr\/ru\/wp-json\/wp\/v2\/posts"}],"about":[{"href":"https:\/\/denizcankizil.tr\/ru\/wp-json\/wp\/v2\/types\/post"}],"replies":[{"embeddable":true,"href":"https:\/\/denizcankizil.tr\/ru\/wp-json\/wp\/v2\/comments?post=18991"}],"version-history":[{"count":0,"href":"https:\/\/denizcankizil.tr\/ru\/wp-json\/wp\/v2\/posts\/18991\/revisions"}],"wp:attachment":[{"href":"https:\/\/denizcankizil.tr\/ru\/wp-json\/wp\/v2\/media?parent=18991"}],"wp:term":[{"taxonomy":"category","embeddable":true,"href":"https:\/\/denizcankizil.tr\/ru\/wp-json\/wp\/v2\/categories?post=18991"},{"taxonomy":"post_tag","embeddable":true,"href":"https:\/\/denizcankizil.tr\/ru\/wp-json\/wp\/v2\/tags?post=18991"}],"curies":[{"name":"wp","href":"https:\/\/api.w.org\/{rel}","templated":true}]}}