{"id":18800,"date":"2024-12-02T23:42:58","date_gmt":"2024-12-02T20:42:58","guid":{"rendered":"https:\/\/denizcankizil.tr\/uncategorized-tr\/ceren-gundogdu-sahnede-cool-star-gibi-parladi\/"},"modified":"2024-12-02T23:42:58","modified_gmt":"2024-12-02T20:42:58","slug":"ceren-gundogdu-sahnede-cool-star-gibi-parladi","status":"publish","type":"post","link":"https:\/\/denizcankizil.tr\/ru\/haberler\/gundem\/ceren-gundogdu-sahnede-cool-star-gibi-parladi\/","title":{"rendered":"Ceren G\u00fcndo\u011fdu Sahnede &#8216;Cool Star&#8217; Gibi Parlad\u0131"},"content":{"rendered":"<p>T\u00fcrk pop m\u00fczi\u011finin zarif ve g\u00fc\u00e7l\u00fc sesi Ceren G\u00fcndo\u011fdu, yeni \u015fark\u0131s\u0131 \u201cBen Burday\u0131m\u201d ile d\u00f6n\u00fc\u015f\u00fcn\u00fc Sinop Lakerda Festivali\u2019nde kutlad\u0131. Sahnede sergiledi\u011fi enerjik ve sofistike performans\u0131yla dinleyicileri b\u00fcy\u00fcleyen sanat\u00e7\u0131, m\u00fczikseverlere unutulmaz bir gece ya\u015fatt\u0131.<\/p>\n<p>\u200bT\u00fcrk pop m\u00fczi\u011finin zarif ve g\u00fc\u00e7l\u00fc sesi Ceren G\u00fcndo\u011fdu, yeni \u015fark\u0131s\u0131 \u201cBen Burday\u0131m\u201d ile d\u00f6n\u00fc\u015f\u00fcn\u00fc Sinop Lakerda Festivali\u2019nde kutlad\u0131. Sahnede sergiledi\u011fi enerjik ve sofistike performans\u0131yla dinleyicileri b\u00fcy\u00fcleyen sanat\u00e7\u0131, m\u00fczikseverlere unutulmaz bir gece ya\u015fatt\u0131.\u00a0<\/p>\n<p>\u200bHaberin Al\u0131nt\u0131land\u0131\u011f\u0131 Kaynak: www.iskenderun.org<\/p>","protected":false},"excerpt":{"rendered":"<p>T\u00fcrk pop m\u00fczi\u011finin zarif ve g\u00fc\u00e7l\u00fc sesi Ceren G\u00fcndo\u011fdu, yeni \u015fark\u0131s\u0131 \u201cBen Burday\u0131m\u201d ile d\u00f6n\u00fc\u015f\u00fcn\u00fc Sinop Lakerda Festivali\u2019nde kutlad\u0131. Sahnede sergiledi\u011fi enerjik ve sofistike performans\u0131yla dinleyicileri b\u00fcy\u00fcleyen sanat\u00e7\u0131, m\u00fczikseverlere unutulmaz bir gece ya\u015fatt\u0131. \u200bT\u00fcrk pop m\u00fczi\u011finin zarif ve g\u00fc\u00e7l\u00fc sesi Ceren G\u00fcndo\u011fdu, yeni \u015fark\u0131s\u0131 \u201cBen Burday\u0131m\u201d ile d\u00f6n\u00fc\u015f\u00fcn\u00fc Sinop Lakerda Festivali\u2019nde kutlad\u0131. Sahnede sergiledi\u011fi enerjik ve sofistike performans\u0131yla dinleyicileri b\u00fcy\u00fcleyen sanat\u00e7\u0131, m\u00fczikseverlere unutulmaz bir gece ya\u015fatt\u0131.\u00a0 \u200bHaberin Al\u0131nt\u0131land\u0131\u011f\u0131 Kaynak: www.iskenderun.org<\/p>","protected":false},"author":0,"featured_media":0,"comment_status":"open","ping_status":"open","sticky":false,"template":"","format":"standard","meta":{"_acf_changed":false,"footnotes":""},"categories":[24,535],"tags":[],"class_list":["post-18800","post","type-post","status-publish","format-standard","has-post-thumbnail","hentry","category-gundem","category-uncategorized-tr"],"acf":[],"yoast_head":"<!-- This site is optimized with the Yoast SEO Premium plugin v26.6 (Yoast SEO v27.1.1) - https:\/\/yoast.com\/product\/yoast-seo-premium-wordpress\/ -->\n<title>Ceren G\u00fcndo\u011fdu Sahnede &#039;Cool Star&#039; Gibi Parlad\u0131 - Av. Deniz Can K\u0131z\u0131l<\/title>\n<meta name=\"robots\" content=\"index, follow, max-snippet:-1, max-image-preview:large, max-video-preview:-1\" \/>\n<link rel=\"canonical\" href=\"https:\/\/denizcankizil.tr\/ru\/haberler\/gundem\/ceren-gundogdu-sahnede-cool-star-gibi-parladi\/\" \/>\n<meta property=\"og:locale\" content=\"ru_RU\" \/>\n<meta property=\"og:type\" content=\"article\" \/>\n<meta property=\"og:title\" content=\"Ceren G\u00fcndo\u011fdu Sahnede &#039;Cool Star&#039; Gibi Parlad\u0131\" \/>\n<meta property=\"og:description\" content=\"T\u00fcrk pop m\u00fczi\u011finin zarif ve g\u00fc\u00e7l\u00fc sesi Ceren G\u00fcndo\u011fdu, yeni \u015fark\u0131s\u0131 \u201cBen Burday\u0131m\u201d ile d\u00f6n\u00fc\u015f\u00fcn\u00fc Sinop Lakerda Festivali\u2019nde kutlad\u0131. Sahnede sergiledi\u011fi enerjik ve sofistike performans\u0131yla dinleyicileri b\u00fcy\u00fcleyen sanat\u00e7\u0131, m\u00fczikseverlere unutulmaz bir gece ya\u015fatt\u0131. \u200bT\u00fcrk pop m\u00fczi\u011finin zarif ve g\u00fc\u00e7l\u00fc sesi Ceren G\u00fcndo\u011fdu, yeni \u015fark\u0131s\u0131 \u201cBen Burday\u0131m\u201d ile d\u00f6n\u00fc\u015f\u00fcn\u00fc Sinop Lakerda Festivali\u2019nde kutlad\u0131. Sahnede sergiledi\u011fi enerjik ve sofistike performans\u0131yla dinleyicileri b\u00fcy\u00fcleyen sanat\u00e7\u0131, m\u00fczikseverlere unutulmaz bir gece ya\u015fatt\u0131.\u00a0 \u200bHaberin Al\u0131nt\u0131land\u0131\u011f\u0131 Kaynak: www.iskenderun.org\" \/>\n<meta property=\"og:url\" content=\"https:\/\/denizcankizil.tr\/ru\/haberler\/gundem\/ceren-gundogdu-sahnede-cool-star-gibi-parladi\/\" \/>\n<meta property=\"og:site_name\" content=\"Av. Deniz Can K\u0131z\u0131l\" \/>\n<meta property=\"article:published_time\" content=\"2024-12-02T20:42:58+00:00\" \/>\n<meta name=\"twitter:card\" content=\"summary_large_image\" \/>\n<meta name=\"twitter:label1\" content=\"\u041f\u0440\u0438\u043c\u0435\u0440\u043d\u043e\u0435 \u0432\u0440\u0435\u043c\u044f \u0434\u043b\u044f \u0447\u0442\u0435\u043d\u0438\u044f\" \/>\n\t<meta name=\"twitter:data1\" content=\"1 \u043c\u0438\u043d\u0443\u0442\u0430\" \/>\n<script type=\"application\/ld+json\" class=\"yoast-schema-graph\">{\"@context\":\"https:\/\/schema.org\",\"@graph\":[{\"@type\":\"Article\",\"@id\":\"https:\/\/denizcankizil.tr\/ru\/haberler\/gundem\/ceren-gundogdu-sahnede-cool-star-gibi-parladi\/#article\",\"isPartOf\":{\"@id\":\"https:\/\/denizcankizil.tr\/ru\/haberler\/gundem\/ceren-gundogdu-sahnede-cool-star-gibi-parladi\/\"},\"author\":{\"name\":\"\",\"@id\":\"\"},\"headline\":\"Ceren G\u00fcndo\u011fdu Sahnede &#8216;Cool Star&#8217; Gibi Parlad\u0131\",\"datePublished\":\"2024-12-02T20:42:58+00:00\",\"mainEntityOfPage\":{\"@id\":\"https:\/\/denizcankizil.tr\/ru\/haberler\/gundem\/ceren-gundogdu-sahnede-cool-star-gibi-parladi\/\"},\"wordCount\":117,\"commentCount\":0,\"publisher\":{\"@id\":\"https:\/\/denizcankizil.tr\/#organization\"},\"articleSection\":[\"G\u00fcndem\",\"Uncategorized\"],\"inLanguage\":\"ru-RU\",\"potentialAction\":[{\"@type\":\"CommentAction\",\"name\":\"Comment\",\"target\":[\"https:\/\/denizcankizil.tr\/ru\/haberler\/gundem\/ceren-gundogdu-sahnede-cool-star-gibi-parladi\/#respond\"]}]},{\"@type\":\"WebPage\",\"@id\":\"https:\/\/denizcankizil.tr\/ru\/haberler\/gundem\/ceren-gundogdu-sahnede-cool-star-gibi-parladi\/\",\"url\":\"https:\/\/denizcankizil.tr\/ru\/haberler\/gundem\/ceren-gundogdu-sahnede-cool-star-gibi-parladi\/\",\"name\":\"Ceren G\u00fcndo\u011fdu Sahnede 'Cool Star' Gibi Parlad\u0131 - Av. Deniz Can K\u0131z\u0131l\",\"isPartOf\":{\"@id\":\"https:\/\/denizcankizil.tr\/#website\"},\"datePublished\":\"2024-12-02T20:42:58+00:00\",\"breadcrumb\":{\"@id\":\"https:\/\/denizcankizil.tr\/ru\/haberler\/gundem\/ceren-gundogdu-sahnede-cool-star-gibi-parladi\/#breadcrumb\"},\"inLanguage\":\"ru-RU\",\"potentialAction\":[{\"@type\":\"ReadAction\",\"target\":[\"https:\/\/denizcankizil.tr\/ru\/haberler\/gundem\/ceren-gundogdu-sahnede-cool-star-gibi-parladi\/\"]}]},{\"@type\":\"BreadcrumbList\",\"@id\":\"https:\/\/denizcankizil.tr\/ru\/haberler\/gundem\/ceren-gundogdu-sahnede-cool-star-gibi-parladi\/#breadcrumb\",\"itemListElement\":[{\"@type\":\"ListItem\",\"position\":1,\"name\":\"Home\",\"item\":\"https:\/\/denizcankizil.tr\/de\/\"},{\"@type\":\"ListItem\",\"position\":2,\"name\":\"Ceren G\u00fcndo\u011fdu Sahnede &#8216;Cool Star&#8217; Gibi Parlad\u0131\"}]},{\"@type\":\"WebSite\",\"@id\":\"https:\/\/denizcankizil.tr\/#website\",\"url\":\"https:\/\/denizcankizil.tr\/\",\"name\":\"Av. Deniz Can K\u0131z\u0131l\",\"description\":\"Avukat Deniz Can K\u0131z\u0131l Antalya Barosu\",\"publisher\":{\"@id\":\"https:\/\/denizcankizil.tr\/#organization\"},\"potentialAction\":[{\"@type\":\"SearchAction\",\"target\":{\"@type\":\"EntryPoint\",\"urlTemplate\":\"https:\/\/denizcankizil.tr\/?s={search_term_string}\"},\"query-input\":{\"@type\":\"PropertyValueSpecification\",\"valueRequired\":true,\"valueName\":\"search_term_string\"}}],\"inLanguage\":\"ru-RU\"},{\"@type\":\"Organization\",\"@id\":\"https:\/\/denizcankizil.tr\/#organization\",\"name\":\"Av. Deniz Can K\u0131z\u0131l\",\"url\":\"https:\/\/denizcankizil.tr\/\",\"logo\":{\"@type\":\"ImageObject\",\"inLanguage\":\"ru-RU\",\"@id\":\"https:\/\/denizcankizil.tr\/#\/schema\/logo\/image\/\",\"url\":\"https:\/\/denizcankizil.tr\/wp-content\/uploads\/2024\/10\/siyah-logo-svg.svg\",\"contentUrl\":\"https:\/\/denizcankizil.tr\/wp-content\/uploads\/2024\/10\/siyah-logo-svg.svg\",\"width\":1080,\"height\":1080,\"caption\":\"Av. Deniz Can K\u0131z\u0131l\"},\"image\":{\"@id\":\"https:\/\/denizcankizil.tr\/#\/schema\/logo\/image\/\"}}]}<\/script>\n<!-- \/ Yoast SEO Premium plugin. -->","yoast_head_json":{"title":"Ceren G\u00fcndo\u011fdu Sahnede 'Cool Star' Gibi Parlad\u0131 - Av. Deniz Can K\u0131z\u0131l","robots":{"index":"index","follow":"follow","max-snippet":"max-snippet:-1","max-image-preview":"max-image-preview:large","max-video-preview":"max-video-preview:-1"},"canonical":"https:\/\/denizcankizil.tr\/ru\/haberler\/gundem\/ceren-gundogdu-sahnede-cool-star-gibi-parladi\/","og_locale":"ru_RU","og_type":"article","og_title":"Ceren G\u00fcndo\u011fdu Sahnede 'Cool Star' Gibi Parlad\u0131","og_description":"T\u00fcrk pop m\u00fczi\u011finin zarif ve g\u00fc\u00e7l\u00fc sesi Ceren G\u00fcndo\u011fdu, yeni \u015fark\u0131s\u0131 \u201cBen Burday\u0131m\u201d ile d\u00f6n\u00fc\u015f\u00fcn\u00fc Sinop Lakerda Festivali\u2019nde kutlad\u0131. Sahnede sergiledi\u011fi enerjik ve sofistike performans\u0131yla dinleyicileri b\u00fcy\u00fcleyen sanat\u00e7\u0131, m\u00fczikseverlere unutulmaz bir gece ya\u015fatt\u0131. \u200bT\u00fcrk pop m\u00fczi\u011finin zarif ve g\u00fc\u00e7l\u00fc sesi Ceren G\u00fcndo\u011fdu, yeni \u015fark\u0131s\u0131 \u201cBen Burday\u0131m\u201d ile d\u00f6n\u00fc\u015f\u00fcn\u00fc Sinop Lakerda Festivali\u2019nde kutlad\u0131. Sahnede sergiledi\u011fi enerjik ve sofistike performans\u0131yla dinleyicileri b\u00fcy\u00fcleyen sanat\u00e7\u0131, m\u00fczikseverlere unutulmaz bir gece ya\u015fatt\u0131.\u00a0 \u200bHaberin Al\u0131nt\u0131land\u0131\u011f\u0131 Kaynak: www.iskenderun.org","og_url":"https:\/\/denizcankizil.tr\/ru\/haberler\/gundem\/ceren-gundogdu-sahnede-cool-star-gibi-parladi\/","og_site_name":"Av. Deniz Can K\u0131z\u0131l","article_published_time":"2024-12-02T20:42:58+00:00","twitter_card":"summary_large_image","twitter_misc":{"\u041f\u0440\u0438\u043c\u0435\u0440\u043d\u043e\u0435 \u0432\u0440\u0435\u043c\u044f \u0434\u043b\u044f \u0447\u0442\u0435\u043d\u0438\u044f":"1 \u043c\u0438\u043d\u0443\u0442\u0430"},"schema":{"@context":"https:\/\/schema.org","@graph":[{"@type":"Article","@id":"https:\/\/denizcankizil.tr\/ru\/haberler\/gundem\/ceren-gundogdu-sahnede-cool-star-gibi-parladi\/#article","isPartOf":{"@id":"https:\/\/denizcankizil.tr\/ru\/haberler\/gundem\/ceren-gundogdu-sahnede-cool-star-gibi-parladi\/"},"author":{"name":"","@id":""},"headline":"Ceren G\u00fcndo\u011fdu Sahnede &#8216;Cool Star&#8217; Gibi Parlad\u0131","datePublished":"2024-12-02T20:42:58+00:00","mainEntityOfPage":{"@id":"https:\/\/denizcankizil.tr\/ru\/haberler\/gundem\/ceren-gundogdu-sahnede-cool-star-gibi-parladi\/"},"wordCount":117,"commentCount":0,"publisher":{"@id":"https:\/\/denizcankizil.tr\/#organization"},"articleSection":["G\u00fcndem","Uncategorized"],"inLanguage":"ru-RU","potentialAction":[{"@type":"CommentAction","name":"Comment","target":["https:\/\/denizcankizil.tr\/ru\/haberler\/gundem\/ceren-gundogdu-sahnede-cool-star-gibi-parladi\/#respond"]}]},{"@type":"WebPage","@id":"https:\/\/denizcankizil.tr\/ru\/haberler\/gundem\/ceren-gundogdu-sahnede-cool-star-gibi-parladi\/","url":"https:\/\/denizcankizil.tr\/ru\/haberler\/gundem\/ceren-gundogdu-sahnede-cool-star-gibi-parladi\/","name":"Ceren G\u00fcndo\u011fdu Sahnede 'Cool Star' Gibi Parlad\u0131 - Av. Deniz Can K\u0131z\u0131l","isPartOf":{"@id":"https:\/\/denizcankizil.tr\/#website"},"datePublished":"2024-12-02T20:42:58+00:00","breadcrumb":{"@id":"https:\/\/denizcankizil.tr\/ru\/haberler\/gundem\/ceren-gundogdu-sahnede-cool-star-gibi-parladi\/#breadcrumb"},"inLanguage":"ru-RU","potentialAction":[{"@type":"ReadAction","target":["https:\/\/denizcankizil.tr\/ru\/haberler\/gundem\/ceren-gundogdu-sahnede-cool-star-gibi-parladi\/"]}]},{"@type":"BreadcrumbList","@id":"https:\/\/denizcankizil.tr\/ru\/haberler\/gundem\/ceren-gundogdu-sahnede-cool-star-gibi-parladi\/#breadcrumb","itemListElement":[{"@type":"ListItem","position":1,"name":"Home","item":"https:\/\/denizcankizil.tr\/de\/"},{"@type":"ListItem","position":2,"name":"Ceren G\u00fcndo\u011fdu Sahnede &#8216;Cool Star&#8217; Gibi Parlad\u0131"}]},{"@type":"WebSite","@id":"https:\/\/denizcankizil.tr\/#website","url":"https:\/\/denizcankizil.tr\/","name":"Av. Deniz Can K\u0131z\u0131l","description":"Avukat Deniz Can K\u0131z\u0131l Antalya Barosu","publisher":{"@id":"https:\/\/denizcankizil.tr\/#organization"},"potentialAction":[{"@type":"SearchAction","target":{"@type":"EntryPoint","urlTemplate":"https:\/\/denizcankizil.tr\/?s={search_term_string}"},"query-input":{"@type":"PropertyValueSpecification","valueRequired":true,"valueName":"search_term_string"}}],"inLanguage":"ru-RU"},{"@type":"Organization","@id":"https:\/\/denizcankizil.tr\/#organization","name":"Av. Deniz Can K\u0131z\u0131l","url":"https:\/\/denizcankizil.tr\/","logo":{"@type":"ImageObject","inLanguage":"ru-RU","@id":"https:\/\/denizcankizil.tr\/#\/schema\/logo\/image\/","url":"https:\/\/denizcankizil.tr\/wp-content\/uploads\/2024\/10\/siyah-logo-svg.svg","contentUrl":"https:\/\/denizcankizil.tr\/wp-content\/uploads\/2024\/10\/siyah-logo-svg.svg","width":1080,"height":1080,"caption":"Av. Deniz Can K\u0131z\u0131l"},"image":{"@id":"https:\/\/denizcankizil.tr\/#\/schema\/logo\/image\/"}}]}},"_links":{"self":[{"href":"https:\/\/denizcankizil.tr\/ru\/wp-json\/wp\/v2\/posts\/18800","targetHints":{"allow":["GET"]}}],"collection":[{"href":"https:\/\/denizcankizil.tr\/ru\/wp-json\/wp\/v2\/posts"}],"about":[{"href":"https:\/\/denizcankizil.tr\/ru\/wp-json\/wp\/v2\/types\/post"}],"replies":[{"embeddable":true,"href":"https:\/\/denizcankizil.tr\/ru\/wp-json\/wp\/v2\/comments?post=18800"}],"version-history":[{"count":0,"href":"https:\/\/denizcankizil.tr\/ru\/wp-json\/wp\/v2\/posts\/18800\/revisions"}],"wp:attachment":[{"href":"https:\/\/denizcankizil.tr\/ru\/wp-json\/wp\/v2\/media?parent=18800"}],"wp:term":[{"taxonomy":"category","embeddable":true,"href":"https:\/\/denizcankizil.tr\/ru\/wp-json\/wp\/v2\/categories?post=18800"},{"taxonomy":"post_tag","embeddable":true,"href":"https:\/\/denizcankizil.tr\/ru\/wp-json\/wp\/v2\/tags?post=18800"}],"curies":[{"name":"wp","href":"https:\/\/api.w.org\/{rel}","templated":true}]}}