{"id":18735,"date":"2024-12-02T14:41:40","date_gmt":"2024-12-02T11:41:40","guid":{"rendered":"https:\/\/denizcankizil.tr\/uncategorized-tr\/domates-miktari-dustu-fiyat-artti\/"},"modified":"2024-12-02T14:41:40","modified_gmt":"2024-12-02T11:41:40","slug":"domates-miktari-dustu-fiyat-artti","status":"publish","type":"post","link":"https:\/\/denizcankizil.tr\/ru\/haberler\/antalya\/domates-miktari-dustu-fiyat-artti\/","title":{"rendered":"Domates miktar\u0131 d\u00fc\u015ft\u00fc, fiyat artt\u0131"},"content":{"rendered":"<p>ATB, Antalya hallerinde i\u015flem g\u00f6ren domates, sebze ve meyvelerin i\u015flem miktar ve fiyatlar\u0131yla ilgili endeks de\u011ferlerini a\u00e7\u0131klad\u0131. Buna g\u00f6re Kas\u0131m ay\u0131 endeksleri miktarda bir \u00f6nceki aya g\u00f6re (ayl\u0131k) domateste y\u00fczde 92.14, sebzede y\u00fczde 41.56 artarken, meyvede y\u00fczde 14.03 azald\u0131. Miktar endeksleri ge\u00e7en y\u0131l\u0131n ayn\u0131 ay\u0131na g\u00f6re (y\u0131ll\u0131k) domateste y\u00fczde 35.25, sebzede y\u00fczde 53.29 ve meyvede ise y\u00fczde 31.81 azald\u0131. Kas\u0131m ay\u0131nda endekslerdeki y\u0131ll\u0131k de\u011fi\u015fimler, miktarda domates i\u00e7in ortalama, sebze ve meyve i\u00e7in 9 y\u0131ll\u0131k ortalama alt\u0131nda kal\u0131rken, y\u0131ll\u0131k fiyat endekslerindeki de\u011fi\u015fimler domates, sebze ve meyve i\u00e7in ortalama \u00fcst\u00fcnde ger\u00e7ekle\u015fti.<\/p>\n<p>Miktar d\u00fc\u015ft\u00fc fiyat artt\u0131<br \/>\nKas\u0131m ay\u0131nda domates fiyat endeksi y\u0131ll\u0131k y\u00fczde 218.38 artarken, miktardaki y\u00fczde 35.25&#8217;lik d\u00fc\u015f\u00fc\u015f bu y\u00fckseli\u015fte etkili oldu. Sebze fiyat endeksinde y\u0131ll\u0131k y\u00fczde 186.31 art\u0131\u015f olurken, sebzenin y\u0131ll\u0131k miktar endeksinin y\u00fczde 53.29&#8217;luk d\u00fc\u015f\u00fc\u015f\u00fc fiyat endeksi art\u0131\u015f\u0131n\u0131 etkiledi. Meyve fiyat endeksi y\u0131ll\u0131k y\u00fczde 56.66 artarken, meyvede y\u0131ll\u0131k i\u015flem miktar\u0131ndaki y\u00fczde 31.81&#8217;lik d\u00fc\u015f\u00fc\u015f fiyat endeksi art\u0131\u015f\u0131nda etkili oldu. Kas\u0131m ay\u0131nda miktar ve fiyat endekslerindeki ayl\u0131k de\u011fi\u015fim, domates i\u00e7in son 6 y\u0131l\u0131n miktarda en d\u00fc\u015f\u00fck art\u0131\u015f\u0131, fiyatta ise ortalama art\u0131\u015f olarak ger\u00e7ekle\u015fti.<br \/>\nBir \u00f6nceki aya g\u00f6re (ayl\u0131k) domates i\u015flem miktar endeksi, Kas\u0131m ay\u0131nda y\u00fczde 92.14 artarken, i\u015flem fiyat endeksi de ayl\u0131k y\u00fczde 11.41 art\u0131\u015f kaydetti. Bir \u00f6nceki aya g\u00f6re (ayl\u0131k) sebze i\u015flem miktar endeksi, Kas\u0131m ay\u0131nda y\u00fczde 41.56 artarken, i\u015flem fiyat endeksi de ayl\u0131k y\u00fczde 20.32 artt\u0131. Son 6 y\u0131l\u0131n Kas\u0131m aylar\u0131 dikkate al\u0131nd\u0131\u011f\u0131nda sebze miktar endeksinde en h\u0131zl\u0131 d\u00fc\u015f\u00fc\u015f ve fiyat endeksinde ise ortalama art\u0131\u015f ger\u00e7ekle\u015fti.<br \/>\nBir \u00f6nceki aya g\u00f6re (ayl\u0131k) meyve i\u015flem miktar endeksi, Kas\u0131m ay\u0131nda y\u00fczde 14.03, i\u015flem fiyat endeksi ise y\u00fczde 6.42 azald\u0131. Son 6 y\u0131l\u0131n Kas\u0131m aylar\u0131 dikkate al\u0131nd\u0131\u011f\u0131nda ayl\u0131k de\u011fi\u015fimler, meyve miktar ve fiyat endekslerinde ortalama de\u011fi\u015fimler olarak ger\u00e7ekle\u015fti.<\/p>\n<p>Kaynak: www.kanalv.com.tr Haber Sitesinden Al\u0131nm\u0131\u015ft\u0131r.<\/p>","protected":false},"excerpt":{"rendered":"<p>ATB, Antalya hallerinde i\u015flem g\u00f6ren domates, sebze ve meyvelerin i\u015flem miktar ve fiyatlar\u0131yla ilgili endeks de\u011ferlerini a\u00e7\u0131klad\u0131. Buna g\u00f6re Kas\u0131m ay\u0131 endeksleri miktarda bir \u00f6nceki aya g\u00f6re (ayl\u0131k) domateste y\u00fczde 92.14, sebzede y\u00fczde 41.56 artarken, meyvede y\u00fczde 14.03 azald\u0131. Miktar endeksleri ge\u00e7en y\u0131l\u0131n ayn\u0131 ay\u0131na g\u00f6re (y\u0131ll\u0131k) domateste y\u00fczde 35.25, sebzede y\u00fczde 53.29 ve meyvede ise y\u00fczde 31.81 azald\u0131. Kas\u0131m ay\u0131nda endekslerdeki y\u0131ll\u0131k de\u011fi\u015fimler, miktarda domates i\u00e7in ortalama, sebze ve meyve i\u00e7in 9 y\u0131ll\u0131k ortalama alt\u0131nda kal\u0131rken, y\u0131ll\u0131k fiyat endekslerindeki de\u011fi\u015fimler domates, sebze ve meyve i\u00e7in ortalama \u00fcst\u00fcnde ger\u00e7ekle\u015fti. Miktar d\u00fc\u015ft\u00fc fiyat artt\u0131 Kas\u0131m ay\u0131nda domates fiyat endeksi y\u0131ll\u0131k y\u00fczde 218.38 artarken, miktardaki y\u00fczde 35.25&#8217;lik d\u00fc\u015f\u00fc\u015f bu y\u00fckseli\u015fte etkili oldu. Sebze fiyat endeksinde y\u0131ll\u0131k y\u00fczde 186.31 art\u0131\u015f olurken, sebzenin y\u0131ll\u0131k miktar endeksinin y\u00fczde 53.29&#8217;luk d\u00fc\u015f\u00fc\u015f\u00fc fiyat endeksi art\u0131\u015f\u0131n\u0131 etkiledi. Meyve fiyat endeksi y\u0131ll\u0131k y\u00fczde 56.66 artarken, meyvede y\u0131ll\u0131k i\u015flem miktar\u0131ndaki y\u00fczde 31.81&#8217;lik d\u00fc\u015f\u00fc\u015f fiyat endeksi art\u0131\u015f\u0131nda etkili oldu. Kas\u0131m ay\u0131nda miktar ve fiyat endekslerindeki ayl\u0131k de\u011fi\u015fim, domates i\u00e7in son 6 y\u0131l\u0131n miktarda en d\u00fc\u015f\u00fck art\u0131\u015f\u0131, fiyatta ise ortalama art\u0131\u015f olarak ger\u00e7ekle\u015fti. Bir \u00f6nceki aya g\u00f6re (ayl\u0131k) domates i\u015flem miktar endeksi, Kas\u0131m ay\u0131nda y\u00fczde 92.14 artarken, i\u015flem fiyat endeksi de ayl\u0131k y\u00fczde 11.41 art\u0131\u015f kaydetti. Bir \u00f6nceki aya g\u00f6re (ayl\u0131k) sebze &hellip;<\/p>","protected":false},"author":0,"featured_media":0,"comment_status":"open","ping_status":"open","sticky":false,"template":"","format":"standard","meta":{"_acf_changed":false,"footnotes":""},"categories":[26,535],"tags":[],"class_list":["post-18735","post","type-post","status-publish","format-standard","hentry","category-antalya","category-uncategorized-tr"],"acf":[],"yoast_head":"<!-- This site is optimized with the Yoast SEO Premium plugin v26.6 (Yoast SEO v27.1.1) - https:\/\/yoast.com\/product\/yoast-seo-premium-wordpress\/ -->\n<title>Domates miktar\u0131 d\u00fc\u015ft\u00fc, fiyat artt\u0131 - Av. Deniz Can K\u0131z\u0131l<\/title>\n<meta name=\"robots\" content=\"index, follow, max-snippet:-1, max-image-preview:large, max-video-preview:-1\" \/>\n<link rel=\"canonical\" href=\"https:\/\/denizcankizil.tr\/ru\/haberler\/antalya\/domates-miktari-dustu-fiyat-artti\/\" \/>\n<meta property=\"og:locale\" content=\"ru_RU\" \/>\n<meta property=\"og:type\" content=\"article\" \/>\n<meta property=\"og:title\" content=\"Domates miktar\u0131 d\u00fc\u015ft\u00fc, fiyat artt\u0131\" \/>\n<meta property=\"og:description\" content=\"ATB, Antalya hallerinde i\u015flem g\u00f6ren domates, sebze ve meyvelerin i\u015flem miktar ve fiyatlar\u0131yla ilgili endeks de\u011ferlerini a\u00e7\u0131klad\u0131. Buna g\u00f6re Kas\u0131m ay\u0131 endeksleri miktarda bir \u00f6nceki aya g\u00f6re (ayl\u0131k) domateste y\u00fczde 92.14, sebzede y\u00fczde 41.56 artarken, meyvede y\u00fczde 14.03 azald\u0131. Miktar endeksleri ge\u00e7en y\u0131l\u0131n ayn\u0131 ay\u0131na g\u00f6re (y\u0131ll\u0131k) domateste y\u00fczde 35.25, sebzede y\u00fczde 53.29 ve meyvede ise y\u00fczde 31.81 azald\u0131. Kas\u0131m ay\u0131nda endekslerdeki y\u0131ll\u0131k de\u011fi\u015fimler, miktarda domates i\u00e7in ortalama, sebze ve meyve i\u00e7in 9 y\u0131ll\u0131k ortalama alt\u0131nda kal\u0131rken, y\u0131ll\u0131k fiyat endekslerindeki de\u011fi\u015fimler domates, sebze ve meyve i\u00e7in ortalama \u00fcst\u00fcnde ger\u00e7ekle\u015fti. Miktar d\u00fc\u015ft\u00fc fiyat artt\u0131 Kas\u0131m ay\u0131nda domates fiyat endeksi y\u0131ll\u0131k y\u00fczde 218.38 artarken, miktardaki y\u00fczde 35.25&#8217;lik d\u00fc\u015f\u00fc\u015f bu y\u00fckseli\u015fte etkili oldu. Sebze fiyat endeksinde y\u0131ll\u0131k y\u00fczde 186.31 art\u0131\u015f olurken, sebzenin y\u0131ll\u0131k miktar endeksinin y\u00fczde 53.29&#8217;luk d\u00fc\u015f\u00fc\u015f\u00fc fiyat endeksi art\u0131\u015f\u0131n\u0131 etkiledi. Meyve fiyat endeksi y\u0131ll\u0131k y\u00fczde 56.66 artarken, meyvede y\u0131ll\u0131k i\u015flem miktar\u0131ndaki y\u00fczde 31.81&#8217;lik d\u00fc\u015f\u00fc\u015f fiyat endeksi art\u0131\u015f\u0131nda etkili oldu. Kas\u0131m ay\u0131nda miktar ve fiyat endekslerindeki ayl\u0131k de\u011fi\u015fim, domates i\u00e7in son 6 y\u0131l\u0131n miktarda en d\u00fc\u015f\u00fck art\u0131\u015f\u0131, fiyatta ise ortalama art\u0131\u015f olarak ger\u00e7ekle\u015fti. Bir \u00f6nceki aya g\u00f6re (ayl\u0131k) domates i\u015flem miktar endeksi, Kas\u0131m ay\u0131nda y\u00fczde 92.14 artarken, i\u015flem fiyat endeksi de ayl\u0131k y\u00fczde 11.41 art\u0131\u015f kaydetti. Bir \u00f6nceki aya g\u00f6re (ayl\u0131k) sebze &hellip;\" \/>\n<meta property=\"og:url\" content=\"https:\/\/denizcankizil.tr\/ru\/haberler\/antalya\/domates-miktari-dustu-fiyat-artti\/\" \/>\n<meta property=\"og:site_name\" content=\"Av. Deniz Can K\u0131z\u0131l\" \/>\n<meta property=\"article:published_time\" content=\"2024-12-02T11:41:40+00:00\" \/>\n<meta name=\"twitter:card\" content=\"summary_large_image\" \/>\n<meta name=\"twitter:label1\" content=\"\u041f\u0440\u0438\u043c\u0435\u0440\u043d\u043e\u0435 \u0432\u0440\u0435\u043c\u044f \u0434\u043b\u044f \u0447\u0442\u0435\u043d\u0438\u044f\" \/>\n\t<meta name=\"twitter:data1\" content=\"2 \u043c\u0438\u043d\u0443\u0442\u044b\" \/>\n<script type=\"application\/ld+json\" class=\"yoast-schema-graph\">{\"@context\":\"https:\/\/schema.org\",\"@graph\":[{\"@type\":\"Article\",\"@id\":\"https:\/\/denizcankizil.tr\/de\/haberler\/antalya\/domates-miktari-dustu-fiyat-artti\/#article\",\"isPartOf\":{\"@id\":\"https:\/\/denizcankizil.tr\/de\/haberler\/antalya\/domates-miktari-dustu-fiyat-artti\/\"},\"author\":{\"name\":\"\",\"@id\":\"\"},\"headline\":\"Domates miktar\u0131 d\u00fc\u015ft\u00fc, fiyat artt\u0131\",\"datePublished\":\"2024-12-02T11:41:40+00:00\",\"mainEntityOfPage\":{\"@id\":\"https:\/\/denizcankizil.tr\/de\/haberler\/antalya\/domates-miktari-dustu-fiyat-artti\/\"},\"wordCount\":397,\"commentCount\":0,\"publisher\":{\"@id\":\"https:\/\/denizcankizil.tr\/de\/#organization\"},\"articleSection\":[\"Antalya\",\"Uncategorized\"],\"inLanguage\":\"ru-RU\",\"potentialAction\":[{\"@type\":\"CommentAction\",\"name\":\"Comment\",\"target\":[\"https:\/\/denizcankizil.tr\/de\/haberler\/antalya\/domates-miktari-dustu-fiyat-artti\/#respond\"]}]},{\"@type\":\"WebPage\",\"@id\":\"https:\/\/denizcankizil.tr\/de\/haberler\/antalya\/domates-miktari-dustu-fiyat-artti\/\",\"url\":\"https:\/\/denizcankizil.tr\/de\/haberler\/antalya\/domates-miktari-dustu-fiyat-artti\/\",\"name\":\"Domates miktar\u0131 d\u00fc\u015ft\u00fc, fiyat artt\u0131 - Av. Deniz Can K\u0131z\u0131l\",\"isPartOf\":{\"@id\":\"https:\/\/denizcankizil.tr\/de\/#website\"},\"datePublished\":\"2024-12-02T11:41:40+00:00\",\"breadcrumb\":{\"@id\":\"https:\/\/denizcankizil.tr\/de\/haberler\/antalya\/domates-miktari-dustu-fiyat-artti\/#breadcrumb\"},\"inLanguage\":\"ru-RU\",\"potentialAction\":[{\"@type\":\"ReadAction\",\"target\":[\"https:\/\/denizcankizil.tr\/de\/haberler\/antalya\/domates-miktari-dustu-fiyat-artti\/\"]}]},{\"@type\":\"BreadcrumbList\",\"@id\":\"https:\/\/denizcankizil.tr\/de\/haberler\/antalya\/domates-miktari-dustu-fiyat-artti\/#breadcrumb\",\"itemListElement\":[{\"@type\":\"ListItem\",\"position\":1,\"name\":\"Home\",\"item\":\"https:\/\/denizcankizil.tr\/de\/\"},{\"@type\":\"ListItem\",\"position\":2,\"name\":\"Domates miktar\u0131 d\u00fc\u015ft\u00fc, fiyat artt\u0131\"}]},{\"@type\":\"WebSite\",\"@id\":\"https:\/\/denizcankizil.tr\/de\/#website\",\"url\":\"https:\/\/denizcankizil.tr\/de\/\",\"name\":\"Av. Deniz Can K\u0131z\u0131l\",\"description\":\"Avukat Deniz Can K\u0131z\u0131l Antalya Barosu\",\"publisher\":{\"@id\":\"https:\/\/denizcankizil.tr\/de\/#organization\"},\"potentialAction\":[{\"@type\":\"SearchAction\",\"target\":{\"@type\":\"EntryPoint\",\"urlTemplate\":\"https:\/\/denizcankizil.tr\/de\/?s={search_term_string}\"},\"query-input\":{\"@type\":\"PropertyValueSpecification\",\"valueRequired\":true,\"valueName\":\"search_term_string\"}}],\"inLanguage\":\"ru-RU\"},{\"@type\":\"Organization\",\"@id\":\"https:\/\/denizcankizil.tr\/de\/#organization\",\"name\":\"Av. Deniz Can K\u0131z\u0131l\",\"url\":\"https:\/\/denizcankizil.tr\/de\/\",\"logo\":{\"@type\":\"ImageObject\",\"inLanguage\":\"ru-RU\",\"@id\":\"https:\/\/denizcankizil.tr\/de\/#\/schema\/logo\/image\/\",\"url\":\"https:\/\/denizcankizil.tr\/wp-content\/uploads\/2024\/10\/siyah-logo-svg.svg\",\"contentUrl\":\"https:\/\/denizcankizil.tr\/wp-content\/uploads\/2024\/10\/siyah-logo-svg.svg\",\"width\":1080,\"height\":1080,\"caption\":\"Av. Deniz Can K\u0131z\u0131l\"},\"image\":{\"@id\":\"https:\/\/denizcankizil.tr\/de\/#\/schema\/logo\/image\/\"}}]}<\/script>\n<!-- \/ Yoast SEO Premium plugin. -->","yoast_head_json":{"title":"Domates miktar\u0131 d\u00fc\u015ft\u00fc, fiyat artt\u0131 - Av. Deniz Can K\u0131z\u0131l","robots":{"index":"index","follow":"follow","max-snippet":"max-snippet:-1","max-image-preview":"max-image-preview:large","max-video-preview":"max-video-preview:-1"},"canonical":"https:\/\/denizcankizil.tr\/ru\/haberler\/antalya\/domates-miktari-dustu-fiyat-artti\/","og_locale":"ru_RU","og_type":"article","og_title":"Domates miktar\u0131 d\u00fc\u015ft\u00fc, fiyat artt\u0131","og_description":"ATB, Antalya hallerinde i\u015flem g\u00f6ren domates, sebze ve meyvelerin i\u015flem miktar ve fiyatlar\u0131yla ilgili endeks de\u011ferlerini a\u00e7\u0131klad\u0131. Buna g\u00f6re Kas\u0131m ay\u0131 endeksleri miktarda bir \u00f6nceki aya g\u00f6re (ayl\u0131k) domateste y\u00fczde 92.14, sebzede y\u00fczde 41.56 artarken, meyvede y\u00fczde 14.03 azald\u0131. Miktar endeksleri ge\u00e7en y\u0131l\u0131n ayn\u0131 ay\u0131na g\u00f6re (y\u0131ll\u0131k) domateste y\u00fczde 35.25, sebzede y\u00fczde 53.29 ve meyvede ise y\u00fczde 31.81 azald\u0131. Kas\u0131m ay\u0131nda endekslerdeki y\u0131ll\u0131k de\u011fi\u015fimler, miktarda domates i\u00e7in ortalama, sebze ve meyve i\u00e7in 9 y\u0131ll\u0131k ortalama alt\u0131nda kal\u0131rken, y\u0131ll\u0131k fiyat endekslerindeki de\u011fi\u015fimler domates, sebze ve meyve i\u00e7in ortalama \u00fcst\u00fcnde ger\u00e7ekle\u015fti. Miktar d\u00fc\u015ft\u00fc fiyat artt\u0131 Kas\u0131m ay\u0131nda domates fiyat endeksi y\u0131ll\u0131k y\u00fczde 218.38 artarken, miktardaki y\u00fczde 35.25&#8217;lik d\u00fc\u015f\u00fc\u015f bu y\u00fckseli\u015fte etkili oldu. Sebze fiyat endeksinde y\u0131ll\u0131k y\u00fczde 186.31 art\u0131\u015f olurken, sebzenin y\u0131ll\u0131k miktar endeksinin y\u00fczde 53.29&#8217;luk d\u00fc\u015f\u00fc\u015f\u00fc fiyat endeksi art\u0131\u015f\u0131n\u0131 etkiledi. Meyve fiyat endeksi y\u0131ll\u0131k y\u00fczde 56.66 artarken, meyvede y\u0131ll\u0131k i\u015flem miktar\u0131ndaki y\u00fczde 31.81&#8217;lik d\u00fc\u015f\u00fc\u015f fiyat endeksi art\u0131\u015f\u0131nda etkili oldu. Kas\u0131m ay\u0131nda miktar ve fiyat endekslerindeki ayl\u0131k de\u011fi\u015fim, domates i\u00e7in son 6 y\u0131l\u0131n miktarda en d\u00fc\u015f\u00fck art\u0131\u015f\u0131, fiyatta ise ortalama art\u0131\u015f olarak ger\u00e7ekle\u015fti. Bir \u00f6nceki aya g\u00f6re (ayl\u0131k) domates i\u015flem miktar endeksi, Kas\u0131m ay\u0131nda y\u00fczde 92.14 artarken, i\u015flem fiyat endeksi de ayl\u0131k y\u00fczde 11.41 art\u0131\u015f kaydetti. Bir \u00f6nceki aya g\u00f6re (ayl\u0131k) sebze &hellip;","og_url":"https:\/\/denizcankizil.tr\/ru\/haberler\/antalya\/domates-miktari-dustu-fiyat-artti\/","og_site_name":"Av. Deniz Can K\u0131z\u0131l","article_published_time":"2024-12-02T11:41:40+00:00","twitter_card":"summary_large_image","twitter_misc":{"\u041f\u0440\u0438\u043c\u0435\u0440\u043d\u043e\u0435 \u0432\u0440\u0435\u043c\u044f \u0434\u043b\u044f \u0447\u0442\u0435\u043d\u0438\u044f":"2 \u043c\u0438\u043d\u0443\u0442\u044b"},"schema":{"@context":"https:\/\/schema.org","@graph":[{"@type":"Article","@id":"https:\/\/denizcankizil.tr\/de\/haberler\/antalya\/domates-miktari-dustu-fiyat-artti\/#article","isPartOf":{"@id":"https:\/\/denizcankizil.tr\/de\/haberler\/antalya\/domates-miktari-dustu-fiyat-artti\/"},"author":{"name":"","@id":""},"headline":"Domates miktar\u0131 d\u00fc\u015ft\u00fc, fiyat artt\u0131","datePublished":"2024-12-02T11:41:40+00:00","mainEntityOfPage":{"@id":"https:\/\/denizcankizil.tr\/de\/haberler\/antalya\/domates-miktari-dustu-fiyat-artti\/"},"wordCount":397,"commentCount":0,"publisher":{"@id":"https:\/\/denizcankizil.tr\/de\/#organization"},"articleSection":["Antalya","Uncategorized"],"inLanguage":"ru-RU","potentialAction":[{"@type":"CommentAction","name":"Comment","target":["https:\/\/denizcankizil.tr\/de\/haberler\/antalya\/domates-miktari-dustu-fiyat-artti\/#respond"]}]},{"@type":"WebPage","@id":"https:\/\/denizcankizil.tr\/de\/haberler\/antalya\/domates-miktari-dustu-fiyat-artti\/","url":"https:\/\/denizcankizil.tr\/de\/haberler\/antalya\/domates-miktari-dustu-fiyat-artti\/","name":"Domates miktar\u0131 d\u00fc\u015ft\u00fc, fiyat artt\u0131 - Av. Deniz Can K\u0131z\u0131l","isPartOf":{"@id":"https:\/\/denizcankizil.tr\/de\/#website"},"datePublished":"2024-12-02T11:41:40+00:00","breadcrumb":{"@id":"https:\/\/denizcankizil.tr\/de\/haberler\/antalya\/domates-miktari-dustu-fiyat-artti\/#breadcrumb"},"inLanguage":"ru-RU","potentialAction":[{"@type":"ReadAction","target":["https:\/\/denizcankizil.tr\/de\/haberler\/antalya\/domates-miktari-dustu-fiyat-artti\/"]}]},{"@type":"BreadcrumbList","@id":"https:\/\/denizcankizil.tr\/de\/haberler\/antalya\/domates-miktari-dustu-fiyat-artti\/#breadcrumb","itemListElement":[{"@type":"ListItem","position":1,"name":"Home","item":"https:\/\/denizcankizil.tr\/de\/"},{"@type":"ListItem","position":2,"name":"Domates miktar\u0131 d\u00fc\u015ft\u00fc, fiyat artt\u0131"}]},{"@type":"WebSite","@id":"https:\/\/denizcankizil.tr\/de\/#website","url":"https:\/\/denizcankizil.tr\/de\/","name":"Av. Deniz Can K\u0131z\u0131l","description":"Avukat Deniz Can K\u0131z\u0131l Antalya Barosu","publisher":{"@id":"https:\/\/denizcankizil.tr\/de\/#organization"},"potentialAction":[{"@type":"SearchAction","target":{"@type":"EntryPoint","urlTemplate":"https:\/\/denizcankizil.tr\/de\/?s={search_term_string}"},"query-input":{"@type":"PropertyValueSpecification","valueRequired":true,"valueName":"search_term_string"}}],"inLanguage":"ru-RU"},{"@type":"Organization","@id":"https:\/\/denizcankizil.tr\/de\/#organization","name":"Av. Deniz Can K\u0131z\u0131l","url":"https:\/\/denizcankizil.tr\/de\/","logo":{"@type":"ImageObject","inLanguage":"ru-RU","@id":"https:\/\/denizcankizil.tr\/de\/#\/schema\/logo\/image\/","url":"https:\/\/denizcankizil.tr\/wp-content\/uploads\/2024\/10\/siyah-logo-svg.svg","contentUrl":"https:\/\/denizcankizil.tr\/wp-content\/uploads\/2024\/10\/siyah-logo-svg.svg","width":1080,"height":1080,"caption":"Av. Deniz Can K\u0131z\u0131l"},"image":{"@id":"https:\/\/denizcankizil.tr\/de\/#\/schema\/logo\/image\/"}}]}},"_links":{"self":[{"href":"https:\/\/denizcankizil.tr\/ru\/wp-json\/wp\/v2\/posts\/18735","targetHints":{"allow":["GET"]}}],"collection":[{"href":"https:\/\/denizcankizil.tr\/ru\/wp-json\/wp\/v2\/posts"}],"about":[{"href":"https:\/\/denizcankizil.tr\/ru\/wp-json\/wp\/v2\/types\/post"}],"replies":[{"embeddable":true,"href":"https:\/\/denizcankizil.tr\/ru\/wp-json\/wp\/v2\/comments?post=18735"}],"version-history":[{"count":0,"href":"https:\/\/denizcankizil.tr\/ru\/wp-json\/wp\/v2\/posts\/18735\/revisions"}],"wp:attachment":[{"href":"https:\/\/denizcankizil.tr\/ru\/wp-json\/wp\/v2\/media?parent=18735"}],"wp:term":[{"taxonomy":"category","embeddable":true,"href":"https:\/\/denizcankizil.tr\/ru\/wp-json\/wp\/v2\/categories?post=18735"},{"taxonomy":"post_tag","embeddable":true,"href":"https:\/\/denizcankizil.tr\/ru\/wp-json\/wp\/v2\/tags?post=18735"}],"curies":[{"name":"wp","href":"https:\/\/api.w.org\/{rel}","templated":true}]}}