{"id":18730,"date":"2024-12-02T13:41:24","date_gmt":"2024-12-02T10:41:24","guid":{"rendered":"https:\/\/denizcankizil.tr\/uncategorized-tr\/tandoganda-gecinemiyoruz-eylemi\/"},"modified":"2024-12-02T13:41:24","modified_gmt":"2024-12-02T10:41:24","slug":"tandoganda-gecinemiyoruz-eylemi","status":"publish","type":"post","link":"https:\/\/denizcankizil.tr\/ru\/haberler\/gundem\/tandoganda-gecinemiyoruz-eylemi\/","title":{"rendered":"Tando\u011fan&#8217;da &#8216;Ge\u00e7inemiyoruz&#8217; Eylemi!"},"content":{"rendered":"<p>Adil Co\u015fkuner<\/p>\n<p>2025 y\u0131l\u0131na say\u0131l\u0131 g\u00fcnler kala, emek\u00e7iler ve emekliler maa\u015f zamlar\u0131n\u0131n d\u00fczenlenmesi ve haklar\u0131n\u0131n korunmas\u0131 talebiyle yurdun d\u00f6rt bir yan\u0131ndan ba\u015fkente gelenler Ankara Tando\u011fan Meydan\u0131\u2019nda bir araya geldi. KESK, D\u0130SK ve EMEP gibi sendikalar\u0131n \u00f6nc\u00fcl\u00fc\u011f\u00fcnde d\u00fczenlenen eyleme, T\u00fcrkiye&#8217;nin d\u00f6rt bir yan\u0131ndan emekliler ve \u00e7al\u0131\u015fanlar kat\u0131ld\u0131.<\/p>\n<p>Ellerinde &#8220;Ge\u00e7inemiyoruz&#8221; yaz\u0131l\u0131 pankartlarla Ulus ve K\u0131z\u0131lay\u2019dan y\u00fcr\u00fcy\u00fc\u015fe ge\u00e7en grup, Tando\u011fan Meydan\u0131\u2019nda bulu\u015farak seslerini duyurdu. Kalabal\u0131k, taleplerini dile getirirken maa\u015flar\u0131n insanca ya\u015fanabilecek bir d\u00fczeye \u00e7\u0131kar\u0131lmas\u0131n\u0131 istedi.<\/p>\n<p>Eylemde, \u00f6zg\u00fcn m\u00fczi\u011fin sevilen ismi Suavi sahne alarak bir konser verdi. Suavi&#8217;nin \u015fark\u0131lar\u0131, alan\u0131 dolduranlara moral olurken co\u015fkulu anlar ya\u015fanmas\u0131na neden oldu.<\/p>\n<p>Kat\u0131l\u0131mc\u0131lar, haklar\u0131n\u0131 alana kadar m\u00fccadeleye devam edeceklerini vurgularken, eylem olays\u0131z bir \u015fekilde son buldu.<\/p>\n<p>\u200bYurdun d\u00f6rt bir yan\u0131ndan ba\u015fkente gelen emek\u00e7i ve emekliler, Tando\u011fan meydan\u0131nda ger\u00e7ekle\u015ftirdi\u011fi \u2018Ge\u00e7inemiyoruz\u2019 mitinginde sahne alan Suavi konseriyle co\u015ftu sesini y\u00fckseltti. Hatay&#8217;dan da \u00e7ok say\u0131da emek\u00e7i ve emekli mitinge kat\u0131larak eyleme destek verdi.\u00a0<\/p>\n<p>\u200bHaberin Al\u0131nt\u0131land\u0131\u011f\u0131 Kaynak: www.iskenderun.org<\/p>","protected":false},"excerpt":{"rendered":"<p>Adil Co\u015fkuner 2025 y\u0131l\u0131na say\u0131l\u0131 g\u00fcnler kala, emek\u00e7iler ve emekliler maa\u015f zamlar\u0131n\u0131n d\u00fczenlenmesi ve haklar\u0131n\u0131n korunmas\u0131 talebiyle yurdun d\u00f6rt bir yan\u0131ndan ba\u015fkente gelenler Ankara Tando\u011fan Meydan\u0131\u2019nda bir araya geldi. KESK, D\u0130SK ve EMEP gibi sendikalar\u0131n \u00f6nc\u00fcl\u00fc\u011f\u00fcnde d\u00fczenlenen eyleme, T\u00fcrkiye&#8217;nin d\u00f6rt bir yan\u0131ndan emekliler ve \u00e7al\u0131\u015fanlar kat\u0131ld\u0131. Ellerinde &#8220;Ge\u00e7inemiyoruz&#8221; yaz\u0131l\u0131 pankartlarla Ulus ve K\u0131z\u0131lay\u2019dan y\u00fcr\u00fcy\u00fc\u015fe ge\u00e7en grup, Tando\u011fan Meydan\u0131\u2019nda bulu\u015farak seslerini duyurdu. Kalabal\u0131k, taleplerini dile getirirken maa\u015flar\u0131n insanca ya\u015fanabilecek bir d\u00fczeye \u00e7\u0131kar\u0131lmas\u0131n\u0131 istedi. Eylemde, \u00f6zg\u00fcn m\u00fczi\u011fin sevilen ismi Suavi sahne alarak bir konser verdi. Suavi&#8217;nin \u015fark\u0131lar\u0131, alan\u0131 dolduranlara moral olurken co\u015fkulu anlar ya\u015fanmas\u0131na neden oldu. Kat\u0131l\u0131mc\u0131lar, haklar\u0131n\u0131 alana kadar m\u00fccadeleye devam edeceklerini vurgularken, eylem olays\u0131z bir \u015fekilde son buldu. \u200bYurdun d\u00f6rt bir yan\u0131ndan ba\u015fkente gelen emek\u00e7i ve emekliler, Tando\u011fan meydan\u0131nda ger\u00e7ekle\u015ftirdi\u011fi \u2018Ge\u00e7inemiyoruz\u2019 mitinginde sahne alan Suavi konseriyle co\u015ftu sesini y\u00fckseltti. Hatay&#8217;dan da \u00e7ok say\u0131da emek\u00e7i ve emekli mitinge kat\u0131larak eyleme destek verdi.\u00a0 \u200bHaberin Al\u0131nt\u0131land\u0131\u011f\u0131 Kaynak: www.iskenderun.org<\/p>","protected":false},"author":0,"featured_media":0,"comment_status":"open","ping_status":"open","sticky":false,"template":"","format":"standard","meta":{"_acf_changed":false,"footnotes":""},"categories":[24,535],"tags":[],"class_list":["post-18730","post","type-post","status-publish","format-standard","has-post-thumbnail","hentry","category-gundem","category-uncategorized-tr"],"acf":[],"yoast_head":"<!-- This site is optimized with the Yoast SEO Premium plugin v26.6 (Yoast SEO v27.1.1) - https:\/\/yoast.com\/product\/yoast-seo-premium-wordpress\/ -->\n<title>Tando\u011fan&#039;da &#039;Ge\u00e7inemiyoruz&#039; Eylemi! - Av. Deniz Can K\u0131z\u0131l<\/title>\n<meta name=\"robots\" content=\"index, follow, max-snippet:-1, max-image-preview:large, max-video-preview:-1\" \/>\n<link rel=\"canonical\" href=\"https:\/\/denizcankizil.tr\/ru\/haberler\/gundem\/tandoganda-gecinemiyoruz-eylemi\/\" \/>\n<meta property=\"og:locale\" content=\"ru_RU\" \/>\n<meta property=\"og:type\" content=\"article\" \/>\n<meta property=\"og:title\" content=\"Tando\u011fan&#039;da &#039;Ge\u00e7inemiyoruz&#039; Eylemi!\" \/>\n<meta property=\"og:description\" content=\"Adil Co\u015fkuner 2025 y\u0131l\u0131na say\u0131l\u0131 g\u00fcnler kala, emek\u00e7iler ve emekliler maa\u015f zamlar\u0131n\u0131n d\u00fczenlenmesi ve haklar\u0131n\u0131n korunmas\u0131 talebiyle yurdun d\u00f6rt bir yan\u0131ndan ba\u015fkente gelenler Ankara Tando\u011fan Meydan\u0131\u2019nda bir araya geldi. KESK, D\u0130SK ve EMEP gibi sendikalar\u0131n \u00f6nc\u00fcl\u00fc\u011f\u00fcnde d\u00fczenlenen eyleme, T\u00fcrkiye&#8217;nin d\u00f6rt bir yan\u0131ndan emekliler ve \u00e7al\u0131\u015fanlar kat\u0131ld\u0131. Ellerinde &#8220;Ge\u00e7inemiyoruz&#8221; yaz\u0131l\u0131 pankartlarla Ulus ve K\u0131z\u0131lay\u2019dan y\u00fcr\u00fcy\u00fc\u015fe ge\u00e7en grup, Tando\u011fan Meydan\u0131\u2019nda bulu\u015farak seslerini duyurdu. Kalabal\u0131k, taleplerini dile getirirken maa\u015flar\u0131n insanca ya\u015fanabilecek bir d\u00fczeye \u00e7\u0131kar\u0131lmas\u0131n\u0131 istedi. Eylemde, \u00f6zg\u00fcn m\u00fczi\u011fin sevilen ismi Suavi sahne alarak bir konser verdi. Suavi&#8217;nin \u015fark\u0131lar\u0131, alan\u0131 dolduranlara moral olurken co\u015fkulu anlar ya\u015fanmas\u0131na neden oldu. Kat\u0131l\u0131mc\u0131lar, haklar\u0131n\u0131 alana kadar m\u00fccadeleye devam edeceklerini vurgularken, eylem olays\u0131z bir \u015fekilde son buldu. \u200bYurdun d\u00f6rt bir yan\u0131ndan ba\u015fkente gelen emek\u00e7i ve emekliler, Tando\u011fan meydan\u0131nda ger\u00e7ekle\u015ftirdi\u011fi \u2018Ge\u00e7inemiyoruz\u2019 mitinginde sahne alan Suavi konseriyle co\u015ftu sesini y\u00fckseltti. Hatay&#8217;dan da \u00e7ok say\u0131da emek\u00e7i ve emekli mitinge kat\u0131larak eyleme destek verdi.\u00a0 \u200bHaberin Al\u0131nt\u0131land\u0131\u011f\u0131 Kaynak: www.iskenderun.org\" \/>\n<meta property=\"og:url\" content=\"https:\/\/denizcankizil.tr\/ru\/haberler\/gundem\/tandoganda-gecinemiyoruz-eylemi\/\" \/>\n<meta property=\"og:site_name\" content=\"Av. Deniz Can K\u0131z\u0131l\" \/>\n<meta property=\"article:published_time\" content=\"2024-12-02T10:41:24+00:00\" \/>\n<meta name=\"twitter:card\" content=\"summary_large_image\" \/>\n<meta name=\"twitter:label1\" content=\"\u041f\u0440\u0438\u043c\u0435\u0440\u043d\u043e\u0435 \u0432\u0440\u0435\u043c\u044f \u0434\u043b\u044f \u0447\u0442\u0435\u043d\u0438\u044f\" \/>\n\t<meta name=\"twitter:data1\" content=\"1 \u043c\u0438\u043d\u0443\u0442\u0430\" \/>\n<script type=\"application\/ld+json\" class=\"yoast-schema-graph\">{\"@context\":\"https:\/\/schema.org\",\"@graph\":[{\"@type\":\"Article\",\"@id\":\"https:\/\/denizcankizil.tr\/ru\/haberler\/gundem\/tandoganda-gecinemiyoruz-eylemi\/#article\",\"isPartOf\":{\"@id\":\"https:\/\/denizcankizil.tr\/ru\/haberler\/gundem\/tandoganda-gecinemiyoruz-eylemi\/\"},\"author\":{\"name\":\"\",\"@id\":\"\"},\"headline\":\"Tando\u011fan&#8217;da &#8216;Ge\u00e7inemiyoruz&#8217; Eylemi!\",\"datePublished\":\"2024-12-02T10:41:24+00:00\",\"mainEntityOfPage\":{\"@id\":\"https:\/\/denizcankizil.tr\/ru\/haberler\/gundem\/tandoganda-gecinemiyoruz-eylemi\/\"},\"wordCount\":230,\"commentCount\":0,\"publisher\":{\"@id\":\"https:\/\/denizcankizil.tr\/#organization\"},\"articleSection\":[\"G\u00fcndem\",\"Uncategorized\"],\"inLanguage\":\"ru-RU\",\"potentialAction\":[{\"@type\":\"CommentAction\",\"name\":\"Comment\",\"target\":[\"https:\/\/denizcankizil.tr\/ru\/haberler\/gundem\/tandoganda-gecinemiyoruz-eylemi\/#respond\"]}]},{\"@type\":\"WebPage\",\"@id\":\"https:\/\/denizcankizil.tr\/ru\/haberler\/gundem\/tandoganda-gecinemiyoruz-eylemi\/\",\"url\":\"https:\/\/denizcankizil.tr\/ru\/haberler\/gundem\/tandoganda-gecinemiyoruz-eylemi\/\",\"name\":\"Tando\u011fan'da 'Ge\u00e7inemiyoruz' Eylemi! - Av. Deniz Can K\u0131z\u0131l\",\"isPartOf\":{\"@id\":\"https:\/\/denizcankizil.tr\/#website\"},\"datePublished\":\"2024-12-02T10:41:24+00:00\",\"breadcrumb\":{\"@id\":\"https:\/\/denizcankizil.tr\/ru\/haberler\/gundem\/tandoganda-gecinemiyoruz-eylemi\/#breadcrumb\"},\"inLanguage\":\"ru-RU\",\"potentialAction\":[{\"@type\":\"ReadAction\",\"target\":[\"https:\/\/denizcankizil.tr\/ru\/haberler\/gundem\/tandoganda-gecinemiyoruz-eylemi\/\"]}]},{\"@type\":\"BreadcrumbList\",\"@id\":\"https:\/\/denizcankizil.tr\/ru\/haberler\/gundem\/tandoganda-gecinemiyoruz-eylemi\/#breadcrumb\",\"itemListElement\":[{\"@type\":\"ListItem\",\"position\":1,\"name\":\"Home\",\"item\":\"https:\/\/denizcankizil.tr\/de\/\"},{\"@type\":\"ListItem\",\"position\":2,\"name\":\"Tando\u011fan&#8217;da &#8216;Ge\u00e7inemiyoruz&#8217; Eylemi!\"}]},{\"@type\":\"WebSite\",\"@id\":\"https:\/\/denizcankizil.tr\/#website\",\"url\":\"https:\/\/denizcankizil.tr\/\",\"name\":\"Av. Deniz Can K\u0131z\u0131l\",\"description\":\"Avukat Deniz Can K\u0131z\u0131l Antalya Barosu\",\"publisher\":{\"@id\":\"https:\/\/denizcankizil.tr\/#organization\"},\"potentialAction\":[{\"@type\":\"SearchAction\",\"target\":{\"@type\":\"EntryPoint\",\"urlTemplate\":\"https:\/\/denizcankizil.tr\/?s={search_term_string}\"},\"query-input\":{\"@type\":\"PropertyValueSpecification\",\"valueRequired\":true,\"valueName\":\"search_term_string\"}}],\"inLanguage\":\"ru-RU\"},{\"@type\":\"Organization\",\"@id\":\"https:\/\/denizcankizil.tr\/#organization\",\"name\":\"Av. Deniz Can K\u0131z\u0131l\",\"url\":\"https:\/\/denizcankizil.tr\/\",\"logo\":{\"@type\":\"ImageObject\",\"inLanguage\":\"ru-RU\",\"@id\":\"https:\/\/denizcankizil.tr\/#\/schema\/logo\/image\/\",\"url\":\"https:\/\/denizcankizil.tr\/wp-content\/uploads\/2024\/10\/siyah-logo-svg.svg\",\"contentUrl\":\"https:\/\/denizcankizil.tr\/wp-content\/uploads\/2024\/10\/siyah-logo-svg.svg\",\"width\":1080,\"height\":1080,\"caption\":\"Av. Deniz Can K\u0131z\u0131l\"},\"image\":{\"@id\":\"https:\/\/denizcankizil.tr\/#\/schema\/logo\/image\/\"}}]}<\/script>\n<!-- \/ Yoast SEO Premium plugin. -->","yoast_head_json":{"title":"Tando\u011fan'da 'Ge\u00e7inemiyoruz' Eylemi! - Av. Deniz Can K\u0131z\u0131l","robots":{"index":"index","follow":"follow","max-snippet":"max-snippet:-1","max-image-preview":"max-image-preview:large","max-video-preview":"max-video-preview:-1"},"canonical":"https:\/\/denizcankizil.tr\/ru\/haberler\/gundem\/tandoganda-gecinemiyoruz-eylemi\/","og_locale":"ru_RU","og_type":"article","og_title":"Tando\u011fan'da 'Ge\u00e7inemiyoruz' Eylemi!","og_description":"Adil Co\u015fkuner 2025 y\u0131l\u0131na say\u0131l\u0131 g\u00fcnler kala, emek\u00e7iler ve emekliler maa\u015f zamlar\u0131n\u0131n d\u00fczenlenmesi ve haklar\u0131n\u0131n korunmas\u0131 talebiyle yurdun d\u00f6rt bir yan\u0131ndan ba\u015fkente gelenler Ankara Tando\u011fan Meydan\u0131\u2019nda bir araya geldi. KESK, D\u0130SK ve EMEP gibi sendikalar\u0131n \u00f6nc\u00fcl\u00fc\u011f\u00fcnde d\u00fczenlenen eyleme, T\u00fcrkiye&#8217;nin d\u00f6rt bir yan\u0131ndan emekliler ve \u00e7al\u0131\u015fanlar kat\u0131ld\u0131. Ellerinde &#8220;Ge\u00e7inemiyoruz&#8221; yaz\u0131l\u0131 pankartlarla Ulus ve K\u0131z\u0131lay\u2019dan y\u00fcr\u00fcy\u00fc\u015fe ge\u00e7en grup, Tando\u011fan Meydan\u0131\u2019nda bulu\u015farak seslerini duyurdu. Kalabal\u0131k, taleplerini dile getirirken maa\u015flar\u0131n insanca ya\u015fanabilecek bir d\u00fczeye \u00e7\u0131kar\u0131lmas\u0131n\u0131 istedi. Eylemde, \u00f6zg\u00fcn m\u00fczi\u011fin sevilen ismi Suavi sahne alarak bir konser verdi. Suavi&#8217;nin \u015fark\u0131lar\u0131, alan\u0131 dolduranlara moral olurken co\u015fkulu anlar ya\u015fanmas\u0131na neden oldu. Kat\u0131l\u0131mc\u0131lar, haklar\u0131n\u0131 alana kadar m\u00fccadeleye devam edeceklerini vurgularken, eylem olays\u0131z bir \u015fekilde son buldu. \u200bYurdun d\u00f6rt bir yan\u0131ndan ba\u015fkente gelen emek\u00e7i ve emekliler, Tando\u011fan meydan\u0131nda ger\u00e7ekle\u015ftirdi\u011fi \u2018Ge\u00e7inemiyoruz\u2019 mitinginde sahne alan Suavi konseriyle co\u015ftu sesini y\u00fckseltti. Hatay&#8217;dan da \u00e7ok say\u0131da emek\u00e7i ve emekli mitinge kat\u0131larak eyleme destek verdi.\u00a0 \u200bHaberin Al\u0131nt\u0131land\u0131\u011f\u0131 Kaynak: www.iskenderun.org","og_url":"https:\/\/denizcankizil.tr\/ru\/haberler\/gundem\/tandoganda-gecinemiyoruz-eylemi\/","og_site_name":"Av. Deniz Can K\u0131z\u0131l","article_published_time":"2024-12-02T10:41:24+00:00","twitter_card":"summary_large_image","twitter_misc":{"\u041f\u0440\u0438\u043c\u0435\u0440\u043d\u043e\u0435 \u0432\u0440\u0435\u043c\u044f \u0434\u043b\u044f \u0447\u0442\u0435\u043d\u0438\u044f":"1 \u043c\u0438\u043d\u0443\u0442\u0430"},"schema":{"@context":"https:\/\/schema.org","@graph":[{"@type":"Article","@id":"https:\/\/denizcankizil.tr\/ru\/haberler\/gundem\/tandoganda-gecinemiyoruz-eylemi\/#article","isPartOf":{"@id":"https:\/\/denizcankizil.tr\/ru\/haberler\/gundem\/tandoganda-gecinemiyoruz-eylemi\/"},"author":{"name":"","@id":""},"headline":"Tando\u011fan&#8217;da &#8216;Ge\u00e7inemiyoruz&#8217; Eylemi!","datePublished":"2024-12-02T10:41:24+00:00","mainEntityOfPage":{"@id":"https:\/\/denizcankizil.tr\/ru\/haberler\/gundem\/tandoganda-gecinemiyoruz-eylemi\/"},"wordCount":230,"commentCount":0,"publisher":{"@id":"https:\/\/denizcankizil.tr\/#organization"},"articleSection":["G\u00fcndem","Uncategorized"],"inLanguage":"ru-RU","potentialAction":[{"@type":"CommentAction","name":"Comment","target":["https:\/\/denizcankizil.tr\/ru\/haberler\/gundem\/tandoganda-gecinemiyoruz-eylemi\/#respond"]}]},{"@type":"WebPage","@id":"https:\/\/denizcankizil.tr\/ru\/haberler\/gundem\/tandoganda-gecinemiyoruz-eylemi\/","url":"https:\/\/denizcankizil.tr\/ru\/haberler\/gundem\/tandoganda-gecinemiyoruz-eylemi\/","name":"Tando\u011fan'da 'Ge\u00e7inemiyoruz' Eylemi! - Av. Deniz Can K\u0131z\u0131l","isPartOf":{"@id":"https:\/\/denizcankizil.tr\/#website"},"datePublished":"2024-12-02T10:41:24+00:00","breadcrumb":{"@id":"https:\/\/denizcankizil.tr\/ru\/haberler\/gundem\/tandoganda-gecinemiyoruz-eylemi\/#breadcrumb"},"inLanguage":"ru-RU","potentialAction":[{"@type":"ReadAction","target":["https:\/\/denizcankizil.tr\/ru\/haberler\/gundem\/tandoganda-gecinemiyoruz-eylemi\/"]}]},{"@type":"BreadcrumbList","@id":"https:\/\/denizcankizil.tr\/ru\/haberler\/gundem\/tandoganda-gecinemiyoruz-eylemi\/#breadcrumb","itemListElement":[{"@type":"ListItem","position":1,"name":"Home","item":"https:\/\/denizcankizil.tr\/de\/"},{"@type":"ListItem","position":2,"name":"Tando\u011fan&#8217;da &#8216;Ge\u00e7inemiyoruz&#8217; Eylemi!"}]},{"@type":"WebSite","@id":"https:\/\/denizcankizil.tr\/#website","url":"https:\/\/denizcankizil.tr\/","name":"Av. Deniz Can K\u0131z\u0131l","description":"Avukat Deniz Can K\u0131z\u0131l Antalya Barosu","publisher":{"@id":"https:\/\/denizcankizil.tr\/#organization"},"potentialAction":[{"@type":"SearchAction","target":{"@type":"EntryPoint","urlTemplate":"https:\/\/denizcankizil.tr\/?s={search_term_string}"},"query-input":{"@type":"PropertyValueSpecification","valueRequired":true,"valueName":"search_term_string"}}],"inLanguage":"ru-RU"},{"@type":"Organization","@id":"https:\/\/denizcankizil.tr\/#organization","name":"Av. Deniz Can K\u0131z\u0131l","url":"https:\/\/denizcankizil.tr\/","logo":{"@type":"ImageObject","inLanguage":"ru-RU","@id":"https:\/\/denizcankizil.tr\/#\/schema\/logo\/image\/","url":"https:\/\/denizcankizil.tr\/wp-content\/uploads\/2024\/10\/siyah-logo-svg.svg","contentUrl":"https:\/\/denizcankizil.tr\/wp-content\/uploads\/2024\/10\/siyah-logo-svg.svg","width":1080,"height":1080,"caption":"Av. Deniz Can K\u0131z\u0131l"},"image":{"@id":"https:\/\/denizcankizil.tr\/#\/schema\/logo\/image\/"}}]}},"_links":{"self":[{"href":"https:\/\/denizcankizil.tr\/ru\/wp-json\/wp\/v2\/posts\/18730","targetHints":{"allow":["GET"]}}],"collection":[{"href":"https:\/\/denizcankizil.tr\/ru\/wp-json\/wp\/v2\/posts"}],"about":[{"href":"https:\/\/denizcankizil.tr\/ru\/wp-json\/wp\/v2\/types\/post"}],"replies":[{"embeddable":true,"href":"https:\/\/denizcankizil.tr\/ru\/wp-json\/wp\/v2\/comments?post=18730"}],"version-history":[{"count":0,"href":"https:\/\/denizcankizil.tr\/ru\/wp-json\/wp\/v2\/posts\/18730\/revisions"}],"wp:attachment":[{"href":"https:\/\/denizcankizil.tr\/ru\/wp-json\/wp\/v2\/media?parent=18730"}],"wp:term":[{"taxonomy":"category","embeddable":true,"href":"https:\/\/denizcankizil.tr\/ru\/wp-json\/wp\/v2\/categories?post=18730"},{"taxonomy":"post_tag","embeddable":true,"href":"https:\/\/denizcankizil.tr\/ru\/wp-json\/wp\/v2\/tags?post=18730"}],"curies":[{"name":"wp","href":"https:\/\/api.w.org\/{rel}","templated":true}]}}