{"id":18703,"date":"2024-12-02T10:42:09","date_gmt":"2024-12-02T07:42:09","guid":{"rendered":"https:\/\/denizcankizil.tr\/uncategorized-tr\/tudkiyeb-kuzu-ithalati-soylemleri-asilsiz\/"},"modified":"2024-12-02T10:42:09","modified_gmt":"2024-12-02T07:42:09","slug":"tudkiyeb-kuzu-ithalati-soylemleri-asilsiz","status":"publish","type":"post","link":"https:\/\/denizcankizil.tr\/ru\/haberler\/gundem\/tudkiyeb-kuzu-ithalati-soylemleri-asilsiz\/","title":{"rendered":"T\u00dcDK\u0130YEB: Kuzu ithalat\u0131 s\u00f6ylemleri as\u0131ls\u0131z"},"content":{"rendered":"<p>Ege B\u00f6lgesi k\u00fc\u00e7\u00fckba\u015f hayvanc\u0131l\u0131k sekt\u00f6r\u00fcn\u00fcn sorunlar\u0131 masaya yat\u0131r\u0131ld\u0131\u011f\u0131 toplant\u0131da konu\u015fan T\u00dcDK\u0130YEB Genel Ba\u015fkan Nihat \u00c7elik, et fiyatlar\u0131, hayvan ithalat\u0131 ve ihracat konular\u0131 ile Ege B\u00f6lgesi k\u00fc\u00e7\u00fckba\u015f hayvanc\u0131l\u0131k sekt\u00f6r\u00fcne ili\u015fkin \u00e7e\u015fitli a\u00e7\u0131klamalarda bulundu.AFYONKARAH\u0130SAR (\u0130GFA) &#8211; T\u00fcrkiye Koyun Ke\u00e7i Yeti\u015ftiricileri Merkez Birli\u011fi (T\u00dcDK\u0130YEB) Genel Ba\u015fkan\u0131 Nihat \u00c7elik, Afyonkarahisar\u2019da Ege B\u00f6lgesi Birlik Ba\u015fkanlar\u0131yla bir araya geldi.<br \/>\nBirlik Ba\u015fkanlar\u0131n\u0131n yan\u0131 s\u0131ra Afyon Kocatepe \u00dcniversitesi Veteriner Fak\u00fcltesi Zootekni Anabilim Dal\u0131 Ba\u015fkan\u0131 ve Halk Elinde K\u00fc\u00e7\u00fckba\u015f Hayvan Islah\u0131 Projesi lideri Prof. Dr. Mustafa Tekerli de toplant\u0131ya kat\u0131l\u0131m sa\u011flad\u0131.<\/p>\n<p>\u00c7i\u00e7eklerle kar\u015f\u0131lanan Genel Ba\u015fkan \u00c7elik, Birlik Ba\u015fkanlar\u0131yla yap\u0131lan ve 2 g\u00fcn s\u00fcren isti\u015fare toplant\u0131s\u0131nda Ege B\u00f6lgesi k\u00fc\u00e7\u00fckba\u015f hayvanc\u0131l\u0131\u011f\u0131nda ya\u015fan\u0131lan sorunlar ve \u00e7\u00f6z\u00fcm \u00f6nerilerinin masaya yat\u0131r\u0131ld\u0131\u011f\u0131n\u0131 belirterek k\u00fc\u00e7\u00fckba\u015f hayvan ithalat\u0131n\u0131n s\u00f6z konusu olmad\u0131\u011f\u0131n\u0131 ve k\u0131rm\u0131z\u0131 et a\u00e7\u0131\u011f\u0131n\u0131n k\u00fc\u00e7\u00fckba\u015f hayvanc\u0131l\u0131k ile kapat\u0131labilece\u011fini dolay\u0131s\u0131yla da \u00fcretimin art\u0131r\u0131lmas\u0131 gerekti\u011fini ifade etti.<br \/>\nFAZLASIYLA KUZU STO\u011eUMUZ VAR, KUZU \u0130THALATI S\u00d6YLEMLER\u0130 ASILSIZ\u2026<br \/>\nT\u00dcDK\u0130YEB Genel Ba\u015fkan\u0131 \u00c7elik, stoklarda fazlas\u0131yla k\u00fc\u00e7\u00fckba\u015f hayvan bulundu\u011funu ve kuzu ithalat\u0131 s\u00f6ylemlerinin as\u0131ls\u0131z oldu\u011funu belirterek, &#8220;Cumhurba\u015fkan\u0131m\u0131z ve Tar\u0131m ve Orman Bakan\u0131m\u0131z da \u015fiddetle ithalata kar\u015f\u0131d\u0131r. Ancak kuzulama ve do\u011fum d\u00f6nemleri oldu\u011fu i\u00e7in f\u0131rsat\u00e7\u0131lar\u0131n et fiyatlar\u0131n\u0131 art\u0131rmamas\u0131 gerek\u00e7esiyle ve artan fiyatlar\u0131 bask\u0131lama \u00f6nlemleri kapsam\u0131nda s\u0131n\u0131rl\u0131 ve ge\u00e7ici olarak b\u00fcy\u00fckba\u015f hayvan ithalat\u0131 yap\u0131lmaktad\u0131r. K\u00fc\u00e7\u00fckba\u015f hayvan stoklar\u0131nda ve arz\u0131nda bir s\u0131k\u0131nt\u0131 olmad\u0131\u011f\u0131 i\u00e7in ithalat\u0131 da s\u00f6z konusu de\u011fildir. Kald\u0131 ki biz k\u00fc\u00e7\u00fckba\u015f hayvan ihracat\u0131n\u0131n a\u00e7\u0131lmas\u0131n\u0131 Bakanl\u0131\u011f\u0131m\u0131zdan talep ediyoruz. Bu ithalat s\u00f6ylentileri ithalat lobisine hizmet etmektedir. Ancak yine de bizim k\u00fc\u00e7\u00fckba\u015f hayvan say\u0131m\u0131z\u0131 ve verimli\u011fi daha fazla art\u0131rmam\u0131z gerekmektedir. Biz \u00fclkemizdeki k\u0131rm\u0131z\u0131 et a\u00e7\u0131\u011f\u0131n\u0131n ancak k\u00fc\u00e7\u00fckba\u015f hayvanc\u0131l\u0131k ile \u00e7\u00f6z\u00fclebilece\u011fine inan\u0131yoruz. Onun i\u00e7in \u00fcretim, \u00fcretim, \u00fcretim diyoruz. \u00dclkemiz tam bir k\u00fc\u00e7\u00fckba\u015f hayvanc\u0131l\u0131k co\u011frafyas\u0131d\u0131r. Dolay\u0131s\u0131yla bu avantaj\u0131 f\u0131rsata \u00e7evirerek k\u00fc\u00e7\u00fckba\u015f\u0131 \u00f6n planda tutmak ve oldu\u011fundan daha fazla desteklemek gerekmektedir&#8221; diye konu\u015ftu.<br \/>\nEGE B\u00d6LGES\u0130 K\u00dc\u00c7\u00dcKBA\u015e HAYVAN VARLI\u011eI 2 KATINA \u00c7IKARILMALI\u2026<br \/>\nEge B\u00f6lgesi k\u00fc\u00e7\u00fckba\u015f hayvanc\u0131l\u0131\u011f\u0131 ile ilgili yapt\u0131\u011f\u0131 a\u00e7\u0131klamada b\u00f6lgenin toplam k\u00fc\u00e7\u00fckba\u015f hayvan varl\u0131\u011f\u0131ndaki pay\u0131n\u0131n yakla\u015f\u0131k y\u00fczde 10 oldu\u011funu ve bu oran\u0131n mutlaka art\u0131r\u0131lmas\u0131 gerekti\u011fini belirten T\u00dcDK\u0130YEB Genel Ba\u015fkan\u0131 Nihat \u00c7elik, \u201c2024 Y\u0131l\u0131 Haziran ay\u0131 itibar\u0131yla k\u00fc\u00e7\u00fckba\u015f hayvan say\u0131m\u0131z 43 milyon 394 bini koyun, 10 milyon 571 bini ke\u00e7i olmak \u00fczere toplamda 53 milyon 965 bin ba\u015ft\u0131r. Ege B\u00f6lgemizde ise 4 milyonu koyun, 1 milyonu ke\u00e7i olmak \u00fczere toplamda 5 milyon ba\u015ft\u0131r. Dolay\u0131s\u0131yla 8 ilimizi kapsayan Ege B\u00f6lgesi y\u00fczde 9.46 yani yakla\u015f\u0131k y\u00fczde 10 luk bir paya sahiptir. Bu oran koyun say\u0131s\u0131nda y\u00fczde 9.34 ve ke\u00e7i say\u0131s\u0131nda % 9.95 tir. \u00d6n\u00fcm\u00fczdeki s\u00fcre\u00e7te bu say\u0131 ve oranlar\u0131n art\u0131r\u0131lmas\u0131 gerekmektedir. Hayvan say\u0131s\u0131n\u0131n en az mevcuttan 2 kat\u0131na \u00e7\u0131kar\u0131lmas\u0131 di\u011fer bir de\u011fi\u015fle \u00fclke geneline g\u00f6re % 20 seviyesine ula\u015f\u0131lmas\u0131 ana hedef olmal\u0131d\u0131r. \u00dclke genelinde de hem yeti\u015ftirici say\u0131m\u0131z\u0131n hem de k\u00fc\u00e7\u00fckba\u015f hayvan say\u0131m\u0131z\u0131n art\u0131r\u0131larak n\u00fcfus ba\u015f\u0131na bir k\u00fc\u00e7\u00fckba\u015f hedefini yakalamak temel g\u00f6revlerimizden birisi olacakt\u0131r. Bunu sa\u011flad\u0131\u011f\u0131m\u0131zda hayvan ithalat\u0131n\u0131n art\u0131k tarihe kar\u0131\u015faca\u011f\u0131na inan\u0131yoruz\u201d diye konu\u015ftu.<br \/>\nKIVIRCIK KUZUSU ET KAL\u0130TES\u0130 VE LEZZET\u0130YLE \u0130LK SIRADA\u2026<br \/>\nEge ve Marmara B\u00f6lgesinin hakim koyun \u0131rklar\u0131ndan olan K\u0131v\u0131rc\u0131k koyununun et kalitesi ve lezzeti bak\u0131m\u0131ndan \u00fclke genelinde ilk s\u0131rada bulundu\u011funu belirten \u00c7elik, k\u0131v\u0131rc\u0131k koyun \u0131rk\u0131n\u0131n et kalitesi ve lezzeti a\u00e7\u0131s\u0131ndan \u00fclkemizdeki t\u00fcm koyun \u0131rklar\u0131 i\u00e7erisinde birinci s\u0131rada gelmesinin Ege ve Marmara B\u00f6lgeleri i\u00e7in olduk\u00e7a de\u011ferli oldu\u011funu s\u00f6yledi.<br \/>\n\u00c7elik, son zamanlarda koyun ve ke\u00e7i s\u00fct\u00fcn\u00fcn daha \u00e7ok aranan ve tercih edilen \u00fcr\u00fcn haline gelmesi nedeniyle b\u00f6lgede entansif ve yar\u0131 entansif s\u00fct koyunu ve ke\u00e7icili\u011finin geli\u015ftirilmesi gerekti\u011fini kaydetti.<\/p>\n<p>\u200bEge B\u00f6lgesi k\u00fc\u00e7\u00fckba\u015f hayvanc\u0131l\u0131k sekt\u00f6r\u00fcn\u00fcn sorunlar\u0131 masaya yat\u0131r\u0131ld\u0131\u011f\u0131 toplant\u0131da konu\u015fan T\u00dcDK\u0130YEB Genel Ba\u015fkan Nihat \u00c7elik, et fiyatlar\u0131, hayvan ithalat\u0131 ve ihracat konular\u0131 ile Ege B\u00f6lgesi k\u00fc\u00e7\u00fckba\u015f hayvanc\u0131l\u0131k sekt\u00f6r\u00fcne ili\u015fkin \u00e7e\u015fitli a\u00e7\u0131klamalarda bulundu\u00a0<\/p>\n<p>\u200bHaberin Al\u0131nt\u0131land\u0131\u011f\u0131 Kaynak: www.iskenderun.org<\/p>","protected":false},"excerpt":{"rendered":"<p>Ege B\u00f6lgesi k\u00fc\u00e7\u00fckba\u015f hayvanc\u0131l\u0131k sekt\u00f6r\u00fcn\u00fcn sorunlar\u0131 masaya yat\u0131r\u0131ld\u0131\u011f\u0131 toplant\u0131da konu\u015fan T\u00dcDK\u0130YEB Genel Ba\u015fkan Nihat \u00c7elik, et fiyatlar\u0131, hayvan ithalat\u0131 ve ihracat konular\u0131 ile Ege B\u00f6lgesi k\u00fc\u00e7\u00fckba\u015f hayvanc\u0131l\u0131k sekt\u00f6r\u00fcne ili\u015fkin \u00e7e\u015fitli a\u00e7\u0131klamalarda bulundu.AFYONKARAH\u0130SAR (\u0130GFA) &#8211; T\u00fcrkiye Koyun Ke\u00e7i Yeti\u015ftiricileri Merkez Birli\u011fi (T\u00dcDK\u0130YEB) Genel Ba\u015fkan\u0131 Nihat \u00c7elik, Afyonkarahisar\u2019da Ege B\u00f6lgesi Birlik Ba\u015fkanlar\u0131yla bir araya geldi. Birlik Ba\u015fkanlar\u0131n\u0131n yan\u0131 s\u0131ra Afyon Kocatepe \u00dcniversitesi Veteriner Fak\u00fcltesi Zootekni Anabilim Dal\u0131 Ba\u015fkan\u0131 ve Halk Elinde K\u00fc\u00e7\u00fckba\u015f Hayvan Islah\u0131 Projesi lideri Prof. Dr. Mustafa Tekerli de toplant\u0131ya kat\u0131l\u0131m sa\u011flad\u0131. \u00c7i\u00e7eklerle kar\u015f\u0131lanan Genel Ba\u015fkan \u00c7elik, Birlik Ba\u015fkanlar\u0131yla yap\u0131lan ve 2 g\u00fcn s\u00fcren isti\u015fare toplant\u0131s\u0131nda Ege B\u00f6lgesi k\u00fc\u00e7\u00fckba\u015f hayvanc\u0131l\u0131\u011f\u0131nda ya\u015fan\u0131lan sorunlar ve \u00e7\u00f6z\u00fcm \u00f6nerilerinin masaya yat\u0131r\u0131ld\u0131\u011f\u0131n\u0131 belirterek k\u00fc\u00e7\u00fckba\u015f hayvan ithalat\u0131n\u0131n s\u00f6z konusu olmad\u0131\u011f\u0131n\u0131 ve k\u0131rm\u0131z\u0131 et a\u00e7\u0131\u011f\u0131n\u0131n k\u00fc\u00e7\u00fckba\u015f hayvanc\u0131l\u0131k ile kapat\u0131labilece\u011fini dolay\u0131s\u0131yla da \u00fcretimin art\u0131r\u0131lmas\u0131 gerekti\u011fini ifade etti. FAZLASIYLA KUZU STO\u011eUMUZ VAR, KUZU \u0130THALATI S\u00d6YLEMLER\u0130 ASILSIZ\u2026 T\u00dcDK\u0130YEB Genel Ba\u015fkan\u0131 \u00c7elik, stoklarda fazlas\u0131yla k\u00fc\u00e7\u00fckba\u015f hayvan bulundu\u011funu ve kuzu ithalat\u0131 s\u00f6ylemlerinin as\u0131ls\u0131z oldu\u011funu belirterek, &#8220;Cumhurba\u015fkan\u0131m\u0131z ve Tar\u0131m ve Orman Bakan\u0131m\u0131z da \u015fiddetle ithalata kar\u015f\u0131d\u0131r. Ancak kuzulama ve do\u011fum d\u00f6nemleri oldu\u011fu i\u00e7in f\u0131rsat\u00e7\u0131lar\u0131n et fiyatlar\u0131n\u0131 art\u0131rmamas\u0131 gerek\u00e7esiyle ve artan fiyatlar\u0131 bask\u0131lama \u00f6nlemleri kapsam\u0131nda s\u0131n\u0131rl\u0131 ve ge\u00e7ici olarak b\u00fcy\u00fckba\u015f hayvan ithalat\u0131 yap\u0131lmaktad\u0131r. K\u00fc\u00e7\u00fckba\u015f hayvan stoklar\u0131nda ve arz\u0131nda bir s\u0131k\u0131nt\u0131 olmad\u0131\u011f\u0131 i\u00e7in ithalat\u0131 da &hellip;<\/p>","protected":false},"author":0,"featured_media":0,"comment_status":"open","ping_status":"open","sticky":false,"template":"","format":"standard","meta":{"_acf_changed":false,"footnotes":""},"categories":[24,535],"tags":[],"class_list":["post-18703","post","type-post","status-publish","format-standard","has-post-thumbnail","hentry","category-gundem","category-uncategorized-tr"],"acf":[],"yoast_head":"<!-- This site is optimized with the Yoast SEO Premium plugin v26.6 (Yoast SEO v27.1.1) - https:\/\/yoast.com\/product\/yoast-seo-premium-wordpress\/ -->\n<title>T\u00dcDK\u0130YEB: Kuzu ithalat\u0131 s\u00f6ylemleri as\u0131ls\u0131z - Av. Deniz Can K\u0131z\u0131l<\/title>\n<meta name=\"robots\" content=\"index, follow, max-snippet:-1, max-image-preview:large, max-video-preview:-1\" \/>\n<link rel=\"canonical\" href=\"https:\/\/denizcankizil.tr\/ru\/haberler\/gundem\/tudkiyeb-kuzu-ithalati-soylemleri-asilsiz\/\" \/>\n<meta property=\"og:locale\" content=\"ru_RU\" \/>\n<meta property=\"og:type\" content=\"article\" \/>\n<meta property=\"og:title\" content=\"T\u00dcDK\u0130YEB: Kuzu ithalat\u0131 s\u00f6ylemleri as\u0131ls\u0131z\" \/>\n<meta property=\"og:description\" content=\"Ege B\u00f6lgesi k\u00fc\u00e7\u00fckba\u015f hayvanc\u0131l\u0131k sekt\u00f6r\u00fcn\u00fcn sorunlar\u0131 masaya yat\u0131r\u0131ld\u0131\u011f\u0131 toplant\u0131da konu\u015fan T\u00dcDK\u0130YEB Genel Ba\u015fkan Nihat \u00c7elik, et fiyatlar\u0131, hayvan ithalat\u0131 ve ihracat konular\u0131 ile Ege B\u00f6lgesi k\u00fc\u00e7\u00fckba\u015f hayvanc\u0131l\u0131k sekt\u00f6r\u00fcne ili\u015fkin \u00e7e\u015fitli a\u00e7\u0131klamalarda bulundu.AFYONKARAH\u0130SAR (\u0130GFA) &#8211; T\u00fcrkiye Koyun Ke\u00e7i Yeti\u015ftiricileri Merkez Birli\u011fi (T\u00dcDK\u0130YEB) Genel Ba\u015fkan\u0131 Nihat \u00c7elik, Afyonkarahisar\u2019da Ege B\u00f6lgesi Birlik Ba\u015fkanlar\u0131yla bir araya geldi. Birlik Ba\u015fkanlar\u0131n\u0131n yan\u0131 s\u0131ra Afyon Kocatepe \u00dcniversitesi Veteriner Fak\u00fcltesi Zootekni Anabilim Dal\u0131 Ba\u015fkan\u0131 ve Halk Elinde K\u00fc\u00e7\u00fckba\u015f Hayvan Islah\u0131 Projesi lideri Prof. Dr. Mustafa Tekerli de toplant\u0131ya kat\u0131l\u0131m sa\u011flad\u0131. \u00c7i\u00e7eklerle kar\u015f\u0131lanan Genel Ba\u015fkan \u00c7elik, Birlik Ba\u015fkanlar\u0131yla yap\u0131lan ve 2 g\u00fcn s\u00fcren isti\u015fare toplant\u0131s\u0131nda Ege B\u00f6lgesi k\u00fc\u00e7\u00fckba\u015f hayvanc\u0131l\u0131\u011f\u0131nda ya\u015fan\u0131lan sorunlar ve \u00e7\u00f6z\u00fcm \u00f6nerilerinin masaya yat\u0131r\u0131ld\u0131\u011f\u0131n\u0131 belirterek k\u00fc\u00e7\u00fckba\u015f hayvan ithalat\u0131n\u0131n s\u00f6z konusu olmad\u0131\u011f\u0131n\u0131 ve k\u0131rm\u0131z\u0131 et a\u00e7\u0131\u011f\u0131n\u0131n k\u00fc\u00e7\u00fckba\u015f hayvanc\u0131l\u0131k ile kapat\u0131labilece\u011fini dolay\u0131s\u0131yla da \u00fcretimin art\u0131r\u0131lmas\u0131 gerekti\u011fini ifade etti. FAZLASIYLA KUZU STO\u011eUMUZ VAR, KUZU \u0130THALATI S\u00d6YLEMLER\u0130 ASILSIZ\u2026 T\u00dcDK\u0130YEB Genel Ba\u015fkan\u0131 \u00c7elik, stoklarda fazlas\u0131yla k\u00fc\u00e7\u00fckba\u015f hayvan bulundu\u011funu ve kuzu ithalat\u0131 s\u00f6ylemlerinin as\u0131ls\u0131z oldu\u011funu belirterek, &#8220;Cumhurba\u015fkan\u0131m\u0131z ve Tar\u0131m ve Orman Bakan\u0131m\u0131z da \u015fiddetle ithalata kar\u015f\u0131d\u0131r. Ancak kuzulama ve do\u011fum d\u00f6nemleri oldu\u011fu i\u00e7in f\u0131rsat\u00e7\u0131lar\u0131n et fiyatlar\u0131n\u0131 art\u0131rmamas\u0131 gerek\u00e7esiyle ve artan fiyatlar\u0131 bask\u0131lama \u00f6nlemleri kapsam\u0131nda s\u0131n\u0131rl\u0131 ve ge\u00e7ici olarak b\u00fcy\u00fckba\u015f hayvan ithalat\u0131 yap\u0131lmaktad\u0131r. K\u00fc\u00e7\u00fckba\u015f hayvan stoklar\u0131nda ve arz\u0131nda bir s\u0131k\u0131nt\u0131 olmad\u0131\u011f\u0131 i\u00e7in ithalat\u0131 da &hellip;\" \/>\n<meta property=\"og:url\" content=\"https:\/\/denizcankizil.tr\/ru\/haberler\/gundem\/tudkiyeb-kuzu-ithalati-soylemleri-asilsiz\/\" \/>\n<meta property=\"og:site_name\" content=\"Av. Deniz Can K\u0131z\u0131l\" \/>\n<meta property=\"article:published_time\" content=\"2024-12-02T07:42:09+00:00\" \/>\n<meta name=\"twitter:card\" content=\"summary_large_image\" \/>\n<meta name=\"twitter:label1\" content=\"\u041f\u0440\u0438\u043c\u0435\u0440\u043d\u043e\u0435 \u0432\u0440\u0435\u043c\u044f \u0434\u043b\u044f \u0447\u0442\u0435\u043d\u0438\u044f\" \/>\n\t<meta name=\"twitter:data1\" content=\"4 \u043c\u0438\u043d\u0443\u0442\u044b\" \/>\n<script type=\"application\/ld+json\" class=\"yoast-schema-graph\">{\"@context\":\"https:\/\/schema.org\",\"@graph\":[{\"@type\":\"Article\",\"@id\":\"https:\/\/denizcankizil.tr\/ru\/haberler\/gundem\/tudkiyeb-kuzu-ithalati-soylemleri-asilsiz\/#article\",\"isPartOf\":{\"@id\":\"https:\/\/denizcankizil.tr\/ru\/haberler\/gundem\/tudkiyeb-kuzu-ithalati-soylemleri-asilsiz\/\"},\"author\":{\"name\":\"\",\"@id\":\"\"},\"headline\":\"T\u00dcDK\u0130YEB: Kuzu ithalat\u0131 s\u00f6ylemleri as\u0131ls\u0131z\",\"datePublished\":\"2024-12-02T07:42:09+00:00\",\"mainEntityOfPage\":{\"@id\":\"https:\/\/denizcankizil.tr\/ru\/haberler\/gundem\/tudkiyeb-kuzu-ithalati-soylemleri-asilsiz\/\"},\"wordCount\":875,\"commentCount\":0,\"publisher\":{\"@id\":\"https:\/\/denizcankizil.tr\/#organization\"},\"articleSection\":[\"G\u00fcndem\",\"Uncategorized\"],\"inLanguage\":\"ru-RU\",\"potentialAction\":[{\"@type\":\"CommentAction\",\"name\":\"Comment\",\"target\":[\"https:\/\/denizcankizil.tr\/ru\/haberler\/gundem\/tudkiyeb-kuzu-ithalati-soylemleri-asilsiz\/#respond\"]}]},{\"@type\":\"WebPage\",\"@id\":\"https:\/\/denizcankizil.tr\/ru\/haberler\/gundem\/tudkiyeb-kuzu-ithalati-soylemleri-asilsiz\/\",\"url\":\"https:\/\/denizcankizil.tr\/ru\/haberler\/gundem\/tudkiyeb-kuzu-ithalati-soylemleri-asilsiz\/\",\"name\":\"T\u00dcDK\u0130YEB: Kuzu ithalat\u0131 s\u00f6ylemleri as\u0131ls\u0131z - Av. Deniz Can K\u0131z\u0131l\",\"isPartOf\":{\"@id\":\"https:\/\/denizcankizil.tr\/#website\"},\"datePublished\":\"2024-12-02T07:42:09+00:00\",\"breadcrumb\":{\"@id\":\"https:\/\/denizcankizil.tr\/ru\/haberler\/gundem\/tudkiyeb-kuzu-ithalati-soylemleri-asilsiz\/#breadcrumb\"},\"inLanguage\":\"ru-RU\",\"potentialAction\":[{\"@type\":\"ReadAction\",\"target\":[\"https:\/\/denizcankizil.tr\/ru\/haberler\/gundem\/tudkiyeb-kuzu-ithalati-soylemleri-asilsiz\/\"]}]},{\"@type\":\"BreadcrumbList\",\"@id\":\"https:\/\/denizcankizil.tr\/ru\/haberler\/gundem\/tudkiyeb-kuzu-ithalati-soylemleri-asilsiz\/#breadcrumb\",\"itemListElement\":[{\"@type\":\"ListItem\",\"position\":1,\"name\":\"Home\",\"item\":\"https:\/\/denizcankizil.tr\/uk\/\"},{\"@type\":\"ListItem\",\"position\":2,\"name\":\"T\u00dcDK\u0130YEB: Kuzu ithalat\u0131 s\u00f6ylemleri as\u0131ls\u0131z\"}]},{\"@type\":\"WebSite\",\"@id\":\"https:\/\/denizcankizil.tr\/#website\",\"url\":\"https:\/\/denizcankizil.tr\/\",\"name\":\"Av. Deniz Can K\u0131z\u0131l\",\"description\":\"Avukat Deniz Can K\u0131z\u0131l Antalya Barosu\",\"publisher\":{\"@id\":\"https:\/\/denizcankizil.tr\/#organization\"},\"potentialAction\":[{\"@type\":\"SearchAction\",\"target\":{\"@type\":\"EntryPoint\",\"urlTemplate\":\"https:\/\/denizcankizil.tr\/?s={search_term_string}\"},\"query-input\":{\"@type\":\"PropertyValueSpecification\",\"valueRequired\":true,\"valueName\":\"search_term_string\"}}],\"inLanguage\":\"ru-RU\"},{\"@type\":\"Organization\",\"@id\":\"https:\/\/denizcankizil.tr\/#organization\",\"name\":\"Av. Deniz Can K\u0131z\u0131l\",\"url\":\"https:\/\/denizcankizil.tr\/\",\"logo\":{\"@type\":\"ImageObject\",\"inLanguage\":\"ru-RU\",\"@id\":\"https:\/\/denizcankizil.tr\/#\/schema\/logo\/image\/\",\"url\":\"https:\/\/denizcankizil.tr\/wp-content\/uploads\/2024\/10\/siyah-logo-svg.svg\",\"contentUrl\":\"https:\/\/denizcankizil.tr\/wp-content\/uploads\/2024\/10\/siyah-logo-svg.svg\",\"width\":1080,\"height\":1080,\"caption\":\"Av. Deniz Can K\u0131z\u0131l\"},\"image\":{\"@id\":\"https:\/\/denizcankizil.tr\/#\/schema\/logo\/image\/\"}}]}<\/script>\n<!-- \/ Yoast SEO Premium plugin. -->","yoast_head_json":{"title":"T\u00dcDK\u0130YEB: Kuzu ithalat\u0131 s\u00f6ylemleri as\u0131ls\u0131z - Av. Deniz Can K\u0131z\u0131l","robots":{"index":"index","follow":"follow","max-snippet":"max-snippet:-1","max-image-preview":"max-image-preview:large","max-video-preview":"max-video-preview:-1"},"canonical":"https:\/\/denizcankizil.tr\/ru\/haberler\/gundem\/tudkiyeb-kuzu-ithalati-soylemleri-asilsiz\/","og_locale":"ru_RU","og_type":"article","og_title":"T\u00dcDK\u0130YEB: Kuzu ithalat\u0131 s\u00f6ylemleri as\u0131ls\u0131z","og_description":"Ege B\u00f6lgesi k\u00fc\u00e7\u00fckba\u015f hayvanc\u0131l\u0131k sekt\u00f6r\u00fcn\u00fcn sorunlar\u0131 masaya yat\u0131r\u0131ld\u0131\u011f\u0131 toplant\u0131da konu\u015fan T\u00dcDK\u0130YEB Genel Ba\u015fkan Nihat \u00c7elik, et fiyatlar\u0131, hayvan ithalat\u0131 ve ihracat konular\u0131 ile Ege B\u00f6lgesi k\u00fc\u00e7\u00fckba\u015f hayvanc\u0131l\u0131k sekt\u00f6r\u00fcne ili\u015fkin \u00e7e\u015fitli a\u00e7\u0131klamalarda bulundu.AFYONKARAH\u0130SAR (\u0130GFA) &#8211; T\u00fcrkiye Koyun Ke\u00e7i Yeti\u015ftiricileri Merkez Birli\u011fi (T\u00dcDK\u0130YEB) Genel Ba\u015fkan\u0131 Nihat \u00c7elik, Afyonkarahisar\u2019da Ege B\u00f6lgesi Birlik Ba\u015fkanlar\u0131yla bir araya geldi. Birlik Ba\u015fkanlar\u0131n\u0131n yan\u0131 s\u0131ra Afyon Kocatepe \u00dcniversitesi Veteriner Fak\u00fcltesi Zootekni Anabilim Dal\u0131 Ba\u015fkan\u0131 ve Halk Elinde K\u00fc\u00e7\u00fckba\u015f Hayvan Islah\u0131 Projesi lideri Prof. Dr. Mustafa Tekerli de toplant\u0131ya kat\u0131l\u0131m sa\u011flad\u0131. \u00c7i\u00e7eklerle kar\u015f\u0131lanan Genel Ba\u015fkan \u00c7elik, Birlik Ba\u015fkanlar\u0131yla yap\u0131lan ve 2 g\u00fcn s\u00fcren isti\u015fare toplant\u0131s\u0131nda Ege B\u00f6lgesi k\u00fc\u00e7\u00fckba\u015f hayvanc\u0131l\u0131\u011f\u0131nda ya\u015fan\u0131lan sorunlar ve \u00e7\u00f6z\u00fcm \u00f6nerilerinin masaya yat\u0131r\u0131ld\u0131\u011f\u0131n\u0131 belirterek k\u00fc\u00e7\u00fckba\u015f hayvan ithalat\u0131n\u0131n s\u00f6z konusu olmad\u0131\u011f\u0131n\u0131 ve k\u0131rm\u0131z\u0131 et a\u00e7\u0131\u011f\u0131n\u0131n k\u00fc\u00e7\u00fckba\u015f hayvanc\u0131l\u0131k ile kapat\u0131labilece\u011fini dolay\u0131s\u0131yla da \u00fcretimin art\u0131r\u0131lmas\u0131 gerekti\u011fini ifade etti. FAZLASIYLA KUZU STO\u011eUMUZ VAR, KUZU \u0130THALATI S\u00d6YLEMLER\u0130 ASILSIZ\u2026 T\u00dcDK\u0130YEB Genel Ba\u015fkan\u0131 \u00c7elik, stoklarda fazlas\u0131yla k\u00fc\u00e7\u00fckba\u015f hayvan bulundu\u011funu ve kuzu ithalat\u0131 s\u00f6ylemlerinin as\u0131ls\u0131z oldu\u011funu belirterek, &#8220;Cumhurba\u015fkan\u0131m\u0131z ve Tar\u0131m ve Orman Bakan\u0131m\u0131z da \u015fiddetle ithalata kar\u015f\u0131d\u0131r. Ancak kuzulama ve do\u011fum d\u00f6nemleri oldu\u011fu i\u00e7in f\u0131rsat\u00e7\u0131lar\u0131n et fiyatlar\u0131n\u0131 art\u0131rmamas\u0131 gerek\u00e7esiyle ve artan fiyatlar\u0131 bask\u0131lama \u00f6nlemleri kapsam\u0131nda s\u0131n\u0131rl\u0131 ve ge\u00e7ici olarak b\u00fcy\u00fckba\u015f hayvan ithalat\u0131 yap\u0131lmaktad\u0131r. K\u00fc\u00e7\u00fckba\u015f hayvan stoklar\u0131nda ve arz\u0131nda bir s\u0131k\u0131nt\u0131 olmad\u0131\u011f\u0131 i\u00e7in ithalat\u0131 da &hellip;","og_url":"https:\/\/denizcankizil.tr\/ru\/haberler\/gundem\/tudkiyeb-kuzu-ithalati-soylemleri-asilsiz\/","og_site_name":"Av. Deniz Can K\u0131z\u0131l","article_published_time":"2024-12-02T07:42:09+00:00","twitter_card":"summary_large_image","twitter_misc":{"\u041f\u0440\u0438\u043c\u0435\u0440\u043d\u043e\u0435 \u0432\u0440\u0435\u043c\u044f \u0434\u043b\u044f \u0447\u0442\u0435\u043d\u0438\u044f":"4 \u043c\u0438\u043d\u0443\u0442\u044b"},"schema":{"@context":"https:\/\/schema.org","@graph":[{"@type":"Article","@id":"https:\/\/denizcankizil.tr\/ru\/haberler\/gundem\/tudkiyeb-kuzu-ithalati-soylemleri-asilsiz\/#article","isPartOf":{"@id":"https:\/\/denizcankizil.tr\/ru\/haberler\/gundem\/tudkiyeb-kuzu-ithalati-soylemleri-asilsiz\/"},"author":{"name":"","@id":""},"headline":"T\u00dcDK\u0130YEB: Kuzu ithalat\u0131 s\u00f6ylemleri as\u0131ls\u0131z","datePublished":"2024-12-02T07:42:09+00:00","mainEntityOfPage":{"@id":"https:\/\/denizcankizil.tr\/ru\/haberler\/gundem\/tudkiyeb-kuzu-ithalati-soylemleri-asilsiz\/"},"wordCount":875,"commentCount":0,"publisher":{"@id":"https:\/\/denizcankizil.tr\/#organization"},"articleSection":["G\u00fcndem","Uncategorized"],"inLanguage":"ru-RU","potentialAction":[{"@type":"CommentAction","name":"Comment","target":["https:\/\/denizcankizil.tr\/ru\/haberler\/gundem\/tudkiyeb-kuzu-ithalati-soylemleri-asilsiz\/#respond"]}]},{"@type":"WebPage","@id":"https:\/\/denizcankizil.tr\/ru\/haberler\/gundem\/tudkiyeb-kuzu-ithalati-soylemleri-asilsiz\/","url":"https:\/\/denizcankizil.tr\/ru\/haberler\/gundem\/tudkiyeb-kuzu-ithalati-soylemleri-asilsiz\/","name":"T\u00dcDK\u0130YEB: Kuzu ithalat\u0131 s\u00f6ylemleri as\u0131ls\u0131z - Av. Deniz Can K\u0131z\u0131l","isPartOf":{"@id":"https:\/\/denizcankizil.tr\/#website"},"datePublished":"2024-12-02T07:42:09+00:00","breadcrumb":{"@id":"https:\/\/denizcankizil.tr\/ru\/haberler\/gundem\/tudkiyeb-kuzu-ithalati-soylemleri-asilsiz\/#breadcrumb"},"inLanguage":"ru-RU","potentialAction":[{"@type":"ReadAction","target":["https:\/\/denizcankizil.tr\/ru\/haberler\/gundem\/tudkiyeb-kuzu-ithalati-soylemleri-asilsiz\/"]}]},{"@type":"BreadcrumbList","@id":"https:\/\/denizcankizil.tr\/ru\/haberler\/gundem\/tudkiyeb-kuzu-ithalati-soylemleri-asilsiz\/#breadcrumb","itemListElement":[{"@type":"ListItem","position":1,"name":"Home","item":"https:\/\/denizcankizil.tr\/uk\/"},{"@type":"ListItem","position":2,"name":"T\u00dcDK\u0130YEB: Kuzu ithalat\u0131 s\u00f6ylemleri as\u0131ls\u0131z"}]},{"@type":"WebSite","@id":"https:\/\/denizcankizil.tr\/#website","url":"https:\/\/denizcankizil.tr\/","name":"Av. Deniz Can K\u0131z\u0131l","description":"Avukat Deniz Can K\u0131z\u0131l Antalya Barosu","publisher":{"@id":"https:\/\/denizcankizil.tr\/#organization"},"potentialAction":[{"@type":"SearchAction","target":{"@type":"EntryPoint","urlTemplate":"https:\/\/denizcankizil.tr\/?s={search_term_string}"},"query-input":{"@type":"PropertyValueSpecification","valueRequired":true,"valueName":"search_term_string"}}],"inLanguage":"ru-RU"},{"@type":"Organization","@id":"https:\/\/denizcankizil.tr\/#organization","name":"Av. Deniz Can K\u0131z\u0131l","url":"https:\/\/denizcankizil.tr\/","logo":{"@type":"ImageObject","inLanguage":"ru-RU","@id":"https:\/\/denizcankizil.tr\/#\/schema\/logo\/image\/","url":"https:\/\/denizcankizil.tr\/wp-content\/uploads\/2024\/10\/siyah-logo-svg.svg","contentUrl":"https:\/\/denizcankizil.tr\/wp-content\/uploads\/2024\/10\/siyah-logo-svg.svg","width":1080,"height":1080,"caption":"Av. Deniz Can K\u0131z\u0131l"},"image":{"@id":"https:\/\/denizcankizil.tr\/#\/schema\/logo\/image\/"}}]}},"_links":{"self":[{"href":"https:\/\/denizcankizil.tr\/ru\/wp-json\/wp\/v2\/posts\/18703","targetHints":{"allow":["GET"]}}],"collection":[{"href":"https:\/\/denizcankizil.tr\/ru\/wp-json\/wp\/v2\/posts"}],"about":[{"href":"https:\/\/denizcankizil.tr\/ru\/wp-json\/wp\/v2\/types\/post"}],"replies":[{"embeddable":true,"href":"https:\/\/denizcankizil.tr\/ru\/wp-json\/wp\/v2\/comments?post=18703"}],"version-history":[{"count":0,"href":"https:\/\/denizcankizil.tr\/ru\/wp-json\/wp\/v2\/posts\/18703\/revisions"}],"wp:attachment":[{"href":"https:\/\/denizcankizil.tr\/ru\/wp-json\/wp\/v2\/media?parent=18703"}],"wp:term":[{"taxonomy":"category","embeddable":true,"href":"https:\/\/denizcankizil.tr\/ru\/wp-json\/wp\/v2\/categories?post=18703"},{"taxonomy":"post_tag","embeddable":true,"href":"https:\/\/denizcankizil.tr\/ru\/wp-json\/wp\/v2\/tags?post=18703"}],"curies":[{"name":"wp","href":"https:\/\/api.w.org\/{rel}","templated":true}]}}