{"id":18470,"date":"2024-11-30T16:41:43","date_gmt":"2024-11-30T13:41:43","guid":{"rendered":"https:\/\/denizcankizil.tr\/uncategorized-tr\/izmirde-en-buyuk-pay-ulasim-projelerine\/"},"modified":"2024-11-30T16:41:43","modified_gmt":"2024-11-30T13:41:43","slug":"izmirde-en-buyuk-pay-ulasim-projelerine","status":"publish","type":"post","link":"https:\/\/denizcankizil.tr\/ru\/haberler\/gundem\/izmirde-en-buyuk-pay-ulasim-projelerine\/","title":{"rendered":"\u0130zmir&#8217;de en b\u00fcy\u00fck pay ula\u015f\u0131m projelerine"},"content":{"rendered":"<p>\u0130zmir B\u00fcy\u00fck\u015fehir Belediyesi\u2019nin 91 milyar TL\u2019lik 2025 y\u0131l\u0131 b\u00fct\u00e7esinin 3\u2019te 1\u2019i yat\u0131r\u0131mlara ayr\u0131ld\u0131.\u0130ZM\u0130R (\u0130GFA) &#8211; B\u00fct\u00e7ede en b\u00fcy\u00fck pay\u0131 rayl\u0131 sistem yat\u0131r\u0131mlar\u0131 al\u0131rken, \u0130zmir B\u00fcy\u00fck\u015fehir Belediye Ba\u015fkan\u0131 Dr. Cemil Tugay\u2019\u0131n \u0130zmirlilere s\u00f6z\u00fcn\u00fc verdi\u011fi yollar\u0131n tamiri ve ula\u015f\u0131m projeleri, Kar\u015f\u0131yaka Stad\u0131, spor kompleksleri, itfaiye kapasitesinin art\u0131\u015f\u0131, sosyal yard\u0131mlar\u0131n g\u00fc\u00e7lendirilmesi, at\u0131k y\u00f6netimi gibi hizmetlere b\u00fct\u00e7ede yer verildi.<br \/>\n\u0130zmir B\u00fcy\u00fck\u015fehir Belediyesi\u2019nin 2025 Mali Y\u0131l\u0131 B\u00fct\u00e7esi ve \u0130zleyen Y\u0131llar B\u00fct\u00e7esi, kas\u0131m ay\u0131 ola\u011fan meclis toplant\u0131s\u0131n\u0131n 6\u2019nc\u0131 birle\u015fiminde kabul edildi. \u0130zmir B\u00fcy\u00fck\u015fehir Belediyesi\u2019nin 2025 y\u0131l\u0131 b\u00fct\u00e7esi 91 milyar 300 milyon TL olarak kabul edildi. 2025 y\u0131l\u0131 b\u00fct\u00e7esinin 3\u2019te 1\u2019inden (y\u00fczde 34,38) fazlas\u0131na denk gelen 31 milyar 392 milyon TL\u2019lik k\u0131s\u0131m yat\u0131r\u0131mlara ayr\u0131ld\u0131.\u00a0<br \/>\n\u0130zmir B\u00fcy\u00fck\u015fehir Belediyesi\u2019nin 2025 y\u0131l\u0131 b\u00fct\u00e7esinde en b\u00fcy\u00fck pay, rayl\u0131 sistem yat\u0131r\u0131mlar\u0131na ayr\u0131ld\u0131. Rayl\u0131 Sistem Dairesi Ba\u015fkanl\u0131\u011f\u0131 b\u00fct\u00e7enin y\u00fczde 13,5\u2019lik k\u0131sm\u0131na denk gelen 12 milyar 350 milyon TL\u2019lik paya sahip oldu. Bu pay\u0131n 10 milyar 400 milyon TL\u2019lik k\u0131sm\u0131n\u0131n, yap\u0131m\u0131 devam eden Buca Metrosu i\u00e7in kullan\u0131lmas\u0131 planlan\u0131yor. Mevcut \u00e7al\u0131\u015fmalarda y\u00fczde 35 ilerlemenin sa\u011fland\u0131\u011f\u0131 Buca Metrosu\u2019nda, 2025 y\u0131l\u0131 sonuna kadar t\u00fcnel \u00e7al\u0131\u015fmalar\u0131n\u0131n tamamlanmas\u0131 hedefleniyor. Rayl\u0131 Sistem Dairesi, b\u00fct\u00e7enin kalan k\u0131sm\u0131yla ise \u0130ZBAN hatt\u0131 \u00fczeri karayolu ve yaya alt\/\u00fcst ge\u00e7itlerinin yap\u0131lmas\u0131, \u0130ZBAN\u2019\u0131n geli\u015ftirilmesi ve ilave hatlar\u0131n yap\u0131lmas\u0131, \u0130zmir Metro ve \u0130zmir Tramvay hatlar\u0131n\u0131n modernizasyonu ve yenilemesi, yeni tramvay hatlar\u0131n\u0131n yap\u0131m\u0131, rayl\u0131 sistem ara\u00e7 depolama tesisinin yap\u0131m\u0131 gibi pek \u00e7ok faaliyet y\u00fcr\u00fctecek.<\/p>\n<p>\u200b\u0130zmir B\u00fcy\u00fck\u015fehir Belediyesi\u2019nin 91 milyar TL\u2019lik 2025 y\u0131l\u0131 b\u00fct\u00e7esinin 3\u2019te 1\u2019i yat\u0131r\u0131mlara ayr\u0131ld\u0131\u00a0<\/p>\n<p>\u200bHaberin Al\u0131nt\u0131land\u0131\u011f\u0131 Kaynak: www.iskenderun.org<\/p>","protected":false},"excerpt":{"rendered":"<p>\u0130zmir B\u00fcy\u00fck\u015fehir Belediyesi\u2019nin 91 milyar TL\u2019lik 2025 y\u0131l\u0131 b\u00fct\u00e7esinin 3\u2019te 1\u2019i yat\u0131r\u0131mlara ayr\u0131ld\u0131.\u0130ZM\u0130R (\u0130GFA) &#8211; B\u00fct\u00e7ede en b\u00fcy\u00fck pay\u0131 rayl\u0131 sistem yat\u0131r\u0131mlar\u0131 al\u0131rken, \u0130zmir B\u00fcy\u00fck\u015fehir Belediye Ba\u015fkan\u0131 Dr. Cemil Tugay\u2019\u0131n \u0130zmirlilere s\u00f6z\u00fcn\u00fc verdi\u011fi yollar\u0131n tamiri ve ula\u015f\u0131m projeleri, Kar\u015f\u0131yaka Stad\u0131, spor kompleksleri, itfaiye kapasitesinin art\u0131\u015f\u0131, sosyal yard\u0131mlar\u0131n g\u00fc\u00e7lendirilmesi, at\u0131k y\u00f6netimi gibi hizmetlere b\u00fct\u00e7ede yer verildi. \u0130zmir B\u00fcy\u00fck\u015fehir Belediyesi\u2019nin 2025 Mali Y\u0131l\u0131 B\u00fct\u00e7esi ve \u0130zleyen Y\u0131llar B\u00fct\u00e7esi, kas\u0131m ay\u0131 ola\u011fan meclis toplant\u0131s\u0131n\u0131n 6\u2019nc\u0131 birle\u015fiminde kabul edildi. \u0130zmir B\u00fcy\u00fck\u015fehir Belediyesi\u2019nin 2025 y\u0131l\u0131 b\u00fct\u00e7esi 91 milyar 300 milyon TL olarak kabul edildi. 2025 y\u0131l\u0131 b\u00fct\u00e7esinin 3\u2019te 1\u2019inden (y\u00fczde 34,38) fazlas\u0131na denk gelen 31 milyar 392 milyon TL\u2019lik k\u0131s\u0131m yat\u0131r\u0131mlara ayr\u0131ld\u0131.\u00a0 \u0130zmir B\u00fcy\u00fck\u015fehir Belediyesi\u2019nin 2025 y\u0131l\u0131 b\u00fct\u00e7esinde en b\u00fcy\u00fck pay, rayl\u0131 sistem yat\u0131r\u0131mlar\u0131na ayr\u0131ld\u0131. Rayl\u0131 Sistem Dairesi Ba\u015fkanl\u0131\u011f\u0131 b\u00fct\u00e7enin y\u00fczde 13,5\u2019lik k\u0131sm\u0131na denk gelen 12 milyar 350 milyon TL\u2019lik paya sahip oldu. Bu pay\u0131n 10 milyar 400 milyon TL\u2019lik k\u0131sm\u0131n\u0131n, yap\u0131m\u0131 devam eden Buca Metrosu i\u00e7in kullan\u0131lmas\u0131 planlan\u0131yor. Mevcut \u00e7al\u0131\u015fmalarda y\u00fczde 35 ilerlemenin sa\u011fland\u0131\u011f\u0131 Buca Metrosu\u2019nda, 2025 y\u0131l\u0131 sonuna kadar t\u00fcnel \u00e7al\u0131\u015fmalar\u0131n\u0131n tamamlanmas\u0131 hedefleniyor. Rayl\u0131 Sistem Dairesi, b\u00fct\u00e7enin kalan k\u0131sm\u0131yla ise \u0130ZBAN hatt\u0131 \u00fczeri karayolu ve yaya alt\/\u00fcst ge\u00e7itlerinin yap\u0131lmas\u0131, \u0130ZBAN\u2019\u0131n geli\u015ftirilmesi ve ilave hatlar\u0131n yap\u0131lmas\u0131, \u0130zmir Metro ve \u0130zmir Tramvay hatlar\u0131n\u0131n modernizasyonu ve &hellip;<\/p>","protected":false},"author":0,"featured_media":0,"comment_status":"open","ping_status":"open","sticky":false,"template":"","format":"standard","meta":{"_acf_changed":false,"footnotes":""},"categories":[24,535],"tags":[],"class_list":["post-18470","post","type-post","status-publish","format-standard","has-post-thumbnail","hentry","category-gundem","category-uncategorized-tr"],"acf":[],"yoast_head":"<!-- This site is optimized with the Yoast SEO Premium plugin v26.6 (Yoast SEO v27.1.1) - https:\/\/yoast.com\/product\/yoast-seo-premium-wordpress\/ -->\n<title>\u0130zmir&#039;de en b\u00fcy\u00fck pay ula\u015f\u0131m projelerine - Av. Deniz Can K\u0131z\u0131l<\/title>\n<meta name=\"robots\" content=\"index, follow, max-snippet:-1, max-image-preview:large, max-video-preview:-1\" \/>\n<link rel=\"canonical\" href=\"https:\/\/denizcankizil.tr\/ru\/haberler\/gundem\/izmirde-en-buyuk-pay-ulasim-projelerine\/\" \/>\n<meta property=\"og:locale\" content=\"ru_RU\" \/>\n<meta property=\"og:type\" content=\"article\" \/>\n<meta property=\"og:title\" content=\"\u0130zmir&#039;de en b\u00fcy\u00fck pay ula\u015f\u0131m projelerine\" \/>\n<meta property=\"og:description\" content=\"\u0130zmir B\u00fcy\u00fck\u015fehir Belediyesi\u2019nin 91 milyar TL\u2019lik 2025 y\u0131l\u0131 b\u00fct\u00e7esinin 3\u2019te 1\u2019i yat\u0131r\u0131mlara ayr\u0131ld\u0131.\u0130ZM\u0130R (\u0130GFA) &#8211; B\u00fct\u00e7ede en b\u00fcy\u00fck pay\u0131 rayl\u0131 sistem yat\u0131r\u0131mlar\u0131 al\u0131rken, \u0130zmir B\u00fcy\u00fck\u015fehir Belediye Ba\u015fkan\u0131 Dr. Cemil Tugay\u2019\u0131n \u0130zmirlilere s\u00f6z\u00fcn\u00fc verdi\u011fi yollar\u0131n tamiri ve ula\u015f\u0131m projeleri, Kar\u015f\u0131yaka Stad\u0131, spor kompleksleri, itfaiye kapasitesinin art\u0131\u015f\u0131, sosyal yard\u0131mlar\u0131n g\u00fc\u00e7lendirilmesi, at\u0131k y\u00f6netimi gibi hizmetlere b\u00fct\u00e7ede yer verildi. \u0130zmir B\u00fcy\u00fck\u015fehir Belediyesi\u2019nin 2025 Mali Y\u0131l\u0131 B\u00fct\u00e7esi ve \u0130zleyen Y\u0131llar B\u00fct\u00e7esi, kas\u0131m ay\u0131 ola\u011fan meclis toplant\u0131s\u0131n\u0131n 6\u2019nc\u0131 birle\u015fiminde kabul edildi. \u0130zmir B\u00fcy\u00fck\u015fehir Belediyesi\u2019nin 2025 y\u0131l\u0131 b\u00fct\u00e7esi 91 milyar 300 milyon TL olarak kabul edildi. 2025 y\u0131l\u0131 b\u00fct\u00e7esinin 3\u2019te 1\u2019inden (y\u00fczde 34,38) fazlas\u0131na denk gelen 31 milyar 392 milyon TL\u2019lik k\u0131s\u0131m yat\u0131r\u0131mlara ayr\u0131ld\u0131.\u00a0 \u0130zmir B\u00fcy\u00fck\u015fehir Belediyesi\u2019nin 2025 y\u0131l\u0131 b\u00fct\u00e7esinde en b\u00fcy\u00fck pay, rayl\u0131 sistem yat\u0131r\u0131mlar\u0131na ayr\u0131ld\u0131. Rayl\u0131 Sistem Dairesi Ba\u015fkanl\u0131\u011f\u0131 b\u00fct\u00e7enin y\u00fczde 13,5\u2019lik k\u0131sm\u0131na denk gelen 12 milyar 350 milyon TL\u2019lik paya sahip oldu. Bu pay\u0131n 10 milyar 400 milyon TL\u2019lik k\u0131sm\u0131n\u0131n, yap\u0131m\u0131 devam eden Buca Metrosu i\u00e7in kullan\u0131lmas\u0131 planlan\u0131yor. Mevcut \u00e7al\u0131\u015fmalarda y\u00fczde 35 ilerlemenin sa\u011fland\u0131\u011f\u0131 Buca Metrosu\u2019nda, 2025 y\u0131l\u0131 sonuna kadar t\u00fcnel \u00e7al\u0131\u015fmalar\u0131n\u0131n tamamlanmas\u0131 hedefleniyor. Rayl\u0131 Sistem Dairesi, b\u00fct\u00e7enin kalan k\u0131sm\u0131yla ise \u0130ZBAN hatt\u0131 \u00fczeri karayolu ve yaya alt\/\u00fcst ge\u00e7itlerinin yap\u0131lmas\u0131, \u0130ZBAN\u2019\u0131n geli\u015ftirilmesi ve ilave hatlar\u0131n yap\u0131lmas\u0131, \u0130zmir Metro ve \u0130zmir Tramvay hatlar\u0131n\u0131n modernizasyonu ve &hellip;\" \/>\n<meta property=\"og:url\" content=\"https:\/\/denizcankizil.tr\/ru\/haberler\/gundem\/izmirde-en-buyuk-pay-ulasim-projelerine\/\" \/>\n<meta property=\"og:site_name\" content=\"Av. Deniz Can K\u0131z\u0131l\" \/>\n<meta property=\"article:published_time\" content=\"2024-11-30T13:41:43+00:00\" \/>\n<meta name=\"twitter:card\" content=\"summary_large_image\" \/>\n<meta name=\"twitter:label1\" content=\"\u041f\u0440\u0438\u043c\u0435\u0440\u043d\u043e\u0435 \u0432\u0440\u0435\u043c\u044f \u0434\u043b\u044f \u0447\u0442\u0435\u043d\u0438\u044f\" \/>\n\t<meta name=\"twitter:data1\" content=\"2 \u043c\u0438\u043d\u0443\u0442\u044b\" \/>\n<script type=\"application\/ld+json\" class=\"yoast-schema-graph\">{\"@context\":\"https:\/\/schema.org\",\"@graph\":[{\"@type\":\"Article\",\"@id\":\"https:\/\/denizcankizil.tr\/ru\/haberler\/gundem\/izmirde-en-buyuk-pay-ulasim-projelerine\/#article\",\"isPartOf\":{\"@id\":\"https:\/\/denizcankizil.tr\/ru\/haberler\/gundem\/izmirde-en-buyuk-pay-ulasim-projelerine\/\"},\"author\":{\"name\":\"\",\"@id\":\"\"},\"headline\":\"\u0130zmir&#8217;de en b\u00fcy\u00fck pay ula\u015f\u0131m projelerine\",\"datePublished\":\"2024-11-30T13:41:43+00:00\",\"mainEntityOfPage\":{\"@id\":\"https:\/\/denizcankizil.tr\/ru\/haberler\/gundem\/izmirde-en-buyuk-pay-ulasim-projelerine\/\"},\"wordCount\":368,\"commentCount\":0,\"publisher\":{\"@id\":\"https:\/\/denizcankizil.tr\/#organization\"},\"articleSection\":[\"G\u00fcndem\",\"Uncategorized\"],\"inLanguage\":\"ru-RU\",\"potentialAction\":[{\"@type\":\"CommentAction\",\"name\":\"Comment\",\"target\":[\"https:\/\/denizcankizil.tr\/ru\/haberler\/gundem\/izmirde-en-buyuk-pay-ulasim-projelerine\/#respond\"]}]},{\"@type\":\"WebPage\",\"@id\":\"https:\/\/denizcankizil.tr\/ru\/haberler\/gundem\/izmirde-en-buyuk-pay-ulasim-projelerine\/\",\"url\":\"https:\/\/denizcankizil.tr\/ru\/haberler\/gundem\/izmirde-en-buyuk-pay-ulasim-projelerine\/\",\"name\":\"\u0130zmir'de en b\u00fcy\u00fck pay ula\u015f\u0131m projelerine - Av. Deniz Can K\u0131z\u0131l\",\"isPartOf\":{\"@id\":\"https:\/\/denizcankizil.tr\/#website\"},\"datePublished\":\"2024-11-30T13:41:43+00:00\",\"breadcrumb\":{\"@id\":\"https:\/\/denizcankizil.tr\/ru\/haberler\/gundem\/izmirde-en-buyuk-pay-ulasim-projelerine\/#breadcrumb\"},\"inLanguage\":\"ru-RU\",\"potentialAction\":[{\"@type\":\"ReadAction\",\"target\":[\"https:\/\/denizcankizil.tr\/ru\/haberler\/gundem\/izmirde-en-buyuk-pay-ulasim-projelerine\/\"]}]},{\"@type\":\"BreadcrumbList\",\"@id\":\"https:\/\/denizcankizil.tr\/ru\/haberler\/gundem\/izmirde-en-buyuk-pay-ulasim-projelerine\/#breadcrumb\",\"itemListElement\":[{\"@type\":\"ListItem\",\"position\":1,\"name\":\"Home\",\"item\":\"https:\/\/denizcankizil.tr\/de\/\"},{\"@type\":\"ListItem\",\"position\":2,\"name\":\"\u0130zmir&#8217;de en b\u00fcy\u00fck pay ula\u015f\u0131m projelerine\"}]},{\"@type\":\"WebSite\",\"@id\":\"https:\/\/denizcankizil.tr\/#website\",\"url\":\"https:\/\/denizcankizil.tr\/\",\"name\":\"Av. Deniz Can K\u0131z\u0131l\",\"description\":\"Avukat Deniz Can K\u0131z\u0131l Antalya Barosu\",\"publisher\":{\"@id\":\"https:\/\/denizcankizil.tr\/#organization\"},\"potentialAction\":[{\"@type\":\"SearchAction\",\"target\":{\"@type\":\"EntryPoint\",\"urlTemplate\":\"https:\/\/denizcankizil.tr\/?s={search_term_string}\"},\"query-input\":{\"@type\":\"PropertyValueSpecification\",\"valueRequired\":true,\"valueName\":\"search_term_string\"}}],\"inLanguage\":\"ru-RU\"},{\"@type\":\"Organization\",\"@id\":\"https:\/\/denizcankizil.tr\/#organization\",\"name\":\"Av. Deniz Can K\u0131z\u0131l\",\"url\":\"https:\/\/denizcankizil.tr\/\",\"logo\":{\"@type\":\"ImageObject\",\"inLanguage\":\"ru-RU\",\"@id\":\"https:\/\/denizcankizil.tr\/#\/schema\/logo\/image\/\",\"url\":\"https:\/\/denizcankizil.tr\/wp-content\/uploads\/2024\/10\/siyah-logo-svg.svg\",\"contentUrl\":\"https:\/\/denizcankizil.tr\/wp-content\/uploads\/2024\/10\/siyah-logo-svg.svg\",\"width\":1080,\"height\":1080,\"caption\":\"Av. Deniz Can K\u0131z\u0131l\"},\"image\":{\"@id\":\"https:\/\/denizcankizil.tr\/#\/schema\/logo\/image\/\"}}]}<\/script>\n<!-- \/ Yoast SEO Premium plugin. -->","yoast_head_json":{"title":"\u0130zmir'de en b\u00fcy\u00fck pay ula\u015f\u0131m projelerine - Av. Deniz Can K\u0131z\u0131l","robots":{"index":"index","follow":"follow","max-snippet":"max-snippet:-1","max-image-preview":"max-image-preview:large","max-video-preview":"max-video-preview:-1"},"canonical":"https:\/\/denizcankizil.tr\/ru\/haberler\/gundem\/izmirde-en-buyuk-pay-ulasim-projelerine\/","og_locale":"ru_RU","og_type":"article","og_title":"\u0130zmir'de en b\u00fcy\u00fck pay ula\u015f\u0131m projelerine","og_description":"\u0130zmir B\u00fcy\u00fck\u015fehir Belediyesi\u2019nin 91 milyar TL\u2019lik 2025 y\u0131l\u0131 b\u00fct\u00e7esinin 3\u2019te 1\u2019i yat\u0131r\u0131mlara ayr\u0131ld\u0131.\u0130ZM\u0130R (\u0130GFA) &#8211; B\u00fct\u00e7ede en b\u00fcy\u00fck pay\u0131 rayl\u0131 sistem yat\u0131r\u0131mlar\u0131 al\u0131rken, \u0130zmir B\u00fcy\u00fck\u015fehir Belediye Ba\u015fkan\u0131 Dr. Cemil Tugay\u2019\u0131n \u0130zmirlilere s\u00f6z\u00fcn\u00fc verdi\u011fi yollar\u0131n tamiri ve ula\u015f\u0131m projeleri, Kar\u015f\u0131yaka Stad\u0131, spor kompleksleri, itfaiye kapasitesinin art\u0131\u015f\u0131, sosyal yard\u0131mlar\u0131n g\u00fc\u00e7lendirilmesi, at\u0131k y\u00f6netimi gibi hizmetlere b\u00fct\u00e7ede yer verildi. \u0130zmir B\u00fcy\u00fck\u015fehir Belediyesi\u2019nin 2025 Mali Y\u0131l\u0131 B\u00fct\u00e7esi ve \u0130zleyen Y\u0131llar B\u00fct\u00e7esi, kas\u0131m ay\u0131 ola\u011fan meclis toplant\u0131s\u0131n\u0131n 6\u2019nc\u0131 birle\u015fiminde kabul edildi. \u0130zmir B\u00fcy\u00fck\u015fehir Belediyesi\u2019nin 2025 y\u0131l\u0131 b\u00fct\u00e7esi 91 milyar 300 milyon TL olarak kabul edildi. 2025 y\u0131l\u0131 b\u00fct\u00e7esinin 3\u2019te 1\u2019inden (y\u00fczde 34,38) fazlas\u0131na denk gelen 31 milyar 392 milyon TL\u2019lik k\u0131s\u0131m yat\u0131r\u0131mlara ayr\u0131ld\u0131.\u00a0 \u0130zmir B\u00fcy\u00fck\u015fehir Belediyesi\u2019nin 2025 y\u0131l\u0131 b\u00fct\u00e7esinde en b\u00fcy\u00fck pay, rayl\u0131 sistem yat\u0131r\u0131mlar\u0131na ayr\u0131ld\u0131. Rayl\u0131 Sistem Dairesi Ba\u015fkanl\u0131\u011f\u0131 b\u00fct\u00e7enin y\u00fczde 13,5\u2019lik k\u0131sm\u0131na denk gelen 12 milyar 350 milyon TL\u2019lik paya sahip oldu. Bu pay\u0131n 10 milyar 400 milyon TL\u2019lik k\u0131sm\u0131n\u0131n, yap\u0131m\u0131 devam eden Buca Metrosu i\u00e7in kullan\u0131lmas\u0131 planlan\u0131yor. Mevcut \u00e7al\u0131\u015fmalarda y\u00fczde 35 ilerlemenin sa\u011fland\u0131\u011f\u0131 Buca Metrosu\u2019nda, 2025 y\u0131l\u0131 sonuna kadar t\u00fcnel \u00e7al\u0131\u015fmalar\u0131n\u0131n tamamlanmas\u0131 hedefleniyor. Rayl\u0131 Sistem Dairesi, b\u00fct\u00e7enin kalan k\u0131sm\u0131yla ise \u0130ZBAN hatt\u0131 \u00fczeri karayolu ve yaya alt\/\u00fcst ge\u00e7itlerinin yap\u0131lmas\u0131, \u0130ZBAN\u2019\u0131n geli\u015ftirilmesi ve ilave hatlar\u0131n yap\u0131lmas\u0131, \u0130zmir Metro ve \u0130zmir Tramvay hatlar\u0131n\u0131n modernizasyonu ve &hellip;","og_url":"https:\/\/denizcankizil.tr\/ru\/haberler\/gundem\/izmirde-en-buyuk-pay-ulasim-projelerine\/","og_site_name":"Av. Deniz Can K\u0131z\u0131l","article_published_time":"2024-11-30T13:41:43+00:00","twitter_card":"summary_large_image","twitter_misc":{"\u041f\u0440\u0438\u043c\u0435\u0440\u043d\u043e\u0435 \u0432\u0440\u0435\u043c\u044f \u0434\u043b\u044f \u0447\u0442\u0435\u043d\u0438\u044f":"2 \u043c\u0438\u043d\u0443\u0442\u044b"},"schema":{"@context":"https:\/\/schema.org","@graph":[{"@type":"Article","@id":"https:\/\/denizcankizil.tr\/ru\/haberler\/gundem\/izmirde-en-buyuk-pay-ulasim-projelerine\/#article","isPartOf":{"@id":"https:\/\/denizcankizil.tr\/ru\/haberler\/gundem\/izmirde-en-buyuk-pay-ulasim-projelerine\/"},"author":{"name":"","@id":""},"headline":"\u0130zmir&#8217;de en b\u00fcy\u00fck pay ula\u015f\u0131m projelerine","datePublished":"2024-11-30T13:41:43+00:00","mainEntityOfPage":{"@id":"https:\/\/denizcankizil.tr\/ru\/haberler\/gundem\/izmirde-en-buyuk-pay-ulasim-projelerine\/"},"wordCount":368,"commentCount":0,"publisher":{"@id":"https:\/\/denizcankizil.tr\/#organization"},"articleSection":["G\u00fcndem","Uncategorized"],"inLanguage":"ru-RU","potentialAction":[{"@type":"CommentAction","name":"Comment","target":["https:\/\/denizcankizil.tr\/ru\/haberler\/gundem\/izmirde-en-buyuk-pay-ulasim-projelerine\/#respond"]}]},{"@type":"WebPage","@id":"https:\/\/denizcankizil.tr\/ru\/haberler\/gundem\/izmirde-en-buyuk-pay-ulasim-projelerine\/","url":"https:\/\/denizcankizil.tr\/ru\/haberler\/gundem\/izmirde-en-buyuk-pay-ulasim-projelerine\/","name":"\u0130zmir'de en b\u00fcy\u00fck pay ula\u015f\u0131m projelerine - Av. Deniz Can K\u0131z\u0131l","isPartOf":{"@id":"https:\/\/denizcankizil.tr\/#website"},"datePublished":"2024-11-30T13:41:43+00:00","breadcrumb":{"@id":"https:\/\/denizcankizil.tr\/ru\/haberler\/gundem\/izmirde-en-buyuk-pay-ulasim-projelerine\/#breadcrumb"},"inLanguage":"ru-RU","potentialAction":[{"@type":"ReadAction","target":["https:\/\/denizcankizil.tr\/ru\/haberler\/gundem\/izmirde-en-buyuk-pay-ulasim-projelerine\/"]}]},{"@type":"BreadcrumbList","@id":"https:\/\/denizcankizil.tr\/ru\/haberler\/gundem\/izmirde-en-buyuk-pay-ulasim-projelerine\/#breadcrumb","itemListElement":[{"@type":"ListItem","position":1,"name":"Home","item":"https:\/\/denizcankizil.tr\/de\/"},{"@type":"ListItem","position":2,"name":"\u0130zmir&#8217;de en b\u00fcy\u00fck pay ula\u015f\u0131m projelerine"}]},{"@type":"WebSite","@id":"https:\/\/denizcankizil.tr\/#website","url":"https:\/\/denizcankizil.tr\/","name":"Av. Deniz Can K\u0131z\u0131l","description":"Avukat Deniz Can K\u0131z\u0131l Antalya Barosu","publisher":{"@id":"https:\/\/denizcankizil.tr\/#organization"},"potentialAction":[{"@type":"SearchAction","target":{"@type":"EntryPoint","urlTemplate":"https:\/\/denizcankizil.tr\/?s={search_term_string}"},"query-input":{"@type":"PropertyValueSpecification","valueRequired":true,"valueName":"search_term_string"}}],"inLanguage":"ru-RU"},{"@type":"Organization","@id":"https:\/\/denizcankizil.tr\/#organization","name":"Av. Deniz Can K\u0131z\u0131l","url":"https:\/\/denizcankizil.tr\/","logo":{"@type":"ImageObject","inLanguage":"ru-RU","@id":"https:\/\/denizcankizil.tr\/#\/schema\/logo\/image\/","url":"https:\/\/denizcankizil.tr\/wp-content\/uploads\/2024\/10\/siyah-logo-svg.svg","contentUrl":"https:\/\/denizcankizil.tr\/wp-content\/uploads\/2024\/10\/siyah-logo-svg.svg","width":1080,"height":1080,"caption":"Av. Deniz Can K\u0131z\u0131l"},"image":{"@id":"https:\/\/denizcankizil.tr\/#\/schema\/logo\/image\/"}}]}},"_links":{"self":[{"href":"https:\/\/denizcankizil.tr\/ru\/wp-json\/wp\/v2\/posts\/18470","targetHints":{"allow":["GET"]}}],"collection":[{"href":"https:\/\/denizcankizil.tr\/ru\/wp-json\/wp\/v2\/posts"}],"about":[{"href":"https:\/\/denizcankizil.tr\/ru\/wp-json\/wp\/v2\/types\/post"}],"replies":[{"embeddable":true,"href":"https:\/\/denizcankizil.tr\/ru\/wp-json\/wp\/v2\/comments?post=18470"}],"version-history":[{"count":0,"href":"https:\/\/denizcankizil.tr\/ru\/wp-json\/wp\/v2\/posts\/18470\/revisions"}],"wp:attachment":[{"href":"https:\/\/denizcankizil.tr\/ru\/wp-json\/wp\/v2\/media?parent=18470"}],"wp:term":[{"taxonomy":"category","embeddable":true,"href":"https:\/\/denizcankizil.tr\/ru\/wp-json\/wp\/v2\/categories?post=18470"},{"taxonomy":"post_tag","embeddable":true,"href":"https:\/\/denizcankizil.tr\/ru\/wp-json\/wp\/v2\/tags?post=18470"}],"curies":[{"name":"wp","href":"https:\/\/api.w.org\/{rel}","templated":true}]}}