{"id":18238,"date":"2024-11-29T09:30:00","date_gmt":"2024-11-29T06:30:00","guid":{"rendered":"https:\/\/denizcankizil.tr\/uncategorized-tr\/istanbul-barosu-yonetimi-24-calisma-gununde-24-ruhsat-torenini-gerceklestirdi\/"},"modified":"2024-11-29T09:30:00","modified_gmt":"2024-11-29T06:30:00","slug":"istanbul-barosu-yonetimi-24-calisma-gununde-24-ruhsat-torenini-gerceklestirdi","status":"publish","type":"post","link":"https:\/\/denizcankizil.tr\/ru\/hukukihaber\/istanbul-barosu-yonetimi-24-calisma-gununde-24-ruhsat-torenini-gerceklestirdi\/","title":{"rendered":"\u0130stanbul Barosu Y\u00f6netimi, 24. \u00e7al\u0131\u015fma g\u00fcn\u00fcnde 24. ruhsat t\u00f6renini ger\u00e7ekle\u015ftirdi"},"content":{"rendered":"<p>Barodan yap\u0131lan a\u00e7\u0131klamada &#8220;\u0130stanbul Barosu Y\u00f6netimi olarak 24. \u00e7al\u0131\u015fma g\u00fcn\u00fcnde 24. ruhsat t\u00f6renimizi ger\u00e7ekle\u015ftirdik. Y\u00f6netimimiz s\u0131ras\u0131nda ruhsat\u0131n\u0131 alan 1000. gen\u00e7 meslekta\u015f\u0131m\u0131z\u0131n nezdinde t\u00fcm gen\u00e7 meslekta\u015flar\u0131m\u0131z\u0131 bir kez daha kutluyor, ba\u015far\u0131lar diliyoruz. \u0130stanbul Barosu\u2019nun nicel g\u00fcc\u00fcn\u00fc niteli\u011fe d\u00f6n\u00fc\u015ft\u00fcrmek i\u00e7in b\u00fct\u00fcn meslekta\u015flar\u0131m\u0131z\u0131 bir kez daha merkez ve komisyonlarda g\u00f6rev almaya davet ediyoruz.&#8221; denildi.<\/p>\n<p>\u200b\u0130stanbul Barosu&#8217;nda staj d\u00f6nemlerini ba\u015far\u0131yla tamamlayan gen\u00e7 avukatlar ruhsatnamesini ald\u0131.\u00a0Hukuki Haber<\/p>","protected":false},"excerpt":{"rendered":"<p>Barodan yap\u0131lan a\u00e7\u0131klamada &#8220;\u0130stanbul Barosu Y\u00f6netimi olarak 24. \u00e7al\u0131\u015fma g\u00fcn\u00fcnde 24. ruhsat t\u00f6renimizi ger\u00e7ekle\u015ftirdik. Y\u00f6netimimiz s\u0131ras\u0131nda ruhsat\u0131n\u0131 alan 1000. gen\u00e7 meslekta\u015f\u0131m\u0131z\u0131n nezdinde t\u00fcm gen\u00e7 meslekta\u015flar\u0131m\u0131z\u0131 bir kez daha kutluyor, ba\u015far\u0131lar diliyoruz. \u0130stanbul Barosu\u2019nun nicel g\u00fcc\u00fcn\u00fc niteli\u011fe d\u00f6n\u00fc\u015ft\u00fcrmek i\u00e7in b\u00fct\u00fcn meslekta\u015flar\u0131m\u0131z\u0131 bir kez daha merkez ve komisyonlarda g\u00f6rev almaya davet ediyoruz.&#8221; denildi. \u200b\u0130stanbul Barosu&#8217;nda staj d\u00f6nemlerini ba\u015far\u0131yla tamamlayan gen\u00e7 avukatlar ruhsatnamesini ald\u0131.\u00a0Hukuki Haber<\/p>","protected":false},"author":0,"featured_media":0,"comment_status":"open","ping_status":"open","sticky":false,"template":"","format":"standard","meta":{"_acf_changed":false,"footnotes":""},"categories":[27,535],"tags":[],"class_list":["post-18238","post","type-post","status-publish","format-standard","has-post-thumbnail","hentry","category-hukukihaber","category-uncategorized-tr"],"acf":[],"yoast_head":"<!-- This site is optimized with the Yoast SEO Premium plugin v26.6 (Yoast SEO v27.1.1) - https:\/\/yoast.com\/product\/yoast-seo-premium-wordpress\/ -->\n<title>\u0130stanbul Barosu Y\u00f6netimi, 24. \u00e7al\u0131\u015fma g\u00fcn\u00fcnde 24. ruhsat t\u00f6renini ger\u00e7ekle\u015ftirdi - Av. Deniz Can K\u0131z\u0131l<\/title>\n<meta name=\"robots\" content=\"index, follow, max-snippet:-1, max-image-preview:large, max-video-preview:-1\" \/>\n<link rel=\"canonical\" href=\"https:\/\/denizcankizil.tr\/ru\/hukukihaber\/istanbul-barosu-yonetimi-24-calisma-gununde-24-ruhsat-torenini-gerceklestirdi\/\" \/>\n<meta property=\"og:locale\" content=\"ru_RU\" \/>\n<meta property=\"og:type\" content=\"article\" \/>\n<meta property=\"og:title\" content=\"\u0130stanbul Barosu Y\u00f6netimi, 24. \u00e7al\u0131\u015fma g\u00fcn\u00fcnde 24. ruhsat t\u00f6renini ger\u00e7ekle\u015ftirdi\" \/>\n<meta property=\"og:description\" content=\"Barodan yap\u0131lan a\u00e7\u0131klamada &#8220;\u0130stanbul Barosu Y\u00f6netimi olarak 24. \u00e7al\u0131\u015fma g\u00fcn\u00fcnde 24. ruhsat t\u00f6renimizi ger\u00e7ekle\u015ftirdik. Y\u00f6netimimiz s\u0131ras\u0131nda ruhsat\u0131n\u0131 alan 1000. gen\u00e7 meslekta\u015f\u0131m\u0131z\u0131n nezdinde t\u00fcm gen\u00e7 meslekta\u015flar\u0131m\u0131z\u0131 bir kez daha kutluyor, ba\u015far\u0131lar diliyoruz. \u0130stanbul Barosu\u2019nun nicel g\u00fcc\u00fcn\u00fc niteli\u011fe d\u00f6n\u00fc\u015ft\u00fcrmek i\u00e7in b\u00fct\u00fcn meslekta\u015flar\u0131m\u0131z\u0131 bir kez daha merkez ve komisyonlarda g\u00f6rev almaya davet ediyoruz.&#8221; denildi. \u200b\u0130stanbul Barosu&#8217;nda staj d\u00f6nemlerini ba\u015far\u0131yla tamamlayan gen\u00e7 avukatlar ruhsatnamesini ald\u0131.\u00a0Hukuki Haber\" \/>\n<meta property=\"og:url\" content=\"https:\/\/denizcankizil.tr\/ru\/hukukihaber\/istanbul-barosu-yonetimi-24-calisma-gununde-24-ruhsat-torenini-gerceklestirdi\/\" \/>\n<meta property=\"og:site_name\" content=\"Av. Deniz Can K\u0131z\u0131l\" \/>\n<meta property=\"article:published_time\" content=\"2024-11-29T06:30:00+00:00\" \/>\n<meta name=\"twitter:card\" content=\"summary_large_image\" \/>\n<script type=\"application\/ld+json\" class=\"yoast-schema-graph\">{\"@context\":\"https:\/\/schema.org\",\"@graph\":[{\"@type\":\"Article\",\"@id\":\"https:\/\/denizcankizil.tr\/ru\/hukukihaber\/istanbul-barosu-yonetimi-24-calisma-gununde-24-ruhsat-torenini-gerceklestirdi\/#article\",\"isPartOf\":{\"@id\":\"https:\/\/denizcankizil.tr\/ru\/hukukihaber\/istanbul-barosu-yonetimi-24-calisma-gununde-24-ruhsat-torenini-gerceklestirdi\/\"},\"author\":{\"name\":\"\",\"@id\":\"\"},\"headline\":\"\u0130stanbul Barosu Y\u00f6netimi, 24. \u00e7al\u0131\u015fma g\u00fcn\u00fcnde 24. ruhsat t\u00f6renini ger\u00e7ekle\u015ftirdi\",\"datePublished\":\"2024-11-29T06:30:00+00:00\",\"mainEntityOfPage\":{\"@id\":\"https:\/\/denizcankizil.tr\/ru\/hukukihaber\/istanbul-barosu-yonetimi-24-calisma-gununde-24-ruhsat-torenini-gerceklestirdi\/\"},\"wordCount\":115,\"commentCount\":0,\"publisher\":{\"@id\":\"https:\/\/denizcankizil.tr\/de\/#organization\"},\"articleSection\":[\"Hukuki Haberler\",\"Uncategorized\"],\"inLanguage\":\"ru-RU\",\"potentialAction\":[{\"@type\":\"CommentAction\",\"name\":\"Comment\",\"target\":[\"https:\/\/denizcankizil.tr\/ru\/hukukihaber\/istanbul-barosu-yonetimi-24-calisma-gununde-24-ruhsat-torenini-gerceklestirdi\/#respond\"]}]},{\"@type\":\"WebPage\",\"@id\":\"https:\/\/denizcankizil.tr\/ru\/hukukihaber\/istanbul-barosu-yonetimi-24-calisma-gununde-24-ruhsat-torenini-gerceklestirdi\/\",\"url\":\"https:\/\/denizcankizil.tr\/ru\/hukukihaber\/istanbul-barosu-yonetimi-24-calisma-gununde-24-ruhsat-torenini-gerceklestirdi\/\",\"name\":\"\u0130stanbul Barosu Y\u00f6netimi, 24. \u00e7al\u0131\u015fma g\u00fcn\u00fcnde 24. ruhsat t\u00f6renini ger\u00e7ekle\u015ftirdi - Av. Deniz Can K\u0131z\u0131l\",\"isPartOf\":{\"@id\":\"https:\/\/denizcankizil.tr\/de\/#website\"},\"datePublished\":\"2024-11-29T06:30:00+00:00\",\"breadcrumb\":{\"@id\":\"https:\/\/denizcankizil.tr\/ru\/hukukihaber\/istanbul-barosu-yonetimi-24-calisma-gununde-24-ruhsat-torenini-gerceklestirdi\/#breadcrumb\"},\"inLanguage\":\"ru-RU\",\"potentialAction\":[{\"@type\":\"ReadAction\",\"target\":[\"https:\/\/denizcankizil.tr\/ru\/hukukihaber\/istanbul-barosu-yonetimi-24-calisma-gununde-24-ruhsat-torenini-gerceklestirdi\/\"]}]},{\"@type\":\"BreadcrumbList\",\"@id\":\"https:\/\/denizcankizil.tr\/ru\/hukukihaber\/istanbul-barosu-yonetimi-24-calisma-gununde-24-ruhsat-torenini-gerceklestirdi\/#breadcrumb\",\"itemListElement\":[{\"@type\":\"ListItem\",\"position\":1,\"name\":\"Home\",\"item\":\"https:\/\/denizcankizil.tr\/de\/\"},{\"@type\":\"ListItem\",\"position\":2,\"name\":\"\u0130stanbul Barosu Y\u00f6netimi, 24. \u00e7al\u0131\u015fma g\u00fcn\u00fcnde 24. ruhsat t\u00f6renini ger\u00e7ekle\u015ftirdi\"}]},{\"@type\":\"WebSite\",\"@id\":\"https:\/\/denizcankizil.tr\/de\/#website\",\"url\":\"https:\/\/denizcankizil.tr\/de\/\",\"name\":\"Av. Deniz Can K\u0131z\u0131l\",\"description\":\"Avukat Deniz Can K\u0131z\u0131l Antalya Barosu\",\"publisher\":{\"@id\":\"https:\/\/denizcankizil.tr\/de\/#organization\"},\"potentialAction\":[{\"@type\":\"SearchAction\",\"target\":{\"@type\":\"EntryPoint\",\"urlTemplate\":\"https:\/\/denizcankizil.tr\/de\/?s={search_term_string}\"},\"query-input\":{\"@type\":\"PropertyValueSpecification\",\"valueRequired\":true,\"valueName\":\"search_term_string\"}}],\"inLanguage\":\"ru-RU\"},{\"@type\":\"Organization\",\"@id\":\"https:\/\/denizcankizil.tr\/de\/#organization\",\"name\":\"Av. Deniz Can K\u0131z\u0131l\",\"url\":\"https:\/\/denizcankizil.tr\/de\/\",\"logo\":{\"@type\":\"ImageObject\",\"inLanguage\":\"ru-RU\",\"@id\":\"https:\/\/denizcankizil.tr\/de\/#\/schema\/logo\/image\/\",\"url\":\"https:\/\/denizcankizil.tr\/wp-content\/uploads\/2024\/10\/siyah-logo-svg.svg\",\"contentUrl\":\"https:\/\/denizcankizil.tr\/wp-content\/uploads\/2024\/10\/siyah-logo-svg.svg\",\"width\":1080,\"height\":1080,\"caption\":\"Av. Deniz Can K\u0131z\u0131l\"},\"image\":{\"@id\":\"https:\/\/denizcankizil.tr\/de\/#\/schema\/logo\/image\/\"}}]}<\/script>\n<!-- \/ Yoast SEO Premium plugin. -->","yoast_head_json":{"title":"\u0130stanbul Barosu Y\u00f6netimi, 24. \u00e7al\u0131\u015fma g\u00fcn\u00fcnde 24. ruhsat t\u00f6renini ger\u00e7ekle\u015ftirdi - Av. Deniz Can K\u0131z\u0131l","robots":{"index":"index","follow":"follow","max-snippet":"max-snippet:-1","max-image-preview":"max-image-preview:large","max-video-preview":"max-video-preview:-1"},"canonical":"https:\/\/denizcankizil.tr\/ru\/hukukihaber\/istanbul-barosu-yonetimi-24-calisma-gununde-24-ruhsat-torenini-gerceklestirdi\/","og_locale":"ru_RU","og_type":"article","og_title":"\u0130stanbul Barosu Y\u00f6netimi, 24. \u00e7al\u0131\u015fma g\u00fcn\u00fcnde 24. ruhsat t\u00f6renini ger\u00e7ekle\u015ftirdi","og_description":"Barodan yap\u0131lan a\u00e7\u0131klamada &#8220;\u0130stanbul Barosu Y\u00f6netimi olarak 24. \u00e7al\u0131\u015fma g\u00fcn\u00fcnde 24. ruhsat t\u00f6renimizi ger\u00e7ekle\u015ftirdik. Y\u00f6netimimiz s\u0131ras\u0131nda ruhsat\u0131n\u0131 alan 1000. gen\u00e7 meslekta\u015f\u0131m\u0131z\u0131n nezdinde t\u00fcm gen\u00e7 meslekta\u015flar\u0131m\u0131z\u0131 bir kez daha kutluyor, ba\u015far\u0131lar diliyoruz. \u0130stanbul Barosu\u2019nun nicel g\u00fcc\u00fcn\u00fc niteli\u011fe d\u00f6n\u00fc\u015ft\u00fcrmek i\u00e7in b\u00fct\u00fcn meslekta\u015flar\u0131m\u0131z\u0131 bir kez daha merkez ve komisyonlarda g\u00f6rev almaya davet ediyoruz.&#8221; denildi. \u200b\u0130stanbul Barosu&#8217;nda staj d\u00f6nemlerini ba\u015far\u0131yla tamamlayan gen\u00e7 avukatlar ruhsatnamesini ald\u0131.\u00a0Hukuki Haber","og_url":"https:\/\/denizcankizil.tr\/ru\/hukukihaber\/istanbul-barosu-yonetimi-24-calisma-gununde-24-ruhsat-torenini-gerceklestirdi\/","og_site_name":"Av. Deniz Can K\u0131z\u0131l","article_published_time":"2024-11-29T06:30:00+00:00","twitter_card":"summary_large_image","schema":{"@context":"https:\/\/schema.org","@graph":[{"@type":"Article","@id":"https:\/\/denizcankizil.tr\/ru\/hukukihaber\/istanbul-barosu-yonetimi-24-calisma-gununde-24-ruhsat-torenini-gerceklestirdi\/#article","isPartOf":{"@id":"https:\/\/denizcankizil.tr\/ru\/hukukihaber\/istanbul-barosu-yonetimi-24-calisma-gununde-24-ruhsat-torenini-gerceklestirdi\/"},"author":{"name":"","@id":""},"headline":"\u0130stanbul Barosu Y\u00f6netimi, 24. \u00e7al\u0131\u015fma g\u00fcn\u00fcnde 24. ruhsat t\u00f6renini ger\u00e7ekle\u015ftirdi","datePublished":"2024-11-29T06:30:00+00:00","mainEntityOfPage":{"@id":"https:\/\/denizcankizil.tr\/ru\/hukukihaber\/istanbul-barosu-yonetimi-24-calisma-gununde-24-ruhsat-torenini-gerceklestirdi\/"},"wordCount":115,"commentCount":0,"publisher":{"@id":"https:\/\/denizcankizil.tr\/de\/#organization"},"articleSection":["Hukuki Haberler","Uncategorized"],"inLanguage":"ru-RU","potentialAction":[{"@type":"CommentAction","name":"Comment","target":["https:\/\/denizcankizil.tr\/ru\/hukukihaber\/istanbul-barosu-yonetimi-24-calisma-gununde-24-ruhsat-torenini-gerceklestirdi\/#respond"]}]},{"@type":"WebPage","@id":"https:\/\/denizcankizil.tr\/ru\/hukukihaber\/istanbul-barosu-yonetimi-24-calisma-gununde-24-ruhsat-torenini-gerceklestirdi\/","url":"https:\/\/denizcankizil.tr\/ru\/hukukihaber\/istanbul-barosu-yonetimi-24-calisma-gununde-24-ruhsat-torenini-gerceklestirdi\/","name":"\u0130stanbul Barosu Y\u00f6netimi, 24. \u00e7al\u0131\u015fma g\u00fcn\u00fcnde 24. ruhsat t\u00f6renini ger\u00e7ekle\u015ftirdi - Av. Deniz Can K\u0131z\u0131l","isPartOf":{"@id":"https:\/\/denizcankizil.tr\/de\/#website"},"datePublished":"2024-11-29T06:30:00+00:00","breadcrumb":{"@id":"https:\/\/denizcankizil.tr\/ru\/hukukihaber\/istanbul-barosu-yonetimi-24-calisma-gununde-24-ruhsat-torenini-gerceklestirdi\/#breadcrumb"},"inLanguage":"ru-RU","potentialAction":[{"@type":"ReadAction","target":["https:\/\/denizcankizil.tr\/ru\/hukukihaber\/istanbul-barosu-yonetimi-24-calisma-gununde-24-ruhsat-torenini-gerceklestirdi\/"]}]},{"@type":"BreadcrumbList","@id":"https:\/\/denizcankizil.tr\/ru\/hukukihaber\/istanbul-barosu-yonetimi-24-calisma-gununde-24-ruhsat-torenini-gerceklestirdi\/#breadcrumb","itemListElement":[{"@type":"ListItem","position":1,"name":"Home","item":"https:\/\/denizcankizil.tr\/de\/"},{"@type":"ListItem","position":2,"name":"\u0130stanbul Barosu Y\u00f6netimi, 24. \u00e7al\u0131\u015fma g\u00fcn\u00fcnde 24. ruhsat t\u00f6renini ger\u00e7ekle\u015ftirdi"}]},{"@type":"WebSite","@id":"https:\/\/denizcankizil.tr\/de\/#website","url":"https:\/\/denizcankizil.tr\/de\/","name":"Av. Deniz Can K\u0131z\u0131l","description":"Avukat Deniz Can K\u0131z\u0131l Antalya Barosu","publisher":{"@id":"https:\/\/denizcankizil.tr\/de\/#organization"},"potentialAction":[{"@type":"SearchAction","target":{"@type":"EntryPoint","urlTemplate":"https:\/\/denizcankizil.tr\/de\/?s={search_term_string}"},"query-input":{"@type":"PropertyValueSpecification","valueRequired":true,"valueName":"search_term_string"}}],"inLanguage":"ru-RU"},{"@type":"Organization","@id":"https:\/\/denizcankizil.tr\/de\/#organization","name":"Av. Deniz Can K\u0131z\u0131l","url":"https:\/\/denizcankizil.tr\/de\/","logo":{"@type":"ImageObject","inLanguage":"ru-RU","@id":"https:\/\/denizcankizil.tr\/de\/#\/schema\/logo\/image\/","url":"https:\/\/denizcankizil.tr\/wp-content\/uploads\/2024\/10\/siyah-logo-svg.svg","contentUrl":"https:\/\/denizcankizil.tr\/wp-content\/uploads\/2024\/10\/siyah-logo-svg.svg","width":1080,"height":1080,"caption":"Av. Deniz Can K\u0131z\u0131l"},"image":{"@id":"https:\/\/denizcankizil.tr\/de\/#\/schema\/logo\/image\/"}}]}},"_links":{"self":[{"href":"https:\/\/denizcankizil.tr\/ru\/wp-json\/wp\/v2\/posts\/18238","targetHints":{"allow":["GET"]}}],"collection":[{"href":"https:\/\/denizcankizil.tr\/ru\/wp-json\/wp\/v2\/posts"}],"about":[{"href":"https:\/\/denizcankizil.tr\/ru\/wp-json\/wp\/v2\/types\/post"}],"replies":[{"embeddable":true,"href":"https:\/\/denizcankizil.tr\/ru\/wp-json\/wp\/v2\/comments?post=18238"}],"version-history":[{"count":0,"href":"https:\/\/denizcankizil.tr\/ru\/wp-json\/wp\/v2\/posts\/18238\/revisions"}],"wp:attachment":[{"href":"https:\/\/denizcankizil.tr\/ru\/wp-json\/wp\/v2\/media?parent=18238"}],"wp:term":[{"taxonomy":"category","embeddable":true,"href":"https:\/\/denizcankizil.tr\/ru\/wp-json\/wp\/v2\/categories?post=18238"},{"taxonomy":"post_tag","embeddable":true,"href":"https:\/\/denizcankizil.tr\/ru\/wp-json\/wp\/v2\/tags?post=18238"}],"curies":[{"name":"wp","href":"https:\/\/api.w.org\/{rel}","templated":true}]}}