{"id":18158,"date":"2024-11-28T17:42:05","date_gmt":"2024-11-28T14:42:05","guid":{"rendered":"https:\/\/denizcankizil.tr\/uncategorized-tr\/baris-sitesinde-kura-cekimi-tarihi-belli-oldu\/"},"modified":"2024-11-28T17:42:05","modified_gmt":"2024-11-28T14:42:05","slug":"baris-sitesinde-kura-cekimi-tarihi-belli-oldu","status":"publish","type":"post","link":"https:\/\/denizcankizil.tr\/ru\/haberler\/gundem\/baris-sitesinde-kura-cekimi-tarihi-belli-oldu\/","title":{"rendered":"Bar\u0131\u015f Sitesi\u2019nde Kura \u00c7ekimi Tarihi Belli Oldu"},"content":{"rendered":"<p>Kentsel D\u00f6n\u00fc\u015f\u00fcm Ba\u015fkanl\u0131\u011f\u0131\u2019n\u0131n koordinasyonunda ger\u00e7ekle\u015ftirilen projede yer alan konutlar\u0131n hak sahiplerini belirlemek i\u00e7in noter huzurunda yap\u0131lacak kura \u00e7ekimi, 29 Kas\u0131m 2024 Cuma g\u00fcn\u00fc saat 16.00\u2019da Toplu Konut \u0130daresi Ba\u015fkanl\u0131\u011f\u0131\u2019n\u0131n resmi YouTube hesab\u0131 \u00fczerinden canl\u0131 olarak yay\u0131nlanacak.<\/p>\n<p>Kura Sonu\u00e7lar\u0131 Nereden \u00d6\u011frenilecek?<br \/>\nKura sonu\u00e7lar\u0131, Hatay Kentsel D\u00f6n\u00fc\u015f\u00fcm M\u00fcd\u00fcrl\u00fc\u011f\u00fc ve \u0130skenderun Eski Kaymakaml\u0131k binas\u0131nda bulunan Kentsel D\u00f6n\u00fc\u015f\u00fcm \u0130rtibat Ofisi\u2019nde ask\u0131ya \u00e7\u0131kar\u0131lacak. Hak sahipleri s\u00fcreci ayn\u0131 zamanda ilgili web sitesi \u00fczerinden de takip edebilecek.<\/p>\n<p>Bar\u0131\u015f Sitesi\u2019nde hak sahibi olan vatanda\u015flar i\u00e7in kritik \u00f6neme sahip kura \u00e7ekimi, b\u00fcy\u00fck bir heyecanla bekleniyor. Yetkililer, s\u00fcre\u00e7le ilgili g\u00fcncel bilgilerin d\u00fczenli olarak payla\u015f\u0131laca\u011f\u0131n\u0131 belirtti.<\/p>\n<p>\u200bHatay\u2019\u0131n \u0130skenderun il\u00e7esi Numune Mahallesi s\u0131n\u0131rlar\u0131nda bulunan Rezerv Yap\u0131 Alan\u0131 (Bar\u0131\u015f Sitesi) kapsam\u0131nda Toplu Konut \u0130daresi Ba\u015fkanl\u0131\u011f\u0131 (TOK\u0130) taraf\u0131ndan y\u00fcr\u00fct\u00fclen in\u015faat \u00e7al\u0131\u015fmalar\u0131 h\u0131zla devam ediyor.\u00a0<\/p>\n<p>\u200bHaberin Al\u0131nt\u0131land\u0131\u011f\u0131 Kaynak: www.iskenderun.org<\/p>","protected":false},"excerpt":{"rendered":"<p>Kentsel D\u00f6n\u00fc\u015f\u00fcm Ba\u015fkanl\u0131\u011f\u0131\u2019n\u0131n koordinasyonunda ger\u00e7ekle\u015ftirilen projede yer alan konutlar\u0131n hak sahiplerini belirlemek i\u00e7in noter huzurunda yap\u0131lacak kura \u00e7ekimi, 29 Kas\u0131m 2024 Cuma g\u00fcn\u00fc saat 16.00\u2019da Toplu Konut \u0130daresi Ba\u015fkanl\u0131\u011f\u0131\u2019n\u0131n resmi YouTube hesab\u0131 \u00fczerinden canl\u0131 olarak yay\u0131nlanacak. Kura Sonu\u00e7lar\u0131 Nereden \u00d6\u011frenilecek? Kura sonu\u00e7lar\u0131, Hatay Kentsel D\u00f6n\u00fc\u015f\u00fcm M\u00fcd\u00fcrl\u00fc\u011f\u00fc ve \u0130skenderun Eski Kaymakaml\u0131k binas\u0131nda bulunan Kentsel D\u00f6n\u00fc\u015f\u00fcm \u0130rtibat Ofisi\u2019nde ask\u0131ya \u00e7\u0131kar\u0131lacak. Hak sahipleri s\u00fcreci ayn\u0131 zamanda ilgili web sitesi \u00fczerinden de takip edebilecek. Bar\u0131\u015f Sitesi\u2019nde hak sahibi olan vatanda\u015flar i\u00e7in kritik \u00f6neme sahip kura \u00e7ekimi, b\u00fcy\u00fck bir heyecanla bekleniyor. Yetkililer, s\u00fcre\u00e7le ilgili g\u00fcncel bilgilerin d\u00fczenli olarak payla\u015f\u0131laca\u011f\u0131n\u0131 belirtti. \u200bHatay\u2019\u0131n \u0130skenderun il\u00e7esi Numune Mahallesi s\u0131n\u0131rlar\u0131nda bulunan Rezerv Yap\u0131 Alan\u0131 (Bar\u0131\u015f Sitesi) kapsam\u0131nda Toplu Konut \u0130daresi Ba\u015fkanl\u0131\u011f\u0131 (TOK\u0130) taraf\u0131ndan y\u00fcr\u00fct\u00fclen in\u015faat \u00e7al\u0131\u015fmalar\u0131 h\u0131zla devam ediyor.\u00a0 \u200bHaberin Al\u0131nt\u0131land\u0131\u011f\u0131 Kaynak: www.iskenderun.org<\/p>","protected":false},"author":0,"featured_media":0,"comment_status":"open","ping_status":"open","sticky":false,"template":"","format":"standard","meta":{"_acf_changed":false,"footnotes":""},"categories":[24,535],"tags":[],"class_list":["post-18158","post","type-post","status-publish","format-standard","has-post-thumbnail","hentry","category-gundem","category-uncategorized-tr"],"acf":[],"yoast_head":"<!-- This site is optimized with the Yoast SEO Premium plugin v26.6 (Yoast SEO v27.1.1) - https:\/\/yoast.com\/product\/yoast-seo-premium-wordpress\/ -->\n<title>Bar\u0131\u015f Sitesi\u2019nde Kura \u00c7ekimi Tarihi Belli Oldu - Av. Deniz Can K\u0131z\u0131l<\/title>\n<meta name=\"robots\" content=\"index, follow, max-snippet:-1, max-image-preview:large, max-video-preview:-1\" \/>\n<link rel=\"canonical\" href=\"http:\/\/denizcankizil.tr\/ru\/haberler\/gundem\/baris-sitesinde-kura-cekimi-tarihi-belli-oldu\/\" \/>\n<meta property=\"og:locale\" content=\"ru_RU\" \/>\n<meta property=\"og:type\" content=\"article\" \/>\n<meta property=\"og:title\" content=\"Bar\u0131\u015f Sitesi\u2019nde Kura \u00c7ekimi Tarihi Belli Oldu\" \/>\n<meta property=\"og:description\" content=\"Kentsel D\u00f6n\u00fc\u015f\u00fcm Ba\u015fkanl\u0131\u011f\u0131\u2019n\u0131n koordinasyonunda ger\u00e7ekle\u015ftirilen projede yer alan konutlar\u0131n hak sahiplerini belirlemek i\u00e7in noter huzurunda yap\u0131lacak kura \u00e7ekimi, 29 Kas\u0131m 2024 Cuma g\u00fcn\u00fc saat 16.00\u2019da Toplu Konut \u0130daresi Ba\u015fkanl\u0131\u011f\u0131\u2019n\u0131n resmi YouTube hesab\u0131 \u00fczerinden canl\u0131 olarak yay\u0131nlanacak. Kura Sonu\u00e7lar\u0131 Nereden \u00d6\u011frenilecek? Kura sonu\u00e7lar\u0131, Hatay Kentsel D\u00f6n\u00fc\u015f\u00fcm M\u00fcd\u00fcrl\u00fc\u011f\u00fc ve \u0130skenderun Eski Kaymakaml\u0131k binas\u0131nda bulunan Kentsel D\u00f6n\u00fc\u015f\u00fcm \u0130rtibat Ofisi\u2019nde ask\u0131ya \u00e7\u0131kar\u0131lacak. Hak sahipleri s\u00fcreci ayn\u0131 zamanda ilgili web sitesi \u00fczerinden de takip edebilecek. Bar\u0131\u015f Sitesi\u2019nde hak sahibi olan vatanda\u015flar i\u00e7in kritik \u00f6neme sahip kura \u00e7ekimi, b\u00fcy\u00fck bir heyecanla bekleniyor. Yetkililer, s\u00fcre\u00e7le ilgili g\u00fcncel bilgilerin d\u00fczenli olarak payla\u015f\u0131laca\u011f\u0131n\u0131 belirtti. \u200bHatay\u2019\u0131n \u0130skenderun il\u00e7esi Numune Mahallesi s\u0131n\u0131rlar\u0131nda bulunan Rezerv Yap\u0131 Alan\u0131 (Bar\u0131\u015f Sitesi) kapsam\u0131nda Toplu Konut \u0130daresi Ba\u015fkanl\u0131\u011f\u0131 (TOK\u0130) taraf\u0131ndan y\u00fcr\u00fct\u00fclen in\u015faat \u00e7al\u0131\u015fmalar\u0131 h\u0131zla devam ediyor.\u00a0 \u200bHaberin Al\u0131nt\u0131land\u0131\u011f\u0131 Kaynak: www.iskenderun.org\" \/>\n<meta property=\"og:url\" content=\"http:\/\/denizcankizil.tr\/ru\/haberler\/gundem\/baris-sitesinde-kura-cekimi-tarihi-belli-oldu\/\" \/>\n<meta property=\"og:site_name\" content=\"Av. Deniz Can K\u0131z\u0131l\" \/>\n<meta property=\"article:published_time\" content=\"2024-11-28T14:42:05+00:00\" \/>\n<meta name=\"twitter:card\" content=\"summary_large_image\" \/>\n<meta name=\"twitter:label1\" content=\"\u041f\u0440\u0438\u043c\u0435\u0440\u043d\u043e\u0435 \u0432\u0440\u0435\u043c\u044f \u0434\u043b\u044f \u0447\u0442\u0435\u043d\u0438\u044f\" \/>\n\t<meta name=\"twitter:data1\" content=\"1 \u043c\u0438\u043d\u0443\u0442\u0430\" \/>\n<script type=\"application\/ld+json\" class=\"yoast-schema-graph\">{\"@context\":\"https:\/\/schema.org\",\"@graph\":[{\"@type\":\"Article\",\"@id\":\"http:\/\/denizcankizil.tr\/en\/haberler\/gundem\/baris-sitesinde-kura-cekimi-tarihi-belli-oldu\/#article\",\"isPartOf\":{\"@id\":\"http:\/\/denizcankizil.tr\/en\/haberler\/gundem\/baris-sitesinde-kura-cekimi-tarihi-belli-oldu\/\"},\"author\":{\"name\":\"\",\"@id\":\"\"},\"headline\":\"Bar\u0131\u015f Sitesi\u2019nde Kura \u00c7ekimi Tarihi Belli Oldu\",\"datePublished\":\"2024-11-28T14:42:05+00:00\",\"mainEntityOfPage\":{\"@id\":\"http:\/\/denizcankizil.tr\/en\/haberler\/gundem\/baris-sitesinde-kura-cekimi-tarihi-belli-oldu\/\"},\"wordCount\":189,\"commentCount\":0,\"publisher\":{\"@id\":\"https:\/\/denizcankizil.tr\/#organization\"},\"articleSection\":[\"G\u00fcndem\",\"Uncategorized\"],\"inLanguage\":\"ru-RU\",\"potentialAction\":[{\"@type\":\"CommentAction\",\"name\":\"Comment\",\"target\":[\"http:\/\/denizcankizil.tr\/en\/haberler\/gundem\/baris-sitesinde-kura-cekimi-tarihi-belli-oldu\/#respond\"]}]},{\"@type\":\"WebPage\",\"@id\":\"http:\/\/denizcankizil.tr\/en\/haberler\/gundem\/baris-sitesinde-kura-cekimi-tarihi-belli-oldu\/\",\"url\":\"http:\/\/denizcankizil.tr\/en\/haberler\/gundem\/baris-sitesinde-kura-cekimi-tarihi-belli-oldu\/\",\"name\":\"Bar\u0131\u015f Sitesi\u2019nde Kura \u00c7ekimi Tarihi Belli Oldu - Av. Deniz Can K\u0131z\u0131l\",\"isPartOf\":{\"@id\":\"https:\/\/denizcankizil.tr\/#website\"},\"datePublished\":\"2024-11-28T14:42:05+00:00\",\"breadcrumb\":{\"@id\":\"http:\/\/denizcankizil.tr\/en\/haberler\/gundem\/baris-sitesinde-kura-cekimi-tarihi-belli-oldu\/#breadcrumb\"},\"inLanguage\":\"ru-RU\",\"potentialAction\":[{\"@type\":\"ReadAction\",\"target\":[\"http:\/\/denizcankizil.tr\/en\/haberler\/gundem\/baris-sitesinde-kura-cekimi-tarihi-belli-oldu\/\"]}]},{\"@type\":\"BreadcrumbList\",\"@id\":\"http:\/\/denizcankizil.tr\/en\/haberler\/gundem\/baris-sitesinde-kura-cekimi-tarihi-belli-oldu\/#breadcrumb\",\"itemListElement\":[{\"@type\":\"ListItem\",\"position\":1,\"name\":\"Home\",\"item\":\"https:\/\/denizcankizil.tr\/de\/\"},{\"@type\":\"ListItem\",\"position\":2,\"name\":\"Bar\u0131\u015f Sitesi\u2019nde Kura \u00c7ekimi Tarihi Belli Oldu\"}]},{\"@type\":\"WebSite\",\"@id\":\"https:\/\/denizcankizil.tr\/#website\",\"url\":\"https:\/\/denizcankizil.tr\/\",\"name\":\"Av. Deniz Can K\u0131z\u0131l\",\"description\":\"Avukat Deniz Can K\u0131z\u0131l Antalya Barosu\",\"publisher\":{\"@id\":\"https:\/\/denizcankizil.tr\/#organization\"},\"potentialAction\":[{\"@type\":\"SearchAction\",\"target\":{\"@type\":\"EntryPoint\",\"urlTemplate\":\"https:\/\/denizcankizil.tr\/?s={search_term_string}\"},\"query-input\":{\"@type\":\"PropertyValueSpecification\",\"valueRequired\":true,\"valueName\":\"search_term_string\"}}],\"inLanguage\":\"ru-RU\"},{\"@type\":\"Organization\",\"@id\":\"https:\/\/denizcankizil.tr\/#organization\",\"name\":\"Av. Deniz Can K\u0131z\u0131l\",\"url\":\"https:\/\/denizcankizil.tr\/\",\"logo\":{\"@type\":\"ImageObject\",\"inLanguage\":\"ru-RU\",\"@id\":\"https:\/\/denizcankizil.tr\/#\/schema\/logo\/image\/\",\"url\":\"https:\/\/denizcankizil.tr\/wp-content\/uploads\/2024\/10\/siyah-logo-svg.svg\",\"contentUrl\":\"https:\/\/denizcankizil.tr\/wp-content\/uploads\/2024\/10\/siyah-logo-svg.svg\",\"width\":1080,\"height\":1080,\"caption\":\"Av. Deniz Can K\u0131z\u0131l\"},\"image\":{\"@id\":\"https:\/\/denizcankizil.tr\/#\/schema\/logo\/image\/\"}}]}<\/script>\n<!-- \/ Yoast SEO Premium plugin. -->","yoast_head_json":{"title":"Bar\u0131\u015f Sitesi\u2019nde Kura \u00c7ekimi Tarihi Belli Oldu - Av. Deniz Can K\u0131z\u0131l","robots":{"index":"index","follow":"follow","max-snippet":"max-snippet:-1","max-image-preview":"max-image-preview:large","max-video-preview":"max-video-preview:-1"},"canonical":"http:\/\/denizcankizil.tr\/ru\/haberler\/gundem\/baris-sitesinde-kura-cekimi-tarihi-belli-oldu\/","og_locale":"ru_RU","og_type":"article","og_title":"Bar\u0131\u015f Sitesi\u2019nde Kura \u00c7ekimi Tarihi Belli Oldu","og_description":"Kentsel D\u00f6n\u00fc\u015f\u00fcm Ba\u015fkanl\u0131\u011f\u0131\u2019n\u0131n koordinasyonunda ger\u00e7ekle\u015ftirilen projede yer alan konutlar\u0131n hak sahiplerini belirlemek i\u00e7in noter huzurunda yap\u0131lacak kura \u00e7ekimi, 29 Kas\u0131m 2024 Cuma g\u00fcn\u00fc saat 16.00\u2019da Toplu Konut \u0130daresi Ba\u015fkanl\u0131\u011f\u0131\u2019n\u0131n resmi YouTube hesab\u0131 \u00fczerinden canl\u0131 olarak yay\u0131nlanacak. Kura Sonu\u00e7lar\u0131 Nereden \u00d6\u011frenilecek? Kura sonu\u00e7lar\u0131, Hatay Kentsel D\u00f6n\u00fc\u015f\u00fcm M\u00fcd\u00fcrl\u00fc\u011f\u00fc ve \u0130skenderun Eski Kaymakaml\u0131k binas\u0131nda bulunan Kentsel D\u00f6n\u00fc\u015f\u00fcm \u0130rtibat Ofisi\u2019nde ask\u0131ya \u00e7\u0131kar\u0131lacak. Hak sahipleri s\u00fcreci ayn\u0131 zamanda ilgili web sitesi \u00fczerinden de takip edebilecek. Bar\u0131\u015f Sitesi\u2019nde hak sahibi olan vatanda\u015flar i\u00e7in kritik \u00f6neme sahip kura \u00e7ekimi, b\u00fcy\u00fck bir heyecanla bekleniyor. Yetkililer, s\u00fcre\u00e7le ilgili g\u00fcncel bilgilerin d\u00fczenli olarak payla\u015f\u0131laca\u011f\u0131n\u0131 belirtti. \u200bHatay\u2019\u0131n \u0130skenderun il\u00e7esi Numune Mahallesi s\u0131n\u0131rlar\u0131nda bulunan Rezerv Yap\u0131 Alan\u0131 (Bar\u0131\u015f Sitesi) kapsam\u0131nda Toplu Konut \u0130daresi Ba\u015fkanl\u0131\u011f\u0131 (TOK\u0130) taraf\u0131ndan y\u00fcr\u00fct\u00fclen in\u015faat \u00e7al\u0131\u015fmalar\u0131 h\u0131zla devam ediyor.\u00a0 \u200bHaberin Al\u0131nt\u0131land\u0131\u011f\u0131 Kaynak: www.iskenderun.org","og_url":"http:\/\/denizcankizil.tr\/ru\/haberler\/gundem\/baris-sitesinde-kura-cekimi-tarihi-belli-oldu\/","og_site_name":"Av. Deniz Can K\u0131z\u0131l","article_published_time":"2024-11-28T14:42:05+00:00","twitter_card":"summary_large_image","twitter_misc":{"\u041f\u0440\u0438\u043c\u0435\u0440\u043d\u043e\u0435 \u0432\u0440\u0435\u043c\u044f \u0434\u043b\u044f \u0447\u0442\u0435\u043d\u0438\u044f":"1 \u043c\u0438\u043d\u0443\u0442\u0430"},"schema":{"@context":"https:\/\/schema.org","@graph":[{"@type":"Article","@id":"http:\/\/denizcankizil.tr\/en\/haberler\/gundem\/baris-sitesinde-kura-cekimi-tarihi-belli-oldu\/#article","isPartOf":{"@id":"http:\/\/denizcankizil.tr\/en\/haberler\/gundem\/baris-sitesinde-kura-cekimi-tarihi-belli-oldu\/"},"author":{"name":"","@id":""},"headline":"Bar\u0131\u015f Sitesi\u2019nde Kura \u00c7ekimi Tarihi Belli Oldu","datePublished":"2024-11-28T14:42:05+00:00","mainEntityOfPage":{"@id":"http:\/\/denizcankizil.tr\/en\/haberler\/gundem\/baris-sitesinde-kura-cekimi-tarihi-belli-oldu\/"},"wordCount":189,"commentCount":0,"publisher":{"@id":"https:\/\/denizcankizil.tr\/#organization"},"articleSection":["G\u00fcndem","Uncategorized"],"inLanguage":"ru-RU","potentialAction":[{"@type":"CommentAction","name":"Comment","target":["http:\/\/denizcankizil.tr\/en\/haberler\/gundem\/baris-sitesinde-kura-cekimi-tarihi-belli-oldu\/#respond"]}]},{"@type":"WebPage","@id":"http:\/\/denizcankizil.tr\/en\/haberler\/gundem\/baris-sitesinde-kura-cekimi-tarihi-belli-oldu\/","url":"http:\/\/denizcankizil.tr\/en\/haberler\/gundem\/baris-sitesinde-kura-cekimi-tarihi-belli-oldu\/","name":"Bar\u0131\u015f Sitesi\u2019nde Kura \u00c7ekimi Tarihi Belli Oldu - Av. Deniz Can K\u0131z\u0131l","isPartOf":{"@id":"https:\/\/denizcankizil.tr\/#website"},"datePublished":"2024-11-28T14:42:05+00:00","breadcrumb":{"@id":"http:\/\/denizcankizil.tr\/en\/haberler\/gundem\/baris-sitesinde-kura-cekimi-tarihi-belli-oldu\/#breadcrumb"},"inLanguage":"ru-RU","potentialAction":[{"@type":"ReadAction","target":["http:\/\/denizcankizil.tr\/en\/haberler\/gundem\/baris-sitesinde-kura-cekimi-tarihi-belli-oldu\/"]}]},{"@type":"BreadcrumbList","@id":"http:\/\/denizcankizil.tr\/en\/haberler\/gundem\/baris-sitesinde-kura-cekimi-tarihi-belli-oldu\/#breadcrumb","itemListElement":[{"@type":"ListItem","position":1,"name":"Home","item":"https:\/\/denizcankizil.tr\/de\/"},{"@type":"ListItem","position":2,"name":"Bar\u0131\u015f Sitesi\u2019nde Kura \u00c7ekimi Tarihi Belli Oldu"}]},{"@type":"WebSite","@id":"https:\/\/denizcankizil.tr\/#website","url":"https:\/\/denizcankizil.tr\/","name":"Av. Deniz Can K\u0131z\u0131l","description":"Avukat Deniz Can K\u0131z\u0131l Antalya Barosu","publisher":{"@id":"https:\/\/denizcankizil.tr\/#organization"},"potentialAction":[{"@type":"SearchAction","target":{"@type":"EntryPoint","urlTemplate":"https:\/\/denizcankizil.tr\/?s={search_term_string}"},"query-input":{"@type":"PropertyValueSpecification","valueRequired":true,"valueName":"search_term_string"}}],"inLanguage":"ru-RU"},{"@type":"Organization","@id":"https:\/\/denizcankizil.tr\/#organization","name":"Av. Deniz Can K\u0131z\u0131l","url":"https:\/\/denizcankizil.tr\/","logo":{"@type":"ImageObject","inLanguage":"ru-RU","@id":"https:\/\/denizcankizil.tr\/#\/schema\/logo\/image\/","url":"https:\/\/denizcankizil.tr\/wp-content\/uploads\/2024\/10\/siyah-logo-svg.svg","contentUrl":"https:\/\/denizcankizil.tr\/wp-content\/uploads\/2024\/10\/siyah-logo-svg.svg","width":1080,"height":1080,"caption":"Av. Deniz Can K\u0131z\u0131l"},"image":{"@id":"https:\/\/denizcankizil.tr\/#\/schema\/logo\/image\/"}}]}},"_links":{"self":[{"href":"https:\/\/denizcankizil.tr\/ru\/wp-json\/wp\/v2\/posts\/18158","targetHints":{"allow":["GET"]}}],"collection":[{"href":"https:\/\/denizcankizil.tr\/ru\/wp-json\/wp\/v2\/posts"}],"about":[{"href":"https:\/\/denizcankizil.tr\/ru\/wp-json\/wp\/v2\/types\/post"}],"replies":[{"embeddable":true,"href":"https:\/\/denizcankizil.tr\/ru\/wp-json\/wp\/v2\/comments?post=18158"}],"version-history":[{"count":0,"href":"https:\/\/denizcankizil.tr\/ru\/wp-json\/wp\/v2\/posts\/18158\/revisions"}],"wp:attachment":[{"href":"https:\/\/denizcankizil.tr\/ru\/wp-json\/wp\/v2\/media?parent=18158"}],"wp:term":[{"taxonomy":"category","embeddable":true,"href":"https:\/\/denizcankizil.tr\/ru\/wp-json\/wp\/v2\/categories?post=18158"},{"taxonomy":"post_tag","embeddable":true,"href":"https:\/\/denizcankizil.tr\/ru\/wp-json\/wp\/v2\/tags?post=18158"}],"curies":[{"name":"wp","href":"https:\/\/api.w.org\/{rel}","templated":true}]}}