{"id":17784,"date":"2024-11-26T15:42:10","date_gmt":"2024-11-26T12:42:10","guid":{"rendered":"https:\/\/denizcankizil.tr\/uncategorized-tr\/sakarya-uc-boyutlu-tomografi-ile-facialari-onleyecek\/"},"modified":"2024-11-26T15:42:10","modified_gmt":"2024-11-26T12:42:10","slug":"sakarya-uc-boyutlu-tomografi-ile-facialari-onleyecek","status":"publish","type":"post","link":"https:\/\/denizcankizil.tr\/ru\/haberler\/gundem\/sakarya-uc-boyutlu-tomografi-ile-facialari-onleyecek\/","title":{"rendered":"Sakarya \u00fc\u00e7 boyutlu tomografi ile facialar\u0131 \u00f6nleyecek"},"content":{"rendered":"<p>Sakarya B\u00fcy\u00fck\u015fehir Belediyesi, ye\u015filin her tonunu bar\u0131nd\u0131ran Sakarya\u2019da ye\u015fili, do\u011fay\u0131 ev a\u011fa\u00e7lar\u0131n sa\u011fl\u0131\u011f\u0131n\u0131 kontrol edip tedavi etmek, tabiat\u0131 gelece\u011fe g\u00fcvenle miras b\u0131rakmak ve cadde, sokaklarda olas\u0131 facialar\u0131 \u00f6nlemek i\u00e7in 3 boyutlu akustik a\u011fa\u00e7 tomografi cihaz\u0131n\u0131 devreye al\u0131yor.SAKARYA (\u0130GFA) &#8211;\u00a0 Sakarya B\u00fcy\u00fck\u015fehir Belediyesi, \u015fehrin ye\u015fil cennetini korumak ve gelecek nesillere miras b\u0131rakmak i\u00e7in \u00f6nemli bir ad\u0131m daha at\u0131yor.<br \/>\nPark ve Bah\u00e7eler Daireler Ba\u015fkanl\u0131\u011f\u0131, \u015fehrin en i\u015flek cadde ve sokaklar\u0131nda ve d\u00f6rt bir yanda g\u00fczelli\u011fiyle b\u00fcy\u00fcleyen a\u011fa\u00e7lar\u0131 korumak, tedavi etmek i\u00e7in \u201c3 boyutlu akustik a\u011fa\u00e7 tomografi cihaz\u0131n\u0131\u201d devreye alacak.<br \/>\nBu cihaz sayesinde \u00f6zellikle k\u0131\u015f \u015fartlar\u0131nda yo\u011fun kar, ya\u011fmur ya\u011f\u0131\u015flar\u0131 sonras\u0131 ve f\u0131rt\u0131na ile lodosta zarar g\u00f6ren, tehlike arz eden a\u011fa\u00e7lar basit bir i\u015flemle detayl\u0131ca tespit edilebilecek.<\/p>\n<p>CAN VE MAL KAYIPLARI \u00d6NLENECEK<br \/>\nBu uygulamayla birlikte cadde ve sokaklarda olas\u0131 facialar \u00f6nlenecek, f\u0131rt\u0131naya direnemeyen a\u011fa\u00e7lar\u0131n sebep oldu\u011fu can ile mal kay\u0131plar\u0131 \u00f6nlenmi\u015f olacak. 29 Kas\u0131m\u2019da ger\u00e7ekle\u015ftirilecek ihaleyle 3 boyutlu akustik a\u011fa\u00e7tomografi cihaz\u0131 al\u0131m\u0131 ger\u00e7ekle\u015ftirilecek.<br \/>\nD\u0131\u015far\u0131dan sa\u011fl\u0131kl\u0131 g\u00f6z\u00fcken ancak \u00e7etin \u015fartlar sonucunda i\u00e7eriden \u00e7\u00fcr\u00fcme ya\u015fayan a\u011fa\u00e7lar, uzman ekiplerce tespit edilerek tedavi edilecek. Ayr\u0131ca kurtar\u0131lmas\u0131 m\u00fcmk\u00fcn olmayan a\u011fa\u00e7lar ise olas\u0131 afetlerin \u00f6nlenmesi i\u00e7in bulunduklar\u0131 alandan uzakla\u015ft\u0131r\u0131lacak.<br \/>\n\u00d6te yandan cihaz sayesinde t\u00fcm \u015fehrin r\u00f6ntgeni \u00e7ekilecek ve a\u011fa\u00e7lar\u0131n durumu, bilgisi, g\u00f6rd\u00fc\u011f\u00fc tedavi s\u00fcre\u00e7leri kay\u0131t alt\u0131na al\u0131nacak.<br \/>\nPark ve Bah\u00e7eler Daireler Ba\u015fkanl\u0131\u011f\u0131\u2019ndan yap\u0131lan a\u00e7\u0131klamada, \u201cB\u00fcy\u00fck\u015fehir Belediyesi olarak sorumluluk alanlar\u0131m\u0131zda bulunan, \u00f6zellikle belli ya\u015f ve kutura ula\u015fm\u0131\u015ffiziki g\u00f6r\u00fcn\u00fcm\u00fc sa\u011fl\u0131kl\u0131 ancak i\u00e7eriden gizli \u00e7\u00fcr\u00fcme, kovukla\u015fma yapabilecek nitelikteki a\u011fa\u00e7lar\u0131n tespiti, bunlar\u0131n kay\u0131t alt\u0131na al\u0131nmas\u0131, m\u00fcmk\u00fcnse yerinde rehabilite edilmesi, de\u011filse alandan uzakla\u015ft\u0131r\u0131lmas\u0131 konusunda 3 boyutlu akustik a\u011fa\u00e7 tomografi cihaz\u0131 al\u0131m\u0131 ger\u00e7ekle\u015ftiriyoruz.\u201d denildi.<\/p>\n<p>\u200bSakarya B\u00fcy\u00fck\u015fehir Belediyesi, ye\u015filin her tonunu bar\u0131nd\u0131ran Sakarya\u2019da ye\u015fili, do\u011fay\u0131 ev a\u011fa\u00e7lar\u0131n sa\u011fl\u0131\u011f\u0131n\u0131 kontrol edip tedavi etmek, tabiat\u0131 gelece\u011fe g\u00fcvenle miras b\u0131rakmak ve cadde, sokaklarda olas\u0131 facialar\u0131 \u00f6nlemek i\u00e7in 3 boyutlu akustik a\u011fa\u00e7 tomografi cihaz\u0131n\u0131 devreye al\u0131yor\u00a0<\/p>\n<p>\u200bHaberin Al\u0131nt\u0131land\u0131\u011f\u0131 Kaynak: www.iskenderun.org<\/p>","protected":false},"excerpt":{"rendered":"<p>Sakarya B\u00fcy\u00fck\u015fehir Belediyesi, ye\u015filin her tonunu bar\u0131nd\u0131ran Sakarya\u2019da ye\u015fili, do\u011fay\u0131 ev a\u011fa\u00e7lar\u0131n sa\u011fl\u0131\u011f\u0131n\u0131 kontrol edip tedavi etmek, tabiat\u0131 gelece\u011fe g\u00fcvenle miras b\u0131rakmak ve cadde, sokaklarda olas\u0131 facialar\u0131 \u00f6nlemek i\u00e7in 3 boyutlu akustik a\u011fa\u00e7 tomografi cihaz\u0131n\u0131 devreye al\u0131yor.SAKARYA (\u0130GFA) &#8211;\u00a0 Sakarya B\u00fcy\u00fck\u015fehir Belediyesi, \u015fehrin ye\u015fil cennetini korumak ve gelecek nesillere miras b\u0131rakmak i\u00e7in \u00f6nemli bir ad\u0131m daha at\u0131yor. Park ve Bah\u00e7eler Daireler Ba\u015fkanl\u0131\u011f\u0131, \u015fehrin en i\u015flek cadde ve sokaklar\u0131nda ve d\u00f6rt bir yanda g\u00fczelli\u011fiyle b\u00fcy\u00fcleyen a\u011fa\u00e7lar\u0131 korumak, tedavi etmek i\u00e7in \u201c3 boyutlu akustik a\u011fa\u00e7 tomografi cihaz\u0131n\u0131\u201d devreye alacak. Bu cihaz sayesinde \u00f6zellikle k\u0131\u015f \u015fartlar\u0131nda yo\u011fun kar, ya\u011fmur ya\u011f\u0131\u015flar\u0131 sonras\u0131 ve f\u0131rt\u0131na ile lodosta zarar g\u00f6ren, tehlike arz eden a\u011fa\u00e7lar basit bir i\u015flemle detayl\u0131ca tespit edilebilecek. CAN VE MAL KAYIPLARI \u00d6NLENECEK Bu uygulamayla birlikte cadde ve sokaklarda olas\u0131 facialar \u00f6nlenecek, f\u0131rt\u0131naya direnemeyen a\u011fa\u00e7lar\u0131n sebep oldu\u011fu can ile mal kay\u0131plar\u0131 \u00f6nlenmi\u015f olacak. 29 Kas\u0131m\u2019da ger\u00e7ekle\u015ftirilecek ihaleyle 3 boyutlu akustik a\u011fa\u00e7tomografi cihaz\u0131 al\u0131m\u0131 ger\u00e7ekle\u015ftirilecek. D\u0131\u015far\u0131dan sa\u011fl\u0131kl\u0131 g\u00f6z\u00fcken ancak \u00e7etin \u015fartlar sonucunda i\u00e7eriden \u00e7\u00fcr\u00fcme ya\u015fayan a\u011fa\u00e7lar, uzman ekiplerce tespit edilerek tedavi edilecek. Ayr\u0131ca kurtar\u0131lmas\u0131 m\u00fcmk\u00fcn olmayan a\u011fa\u00e7lar ise olas\u0131 afetlerin \u00f6nlenmesi i\u00e7in bulunduklar\u0131 alandan uzakla\u015ft\u0131r\u0131lacak. \u00d6te yandan cihaz sayesinde t\u00fcm \u015fehrin r\u00f6ntgeni \u00e7ekilecek ve a\u011fa\u00e7lar\u0131n durumu, bilgisi, g\u00f6rd\u00fc\u011f\u00fc tedavi s\u00fcre\u00e7leri kay\u0131t alt\u0131na al\u0131nacak. Park ve &hellip;<\/p>","protected":false},"author":0,"featured_media":0,"comment_status":"open","ping_status":"open","sticky":false,"template":"","format":"standard","meta":{"_acf_changed":false,"footnotes":""},"categories":[24,535],"tags":[],"class_list":["post-17784","post","type-post","status-publish","format-standard","has-post-thumbnail","hentry","category-gundem","category-uncategorized-tr"],"acf":[],"yoast_head":"<!-- This site is optimized with the Yoast SEO Premium plugin v26.6 (Yoast SEO v27.1.1) - https:\/\/yoast.com\/product\/yoast-seo-premium-wordpress\/ -->\n<title>Sakarya \u00fc\u00e7 boyutlu tomografi ile facialar\u0131 \u00f6nleyecek - Av. Deniz Can K\u0131z\u0131l<\/title>\n<meta name=\"robots\" content=\"index, follow, max-snippet:-1, max-image-preview:large, max-video-preview:-1\" \/>\n<link rel=\"canonical\" href=\"https:\/\/denizcankizil.tr\/ru\/haberler\/gundem\/sakarya-uc-boyutlu-tomografi-ile-facialari-onleyecek\/\" \/>\n<meta property=\"og:locale\" content=\"ru_RU\" \/>\n<meta property=\"og:type\" content=\"article\" \/>\n<meta property=\"og:title\" content=\"Sakarya \u00fc\u00e7 boyutlu tomografi ile facialar\u0131 \u00f6nleyecek\" \/>\n<meta property=\"og:description\" content=\"Sakarya B\u00fcy\u00fck\u015fehir Belediyesi, ye\u015filin her tonunu bar\u0131nd\u0131ran Sakarya\u2019da ye\u015fili, do\u011fay\u0131 ev a\u011fa\u00e7lar\u0131n sa\u011fl\u0131\u011f\u0131n\u0131 kontrol edip tedavi etmek, tabiat\u0131 gelece\u011fe g\u00fcvenle miras b\u0131rakmak ve cadde, sokaklarda olas\u0131 facialar\u0131 \u00f6nlemek i\u00e7in 3 boyutlu akustik a\u011fa\u00e7 tomografi cihaz\u0131n\u0131 devreye al\u0131yor.SAKARYA (\u0130GFA) &#8211;\u00a0 Sakarya B\u00fcy\u00fck\u015fehir Belediyesi, \u015fehrin ye\u015fil cennetini korumak ve gelecek nesillere miras b\u0131rakmak i\u00e7in \u00f6nemli bir ad\u0131m daha at\u0131yor. Park ve Bah\u00e7eler Daireler Ba\u015fkanl\u0131\u011f\u0131, \u015fehrin en i\u015flek cadde ve sokaklar\u0131nda ve d\u00f6rt bir yanda g\u00fczelli\u011fiyle b\u00fcy\u00fcleyen a\u011fa\u00e7lar\u0131 korumak, tedavi etmek i\u00e7in \u201c3 boyutlu akustik a\u011fa\u00e7 tomografi cihaz\u0131n\u0131\u201d devreye alacak. Bu cihaz sayesinde \u00f6zellikle k\u0131\u015f \u015fartlar\u0131nda yo\u011fun kar, ya\u011fmur ya\u011f\u0131\u015flar\u0131 sonras\u0131 ve f\u0131rt\u0131na ile lodosta zarar g\u00f6ren, tehlike arz eden a\u011fa\u00e7lar basit bir i\u015flemle detayl\u0131ca tespit edilebilecek. CAN VE MAL KAYIPLARI \u00d6NLENECEK Bu uygulamayla birlikte cadde ve sokaklarda olas\u0131 facialar \u00f6nlenecek, f\u0131rt\u0131naya direnemeyen a\u011fa\u00e7lar\u0131n sebep oldu\u011fu can ile mal kay\u0131plar\u0131 \u00f6nlenmi\u015f olacak. 29 Kas\u0131m\u2019da ger\u00e7ekle\u015ftirilecek ihaleyle 3 boyutlu akustik a\u011fa\u00e7tomografi cihaz\u0131 al\u0131m\u0131 ger\u00e7ekle\u015ftirilecek. D\u0131\u015far\u0131dan sa\u011fl\u0131kl\u0131 g\u00f6z\u00fcken ancak \u00e7etin \u015fartlar sonucunda i\u00e7eriden \u00e7\u00fcr\u00fcme ya\u015fayan a\u011fa\u00e7lar, uzman ekiplerce tespit edilerek tedavi edilecek. Ayr\u0131ca kurtar\u0131lmas\u0131 m\u00fcmk\u00fcn olmayan a\u011fa\u00e7lar ise olas\u0131 afetlerin \u00f6nlenmesi i\u00e7in bulunduklar\u0131 alandan uzakla\u015ft\u0131r\u0131lacak. \u00d6te yandan cihaz sayesinde t\u00fcm \u015fehrin r\u00f6ntgeni \u00e7ekilecek ve a\u011fa\u00e7lar\u0131n durumu, bilgisi, g\u00f6rd\u00fc\u011f\u00fc tedavi s\u00fcre\u00e7leri kay\u0131t alt\u0131na al\u0131nacak. Park ve &hellip;\" \/>\n<meta property=\"og:url\" content=\"https:\/\/denizcankizil.tr\/ru\/haberler\/gundem\/sakarya-uc-boyutlu-tomografi-ile-facialari-onleyecek\/\" \/>\n<meta property=\"og:site_name\" content=\"Av. Deniz Can K\u0131z\u0131l\" \/>\n<meta property=\"article:published_time\" content=\"2024-11-26T12:42:10+00:00\" \/>\n<meta name=\"twitter:card\" content=\"summary_large_image\" \/>\n<meta name=\"twitter:label1\" content=\"\u041f\u0440\u0438\u043c\u0435\u0440\u043d\u043e\u0435 \u0432\u0440\u0435\u043c\u044f \u0434\u043b\u044f \u0447\u0442\u0435\u043d\u0438\u044f\" \/>\n\t<meta name=\"twitter:data1\" content=\"2 \u043c\u0438\u043d\u0443\u0442\u044b\" \/>\n<script type=\"application\/ld+json\" class=\"yoast-schema-graph\">{\"@context\":\"https:\/\/schema.org\",\"@graph\":[{\"@type\":\"Article\",\"@id\":\"https:\/\/denizcankizil.tr\/ru\/haberler\/gundem\/sakarya-uc-boyutlu-tomografi-ile-facialari-onleyecek\/#article\",\"isPartOf\":{\"@id\":\"https:\/\/denizcankizil.tr\/ru\/haberler\/gundem\/sakarya-uc-boyutlu-tomografi-ile-facialari-onleyecek\/\"},\"author\":{\"name\":\"\",\"@id\":\"\"},\"headline\":\"Sakarya \u00fc\u00e7 boyutlu tomografi ile facialar\u0131 \u00f6nleyecek\",\"datePublished\":\"2024-11-26T12:42:10+00:00\",\"mainEntityOfPage\":{\"@id\":\"https:\/\/denizcankizil.tr\/ru\/haberler\/gundem\/sakarya-uc-boyutlu-tomografi-ile-facialari-onleyecek\/\"},\"wordCount\":455,\"commentCount\":0,\"publisher\":{\"@id\":\"https:\/\/denizcankizil.tr\/de\/#organization\"},\"articleSection\":[\"G\u00fcndem\",\"Uncategorized\"],\"inLanguage\":\"ru-RU\",\"potentialAction\":[{\"@type\":\"CommentAction\",\"name\":\"Comment\",\"target\":[\"https:\/\/denizcankizil.tr\/ru\/haberler\/gundem\/sakarya-uc-boyutlu-tomografi-ile-facialari-onleyecek\/#respond\"]}]},{\"@type\":\"WebPage\",\"@id\":\"https:\/\/denizcankizil.tr\/ru\/haberler\/gundem\/sakarya-uc-boyutlu-tomografi-ile-facialari-onleyecek\/\",\"url\":\"https:\/\/denizcankizil.tr\/ru\/haberler\/gundem\/sakarya-uc-boyutlu-tomografi-ile-facialari-onleyecek\/\",\"name\":\"Sakarya \u00fc\u00e7 boyutlu tomografi ile facialar\u0131 \u00f6nleyecek - Av. Deniz Can K\u0131z\u0131l\",\"isPartOf\":{\"@id\":\"https:\/\/denizcankizil.tr\/de\/#website\"},\"datePublished\":\"2024-11-26T12:42:10+00:00\",\"breadcrumb\":{\"@id\":\"https:\/\/denizcankizil.tr\/ru\/haberler\/gundem\/sakarya-uc-boyutlu-tomografi-ile-facialari-onleyecek\/#breadcrumb\"},\"inLanguage\":\"ru-RU\",\"potentialAction\":[{\"@type\":\"ReadAction\",\"target\":[\"https:\/\/denizcankizil.tr\/ru\/haberler\/gundem\/sakarya-uc-boyutlu-tomografi-ile-facialari-onleyecek\/\"]}]},{\"@type\":\"BreadcrumbList\",\"@id\":\"https:\/\/denizcankizil.tr\/ru\/haberler\/gundem\/sakarya-uc-boyutlu-tomografi-ile-facialari-onleyecek\/#breadcrumb\",\"itemListElement\":[{\"@type\":\"ListItem\",\"position\":1,\"name\":\"Home\",\"item\":\"https:\/\/denizcankizil.tr\/de\/\"},{\"@type\":\"ListItem\",\"position\":2,\"name\":\"Sakarya \u00fc\u00e7 boyutlu tomografi ile facialar\u0131 \u00f6nleyecek\"}]},{\"@type\":\"WebSite\",\"@id\":\"https:\/\/denizcankizil.tr\/de\/#website\",\"url\":\"https:\/\/denizcankizil.tr\/de\/\",\"name\":\"Av. Deniz Can K\u0131z\u0131l\",\"description\":\"Avukat Deniz Can K\u0131z\u0131l Antalya Barosu\",\"publisher\":{\"@id\":\"https:\/\/denizcankizil.tr\/de\/#organization\"},\"potentialAction\":[{\"@type\":\"SearchAction\",\"target\":{\"@type\":\"EntryPoint\",\"urlTemplate\":\"https:\/\/denizcankizil.tr\/de\/?s={search_term_string}\"},\"query-input\":{\"@type\":\"PropertyValueSpecification\",\"valueRequired\":true,\"valueName\":\"search_term_string\"}}],\"inLanguage\":\"ru-RU\"},{\"@type\":\"Organization\",\"@id\":\"https:\/\/denizcankizil.tr\/de\/#organization\",\"name\":\"Av. Deniz Can K\u0131z\u0131l\",\"url\":\"https:\/\/denizcankizil.tr\/de\/\",\"logo\":{\"@type\":\"ImageObject\",\"inLanguage\":\"ru-RU\",\"@id\":\"https:\/\/denizcankizil.tr\/de\/#\/schema\/logo\/image\/\",\"url\":\"https:\/\/denizcankizil.tr\/wp-content\/uploads\/2024\/10\/siyah-logo-svg.svg\",\"contentUrl\":\"https:\/\/denizcankizil.tr\/wp-content\/uploads\/2024\/10\/siyah-logo-svg.svg\",\"width\":1080,\"height\":1080,\"caption\":\"Av. Deniz Can K\u0131z\u0131l\"},\"image\":{\"@id\":\"https:\/\/denizcankizil.tr\/de\/#\/schema\/logo\/image\/\"}}]}<\/script>\n<!-- \/ Yoast SEO Premium plugin. -->","yoast_head_json":{"title":"Sakarya \u00fc\u00e7 boyutlu tomografi ile facialar\u0131 \u00f6nleyecek - Av. Deniz Can K\u0131z\u0131l","robots":{"index":"index","follow":"follow","max-snippet":"max-snippet:-1","max-image-preview":"max-image-preview:large","max-video-preview":"max-video-preview:-1"},"canonical":"https:\/\/denizcankizil.tr\/ru\/haberler\/gundem\/sakarya-uc-boyutlu-tomografi-ile-facialari-onleyecek\/","og_locale":"ru_RU","og_type":"article","og_title":"Sakarya \u00fc\u00e7 boyutlu tomografi ile facialar\u0131 \u00f6nleyecek","og_description":"Sakarya B\u00fcy\u00fck\u015fehir Belediyesi, ye\u015filin her tonunu bar\u0131nd\u0131ran Sakarya\u2019da ye\u015fili, do\u011fay\u0131 ev a\u011fa\u00e7lar\u0131n sa\u011fl\u0131\u011f\u0131n\u0131 kontrol edip tedavi etmek, tabiat\u0131 gelece\u011fe g\u00fcvenle miras b\u0131rakmak ve cadde, sokaklarda olas\u0131 facialar\u0131 \u00f6nlemek i\u00e7in 3 boyutlu akustik a\u011fa\u00e7 tomografi cihaz\u0131n\u0131 devreye al\u0131yor.SAKARYA (\u0130GFA) &#8211;\u00a0 Sakarya B\u00fcy\u00fck\u015fehir Belediyesi, \u015fehrin ye\u015fil cennetini korumak ve gelecek nesillere miras b\u0131rakmak i\u00e7in \u00f6nemli bir ad\u0131m daha at\u0131yor. Park ve Bah\u00e7eler Daireler Ba\u015fkanl\u0131\u011f\u0131, \u015fehrin en i\u015flek cadde ve sokaklar\u0131nda ve d\u00f6rt bir yanda g\u00fczelli\u011fiyle b\u00fcy\u00fcleyen a\u011fa\u00e7lar\u0131 korumak, tedavi etmek i\u00e7in \u201c3 boyutlu akustik a\u011fa\u00e7 tomografi cihaz\u0131n\u0131\u201d devreye alacak. Bu cihaz sayesinde \u00f6zellikle k\u0131\u015f \u015fartlar\u0131nda yo\u011fun kar, ya\u011fmur ya\u011f\u0131\u015flar\u0131 sonras\u0131 ve f\u0131rt\u0131na ile lodosta zarar g\u00f6ren, tehlike arz eden a\u011fa\u00e7lar basit bir i\u015flemle detayl\u0131ca tespit edilebilecek. CAN VE MAL KAYIPLARI \u00d6NLENECEK Bu uygulamayla birlikte cadde ve sokaklarda olas\u0131 facialar \u00f6nlenecek, f\u0131rt\u0131naya direnemeyen a\u011fa\u00e7lar\u0131n sebep oldu\u011fu can ile mal kay\u0131plar\u0131 \u00f6nlenmi\u015f olacak. 29 Kas\u0131m\u2019da ger\u00e7ekle\u015ftirilecek ihaleyle 3 boyutlu akustik a\u011fa\u00e7tomografi cihaz\u0131 al\u0131m\u0131 ger\u00e7ekle\u015ftirilecek. D\u0131\u015far\u0131dan sa\u011fl\u0131kl\u0131 g\u00f6z\u00fcken ancak \u00e7etin \u015fartlar sonucunda i\u00e7eriden \u00e7\u00fcr\u00fcme ya\u015fayan a\u011fa\u00e7lar, uzman ekiplerce tespit edilerek tedavi edilecek. Ayr\u0131ca kurtar\u0131lmas\u0131 m\u00fcmk\u00fcn olmayan a\u011fa\u00e7lar ise olas\u0131 afetlerin \u00f6nlenmesi i\u00e7in bulunduklar\u0131 alandan uzakla\u015ft\u0131r\u0131lacak. \u00d6te yandan cihaz sayesinde t\u00fcm \u015fehrin r\u00f6ntgeni \u00e7ekilecek ve a\u011fa\u00e7lar\u0131n durumu, bilgisi, g\u00f6rd\u00fc\u011f\u00fc tedavi s\u00fcre\u00e7leri kay\u0131t alt\u0131na al\u0131nacak. Park ve &hellip;","og_url":"https:\/\/denizcankizil.tr\/ru\/haberler\/gundem\/sakarya-uc-boyutlu-tomografi-ile-facialari-onleyecek\/","og_site_name":"Av. Deniz Can K\u0131z\u0131l","article_published_time":"2024-11-26T12:42:10+00:00","twitter_card":"summary_large_image","twitter_misc":{"\u041f\u0440\u0438\u043c\u0435\u0440\u043d\u043e\u0435 \u0432\u0440\u0435\u043c\u044f \u0434\u043b\u044f \u0447\u0442\u0435\u043d\u0438\u044f":"2 \u043c\u0438\u043d\u0443\u0442\u044b"},"schema":{"@context":"https:\/\/schema.org","@graph":[{"@type":"Article","@id":"https:\/\/denizcankizil.tr\/ru\/haberler\/gundem\/sakarya-uc-boyutlu-tomografi-ile-facialari-onleyecek\/#article","isPartOf":{"@id":"https:\/\/denizcankizil.tr\/ru\/haberler\/gundem\/sakarya-uc-boyutlu-tomografi-ile-facialari-onleyecek\/"},"author":{"name":"","@id":""},"headline":"Sakarya \u00fc\u00e7 boyutlu tomografi ile facialar\u0131 \u00f6nleyecek","datePublished":"2024-11-26T12:42:10+00:00","mainEntityOfPage":{"@id":"https:\/\/denizcankizil.tr\/ru\/haberler\/gundem\/sakarya-uc-boyutlu-tomografi-ile-facialari-onleyecek\/"},"wordCount":455,"commentCount":0,"publisher":{"@id":"https:\/\/denizcankizil.tr\/de\/#organization"},"articleSection":["G\u00fcndem","Uncategorized"],"inLanguage":"ru-RU","potentialAction":[{"@type":"CommentAction","name":"Comment","target":["https:\/\/denizcankizil.tr\/ru\/haberler\/gundem\/sakarya-uc-boyutlu-tomografi-ile-facialari-onleyecek\/#respond"]}]},{"@type":"WebPage","@id":"https:\/\/denizcankizil.tr\/ru\/haberler\/gundem\/sakarya-uc-boyutlu-tomografi-ile-facialari-onleyecek\/","url":"https:\/\/denizcankizil.tr\/ru\/haberler\/gundem\/sakarya-uc-boyutlu-tomografi-ile-facialari-onleyecek\/","name":"Sakarya \u00fc\u00e7 boyutlu tomografi ile facialar\u0131 \u00f6nleyecek - Av. Deniz Can K\u0131z\u0131l","isPartOf":{"@id":"https:\/\/denizcankizil.tr\/de\/#website"},"datePublished":"2024-11-26T12:42:10+00:00","breadcrumb":{"@id":"https:\/\/denizcankizil.tr\/ru\/haberler\/gundem\/sakarya-uc-boyutlu-tomografi-ile-facialari-onleyecek\/#breadcrumb"},"inLanguage":"ru-RU","potentialAction":[{"@type":"ReadAction","target":["https:\/\/denizcankizil.tr\/ru\/haberler\/gundem\/sakarya-uc-boyutlu-tomografi-ile-facialari-onleyecek\/"]}]},{"@type":"BreadcrumbList","@id":"https:\/\/denizcankizil.tr\/ru\/haberler\/gundem\/sakarya-uc-boyutlu-tomografi-ile-facialari-onleyecek\/#breadcrumb","itemListElement":[{"@type":"ListItem","position":1,"name":"Home","item":"https:\/\/denizcankizil.tr\/de\/"},{"@type":"ListItem","position":2,"name":"Sakarya \u00fc\u00e7 boyutlu tomografi ile facialar\u0131 \u00f6nleyecek"}]},{"@type":"WebSite","@id":"https:\/\/denizcankizil.tr\/de\/#website","url":"https:\/\/denizcankizil.tr\/de\/","name":"Av. Deniz Can K\u0131z\u0131l","description":"Avukat Deniz Can K\u0131z\u0131l Antalya Barosu","publisher":{"@id":"https:\/\/denizcankizil.tr\/de\/#organization"},"potentialAction":[{"@type":"SearchAction","target":{"@type":"EntryPoint","urlTemplate":"https:\/\/denizcankizil.tr\/de\/?s={search_term_string}"},"query-input":{"@type":"PropertyValueSpecification","valueRequired":true,"valueName":"search_term_string"}}],"inLanguage":"ru-RU"},{"@type":"Organization","@id":"https:\/\/denizcankizil.tr\/de\/#organization","name":"Av. Deniz Can K\u0131z\u0131l","url":"https:\/\/denizcankizil.tr\/de\/","logo":{"@type":"ImageObject","inLanguage":"ru-RU","@id":"https:\/\/denizcankizil.tr\/de\/#\/schema\/logo\/image\/","url":"https:\/\/denizcankizil.tr\/wp-content\/uploads\/2024\/10\/siyah-logo-svg.svg","contentUrl":"https:\/\/denizcankizil.tr\/wp-content\/uploads\/2024\/10\/siyah-logo-svg.svg","width":1080,"height":1080,"caption":"Av. Deniz Can K\u0131z\u0131l"},"image":{"@id":"https:\/\/denizcankizil.tr\/de\/#\/schema\/logo\/image\/"}}]}},"_links":{"self":[{"href":"https:\/\/denizcankizil.tr\/ru\/wp-json\/wp\/v2\/posts\/17784","targetHints":{"allow":["GET"]}}],"collection":[{"href":"https:\/\/denizcankizil.tr\/ru\/wp-json\/wp\/v2\/posts"}],"about":[{"href":"https:\/\/denizcankizil.tr\/ru\/wp-json\/wp\/v2\/types\/post"}],"replies":[{"embeddable":true,"href":"https:\/\/denizcankizil.tr\/ru\/wp-json\/wp\/v2\/comments?post=17784"}],"version-history":[{"count":0,"href":"https:\/\/denizcankizil.tr\/ru\/wp-json\/wp\/v2\/posts\/17784\/revisions"}],"wp:attachment":[{"href":"https:\/\/denizcankizil.tr\/ru\/wp-json\/wp\/v2\/media?parent=17784"}],"wp:term":[{"taxonomy":"category","embeddable":true,"href":"https:\/\/denizcankizil.tr\/ru\/wp-json\/wp\/v2\/categories?post=17784"},{"taxonomy":"post_tag","embeddable":true,"href":"https:\/\/denizcankizil.tr\/ru\/wp-json\/wp\/v2\/tags?post=17784"}],"curies":[{"name":"wp","href":"https:\/\/api.w.org\/{rel}","templated":true}]}}