{"id":17744,"date":"2024-11-26T14:42:23","date_gmt":"2024-11-26T11:42:23","guid":{"rendered":"https:\/\/denizcankizil.tr\/uncategorized-tr\/iskenderunlu-kadinlar-ozgurluge-yurudu\/"},"modified":"2024-11-26T14:42:23","modified_gmt":"2024-11-26T11:42:23","slug":"iskenderunlu-kadinlar-ozgurluge-yurudu","status":"publish","type":"post","link":"https:\/\/denizcankizil.tr\/ru\/haberler\/gundem\/iskenderunlu-kadinlar-ozgurluge-yurudu\/","title":{"rendered":"\u0130skenderunlu Kad\u0131nlar \u2018\u00d6zg\u00fcrl\u00fc\u011fe y\u00fcr\u00fcd\u00fc\u2019"},"content":{"rendered":"<p>G\u00fcvercinli Park\u2019ta ba\u015flayan etkinlik, Ulucami Caddesi ve Havuzlu \u00c7ar\u015f\u0131&#8217;dan \u015eehit Pamir Caddesi\u2019ne uzanan y\u00fcr\u00fcy\u00fc\u015fle devam etti. Etkinlikte bas\u0131n a\u00e7\u0131klamalar\u0131 yap\u0131larak kad\u0131na y\u00f6nelik \u015fiddetle m\u00fccadelede \u00f6rg\u00fctl\u00fc m\u00fccadelenin \u00f6nemi vurguland\u0131.<\/p>\n<p>Etkinli\u011fe CHP Hatay Milletvekili Nermin Y\u0131ld\u0131r\u0131m Kara\u2019n\u0131n yan\u0131 s\u0131ra \u00e7ok say\u0131da kad\u0131n kat\u0131ld\u0131. \u0130skenderun Kad\u0131n Platformu ad\u0131na yap\u0131lan a\u00e7\u0131klamada, kad\u0131na y\u00f6nelik \u015fiddetin toplumsal bir sorun oldu\u011fu vurgulanarak, \u0130stanbul S\u00f6zle\u015fmesi\u2019nin feshi, 6284 say\u0131l\u0131 yasa ve di\u011fer kad\u0131n haklar\u0131n\u0131n ihlaline y\u00f6nelik ele\u015ftiriler dile getirildi.<\/p>\n<p>A\u00e7\u0131klamada, kad\u0131nlar\u0131n maruz kald\u0131\u011f\u0131 \u015fiddet ve ayr\u0131mc\u0131l\u0131kla m\u00fccadelede hukukun \u00f6nemine dikkat \u00e7ekilerek \u015fu ifadelere yer verildi: &#8220;Kad\u0131nlar olarak, ya\u015fam hakk\u0131m\u0131z\u0131 ve \u00f6zg\u00fcrl\u00fcklerimizi savunuyoruz. Mirabel karde\u015flerin m\u00fccadelesinden ilham alarak \u015fiddetsiz, e\u015fit ve \u00f6zg\u00fcr bir d\u00fcnya i\u00e7in dayan\u0131\u015fmam\u0131z\u0131 b\u00fcy\u00fctece\u011fiz.&#8221;<\/p>\n<p>Kad\u0131nlar, deprem sonras\u0131 artan zorluklar, ekonomik kriz, e\u011fitimde e\u015fitsizlikler ve toplumsal cinsiyet adaletsizliklerine kar\u015f\u0131 \u00e7\u00f6z\u00fcm \u00e7a\u011fr\u0131s\u0131nda bulunarak, m\u00fccadelelerinin devam edece\u011fini belirttiler. Etkinlik, kad\u0131na y\u00f6nelik \u015fiddete kar\u015f\u0131 dayan\u0131\u015fma mesajlar\u0131yla sona erdi.<\/p>\n<p>\u200b25 Kas\u0131m Kad\u0131na Y\u00f6nelik \u015eiddete Kar\u015f\u0131 Uluslararas\u0131 M\u00fccadele ve Dayan\u0131\u015fma G\u00fcn\u00fc dolay\u0131s\u0131yla \u0130skenderun Kad\u0131n Platformu \u00fcyeleri ve CHP\u2019li kad\u0131nlar bir araya gelerek fark\u0131ndal\u0131k etkinli\u011fi d\u00fczenledi.\u00a0<\/p>\n<p>\u200bHaberin Al\u0131nt\u0131land\u0131\u011f\u0131 Kaynak: www.iskenderun.org<\/p>","protected":false},"excerpt":{"rendered":"<p>G\u00fcvercinli Park\u2019ta ba\u015flayan etkinlik, Ulucami Caddesi ve Havuzlu \u00c7ar\u015f\u0131&#8217;dan \u015eehit Pamir Caddesi\u2019ne uzanan y\u00fcr\u00fcy\u00fc\u015fle devam etti. Etkinlikte bas\u0131n a\u00e7\u0131klamalar\u0131 yap\u0131larak kad\u0131na y\u00f6nelik \u015fiddetle m\u00fccadelede \u00f6rg\u00fctl\u00fc m\u00fccadelenin \u00f6nemi vurguland\u0131. Etkinli\u011fe CHP Hatay Milletvekili Nermin Y\u0131ld\u0131r\u0131m Kara\u2019n\u0131n yan\u0131 s\u0131ra \u00e7ok say\u0131da kad\u0131n kat\u0131ld\u0131. \u0130skenderun Kad\u0131n Platformu ad\u0131na yap\u0131lan a\u00e7\u0131klamada, kad\u0131na y\u00f6nelik \u015fiddetin toplumsal bir sorun oldu\u011fu vurgulanarak, \u0130stanbul S\u00f6zle\u015fmesi\u2019nin feshi, 6284 say\u0131l\u0131 yasa ve di\u011fer kad\u0131n haklar\u0131n\u0131n ihlaline y\u00f6nelik ele\u015ftiriler dile getirildi. A\u00e7\u0131klamada, kad\u0131nlar\u0131n maruz kald\u0131\u011f\u0131 \u015fiddet ve ayr\u0131mc\u0131l\u0131kla m\u00fccadelede hukukun \u00f6nemine dikkat \u00e7ekilerek \u015fu ifadelere yer verildi: &#8220;Kad\u0131nlar olarak, ya\u015fam hakk\u0131m\u0131z\u0131 ve \u00f6zg\u00fcrl\u00fcklerimizi savunuyoruz. Mirabel karde\u015flerin m\u00fccadelesinden ilham alarak \u015fiddetsiz, e\u015fit ve \u00f6zg\u00fcr bir d\u00fcnya i\u00e7in dayan\u0131\u015fmam\u0131z\u0131 b\u00fcy\u00fctece\u011fiz.&#8221; Kad\u0131nlar, deprem sonras\u0131 artan zorluklar, ekonomik kriz, e\u011fitimde e\u015fitsizlikler ve toplumsal cinsiyet adaletsizliklerine kar\u015f\u0131 \u00e7\u00f6z\u00fcm \u00e7a\u011fr\u0131s\u0131nda bulunarak, m\u00fccadelelerinin devam edece\u011fini belirttiler. Etkinlik, kad\u0131na y\u00f6nelik \u015fiddete kar\u015f\u0131 dayan\u0131\u015fma mesajlar\u0131yla sona erdi. \u200b25 Kas\u0131m Kad\u0131na Y\u00f6nelik \u015eiddete Kar\u015f\u0131 Uluslararas\u0131 M\u00fccadele ve Dayan\u0131\u015fma G\u00fcn\u00fc dolay\u0131s\u0131yla \u0130skenderun Kad\u0131n Platformu \u00fcyeleri ve CHP\u2019li kad\u0131nlar bir araya gelerek fark\u0131ndal\u0131k etkinli\u011fi d\u00fczenledi.\u00a0 \u200bHaberin Al\u0131nt\u0131land\u0131\u011f\u0131 Kaynak: www.iskenderun.org<\/p>","protected":false},"author":0,"featured_media":0,"comment_status":"open","ping_status":"open","sticky":false,"template":"","format":"standard","meta":{"_acf_changed":false,"footnotes":""},"categories":[24,535],"tags":[],"class_list":["post-17744","post","type-post","status-publish","format-standard","has-post-thumbnail","hentry","category-gundem","category-uncategorized-tr"],"acf":[],"yoast_head":"<!-- This site is optimized with the Yoast SEO Premium plugin v26.6 (Yoast SEO v27.1.1) - https:\/\/yoast.com\/product\/yoast-seo-premium-wordpress\/ -->\n<title>\u0130skenderunlu Kad\u0131nlar \u2018\u00d6zg\u00fcrl\u00fc\u011fe y\u00fcr\u00fcd\u00fc\u2019 - Av. Deniz Can K\u0131z\u0131l<\/title>\n<meta name=\"robots\" content=\"index, follow, max-snippet:-1, max-image-preview:large, max-video-preview:-1\" \/>\n<link rel=\"canonical\" href=\"https:\/\/denizcankizil.tr\/ru\/haberler\/gundem\/iskenderunlu-kadinlar-ozgurluge-yurudu\/\" \/>\n<meta property=\"og:locale\" content=\"ru_RU\" \/>\n<meta property=\"og:type\" content=\"article\" \/>\n<meta property=\"og:title\" content=\"\u0130skenderunlu Kad\u0131nlar \u2018\u00d6zg\u00fcrl\u00fc\u011fe y\u00fcr\u00fcd\u00fc\u2019\" \/>\n<meta property=\"og:description\" content=\"G\u00fcvercinli Park\u2019ta ba\u015flayan etkinlik, Ulucami Caddesi ve Havuzlu \u00c7ar\u015f\u0131&#8217;dan \u015eehit Pamir Caddesi\u2019ne uzanan y\u00fcr\u00fcy\u00fc\u015fle devam etti. Etkinlikte bas\u0131n a\u00e7\u0131klamalar\u0131 yap\u0131larak kad\u0131na y\u00f6nelik \u015fiddetle m\u00fccadelede \u00f6rg\u00fctl\u00fc m\u00fccadelenin \u00f6nemi vurguland\u0131. Etkinli\u011fe CHP Hatay Milletvekili Nermin Y\u0131ld\u0131r\u0131m Kara\u2019n\u0131n yan\u0131 s\u0131ra \u00e7ok say\u0131da kad\u0131n kat\u0131ld\u0131. \u0130skenderun Kad\u0131n Platformu ad\u0131na yap\u0131lan a\u00e7\u0131klamada, kad\u0131na y\u00f6nelik \u015fiddetin toplumsal bir sorun oldu\u011fu vurgulanarak, \u0130stanbul S\u00f6zle\u015fmesi\u2019nin feshi, 6284 say\u0131l\u0131 yasa ve di\u011fer kad\u0131n haklar\u0131n\u0131n ihlaline y\u00f6nelik ele\u015ftiriler dile getirildi. A\u00e7\u0131klamada, kad\u0131nlar\u0131n maruz kald\u0131\u011f\u0131 \u015fiddet ve ayr\u0131mc\u0131l\u0131kla m\u00fccadelede hukukun \u00f6nemine dikkat \u00e7ekilerek \u015fu ifadelere yer verildi: &#8220;Kad\u0131nlar olarak, ya\u015fam hakk\u0131m\u0131z\u0131 ve \u00f6zg\u00fcrl\u00fcklerimizi savunuyoruz. Mirabel karde\u015flerin m\u00fccadelesinden ilham alarak \u015fiddetsiz, e\u015fit ve \u00f6zg\u00fcr bir d\u00fcnya i\u00e7in dayan\u0131\u015fmam\u0131z\u0131 b\u00fcy\u00fctece\u011fiz.&#8221; Kad\u0131nlar, deprem sonras\u0131 artan zorluklar, ekonomik kriz, e\u011fitimde e\u015fitsizlikler ve toplumsal cinsiyet adaletsizliklerine kar\u015f\u0131 \u00e7\u00f6z\u00fcm \u00e7a\u011fr\u0131s\u0131nda bulunarak, m\u00fccadelelerinin devam edece\u011fini belirttiler. Etkinlik, kad\u0131na y\u00f6nelik \u015fiddete kar\u015f\u0131 dayan\u0131\u015fma mesajlar\u0131yla sona erdi. \u200b25 Kas\u0131m Kad\u0131na Y\u00f6nelik \u015eiddete Kar\u015f\u0131 Uluslararas\u0131 M\u00fccadele ve Dayan\u0131\u015fma G\u00fcn\u00fc dolay\u0131s\u0131yla \u0130skenderun Kad\u0131n Platformu \u00fcyeleri ve CHP\u2019li kad\u0131nlar bir araya gelerek fark\u0131ndal\u0131k etkinli\u011fi d\u00fczenledi.\u00a0 \u200bHaberin Al\u0131nt\u0131land\u0131\u011f\u0131 Kaynak: www.iskenderun.org\" \/>\n<meta property=\"og:url\" content=\"https:\/\/denizcankizil.tr\/ru\/haberler\/gundem\/iskenderunlu-kadinlar-ozgurluge-yurudu\/\" \/>\n<meta property=\"og:site_name\" content=\"Av. Deniz Can K\u0131z\u0131l\" \/>\n<meta property=\"article:published_time\" content=\"2024-11-26T11:42:23+00:00\" \/>\n<meta name=\"twitter:card\" content=\"summary_large_image\" \/>\n<meta name=\"twitter:label1\" content=\"\u041f\u0440\u0438\u043c\u0435\u0440\u043d\u043e\u0435 \u0432\u0440\u0435\u043c\u044f \u0434\u043b\u044f \u0447\u0442\u0435\u043d\u0438\u044f\" \/>\n\t<meta name=\"twitter:data1\" content=\"1 \u043c\u0438\u043d\u0443\u0442\u0430\" \/>\n<script type=\"application\/ld+json\" class=\"yoast-schema-graph\">{\"@context\":\"https:\/\/schema.org\",\"@graph\":[{\"@type\":\"Article\",\"@id\":\"https:\/\/denizcankizil.tr\/ru\/haberler\/gundem\/iskenderunlu-kadinlar-ozgurluge-yurudu\/#article\",\"isPartOf\":{\"@id\":\"https:\/\/denizcankizil.tr\/ru\/haberler\/gundem\/iskenderunlu-kadinlar-ozgurluge-yurudu\/\"},\"author\":{\"name\":\"\",\"@id\":\"\"},\"headline\":\"\u0130skenderunlu Kad\u0131nlar \u2018\u00d6zg\u00fcrl\u00fc\u011fe y\u00fcr\u00fcd\u00fc\u2019\",\"datePublished\":\"2024-11-26T11:42:23+00:00\",\"mainEntityOfPage\":{\"@id\":\"https:\/\/denizcankizil.tr\/ru\/haberler\/gundem\/iskenderunlu-kadinlar-ozgurluge-yurudu\/\"},\"wordCount\":272,\"commentCount\":0,\"publisher\":{\"@id\":\"https:\/\/denizcankizil.tr\/#organization\"},\"articleSection\":[\"G\u00fcndem\",\"Uncategorized\"],\"inLanguage\":\"ru-RU\",\"potentialAction\":[{\"@type\":\"CommentAction\",\"name\":\"Comment\",\"target\":[\"https:\/\/denizcankizil.tr\/ru\/haberler\/gundem\/iskenderunlu-kadinlar-ozgurluge-yurudu\/#respond\"]}]},{\"@type\":\"WebPage\",\"@id\":\"https:\/\/denizcankizil.tr\/ru\/haberler\/gundem\/iskenderunlu-kadinlar-ozgurluge-yurudu\/\",\"url\":\"https:\/\/denizcankizil.tr\/ru\/haberler\/gundem\/iskenderunlu-kadinlar-ozgurluge-yurudu\/\",\"name\":\"\u0130skenderunlu Kad\u0131nlar \u2018\u00d6zg\u00fcrl\u00fc\u011fe y\u00fcr\u00fcd\u00fc\u2019 - Av. Deniz Can K\u0131z\u0131l\",\"isPartOf\":{\"@id\":\"https:\/\/denizcankizil.tr\/#website\"},\"datePublished\":\"2024-11-26T11:42:23+00:00\",\"breadcrumb\":{\"@id\":\"https:\/\/denizcankizil.tr\/ru\/haberler\/gundem\/iskenderunlu-kadinlar-ozgurluge-yurudu\/#breadcrumb\"},\"inLanguage\":\"ru-RU\",\"potentialAction\":[{\"@type\":\"ReadAction\",\"target\":[\"https:\/\/denizcankizil.tr\/ru\/haberler\/gundem\/iskenderunlu-kadinlar-ozgurluge-yurudu\/\"]}]},{\"@type\":\"BreadcrumbList\",\"@id\":\"https:\/\/denizcankizil.tr\/ru\/haberler\/gundem\/iskenderunlu-kadinlar-ozgurluge-yurudu\/#breadcrumb\",\"itemListElement\":[{\"@type\":\"ListItem\",\"position\":1,\"name\":\"Home\",\"item\":\"https:\/\/denizcankizil.tr\/de\/\"},{\"@type\":\"ListItem\",\"position\":2,\"name\":\"\u0130skenderunlu Kad\u0131nlar \u2018\u00d6zg\u00fcrl\u00fc\u011fe y\u00fcr\u00fcd\u00fc\u2019\"}]},{\"@type\":\"WebSite\",\"@id\":\"https:\/\/denizcankizil.tr\/#website\",\"url\":\"https:\/\/denizcankizil.tr\/\",\"name\":\"Av. Deniz Can K\u0131z\u0131l\",\"description\":\"Avukat Deniz Can K\u0131z\u0131l Antalya Barosu\",\"publisher\":{\"@id\":\"https:\/\/denizcankizil.tr\/#organization\"},\"potentialAction\":[{\"@type\":\"SearchAction\",\"target\":{\"@type\":\"EntryPoint\",\"urlTemplate\":\"https:\/\/denizcankizil.tr\/?s={search_term_string}\"},\"query-input\":{\"@type\":\"PropertyValueSpecification\",\"valueRequired\":true,\"valueName\":\"search_term_string\"}}],\"inLanguage\":\"ru-RU\"},{\"@type\":\"Organization\",\"@id\":\"https:\/\/denizcankizil.tr\/#organization\",\"name\":\"Av. Deniz Can K\u0131z\u0131l\",\"url\":\"https:\/\/denizcankizil.tr\/\",\"logo\":{\"@type\":\"ImageObject\",\"inLanguage\":\"ru-RU\",\"@id\":\"https:\/\/denizcankizil.tr\/#\/schema\/logo\/image\/\",\"url\":\"https:\/\/denizcankizil.tr\/wp-content\/uploads\/2024\/10\/siyah-logo-svg.svg\",\"contentUrl\":\"https:\/\/denizcankizil.tr\/wp-content\/uploads\/2024\/10\/siyah-logo-svg.svg\",\"width\":1080,\"height\":1080,\"caption\":\"Av. Deniz Can K\u0131z\u0131l\"},\"image\":{\"@id\":\"https:\/\/denizcankizil.tr\/#\/schema\/logo\/image\/\"}}]}<\/script>\n<!-- \/ Yoast SEO Premium plugin. -->","yoast_head_json":{"title":"\u0130skenderunlu Kad\u0131nlar \u2018\u00d6zg\u00fcrl\u00fc\u011fe y\u00fcr\u00fcd\u00fc\u2019 - Av. Deniz Can K\u0131z\u0131l","robots":{"index":"index","follow":"follow","max-snippet":"max-snippet:-1","max-image-preview":"max-image-preview:large","max-video-preview":"max-video-preview:-1"},"canonical":"https:\/\/denizcankizil.tr\/ru\/haberler\/gundem\/iskenderunlu-kadinlar-ozgurluge-yurudu\/","og_locale":"ru_RU","og_type":"article","og_title":"\u0130skenderunlu Kad\u0131nlar \u2018\u00d6zg\u00fcrl\u00fc\u011fe y\u00fcr\u00fcd\u00fc\u2019","og_description":"G\u00fcvercinli Park\u2019ta ba\u015flayan etkinlik, Ulucami Caddesi ve Havuzlu \u00c7ar\u015f\u0131&#8217;dan \u015eehit Pamir Caddesi\u2019ne uzanan y\u00fcr\u00fcy\u00fc\u015fle devam etti. Etkinlikte bas\u0131n a\u00e7\u0131klamalar\u0131 yap\u0131larak kad\u0131na y\u00f6nelik \u015fiddetle m\u00fccadelede \u00f6rg\u00fctl\u00fc m\u00fccadelenin \u00f6nemi vurguland\u0131. Etkinli\u011fe CHP Hatay Milletvekili Nermin Y\u0131ld\u0131r\u0131m Kara\u2019n\u0131n yan\u0131 s\u0131ra \u00e7ok say\u0131da kad\u0131n kat\u0131ld\u0131. \u0130skenderun Kad\u0131n Platformu ad\u0131na yap\u0131lan a\u00e7\u0131klamada, kad\u0131na y\u00f6nelik \u015fiddetin toplumsal bir sorun oldu\u011fu vurgulanarak, \u0130stanbul S\u00f6zle\u015fmesi\u2019nin feshi, 6284 say\u0131l\u0131 yasa ve di\u011fer kad\u0131n haklar\u0131n\u0131n ihlaline y\u00f6nelik ele\u015ftiriler dile getirildi. A\u00e7\u0131klamada, kad\u0131nlar\u0131n maruz kald\u0131\u011f\u0131 \u015fiddet ve ayr\u0131mc\u0131l\u0131kla m\u00fccadelede hukukun \u00f6nemine dikkat \u00e7ekilerek \u015fu ifadelere yer verildi: &#8220;Kad\u0131nlar olarak, ya\u015fam hakk\u0131m\u0131z\u0131 ve \u00f6zg\u00fcrl\u00fcklerimizi savunuyoruz. Mirabel karde\u015flerin m\u00fccadelesinden ilham alarak \u015fiddetsiz, e\u015fit ve \u00f6zg\u00fcr bir d\u00fcnya i\u00e7in dayan\u0131\u015fmam\u0131z\u0131 b\u00fcy\u00fctece\u011fiz.&#8221; Kad\u0131nlar, deprem sonras\u0131 artan zorluklar, ekonomik kriz, e\u011fitimde e\u015fitsizlikler ve toplumsal cinsiyet adaletsizliklerine kar\u015f\u0131 \u00e7\u00f6z\u00fcm \u00e7a\u011fr\u0131s\u0131nda bulunarak, m\u00fccadelelerinin devam edece\u011fini belirttiler. Etkinlik, kad\u0131na y\u00f6nelik \u015fiddete kar\u015f\u0131 dayan\u0131\u015fma mesajlar\u0131yla sona erdi. \u200b25 Kas\u0131m Kad\u0131na Y\u00f6nelik \u015eiddete Kar\u015f\u0131 Uluslararas\u0131 M\u00fccadele ve Dayan\u0131\u015fma G\u00fcn\u00fc dolay\u0131s\u0131yla \u0130skenderun Kad\u0131n Platformu \u00fcyeleri ve CHP\u2019li kad\u0131nlar bir araya gelerek fark\u0131ndal\u0131k etkinli\u011fi d\u00fczenledi.\u00a0 \u200bHaberin Al\u0131nt\u0131land\u0131\u011f\u0131 Kaynak: www.iskenderun.org","og_url":"https:\/\/denizcankizil.tr\/ru\/haberler\/gundem\/iskenderunlu-kadinlar-ozgurluge-yurudu\/","og_site_name":"Av. Deniz Can K\u0131z\u0131l","article_published_time":"2024-11-26T11:42:23+00:00","twitter_card":"summary_large_image","twitter_misc":{"\u041f\u0440\u0438\u043c\u0435\u0440\u043d\u043e\u0435 \u0432\u0440\u0435\u043c\u044f \u0434\u043b\u044f \u0447\u0442\u0435\u043d\u0438\u044f":"1 \u043c\u0438\u043d\u0443\u0442\u0430"},"schema":{"@context":"https:\/\/schema.org","@graph":[{"@type":"Article","@id":"https:\/\/denizcankizil.tr\/ru\/haberler\/gundem\/iskenderunlu-kadinlar-ozgurluge-yurudu\/#article","isPartOf":{"@id":"https:\/\/denizcankizil.tr\/ru\/haberler\/gundem\/iskenderunlu-kadinlar-ozgurluge-yurudu\/"},"author":{"name":"","@id":""},"headline":"\u0130skenderunlu Kad\u0131nlar \u2018\u00d6zg\u00fcrl\u00fc\u011fe y\u00fcr\u00fcd\u00fc\u2019","datePublished":"2024-11-26T11:42:23+00:00","mainEntityOfPage":{"@id":"https:\/\/denizcankizil.tr\/ru\/haberler\/gundem\/iskenderunlu-kadinlar-ozgurluge-yurudu\/"},"wordCount":272,"commentCount":0,"publisher":{"@id":"https:\/\/denizcankizil.tr\/#organization"},"articleSection":["G\u00fcndem","Uncategorized"],"inLanguage":"ru-RU","potentialAction":[{"@type":"CommentAction","name":"Comment","target":["https:\/\/denizcankizil.tr\/ru\/haberler\/gundem\/iskenderunlu-kadinlar-ozgurluge-yurudu\/#respond"]}]},{"@type":"WebPage","@id":"https:\/\/denizcankizil.tr\/ru\/haberler\/gundem\/iskenderunlu-kadinlar-ozgurluge-yurudu\/","url":"https:\/\/denizcankizil.tr\/ru\/haberler\/gundem\/iskenderunlu-kadinlar-ozgurluge-yurudu\/","name":"\u0130skenderunlu Kad\u0131nlar \u2018\u00d6zg\u00fcrl\u00fc\u011fe y\u00fcr\u00fcd\u00fc\u2019 - Av. Deniz Can K\u0131z\u0131l","isPartOf":{"@id":"https:\/\/denizcankizil.tr\/#website"},"datePublished":"2024-11-26T11:42:23+00:00","breadcrumb":{"@id":"https:\/\/denizcankizil.tr\/ru\/haberler\/gundem\/iskenderunlu-kadinlar-ozgurluge-yurudu\/#breadcrumb"},"inLanguage":"ru-RU","potentialAction":[{"@type":"ReadAction","target":["https:\/\/denizcankizil.tr\/ru\/haberler\/gundem\/iskenderunlu-kadinlar-ozgurluge-yurudu\/"]}]},{"@type":"BreadcrumbList","@id":"https:\/\/denizcankizil.tr\/ru\/haberler\/gundem\/iskenderunlu-kadinlar-ozgurluge-yurudu\/#breadcrumb","itemListElement":[{"@type":"ListItem","position":1,"name":"Home","item":"https:\/\/denizcankizil.tr\/de\/"},{"@type":"ListItem","position":2,"name":"\u0130skenderunlu Kad\u0131nlar \u2018\u00d6zg\u00fcrl\u00fc\u011fe y\u00fcr\u00fcd\u00fc\u2019"}]},{"@type":"WebSite","@id":"https:\/\/denizcankizil.tr\/#website","url":"https:\/\/denizcankizil.tr\/","name":"Av. Deniz Can K\u0131z\u0131l","description":"Avukat Deniz Can K\u0131z\u0131l Antalya Barosu","publisher":{"@id":"https:\/\/denizcankizil.tr\/#organization"},"potentialAction":[{"@type":"SearchAction","target":{"@type":"EntryPoint","urlTemplate":"https:\/\/denizcankizil.tr\/?s={search_term_string}"},"query-input":{"@type":"PropertyValueSpecification","valueRequired":true,"valueName":"search_term_string"}}],"inLanguage":"ru-RU"},{"@type":"Organization","@id":"https:\/\/denizcankizil.tr\/#organization","name":"Av. Deniz Can K\u0131z\u0131l","url":"https:\/\/denizcankizil.tr\/","logo":{"@type":"ImageObject","inLanguage":"ru-RU","@id":"https:\/\/denizcankizil.tr\/#\/schema\/logo\/image\/","url":"https:\/\/denizcankizil.tr\/wp-content\/uploads\/2024\/10\/siyah-logo-svg.svg","contentUrl":"https:\/\/denizcankizil.tr\/wp-content\/uploads\/2024\/10\/siyah-logo-svg.svg","width":1080,"height":1080,"caption":"Av. Deniz Can K\u0131z\u0131l"},"image":{"@id":"https:\/\/denizcankizil.tr\/#\/schema\/logo\/image\/"}}]}},"_links":{"self":[{"href":"https:\/\/denizcankizil.tr\/ru\/wp-json\/wp\/v2\/posts\/17744","targetHints":{"allow":["GET"]}}],"collection":[{"href":"https:\/\/denizcankizil.tr\/ru\/wp-json\/wp\/v2\/posts"}],"about":[{"href":"https:\/\/denizcankizil.tr\/ru\/wp-json\/wp\/v2\/types\/post"}],"replies":[{"embeddable":true,"href":"https:\/\/denizcankizil.tr\/ru\/wp-json\/wp\/v2\/comments?post=17744"}],"version-history":[{"count":0,"href":"https:\/\/denizcankizil.tr\/ru\/wp-json\/wp\/v2\/posts\/17744\/revisions"}],"wp:attachment":[{"href":"https:\/\/denizcankizil.tr\/ru\/wp-json\/wp\/v2\/media?parent=17744"}],"wp:term":[{"taxonomy":"category","embeddable":true,"href":"https:\/\/denizcankizil.tr\/ru\/wp-json\/wp\/v2\/categories?post=17744"},{"taxonomy":"post_tag","embeddable":true,"href":"https:\/\/denizcankizil.tr\/ru\/wp-json\/wp\/v2\/tags?post=17744"}],"curies":[{"name":"wp","href":"https:\/\/api.w.org\/{rel}","templated":true}]}}