{"id":17704,"date":"2024-11-26T11:42:08","date_gmt":"2024-11-26T08:42:08","guid":{"rendered":"https:\/\/denizcankizil.tr\/uncategorized-tr\/ulastirma-ve-altyapinin-yeni-butcesi-onaylandi\/"},"modified":"2024-11-26T11:42:08","modified_gmt":"2024-11-26T08:42:08","slug":"ulastirma-ve-altyapinin-yeni-butcesi-onaylandi","status":"publish","type":"post","link":"https:\/\/denizcankizil.tr\/ru\/haberler\/gundem\/ulastirma-ve-altyapinin-yeni-butcesi-onaylandi\/","title":{"rendered":"Ula\u015ft\u0131rma ve Altyap\u0131&#8217;n\u0131n yeni b\u00fct\u00e7esi onayland\u0131"},"content":{"rendered":"<p>Ula\u015ft\u0131rma ve Altyap\u0131 Bakan\u0131 Abdulkadir Uralo\u011flu, TBMM Plan ve B\u00fct\u00e7e Komisyonu&#8221;nda kara, deniz, demir ve hava yolu ula\u015f\u0131m\u0131 ile haberle\u015fme altyap\u0131lar\u0131 hakk\u0131nda sunum yapt\u0131. Bakan Uralo\u011flu, yat\u0131r\u0131m portf\u00f6y\u00fcnde bulunan 2 bin 667 projeye 2 trilyon 295 milyar lira yat\u0131r\u0131m ger\u00e7ekle\u015ftireceklerini bildirdi. Bakanl\u0131\u011f\u0131n yeni b\u00fct\u00e7esi komisyonda kabul edildi.ANKARA (\u0130GFA) &#8211; Ula\u015ft\u0131rma ve Altyap\u0131 Bakan\u0131 Abdulkadir Uralo\u011flu, TBMM Plan ve B\u00fct\u00e7e Komisyonu&#8217;nda Ula\u015ft\u0131rma ve Altyap\u0131 Bakanl\u0131\u011f\u0131\u0092n\u0131n 2025 y\u0131l\u0131 b\u00fct\u00e7esini sundu. Uralo\u011flu, Bakanl\u0131\u011f\u0131n 8 merkez, 5 ilgili, 2 ba\u011fl\u0131 ve 2 ili\u015fkili kurulu\u015f olmak \u00fczere; 17 genel m\u00fcd\u00fcrl\u00fck ve 10 ba\u015fkanl\u0131ktan olu\u015ftu\u011funu belirterek, \u0093\u00dclke genelinde 131 bin Bakanl\u0131k personelimiz ile birlikte 2 bin 3 \u015fantiyede \u00e7al\u0131\u015fanlar\u0131m\u0131z dahil toplam 223 bin ki\u015fiye istihdam sa\u011fl\u0131yoruz.\u0094 ifadelerini kulland\u0131.<br \/>\nBakanl\u0131\u011f\u0131n temel faaliyet alan\u0131n\u0131n insan, y\u00fck ve veri hareketlili\u011fini sa\u011flamak oldu\u011funu vurgulayan Uralo\u011flu, \u0093T\u00fcrkiye Y\u00fczy\u0131l\u0131&#8217;nda, insan ve \u00e7evre odakl\u0131, ak\u0131ll\u0131 ve g\u00fcvenli entegre ula\u015f\u0131m sistemleriyle d\u00fcnyada \u00f6nc\u00fc olmak i\u00e7in \u00e7al\u0131\u015f\u0131yoruz.\u0094 dedi.<br \/>\nMARMARAY 62 M\u0130LYON TON KARBON EM\u0130SYONU AZALTIMI SA\u011eLADI<br \/>\n2053 net s\u0131f\u0131r emisyon hedefi kapsam\u0131nda, karayolu ta\u015f\u0131mac\u0131l\u0131\u011f\u0131ndaki y\u0131ll\u0131k y\u00fck pay\u0131n\u0131 azaltarak demiryolu ta\u015f\u0131mac\u0131l\u0131\u011f\u0131n\u0131 art\u0131rd\u0131klar\u0131n\u0131 ifade eden Uralo\u011flu, \u0093Kurumsal karbon ayak izi hesab\u0131n\u0131 yapan ilk Bakanl\u0131k olarak sadece Marmaray projemizde 62 milyon ton karbon emisyonu azalt\u0131m\u0131 sa\u011flad\u0131k. Projelerden sa\u011flanacak emisyon azalt\u0131mlar\u0131 karbon borsalar\u0131nda krediye d\u00f6n\u00fc\u015ft\u00fcr\u00fclecektir. Bu vizyon do\u011frultusunda, \u00fcniversitelerimizle yak\u0131n i\u015f birli\u011fi de yaparak gelece\u011fimizin teminat\u0131 gen\u00e7lerimizle bulu\u015fuyor ve \u00fclkemizi gelece\u011fe birlikte ta\u015f\u0131yoruz.\u0094 \u015feklinde konu\u015ftu.<br \/>\nT\u00fcrkiye\u0092&#8217;nin Asya, Avrupa ve Afrika k\u0131talar\u0131n\u0131 birle\u015ftiren stratejik bir konumuna i\u015faret eden Bakan Uralo\u011flu, &#8220;\u0093Sadece 4 saatlik u\u00e7u\u015f mesafesiyle, 1,5 Milyar insan\u0131n ya\u015fad\u0131\u011f\u0131 ve toplam 51,2 Trilyon Dolar Gayri Safi Milli Has\u0131la\u0092ya sahip 67 \u00fclkenin merkezindeyiz. Avrasya lojisti\u011finin merkezinde yer alan \u00fclkemiz, Yeni \u0130pek Yolu olarak adland\u0131r\u0131lan Orta Koridor ile \u00c7in\u0092i Avrupa\u0092ya ba\u011flarken, planlad\u0131\u011f\u0131m\u0131z Uluslararas\u0131 Kalk\u0131nma Yolu Koridoruyla da k\u00fcresel rekabet g\u00fcc\u00fcm\u00fcz\u00fc sa\u011flamla\u015ft\u0131r\u0131yoruz&#8221;\u0094 dedi.<br \/>\nKALKINMA YOLU \u0130\u00c7\u0130N 727 K\u0130LOMETRE YEN\u0130 DEM\u0130RYOLU HATTI<br \/>\nOrta Koridor \u00fczerinden Bak\u00fc-Tiflis-Kars demiryolu ile \u00c7in\u0092den T\u00fcrkiye\u0092ye ula\u015fan y\u00fckleri Marmaray ile Avrupa\u0092ya ula\u015ft\u0131rd\u0131klar\u0131n\u0131 anlatan Uralo\u011flu, \u0093Azerbaycan ile \u00fclkemiz aras\u0131ndaki mesafeleri k\u0131saltacak Zengezur Yolu, Bak\u00fc Liman\u0131&#8217;n\u0131 do\u011frudan \u00fclkemize ba\u011flayacakt\u0131r. \u00c7in, Do\u011fu Asya ve Hindistan\u0092dan gelen y\u00fckleri Basra K\u00f6rfezi \u00fczerinden Avrupa\u0092ya ta\u015f\u0131yacak Kalk\u0131nma Yolu projesinde uluslararas\u0131 i\u015f birli\u011fi \u00e7al\u0131\u015fmalar\u0131m\u0131z devam ediyor. Kalk\u0131nma Yolu kapsam\u0131nda \u00fclkemizden ge\u00e7en 2 bin 94 kilometre demiryolu ba\u011flant\u0131s\u0131 i\u00e7in 727 kilometre yeni hat, 923 kilometre karayolu koridoru i\u00e7inse 331 kilometre yeni otoyol yat\u0131r\u0131m\u0131 planlad\u0131k.\u0094 dedi.<br \/>\nAK PART\u0130 \u0130KT\u0130DARINDA GER\u00c7EKLE\u015eT\u0130R\u0130LEN YATIRIMLARIN 280,6 M\u0130LYAR DOLARA ULA\u015eTI<br \/>\n2002-2024 y\u0131llar\u0131 aras\u0131nda AK Parti iktidar\u0131nda ger\u00e7ekle\u015ftirilen yat\u0131r\u0131mlar\u0131n 280,6 milyar dolara ula\u015ft\u0131\u011f\u0131n\u0131 belirten Uralo\u011flu, \u0093Demiryolu yat\u0131r\u0131mlar\u0131n\u0131n proje b\u00fcy\u00fckl\u00fc\u011f\u00fc pay\u0131n\u0131 2013&#8217;te y\u00fczde 33\u0092ten, 2023&#8217;te y\u00fczde 53\u0092e ve 2024\u0092te y\u00fczde 55\u0092e \u00e7\u0131kard\u0131k. Yat\u0131r\u0131m portf\u00f6y\u00fcm\u00fczde bulunan 2 Bin 667 projeye 2 Trilyon 295 milyar lira yat\u0131r\u0131m ger\u00e7ekle\u015ftirece\u011fiz. 2024 y\u0131l\u0131nda, Bakanl\u0131\u011f\u0131m\u0131z\u0131n t\u00fcm sekt\u00f6rleri i\u00e7in 351 milyar 379 milyon lira yat\u0131r\u0131m \u00f6dene\u011fi tahsis edildi. 28 ilimizde toplam yat\u0131r\u0131m tutar\u0131 112 milyar lira olan 50 projeyi tamamlayarak vatanda\u015f\u0131m\u0131z\u0131n hizmetine sunduk. 2025 y\u0131l\u0131 yat\u0131r\u0131m teklifimizi ge\u00e7ti\u011fimiz y\u0131la oranla y\u00fczde 26,9 art\u0131\u015fla 482 milyar lira olarak teklif ettik.\u0094 \u015feklinde konu\u015ftu.<br \/>\nYHT\u0092LER 92 M\u0130LYON YOLCU TA\u015eIDI<br \/>\nBakan Uralo\u011flu, demiryolu sekt\u00f6r\u00fcne ili\u015fkin a\u00e7\u0131klamalarda da bulunarak \u0093\u00dclkemize kazand\u0131rd\u0131\u011f\u0131m\u0131z H\u0131zl\u0131 Trenler ile bug\u00fcne kadar toplam 92 milyon yolcu ta\u015f\u0131nm\u0131\u015ft\u0131r. 13 bin 919 kilometreye ula\u015ft\u0131rd\u0131\u011f\u0131m\u0131z demiryolu hat uzunlu\u011funu, 2028\u0092de 17 bin 287 kilometreye, 2053\u0092te ise 28 bin 590 kilometreye \u00e7\u0131karmay\u0131 hedefliyoruz.\u0094 dedi. Uralo\u011flu, 2009 y\u0131l\u0131nda d\u00fcnyada h\u0131zl\u0131 tren i\u015fletmecili\u011fine ge\u00e7en 8. \u00fclke olarak; Ankara-Eski\u015fehir-\u0130stanbul, Ankara &#8211; Konya \u0096 Karaman,\u00a0 Ankara &#8211; Sivas hatlar\u0131yla 11 ili do\u011frudan h\u0131zl\u0131 tren ile bulu\u015fturduklar\u0131n\u0131n alt\u0131n\u0131 \u00e7izdi.<br \/>\nLOJ\u0130ST\u0130K SEKT\u00d6R\u00dcNDE DEM\u0130RYOLU KULLANIMI ARTACAK<br \/>\nKaradeniz do\u011falgaz\u0131 rezerv alan\u0131na hizmet edecek ve b\u00f6lgenin kalk\u0131nmas\u0131nda kritik bir rol \u00fcstlenecek Filyos Liman\u0131 ile Filyos End\u00fcstri Sanayi B\u00f6lgesi \u0130ltisak Hatt\u0131 ba\u011flant\u0131s\u0131 i\u00e7in yap\u0131m i\u015fi haz\u0131rl\u0131klar\u0131n\u0131n s\u00fcrd\u00fc\u011f\u00fcn\u00fc belirten Uralo\u011flu, \u0093Lojistik sekt\u00f6r\u00fcnde demiryolu kullan\u0131m\u0131n\u0131 art\u0131rma hedefiyle, \u00c7ukurova B\u00f6lgesi&#8217;ndeki liman, sanayi ve serbest b\u00f6lgelerin iltisak hatt\u0131 ba\u011flant\u0131lar\u0131n\u0131 planlad\u0131k. Demiryolu sekt\u00f6r\u00fcnde t\u00fcm rayl\u0131 sistem ara\u00e7lar\u0131n\u0131n milli ve yerli imkanlarla tasar\u0131m\u0131 ve \u00fcretiminin ger\u00e7ekle\u015ftirilmesine \u00f6ncelik veriyoruz.\u0094 dedi.<\/p>\n<p>\u200bUla\u015ft\u0131rma ve Altyap\u0131 Bakan\u0131 Abdulkadir Uralo\u011flu, TBMM Plan ve B\u00fct\u00e7e Komisyonu&#8221;nda kara, deniz, demir ve hava yolu ula\u015f\u0131m\u0131 ile haberle\u015fme altyap\u0131lar\u0131 hakk\u0131nda sunum yapt\u0131  Bakan Uralo\u011flu, yat\u0131r\u0131m portf\u00f6y\u00fcnde bulunan 2 bin 667 projeye 2 trilyon 295 milyar lira yat\u0131r\u0131m ger\u00e7ekle\u015ftireceklerini bildirdi  Bakanl\u0131\u011f\u0131n yeni b\u00fct\u00e7esi komisyonda kabul edildi\u00a0<\/p>\n<p>\u200bHaberin Al\u0131nt\u0131land\u0131\u011f\u0131 Kaynak: www.iskenderun.org<\/p>","protected":false},"excerpt":{"rendered":"<p>Ula\u015ft\u0131rma ve Altyap\u0131 Bakan\u0131 Abdulkadir Uralo\u011flu, TBMM Plan ve B\u00fct\u00e7e Komisyonu&#8221;nda kara, deniz, demir ve hava yolu ula\u015f\u0131m\u0131 ile haberle\u015fme altyap\u0131lar\u0131 hakk\u0131nda sunum yapt\u0131. Bakan Uralo\u011flu, yat\u0131r\u0131m portf\u00f6y\u00fcnde bulunan 2 bin 667 projeye 2 trilyon 295 milyar lira yat\u0131r\u0131m ger\u00e7ekle\u015ftireceklerini bildirdi. Bakanl\u0131\u011f\u0131n yeni b\u00fct\u00e7esi komisyonda kabul edildi.ANKARA (\u0130GFA) &#8211; Ula\u015ft\u0131rma ve Altyap\u0131 Bakan\u0131 Abdulkadir Uralo\u011flu, TBMM Plan ve B\u00fct\u00e7e Komisyonu&#8217;nda Ula\u015ft\u0131rma ve Altyap\u0131 Bakanl\u0131\u011f\u0131\u0092n\u0131n 2025 y\u0131l\u0131 b\u00fct\u00e7esini sundu. Uralo\u011flu, Bakanl\u0131\u011f\u0131n 8 merkez, 5 ilgili, 2 ba\u011fl\u0131 ve 2 ili\u015fkili kurulu\u015f olmak \u00fczere; 17 genel m\u00fcd\u00fcrl\u00fck ve 10 ba\u015fkanl\u0131ktan olu\u015ftu\u011funu belirterek, \u0093\u00dclke genelinde 131 bin Bakanl\u0131k personelimiz ile birlikte 2 bin 3 \u015fantiyede \u00e7al\u0131\u015fanlar\u0131m\u0131z dahil toplam 223 bin ki\u015fiye istihdam sa\u011fl\u0131yoruz.\u0094 ifadelerini kulland\u0131. Bakanl\u0131\u011f\u0131n temel faaliyet alan\u0131n\u0131n insan, y\u00fck ve veri hareketlili\u011fini sa\u011flamak oldu\u011funu vurgulayan Uralo\u011flu, \u0093T\u00fcrkiye Y\u00fczy\u0131l\u0131&#8217;nda, insan ve \u00e7evre odakl\u0131, ak\u0131ll\u0131 ve g\u00fcvenli entegre ula\u015f\u0131m sistemleriyle d\u00fcnyada \u00f6nc\u00fc olmak i\u00e7in \u00e7al\u0131\u015f\u0131yoruz.\u0094 dedi. MARMARAY 62 M\u0130LYON TON KARBON EM\u0130SYONU AZALTIMI SA\u011eLADI 2053 net s\u0131f\u0131r emisyon hedefi kapsam\u0131nda, karayolu ta\u015f\u0131mac\u0131l\u0131\u011f\u0131ndaki y\u0131ll\u0131k y\u00fck pay\u0131n\u0131 azaltarak demiryolu ta\u015f\u0131mac\u0131l\u0131\u011f\u0131n\u0131 art\u0131rd\u0131klar\u0131n\u0131 ifade eden Uralo\u011flu, \u0093Kurumsal karbon ayak izi hesab\u0131n\u0131 yapan ilk Bakanl\u0131k olarak sadece Marmaray projemizde 62 milyon ton karbon emisyonu azalt\u0131m\u0131 sa\u011flad\u0131k. Projelerden sa\u011flanacak emisyon azalt\u0131mlar\u0131 karbon borsalar\u0131nda krediye d\u00f6n\u00fc\u015ft\u00fcr\u00fclecektir. Bu vizyon do\u011frultusunda, \u00fcniversitelerimizle &hellip;<\/p>","protected":false},"author":0,"featured_media":0,"comment_status":"open","ping_status":"open","sticky":false,"template":"","format":"standard","meta":{"_acf_changed":false,"footnotes":""},"categories":[24,535],"tags":[],"class_list":["post-17704","post","type-post","status-publish","format-standard","has-post-thumbnail","hentry","category-gundem","category-uncategorized-tr"],"acf":[],"yoast_head":"<!-- This site is optimized with the Yoast SEO Premium plugin v26.6 (Yoast SEO v27.1.1) - https:\/\/yoast.com\/product\/yoast-seo-premium-wordpress\/ -->\n<title>Ula\u015ft\u0131rma ve Altyap\u0131&#039;n\u0131n yeni b\u00fct\u00e7esi onayland\u0131 - Av. Deniz Can K\u0131z\u0131l<\/title>\n<meta name=\"robots\" content=\"index, follow, max-snippet:-1, max-image-preview:large, max-video-preview:-1\" \/>\n<link rel=\"canonical\" href=\"http:\/\/denizcankizil.tr\/ru\/haberler\/gundem\/ulastirma-ve-altyapinin-yeni-butcesi-onaylandi\/\" \/>\n<meta property=\"og:locale\" content=\"ru_RU\" \/>\n<meta property=\"og:type\" content=\"article\" \/>\n<meta property=\"og:title\" content=\"Ula\u015ft\u0131rma ve Altyap\u0131&#039;n\u0131n yeni b\u00fct\u00e7esi onayland\u0131\" \/>\n<meta property=\"og:description\" content=\"Ula\u015ft\u0131rma ve Altyap\u0131 Bakan\u0131 Abdulkadir Uralo\u011flu, TBMM Plan ve B\u00fct\u00e7e Komisyonu&#8221;nda kara, deniz, demir ve hava yolu ula\u015f\u0131m\u0131 ile haberle\u015fme altyap\u0131lar\u0131 hakk\u0131nda sunum yapt\u0131. Bakan Uralo\u011flu, yat\u0131r\u0131m portf\u00f6y\u00fcnde bulunan 2 bin 667 projeye 2 trilyon 295 milyar lira yat\u0131r\u0131m ger\u00e7ekle\u015ftireceklerini bildirdi. Bakanl\u0131\u011f\u0131n yeni b\u00fct\u00e7esi komisyonda kabul edildi.ANKARA (\u0130GFA) &#8211; Ula\u015ft\u0131rma ve Altyap\u0131 Bakan\u0131 Abdulkadir Uralo\u011flu, TBMM Plan ve B\u00fct\u00e7e Komisyonu&#8217;nda Ula\u015ft\u0131rma ve Altyap\u0131 Bakanl\u0131\u011f\u0131\u0092n\u0131n 2025 y\u0131l\u0131 b\u00fct\u00e7esini sundu. Uralo\u011flu, Bakanl\u0131\u011f\u0131n 8 merkez, 5 ilgili, 2 ba\u011fl\u0131 ve 2 ili\u015fkili kurulu\u015f olmak \u00fczere; 17 genel m\u00fcd\u00fcrl\u00fck ve 10 ba\u015fkanl\u0131ktan olu\u015ftu\u011funu belirterek, \u0093\u00dclke genelinde 131 bin Bakanl\u0131k personelimiz ile birlikte 2 bin 3 \u015fantiyede \u00e7al\u0131\u015fanlar\u0131m\u0131z dahil toplam 223 bin ki\u015fiye istihdam sa\u011fl\u0131yoruz.\u0094 ifadelerini kulland\u0131. Bakanl\u0131\u011f\u0131n temel faaliyet alan\u0131n\u0131n insan, y\u00fck ve veri hareketlili\u011fini sa\u011flamak oldu\u011funu vurgulayan Uralo\u011flu, \u0093T\u00fcrkiye Y\u00fczy\u0131l\u0131&#8217;nda, insan ve \u00e7evre odakl\u0131, ak\u0131ll\u0131 ve g\u00fcvenli entegre ula\u015f\u0131m sistemleriyle d\u00fcnyada \u00f6nc\u00fc olmak i\u00e7in \u00e7al\u0131\u015f\u0131yoruz.\u0094 dedi. MARMARAY 62 M\u0130LYON TON KARBON EM\u0130SYONU AZALTIMI SA\u011eLADI 2053 net s\u0131f\u0131r emisyon hedefi kapsam\u0131nda, karayolu ta\u015f\u0131mac\u0131l\u0131\u011f\u0131ndaki y\u0131ll\u0131k y\u00fck pay\u0131n\u0131 azaltarak demiryolu ta\u015f\u0131mac\u0131l\u0131\u011f\u0131n\u0131 art\u0131rd\u0131klar\u0131n\u0131 ifade eden Uralo\u011flu, \u0093Kurumsal karbon ayak izi hesab\u0131n\u0131 yapan ilk Bakanl\u0131k olarak sadece Marmaray projemizde 62 milyon ton karbon emisyonu azalt\u0131m\u0131 sa\u011flad\u0131k. Projelerden sa\u011flanacak emisyon azalt\u0131mlar\u0131 karbon borsalar\u0131nda krediye d\u00f6n\u00fc\u015ft\u00fcr\u00fclecektir. Bu vizyon do\u011frultusunda, \u00fcniversitelerimizle &hellip;\" \/>\n<meta property=\"og:url\" content=\"http:\/\/denizcankizil.tr\/ru\/haberler\/gundem\/ulastirma-ve-altyapinin-yeni-butcesi-onaylandi\/\" \/>\n<meta property=\"og:site_name\" content=\"Av. Deniz Can K\u0131z\u0131l\" \/>\n<meta property=\"article:published_time\" content=\"2024-11-26T08:42:08+00:00\" \/>\n<meta name=\"twitter:card\" content=\"summary_large_image\" \/>\n<meta name=\"twitter:label1\" content=\"\u041f\u0440\u0438\u043c\u0435\u0440\u043d\u043e\u0435 \u0432\u0440\u0435\u043c\u044f \u0434\u043b\u044f \u0447\u0442\u0435\u043d\u0438\u044f\" \/>\n\t<meta name=\"twitter:data1\" content=\"5 \u043c\u0438\u043d\u0443\u0442\" \/>\n<script type=\"application\/ld+json\" class=\"yoast-schema-graph\">{\"@context\":\"https:\/\/schema.org\",\"@graph\":[{\"@type\":\"Article\",\"@id\":\"http:\/\/denizcankizil.tr\/de\/haberler\/gundem\/ulastirma-ve-altyapinin-yeni-butcesi-onaylandi\/#article\",\"isPartOf\":{\"@id\":\"http:\/\/denizcankizil.tr\/de\/haberler\/gundem\/ulastirma-ve-altyapinin-yeni-butcesi-onaylandi\/\"},\"author\":{\"name\":\"\",\"@id\":\"\"},\"headline\":\"Ula\u015ft\u0131rma ve Altyap\u0131&#8217;n\u0131n yeni b\u00fct\u00e7esi onayland\u0131\",\"datePublished\":\"2024-11-26T08:42:08+00:00\",\"mainEntityOfPage\":{\"@id\":\"http:\/\/denizcankizil.tr\/de\/haberler\/gundem\/ulastirma-ve-altyapinin-yeni-butcesi-onaylandi\/\"},\"wordCount\":973,\"commentCount\":0,\"publisher\":{\"@id\":\"https:\/\/denizcankizil.tr\/de\/#organization\"},\"articleSection\":[\"G\u00fcndem\",\"Uncategorized\"],\"inLanguage\":\"ru-RU\",\"potentialAction\":[{\"@type\":\"CommentAction\",\"name\":\"Comment\",\"target\":[\"http:\/\/denizcankizil.tr\/de\/haberler\/gundem\/ulastirma-ve-altyapinin-yeni-butcesi-onaylandi\/#respond\"]}]},{\"@type\":\"WebPage\",\"@id\":\"http:\/\/denizcankizil.tr\/de\/haberler\/gundem\/ulastirma-ve-altyapinin-yeni-butcesi-onaylandi\/\",\"url\":\"http:\/\/denizcankizil.tr\/de\/haberler\/gundem\/ulastirma-ve-altyapinin-yeni-butcesi-onaylandi\/\",\"name\":\"Ula\u015ft\u0131rma ve Altyap\u0131'n\u0131n yeni b\u00fct\u00e7esi onayland\u0131 - Av. Deniz Can K\u0131z\u0131l\",\"isPartOf\":{\"@id\":\"https:\/\/denizcankizil.tr\/de\/#website\"},\"datePublished\":\"2024-11-26T08:42:08+00:00\",\"breadcrumb\":{\"@id\":\"http:\/\/denizcankizil.tr\/de\/haberler\/gundem\/ulastirma-ve-altyapinin-yeni-butcesi-onaylandi\/#breadcrumb\"},\"inLanguage\":\"ru-RU\",\"potentialAction\":[{\"@type\":\"ReadAction\",\"target\":[\"http:\/\/denizcankizil.tr\/de\/haberler\/gundem\/ulastirma-ve-altyapinin-yeni-butcesi-onaylandi\/\"]}]},{\"@type\":\"BreadcrumbList\",\"@id\":\"http:\/\/denizcankizil.tr\/de\/haberler\/gundem\/ulastirma-ve-altyapinin-yeni-butcesi-onaylandi\/#breadcrumb\",\"itemListElement\":[{\"@type\":\"ListItem\",\"position\":1,\"name\":\"Home\",\"item\":\"https:\/\/denizcankizil.tr\/de\/\"},{\"@type\":\"ListItem\",\"position\":2,\"name\":\"Ula\u015ft\u0131rma ve Altyap\u0131&#8217;n\u0131n yeni b\u00fct\u00e7esi onayland\u0131\"}]},{\"@type\":\"WebSite\",\"@id\":\"https:\/\/denizcankizil.tr\/de\/#website\",\"url\":\"https:\/\/denizcankizil.tr\/de\/\",\"name\":\"Av. Deniz Can K\u0131z\u0131l\",\"description\":\"Avukat Deniz Can K\u0131z\u0131l Antalya Barosu\",\"publisher\":{\"@id\":\"https:\/\/denizcankizil.tr\/de\/#organization\"},\"potentialAction\":[{\"@type\":\"SearchAction\",\"target\":{\"@type\":\"EntryPoint\",\"urlTemplate\":\"https:\/\/denizcankizil.tr\/de\/?s={search_term_string}\"},\"query-input\":{\"@type\":\"PropertyValueSpecification\",\"valueRequired\":true,\"valueName\":\"search_term_string\"}}],\"inLanguage\":\"ru-RU\"},{\"@type\":\"Organization\",\"@id\":\"https:\/\/denizcankizil.tr\/de\/#organization\",\"name\":\"Av. Deniz Can K\u0131z\u0131l\",\"url\":\"https:\/\/denizcankizil.tr\/de\/\",\"logo\":{\"@type\":\"ImageObject\",\"inLanguage\":\"ru-RU\",\"@id\":\"https:\/\/denizcankizil.tr\/de\/#\/schema\/logo\/image\/\",\"url\":\"https:\/\/denizcankizil.tr\/wp-content\/uploads\/2024\/10\/siyah-logo-svg.svg\",\"contentUrl\":\"https:\/\/denizcankizil.tr\/wp-content\/uploads\/2024\/10\/siyah-logo-svg.svg\",\"width\":1080,\"height\":1080,\"caption\":\"Av. Deniz Can K\u0131z\u0131l\"},\"image\":{\"@id\":\"https:\/\/denizcankizil.tr\/de\/#\/schema\/logo\/image\/\"}}]}<\/script>\n<!-- \/ Yoast SEO Premium plugin. -->","yoast_head_json":{"title":"Ula\u015ft\u0131rma ve Altyap\u0131'n\u0131n yeni b\u00fct\u00e7esi onayland\u0131 - Av. Deniz Can K\u0131z\u0131l","robots":{"index":"index","follow":"follow","max-snippet":"max-snippet:-1","max-image-preview":"max-image-preview:large","max-video-preview":"max-video-preview:-1"},"canonical":"http:\/\/denizcankizil.tr\/ru\/haberler\/gundem\/ulastirma-ve-altyapinin-yeni-butcesi-onaylandi\/","og_locale":"ru_RU","og_type":"article","og_title":"Ula\u015ft\u0131rma ve Altyap\u0131'n\u0131n yeni b\u00fct\u00e7esi onayland\u0131","og_description":"Ula\u015ft\u0131rma ve Altyap\u0131 Bakan\u0131 Abdulkadir Uralo\u011flu, TBMM Plan ve B\u00fct\u00e7e Komisyonu&#8221;nda kara, deniz, demir ve hava yolu ula\u015f\u0131m\u0131 ile haberle\u015fme altyap\u0131lar\u0131 hakk\u0131nda sunum yapt\u0131. Bakan Uralo\u011flu, yat\u0131r\u0131m portf\u00f6y\u00fcnde bulunan 2 bin 667 projeye 2 trilyon 295 milyar lira yat\u0131r\u0131m ger\u00e7ekle\u015ftireceklerini bildirdi. Bakanl\u0131\u011f\u0131n yeni b\u00fct\u00e7esi komisyonda kabul edildi.ANKARA (\u0130GFA) &#8211; Ula\u015ft\u0131rma ve Altyap\u0131 Bakan\u0131 Abdulkadir Uralo\u011flu, TBMM Plan ve B\u00fct\u00e7e Komisyonu&#8217;nda Ula\u015ft\u0131rma ve Altyap\u0131 Bakanl\u0131\u011f\u0131\u0092n\u0131n 2025 y\u0131l\u0131 b\u00fct\u00e7esini sundu. Uralo\u011flu, Bakanl\u0131\u011f\u0131n 8 merkez, 5 ilgili, 2 ba\u011fl\u0131 ve 2 ili\u015fkili kurulu\u015f olmak \u00fczere; 17 genel m\u00fcd\u00fcrl\u00fck ve 10 ba\u015fkanl\u0131ktan olu\u015ftu\u011funu belirterek, \u0093\u00dclke genelinde 131 bin Bakanl\u0131k personelimiz ile birlikte 2 bin 3 \u015fantiyede \u00e7al\u0131\u015fanlar\u0131m\u0131z dahil toplam 223 bin ki\u015fiye istihdam sa\u011fl\u0131yoruz.\u0094 ifadelerini kulland\u0131. Bakanl\u0131\u011f\u0131n temel faaliyet alan\u0131n\u0131n insan, y\u00fck ve veri hareketlili\u011fini sa\u011flamak oldu\u011funu vurgulayan Uralo\u011flu, \u0093T\u00fcrkiye Y\u00fczy\u0131l\u0131&#8217;nda, insan ve \u00e7evre odakl\u0131, ak\u0131ll\u0131 ve g\u00fcvenli entegre ula\u015f\u0131m sistemleriyle d\u00fcnyada \u00f6nc\u00fc olmak i\u00e7in \u00e7al\u0131\u015f\u0131yoruz.\u0094 dedi. MARMARAY 62 M\u0130LYON TON KARBON EM\u0130SYONU AZALTIMI SA\u011eLADI 2053 net s\u0131f\u0131r emisyon hedefi kapsam\u0131nda, karayolu ta\u015f\u0131mac\u0131l\u0131\u011f\u0131ndaki y\u0131ll\u0131k y\u00fck pay\u0131n\u0131 azaltarak demiryolu ta\u015f\u0131mac\u0131l\u0131\u011f\u0131n\u0131 art\u0131rd\u0131klar\u0131n\u0131 ifade eden Uralo\u011flu, \u0093Kurumsal karbon ayak izi hesab\u0131n\u0131 yapan ilk Bakanl\u0131k olarak sadece Marmaray projemizde 62 milyon ton karbon emisyonu azalt\u0131m\u0131 sa\u011flad\u0131k. Projelerden sa\u011flanacak emisyon azalt\u0131mlar\u0131 karbon borsalar\u0131nda krediye d\u00f6n\u00fc\u015ft\u00fcr\u00fclecektir. Bu vizyon do\u011frultusunda, \u00fcniversitelerimizle &hellip;","og_url":"http:\/\/denizcankizil.tr\/ru\/haberler\/gundem\/ulastirma-ve-altyapinin-yeni-butcesi-onaylandi\/","og_site_name":"Av. Deniz Can K\u0131z\u0131l","article_published_time":"2024-11-26T08:42:08+00:00","twitter_card":"summary_large_image","twitter_misc":{"\u041f\u0440\u0438\u043c\u0435\u0440\u043d\u043e\u0435 \u0432\u0440\u0435\u043c\u044f \u0434\u043b\u044f \u0447\u0442\u0435\u043d\u0438\u044f":"5 \u043c\u0438\u043d\u0443\u0442"},"schema":{"@context":"https:\/\/schema.org","@graph":[{"@type":"Article","@id":"http:\/\/denizcankizil.tr\/de\/haberler\/gundem\/ulastirma-ve-altyapinin-yeni-butcesi-onaylandi\/#article","isPartOf":{"@id":"http:\/\/denizcankizil.tr\/de\/haberler\/gundem\/ulastirma-ve-altyapinin-yeni-butcesi-onaylandi\/"},"author":{"name":"","@id":""},"headline":"Ula\u015ft\u0131rma ve Altyap\u0131&#8217;n\u0131n yeni b\u00fct\u00e7esi onayland\u0131","datePublished":"2024-11-26T08:42:08+00:00","mainEntityOfPage":{"@id":"http:\/\/denizcankizil.tr\/de\/haberler\/gundem\/ulastirma-ve-altyapinin-yeni-butcesi-onaylandi\/"},"wordCount":973,"commentCount":0,"publisher":{"@id":"https:\/\/denizcankizil.tr\/de\/#organization"},"articleSection":["G\u00fcndem","Uncategorized"],"inLanguage":"ru-RU","potentialAction":[{"@type":"CommentAction","name":"Comment","target":["http:\/\/denizcankizil.tr\/de\/haberler\/gundem\/ulastirma-ve-altyapinin-yeni-butcesi-onaylandi\/#respond"]}]},{"@type":"WebPage","@id":"http:\/\/denizcankizil.tr\/de\/haberler\/gundem\/ulastirma-ve-altyapinin-yeni-butcesi-onaylandi\/","url":"http:\/\/denizcankizil.tr\/de\/haberler\/gundem\/ulastirma-ve-altyapinin-yeni-butcesi-onaylandi\/","name":"Ula\u015ft\u0131rma ve Altyap\u0131'n\u0131n yeni b\u00fct\u00e7esi onayland\u0131 - Av. Deniz Can K\u0131z\u0131l","isPartOf":{"@id":"https:\/\/denizcankizil.tr\/de\/#website"},"datePublished":"2024-11-26T08:42:08+00:00","breadcrumb":{"@id":"http:\/\/denizcankizil.tr\/de\/haberler\/gundem\/ulastirma-ve-altyapinin-yeni-butcesi-onaylandi\/#breadcrumb"},"inLanguage":"ru-RU","potentialAction":[{"@type":"ReadAction","target":["http:\/\/denizcankizil.tr\/de\/haberler\/gundem\/ulastirma-ve-altyapinin-yeni-butcesi-onaylandi\/"]}]},{"@type":"BreadcrumbList","@id":"http:\/\/denizcankizil.tr\/de\/haberler\/gundem\/ulastirma-ve-altyapinin-yeni-butcesi-onaylandi\/#breadcrumb","itemListElement":[{"@type":"ListItem","position":1,"name":"Home","item":"https:\/\/denizcankizil.tr\/de\/"},{"@type":"ListItem","position":2,"name":"Ula\u015ft\u0131rma ve Altyap\u0131&#8217;n\u0131n yeni b\u00fct\u00e7esi onayland\u0131"}]},{"@type":"WebSite","@id":"https:\/\/denizcankizil.tr\/de\/#website","url":"https:\/\/denizcankizil.tr\/de\/","name":"Av. Deniz Can K\u0131z\u0131l","description":"Avukat Deniz Can K\u0131z\u0131l Antalya Barosu","publisher":{"@id":"https:\/\/denizcankizil.tr\/de\/#organization"},"potentialAction":[{"@type":"SearchAction","target":{"@type":"EntryPoint","urlTemplate":"https:\/\/denizcankizil.tr\/de\/?s={search_term_string}"},"query-input":{"@type":"PropertyValueSpecification","valueRequired":true,"valueName":"search_term_string"}}],"inLanguage":"ru-RU"},{"@type":"Organization","@id":"https:\/\/denizcankizil.tr\/de\/#organization","name":"Av. Deniz Can K\u0131z\u0131l","url":"https:\/\/denizcankizil.tr\/de\/","logo":{"@type":"ImageObject","inLanguage":"ru-RU","@id":"https:\/\/denizcankizil.tr\/de\/#\/schema\/logo\/image\/","url":"https:\/\/denizcankizil.tr\/wp-content\/uploads\/2024\/10\/siyah-logo-svg.svg","contentUrl":"https:\/\/denizcankizil.tr\/wp-content\/uploads\/2024\/10\/siyah-logo-svg.svg","width":1080,"height":1080,"caption":"Av. Deniz Can K\u0131z\u0131l"},"image":{"@id":"https:\/\/denizcankizil.tr\/de\/#\/schema\/logo\/image\/"}}]}},"_links":{"self":[{"href":"https:\/\/denizcankizil.tr\/ru\/wp-json\/wp\/v2\/posts\/17704","targetHints":{"allow":["GET"]}}],"collection":[{"href":"https:\/\/denizcankizil.tr\/ru\/wp-json\/wp\/v2\/posts"}],"about":[{"href":"https:\/\/denizcankizil.tr\/ru\/wp-json\/wp\/v2\/types\/post"}],"replies":[{"embeddable":true,"href":"https:\/\/denizcankizil.tr\/ru\/wp-json\/wp\/v2\/comments?post=17704"}],"version-history":[{"count":0,"href":"https:\/\/denizcankizil.tr\/ru\/wp-json\/wp\/v2\/posts\/17704\/revisions"}],"wp:attachment":[{"href":"https:\/\/denizcankizil.tr\/ru\/wp-json\/wp\/v2\/media?parent=17704"}],"wp:term":[{"taxonomy":"category","embeddable":true,"href":"https:\/\/denizcankizil.tr\/ru\/wp-json\/wp\/v2\/categories?post=17704"},{"taxonomy":"post_tag","embeddable":true,"href":"https:\/\/denizcankizil.tr\/ru\/wp-json\/wp\/v2\/tags?post=17704"}],"curies":[{"name":"wp","href":"https:\/\/api.w.org\/{rel}","templated":true}]}}